{"id":5170,"date":"2024-09-19T22:32:53","date_gmt":"2024-09-19T21:32:53","guid":{"rendered":"https:\/\/www.smedemokrati.sk\/?p=5170"},"modified":"2024-10-01T15:06:32","modified_gmt":"2024-10-01T14:06:32","slug":"ziadame-prezidenta-pellegriniho-o-vetovanie-novely-zakona-o-eia","status":"publish","type":"post","link":"https:\/\/www.smedemokrati.sk\/en\/ziadame-prezidenta-pellegriniho-o-vetovanie-novely-zakona-o-eia\/","title":{"rendered":"\u017diadame prezidenta Pellegriniho o vetovanie novely z\u00e1kona o EIA"},"content":{"rendered":"<div id=\"fb-root\"><\/div>\n\n<p><strong>Strana Demokrati \u017eiada prezidenta Petra Pellegriniho o vetovanie schv\u00e1len\u00e9ho z\u00e1kona o posudzovan\u00ed vplyvov na \u017eivotn\u00e9 prostredie (EIA). Disponujeme d\u00f4kazmi, \u017ee pri legislat\u00edvnom procese tvorby z\u00e1kona na \u00farovni ministerstva vystupovali z\u00e1stupcovia investorov, \u010do je neakceptovate\u013en\u00fd konflikt z\u00e1ujmov. Ober\u00e1 obyvate\u013eov Slovenska a samospr\u00e1vy o ich pr\u00e1va, zav\u00e1dza chaos v povo\u013eovac\u00edch procesoch a je v rozpore s pr\u00e1vom Eur\u00f3pskej \u00fanie.<\/strong><\/p>\n\n\n\n<p>\u201e<em>Od za\u010diatku legislat\u00edvneho procesu sme upozor\u0148ovali na v\u0161etky jeho negat\u00edvne d\u00f4sledky, vr\u00e1tane podania hromadnej pripomienky. Podporujeme zefekt\u00edvnenie procesu posudzovania vplyvov na \u017eivotn\u00e9 prostredie, ale nie za cenu v\u00fdrazn\u00e9ho oslabenia pr\u00e1v ob\u010danov Slovenska a zn\u00ed\u017eenia \u0161tandardov ochrany \u017eivotn\u00e9ho prostredia. Ke\u010f\u017ee vl\u00e1dna koal\u00edcia odignorovala nielen na\u0161e v\u00fdhrady, ale aj upozornenia odbornej verejnosti, obraciame sa na prezidenta Pellegriniho a \u017eiadame ho, aby uplatnil svoje pr\u00e1vo a z\u00e1kon vr\u00e1til parlamentu na \u010fal\u0161ie prerokovanie,<\/em>\u201d uv\u00e1dza Michal Ki\u010da, \u010dlen predsedn\u00edctva strany Demokrati a expert na pr\u00e1vo \u017eivotn\u00e9ho prostredia.<\/p>\n\n\n\n<p>Osobitne upozor\u0148ujeme p\u00e1na prezidenta na na\u0161e z\u00e1va\u017en\u00e9 obavy, \u017ee novela mohla by\u0165 lobisticky ovplyvnen\u00e1 v prospech investorov. \u201e<em>S\u00e1m som bol svedkom, \u017ee na rozporov\u00fdch konaniach k n\u00e1vrhu z\u00e1kona sa s hlavn\u00fdm slovom z\u00fa\u010dast\u0148oval extern\u00fd poradca ministra, p\u00e1n Martin Kova\u010di\u010d, ktor\u00fd prostredn\u00edctvom svojej obchodnej spolo\u010dnosti zastupuje aj najv\u00fdznamnej\u0161\u00edch klientov z priemyslu a developingu na Slovensku. Pro tvorbe legislat\u00edvy sa jedn\u00e1 potenci\u00e1lne o neakceptovate\u013en\u00fd konflikt z\u00e1ujmov. Prezident by mal vyu\u017ei\u0165 svoje opr\u00e1vnenie a vy\u017eiada\u0165 si od ministra Tarabu vysvetlenie a objasnenie jeho \u00falohy,<\/em>\u201d vysvet\u013euje Ki\u010da.<\/p>\n\n\n\n<p>Vo\u010di novele vzniesla v\u00fdhrady aj Eur\u00f3pska komisia, naposledy listom z 2. augusta. Samotn\u00e9 ministerstvo avizuje \u010fal\u0161iu novelu e\u0161te pred nadobudnut\u00edm \u00fa\u010dinnosti z\u00e1kona, \u010do zav\u00e1dza neprijate\u013en\u00fd chaos do legislat\u00edvneho prostredia.<\/p>\n\n\n\n<p>Novela je mimoriadne \u0161kodliv\u00e1. Verejnos\u0165 sa v 90 % procesov, v tzv. zis\u0165ovac\u00edch konaniach, bude m\u00f4c\u0165 kvalifikovane vyjadri\u0165 po prv\u00fdkr\u00e1t a\u017e v odvolan\u00ed. Je to nelogick\u00e9 a bude to napokon cel\u00fd proces predl\u017eova\u0165. Oslaben\u00e9 je aj postavenie susedn\u00fdch obc\u00ed. Z\u00e1kon ako celok je v\u00fdhodn\u00fd len pre investorov. Ob\u010dania str\u00e1caj\u00fa kontrolu nad v\u00fdstavbou vo svojom bezprostrednom okol\u00ed.<\/p>\n\n\n\n<p>\u201e<em>Ver\u00edm, \u017ee p\u00e1n prezident preuk\u00e1\u017ee skuto\u010dn\u00fd z\u00e1ujem o pr\u00e1va ob\u010danov Slovenska, s na\u0161imi v\u00fdhradami sa obozn\u00e1mi a uk\u00e1\u017ee, \u017ee nie je len pred\u013a\u017eenou rukou vl\u00e1dnej koal\u00edcie a jej z\u00e1ujmov,<\/em>\u201d uzavrel Michal Ki\u010da.<\/p>\n","protected":false},"excerpt":{"rendered":"<p>Strana Demokrati \u017eiada prezidenta Petra Pellegriniho o vetovanie schv\u00e1len\u00e9ho z\u00e1kona o posudzovan\u00ed vplyvov na \u017eivotn\u00e9 prostredie (EIA). Disponujeme d\u00f4kazmi, \u017ee pri legislat\u00edvnom procese tvorby z\u00e1kona na \u00farovni ministerstva vystupovali z\u00e1stupcovia investorov, \u010do je neakceptovate\u013en\u00fd konflikt z\u00e1ujmov. Ober\u00e1 obyvate\u013eov Slovenska a samospr\u00e1vy o ich pr\u00e1va, zav\u00e1dza chaos v povo\u013eovac\u00edch procesoch a je v rozpore s pr\u00e1vom [&hellip;]<\/p>\n","protected":false},"author":13,"featured_media":5171,"comment_status":"closed","ping_status":"closed","sticky":false,"template":"","format":"standard","meta":{"_acf_changed":false,"ngg_post_thumbnail":0,"footnotes":""},"categories":[4],"tags":[],"class_list":["post-5170","post","type-post","status-publish","format-standard","has-post-thumbnail","hentry","category-tlacove-spravy"],"acf":[],"yoast_head":"<!-- This site is optimized with the Yoast SEO plugin v27.2 - https:\/\/yoast.com\/product\/yoast-seo-wordpress\/ -->\n<title>\u017diadame prezidenta Pellegriniho o vetovanie novely z\u00e1kona o EIA<\/title>\n<meta name=\"robots\" content=\"index, follow, max-snippet:-1, max-image-preview:large, max-video-preview:-1\" \/>\n<link rel=\"canonical\" href=\"https:\/\/www.smedemokrati.sk\/en\/ziadame-prezidenta-pellegriniho-o-vetovanie-novely-zakona-o-eia\/\" \/>\n<meta property=\"og:locale\" content=\"en_US\" \/>\n<meta property=\"og:locale:alternate\" content=\"cs_CZ\" \/>\n<meta property=\"og:locale:alternate\" content=\"hu_HU\" \/>\n<meta property=\"og:locale:alternate\" content=\"sk_SK\" \/>\n<meta property=\"og:locale:alternate\" content=\"sv_SE\" \/>\n<meta property=\"og:type\" content=\"article\" \/>\n<meta property=\"og:title\" content=\"\u017diadame prezidenta Pellegriniho o vetovanie novely z\u00e1kona o EIA\" \/>\n<meta property=\"og:description\" content=\"Strana Demokrati \u017eiada prezidenta Petra Pellegriniho o vetovanie schv\u00e1len\u00e9ho z\u00e1kona o posudzovan\u00ed vplyvov na \u017eivotn\u00e9 prostredie (EIA). Disponujeme d\u00f4kazmi, \u017ee pri legislat\u00edvnom procese tvorby z\u00e1kona na \u00farovni ministerstva vystupovali z\u00e1stupcovia investorov, \u010do je neakceptovate\u013en\u00fd konflikt z\u00e1ujmov. Ober\u00e1 obyvate\u013eov Slovenska a samospr\u00e1vy o ich pr\u00e1va, zav\u00e1dza chaos v povo\u013eovac\u00edch procesoch a je v rozpore s pr\u00e1vom [&hellip;]\" \/>\n<meta property=\"og:url\" content=\"https:\/\/www.smedemokrati.sk\/en\/ziadame-prezidenta-pellegriniho-o-vetovanie-novely-zakona-o-eia\/\" \/>\n<meta property=\"og:site_name\" content=\"Smedemokrati.sk\" \/>\n<meta property=\"article:publisher\" content=\"https:\/\/www.facebook.com\/smedemokrati2023\" \/>\n<meta property=\"article:published_time\" content=\"2024-09-19T21:32:53+00:00\" \/>\n<meta property=\"article:modified_time\" content=\"2024-10-01T14:06:32+00:00\" \/>\n<meta property=\"og:image\" content=\"https:\/\/www.smedemokrati.sk\/wp-content\/uploads\/2024\/09\/pellegrini-priroda-e1726781562814.jpg\" \/>\n\t<meta property=\"og:image:width\" content=\"2048\" \/>\n\t<meta property=\"og:image:height\" content=\"1491\" \/>\n\t<meta property=\"og:image:type\" content=\"image\/jpeg\" \/>\n<meta name=\"author\" content=\"miro.sopko\" \/>\n<meta name=\"twitter:card\" content=\"summary_large_image\" \/>\n<meta name=\"twitter:label1\" content=\"Written by\" \/>\n\t<meta name=\"twitter:data1\" content=\"miro.sopko\" \/>\n\t<meta name=\"twitter:label2\" content=\"Est. reading time\" \/>\n\t<meta name=\"twitter:data2\" content=\"2 minutes\" \/>\n<script type=\"application\/ld+json\" class=\"yoast-schema-graph\">{\"@context\":\"https:\/\/schema.org\",\"@graph\":[{\"@type\":\"Article\",\"@id\":\"https:\/\/www.smedemokrati.sk\/ziadame-prezidenta-pellegriniho-o-vetovanie-novely-zakona-o-eia\/#article\",\"isPartOf\":{\"@id\":\"https:\/\/www.smedemokrati.sk\/ziadame-prezidenta-pellegriniho-o-vetovanie-novely-zakona-o-eia\/\"},\"author\":{\"name\":\"miro.sopko\",\"@id\":\"https:\/\/www.smedemokrati.sk\/#\/schema\/person\/21f147c88d605aa7ded900e1e7c344ba\"},\"headline\":\"\u017diadame prezidenta Pellegriniho o vetovanie novely z\u00e1kona o EIA\",\"datePublished\":\"2024-09-19T21:32:53+00:00\",\"dateModified\":\"2024-10-01T14:06:32+00:00\",\"mainEntityOfPage\":{\"@id\":\"https:\/\/www.smedemokrati.sk\/ziadame-prezidenta-pellegriniho-o-vetovanie-novely-zakona-o-eia\/\"},\"wordCount\":458,\"publisher\":{\"@id\":\"https:\/\/www.smedemokrati.sk\/#organization\"},\"image\":{\"@id\":\"https:\/\/www.smedemokrati.sk\/ziadame-prezidenta-pellegriniho-o-vetovanie-novely-zakona-o-eia\/#primaryimage\"},\"thumbnailUrl\":\"https:\/\/www.smedemokrati.sk\/wp-content\/uploads\/2024\/09\/pellegrini-priroda-e1726781562814.jpg\",\"articleSection\":[\"Tla\u010dov\u00e9 spr\u00e1vy\"],\"inLanguage\":\"en-US\"},{\"@type\":\"WebPage\",\"@id\":\"https:\/\/www.smedemokrati.sk\/ziadame-prezidenta-pellegriniho-o-vetovanie-novely-zakona-o-eia\/\",\"url\":\"https:\/\/www.smedemokrati.sk\/ziadame-prezidenta-pellegriniho-o-vetovanie-novely-zakona-o-eia\/\",\"name\":\"\u017diadame prezidenta Pellegriniho o vetovanie novely z\u00e1kona o EIA\",\"isPartOf\":{\"@id\":\"https:\/\/www.smedemokrati.sk\/#website\"},\"primaryImageOfPage\":{\"@id\":\"https:\/\/www.smedemokrati.sk\/ziadame-prezidenta-pellegriniho-o-vetovanie-novely-zakona-o-eia\/#primaryimage\"},\"image\":{\"@id\":\"https:\/\/www.smedemokrati.sk\/ziadame-prezidenta-pellegriniho-o-vetovanie-novely-zakona-o-eia\/#primaryimage\"},\"thumbnailUrl\":\"https:\/\/www.smedemokrati.sk\/wp-content\/uploads\/2024\/09\/pellegrini-priroda-e1726781562814.jpg\",\"datePublished\":\"2024-09-19T21:32:53+00:00\",\"dateModified\":\"2024-10-01T14:06:32+00:00\",\"breadcrumb\":{\"@id\":\"https:\/\/www.smedemokrati.sk\/ziadame-prezidenta-pellegriniho-o-vetovanie-novely-zakona-o-eia\/#breadcrumb\"},\"inLanguage\":\"en-US\",\"potentialAction\":[{\"@type\":\"ReadAction\",\"target\":[\"https:\/\/www.smedemokrati.sk\/ziadame-prezidenta-pellegriniho-o-vetovanie-novely-zakona-o-eia\/\"]}]},{\"@type\":\"ImageObject\",\"inLanguage\":\"en-US\",\"@id\":\"https:\/\/www.smedemokrati.sk\/ziadame-prezidenta-pellegriniho-o-vetovanie-novely-zakona-o-eia\/#primaryimage\",\"url\":\"https:\/\/www.smedemokrati.sk\/wp-content\/uploads\/2024\/09\/pellegrini-priroda-e1726781562814.jpg\",\"contentUrl\":\"https:\/\/www.smedemokrati.sk\/wp-content\/uploads\/2024\/09\/pellegrini-priroda-e1726781562814.jpg\",\"width\":2048,\"height\":1491},{\"@type\":\"BreadcrumbList\",\"@id\":\"https:\/\/www.smedemokrati.sk\/ziadame-prezidenta-pellegriniho-o-vetovanie-novely-zakona-o-eia\/#breadcrumb\",\"itemListElement\":[{\"@type\":\"ListItem\",\"position\":1,\"name\":\"Domovsk\u00e1 str\u00e1nka\",\"item\":\"https:\/\/www.smedemokrati.sk\/\"},{\"@type\":\"ListItem\",\"position\":2,\"name\":\"\u017diadame prezidenta Pellegriniho o vetovanie novely z\u00e1kona o EIA\"}]},{\"@type\":\"WebSite\",\"@id\":\"https:\/\/www.smedemokrati.sk\/#website\",\"url\":\"https:\/\/www.smedemokrati.sk\/\",\"name\":\"Smedemokrati.sk\",\"description\":\"Demokracia a slu\u0161nos\u0165 zv\u00ed\u0165az\u00ed\",\"publisher\":{\"@id\":\"https:\/\/www.smedemokrati.sk\/#organization\"},\"potentialAction\":[{\"@type\":\"SearchAction\",\"target\":{\"@type\":\"EntryPoint\",\"urlTemplate\":\"https:\/\/www.smedemokrati.sk\/?s={search_term_string}\"},\"query-input\":{\"@type\":\"PropertyValueSpecification\",\"valueRequired\":true,\"valueName\":\"search_term_string\"}}],\"inLanguage\":\"en-US\"},{\"@type\":\"Organization\",\"@id\":\"https:\/\/www.smedemokrati.sk\/#organization\",\"name\":\"Smedemokrati.sk\",\"url\":\"https:\/\/www.smedemokrati.sk\/\",\"logo\":{\"@type\":\"ImageObject\",\"inLanguage\":\"en-US\",\"@id\":\"https:\/\/www.smedemokrati.sk\/#\/schema\/logo\/image\/\",\"url\":\"https:\/\/www.smedemokrati.sk\/wp-content\/uploads\/2023\/04\/ff.002.jpeg\",\"contentUrl\":\"https:\/\/www.smedemokrati.sk\/wp-content\/uploads\/2023\/04\/ff.002.jpeg\",\"width\":640,\"height\":480,\"caption\":\"Smedemokrati.sk\"},\"image\":{\"@id\":\"https:\/\/www.smedemokrati.sk\/#\/schema\/logo\/image\/\"},\"sameAs\":[\"https:\/\/www.facebook.com\/smedemokrati2023\"]},{\"@type\":\"Person\",\"@id\":\"https:\/\/www.smedemokrati.sk\/#\/schema\/person\/21f147c88d605aa7ded900e1e7c344ba\",\"name\":\"miro.sopko\",\"image\":{\"@type\":\"ImageObject\",\"inLanguage\":\"en-US\",\"@id\":\"https:\/\/secure.gravatar.com\/avatar\/267e4a36f704376c109afe3a78740c1f5dd8675a2180a908699e7863c9247606?s=96&d=mm&r=g\",\"url\":\"https:\/\/secure.gravatar.com\/avatar\/267e4a36f704376c109afe3a78740c1f5dd8675a2180a908699e7863c9247606?s=96&d=mm&r=g\",\"contentUrl\":\"https:\/\/secure.gravatar.com\/avatar\/267e4a36f704376c109afe3a78740c1f5dd8675a2180a908699e7863c9247606?s=96&d=mm&r=g\",\"caption\":\"miro.sopko\"},\"url\":\"https:\/\/www.smedemokrati.sk\/en\/author\/miro-sopko\/\"}]}<\/script>\n<!-- \/ Yoast SEO plugin. -->","yoast_head_json":{"title":"\u017diadame prezidenta Pellegriniho o vetovanie novely z\u00e1kona o EIA","robots":{"index":"index","follow":"follow","max-snippet":"max-snippet:-1","max-image-preview":"max-image-preview:large","max-video-preview":"max-video-preview:-1"},"canonical":"https:\/\/www.smedemokrati.sk\/en\/ziadame-prezidenta-pellegriniho-o-vetovanie-novely-zakona-o-eia\/","og_locale":"en_US","og_type":"article","og_title":"[:sk]\u017diadame prezidenta Pellegriniho o vetovanie novely z\u00e1kona o EIA[:] - Smedemokrati.sk","og_description":"Strana Demokrati \u017eiada prezidenta Petra Pellegriniho o vetovanie schv\u00e1len\u00e9ho z\u00e1kona o posudzovan\u00ed vplyvov na \u017eivotn\u00e9 prostredie (EIA). Disponujeme d\u00f4kazmi, \u017ee pri legislat\u00edvnom procese tvorby z\u00e1kona na \u00farovni ministerstva vystupovali z\u00e1stupcovia investorov, \u010do je neakceptovate\u013en\u00fd konflikt z\u00e1ujmov. Ober\u00e1 obyvate\u013eov Slovenska a samospr\u00e1vy o ich pr\u00e1va, zav\u00e1dza chaos v povo\u013eovac\u00edch procesoch a je v rozpore s pr\u00e1vom [&hellip;]","og_url":"https:\/\/www.smedemokrati.sk\/en\/ziadame-prezidenta-pellegriniho-o-vetovanie-novely-zakona-o-eia\/","og_site_name":"Smedemokrati.sk","article_publisher":"https:\/\/www.facebook.com\/smedemokrati2023","article_published_time":"2024-09-19T21:32:53+00:00","article_modified_time":"2024-10-01T14:06:32+00:00","og_image":[{"width":2048,"height":1491,"url":"https:\/\/www.smedemokrati.sk\/wp-content\/uploads\/2024\/09\/pellegrini-priroda-e1726781562814.jpg","type":"image\/jpeg"}],"author":"miro.sopko","twitter_card":"summary_large_image","twitter_misc":{"Written by":"miro.sopko","Est. reading time":"2 minutes"},"schema":{"@context":"https:\/\/schema.org","@graph":[{"@type":"Article","@id":"https:\/\/www.smedemokrati.sk\/ziadame-prezidenta-pellegriniho-o-vetovanie-novely-zakona-o-eia\/#article","isPartOf":{"@id":"https:\/\/www.smedemokrati.sk\/ziadame-prezidenta-pellegriniho-o-vetovanie-novely-zakona-o-eia\/"},"author":{"name":"miro.sopko","@id":"https:\/\/www.smedemokrati.sk\/#\/schema\/person\/21f147c88d605aa7ded900e1e7c344ba"},"headline":"\u017diadame prezidenta Pellegriniho o vetovanie novely z\u00e1kona o EIA","datePublished":"2024-09-19T21:32:53+00:00","dateModified":"2024-10-01T14:06:32+00:00","mainEntityOfPage":{"@id":"https:\/\/www.smedemokrati.sk\/ziadame-prezidenta-pellegriniho-o-vetovanie-novely-zakona-o-eia\/"},"wordCount":458,"publisher":{"@id":"https:\/\/www.smedemokrati.sk\/#organization"},"image":{"@id":"https:\/\/www.smedemokrati.sk\/ziadame-prezidenta-pellegriniho-o-vetovanie-novely-zakona-o-eia\/#primaryimage"},"thumbnailUrl":"https:\/\/www.smedemokrati.sk\/wp-content\/uploads\/2024\/09\/pellegrini-priroda-e1726781562814.jpg","articleSection":["Tla\u010dov\u00e9 spr\u00e1vy"],"inLanguage":"en-US"},{"@type":"WebPage","@id":"https:\/\/www.smedemokrati.sk\/ziadame-prezidenta-pellegriniho-o-vetovanie-novely-zakona-o-eia\/","url":"https:\/\/www.smedemokrati.sk\/ziadame-prezidenta-pellegriniho-o-vetovanie-novely-zakona-o-eia\/","name":"\u017diadame prezidenta Pellegriniho o vetovanie novely z\u00e1kona o EIA","isPartOf":{"@id":"https:\/\/www.smedemokrati.sk\/#website"},"primaryImageOfPage":{"@id":"https:\/\/www.smedemokrati.sk\/ziadame-prezidenta-pellegriniho-o-vetovanie-novely-zakona-o-eia\/#primaryimage"},"image":{"@id":"https:\/\/www.smedemokrati.sk\/ziadame-prezidenta-pellegriniho-o-vetovanie-novely-zakona-o-eia\/#primaryimage"},"thumbnailUrl":"https:\/\/www.smedemokrati.sk\/wp-content\/uploads\/2024\/09\/pellegrini-priroda-e1726781562814.jpg","datePublished":"2024-09-19T21:32:53+00:00","dateModified":"2024-10-01T14:06:32+00:00","breadcrumb":{"@id":"https:\/\/www.smedemokrati.sk\/ziadame-prezidenta-pellegriniho-o-vetovanie-novely-zakona-o-eia\/#breadcrumb"},"inLanguage":"en-US","potentialAction":[{"@type":"ReadAction","target":["https:\/\/www.smedemokrati.sk\/ziadame-prezidenta-pellegriniho-o-vetovanie-novely-zakona-o-eia\/"]}]},{"@type":"ImageObject","inLanguage":"en-US","@id":"https:\/\/www.smedemokrati.sk\/ziadame-prezidenta-pellegriniho-o-vetovanie-novely-zakona-o-eia\/#primaryimage","url":"https:\/\/www.smedemokrati.sk\/wp-content\/uploads\/2024\/09\/pellegrini-priroda-e1726781562814.jpg","contentUrl":"https:\/\/www.smedemokrati.sk\/wp-content\/uploads\/2024\/09\/pellegrini-priroda-e1726781562814.jpg","width":2048,"height":1491},{"@type":"BreadcrumbList","@id":"https:\/\/www.smedemokrati.sk\/ziadame-prezidenta-pellegriniho-o-vetovanie-novely-zakona-o-eia\/#breadcrumb","itemListElement":[{"@type":"ListItem","position":1,"name":"Domovsk\u00e1 str\u00e1nka","item":"https:\/\/www.smedemokrati.sk\/"},{"@type":"ListItem","position":2,"name":"\u017diadame prezidenta Pellegriniho o vetovanie novely z\u00e1kona o EIA"}]},{"@type":"WebSite","@id":"https:\/\/www.smedemokrati.sk\/#website","url":"https:\/\/www.smedemokrati.sk\/","name":"Smedemokrati.sk","description":"Demokracia a slu\u0161nos\u0165 zv\u00ed\u0165az\u00ed","publisher":{"@id":"https:\/\/www.smedemokrati.sk\/#organization"},"potentialAction":[{"@type":"SearchAction","target":{"@type":"EntryPoint","urlTemplate":"https:\/\/www.smedemokrati.sk\/?s={search_term_string}"},"query-input":{"@type":"PropertyValueSpecification","valueRequired":true,"valueName":"search_term_string"}}],"inLanguage":"en-US"},{"@type":"Organization","@id":"https:\/\/www.smedemokrati.sk\/#organization","name":"Smedemokrati.sk","url":"https:\/\/www.smedemokrati.sk\/","logo":{"@type":"ImageObject","inLanguage":"en-US","@id":"https:\/\/www.smedemokrati.sk\/#\/schema\/logo\/image\/","url":"https:\/\/www.smedemokrati.sk\/wp-content\/uploads\/2023\/04\/ff.002.jpeg","contentUrl":"https:\/\/www.smedemokrati.sk\/wp-content\/uploads\/2023\/04\/ff.002.jpeg","width":640,"height":480,"caption":"Smedemokrati.sk"},"image":{"@id":"https:\/\/www.smedemokrati.sk\/#\/schema\/logo\/image\/"},"sameAs":["https:\/\/www.facebook.com\/smedemokrati2023"]},{"@type":"Person","@id":"https:\/\/www.smedemokrati.sk\/#\/schema\/person\/21f147c88d605aa7ded900e1e7c344ba","name":"miro.sopko","image":{"@type":"ImageObject","inLanguage":"en-US","@id":"https:\/\/secure.gravatar.com\/avatar\/267e4a36f704376c109afe3a78740c1f5dd8675a2180a908699e7863c9247606?s=96&d=mm&r=g","url":"https:\/\/secure.gravatar.com\/avatar\/267e4a36f704376c109afe3a78740c1f5dd8675a2180a908699e7863c9247606?s=96&d=mm&r=g","contentUrl":"https:\/\/secure.gravatar.com\/avatar\/267e4a36f704376c109afe3a78740c1f5dd8675a2180a908699e7863c9247606?s=96&d=mm&r=g","caption":"miro.sopko"},"url":"https:\/\/www.smedemokrati.sk\/en\/author\/miro-sopko\/"}]}},"_links":{"self":[{"href":"https:\/\/www.smedemokrati.sk\/en\/wp-json\/wp\/v2\/posts\/5170","targetHints":{"allow":["GET"]}}],"collection":[{"href":"https:\/\/www.smedemokrati.sk\/en\/wp-json\/wp\/v2\/posts"}],"about":[{"href":"https:\/\/www.smedemokrati.sk\/en\/wp-json\/wp\/v2\/types\/post"}],"author":[{"embeddable":true,"href":"https:\/\/www.smedemokrati.sk\/en\/wp-json\/wp\/v2\/users\/13"}],"replies":[{"embeddable":true,"href":"https:\/\/www.smedemokrati.sk\/en\/wp-json\/wp\/v2\/comments?post=5170"}],"version-history":[{"count":2,"href":"https:\/\/www.smedemokrati.sk\/en\/wp-json\/wp\/v2\/posts\/5170\/revisions"}],"predecessor-version":[{"id":5173,"href":"https:\/\/www.smedemokrati.sk\/en\/wp-json\/wp\/v2\/posts\/5170\/revisions\/5173"}],"wp:featuredmedia":[{"embeddable":true,"href":"https:\/\/www.smedemokrati.sk\/en\/wp-json\/wp\/v2\/media\/5171"}],"wp:attachment":[{"href":"https:\/\/www.smedemokrati.sk\/en\/wp-json\/wp\/v2\/media?parent=5170"}],"wp:term":[{"taxonomy":"category","embeddable":true,"href":"https:\/\/www.smedemokrati.sk\/en\/wp-json\/wp\/v2\/categories?post=5170"},{"taxonomy":"post_tag","embeddable":true,"href":"https:\/\/www.smedemokrati.sk\/en\/wp-json\/wp\/v2\/tags?post=5170"}],"curies":[{"name":"wp","href":"https:\/\/api.w.org\/{rel}","templated":true}]}}