{"id":5161,"date":"2024-09-19T12:50:01","date_gmt":"2024-09-19T11:50:01","guid":{"rendered":"https:\/\/www.smedemokrati.sk\/?p=5161"},"modified":"2024-10-01T15:06:21","modified_gmt":"2024-10-01T14:06:21","slug":"demokrati-kritizuju-toxicku-konsolidaciu-verejnych-financii-slovakov-caka-vyrazne-znizenie-socialneho-standardu","status":"publish","type":"post","link":"https:\/\/www.smedemokrati.sk\/en\/demokrati-kritizuju-toxicku-konsolidaciu-verejnych-financii-slovakov-caka-vyrazne-znizenie-socialneho-standardu\/","title":{"rendered":"Demokrati kritizuj\u00fa toxick\u00fa konsolid\u00e1ciu verejn\u00fdch financi\u00ed: Slov\u00e1kov \u010dak\u00e1 v\u00fdrazn\u00e9 zn\u00ed\u017eenie soci\u00e1lneho \u0161tandardu."},"content":{"rendered":"<div id=\"fb-root\"><\/div>\n\n<p><strong>Strana Demokrati dnes na tla\u010dovej konferencii ostro kritizovala pripravovan\u00e9 opatrenia vl\u00e1dy, ktor\u00e9 ozna\u010dila za toxick\u00fa konsolid\u00e1ciu verejn\u00fdch financi\u00ed. Pod\u013ea predstavite\u013eov strany bud\u00fa tieto kroky znamena\u0165 v\u00fdrazn\u00e9 zn\u00ed\u017eenie soci\u00e1lneho \u0161tandardu pre v\u0161etk\u00fdch Slov\u00e1kov.<\/strong><\/p>\n\n\n\n<p>Podpredseda strany Eduard Heger sa zameral najm\u00e4 na zmeny v rodi\u010dovskom d\u00f4chodku. <em>\u201ePri priemernej mzde v hospod\u00e1rstve 1500 eur v hrubom, vl\u00e1da svojimi opatreniami pripravila rodi\u010dov pracuj\u00facich det\u00ed o viac ako 230 eur na jedno die\u0165a,\u201c<\/em> uviedol Heger. <em>\u201eJe neprijate\u013en\u00e9, aby sa \u0161etrilo na rodin\u00e1ch, ktor\u00e9 s\u00fa z\u00e1kladom na\u0161ej spolo\u010dnosti.\u201c<\/em><\/p>\n\n\n\n<p>Demokrati z\u00e1rove\u0148 upozor\u0148uj\u00fa na fakt, \u017ee re\u010di vl\u00e1dnych predstavite\u013eov o tom, \u017ee potraviny v obchodoch bud\u00fa lacnej\u0161ie, ostan\u00fa len pr\u00e1zdnymi s\u013eubmi. Cel\u00fd re\u0165azec s\u00favisiaci s produkciou potrav\u00edn bude trpie\u0165 konsolida\u010dn\u00fdmi opatreniami, ako s\u00fa zv\u00fd\u0161en\u00e9 odvodov\u00e9 za\u0165a\u017eenie pr\u00e1ce, zv\u00fd\u0161en\u00e9 m\u00fdto, zv\u00fd\u0161en\u00e1 DPH na plyn a vodu a mnoho \u010fal\u0161\u00edch. <em>\u201eTieto opatrenia nevyhnutne zv\u00fd\u0161ia n\u00e1klady na v\u00fdrobu a distrib\u00faciu potrav\u00edn, \u010do sa premietne do vy\u0161\u0161\u00edch cien pre spotrebite\u013eov. Namiesto lacnej\u0161\u00edch potrav\u00edn sa tak ob\u010dania do\u010dkaj\u00fa opaku,\u201c<\/em> zd\u00f4raznil Heger.<\/p>\n\n\n\n<p>Ekonomick\u00fd expert strany Dominik Sumbal pouk\u00e1zal na zlyhanie politiky Slovenskej n\u00e1rodnej strany v oblasti podpory gastrosektora a turizmu. <em>\u201eOpatrenia, ktor\u00e9 vl\u00e1da pripravila, s\u00fa v priamom rozpore s t\u00fdm, \u010do Slovensk\u00e1 n\u00e1rodn\u00e1 strana dlhodobo hl\u00e1sa,\u201c<\/em> povedal Sumbal. <em>\u201eZvy\u0161ovanie DPH na nealkoholick\u00e9 n\u00e1poje z 10 % na 19 %, na alkoholick\u00e9 n\u00e1poje z 20 % na 23 % a najdrakonickej\u0161ie zv\u00fd\u0161enie na slu\u017eby spojen\u00e9 s ubytovan\u00edm zo s\u00fa\u010dasn\u00fdch 10 % na 23 % je ni\u010div\u00fdm \u00faderom pre cel\u00fd sektor.\u201c<\/em> Toto je v\u00fdsledok pr\u00e1ce nov\u00e9ho ministerstva cestovn\u00e9ho ruchu a \u0161portu pod taktovou ministra Keketiho. <\/p>\n\n\n\n<p>Demokrati varuj\u00fa, \u017ee tieto opatrenia ohrozuj\u00fa nielen gastrosektor a turizmus, ale aj celkov\u00fa ekonomick\u00fa stabilitu krajiny. Strana vyz\u00fdva vl\u00e1du, aby prehodnotila svoje rozhodnutia a prijala opatrenia, ktor\u00e9 bud\u00fa naozaj sl\u00fa\u017ei\u0165 ob\u010danom Slovenska.<\/p>\n\n\n\n<p><em>\u201eNem\u00f4\u017eeme dovoli\u0165, aby nezodpovedn\u00e9 kroky vl\u00e1dy zhor\u0161ovali \u017eivotn\u00fa \u00farove\u0148 na\u0161ich ob\u010danov,\u201c <\/em>dodal na z\u00e1ver Heger.<\/p>\n\n\n<div class=\"fb-video\" data-href=\"https:\/\/www.facebook.com\/eduard.heger\/videos\/1726572624749386\" data-allowfullscreen=\"true\" data-autoplay=\"false\" data-width=\"\" data-show-text=\"false\" data-show-captions=\"true\"><\/div>\n\n\n\n<p><\/p>\n","protected":false},"excerpt":{"rendered":"<p>Strana Demokrati dnes na tla\u010dovej konferencii ostro kritizovala pripravovan\u00e9 opatrenia vl\u00e1dy, ktor\u00e9 ozna\u010dila za toxick\u00fa konsolid\u00e1ciu verejn\u00fdch financi\u00ed. Pod\u013ea predstavite\u013eov strany bud\u00fa tieto kroky znamena\u0165 v\u00fdrazn\u00e9 zn\u00ed\u017eenie soci\u00e1lneho \u0161tandardu pre v\u0161etk\u00fdch Slov\u00e1kov. Podpredseda strany Eduard Heger sa zameral najm\u00e4 na zmeny v rodi\u010dovskom d\u00f4chodku. \u201ePri priemernej mzde v hospod\u00e1rstve 1500 eur v hrubom, vl\u00e1da svojimi [&hellip;]<\/p>\n","protected":false},"author":13,"featured_media":5162,"comment_status":"closed","ping_status":"closed","sticky":false,"template":"","format":"standard","meta":{"_acf_changed":false,"ngg_post_thumbnail":0,"footnotes":""},"categories":[4],"tags":[],"class_list":["post-5161","post","type-post","status-publish","format-standard","has-post-thumbnail","hentry","category-tlacove-spravy"],"acf":[],"yoast_head":"<!-- This site is optimized with the Yoast SEO plugin v27.2 - https:\/\/yoast.com\/product\/yoast-seo-wordpress\/ -->\n<title>Demokrati kritizuj\u00fa toxick\u00fa konsolid\u00e1ciu verejn\u00fdch financi\u00ed: Slov\u00e1kov \u010dak\u00e1 v\u00fdrazn\u00e9 zn\u00ed\u017eenie soci\u00e1lneho \u0161tandardu.<\/title>\n<meta name=\"robots\" content=\"index, follow, max-snippet:-1, max-image-preview:large, max-video-preview:-1\" \/>\n<link rel=\"canonical\" href=\"https:\/\/www.smedemokrati.sk\/en\/demokrati-kritizuju-toxicku-konsolidaciu-verejnych-financii-slovakov-caka-vyrazne-znizenie-socialneho-standardu\/\" \/>\n<meta property=\"og:locale\" content=\"en_US\" \/>\n<meta property=\"og:locale:alternate\" content=\"cs_CZ\" \/>\n<meta property=\"og:locale:alternate\" content=\"hu_HU\" \/>\n<meta property=\"og:locale:alternate\" content=\"sk_SK\" \/>\n<meta property=\"og:locale:alternate\" content=\"sv_SE\" \/>\n<meta property=\"og:type\" content=\"article\" \/>\n<meta property=\"og:title\" content=\"Demokrati kritizuj\u00fa toxick\u00fa konsolid\u00e1ciu verejn\u00fdch financi\u00ed: Slov\u00e1kov \u010dak\u00e1 v\u00fdrazn\u00e9 zn\u00ed\u017eenie soci\u00e1lneho \u0161tandardu.\" \/>\n<meta property=\"og:description\" content=\"Strana Demokrati dnes na tla\u010dovej konferencii ostro kritizovala pripravovan\u00e9 opatrenia vl\u00e1dy, ktor\u00e9 ozna\u010dila za toxick\u00fa konsolid\u00e1ciu verejn\u00fdch financi\u00ed. Pod\u013ea predstavite\u013eov strany bud\u00fa tieto kroky znamena\u0165 v\u00fdrazn\u00e9 zn\u00ed\u017eenie soci\u00e1lneho \u0161tandardu pre v\u0161etk\u00fdch Slov\u00e1kov. Podpredseda strany Eduard Heger sa zameral najm\u00e4 na zmeny v rodi\u010dovskom d\u00f4chodku. \u201ePri priemernej mzde v hospod\u00e1rstve 1500 eur v hrubom, vl\u00e1da svojimi [&hellip;]\" \/>\n<meta property=\"og:url\" content=\"https:\/\/www.smedemokrati.sk\/en\/demokrati-kritizuju-toxicku-konsolidaciu-verejnych-financii-slovakov-caka-vyrazne-znizenie-socialneho-standardu\/\" \/>\n<meta property=\"og:site_name\" content=\"Smedemokrati.sk\" \/>\n<meta property=\"article:publisher\" content=\"https:\/\/www.facebook.com\/smedemokrati2023\" \/>\n<meta property=\"article:published_time\" content=\"2024-09-19T11:50:01+00:00\" \/>\n<meta property=\"article:modified_time\" content=\"2024-10-01T14:06:21+00:00\" \/>\n<meta property=\"og:image\" content=\"https:\/\/www.smedemokrati.sk\/wp-content\/uploads\/2024\/09\/signal-2024-09-19-13-30-21-351-e1726746579946.jpg\" \/>\n\t<meta property=\"og:image:width\" content=\"1120\" \/>\n\t<meta property=\"og:image:height\" content=\"738\" \/>\n\t<meta property=\"og:image:type\" content=\"image\/jpeg\" \/>\n<meta name=\"author\" content=\"miro.sopko\" \/>\n<meta name=\"twitter:card\" content=\"summary_large_image\" \/>\n<meta name=\"twitter:label1\" content=\"Written by\" \/>\n\t<meta name=\"twitter:data1\" content=\"miro.sopko\" \/>\n\t<meta name=\"twitter:label2\" content=\"Est. reading time\" \/>\n\t<meta name=\"twitter:data2\" content=\"2 minutes\" \/>\n<script type=\"application\/ld+json\" class=\"yoast-schema-graph\">{\"@context\":\"https:\/\/schema.org\",\"@graph\":[{\"@type\":\"Article\",\"@id\":\"https:\/\/www.smedemokrati.sk\/demokrati-kritizuju-toxicku-konsolidaciu-verejnych-financii-slovakov-caka-vyrazne-znizenie-socialneho-standardu\/#article\",\"isPartOf\":{\"@id\":\"https:\/\/www.smedemokrati.sk\/demokrati-kritizuju-toxicku-konsolidaciu-verejnych-financii-slovakov-caka-vyrazne-znizenie-socialneho-standardu\/\"},\"author\":{\"name\":\"miro.sopko\",\"@id\":\"https:\/\/www.smedemokrati.sk\/#\/schema\/person\/21f147c88d605aa7ded900e1e7c344ba\"},\"headline\":\"Demokrati kritizuj\u00fa toxick\u00fa konsolid\u00e1ciu verejn\u00fdch financi\u00ed: Slov\u00e1kov \u010dak\u00e1 v\u00fdrazn\u00e9 zn\u00ed\u017eenie soci\u00e1lneho \u0161tandardu.\",\"datePublished\":\"2024-09-19T11:50:01+00:00\",\"dateModified\":\"2024-10-01T14:06:21+00:00\",\"mainEntityOfPage\":{\"@id\":\"https:\/\/www.smedemokrati.sk\/demokrati-kritizuju-toxicku-konsolidaciu-verejnych-financii-slovakov-caka-vyrazne-znizenie-socialneho-standardu\/\"},\"wordCount\":402,\"publisher\":{\"@id\":\"https:\/\/www.smedemokrati.sk\/#organization\"},\"image\":{\"@id\":\"https:\/\/www.smedemokrati.sk\/demokrati-kritizuju-toxicku-konsolidaciu-verejnych-financii-slovakov-caka-vyrazne-znizenie-socialneho-standardu\/#primaryimage\"},\"thumbnailUrl\":\"https:\/\/www.smedemokrati.sk\/wp-content\/uploads\/2024\/09\/signal-2024-09-19-13-30-21-351-e1726746579946.jpg\",\"articleSection\":[\"Tla\u010dov\u00e9 spr\u00e1vy\"],\"inLanguage\":\"en-US\"},{\"@type\":\"WebPage\",\"@id\":\"https:\/\/www.smedemokrati.sk\/demokrati-kritizuju-toxicku-konsolidaciu-verejnych-financii-slovakov-caka-vyrazne-znizenie-socialneho-standardu\/\",\"url\":\"https:\/\/www.smedemokrati.sk\/demokrati-kritizuju-toxicku-konsolidaciu-verejnych-financii-slovakov-caka-vyrazne-znizenie-socialneho-standardu\/\",\"name\":\"Demokrati kritizuj\u00fa toxick\u00fa konsolid\u00e1ciu verejn\u00fdch financi\u00ed: Slov\u00e1kov \u010dak\u00e1 v\u00fdrazn\u00e9 zn\u00ed\u017eenie soci\u00e1lneho \u0161tandardu.\",\"isPartOf\":{\"@id\":\"https:\/\/www.smedemokrati.sk\/#website\"},\"primaryImageOfPage\":{\"@id\":\"https:\/\/www.smedemokrati.sk\/demokrati-kritizuju-toxicku-konsolidaciu-verejnych-financii-slovakov-caka-vyrazne-znizenie-socialneho-standardu\/#primaryimage\"},\"image\":{\"@id\":\"https:\/\/www.smedemokrati.sk\/demokrati-kritizuju-toxicku-konsolidaciu-verejnych-financii-slovakov-caka-vyrazne-znizenie-socialneho-standardu\/#primaryimage\"},\"thumbnailUrl\":\"https:\/\/www.smedemokrati.sk\/wp-content\/uploads\/2024\/09\/signal-2024-09-19-13-30-21-351-e1726746579946.jpg\",\"datePublished\":\"2024-09-19T11:50:01+00:00\",\"dateModified\":\"2024-10-01T14:06:21+00:00\",\"breadcrumb\":{\"@id\":\"https:\/\/www.smedemokrati.sk\/demokrati-kritizuju-toxicku-konsolidaciu-verejnych-financii-slovakov-caka-vyrazne-znizenie-socialneho-standardu\/#breadcrumb\"},\"inLanguage\":\"en-US\",\"potentialAction\":[{\"@type\":\"ReadAction\",\"target\":[\"https:\/\/www.smedemokrati.sk\/demokrati-kritizuju-toxicku-konsolidaciu-verejnych-financii-slovakov-caka-vyrazne-znizenie-socialneho-standardu\/\"]}]},{\"@type\":\"ImageObject\",\"inLanguage\":\"en-US\",\"@id\":\"https:\/\/www.smedemokrati.sk\/demokrati-kritizuju-toxicku-konsolidaciu-verejnych-financii-slovakov-caka-vyrazne-znizenie-socialneho-standardu\/#primaryimage\",\"url\":\"https:\/\/www.smedemokrati.sk\/wp-content\/uploads\/2024\/09\/signal-2024-09-19-13-30-21-351-e1726746579946.jpg\",\"contentUrl\":\"https:\/\/www.smedemokrati.sk\/wp-content\/uploads\/2024\/09\/signal-2024-09-19-13-30-21-351-e1726746579946.jpg\",\"width\":1120,\"height\":738},{\"@type\":\"BreadcrumbList\",\"@id\":\"https:\/\/www.smedemokrati.sk\/demokrati-kritizuju-toxicku-konsolidaciu-verejnych-financii-slovakov-caka-vyrazne-znizenie-socialneho-standardu\/#breadcrumb\",\"itemListElement\":[{\"@type\":\"ListItem\",\"position\":1,\"name\":\"Domovsk\u00e1 str\u00e1nka\",\"item\":\"https:\/\/www.smedemokrati.sk\/\"},{\"@type\":\"ListItem\",\"position\":2,\"name\":\"Demokrati kritizuj\u00fa toxick\u00fa konsolid\u00e1ciu verejn\u00fdch financi\u00ed: Slov\u00e1kov \u010dak\u00e1 v\u00fdrazn\u00e9 zn\u00ed\u017eenie soci\u00e1lneho \u0161tandardu.\"}]},{\"@type\":\"WebSite\",\"@id\":\"https:\/\/www.smedemokrati.sk\/#website\",\"url\":\"https:\/\/www.smedemokrati.sk\/\",\"name\":\"Smedemokrati.sk\",\"description\":\"Demokracia a slu\u0161nos\u0165 zv\u00ed\u0165az\u00ed\",\"publisher\":{\"@id\":\"https:\/\/www.smedemokrati.sk\/#organization\"},\"potentialAction\":[{\"@type\":\"SearchAction\",\"target\":{\"@type\":\"EntryPoint\",\"urlTemplate\":\"https:\/\/www.smedemokrati.sk\/?s={search_term_string}\"},\"query-input\":{\"@type\":\"PropertyValueSpecification\",\"valueRequired\":true,\"valueName\":\"search_term_string\"}}],\"inLanguage\":\"en-US\"},{\"@type\":\"Organization\",\"@id\":\"https:\/\/www.smedemokrati.sk\/#organization\",\"name\":\"Smedemokrati.sk\",\"url\":\"https:\/\/www.smedemokrati.sk\/\",\"logo\":{\"@type\":\"ImageObject\",\"inLanguage\":\"en-US\",\"@id\":\"https:\/\/www.smedemokrati.sk\/#\/schema\/logo\/image\/\",\"url\":\"https:\/\/www.smedemokrati.sk\/wp-content\/uploads\/2023\/04\/ff.002.jpeg\",\"contentUrl\":\"https:\/\/www.smedemokrati.sk\/wp-content\/uploads\/2023\/04\/ff.002.jpeg\",\"width\":640,\"height\":480,\"caption\":\"Smedemokrati.sk\"},\"image\":{\"@id\":\"https:\/\/www.smedemokrati.sk\/#\/schema\/logo\/image\/\"},\"sameAs\":[\"https:\/\/www.facebook.com\/smedemokrati2023\"]},{\"@type\":\"Person\",\"@id\":\"https:\/\/www.smedemokrati.sk\/#\/schema\/person\/21f147c88d605aa7ded900e1e7c344ba\",\"name\":\"miro.sopko\",\"image\":{\"@type\":\"ImageObject\",\"inLanguage\":\"en-US\",\"@id\":\"https:\/\/secure.gravatar.com\/avatar\/267e4a36f704376c109afe3a78740c1f5dd8675a2180a908699e7863c9247606?s=96&d=mm&r=g\",\"url\":\"https:\/\/secure.gravatar.com\/avatar\/267e4a36f704376c109afe3a78740c1f5dd8675a2180a908699e7863c9247606?s=96&d=mm&r=g\",\"contentUrl\":\"https:\/\/secure.gravatar.com\/avatar\/267e4a36f704376c109afe3a78740c1f5dd8675a2180a908699e7863c9247606?s=96&d=mm&r=g\",\"caption\":\"miro.sopko\"},\"url\":\"https:\/\/www.smedemokrati.sk\/en\/author\/miro-sopko\/\"}]}<\/script>\n<!-- \/ Yoast SEO plugin. -->","yoast_head_json":{"title":"Demokrati kritizuj\u00fa toxick\u00fa konsolid\u00e1ciu verejn\u00fdch financi\u00ed: Slov\u00e1kov \u010dak\u00e1 v\u00fdrazn\u00e9 zn\u00ed\u017eenie soci\u00e1lneho \u0161tandardu.","robots":{"index":"index","follow":"follow","max-snippet":"max-snippet:-1","max-image-preview":"max-image-preview:large","max-video-preview":"max-video-preview:-1"},"canonical":"https:\/\/www.smedemokrati.sk\/en\/demokrati-kritizuju-toxicku-konsolidaciu-verejnych-financii-slovakov-caka-vyrazne-znizenie-socialneho-standardu\/","og_locale":"en_US","og_type":"article","og_title":"[:sk]Demokrati kritizuj\u00fa toxick\u00fa konsolid\u00e1ciu verejn\u00fdch financi\u00ed: Slov\u00e1kov \u010dak\u00e1 v\u00fdrazn\u00e9 zn\u00ed\u017eenie soci\u00e1lneho \u0161tandardu.[:] - Smedemokrati.sk","og_description":"Strana Demokrati dnes na tla\u010dovej konferencii ostro kritizovala pripravovan\u00e9 opatrenia vl\u00e1dy, ktor\u00e9 ozna\u010dila za toxick\u00fa konsolid\u00e1ciu verejn\u00fdch financi\u00ed. Pod\u013ea predstavite\u013eov strany bud\u00fa tieto kroky znamena\u0165 v\u00fdrazn\u00e9 zn\u00ed\u017eenie soci\u00e1lneho \u0161tandardu pre v\u0161etk\u00fdch Slov\u00e1kov. Podpredseda strany Eduard Heger sa zameral najm\u00e4 na zmeny v rodi\u010dovskom d\u00f4chodku. \u201ePri priemernej mzde v hospod\u00e1rstve 1500 eur v hrubom, vl\u00e1da svojimi [&hellip;]","og_url":"https:\/\/www.smedemokrati.sk\/en\/demokrati-kritizuju-toxicku-konsolidaciu-verejnych-financii-slovakov-caka-vyrazne-znizenie-socialneho-standardu\/","og_site_name":"Smedemokrati.sk","article_publisher":"https:\/\/www.facebook.com\/smedemokrati2023","article_published_time":"2024-09-19T11:50:01+00:00","article_modified_time":"2024-10-01T14:06:21+00:00","og_image":[{"width":1120,"height":738,"url":"https:\/\/www.smedemokrati.sk\/wp-content\/uploads\/2024\/09\/signal-2024-09-19-13-30-21-351-e1726746579946.jpg","type":"image\/jpeg"}],"author":"miro.sopko","twitter_card":"summary_large_image","twitter_misc":{"Written by":"miro.sopko","Est. reading time":"2 minutes"},"schema":{"@context":"https:\/\/schema.org","@graph":[{"@type":"Article","@id":"https:\/\/www.smedemokrati.sk\/demokrati-kritizuju-toxicku-konsolidaciu-verejnych-financii-slovakov-caka-vyrazne-znizenie-socialneho-standardu\/#article","isPartOf":{"@id":"https:\/\/www.smedemokrati.sk\/demokrati-kritizuju-toxicku-konsolidaciu-verejnych-financii-slovakov-caka-vyrazne-znizenie-socialneho-standardu\/"},"author":{"name":"miro.sopko","@id":"https:\/\/www.smedemokrati.sk\/#\/schema\/person\/21f147c88d605aa7ded900e1e7c344ba"},"headline":"Demokrati kritizuj\u00fa toxick\u00fa konsolid\u00e1ciu verejn\u00fdch financi\u00ed: Slov\u00e1kov \u010dak\u00e1 v\u00fdrazn\u00e9 zn\u00ed\u017eenie soci\u00e1lneho \u0161tandardu.","datePublished":"2024-09-19T11:50:01+00:00","dateModified":"2024-10-01T14:06:21+00:00","mainEntityOfPage":{"@id":"https:\/\/www.smedemokrati.sk\/demokrati-kritizuju-toxicku-konsolidaciu-verejnych-financii-slovakov-caka-vyrazne-znizenie-socialneho-standardu\/"},"wordCount":402,"publisher":{"@id":"https:\/\/www.smedemokrati.sk\/#organization"},"image":{"@id":"https:\/\/www.smedemokrati.sk\/demokrati-kritizuju-toxicku-konsolidaciu-verejnych-financii-slovakov-caka-vyrazne-znizenie-socialneho-standardu\/#primaryimage"},"thumbnailUrl":"https:\/\/www.smedemokrati.sk\/wp-content\/uploads\/2024\/09\/signal-2024-09-19-13-30-21-351-e1726746579946.jpg","articleSection":["Tla\u010dov\u00e9 spr\u00e1vy"],"inLanguage":"en-US"},{"@type":"WebPage","@id":"https:\/\/www.smedemokrati.sk\/demokrati-kritizuju-toxicku-konsolidaciu-verejnych-financii-slovakov-caka-vyrazne-znizenie-socialneho-standardu\/","url":"https:\/\/www.smedemokrati.sk\/demokrati-kritizuju-toxicku-konsolidaciu-verejnych-financii-slovakov-caka-vyrazne-znizenie-socialneho-standardu\/","name":"Demokrati kritizuj\u00fa toxick\u00fa konsolid\u00e1ciu verejn\u00fdch financi\u00ed: Slov\u00e1kov \u010dak\u00e1 v\u00fdrazn\u00e9 zn\u00ed\u017eenie soci\u00e1lneho \u0161tandardu.","isPartOf":{"@id":"https:\/\/www.smedemokrati.sk\/#website"},"primaryImageOfPage":{"@id":"https:\/\/www.smedemokrati.sk\/demokrati-kritizuju-toxicku-konsolidaciu-verejnych-financii-slovakov-caka-vyrazne-znizenie-socialneho-standardu\/#primaryimage"},"image":{"@id":"https:\/\/www.smedemokrati.sk\/demokrati-kritizuju-toxicku-konsolidaciu-verejnych-financii-slovakov-caka-vyrazne-znizenie-socialneho-standardu\/#primaryimage"},"thumbnailUrl":"https:\/\/www.smedemokrati.sk\/wp-content\/uploads\/2024\/09\/signal-2024-09-19-13-30-21-351-e1726746579946.jpg","datePublished":"2024-09-19T11:50:01+00:00","dateModified":"2024-10-01T14:06:21+00:00","breadcrumb":{"@id":"https:\/\/www.smedemokrati.sk\/demokrati-kritizuju-toxicku-konsolidaciu-verejnych-financii-slovakov-caka-vyrazne-znizenie-socialneho-standardu\/#breadcrumb"},"inLanguage":"en-US","potentialAction":[{"@type":"ReadAction","target":["https:\/\/www.smedemokrati.sk\/demokrati-kritizuju-toxicku-konsolidaciu-verejnych-financii-slovakov-caka-vyrazne-znizenie-socialneho-standardu\/"]}]},{"@type":"ImageObject","inLanguage":"en-US","@id":"https:\/\/www.smedemokrati.sk\/demokrati-kritizuju-toxicku-konsolidaciu-verejnych-financii-slovakov-caka-vyrazne-znizenie-socialneho-standardu\/#primaryimage","url":"https:\/\/www.smedemokrati.sk\/wp-content\/uploads\/2024\/09\/signal-2024-09-19-13-30-21-351-e1726746579946.jpg","contentUrl":"https:\/\/www.smedemokrati.sk\/wp-content\/uploads\/2024\/09\/signal-2024-09-19-13-30-21-351-e1726746579946.jpg","width":1120,"height":738},{"@type":"BreadcrumbList","@id":"https:\/\/www.smedemokrati.sk\/demokrati-kritizuju-toxicku-konsolidaciu-verejnych-financii-slovakov-caka-vyrazne-znizenie-socialneho-standardu\/#breadcrumb","itemListElement":[{"@type":"ListItem","position":1,"name":"Domovsk\u00e1 str\u00e1nka","item":"https:\/\/www.smedemokrati.sk\/"},{"@type":"ListItem","position":2,"name":"Demokrati kritizuj\u00fa toxick\u00fa konsolid\u00e1ciu verejn\u00fdch financi\u00ed: Slov\u00e1kov \u010dak\u00e1 v\u00fdrazn\u00e9 zn\u00ed\u017eenie soci\u00e1lneho \u0161tandardu."}]},{"@type":"WebSite","@id":"https:\/\/www.smedemokrati.sk\/#website","url":"https:\/\/www.smedemokrati.sk\/","name":"Smedemokrati.sk","description":"Demokracia a slu\u0161nos\u0165 zv\u00ed\u0165az\u00ed","publisher":{"@id":"https:\/\/www.smedemokrati.sk\/#organization"},"potentialAction":[{"@type":"SearchAction","target":{"@type":"EntryPoint","urlTemplate":"https:\/\/www.smedemokrati.sk\/?s={search_term_string}"},"query-input":{"@type":"PropertyValueSpecification","valueRequired":true,"valueName":"search_term_string"}}],"inLanguage":"en-US"},{"@type":"Organization","@id":"https:\/\/www.smedemokrati.sk\/#organization","name":"Smedemokrati.sk","url":"https:\/\/www.smedemokrati.sk\/","logo":{"@type":"ImageObject","inLanguage":"en-US","@id":"https:\/\/www.smedemokrati.sk\/#\/schema\/logo\/image\/","url":"https:\/\/www.smedemokrati.sk\/wp-content\/uploads\/2023\/04\/ff.002.jpeg","contentUrl":"https:\/\/www.smedemokrati.sk\/wp-content\/uploads\/2023\/04\/ff.002.jpeg","width":640,"height":480,"caption":"Smedemokrati.sk"},"image":{"@id":"https:\/\/www.smedemokrati.sk\/#\/schema\/logo\/image\/"},"sameAs":["https:\/\/www.facebook.com\/smedemokrati2023"]},{"@type":"Person","@id":"https:\/\/www.smedemokrati.sk\/#\/schema\/person\/21f147c88d605aa7ded900e1e7c344ba","name":"miro.sopko","image":{"@type":"ImageObject","inLanguage":"en-US","@id":"https:\/\/secure.gravatar.com\/avatar\/267e4a36f704376c109afe3a78740c1f5dd8675a2180a908699e7863c9247606?s=96&d=mm&r=g","url":"https:\/\/secure.gravatar.com\/avatar\/267e4a36f704376c109afe3a78740c1f5dd8675a2180a908699e7863c9247606?s=96&d=mm&r=g","contentUrl":"https:\/\/secure.gravatar.com\/avatar\/267e4a36f704376c109afe3a78740c1f5dd8675a2180a908699e7863c9247606?s=96&d=mm&r=g","caption":"miro.sopko"},"url":"https:\/\/www.smedemokrati.sk\/en\/author\/miro-sopko\/"}]}},"_links":{"self":[{"href":"https:\/\/www.smedemokrati.sk\/en\/wp-json\/wp\/v2\/posts\/5161","targetHints":{"allow":["GET"]}}],"collection":[{"href":"https:\/\/www.smedemokrati.sk\/en\/wp-json\/wp\/v2\/posts"}],"about":[{"href":"https:\/\/www.smedemokrati.sk\/en\/wp-json\/wp\/v2\/types\/post"}],"author":[{"embeddable":true,"href":"https:\/\/www.smedemokrati.sk\/en\/wp-json\/wp\/v2\/users\/13"}],"replies":[{"embeddable":true,"href":"https:\/\/www.smedemokrati.sk\/en\/wp-json\/wp\/v2\/comments?post=5161"}],"version-history":[{"count":3,"href":"https:\/\/www.smedemokrati.sk\/en\/wp-json\/wp\/v2\/posts\/5161\/revisions"}],"predecessor-version":[{"id":5165,"href":"https:\/\/www.smedemokrati.sk\/en\/wp-json\/wp\/v2\/posts\/5161\/revisions\/5165"}],"wp:featuredmedia":[{"embeddable":true,"href":"https:\/\/www.smedemokrati.sk\/en\/wp-json\/wp\/v2\/media\/5162"}],"wp:attachment":[{"href":"https:\/\/www.smedemokrati.sk\/en\/wp-json\/wp\/v2\/media?parent=5161"}],"wp:term":[{"taxonomy":"category","embeddable":true,"href":"https:\/\/www.smedemokrati.sk\/en\/wp-json\/wp\/v2\/categories?post=5161"},{"taxonomy":"post_tag","embeddable":true,"href":"https:\/\/www.smedemokrati.sk\/en\/wp-json\/wp\/v2\/tags?post=5161"}],"curies":[{"name":"wp","href":"https:\/\/api.w.org\/{rel}","templated":true}]}}