{"id":5128,"date":"2024-09-12T14:41:49","date_gmt":"2024-09-12T13:41:49","guid":{"rendered":"https:\/\/www.smedemokrati.sk\/?p=5128"},"modified":"2024-10-01T15:05:53","modified_gmt":"2024-10-01T14:05:53","slug":"zastavme-divadlo-v-parlamente-je-nasou-povinnostou-sa-venovat-problemom-ludi-nie-zastupnym-temam","status":"publish","type":"post","link":"https:\/\/www.smedemokrati.sk\/en\/zastavme-divadlo-v-parlamente-je-nasou-povinnostou-sa-venovat-problemom-ludi-nie-zastupnym-temam\/","title":{"rendered":"Zastavme divadlo v parlamente, je na\u0161ou povinnos\u0165ou sa venova\u0165 probl\u00e9mom \u013eud\u00ed, nie z\u00e1stupn\u00fdm t\u00e9mam"},"content":{"rendered":"<div id=\"fb-root\"><\/div>\n\n<p><strong>Vl\u00e1dna koal\u00edcia za\u010dala obrovsk\u00fa \u201eprekr\u00fdvaciu kampa\u0148&#8221;, ktorej cie\u013eom je odp\u00fatanie pozornosti od re\u00e1lnych probl\u00e9mov Slovenska. Pod\u013ea poslanca \u013dubom\u00edra Galka, ktor\u00fd spolupracuje s Demokratmi, na t\u00fato hru nasko\u010dila aj parlamentn\u00e1 opoz\u00edcia, ktor\u00fa \u017eiada, aby svoj mand\u00e1t venovala d\u00f4le\u017eit\u00fdm t\u00e9mam, ktor\u00e9 tr\u00e1pia be\u017en\u00fdch ob\u010danov. Odvol\u00e1vanie Michala \u0160ime\u010dku pova\u017euje za marketingov\u00fd \u0165ah Roberta Fica na odp\u00fatanie pozornosti, preto sa hlasovania ani rozpravy nez\u00fa\u010dastn\u00ed a rovnako navrhuje, aby to urobili ostatn\u00ed kolegovia.<\/strong><\/p>\n\n\n\n<p><em>\u201eAk sa Michal \u0160ime\u010dka dopustil vec\u00ed, z ktor\u00fdch ho obvi\u0148uje koal\u00edcia, zdrav\u00fd rozum hovor\u00ed, \u017ee by sa na to mali pozrie\u0165 pr\u00edslu\u0161n\u00e9 org\u00e1ny a v pr\u00edpade pochybenia vyvodi\u0165 adekv\u00e1tnu zodpovednos\u0165. Inak to nemo\u017eno pova\u017eova\u0165 za d\u00f4vod pre odvolanie z poz\u00edcie podpredsedu parlamentu. Je to oby\u010dajn\u00fd prekr\u00fdvac\u00ed man\u00e9ver a ja sa na \u0148om nemienim z\u00fa\u010dast\u0148ova\u0165,&#8221;<\/em>\u00a0otv\u00e1ra t\u00e9mu \u013dubom\u00edr Galko, ktor\u00fd hovor\u00ed, \u017ee potenci\u00e1lna zmena na poste podpredsedu parlamentu Slov\u00e1kom neprinesie ani lacnej\u0161ie potraviny ani energie a je to oby\u010dajn\u00e9 na\u0165ahovanie \u010dasu. Navrhuje preto, by sa opoz\u00edcia nez\u00fa\u010dast\u0148ovala ani rozpravy a ani hlasovania, ak k nemu d\u00f4jde.\u00a0 \u00a0<\/p>\n\n\n\n<p>B\u00fdval\u00fd podpredseda parlamentu Juraj \u0160eliga opakuje, \u017ee najd\u00f4le\u017eitej\u0161\u00edmi t\u00e9mami dne\u0161ka s\u00fa bezpe\u010dnos\u0165, zn\u00ed\u017eenie ekonomickej z\u00e1\u0165a\u017ee pre ob\u010danov a t\u00e9ma mo\u017en\u00e9ho zastavenia eurofondov pre katastrof\u00e1lnu politiku Roberta Fica:\u00a0<em>\u201ePod\u013ea na\u0161ich inform\u00e1ci\u00ed pri\u0161li \u010fal\u0161ie vyhr\u00e1\u017eky, tentoraz to m\u00e1 by\u0165 \u00fanos lietadla, \u010dak\u00e1m, kedy to pol\u00edcia potvrd\u00ed. To s\u00fa t\u00e9my, ktor\u00e9 ohrozuj\u00fa ob\u010danov a v ktor\u00fdch vl\u00e1da absol\u00fatne zlyh\u00e1va. Pol\u00edcia je v rozklade, Eur\u00f3pska komisia opr\u00e1vnene zva\u017euje, \u017ee n\u00e1m zastav\u00ed eurofondy a za potraviny sa nevieme doslova doplati\u0165. Fico vie, \u017ee zlyh\u00e1va, preto ako dobr\u00fd market\u00e9r prekr\u00fdva. E\u0161te st\u00e1le je \u010das zastavi\u0165 to, a to tak, \u017ee sa opoz\u00edcia tohto divadeln\u00e9ho predstavenia nebude z\u00fa\u010dast\u0148ova\u0165.&#8221;<\/em><\/p>\n\n\n\n<p>Analyti\u010dka Monika Podhor\u00e1ny Masarikov\u00e1 hovor\u00ed, \u017ee dom\u00e1ce dianie m\u00e1 presahy aj do zahrani\u010dia a je vn\u00edman\u00e9 nesmierne negat\u00edvne:\u00a0<em>\u201eZahrani\u010die sa d\u00edva na dianie na Slovensku. Ve\u013emi ho zauj\u00edma \u010di po \u00fatokoch na slobodn\u00e9 m\u00e9di\u00e1, \u0161kodliv\u00e9 zmeny v trestnom z\u00e1kone, d\u00e1 vl\u00e1dna koal\u00edcia \u010fal\u0161\u00ed klinec do pomyselnej rakvy demokracie Slovenska, a to nere\u0161pektovan\u00edm in\u0161tit\u00fatu opoz\u00edcie. Vyz\u00fdvam preto v\u0161etk\u00fdch, aby zi\u0161li z krat\u0161ej cesta a nepodie\u013eali sa na tomto divadle.&#8221;\u00a0<\/em><\/p>\n\n\n<div class=\"fb-video\" data-href=\"https:\/\/fb.watch\/uyEOsEkyHH\" data-allowfullscreen=\"true\" data-autoplay=\"false\" data-width=\"\" data-show-text=\"false\" data-show-captions=\"true\"><\/div>\n","protected":false},"excerpt":{"rendered":"<p>Vl\u00e1dna koal\u00edcia za\u010dala obrovsk\u00fa \u201eprekr\u00fdvaciu kampa\u0148&#8221;, ktorej cie\u013eom je odp\u00fatanie pozornosti od re\u00e1lnych probl\u00e9mov Slovenska. Pod\u013ea poslanca \u013dubom\u00edra Galka, ktor\u00fd spolupracuje s Demokratmi, na t\u00fato hru nasko\u010dila aj parlamentn\u00e1 opoz\u00edcia, ktor\u00fa \u017eiada, aby svoj mand\u00e1t venovala d\u00f4le\u017eit\u00fdm t\u00e9mam, ktor\u00e9 tr\u00e1pia be\u017en\u00fdch ob\u010danov. Odvol\u00e1vanie Michala \u0160ime\u010dku pova\u017euje za marketingov\u00fd \u0165ah Roberta Fica na odp\u00fatanie pozornosti, preto [&hellip;]<\/p>\n","protected":false},"author":13,"featured_media":5129,"comment_status":"closed","ping_status":"closed","sticky":false,"template":"","format":"standard","meta":{"_acf_changed":false,"ngg_post_thumbnail":0,"footnotes":""},"categories":[4],"tags":[],"class_list":["post-5128","post","type-post","status-publish","format-standard","has-post-thumbnail","hentry","category-tlacove-spravy"],"acf":[],"yoast_head":"<!-- This site is optimized with the Yoast SEO plugin v27.2 - https:\/\/yoast.com\/product\/yoast-seo-wordpress\/ -->\n<title>Zastavme divadlo v parlamente, je na\u0161ou povinnos\u0165ou sa venova\u0165 probl\u00e9mom \u013eud\u00ed, nie z\u00e1stupn\u00fdm t\u00e9mam<\/title>\n<meta name=\"robots\" content=\"index, follow, max-snippet:-1, max-image-preview:large, max-video-preview:-1\" \/>\n<link rel=\"canonical\" href=\"https:\/\/www.smedemokrati.sk\/en\/zastavme-divadlo-v-parlamente-je-nasou-povinnostou-sa-venovat-problemom-ludi-nie-zastupnym-temam\/\" \/>\n<meta property=\"og:locale\" content=\"en_US\" \/>\n<meta property=\"og:locale:alternate\" content=\"cs_CZ\" \/>\n<meta property=\"og:locale:alternate\" content=\"hu_HU\" \/>\n<meta property=\"og:locale:alternate\" content=\"sk_SK\" \/>\n<meta property=\"og:locale:alternate\" content=\"sv_SE\" \/>\n<meta property=\"og:type\" content=\"article\" \/>\n<meta property=\"og:title\" content=\"Zastavme divadlo v parlamente, je na\u0161ou povinnos\u0165ou sa venova\u0165 probl\u00e9mom \u013eud\u00ed, nie z\u00e1stupn\u00fdm t\u00e9mam\" \/>\n<meta property=\"og:description\" content=\"Vl\u00e1dna koal\u00edcia za\u010dala obrovsk\u00fa \u201eprekr\u00fdvaciu kampa\u0148&#8221;, ktorej cie\u013eom je odp\u00fatanie pozornosti od re\u00e1lnych probl\u00e9mov Slovenska. Pod\u013ea poslanca \u013dubom\u00edra Galka, ktor\u00fd spolupracuje s Demokratmi, na t\u00fato hru nasko\u010dila aj parlamentn\u00e1 opoz\u00edcia, ktor\u00fa \u017eiada, aby svoj mand\u00e1t venovala d\u00f4le\u017eit\u00fdm t\u00e9mam, ktor\u00e9 tr\u00e1pia be\u017en\u00fdch ob\u010danov. Odvol\u00e1vanie Michala \u0160ime\u010dku pova\u017euje za marketingov\u00fd \u0165ah Roberta Fica na odp\u00fatanie pozornosti, preto [&hellip;]\" \/>\n<meta property=\"og:url\" content=\"https:\/\/www.smedemokrati.sk\/en\/zastavme-divadlo-v-parlamente-je-nasou-povinnostou-sa-venovat-problemom-ludi-nie-zastupnym-temam\/\" \/>\n<meta property=\"og:site_name\" content=\"Smedemokrati.sk\" \/>\n<meta property=\"article:publisher\" content=\"https:\/\/www.facebook.com\/smedemokrati2023\" \/>\n<meta property=\"article:published_time\" content=\"2024-09-12T13:41:49+00:00\" \/>\n<meta property=\"article:modified_time\" content=\"2024-10-01T14:05:53+00:00\" \/>\n<meta property=\"og:image\" content=\"https:\/\/www.smedemokrati.sk\/wp-content\/uploads\/2024\/09\/demokrati-12092024.jpg\" \/>\n\t<meta property=\"og:image:width\" content=\"900\" \/>\n\t<meta property=\"og:image:height\" content=\"577\" \/>\n\t<meta property=\"og:image:type\" content=\"image\/jpeg\" \/>\n<meta name=\"author\" content=\"miro.sopko\" \/>\n<meta name=\"twitter:card\" content=\"summary_large_image\" \/>\n<meta name=\"twitter:label1\" content=\"Written by\" \/>\n\t<meta name=\"twitter:data1\" content=\"miro.sopko\" \/>\n\t<meta name=\"twitter:label2\" content=\"Est. reading time\" \/>\n\t<meta name=\"twitter:data2\" content=\"2 minutes\" \/>\n<script type=\"application\/ld+json\" class=\"yoast-schema-graph\">{\"@context\":\"https:\/\/schema.org\",\"@graph\":[{\"@type\":\"Article\",\"@id\":\"https:\/\/www.smedemokrati.sk\/zastavme-divadlo-v-parlamente-je-nasou-povinnostou-sa-venovat-problemom-ludi-nie-zastupnym-temam\/#article\",\"isPartOf\":{\"@id\":\"https:\/\/www.smedemokrati.sk\/zastavme-divadlo-v-parlamente-je-nasou-povinnostou-sa-venovat-problemom-ludi-nie-zastupnym-temam\/\"},\"author\":{\"name\":\"miro.sopko\",\"@id\":\"https:\/\/www.smedemokrati.sk\/#\/schema\/person\/21f147c88d605aa7ded900e1e7c344ba\"},\"headline\":\"Zastavme divadlo v parlamente, je na\u0161ou povinnos\u0165ou sa venova\u0165 probl\u00e9mom \u013eud\u00ed, nie z\u00e1stupn\u00fdm t\u00e9mam\",\"datePublished\":\"2024-09-12T13:41:49+00:00\",\"dateModified\":\"2024-10-01T14:05:53+00:00\",\"mainEntityOfPage\":{\"@id\":\"https:\/\/www.smedemokrati.sk\/zastavme-divadlo-v-parlamente-je-nasou-povinnostou-sa-venovat-problemom-ludi-nie-zastupnym-temam\/\"},\"wordCount\":487,\"publisher\":{\"@id\":\"https:\/\/www.smedemokrati.sk\/#organization\"},\"image\":{\"@id\":\"https:\/\/www.smedemokrati.sk\/zastavme-divadlo-v-parlamente-je-nasou-povinnostou-sa-venovat-problemom-ludi-nie-zastupnym-temam\/#primaryimage\"},\"thumbnailUrl\":\"https:\/\/www.smedemokrati.sk\/wp-content\/uploads\/2024\/09\/demokrati-12092024.jpg\",\"articleSection\":[\"Tla\u010dov\u00e9 spr\u00e1vy\"],\"inLanguage\":\"en-US\"},{\"@type\":\"WebPage\",\"@id\":\"https:\/\/www.smedemokrati.sk\/zastavme-divadlo-v-parlamente-je-nasou-povinnostou-sa-venovat-problemom-ludi-nie-zastupnym-temam\/\",\"url\":\"https:\/\/www.smedemokrati.sk\/zastavme-divadlo-v-parlamente-je-nasou-povinnostou-sa-venovat-problemom-ludi-nie-zastupnym-temam\/\",\"name\":\"Zastavme divadlo v parlamente, je na\u0161ou povinnos\u0165ou sa venova\u0165 probl\u00e9mom \u013eud\u00ed, nie z\u00e1stupn\u00fdm t\u00e9mam\",\"isPartOf\":{\"@id\":\"https:\/\/www.smedemokrati.sk\/#website\"},\"primaryImageOfPage\":{\"@id\":\"https:\/\/www.smedemokrati.sk\/zastavme-divadlo-v-parlamente-je-nasou-povinnostou-sa-venovat-problemom-ludi-nie-zastupnym-temam\/#primaryimage\"},\"image\":{\"@id\":\"https:\/\/www.smedemokrati.sk\/zastavme-divadlo-v-parlamente-je-nasou-povinnostou-sa-venovat-problemom-ludi-nie-zastupnym-temam\/#primaryimage\"},\"thumbnailUrl\":\"https:\/\/www.smedemokrati.sk\/wp-content\/uploads\/2024\/09\/demokrati-12092024.jpg\",\"datePublished\":\"2024-09-12T13:41:49+00:00\",\"dateModified\":\"2024-10-01T14:05:53+00:00\",\"breadcrumb\":{\"@id\":\"https:\/\/www.smedemokrati.sk\/zastavme-divadlo-v-parlamente-je-nasou-povinnostou-sa-venovat-problemom-ludi-nie-zastupnym-temam\/#breadcrumb\"},\"inLanguage\":\"en-US\",\"potentialAction\":[{\"@type\":\"ReadAction\",\"target\":[\"https:\/\/www.smedemokrati.sk\/zastavme-divadlo-v-parlamente-je-nasou-povinnostou-sa-venovat-problemom-ludi-nie-zastupnym-temam\/\"]}]},{\"@type\":\"ImageObject\",\"inLanguage\":\"en-US\",\"@id\":\"https:\/\/www.smedemokrati.sk\/zastavme-divadlo-v-parlamente-je-nasou-povinnostou-sa-venovat-problemom-ludi-nie-zastupnym-temam\/#primaryimage\",\"url\":\"https:\/\/www.smedemokrati.sk\/wp-content\/uploads\/2024\/09\/demokrati-12092024.jpg\",\"contentUrl\":\"https:\/\/www.smedemokrati.sk\/wp-content\/uploads\/2024\/09\/demokrati-12092024.jpg\",\"width\":900,\"height\":577},{\"@type\":\"BreadcrumbList\",\"@id\":\"https:\/\/www.smedemokrati.sk\/zastavme-divadlo-v-parlamente-je-nasou-povinnostou-sa-venovat-problemom-ludi-nie-zastupnym-temam\/#breadcrumb\",\"itemListElement\":[{\"@type\":\"ListItem\",\"position\":1,\"name\":\"Domovsk\u00e1 str\u00e1nka\",\"item\":\"https:\/\/www.smedemokrati.sk\/\"},{\"@type\":\"ListItem\",\"position\":2,\"name\":\"Zastavme divadlo v parlamente, je na\u0161ou povinnos\u0165ou sa venova\u0165 probl\u00e9mom \u013eud\u00ed, nie z\u00e1stupn\u00fdm t\u00e9mam\"}]},{\"@type\":\"WebSite\",\"@id\":\"https:\/\/www.smedemokrati.sk\/#website\",\"url\":\"https:\/\/www.smedemokrati.sk\/\",\"name\":\"Smedemokrati.sk\",\"description\":\"Demokracia a slu\u0161nos\u0165 zv\u00ed\u0165az\u00ed\",\"publisher\":{\"@id\":\"https:\/\/www.smedemokrati.sk\/#organization\"},\"potentialAction\":[{\"@type\":\"SearchAction\",\"target\":{\"@type\":\"EntryPoint\",\"urlTemplate\":\"https:\/\/www.smedemokrati.sk\/?s={search_term_string}\"},\"query-input\":{\"@type\":\"PropertyValueSpecification\",\"valueRequired\":true,\"valueName\":\"search_term_string\"}}],\"inLanguage\":\"en-US\"},{\"@type\":\"Organization\",\"@id\":\"https:\/\/www.smedemokrati.sk\/#organization\",\"name\":\"Smedemokrati.sk\",\"url\":\"https:\/\/www.smedemokrati.sk\/\",\"logo\":{\"@type\":\"ImageObject\",\"inLanguage\":\"en-US\",\"@id\":\"https:\/\/www.smedemokrati.sk\/#\/schema\/logo\/image\/\",\"url\":\"https:\/\/www.smedemokrati.sk\/wp-content\/uploads\/2023\/04\/ff.002.jpeg\",\"contentUrl\":\"https:\/\/www.smedemokrati.sk\/wp-content\/uploads\/2023\/04\/ff.002.jpeg\",\"width\":640,\"height\":480,\"caption\":\"Smedemokrati.sk\"},\"image\":{\"@id\":\"https:\/\/www.smedemokrati.sk\/#\/schema\/logo\/image\/\"},\"sameAs\":[\"https:\/\/www.facebook.com\/smedemokrati2023\"]},{\"@type\":\"Person\",\"@id\":\"https:\/\/www.smedemokrati.sk\/#\/schema\/person\/21f147c88d605aa7ded900e1e7c344ba\",\"name\":\"miro.sopko\",\"image\":{\"@type\":\"ImageObject\",\"inLanguage\":\"en-US\",\"@id\":\"https:\/\/secure.gravatar.com\/avatar\/267e4a36f704376c109afe3a78740c1f5dd8675a2180a908699e7863c9247606?s=96&d=mm&r=g\",\"url\":\"https:\/\/secure.gravatar.com\/avatar\/267e4a36f704376c109afe3a78740c1f5dd8675a2180a908699e7863c9247606?s=96&d=mm&r=g\",\"contentUrl\":\"https:\/\/secure.gravatar.com\/avatar\/267e4a36f704376c109afe3a78740c1f5dd8675a2180a908699e7863c9247606?s=96&d=mm&r=g\",\"caption\":\"miro.sopko\"},\"url\":\"https:\/\/www.smedemokrati.sk\/en\/author\/miro-sopko\/\"}]}<\/script>\n<!-- \/ Yoast SEO plugin. -->","yoast_head_json":{"title":"Zastavme divadlo v parlamente, je na\u0161ou povinnos\u0165ou sa venova\u0165 probl\u00e9mom \u013eud\u00ed, nie z\u00e1stupn\u00fdm t\u00e9mam","robots":{"index":"index","follow":"follow","max-snippet":"max-snippet:-1","max-image-preview":"max-image-preview:large","max-video-preview":"max-video-preview:-1"},"canonical":"https:\/\/www.smedemokrati.sk\/en\/zastavme-divadlo-v-parlamente-je-nasou-povinnostou-sa-venovat-problemom-ludi-nie-zastupnym-temam\/","og_locale":"en_US","og_type":"article","og_title":"[:sk]Zastavme divadlo v parlamente, je na\u0161ou povinnos\u0165ou sa venova\u0165 probl\u00e9mom \u013eud\u00ed, nie z\u00e1stupn\u00fdm t\u00e9mam[:] - Smedemokrati.sk","og_description":"Vl\u00e1dna koal\u00edcia za\u010dala obrovsk\u00fa \u201eprekr\u00fdvaciu kampa\u0148&#8221;, ktorej cie\u013eom je odp\u00fatanie pozornosti od re\u00e1lnych probl\u00e9mov Slovenska. Pod\u013ea poslanca \u013dubom\u00edra Galka, ktor\u00fd spolupracuje s Demokratmi, na t\u00fato hru nasko\u010dila aj parlamentn\u00e1 opoz\u00edcia, ktor\u00fa \u017eiada, aby svoj mand\u00e1t venovala d\u00f4le\u017eit\u00fdm t\u00e9mam, ktor\u00e9 tr\u00e1pia be\u017en\u00fdch ob\u010danov. Odvol\u00e1vanie Michala \u0160ime\u010dku pova\u017euje za marketingov\u00fd \u0165ah Roberta Fica na odp\u00fatanie pozornosti, preto [&hellip;]","og_url":"https:\/\/www.smedemokrati.sk\/en\/zastavme-divadlo-v-parlamente-je-nasou-povinnostou-sa-venovat-problemom-ludi-nie-zastupnym-temam\/","og_site_name":"Smedemokrati.sk","article_publisher":"https:\/\/www.facebook.com\/smedemokrati2023","article_published_time":"2024-09-12T13:41:49+00:00","article_modified_time":"2024-10-01T14:05:53+00:00","og_image":[{"width":900,"height":577,"url":"https:\/\/www.smedemokrati.sk\/wp-content\/uploads\/2024\/09\/demokrati-12092024.jpg","type":"image\/jpeg"}],"author":"miro.sopko","twitter_card":"summary_large_image","twitter_misc":{"Written by":"miro.sopko","Est. reading time":"2 minutes"},"schema":{"@context":"https:\/\/schema.org","@graph":[{"@type":"Article","@id":"https:\/\/www.smedemokrati.sk\/zastavme-divadlo-v-parlamente-je-nasou-povinnostou-sa-venovat-problemom-ludi-nie-zastupnym-temam\/#article","isPartOf":{"@id":"https:\/\/www.smedemokrati.sk\/zastavme-divadlo-v-parlamente-je-nasou-povinnostou-sa-venovat-problemom-ludi-nie-zastupnym-temam\/"},"author":{"name":"miro.sopko","@id":"https:\/\/www.smedemokrati.sk\/#\/schema\/person\/21f147c88d605aa7ded900e1e7c344ba"},"headline":"Zastavme divadlo v parlamente, je na\u0161ou povinnos\u0165ou sa venova\u0165 probl\u00e9mom \u013eud\u00ed, nie z\u00e1stupn\u00fdm t\u00e9mam","datePublished":"2024-09-12T13:41:49+00:00","dateModified":"2024-10-01T14:05:53+00:00","mainEntityOfPage":{"@id":"https:\/\/www.smedemokrati.sk\/zastavme-divadlo-v-parlamente-je-nasou-povinnostou-sa-venovat-problemom-ludi-nie-zastupnym-temam\/"},"wordCount":487,"publisher":{"@id":"https:\/\/www.smedemokrati.sk\/#organization"},"image":{"@id":"https:\/\/www.smedemokrati.sk\/zastavme-divadlo-v-parlamente-je-nasou-povinnostou-sa-venovat-problemom-ludi-nie-zastupnym-temam\/#primaryimage"},"thumbnailUrl":"https:\/\/www.smedemokrati.sk\/wp-content\/uploads\/2024\/09\/demokrati-12092024.jpg","articleSection":["Tla\u010dov\u00e9 spr\u00e1vy"],"inLanguage":"en-US"},{"@type":"WebPage","@id":"https:\/\/www.smedemokrati.sk\/zastavme-divadlo-v-parlamente-je-nasou-povinnostou-sa-venovat-problemom-ludi-nie-zastupnym-temam\/","url":"https:\/\/www.smedemokrati.sk\/zastavme-divadlo-v-parlamente-je-nasou-povinnostou-sa-venovat-problemom-ludi-nie-zastupnym-temam\/","name":"Zastavme divadlo v parlamente, je na\u0161ou povinnos\u0165ou sa venova\u0165 probl\u00e9mom \u013eud\u00ed, nie z\u00e1stupn\u00fdm t\u00e9mam","isPartOf":{"@id":"https:\/\/www.smedemokrati.sk\/#website"},"primaryImageOfPage":{"@id":"https:\/\/www.smedemokrati.sk\/zastavme-divadlo-v-parlamente-je-nasou-povinnostou-sa-venovat-problemom-ludi-nie-zastupnym-temam\/#primaryimage"},"image":{"@id":"https:\/\/www.smedemokrati.sk\/zastavme-divadlo-v-parlamente-je-nasou-povinnostou-sa-venovat-problemom-ludi-nie-zastupnym-temam\/#primaryimage"},"thumbnailUrl":"https:\/\/www.smedemokrati.sk\/wp-content\/uploads\/2024\/09\/demokrati-12092024.jpg","datePublished":"2024-09-12T13:41:49+00:00","dateModified":"2024-10-01T14:05:53+00:00","breadcrumb":{"@id":"https:\/\/www.smedemokrati.sk\/zastavme-divadlo-v-parlamente-je-nasou-povinnostou-sa-venovat-problemom-ludi-nie-zastupnym-temam\/#breadcrumb"},"inLanguage":"en-US","potentialAction":[{"@type":"ReadAction","target":["https:\/\/www.smedemokrati.sk\/zastavme-divadlo-v-parlamente-je-nasou-povinnostou-sa-venovat-problemom-ludi-nie-zastupnym-temam\/"]}]},{"@type":"ImageObject","inLanguage":"en-US","@id":"https:\/\/www.smedemokrati.sk\/zastavme-divadlo-v-parlamente-je-nasou-povinnostou-sa-venovat-problemom-ludi-nie-zastupnym-temam\/#primaryimage","url":"https:\/\/www.smedemokrati.sk\/wp-content\/uploads\/2024\/09\/demokrati-12092024.jpg","contentUrl":"https:\/\/www.smedemokrati.sk\/wp-content\/uploads\/2024\/09\/demokrati-12092024.jpg","width":900,"height":577},{"@type":"BreadcrumbList","@id":"https:\/\/www.smedemokrati.sk\/zastavme-divadlo-v-parlamente-je-nasou-povinnostou-sa-venovat-problemom-ludi-nie-zastupnym-temam\/#breadcrumb","itemListElement":[{"@type":"ListItem","position":1,"name":"Domovsk\u00e1 str\u00e1nka","item":"https:\/\/www.smedemokrati.sk\/"},{"@type":"ListItem","position":2,"name":"Zastavme divadlo v parlamente, je na\u0161ou povinnos\u0165ou sa venova\u0165 probl\u00e9mom \u013eud\u00ed, nie z\u00e1stupn\u00fdm t\u00e9mam"}]},{"@type":"WebSite","@id":"https:\/\/www.smedemokrati.sk\/#website","url":"https:\/\/www.smedemokrati.sk\/","name":"Smedemokrati.sk","description":"Demokracia a slu\u0161nos\u0165 zv\u00ed\u0165az\u00ed","publisher":{"@id":"https:\/\/www.smedemokrati.sk\/#organization"},"potentialAction":[{"@type":"SearchAction","target":{"@type":"EntryPoint","urlTemplate":"https:\/\/www.smedemokrati.sk\/?s={search_term_string}"},"query-input":{"@type":"PropertyValueSpecification","valueRequired":true,"valueName":"search_term_string"}}],"inLanguage":"en-US"},{"@type":"Organization","@id":"https:\/\/www.smedemokrati.sk\/#organization","name":"Smedemokrati.sk","url":"https:\/\/www.smedemokrati.sk\/","logo":{"@type":"ImageObject","inLanguage":"en-US","@id":"https:\/\/www.smedemokrati.sk\/#\/schema\/logo\/image\/","url":"https:\/\/www.smedemokrati.sk\/wp-content\/uploads\/2023\/04\/ff.002.jpeg","contentUrl":"https:\/\/www.smedemokrati.sk\/wp-content\/uploads\/2023\/04\/ff.002.jpeg","width":640,"height":480,"caption":"Smedemokrati.sk"},"image":{"@id":"https:\/\/www.smedemokrati.sk\/#\/schema\/logo\/image\/"},"sameAs":["https:\/\/www.facebook.com\/smedemokrati2023"]},{"@type":"Person","@id":"https:\/\/www.smedemokrati.sk\/#\/schema\/person\/21f147c88d605aa7ded900e1e7c344ba","name":"miro.sopko","image":{"@type":"ImageObject","inLanguage":"en-US","@id":"https:\/\/secure.gravatar.com\/avatar\/267e4a36f704376c109afe3a78740c1f5dd8675a2180a908699e7863c9247606?s=96&d=mm&r=g","url":"https:\/\/secure.gravatar.com\/avatar\/267e4a36f704376c109afe3a78740c1f5dd8675a2180a908699e7863c9247606?s=96&d=mm&r=g","contentUrl":"https:\/\/secure.gravatar.com\/avatar\/267e4a36f704376c109afe3a78740c1f5dd8675a2180a908699e7863c9247606?s=96&d=mm&r=g","caption":"miro.sopko"},"url":"https:\/\/www.smedemokrati.sk\/en\/author\/miro-sopko\/"}]}},"_links":{"self":[{"href":"https:\/\/www.smedemokrati.sk\/en\/wp-json\/wp\/v2\/posts\/5128","targetHints":{"allow":["GET"]}}],"collection":[{"href":"https:\/\/www.smedemokrati.sk\/en\/wp-json\/wp\/v2\/posts"}],"about":[{"href":"https:\/\/www.smedemokrati.sk\/en\/wp-json\/wp\/v2\/types\/post"}],"author":[{"embeddable":true,"href":"https:\/\/www.smedemokrati.sk\/en\/wp-json\/wp\/v2\/users\/13"}],"replies":[{"embeddable":true,"href":"https:\/\/www.smedemokrati.sk\/en\/wp-json\/wp\/v2\/comments?post=5128"}],"version-history":[{"count":1,"href":"https:\/\/www.smedemokrati.sk\/en\/wp-json\/wp\/v2\/posts\/5128\/revisions"}],"predecessor-version":[{"id":5130,"href":"https:\/\/www.smedemokrati.sk\/en\/wp-json\/wp\/v2\/posts\/5128\/revisions\/5130"}],"wp:featuredmedia":[{"embeddable":true,"href":"https:\/\/www.smedemokrati.sk\/en\/wp-json\/wp\/v2\/media\/5129"}],"wp:attachment":[{"href":"https:\/\/www.smedemokrati.sk\/en\/wp-json\/wp\/v2\/media?parent=5128"}],"wp:term":[{"taxonomy":"category","embeddable":true,"href":"https:\/\/www.smedemokrati.sk\/en\/wp-json\/wp\/v2\/categories?post=5128"},{"taxonomy":"post_tag","embeddable":true,"href":"https:\/\/www.smedemokrati.sk\/en\/wp-json\/wp\/v2\/tags?post=5128"}],"curies":[{"name":"wp","href":"https:\/\/api.w.org\/{rel}","templated":true}]}}