{"id":5120,"date":"2024-09-11T15:59:48","date_gmt":"2024-09-11T14:59:48","guid":{"rendered":"https:\/\/www.smedemokrati.sk\/?p=5120"},"modified":"2024-10-01T15:04:59","modified_gmt":"2024-10-01T14:04:59","slug":"taraba-opat-zlyhal-pri-plane-obnove-a-este-sa-aj-vysmieva-obyvatelom-jelsavy","status":"publish","type":"post","link":"https:\/\/www.smedemokrati.sk\/en\/taraba-opat-zlyhal-pri-plane-obnove-a-este-sa-aj-vysmieva-obyvatelom-jelsavy\/","title":{"rendered":"Taraba op\u00e4\u0165 zlyhal pri Pl\u00e1ne obnove a e\u0161te sa aj vysmieva obyvate\u013eom Jel\u0161avy"},"content":{"rendered":"<div id=\"fb-root\"><\/div>\n\n<p><strong>V\u00fdzva Obnov dom Mini z j\u00fala 2024 je \u010fal\u0161\u00edm zlyhan\u00edm ministra \u017eivotn\u00e9ho prostredia Tom\u00e1\u0161a Tarabu. Nevhodne nastaven\u00e9 krit\u00e9ria a ignorovanie ma\u010farsky hovoriacich \u017eiadate\u013eov sp\u00f4sobili, \u017ee z o\u010dak\u00e1van\u00fdch 3600 \u017eiadost\u00ed sa podalo len 1420. Taraba sa naviac doslova vysmieva obyvate\u013eom Jel\u0161avy, ktor\u00fdm zru\u0161il unik\u00e1tny projekt na z\u00e1chranu havarijn\u00e9ho stavu ovzdu\u0161ia. Avizovan\u00e1 v\u00fdzva Obnov dom Mini II probl\u00e9m s jel\u0161avsk\u00fdm ovzdu\u0161\u00edm nevyrie\u0161i.<\/strong><\/p>\n\n\n\n<p>Hlavn\u00fdm d\u00f4vodom, pre ktor\u00fd v\u00fdzva Obnov dom Mini jednozna\u010dne zlyhala, je nevhodn\u00e9 nastavenie v\u00fd\u0161ky pr\u00edspevku.\u00a0<em>\u201eKrit\u00e9rium pr\u00edjmu soci\u00e1lne znev\u00fdhodnen\u00fdch \u017eiadate\u013eov okruh \u017eiadate\u013eov nelogicky z\u00fa\u017eil. T\u00ed na jednej strane museli ma\u0165 neadekv\u00e1tne n\u00edzky pr\u00edjem, no z\u00e1rove\u0148 im nebola poskytnut\u00e1 dostato\u010dn\u00e1 z\u00e1loha na realiz\u00e1ciu ekologick\u00fdch opatren\u00ed. Obyvatelia skr\u00e1tka nemali \u00faspory v rozsahu cca 5 000 eur na financovanie obnovy domov.<\/em> <em>V\u00fdzva bola len minim\u00e1lne komunikovan\u00e1 v ma\u010far\u010dine, \u010do je v regi\u00f3ne ko\u0161ick\u00e9ho a banskobystrick\u00e9ho kraja nepochopite\u013en\u00e9. Po jej \u00faprave bola lehota na prihlasovanie pred\u013a\u017een\u00e1 len o p\u00e1r dn\u00ed. O\u010dak\u00e1vame, \u017ee z 1420 \u017eiadate\u013eov zmluvy nakoniec uzavrie odhadom len 60 %, a to pre vysok\u00fa chybovos\u0165. Cie\u013e v\u00fdzvy tak bude naplnen\u00fd e\u0161te v men\u0161om rozsahu,\u201d<\/em>\u00a0vysvet\u013euje Michal Ki\u010da, \u010dlen predsedn\u00edctva strany a jej expert na \u017eivotn\u00e9 prostredie.<\/p>\n\n\n\n<p>\u00dapln\u00fdm v\u00fdsmechom obyvate\u013eom Jel\u0161avy je Tarabovo tvrdenie, \u017ee opakovan\u00e1 v\u00fdzva vyrie\u0161i ich probl\u00e9m s havarijn\u00fdm stavom ovzdu\u0161ia.\u00a0<em>\u201eProjekt, ktor\u00fd nekompetentne zru\u0161il, rie\u0161il \u0161pecifick\u00fd probl\u00e9m marginalizovan\u00fdch komun\u00edt. Mesto Jel\u0161ava so zapojen\u00edm soci\u00e1lneho podniku a mestsk\u00fdch lesov mali vyr\u00e1ba\u0165 pelety, ktor\u00e9 by boli distribuovan\u00e9 do pribli\u017ene 100 marginalizovan\u00fdch dom\u00e1cnost\u00ed, v ktor\u00fdch by do\u0161lo k in\u0161tal\u00e1ci\u00ed ekologick\u00fdch zdrojov vykurovania. Obyvatelia by za to pracovali pr\u00e1ve v soci\u00e1lnom podniku. Ni\u010d z toho nov\u00e1 v\u00fdzva Obnov dom Mini II nedok\u00e1\u017ee zabezpe\u010di\u0165. Napokon, do jej prv\u00e9ho kola sa z Jel\u0161avy zapojilo do desa\u0165 \u017eiadate\u013eov, a aj to preva\u017ene z in\u00fdch ako dotknut\u00fdch dom\u00e1cnost\u00ed. Taraba sa tak m\u00e1rne sna\u017e\u00ed prekry\u0165 svoje zlyhanie a vysmieva sa nielen obyvate\u013eom Jel\u0161avy, ale aj v\u0161etk\u00fdm, ktor\u00ed projekt pripravovali nieko\u013eko rokov,\u201d<\/em>\u00a0kritizuje Ki\u010da.<\/p>\n\n\n\n<p>Minister Taraba \u010falej opakovane klame aj o tom, ako mal vybavi\u0165 zru\u0161enie preukazovania energetick\u00fdch certifik\u00e1tov. V\u00fdzva Obnov dom Mini je opatren\u00edm s prim\u00e1rnym cie\u013eom zlep\u0161i\u0165 kvalitu ovzdu\u0161ia zne\u010disten\u00e9ho nevhodn\u00fdm vykurovan\u00edm. Preto sa v nej nevy\u017eaduje preukazovanie energetick\u00fdch certifik\u00e1tov. Je s\u00fa\u010das\u0165ou kapitoly pl\u00e1nu obnovy REpowerEU, ktorej z\u00e1kladn\u00e9 kont\u00fary schva\u013eovala a vyrokovala s Eur\u00f3pskou komisiou e\u0161te vl\u00e1da E. Hegera. Vo \u201eve\u013ekej\u201d v\u00fdzve Obnov dom, financovanej z ostatn\u00fdch kapitol Pl\u00e1nu obnovy, je hlavn\u00fdm cie\u013eom zn\u00ed\u017eenie spotreby energie na vykurovanie. Tu sa energetick\u00fd certifik\u00e1t v\u017edy vy\u017eadoval a aj vy\u017eadova\u0165 bude. Taraba tak nevyrokoval v\u00f4bec ni\u010d.<\/p>\n\n\n\n<p>\u201e<em>Vyz\u00fdvame ho, aby kone\u010dne za\u010dal nie\u010do robi\u0165 aj pre obyvate\u013eov v regi\u00f3noch. Opakovanie v\u00fdzvy Obnov dom Mini II mus\u00ed nastavi\u0165 tak, aby bola skuto\u010dne atrakt\u00edvna a zameran\u00e1 aj na ma\u010farsky hovoriacich obyvate\u013eov Slovenska. Aj dnes sa uk\u00e1zalo, ak\u00fd ve\u013ek\u00fd m\u00fdtus s\u00fa Tarabove mana\u017e\u00e9rske schopnosti. Na jeho neschopnos\u0165 dopl\u00e1ca tis\u00edcky obyvate\u013eov Slovenska, ktor\u00ed bud\u00fa aj na\u010falej plati\u0165 vysok\u00e9 \u00fa\u010dty za energie a \u017ei\u0165 v zne\u010distenom ovzdu\u0161\u00ed. Rozvrat Pl\u00e1nu obnovy v podan\u00ed Tarabu pokra\u010duje,\u201d<\/em>\u00a0uzatv\u00e1ra Ki\u010da.<\/p>\n\n\n\n<figure class=\"wp-block-embed\"><div class=\"wp-block-embed__wrapper\">\n<!-- Embedded with Magic Embeds - https:\/\/magicembeds.com --><div class=\"wef-measure\" style=\"max-width: 450px;\"><\/div><div class=\"fb-page\" data-href=\"https:\/\/www.facebook.com\/share\/r\/ejigDqQwS8GjdAXT\" data-width=\"450\" data-height=\"500\" data-tabs=\"\" data-hide-cover=\"false\" data-show-facepile=\"false\" data-hide-cta=\"false\" data-small-header=\"false\" data-adapt-container-width=\"true\"><\/div>\n<\/div><\/figure>\n\n\n<div class=\"fb-video\" data-href=\"https:\/\/www.facebook.com\/reel\/9083642914997921\" data-allowfullscreen=\"true\" data-autoplay=\"false\" data-width=\"\" data-show-text=\"false\" data-show-captions=\"true\"><\/div>\n","protected":false},"excerpt":{"rendered":"<p>V\u00fdzva Obnov dom Mini z j\u00fala 2024 je \u010fal\u0161\u00edm zlyhan\u00edm ministra \u017eivotn\u00e9ho prostredia Tom\u00e1\u0161a Tarabu. Nevhodne nastaven\u00e9 krit\u00e9ria a ignorovanie ma\u010farsky hovoriacich \u017eiadate\u013eov sp\u00f4sobili, \u017ee z o\u010dak\u00e1van\u00fdch 3600 \u017eiadost\u00ed sa podalo len 1420. Taraba sa naviac doslova vysmieva obyvate\u013eom Jel\u0161avy, ktor\u00fdm zru\u0161il unik\u00e1tny projekt na z\u00e1chranu havarijn\u00e9ho stavu ovzdu\u0161ia. Avizovan\u00e1 v\u00fdzva Obnov dom Mini II [&hellip;]<\/p>\n","protected":false},"author":13,"featured_media":2486,"comment_status":"closed","ping_status":"closed","sticky":false,"template":"","format":"standard","meta":{"_acf_changed":false,"ngg_post_thumbnail":0,"footnotes":""},"categories":[4],"tags":[],"class_list":["post-5120","post","type-post","status-publish","format-standard","has-post-thumbnail","hentry","category-tlacove-spravy"],"acf":[],"yoast_head":"<!-- This site is optimized with the Yoast SEO plugin v27.2 - https:\/\/yoast.com\/product\/yoast-seo-wordpress\/ -->\n<title>Taraba op\u00e4\u0165 zlyhal pri Pl\u00e1ne obnove a e\u0161te sa aj vysmieva obyvate\u013eom Jel\u0161avy<\/title>\n<meta name=\"robots\" content=\"index, follow, max-snippet:-1, max-image-preview:large, max-video-preview:-1\" \/>\n<link rel=\"canonical\" href=\"https:\/\/www.smedemokrati.sk\/en\/taraba-opat-zlyhal-pri-plane-obnove-a-este-sa-aj-vysmieva-obyvatelom-jelsavy\/\" \/>\n<meta property=\"og:locale\" content=\"en_US\" \/>\n<meta property=\"og:locale:alternate\" content=\"cs_CZ\" \/>\n<meta property=\"og:locale:alternate\" content=\"hu_HU\" \/>\n<meta property=\"og:locale:alternate\" content=\"sk_SK\" \/>\n<meta property=\"og:locale:alternate\" content=\"sv_SE\" \/>\n<meta property=\"og:type\" content=\"article\" \/>\n<meta property=\"og:title\" content=\"Taraba op\u00e4\u0165 zlyhal pri Pl\u00e1ne obnove a e\u0161te sa aj vysmieva obyvate\u013eom Jel\u0161avy\" \/>\n<meta property=\"og:description\" content=\"V\u00fdzva Obnov dom Mini z j\u00fala 2024 je \u010fal\u0161\u00edm zlyhan\u00edm ministra \u017eivotn\u00e9ho prostredia Tom\u00e1\u0161a Tarabu. Nevhodne nastaven\u00e9 krit\u00e9ria a ignorovanie ma\u010farsky hovoriacich \u017eiadate\u013eov sp\u00f4sobili, \u017ee z o\u010dak\u00e1van\u00fdch 3600 \u017eiadost\u00ed sa podalo len 1420. Taraba sa naviac doslova vysmieva obyvate\u013eom Jel\u0161avy, ktor\u00fdm zru\u0161il unik\u00e1tny projekt na z\u00e1chranu havarijn\u00e9ho stavu ovzdu\u0161ia. Avizovan\u00e1 v\u00fdzva Obnov dom Mini II [&hellip;]\" \/>\n<meta property=\"og:url\" content=\"https:\/\/www.smedemokrati.sk\/en\/taraba-opat-zlyhal-pri-plane-obnove-a-este-sa-aj-vysmieva-obyvatelom-jelsavy\/\" \/>\n<meta property=\"og:site_name\" content=\"Smedemokrati.sk\" \/>\n<meta property=\"article:publisher\" content=\"https:\/\/www.facebook.com\/smedemokrati2023\" \/>\n<meta property=\"article:published_time\" content=\"2024-09-11T14:59:48+00:00\" \/>\n<meta property=\"article:modified_time\" content=\"2024-10-01T14:04:59+00:00\" \/>\n<meta property=\"og:image\" content=\"https:\/\/www.smedemokrati.sk\/wp-content\/uploads\/2024\/01\/Kica.jpg\" \/>\n\t<meta property=\"og:image:width\" content=\"1901\" \/>\n\t<meta property=\"og:image:height\" content=\"1066\" \/>\n\t<meta property=\"og:image:type\" content=\"image\/jpeg\" \/>\n<meta name=\"author\" content=\"miro.sopko\" \/>\n<meta name=\"twitter:card\" content=\"summary_large_image\" \/>\n<meta name=\"twitter:label1\" content=\"Written by\" \/>\n\t<meta name=\"twitter:data1\" content=\"miro.sopko\" \/>\n\t<meta name=\"twitter:label2\" content=\"Est. reading time\" \/>\n\t<meta name=\"twitter:data2\" content=\"3 minutes\" \/>\n<script type=\"application\/ld+json\" class=\"yoast-schema-graph\">{\"@context\":\"https:\/\/schema.org\",\"@graph\":[{\"@type\":\"Article\",\"@id\":\"https:\/\/www.smedemokrati.sk\/taraba-opat-zlyhal-pri-plane-obnove-a-este-sa-aj-vysmieva-obyvatelom-jelsavy\/#article\",\"isPartOf\":{\"@id\":\"https:\/\/www.smedemokrati.sk\/taraba-opat-zlyhal-pri-plane-obnove-a-este-sa-aj-vysmieva-obyvatelom-jelsavy\/\"},\"author\":{\"name\":\"miro.sopko\",\"@id\":\"https:\/\/www.smedemokrati.sk\/#\/schema\/person\/21f147c88d605aa7ded900e1e7c344ba\"},\"headline\":\"Taraba op\u00e4\u0165 zlyhal pri Pl\u00e1ne obnove a e\u0161te sa aj vysmieva obyvate\u013eom Jel\u0161avy\",\"datePublished\":\"2024-09-11T14:59:48+00:00\",\"dateModified\":\"2024-10-01T14:04:59+00:00\",\"mainEntityOfPage\":{\"@id\":\"https:\/\/www.smedemokrati.sk\/taraba-opat-zlyhal-pri-plane-obnove-a-este-sa-aj-vysmieva-obyvatelom-jelsavy\/\"},\"wordCount\":674,\"publisher\":{\"@id\":\"https:\/\/www.smedemokrati.sk\/#organization\"},\"image\":{\"@id\":\"https:\/\/www.smedemokrati.sk\/taraba-opat-zlyhal-pri-plane-obnove-a-este-sa-aj-vysmieva-obyvatelom-jelsavy\/#primaryimage\"},\"thumbnailUrl\":\"https:\/\/www.smedemokrati.sk\/wp-content\/uploads\/2024\/01\/Kica.jpg\",\"articleSection\":[\"Tla\u010dov\u00e9 spr\u00e1vy\"],\"inLanguage\":\"en-US\"},{\"@type\":\"WebPage\",\"@id\":\"https:\/\/www.smedemokrati.sk\/taraba-opat-zlyhal-pri-plane-obnove-a-este-sa-aj-vysmieva-obyvatelom-jelsavy\/\",\"url\":\"https:\/\/www.smedemokrati.sk\/taraba-opat-zlyhal-pri-plane-obnove-a-este-sa-aj-vysmieva-obyvatelom-jelsavy\/\",\"name\":\"Taraba op\u00e4\u0165 zlyhal pri Pl\u00e1ne obnove a e\u0161te sa aj vysmieva obyvate\u013eom Jel\u0161avy\",\"isPartOf\":{\"@id\":\"https:\/\/www.smedemokrati.sk\/#website\"},\"primaryImageOfPage\":{\"@id\":\"https:\/\/www.smedemokrati.sk\/taraba-opat-zlyhal-pri-plane-obnove-a-este-sa-aj-vysmieva-obyvatelom-jelsavy\/#primaryimage\"},\"image\":{\"@id\":\"https:\/\/www.smedemokrati.sk\/taraba-opat-zlyhal-pri-plane-obnove-a-este-sa-aj-vysmieva-obyvatelom-jelsavy\/#primaryimage\"},\"thumbnailUrl\":\"https:\/\/www.smedemokrati.sk\/wp-content\/uploads\/2024\/01\/Kica.jpg\",\"datePublished\":\"2024-09-11T14:59:48+00:00\",\"dateModified\":\"2024-10-01T14:04:59+00:00\",\"breadcrumb\":{\"@id\":\"https:\/\/www.smedemokrati.sk\/taraba-opat-zlyhal-pri-plane-obnove-a-este-sa-aj-vysmieva-obyvatelom-jelsavy\/#breadcrumb\"},\"inLanguage\":\"en-US\",\"potentialAction\":[{\"@type\":\"ReadAction\",\"target\":[\"https:\/\/www.smedemokrati.sk\/taraba-opat-zlyhal-pri-plane-obnove-a-este-sa-aj-vysmieva-obyvatelom-jelsavy\/\"]}]},{\"@type\":\"ImageObject\",\"inLanguage\":\"en-US\",\"@id\":\"https:\/\/www.smedemokrati.sk\/taraba-opat-zlyhal-pri-plane-obnove-a-este-sa-aj-vysmieva-obyvatelom-jelsavy\/#primaryimage\",\"url\":\"https:\/\/www.smedemokrati.sk\/wp-content\/uploads\/2024\/01\/Kica.jpg\",\"contentUrl\":\"https:\/\/www.smedemokrati.sk\/wp-content\/uploads\/2024\/01\/Kica.jpg\",\"width\":1901,\"height\":1066},{\"@type\":\"BreadcrumbList\",\"@id\":\"https:\/\/www.smedemokrati.sk\/taraba-opat-zlyhal-pri-plane-obnove-a-este-sa-aj-vysmieva-obyvatelom-jelsavy\/#breadcrumb\",\"itemListElement\":[{\"@type\":\"ListItem\",\"position\":1,\"name\":\"Domovsk\u00e1 str\u00e1nka\",\"item\":\"https:\/\/www.smedemokrati.sk\/\"},{\"@type\":\"ListItem\",\"position\":2,\"name\":\"Taraba op\u00e4\u0165 zlyhal pri Pl\u00e1ne obnove a e\u0161te sa aj vysmieva obyvate\u013eom Jel\u0161avy\"}]},{\"@type\":\"WebSite\",\"@id\":\"https:\/\/www.smedemokrati.sk\/#website\",\"url\":\"https:\/\/www.smedemokrati.sk\/\",\"name\":\"Smedemokrati.sk\",\"description\":\"Demokracia a slu\u0161nos\u0165 zv\u00ed\u0165az\u00ed\",\"publisher\":{\"@id\":\"https:\/\/www.smedemokrati.sk\/#organization\"},\"potentialAction\":[{\"@type\":\"SearchAction\",\"target\":{\"@type\":\"EntryPoint\",\"urlTemplate\":\"https:\/\/www.smedemokrati.sk\/?s={search_term_string}\"},\"query-input\":{\"@type\":\"PropertyValueSpecification\",\"valueRequired\":true,\"valueName\":\"search_term_string\"}}],\"inLanguage\":\"en-US\"},{\"@type\":\"Organization\",\"@id\":\"https:\/\/www.smedemokrati.sk\/#organization\",\"name\":\"Smedemokrati.sk\",\"url\":\"https:\/\/www.smedemokrati.sk\/\",\"logo\":{\"@type\":\"ImageObject\",\"inLanguage\":\"en-US\",\"@id\":\"https:\/\/www.smedemokrati.sk\/#\/schema\/logo\/image\/\",\"url\":\"https:\/\/www.smedemokrati.sk\/wp-content\/uploads\/2023\/04\/ff.002.jpeg\",\"contentUrl\":\"https:\/\/www.smedemokrati.sk\/wp-content\/uploads\/2023\/04\/ff.002.jpeg\",\"width\":640,\"height\":480,\"caption\":\"Smedemokrati.sk\"},\"image\":{\"@id\":\"https:\/\/www.smedemokrati.sk\/#\/schema\/logo\/image\/\"},\"sameAs\":[\"https:\/\/www.facebook.com\/smedemokrati2023\"]},{\"@type\":\"Person\",\"@id\":\"https:\/\/www.smedemokrati.sk\/#\/schema\/person\/21f147c88d605aa7ded900e1e7c344ba\",\"name\":\"miro.sopko\",\"image\":{\"@type\":\"ImageObject\",\"inLanguage\":\"en-US\",\"@id\":\"https:\/\/secure.gravatar.com\/avatar\/267e4a36f704376c109afe3a78740c1f5dd8675a2180a908699e7863c9247606?s=96&d=mm&r=g\",\"url\":\"https:\/\/secure.gravatar.com\/avatar\/267e4a36f704376c109afe3a78740c1f5dd8675a2180a908699e7863c9247606?s=96&d=mm&r=g\",\"contentUrl\":\"https:\/\/secure.gravatar.com\/avatar\/267e4a36f704376c109afe3a78740c1f5dd8675a2180a908699e7863c9247606?s=96&d=mm&r=g\",\"caption\":\"miro.sopko\"},\"url\":\"https:\/\/www.smedemokrati.sk\/en\/author\/miro-sopko\/\"}]}<\/script>\n<!-- \/ Yoast SEO plugin. -->","yoast_head_json":{"title":"Taraba op\u00e4\u0165 zlyhal pri Pl\u00e1ne obnove a e\u0161te sa aj vysmieva obyvate\u013eom Jel\u0161avy","robots":{"index":"index","follow":"follow","max-snippet":"max-snippet:-1","max-image-preview":"max-image-preview:large","max-video-preview":"max-video-preview:-1"},"canonical":"https:\/\/www.smedemokrati.sk\/en\/taraba-opat-zlyhal-pri-plane-obnove-a-este-sa-aj-vysmieva-obyvatelom-jelsavy\/","og_locale":"en_US","og_type":"article","og_title":"[:sk]Taraba op\u00e4\u0165 zlyhal pri Pl\u00e1ne obnove a e\u0161te sa aj vysmieva obyvate\u013eom Jel\u0161avy[:] - Smedemokrati.sk","og_description":"V\u00fdzva Obnov dom Mini z j\u00fala 2024 je \u010fal\u0161\u00edm zlyhan\u00edm ministra \u017eivotn\u00e9ho prostredia Tom\u00e1\u0161a Tarabu. Nevhodne nastaven\u00e9 krit\u00e9ria a ignorovanie ma\u010farsky hovoriacich \u017eiadate\u013eov sp\u00f4sobili, \u017ee z o\u010dak\u00e1van\u00fdch 3600 \u017eiadost\u00ed sa podalo len 1420. Taraba sa naviac doslova vysmieva obyvate\u013eom Jel\u0161avy, ktor\u00fdm zru\u0161il unik\u00e1tny projekt na z\u00e1chranu havarijn\u00e9ho stavu ovzdu\u0161ia. Avizovan\u00e1 v\u00fdzva Obnov dom Mini II [&hellip;]","og_url":"https:\/\/www.smedemokrati.sk\/en\/taraba-opat-zlyhal-pri-plane-obnove-a-este-sa-aj-vysmieva-obyvatelom-jelsavy\/","og_site_name":"Smedemokrati.sk","article_publisher":"https:\/\/www.facebook.com\/smedemokrati2023","article_published_time":"2024-09-11T14:59:48+00:00","article_modified_time":"2024-10-01T14:04:59+00:00","og_image":[{"width":1901,"height":1066,"url":"https:\/\/www.smedemokrati.sk\/wp-content\/uploads\/2024\/01\/Kica.jpg","type":"image\/jpeg"}],"author":"miro.sopko","twitter_card":"summary_large_image","twitter_misc":{"Written by":"miro.sopko","Est. reading time":"3 minutes"},"schema":{"@context":"https:\/\/schema.org","@graph":[{"@type":"Article","@id":"https:\/\/www.smedemokrati.sk\/taraba-opat-zlyhal-pri-plane-obnove-a-este-sa-aj-vysmieva-obyvatelom-jelsavy\/#article","isPartOf":{"@id":"https:\/\/www.smedemokrati.sk\/taraba-opat-zlyhal-pri-plane-obnove-a-este-sa-aj-vysmieva-obyvatelom-jelsavy\/"},"author":{"name":"miro.sopko","@id":"https:\/\/www.smedemokrati.sk\/#\/schema\/person\/21f147c88d605aa7ded900e1e7c344ba"},"headline":"Taraba op\u00e4\u0165 zlyhal pri Pl\u00e1ne obnove a e\u0161te sa aj vysmieva obyvate\u013eom Jel\u0161avy","datePublished":"2024-09-11T14:59:48+00:00","dateModified":"2024-10-01T14:04:59+00:00","mainEntityOfPage":{"@id":"https:\/\/www.smedemokrati.sk\/taraba-opat-zlyhal-pri-plane-obnove-a-este-sa-aj-vysmieva-obyvatelom-jelsavy\/"},"wordCount":674,"publisher":{"@id":"https:\/\/www.smedemokrati.sk\/#organization"},"image":{"@id":"https:\/\/www.smedemokrati.sk\/taraba-opat-zlyhal-pri-plane-obnove-a-este-sa-aj-vysmieva-obyvatelom-jelsavy\/#primaryimage"},"thumbnailUrl":"https:\/\/www.smedemokrati.sk\/wp-content\/uploads\/2024\/01\/Kica.jpg","articleSection":["Tla\u010dov\u00e9 spr\u00e1vy"],"inLanguage":"en-US"},{"@type":"WebPage","@id":"https:\/\/www.smedemokrati.sk\/taraba-opat-zlyhal-pri-plane-obnove-a-este-sa-aj-vysmieva-obyvatelom-jelsavy\/","url":"https:\/\/www.smedemokrati.sk\/taraba-opat-zlyhal-pri-plane-obnove-a-este-sa-aj-vysmieva-obyvatelom-jelsavy\/","name":"Taraba op\u00e4\u0165 zlyhal pri Pl\u00e1ne obnove a e\u0161te sa aj vysmieva obyvate\u013eom Jel\u0161avy","isPartOf":{"@id":"https:\/\/www.smedemokrati.sk\/#website"},"primaryImageOfPage":{"@id":"https:\/\/www.smedemokrati.sk\/taraba-opat-zlyhal-pri-plane-obnove-a-este-sa-aj-vysmieva-obyvatelom-jelsavy\/#primaryimage"},"image":{"@id":"https:\/\/www.smedemokrati.sk\/taraba-opat-zlyhal-pri-plane-obnove-a-este-sa-aj-vysmieva-obyvatelom-jelsavy\/#primaryimage"},"thumbnailUrl":"https:\/\/www.smedemokrati.sk\/wp-content\/uploads\/2024\/01\/Kica.jpg","datePublished":"2024-09-11T14:59:48+00:00","dateModified":"2024-10-01T14:04:59+00:00","breadcrumb":{"@id":"https:\/\/www.smedemokrati.sk\/taraba-opat-zlyhal-pri-plane-obnove-a-este-sa-aj-vysmieva-obyvatelom-jelsavy\/#breadcrumb"},"inLanguage":"en-US","potentialAction":[{"@type":"ReadAction","target":["https:\/\/www.smedemokrati.sk\/taraba-opat-zlyhal-pri-plane-obnove-a-este-sa-aj-vysmieva-obyvatelom-jelsavy\/"]}]},{"@type":"ImageObject","inLanguage":"en-US","@id":"https:\/\/www.smedemokrati.sk\/taraba-opat-zlyhal-pri-plane-obnove-a-este-sa-aj-vysmieva-obyvatelom-jelsavy\/#primaryimage","url":"https:\/\/www.smedemokrati.sk\/wp-content\/uploads\/2024\/01\/Kica.jpg","contentUrl":"https:\/\/www.smedemokrati.sk\/wp-content\/uploads\/2024\/01\/Kica.jpg","width":1901,"height":1066},{"@type":"BreadcrumbList","@id":"https:\/\/www.smedemokrati.sk\/taraba-opat-zlyhal-pri-plane-obnove-a-este-sa-aj-vysmieva-obyvatelom-jelsavy\/#breadcrumb","itemListElement":[{"@type":"ListItem","position":1,"name":"Domovsk\u00e1 str\u00e1nka","item":"https:\/\/www.smedemokrati.sk\/"},{"@type":"ListItem","position":2,"name":"Taraba op\u00e4\u0165 zlyhal pri Pl\u00e1ne obnove a e\u0161te sa aj vysmieva obyvate\u013eom Jel\u0161avy"}]},{"@type":"WebSite","@id":"https:\/\/www.smedemokrati.sk\/#website","url":"https:\/\/www.smedemokrati.sk\/","name":"Smedemokrati.sk","description":"Demokracia a slu\u0161nos\u0165 zv\u00ed\u0165az\u00ed","publisher":{"@id":"https:\/\/www.smedemokrati.sk\/#organization"},"potentialAction":[{"@type":"SearchAction","target":{"@type":"EntryPoint","urlTemplate":"https:\/\/www.smedemokrati.sk\/?s={search_term_string}"},"query-input":{"@type":"PropertyValueSpecification","valueRequired":true,"valueName":"search_term_string"}}],"inLanguage":"en-US"},{"@type":"Organization","@id":"https:\/\/www.smedemokrati.sk\/#organization","name":"Smedemokrati.sk","url":"https:\/\/www.smedemokrati.sk\/","logo":{"@type":"ImageObject","inLanguage":"en-US","@id":"https:\/\/www.smedemokrati.sk\/#\/schema\/logo\/image\/","url":"https:\/\/www.smedemokrati.sk\/wp-content\/uploads\/2023\/04\/ff.002.jpeg","contentUrl":"https:\/\/www.smedemokrati.sk\/wp-content\/uploads\/2023\/04\/ff.002.jpeg","width":640,"height":480,"caption":"Smedemokrati.sk"},"image":{"@id":"https:\/\/www.smedemokrati.sk\/#\/schema\/logo\/image\/"},"sameAs":["https:\/\/www.facebook.com\/smedemokrati2023"]},{"@type":"Person","@id":"https:\/\/www.smedemokrati.sk\/#\/schema\/person\/21f147c88d605aa7ded900e1e7c344ba","name":"miro.sopko","image":{"@type":"ImageObject","inLanguage":"en-US","@id":"https:\/\/secure.gravatar.com\/avatar\/267e4a36f704376c109afe3a78740c1f5dd8675a2180a908699e7863c9247606?s=96&d=mm&r=g","url":"https:\/\/secure.gravatar.com\/avatar\/267e4a36f704376c109afe3a78740c1f5dd8675a2180a908699e7863c9247606?s=96&d=mm&r=g","contentUrl":"https:\/\/secure.gravatar.com\/avatar\/267e4a36f704376c109afe3a78740c1f5dd8675a2180a908699e7863c9247606?s=96&d=mm&r=g","caption":"miro.sopko"},"url":"https:\/\/www.smedemokrati.sk\/en\/author\/miro-sopko\/"}]}},"_links":{"self":[{"href":"https:\/\/www.smedemokrati.sk\/en\/wp-json\/wp\/v2\/posts\/5120","targetHints":{"allow":["GET"]}}],"collection":[{"href":"https:\/\/www.smedemokrati.sk\/en\/wp-json\/wp\/v2\/posts"}],"about":[{"href":"https:\/\/www.smedemokrati.sk\/en\/wp-json\/wp\/v2\/types\/post"}],"author":[{"embeddable":true,"href":"https:\/\/www.smedemokrati.sk\/en\/wp-json\/wp\/v2\/users\/13"}],"replies":[{"embeddable":true,"href":"https:\/\/www.smedemokrati.sk\/en\/wp-json\/wp\/v2\/comments?post=5120"}],"version-history":[{"count":3,"href":"https:\/\/www.smedemokrati.sk\/en\/wp-json\/wp\/v2\/posts\/5120\/revisions"}],"predecessor-version":[{"id":5124,"href":"https:\/\/www.smedemokrati.sk\/en\/wp-json\/wp\/v2\/posts\/5120\/revisions\/5124"}],"wp:featuredmedia":[{"embeddable":true,"href":"https:\/\/www.smedemokrati.sk\/en\/wp-json\/wp\/v2\/media\/2486"}],"wp:attachment":[{"href":"https:\/\/www.smedemokrati.sk\/en\/wp-json\/wp\/v2\/media?parent=5120"}],"wp:term":[{"taxonomy":"category","embeddable":true,"href":"https:\/\/www.smedemokrati.sk\/en\/wp-json\/wp\/v2\/categories?post=5120"},{"taxonomy":"post_tag","embeddable":true,"href":"https:\/\/www.smedemokrati.sk\/en\/wp-json\/wp\/v2\/tags?post=5120"}],"curies":[{"name":"wp","href":"https:\/\/api.w.org\/{rel}","templated":true}]}}