{"id":5068,"date":"2024-09-05T11:43:16","date_gmt":"2024-09-05T10:43:16","guid":{"rendered":"https:\/\/www.smedemokrati.sk\/?p=5068"},"modified":"2024-09-19T22:34:22","modified_gmt":"2024-09-19T21:34:22","slug":"demokrati-sa-stavaju-parlamentnou-stranou-spolupracovat-budu-s-lubomirom-galkom","status":"publish","type":"post","link":"https:\/\/www.smedemokrati.sk\/en\/demokrati-sa-stavaju-parlamentnou-stranou-spolupracovat-budu-s-lubomirom-galkom\/","title":{"rendered":"Demokrati sa st\u00e1vaj\u00fa parlamentnou stranou, spolupracova\u0165 bud\u00fa s \u013dubom\u00edrom Galkom"},"content":{"rendered":"<div id=\"fb-root\"><\/div>\n\n<p><strong>Strana pod veden\u00edm Jaroslava Na\u010fa predstavila prv\u00e9ho poslanca NR SR, s ktor\u00fdm bude spolupracova\u0165. Demokrati sa dohodli s \u013dubom\u00edrom Galkom, ktor\u00fd sa roky venuje bezpe\u010dnostnej a obrannej politike. Strana tak z\u00edskava mo\u017enos\u0165 predklada\u0165 svoje n\u00e1vrhy z\u00e1konov, rovnako tak odborne pripomienkova\u0165 legislat\u00edvu a presadzova\u0165 svoje v\u00edzie a my\u0161lienky aj na p\u00f4de z\u00e1konodarn\u00e9ho zboru.&nbsp; &nbsp;<\/strong><\/p>\n\n\n\n<p><em>\u201eMnoh\u00ed n\u00e1m hovor\u00edte, \u017ee sme uk\u00e1\u017ekou toho, \u017ee aj v \u0165a\u017ekej situ\u00e1ci\u00ed, poctiv\u00e1 pr\u00e1ca, siln\u00e1 v\u00f4\u013ea a pomoc dobr\u00fdch \u013eud\u00ed, vie prin\u00e1\u0161a\u0165 v\u00fdsledky. Do \u010fal\u0161ej f\u00e1zy na\u0161ej \u010dinnosti dnes s ve\u013ek\u00fdm odhodlan\u00edm a pokorou m\u00f4\u017eeme poveda\u0165, \u017ee strana Demokrati sa st\u00e1va stranou parlamentnou a verte, \u017ee budete z na\u0161ej strany vidie\u0165 e\u0161te v\u00e4\u010d\u0161iu h\u00fa\u017eevnatos\u0165.\u00a0Som ve\u013emi r\u00e1d, \u017ee m\u00f4\u017eem ozn\u00e1mi\u0165 za\u010diatok spolupr\u00e1ce strany Demokrati s poslancom N\u00e1rodnej rady \u013dubom\u00edrom Galkom,\u201d<\/em>\u00a0hovor\u00ed predseda Demokratov Jaroslav Na\u010f, ktor\u00fd z\u00e1rove\u0148 po\u010fakoval svojmu dlhoro\u010dn\u00e9mu kolegovi za rozhodnutie spolupracova\u0165 so stranou.\u00a0<\/p>\n\n\n\n<p>Poslanec \u013dubom\u00edr Galko hovor\u00ed, \u017ee Demokrati s\u00fa stredoprav\u00e1 strana, ktor\u00e1 nekoketuje s Hlasom a nesn\u00edva sny o tom, \u017ee ide meni\u0165 \u00fastavu so Smerom.<\/p>\n\n\n\n<p><em>\u201eDemokrati s\u00fa \u010dasto akt\u00edvnej\u0161\u00ed, ne\u017e viacer\u00e9 in\u00e9 parlamentn\u00e9 opozi\u010dn\u00e9 strany. Pr\u00e1ve preto chcem pom\u00f4c\u0165 t\u00fato aktivitu prenies\u0165 aj na p\u00f4du parlamentu. Moja spolupr\u00e1ca s\u00a0Demokratmi bude ma\u0165 praktick\u00fa formu predkladania n\u00e1vrhov z\u00e1konov, predkladania uznesen\u00ed, n\u00e1vrhov na zvol\u00e1vanie v\u00fdborov, predkladanie pozme\u0148uj\u00facich n\u00e1vrhov. Stredov\u00e1 strana, strana odborn\u00edkov so sk\u00fasen\u00fdmi \u013eu\u010fmi do parlamentu patr\u00ed, a to Demokrati jednozna\u010dne s\u00fa,\u201d<\/em>\u00a0ozrejmuje d\u00f4vody spolupr\u00e1ce \u013dubom\u00edr Galko.<\/p>\n\n\n\n<p>Na z\u00e1ver dod\u00e1va, \u017ee dne\u0161n\u00fdm d\u0148om ukon\u010dil \u010dlenstvo v poslaneckom klube hnutia Slovensko.\u00a0<em>\u201eV\u00a0tomto momente chcem poveda\u0165, \u017ee spolupr\u00e1ca s Demokratmi bude na odbornej a\u00a0poslaneckej \u00farovni, do strany nevstupujem ako \u010dlen a\u00a0nebudem zast\u00e1va\u0165 funkciu v\u00a0org\u00e1noch strany. Ako to bude \u010falej uk\u00e1\u017ee bud\u00facnos\u0165. Mysl\u00edm si v\u0161ak, \u017ee nebudem jedin\u00fd a\u00a0bud\u00fa ma nasledova\u0165 aj \u010fal\u0161ie poslankyne a\u00a0poslanci.\u201d<\/em>\u00a0uzavrel poslanec NR SR.<\/p>\n\n\n\nngg_shortcode_0_placeholder\n\n\n\n<figure class=\"wp-block-embed is-type-video is-provider-youtube wp-block-embed-youtube wp-embed-aspect-16-9 wp-has-aspect-ratio\"><div class=\"wp-block-embed__wrapper\">\n<iframe title=\"Demokrati sa st\u00e1vaj\u00fa parlamentnou stranou\" width=\"500\" height=\"281\" src=\"https:\/\/www.youtube.com\/embed\/7idAmdAgj-E?feature=oembed\" frameborder=\"0\" allow=\"accelerometer; autoplay; clipboard-write; encrypted-media; gyroscope; picture-in-picture; web-share\" referrerpolicy=\"strict-origin-when-cross-origin\" allowfullscreen><\/iframe>\n<\/div><\/figure>\n","protected":false},"excerpt":{"rendered":"<p>Strana pod veden\u00edm Jaroslava Na\u010fa predstavila prv\u00e9ho poslanca NR SR, s ktor\u00fdm bude spolupracova\u0165. Demokrati sa dohodli s \u013dubom\u00edrom Galkom, ktor\u00fd sa roky venuje bezpe\u010dnostnej a obrannej politike. Strana tak z\u00edskava mo\u017enos\u0165 predklada\u0165 svoje n\u00e1vrhy z\u00e1konov, rovnako tak odborne pripomienkova\u0165 legislat\u00edvu a presadzova\u0165 svoje v\u00edzie a my\u0161lienky aj na p\u00f4de z\u00e1konodarn\u00e9ho zboru.&nbsp; &nbsp; \u201eMnoh\u00ed n\u00e1m [&hellip;]<\/p>\n","protected":false},"author":13,"featured_media":5076,"comment_status":"closed","ping_status":"closed","sticky":false,"template":"","format":"standard","meta":{"_acf_changed":false,"ngg_post_thumbnail":0,"footnotes":""},"categories":[4],"tags":[],"class_list":["post-5068","post","type-post","status-publish","format-standard","has-post-thumbnail","hentry","category-tlacove-spravy"],"acf":[],"yoast_head":"<!-- This site is optimized with the Yoast SEO plugin v27.2 - https:\/\/yoast.com\/product\/yoast-seo-wordpress\/ -->\n<title>Demokrati sa st\u00e1vaj\u00fa parlamentnou stranou, spolupracova\u0165 bud\u00fa s \u013dubom\u00edrom Galkom<\/title>\n<meta name=\"robots\" content=\"index, follow, max-snippet:-1, max-image-preview:large, max-video-preview:-1\" \/>\n<link rel=\"canonical\" href=\"https:\/\/www.smedemokrati.sk\/en\/demokrati-sa-stavaju-parlamentnou-stranou-spolupracovat-budu-s-lubomirom-galkom\/\" \/>\n<meta property=\"og:locale\" content=\"en_US\" \/>\n<meta property=\"og:locale:alternate\" content=\"cs_CZ\" \/>\n<meta property=\"og:locale:alternate\" content=\"hu_HU\" \/>\n<meta property=\"og:locale:alternate\" content=\"sk_SK\" \/>\n<meta property=\"og:locale:alternate\" content=\"sv_SE\" \/>\n<meta property=\"og:type\" content=\"article\" \/>\n<meta property=\"og:title\" content=\"Demokrati sa st\u00e1vaj\u00fa parlamentnou stranou, spolupracova\u0165 bud\u00fa s \u013dubom\u00edrom Galkom\" \/>\n<meta property=\"og:description\" content=\"Strana pod veden\u00edm Jaroslava Na\u010fa predstavila prv\u00e9ho poslanca NR SR, s ktor\u00fdm bude spolupracova\u0165. Demokrati sa dohodli s \u013dubom\u00edrom Galkom, ktor\u00fd sa roky venuje bezpe\u010dnostnej a obrannej politike. Strana tak z\u00edskava mo\u017enos\u0165 predklada\u0165 svoje n\u00e1vrhy z\u00e1konov, rovnako tak odborne pripomienkova\u0165 legislat\u00edvu a presadzova\u0165 svoje v\u00edzie a my\u0161lienky aj na p\u00f4de z\u00e1konodarn\u00e9ho zboru.&nbsp; &nbsp; \u201eMnoh\u00ed n\u00e1m [&hellip;]\" \/>\n<meta property=\"og:url\" content=\"https:\/\/www.smedemokrati.sk\/en\/demokrati-sa-stavaju-parlamentnou-stranou-spolupracovat-budu-s-lubomirom-galkom\/\" \/>\n<meta property=\"og:site_name\" content=\"Smedemokrati.sk\" \/>\n<meta property=\"article:publisher\" content=\"https:\/\/www.facebook.com\/smedemokrati2023\" \/>\n<meta property=\"article:published_time\" content=\"2024-09-05T10:43:16+00:00\" \/>\n<meta property=\"article:modified_time\" content=\"2024-09-19T21:34:22+00:00\" \/>\n<meta property=\"og:image\" content=\"https:\/\/www.smedemokrati.sk\/wp-content\/uploads\/2024\/09\/01_galko.jpg\" \/>\n\t<meta property=\"og:image:width\" content=\"900\" \/>\n\t<meta property=\"og:image:height\" content=\"600\" \/>\n\t<meta property=\"og:image:type\" content=\"image\/jpeg\" \/>\n<meta name=\"author\" content=\"miro.sopko\" \/>\n<meta name=\"twitter:card\" content=\"summary_large_image\" \/>\n<meta name=\"twitter:label1\" content=\"Written by\" \/>\n\t<meta name=\"twitter:data1\" content=\"miro.sopko\" \/>\n\t<meta name=\"twitter:label2\" content=\"Est. reading time\" \/>\n\t<meta name=\"twitter:data2\" content=\"2 minutes\" \/>\n<script type=\"application\/ld+json\" class=\"yoast-schema-graph\">{\"@context\":\"https:\/\/schema.org\",\"@graph\":[{\"@type\":\"Article\",\"@id\":\"https:\/\/www.smedemokrati.sk\/demokrati-sa-stavaju-parlamentnou-stranou-spolupracovat-budu-s-lubomirom-galkom\/#article\",\"isPartOf\":{\"@id\":\"https:\/\/www.smedemokrati.sk\/demokrati-sa-stavaju-parlamentnou-stranou-spolupracovat-budu-s-lubomirom-galkom\/\"},\"author\":{\"name\":\"miro.sopko\",\"@id\":\"https:\/\/www.smedemokrati.sk\/#\/schema\/person\/21f147c88d605aa7ded900e1e7c344ba\"},\"headline\":\"Demokrati sa st\u00e1vaj\u00fa parlamentnou stranou, spolupracova\u0165 bud\u00fa s \u013dubom\u00edrom Galkom\",\"datePublished\":\"2024-09-05T10:43:16+00:00\",\"dateModified\":\"2024-09-19T21:34:22+00:00\",\"mainEntityOfPage\":{\"@id\":\"https:\/\/www.smedemokrati.sk\/demokrati-sa-stavaju-parlamentnou-stranou-spolupracovat-budu-s-lubomirom-galkom\/\"},\"wordCount\":415,\"publisher\":{\"@id\":\"https:\/\/www.smedemokrati.sk\/#organization\"},\"image\":{\"@id\":\"https:\/\/www.smedemokrati.sk\/demokrati-sa-stavaju-parlamentnou-stranou-spolupracovat-budu-s-lubomirom-galkom\/#primaryimage\"},\"thumbnailUrl\":\"https:\/\/www.smedemokrati.sk\/wp-content\/uploads\/2024\/09\/01_galko.jpg\",\"articleSection\":[\"Tla\u010dov\u00e9 spr\u00e1vy\"],\"inLanguage\":\"en-US\"},{\"@type\":\"WebPage\",\"@id\":\"https:\/\/www.smedemokrati.sk\/demokrati-sa-stavaju-parlamentnou-stranou-spolupracovat-budu-s-lubomirom-galkom\/\",\"url\":\"https:\/\/www.smedemokrati.sk\/demokrati-sa-stavaju-parlamentnou-stranou-spolupracovat-budu-s-lubomirom-galkom\/\",\"name\":\"Demokrati sa st\u00e1vaj\u00fa parlamentnou stranou, spolupracova\u0165 bud\u00fa s \u013dubom\u00edrom Galkom\",\"isPartOf\":{\"@id\":\"https:\/\/www.smedemokrati.sk\/#website\"},\"primaryImageOfPage\":{\"@id\":\"https:\/\/www.smedemokrati.sk\/demokrati-sa-stavaju-parlamentnou-stranou-spolupracovat-budu-s-lubomirom-galkom\/#primaryimage\"},\"image\":{\"@id\":\"https:\/\/www.smedemokrati.sk\/demokrati-sa-stavaju-parlamentnou-stranou-spolupracovat-budu-s-lubomirom-galkom\/#primaryimage\"},\"thumbnailUrl\":\"https:\/\/www.smedemokrati.sk\/wp-content\/uploads\/2024\/09\/01_galko.jpg\",\"datePublished\":\"2024-09-05T10:43:16+00:00\",\"dateModified\":\"2024-09-19T21:34:22+00:00\",\"breadcrumb\":{\"@id\":\"https:\/\/www.smedemokrati.sk\/demokrati-sa-stavaju-parlamentnou-stranou-spolupracovat-budu-s-lubomirom-galkom\/#breadcrumb\"},\"inLanguage\":\"en-US\",\"potentialAction\":[{\"@type\":\"ReadAction\",\"target\":[\"https:\/\/www.smedemokrati.sk\/demokrati-sa-stavaju-parlamentnou-stranou-spolupracovat-budu-s-lubomirom-galkom\/\"]}]},{\"@type\":\"ImageObject\",\"inLanguage\":\"en-US\",\"@id\":\"https:\/\/www.smedemokrati.sk\/demokrati-sa-stavaju-parlamentnou-stranou-spolupracovat-budu-s-lubomirom-galkom\/#primaryimage\",\"url\":\"https:\/\/www.smedemokrati.sk\/wp-content\/uploads\/2024\/09\/01_galko.jpg\",\"contentUrl\":\"https:\/\/www.smedemokrati.sk\/wp-content\/uploads\/2024\/09\/01_galko.jpg\",\"width\":900,\"height\":600},{\"@type\":\"BreadcrumbList\",\"@id\":\"https:\/\/www.smedemokrati.sk\/demokrati-sa-stavaju-parlamentnou-stranou-spolupracovat-budu-s-lubomirom-galkom\/#breadcrumb\",\"itemListElement\":[{\"@type\":\"ListItem\",\"position\":1,\"name\":\"Domovsk\u00e1 str\u00e1nka\",\"item\":\"https:\/\/www.smedemokrati.sk\/\"},{\"@type\":\"ListItem\",\"position\":2,\"name\":\"Demokrati sa st\u00e1vaj\u00fa parlamentnou stranou, spolupracova\u0165 bud\u00fa s \u013dubom\u00edrom Galkom\"}]},{\"@type\":\"WebSite\",\"@id\":\"https:\/\/www.smedemokrati.sk\/#website\",\"url\":\"https:\/\/www.smedemokrati.sk\/\",\"name\":\"Smedemokrati.sk\",\"description\":\"Demokracia a slu\u0161nos\u0165 zv\u00ed\u0165az\u00ed\",\"publisher\":{\"@id\":\"https:\/\/www.smedemokrati.sk\/#organization\"},\"potentialAction\":[{\"@type\":\"SearchAction\",\"target\":{\"@type\":\"EntryPoint\",\"urlTemplate\":\"https:\/\/www.smedemokrati.sk\/?s={search_term_string}\"},\"query-input\":{\"@type\":\"PropertyValueSpecification\",\"valueRequired\":true,\"valueName\":\"search_term_string\"}}],\"inLanguage\":\"en-US\"},{\"@type\":\"Organization\",\"@id\":\"https:\/\/www.smedemokrati.sk\/#organization\",\"name\":\"Smedemokrati.sk\",\"url\":\"https:\/\/www.smedemokrati.sk\/\",\"logo\":{\"@type\":\"ImageObject\",\"inLanguage\":\"en-US\",\"@id\":\"https:\/\/www.smedemokrati.sk\/#\/schema\/logo\/image\/\",\"url\":\"https:\/\/www.smedemokrati.sk\/wp-content\/uploads\/2023\/04\/ff.002.jpeg\",\"contentUrl\":\"https:\/\/www.smedemokrati.sk\/wp-content\/uploads\/2023\/04\/ff.002.jpeg\",\"width\":640,\"height\":480,\"caption\":\"Smedemokrati.sk\"},\"image\":{\"@id\":\"https:\/\/www.smedemokrati.sk\/#\/schema\/logo\/image\/\"},\"sameAs\":[\"https:\/\/www.facebook.com\/smedemokrati2023\"]},{\"@type\":\"Person\",\"@id\":\"https:\/\/www.smedemokrati.sk\/#\/schema\/person\/21f147c88d605aa7ded900e1e7c344ba\",\"name\":\"miro.sopko\",\"image\":{\"@type\":\"ImageObject\",\"inLanguage\":\"en-US\",\"@id\":\"https:\/\/secure.gravatar.com\/avatar\/267e4a36f704376c109afe3a78740c1f5dd8675a2180a908699e7863c9247606?s=96&d=mm&r=g\",\"url\":\"https:\/\/secure.gravatar.com\/avatar\/267e4a36f704376c109afe3a78740c1f5dd8675a2180a908699e7863c9247606?s=96&d=mm&r=g\",\"contentUrl\":\"https:\/\/secure.gravatar.com\/avatar\/267e4a36f704376c109afe3a78740c1f5dd8675a2180a908699e7863c9247606?s=96&d=mm&r=g\",\"caption\":\"miro.sopko\"},\"url\":\"https:\/\/www.smedemokrati.sk\/en\/author\/miro-sopko\/\"}]}<\/script>\n<!-- \/ Yoast SEO plugin. -->","yoast_head_json":{"title":"Demokrati sa st\u00e1vaj\u00fa parlamentnou stranou, spolupracova\u0165 bud\u00fa s \u013dubom\u00edrom Galkom","robots":{"index":"index","follow":"follow","max-snippet":"max-snippet:-1","max-image-preview":"max-image-preview:large","max-video-preview":"max-video-preview:-1"},"canonical":"https:\/\/www.smedemokrati.sk\/en\/demokrati-sa-stavaju-parlamentnou-stranou-spolupracovat-budu-s-lubomirom-galkom\/","og_locale":"en_US","og_type":"article","og_title":"[:sk]Demokrati sa st\u00e1vaj\u00fa parlamentnou stranou, spolupracova\u0165 bud\u00fa s \u013dubom\u00edrom Galkom[:] - Smedemokrati.sk","og_description":"Strana pod veden\u00edm Jaroslava Na\u010fa predstavila prv\u00e9ho poslanca NR SR, s ktor\u00fdm bude spolupracova\u0165. Demokrati sa dohodli s \u013dubom\u00edrom Galkom, ktor\u00fd sa roky venuje bezpe\u010dnostnej a obrannej politike. Strana tak z\u00edskava mo\u017enos\u0165 predklada\u0165 svoje n\u00e1vrhy z\u00e1konov, rovnako tak odborne pripomienkova\u0165 legislat\u00edvu a presadzova\u0165 svoje v\u00edzie a my\u0161lienky aj na p\u00f4de z\u00e1konodarn\u00e9ho zboru.&nbsp; &nbsp; \u201eMnoh\u00ed n\u00e1m [&hellip;]","og_url":"https:\/\/www.smedemokrati.sk\/en\/demokrati-sa-stavaju-parlamentnou-stranou-spolupracovat-budu-s-lubomirom-galkom\/","og_site_name":"Smedemokrati.sk","article_publisher":"https:\/\/www.facebook.com\/smedemokrati2023","article_published_time":"2024-09-05T10:43:16+00:00","article_modified_time":"2024-09-19T21:34:22+00:00","og_image":[{"width":900,"height":600,"url":"https:\/\/www.smedemokrati.sk\/wp-content\/uploads\/2024\/09\/01_galko.jpg","type":"image\/jpeg"}],"author":"miro.sopko","twitter_card":"summary_large_image","twitter_misc":{"Written by":"miro.sopko","Est. reading time":"2 minutes"},"schema":{"@context":"https:\/\/schema.org","@graph":[{"@type":"Article","@id":"https:\/\/www.smedemokrati.sk\/demokrati-sa-stavaju-parlamentnou-stranou-spolupracovat-budu-s-lubomirom-galkom\/#article","isPartOf":{"@id":"https:\/\/www.smedemokrati.sk\/demokrati-sa-stavaju-parlamentnou-stranou-spolupracovat-budu-s-lubomirom-galkom\/"},"author":{"name":"miro.sopko","@id":"https:\/\/www.smedemokrati.sk\/#\/schema\/person\/21f147c88d605aa7ded900e1e7c344ba"},"headline":"Demokrati sa st\u00e1vaj\u00fa parlamentnou stranou, spolupracova\u0165 bud\u00fa s \u013dubom\u00edrom Galkom","datePublished":"2024-09-05T10:43:16+00:00","dateModified":"2024-09-19T21:34:22+00:00","mainEntityOfPage":{"@id":"https:\/\/www.smedemokrati.sk\/demokrati-sa-stavaju-parlamentnou-stranou-spolupracovat-budu-s-lubomirom-galkom\/"},"wordCount":415,"publisher":{"@id":"https:\/\/www.smedemokrati.sk\/#organization"},"image":{"@id":"https:\/\/www.smedemokrati.sk\/demokrati-sa-stavaju-parlamentnou-stranou-spolupracovat-budu-s-lubomirom-galkom\/#primaryimage"},"thumbnailUrl":"https:\/\/www.smedemokrati.sk\/wp-content\/uploads\/2024\/09\/01_galko.jpg","articleSection":["Tla\u010dov\u00e9 spr\u00e1vy"],"inLanguage":"en-US"},{"@type":"WebPage","@id":"https:\/\/www.smedemokrati.sk\/demokrati-sa-stavaju-parlamentnou-stranou-spolupracovat-budu-s-lubomirom-galkom\/","url":"https:\/\/www.smedemokrati.sk\/demokrati-sa-stavaju-parlamentnou-stranou-spolupracovat-budu-s-lubomirom-galkom\/","name":"Demokrati sa st\u00e1vaj\u00fa parlamentnou stranou, spolupracova\u0165 bud\u00fa s \u013dubom\u00edrom Galkom","isPartOf":{"@id":"https:\/\/www.smedemokrati.sk\/#website"},"primaryImageOfPage":{"@id":"https:\/\/www.smedemokrati.sk\/demokrati-sa-stavaju-parlamentnou-stranou-spolupracovat-budu-s-lubomirom-galkom\/#primaryimage"},"image":{"@id":"https:\/\/www.smedemokrati.sk\/demokrati-sa-stavaju-parlamentnou-stranou-spolupracovat-budu-s-lubomirom-galkom\/#primaryimage"},"thumbnailUrl":"https:\/\/www.smedemokrati.sk\/wp-content\/uploads\/2024\/09\/01_galko.jpg","datePublished":"2024-09-05T10:43:16+00:00","dateModified":"2024-09-19T21:34:22+00:00","breadcrumb":{"@id":"https:\/\/www.smedemokrati.sk\/demokrati-sa-stavaju-parlamentnou-stranou-spolupracovat-budu-s-lubomirom-galkom\/#breadcrumb"},"inLanguage":"en-US","potentialAction":[{"@type":"ReadAction","target":["https:\/\/www.smedemokrati.sk\/demokrati-sa-stavaju-parlamentnou-stranou-spolupracovat-budu-s-lubomirom-galkom\/"]}]},{"@type":"ImageObject","inLanguage":"en-US","@id":"https:\/\/www.smedemokrati.sk\/demokrati-sa-stavaju-parlamentnou-stranou-spolupracovat-budu-s-lubomirom-galkom\/#primaryimage","url":"https:\/\/www.smedemokrati.sk\/wp-content\/uploads\/2024\/09\/01_galko.jpg","contentUrl":"https:\/\/www.smedemokrati.sk\/wp-content\/uploads\/2024\/09\/01_galko.jpg","width":900,"height":600},{"@type":"BreadcrumbList","@id":"https:\/\/www.smedemokrati.sk\/demokrati-sa-stavaju-parlamentnou-stranou-spolupracovat-budu-s-lubomirom-galkom\/#breadcrumb","itemListElement":[{"@type":"ListItem","position":1,"name":"Domovsk\u00e1 str\u00e1nka","item":"https:\/\/www.smedemokrati.sk\/"},{"@type":"ListItem","position":2,"name":"Demokrati sa st\u00e1vaj\u00fa parlamentnou stranou, spolupracova\u0165 bud\u00fa s \u013dubom\u00edrom Galkom"}]},{"@type":"WebSite","@id":"https:\/\/www.smedemokrati.sk\/#website","url":"https:\/\/www.smedemokrati.sk\/","name":"Smedemokrati.sk","description":"Demokracia a slu\u0161nos\u0165 zv\u00ed\u0165az\u00ed","publisher":{"@id":"https:\/\/www.smedemokrati.sk\/#organization"},"potentialAction":[{"@type":"SearchAction","target":{"@type":"EntryPoint","urlTemplate":"https:\/\/www.smedemokrati.sk\/?s={search_term_string}"},"query-input":{"@type":"PropertyValueSpecification","valueRequired":true,"valueName":"search_term_string"}}],"inLanguage":"en-US"},{"@type":"Organization","@id":"https:\/\/www.smedemokrati.sk\/#organization","name":"Smedemokrati.sk","url":"https:\/\/www.smedemokrati.sk\/","logo":{"@type":"ImageObject","inLanguage":"en-US","@id":"https:\/\/www.smedemokrati.sk\/#\/schema\/logo\/image\/","url":"https:\/\/www.smedemokrati.sk\/wp-content\/uploads\/2023\/04\/ff.002.jpeg","contentUrl":"https:\/\/www.smedemokrati.sk\/wp-content\/uploads\/2023\/04\/ff.002.jpeg","width":640,"height":480,"caption":"Smedemokrati.sk"},"image":{"@id":"https:\/\/www.smedemokrati.sk\/#\/schema\/logo\/image\/"},"sameAs":["https:\/\/www.facebook.com\/smedemokrati2023"]},{"@type":"Person","@id":"https:\/\/www.smedemokrati.sk\/#\/schema\/person\/21f147c88d605aa7ded900e1e7c344ba","name":"miro.sopko","image":{"@type":"ImageObject","inLanguage":"en-US","@id":"https:\/\/secure.gravatar.com\/avatar\/267e4a36f704376c109afe3a78740c1f5dd8675a2180a908699e7863c9247606?s=96&d=mm&r=g","url":"https:\/\/secure.gravatar.com\/avatar\/267e4a36f704376c109afe3a78740c1f5dd8675a2180a908699e7863c9247606?s=96&d=mm&r=g","contentUrl":"https:\/\/secure.gravatar.com\/avatar\/267e4a36f704376c109afe3a78740c1f5dd8675a2180a908699e7863c9247606?s=96&d=mm&r=g","caption":"miro.sopko"},"url":"https:\/\/www.smedemokrati.sk\/en\/author\/miro-sopko\/"}]}},"_links":{"self":[{"href":"https:\/\/www.smedemokrati.sk\/en\/wp-json\/wp\/v2\/posts\/5068","targetHints":{"allow":["GET"]}}],"collection":[{"href":"https:\/\/www.smedemokrati.sk\/en\/wp-json\/wp\/v2\/posts"}],"about":[{"href":"https:\/\/www.smedemokrati.sk\/en\/wp-json\/wp\/v2\/types\/post"}],"author":[{"embeddable":true,"href":"https:\/\/www.smedemokrati.sk\/en\/wp-json\/wp\/v2\/users\/13"}],"replies":[{"embeddable":true,"href":"https:\/\/www.smedemokrati.sk\/en\/wp-json\/wp\/v2\/comments?post=5068"}],"version-history":[{"count":1,"href":"https:\/\/www.smedemokrati.sk\/en\/wp-json\/wp\/v2\/posts\/5068\/revisions"}],"predecessor-version":[{"id":5075,"href":"https:\/\/www.smedemokrati.sk\/en\/wp-json\/wp\/v2\/posts\/5068\/revisions\/5075"}],"wp:featuredmedia":[{"embeddable":true,"href":"https:\/\/www.smedemokrati.sk\/en\/wp-json\/wp\/v2\/media\/5076"}],"wp:attachment":[{"href":"https:\/\/www.smedemokrati.sk\/en\/wp-json\/wp\/v2\/media?parent=5068"}],"wp:term":[{"taxonomy":"category","embeddable":true,"href":"https:\/\/www.smedemokrati.sk\/en\/wp-json\/wp\/v2\/categories?post=5068"},{"taxonomy":"post_tag","embeddable":true,"href":"https:\/\/www.smedemokrati.sk\/en\/wp-json\/wp\/v2\/tags?post=5068"}],"curies":[{"name":"wp","href":"https:\/\/api.w.org\/{rel}","templated":true}]}}