{"id":5014,"date":"2024-08-28T12:46:35","date_gmt":"2024-08-28T11:46:35","guid":{"rendered":"https:\/\/www.smedemokrati.sk\/?p=5014"},"modified":"2024-09-05T09:52:32","modified_gmt":"2024-09-05T08:52:32","slug":"chystaju-odmenu-pre-kovacika-staci-aby-sa-na-den-vratil-na-prokuraturu-a-dostane-tisice","status":"publish","type":"post","link":"https:\/\/www.smedemokrati.sk\/en\/chystaju-odmenu-pre-kovacika-staci-aby-sa-na-den-vratil-na-prokuraturu-a-dostane-tisice\/","title":{"rendered":"Chystaj\u00fa odmenu pre Kov\u00e1\u010dika? Sta\u010d\u00ed aby sa na de\u0148 vr\u00e1til na prokurat\u00faru a dostane tis\u00edce"},"content":{"rendered":"<div id=\"fb-root\"><\/div>\n\n<p>A<strong>k sa Du\u0161an Kov\u00e1\u010dik vr\u00e1ti na prokurat\u00faru \u010do i len na de\u0148, mohol by dosta\u0165 odchodn\u00e9 vo v\u00fd\u0161ke 53 tis\u00edc eur a doplatok k d\u00f4chodku tis\u00edc eur mesa\u010dne. Upozor\u0148uje na to expert na spravodlivos\u0165 Demokratov Juraj \u0160eliga v s\u00favislosti s n\u00e1vrhom z\u00e1kona, ktor\u00fd predklad\u00e1 do parlamentu poslanec Smeru Karas. Ten chce, aby Maro\u0161 \u017dilinka v pr\u00edpade, \u017ee u\u017e po 4 rokoch od\u00edde z GP, dostal do\u017eivotn\u00fa rentu vy\u0161e 5 tis\u00edc eur a pod\u013ea \u0160eligu je pr\u00e1ve tento z\u00e1kon predpr\u00edpravou na odmenu \u010fal\u0161\u00edch z radov na\u0161ich \u013eud\u00ed.\u00a0<\/strong><\/p>\n\n\n\n<p><em>\u201eSom presved\u010den\u00fd, \u017ee poslanec Karas nep\u00edsal tento z\u00e1kon. Je nesmierne komplexn\u00fd, n\u00e1ro\u010dn\u00fd a ve\u013emi \u0161pecifick\u00fd. Je preto na mieste ot\u00e1zka, \u010di z\u00e1kon pre \u017dilinku nebol p\u00edsan\u00fd v spolupr\u00e1ci priamo s gener\u00e1lnou prokurat\u00farou,\u201d\u00a0<\/em>otv\u00e1ra t\u00e9mu Juraj \u0160eliga a spres\u0148uje, \u017ee pod\u013ea presn\u00e9ho v\u00fdpo\u010dtu dostane \u017dilinka po schv\u00e1len\u00ed parlamentom do\u017eivotn\u00fa rentu vo v\u00fd\u0161ke 5 298 eur.\u00a0<\/p>\n\n\n\n<p><em>\u201eKaras od\u00f4vod\u0148uje, \u017ee gener\u00e1lny prokur\u00e1tor potrebuje do\u017eivotn\u00fa rentu, preto\u017ee jeho pr\u00e1ca je n\u00e1ro\u010dn\u00e1 a m\u00e1 dopady na jeho zdravie. To je absol\u00fatny v\u00fdsmech zdravotn\u00fdm sestr\u00e1m, u\u010dite\u013eom, \u010di t\u00fdm, ktor\u00ed do Nemecka chodia maka\u0165 dvan\u00e1stky. Ak by im dali na Slovensku pr\u00edplatok \u010do i len o nieko\u013eko desiatok eur, nemuseli by odch\u00e1dza\u0165 za pr\u00e1cou do sveta pre\u010d od svojich rod\u00edn,&#8221;\u00a0<\/em>hovor\u00ed podpredseda strany \u0160eliga a predpoklad\u00e1, \u017ee \u010fal\u0161\u00ed, ktor\u00fd si finan\u010dne prilep\u0161\u00ed, m\u00f4\u017ee by\u0165 b\u00fdval\u00fd \u0161peci\u00e1lny prokur\u00e1tor Du\u0161an Kov\u00e1\u010dik:\u00a0<em>\u201eJe \u013eahk\u00e9 predpoklada\u0165, \u017ee sa bud\u00fa chcie\u0165 postara\u0165 o \u010fal\u0161ieho z radov, ako sa hovor\u00ed, na\u0161ich \u013eud\u00ed. Ak sa Du\u0161an Kov\u00e1\u010dik, ktor\u00fd dost\u00e1va od tejto vl\u00e1dy \u0161peci\u00e1lnu starostlivos\u0165 vr\u00e1ti \u010do i len na de\u0148 na prokurat\u00faru, m\u00f4\u017ee mu by\u0165 mesa\u010dne k d\u00f4chodku dopl\u00e1can\u00fdch 1 008 eur a ak potom od\u00edde, jeho odchod poc\u00edti \u0161t\u00e1tna kasa, preto\u017ee m\u00f4\u017ee dosta\u0165 a\u017e 52 980 eur odchodn\u00e9,\u201d<\/em>\u00a0hovor\u00ed \u0160eliga a pod\u010diarkuje, \u017ee tieto doplatky by Kov\u00e1\u010dik dostal po n\u00e1vrate na prokurat\u00faru a vtedy, ak sa mu zar\u00e1ta odpracovan\u00fdch 30 rokov.\u00a0<\/p>\n\n\n\n<p>\u201e<em>Opakovane vyz\u00fdvame vl\u00e1dnu koal\u00edciu, aby tento z\u00e1kon stiahla. Je to absol\u00fatny v\u00fdsmech ob\u010danom, zdravotn\u00fdm sestr\u00e1m, lek\u00e1rom alebo u\u010dite\u013eom, ktor\u00ed nemaj\u00fa v\u00fdsluhov\u00e9 renty a pracuj\u00fa v n\u00e1ro\u010dn\u00fdch podmienkach. Ak v d\u00f4vodovej spr\u00e1ve hovoria, \u017ee povolanie gener\u00e1lneho prokur\u00e1tora je n\u00e1ro\u010dn\u00e9 na zdravotn\u00fd stav, \u010do maj\u00fa poveda\u0165 menovan\u00e9 povolania? Presta\u0148te sa im vysmieva\u0165!<\/em>&#8221; Hovor\u00ed Juraj \u0160eliga<\/p>\n\n\n\n<p><em>\u201eGarantujem, \u017ee ak bud\u00fa Demokrati vo vl\u00e1de, okam\u017eite tieto bludy zru\u0161\u00edme. Je nehor\u00e1zne, \u017ee si sami ude\u013euj\u00fa do\u017eivotn\u00e9 renty, na ktor\u00e9 sa v\u0161etci nedobrovo\u013ene sklad\u00e1me. Kto z v\u00e1s \u013eudia, dost\u00e1va za svoju robotu do\u017eivotn\u00fa rentu?&#8221;<\/em>\u00a0uzatv\u00e1ra t\u00e9mu predseda Demokratov Jaroslav Na\u010f.\u00a0<\/p>\n\n\n\n<p>Z\u00e1znam z TK:<\/p>\n\n\n<div class=\"fb-video\" data-href=\"https:\/\/fb.watch\/ueGudrrRVd\" data-allowfullscreen=\"true\" data-autoplay=\"false\" data-width=\"\" data-show-text=\"false\" data-show-captions=\"true\"><\/div>\n","protected":false},"excerpt":{"rendered":"<p>Ak sa Du\u0161an Kov\u00e1\u010dik vr\u00e1ti na prokurat\u00faru \u010do i len na de\u0148, mohol by dosta\u0165 odchodn\u00e9 vo v\u00fd\u0161ke 53 tis\u00edc eur a doplatok k d\u00f4chodku tis\u00edc eur mesa\u010dne. Upozor\u0148uje na to expert na spravodlivos\u0165 Demokratov Juraj \u0160eliga v s\u00favislosti s n\u00e1vrhom z\u00e1kona, ktor\u00fd predklad\u00e1 do parlamentu poslanec Smeru Karas. Ten chce, aby Maro\u0161 \u017dilinka v [&hellip;]<\/p>\n","protected":false},"author":13,"featured_media":5015,"comment_status":"closed","ping_status":"closed","sticky":false,"template":"","format":"standard","meta":{"_acf_changed":false,"ngg_post_thumbnail":0,"footnotes":""},"categories":[4],"tags":[],"class_list":["post-5014","post","type-post","status-publish","format-standard","has-post-thumbnail","hentry","category-tlacove-spravy"],"acf":[],"yoast_head":"<!-- This site is optimized with the Yoast SEO plugin v27.2 - https:\/\/yoast.com\/product\/yoast-seo-wordpress\/ -->\n<title>Chystaj\u00fa odmenu pre Kov\u00e1\u010dika? Sta\u010d\u00ed aby sa na de\u0148 vr\u00e1til na prokurat\u00faru a dostane tis\u00edce<\/title>\n<meta name=\"robots\" content=\"index, follow, max-snippet:-1, max-image-preview:large, max-video-preview:-1\" \/>\n<link rel=\"canonical\" href=\"https:\/\/www.smedemokrati.sk\/en\/chystaju-odmenu-pre-kovacika-staci-aby-sa-na-den-vratil-na-prokuraturu-a-dostane-tisice\/\" \/>\n<meta property=\"og:locale\" content=\"en_US\" \/>\n<meta property=\"og:locale:alternate\" content=\"cs_CZ\" \/>\n<meta property=\"og:locale:alternate\" content=\"hu_HU\" \/>\n<meta property=\"og:locale:alternate\" content=\"sk_SK\" \/>\n<meta property=\"og:locale:alternate\" content=\"sv_SE\" \/>\n<meta property=\"og:type\" content=\"article\" \/>\n<meta property=\"og:title\" content=\"Chystaj\u00fa odmenu pre Kov\u00e1\u010dika? Sta\u010d\u00ed aby sa na de\u0148 vr\u00e1til na prokurat\u00faru a dostane tis\u00edce\" \/>\n<meta property=\"og:description\" content=\"Ak sa Du\u0161an Kov\u00e1\u010dik vr\u00e1ti na prokurat\u00faru \u010do i len na de\u0148, mohol by dosta\u0165 odchodn\u00e9 vo v\u00fd\u0161ke 53 tis\u00edc eur a doplatok k d\u00f4chodku tis\u00edc eur mesa\u010dne. Upozor\u0148uje na to expert na spravodlivos\u0165 Demokratov Juraj \u0160eliga v s\u00favislosti s n\u00e1vrhom z\u00e1kona, ktor\u00fd predklad\u00e1 do parlamentu poslanec Smeru Karas. Ten chce, aby Maro\u0161 \u017dilinka v [&hellip;]\" \/>\n<meta property=\"og:url\" content=\"https:\/\/www.smedemokrati.sk\/en\/chystaju-odmenu-pre-kovacika-staci-aby-sa-na-den-vratil-na-prokuraturu-a-dostane-tisice\/\" \/>\n<meta property=\"og:site_name\" content=\"Smedemokrati.sk\" \/>\n<meta property=\"article:publisher\" content=\"https:\/\/www.facebook.com\/smedemokrati2023\" \/>\n<meta property=\"article:published_time\" content=\"2024-08-28T11:46:35+00:00\" \/>\n<meta property=\"article:modified_time\" content=\"2024-09-05T08:52:32+00:00\" \/>\n<meta property=\"og:image\" content=\"https:\/\/www.smedemokrati.sk\/wp-content\/uploads\/2024\/08\/kovacik.jpg\" \/>\n\t<meta property=\"og:image:width\" content=\"1280\" \/>\n\t<meta property=\"og:image:height\" content=\"719\" \/>\n\t<meta property=\"og:image:type\" content=\"image\/jpeg\" \/>\n<meta name=\"author\" content=\"miro.sopko\" \/>\n<meta name=\"twitter:card\" content=\"summary_large_image\" \/>\n<meta name=\"twitter:label1\" content=\"Written by\" \/>\n\t<meta name=\"twitter:data1\" content=\"miro.sopko\" \/>\n\t<meta name=\"twitter:label2\" content=\"Est. reading time\" \/>\n\t<meta name=\"twitter:data2\" content=\"3 minutes\" \/>\n<script type=\"application\/ld+json\" class=\"yoast-schema-graph\">{\"@context\":\"https:\/\/schema.org\",\"@graph\":[{\"@type\":\"Article\",\"@id\":\"https:\/\/www.smedemokrati.sk\/chystaju-odmenu-pre-kovacika-staci-aby-sa-na-den-vratil-na-prokuraturu-a-dostane-tisice\/#article\",\"isPartOf\":{\"@id\":\"https:\/\/www.smedemokrati.sk\/chystaju-odmenu-pre-kovacika-staci-aby-sa-na-den-vratil-na-prokuraturu-a-dostane-tisice\/\"},\"author\":{\"name\":\"miro.sopko\",\"@id\":\"https:\/\/www.smedemokrati.sk\/#\/schema\/person\/21f147c88d605aa7ded900e1e7c344ba\"},\"headline\":\"Chystaj\u00fa odmenu pre Kov\u00e1\u010dika? Sta\u010d\u00ed aby sa na de\u0148 vr\u00e1til na prokurat\u00faru a dostane tis\u00edce\",\"datePublished\":\"2024-08-28T11:46:35+00:00\",\"dateModified\":\"2024-09-05T08:52:32+00:00\",\"mainEntityOfPage\":{\"@id\":\"https:\/\/www.smedemokrati.sk\/chystaju-odmenu-pre-kovacika-staci-aby-sa-na-den-vratil-na-prokuraturu-a-dostane-tisice\/\"},\"wordCount\":558,\"publisher\":{\"@id\":\"https:\/\/www.smedemokrati.sk\/#organization\"},\"image\":{\"@id\":\"https:\/\/www.smedemokrati.sk\/chystaju-odmenu-pre-kovacika-staci-aby-sa-na-den-vratil-na-prokuraturu-a-dostane-tisice\/#primaryimage\"},\"thumbnailUrl\":\"https:\/\/www.smedemokrati.sk\/wp-content\/uploads\/2024\/08\/kovacik.jpg\",\"articleSection\":[\"Tla\u010dov\u00e9 spr\u00e1vy\"],\"inLanguage\":\"en-US\"},{\"@type\":\"WebPage\",\"@id\":\"https:\/\/www.smedemokrati.sk\/chystaju-odmenu-pre-kovacika-staci-aby-sa-na-den-vratil-na-prokuraturu-a-dostane-tisice\/\",\"url\":\"https:\/\/www.smedemokrati.sk\/chystaju-odmenu-pre-kovacika-staci-aby-sa-na-den-vratil-na-prokuraturu-a-dostane-tisice\/\",\"name\":\"Chystaj\u00fa odmenu pre Kov\u00e1\u010dika? Sta\u010d\u00ed aby sa na de\u0148 vr\u00e1til na prokurat\u00faru a dostane tis\u00edce\",\"isPartOf\":{\"@id\":\"https:\/\/www.smedemokrati.sk\/#website\"},\"primaryImageOfPage\":{\"@id\":\"https:\/\/www.smedemokrati.sk\/chystaju-odmenu-pre-kovacika-staci-aby-sa-na-den-vratil-na-prokuraturu-a-dostane-tisice\/#primaryimage\"},\"image\":{\"@id\":\"https:\/\/www.smedemokrati.sk\/chystaju-odmenu-pre-kovacika-staci-aby-sa-na-den-vratil-na-prokuraturu-a-dostane-tisice\/#primaryimage\"},\"thumbnailUrl\":\"https:\/\/www.smedemokrati.sk\/wp-content\/uploads\/2024\/08\/kovacik.jpg\",\"datePublished\":\"2024-08-28T11:46:35+00:00\",\"dateModified\":\"2024-09-05T08:52:32+00:00\",\"breadcrumb\":{\"@id\":\"https:\/\/www.smedemokrati.sk\/chystaju-odmenu-pre-kovacika-staci-aby-sa-na-den-vratil-na-prokuraturu-a-dostane-tisice\/#breadcrumb\"},\"inLanguage\":\"en-US\",\"potentialAction\":[{\"@type\":\"ReadAction\",\"target\":[\"https:\/\/www.smedemokrati.sk\/chystaju-odmenu-pre-kovacika-staci-aby-sa-na-den-vratil-na-prokuraturu-a-dostane-tisice\/\"]}]},{\"@type\":\"ImageObject\",\"inLanguage\":\"en-US\",\"@id\":\"https:\/\/www.smedemokrati.sk\/chystaju-odmenu-pre-kovacika-staci-aby-sa-na-den-vratil-na-prokuraturu-a-dostane-tisice\/#primaryimage\",\"url\":\"https:\/\/www.smedemokrati.sk\/wp-content\/uploads\/2024\/08\/kovacik.jpg\",\"contentUrl\":\"https:\/\/www.smedemokrati.sk\/wp-content\/uploads\/2024\/08\/kovacik.jpg\",\"width\":1280,\"height\":719},{\"@type\":\"BreadcrumbList\",\"@id\":\"https:\/\/www.smedemokrati.sk\/chystaju-odmenu-pre-kovacika-staci-aby-sa-na-den-vratil-na-prokuraturu-a-dostane-tisice\/#breadcrumb\",\"itemListElement\":[{\"@type\":\"ListItem\",\"position\":1,\"name\":\"Domovsk\u00e1 str\u00e1nka\",\"item\":\"https:\/\/www.smedemokrati.sk\/\"},{\"@type\":\"ListItem\",\"position\":2,\"name\":\"Chystaj\u00fa odmenu pre Kov\u00e1\u010dika? Sta\u010d\u00ed aby sa na de\u0148 vr\u00e1til na prokurat\u00faru a dostane tis\u00edce\"}]},{\"@type\":\"WebSite\",\"@id\":\"https:\/\/www.smedemokrati.sk\/#website\",\"url\":\"https:\/\/www.smedemokrati.sk\/\",\"name\":\"Smedemokrati.sk\",\"description\":\"Demokracia a slu\u0161nos\u0165 zv\u00ed\u0165az\u00ed\",\"publisher\":{\"@id\":\"https:\/\/www.smedemokrati.sk\/#organization\"},\"potentialAction\":[{\"@type\":\"SearchAction\",\"target\":{\"@type\":\"EntryPoint\",\"urlTemplate\":\"https:\/\/www.smedemokrati.sk\/?s={search_term_string}\"},\"query-input\":{\"@type\":\"PropertyValueSpecification\",\"valueRequired\":true,\"valueName\":\"search_term_string\"}}],\"inLanguage\":\"en-US\"},{\"@type\":\"Organization\",\"@id\":\"https:\/\/www.smedemokrati.sk\/#organization\",\"name\":\"Smedemokrati.sk\",\"url\":\"https:\/\/www.smedemokrati.sk\/\",\"logo\":{\"@type\":\"ImageObject\",\"inLanguage\":\"en-US\",\"@id\":\"https:\/\/www.smedemokrati.sk\/#\/schema\/logo\/image\/\",\"url\":\"https:\/\/www.smedemokrati.sk\/wp-content\/uploads\/2023\/04\/ff.002.jpeg\",\"contentUrl\":\"https:\/\/www.smedemokrati.sk\/wp-content\/uploads\/2023\/04\/ff.002.jpeg\",\"width\":640,\"height\":480,\"caption\":\"Smedemokrati.sk\"},\"image\":{\"@id\":\"https:\/\/www.smedemokrati.sk\/#\/schema\/logo\/image\/\"},\"sameAs\":[\"https:\/\/www.facebook.com\/smedemokrati2023\"]},{\"@type\":\"Person\",\"@id\":\"https:\/\/www.smedemokrati.sk\/#\/schema\/person\/21f147c88d605aa7ded900e1e7c344ba\",\"name\":\"miro.sopko\",\"image\":{\"@type\":\"ImageObject\",\"inLanguage\":\"en-US\",\"@id\":\"https:\/\/secure.gravatar.com\/avatar\/267e4a36f704376c109afe3a78740c1f5dd8675a2180a908699e7863c9247606?s=96&d=mm&r=g\",\"url\":\"https:\/\/secure.gravatar.com\/avatar\/267e4a36f704376c109afe3a78740c1f5dd8675a2180a908699e7863c9247606?s=96&d=mm&r=g\",\"contentUrl\":\"https:\/\/secure.gravatar.com\/avatar\/267e4a36f704376c109afe3a78740c1f5dd8675a2180a908699e7863c9247606?s=96&d=mm&r=g\",\"caption\":\"miro.sopko\"},\"url\":\"https:\/\/www.smedemokrati.sk\/en\/author\/miro-sopko\/\"}]}<\/script>\n<!-- \/ Yoast SEO plugin. -->","yoast_head_json":{"title":"Chystaj\u00fa odmenu pre Kov\u00e1\u010dika? Sta\u010d\u00ed aby sa na de\u0148 vr\u00e1til na prokurat\u00faru a dostane tis\u00edce","robots":{"index":"index","follow":"follow","max-snippet":"max-snippet:-1","max-image-preview":"max-image-preview:large","max-video-preview":"max-video-preview:-1"},"canonical":"https:\/\/www.smedemokrati.sk\/en\/chystaju-odmenu-pre-kovacika-staci-aby-sa-na-den-vratil-na-prokuraturu-a-dostane-tisice\/","og_locale":"en_US","og_type":"article","og_title":"[:sk]Chystaj\u00fa odmenu pre Kov\u00e1\u010dika? Sta\u010d\u00ed aby sa na de\u0148 vr\u00e1til na prokurat\u00faru a dostane tis\u00edce[:] - Smedemokrati.sk","og_description":"Ak sa Du\u0161an Kov\u00e1\u010dik vr\u00e1ti na prokurat\u00faru \u010do i len na de\u0148, mohol by dosta\u0165 odchodn\u00e9 vo v\u00fd\u0161ke 53 tis\u00edc eur a doplatok k d\u00f4chodku tis\u00edc eur mesa\u010dne. Upozor\u0148uje na to expert na spravodlivos\u0165 Demokratov Juraj \u0160eliga v s\u00favislosti s n\u00e1vrhom z\u00e1kona, ktor\u00fd predklad\u00e1 do parlamentu poslanec Smeru Karas. Ten chce, aby Maro\u0161 \u017dilinka v [&hellip;]","og_url":"https:\/\/www.smedemokrati.sk\/en\/chystaju-odmenu-pre-kovacika-staci-aby-sa-na-den-vratil-na-prokuraturu-a-dostane-tisice\/","og_site_name":"Smedemokrati.sk","article_publisher":"https:\/\/www.facebook.com\/smedemokrati2023","article_published_time":"2024-08-28T11:46:35+00:00","article_modified_time":"2024-09-05T08:52:32+00:00","og_image":[{"width":1280,"height":719,"url":"https:\/\/www.smedemokrati.sk\/wp-content\/uploads\/2024\/08\/kovacik.jpg","type":"image\/jpeg"}],"author":"miro.sopko","twitter_card":"summary_large_image","twitter_misc":{"Written by":"miro.sopko","Est. reading time":"3 minutes"},"schema":{"@context":"https:\/\/schema.org","@graph":[{"@type":"Article","@id":"https:\/\/www.smedemokrati.sk\/chystaju-odmenu-pre-kovacika-staci-aby-sa-na-den-vratil-na-prokuraturu-a-dostane-tisice\/#article","isPartOf":{"@id":"https:\/\/www.smedemokrati.sk\/chystaju-odmenu-pre-kovacika-staci-aby-sa-na-den-vratil-na-prokuraturu-a-dostane-tisice\/"},"author":{"name":"miro.sopko","@id":"https:\/\/www.smedemokrati.sk\/#\/schema\/person\/21f147c88d605aa7ded900e1e7c344ba"},"headline":"Chystaj\u00fa odmenu pre Kov\u00e1\u010dika? Sta\u010d\u00ed aby sa na de\u0148 vr\u00e1til na prokurat\u00faru a dostane tis\u00edce","datePublished":"2024-08-28T11:46:35+00:00","dateModified":"2024-09-05T08:52:32+00:00","mainEntityOfPage":{"@id":"https:\/\/www.smedemokrati.sk\/chystaju-odmenu-pre-kovacika-staci-aby-sa-na-den-vratil-na-prokuraturu-a-dostane-tisice\/"},"wordCount":558,"publisher":{"@id":"https:\/\/www.smedemokrati.sk\/#organization"},"image":{"@id":"https:\/\/www.smedemokrati.sk\/chystaju-odmenu-pre-kovacika-staci-aby-sa-na-den-vratil-na-prokuraturu-a-dostane-tisice\/#primaryimage"},"thumbnailUrl":"https:\/\/www.smedemokrati.sk\/wp-content\/uploads\/2024\/08\/kovacik.jpg","articleSection":["Tla\u010dov\u00e9 spr\u00e1vy"],"inLanguage":"en-US"},{"@type":"WebPage","@id":"https:\/\/www.smedemokrati.sk\/chystaju-odmenu-pre-kovacika-staci-aby-sa-na-den-vratil-na-prokuraturu-a-dostane-tisice\/","url":"https:\/\/www.smedemokrati.sk\/chystaju-odmenu-pre-kovacika-staci-aby-sa-na-den-vratil-na-prokuraturu-a-dostane-tisice\/","name":"Chystaj\u00fa odmenu pre Kov\u00e1\u010dika? Sta\u010d\u00ed aby sa na de\u0148 vr\u00e1til na prokurat\u00faru a dostane tis\u00edce","isPartOf":{"@id":"https:\/\/www.smedemokrati.sk\/#website"},"primaryImageOfPage":{"@id":"https:\/\/www.smedemokrati.sk\/chystaju-odmenu-pre-kovacika-staci-aby-sa-na-den-vratil-na-prokuraturu-a-dostane-tisice\/#primaryimage"},"image":{"@id":"https:\/\/www.smedemokrati.sk\/chystaju-odmenu-pre-kovacika-staci-aby-sa-na-den-vratil-na-prokuraturu-a-dostane-tisice\/#primaryimage"},"thumbnailUrl":"https:\/\/www.smedemokrati.sk\/wp-content\/uploads\/2024\/08\/kovacik.jpg","datePublished":"2024-08-28T11:46:35+00:00","dateModified":"2024-09-05T08:52:32+00:00","breadcrumb":{"@id":"https:\/\/www.smedemokrati.sk\/chystaju-odmenu-pre-kovacika-staci-aby-sa-na-den-vratil-na-prokuraturu-a-dostane-tisice\/#breadcrumb"},"inLanguage":"en-US","potentialAction":[{"@type":"ReadAction","target":["https:\/\/www.smedemokrati.sk\/chystaju-odmenu-pre-kovacika-staci-aby-sa-na-den-vratil-na-prokuraturu-a-dostane-tisice\/"]}]},{"@type":"ImageObject","inLanguage":"en-US","@id":"https:\/\/www.smedemokrati.sk\/chystaju-odmenu-pre-kovacika-staci-aby-sa-na-den-vratil-na-prokuraturu-a-dostane-tisice\/#primaryimage","url":"https:\/\/www.smedemokrati.sk\/wp-content\/uploads\/2024\/08\/kovacik.jpg","contentUrl":"https:\/\/www.smedemokrati.sk\/wp-content\/uploads\/2024\/08\/kovacik.jpg","width":1280,"height":719},{"@type":"BreadcrumbList","@id":"https:\/\/www.smedemokrati.sk\/chystaju-odmenu-pre-kovacika-staci-aby-sa-na-den-vratil-na-prokuraturu-a-dostane-tisice\/#breadcrumb","itemListElement":[{"@type":"ListItem","position":1,"name":"Domovsk\u00e1 str\u00e1nka","item":"https:\/\/www.smedemokrati.sk\/"},{"@type":"ListItem","position":2,"name":"Chystaj\u00fa odmenu pre Kov\u00e1\u010dika? Sta\u010d\u00ed aby sa na de\u0148 vr\u00e1til na prokurat\u00faru a dostane tis\u00edce"}]},{"@type":"WebSite","@id":"https:\/\/www.smedemokrati.sk\/#website","url":"https:\/\/www.smedemokrati.sk\/","name":"Smedemokrati.sk","description":"Demokracia a slu\u0161nos\u0165 zv\u00ed\u0165az\u00ed","publisher":{"@id":"https:\/\/www.smedemokrati.sk\/#organization"},"potentialAction":[{"@type":"SearchAction","target":{"@type":"EntryPoint","urlTemplate":"https:\/\/www.smedemokrati.sk\/?s={search_term_string}"},"query-input":{"@type":"PropertyValueSpecification","valueRequired":true,"valueName":"search_term_string"}}],"inLanguage":"en-US"},{"@type":"Organization","@id":"https:\/\/www.smedemokrati.sk\/#organization","name":"Smedemokrati.sk","url":"https:\/\/www.smedemokrati.sk\/","logo":{"@type":"ImageObject","inLanguage":"en-US","@id":"https:\/\/www.smedemokrati.sk\/#\/schema\/logo\/image\/","url":"https:\/\/www.smedemokrati.sk\/wp-content\/uploads\/2023\/04\/ff.002.jpeg","contentUrl":"https:\/\/www.smedemokrati.sk\/wp-content\/uploads\/2023\/04\/ff.002.jpeg","width":640,"height":480,"caption":"Smedemokrati.sk"},"image":{"@id":"https:\/\/www.smedemokrati.sk\/#\/schema\/logo\/image\/"},"sameAs":["https:\/\/www.facebook.com\/smedemokrati2023"]},{"@type":"Person","@id":"https:\/\/www.smedemokrati.sk\/#\/schema\/person\/21f147c88d605aa7ded900e1e7c344ba","name":"miro.sopko","image":{"@type":"ImageObject","inLanguage":"en-US","@id":"https:\/\/secure.gravatar.com\/avatar\/267e4a36f704376c109afe3a78740c1f5dd8675a2180a908699e7863c9247606?s=96&d=mm&r=g","url":"https:\/\/secure.gravatar.com\/avatar\/267e4a36f704376c109afe3a78740c1f5dd8675a2180a908699e7863c9247606?s=96&d=mm&r=g","contentUrl":"https:\/\/secure.gravatar.com\/avatar\/267e4a36f704376c109afe3a78740c1f5dd8675a2180a908699e7863c9247606?s=96&d=mm&r=g","caption":"miro.sopko"},"url":"https:\/\/www.smedemokrati.sk\/en\/author\/miro-sopko\/"}]}},"_links":{"self":[{"href":"https:\/\/www.smedemokrati.sk\/en\/wp-json\/wp\/v2\/posts\/5014","targetHints":{"allow":["GET"]}}],"collection":[{"href":"https:\/\/www.smedemokrati.sk\/en\/wp-json\/wp\/v2\/posts"}],"about":[{"href":"https:\/\/www.smedemokrati.sk\/en\/wp-json\/wp\/v2\/types\/post"}],"author":[{"embeddable":true,"href":"https:\/\/www.smedemokrati.sk\/en\/wp-json\/wp\/v2\/users\/13"}],"replies":[{"embeddable":true,"href":"https:\/\/www.smedemokrati.sk\/en\/wp-json\/wp\/v2\/comments?post=5014"}],"version-history":[{"count":1,"href":"https:\/\/www.smedemokrati.sk\/en\/wp-json\/wp\/v2\/posts\/5014\/revisions"}],"predecessor-version":[{"id":5016,"href":"https:\/\/www.smedemokrati.sk\/en\/wp-json\/wp\/v2\/posts\/5014\/revisions\/5016"}],"wp:featuredmedia":[{"embeddable":true,"href":"https:\/\/www.smedemokrati.sk\/en\/wp-json\/wp\/v2\/media\/5015"}],"wp:attachment":[{"href":"https:\/\/www.smedemokrati.sk\/en\/wp-json\/wp\/v2\/media?parent=5014"}],"wp:term":[{"taxonomy":"category","embeddable":true,"href":"https:\/\/www.smedemokrati.sk\/en\/wp-json\/wp\/v2\/categories?post=5014"},{"taxonomy":"post_tag","embeddable":true,"href":"https:\/\/www.smedemokrati.sk\/en\/wp-json\/wp\/v2\/tags?post=5014"}],"curies":[{"name":"wp","href":"https:\/\/api.w.org\/{rel}","templated":true}]}}