{"id":5004,"date":"2024-08-27T12:23:44","date_gmt":"2024-08-27T11:23:44","guid":{"rendered":"https:\/\/www.smedemokrati.sk\/?p=5004"},"modified":"2024-09-05T09:52:20","modified_gmt":"2024-09-05T08:52:20","slug":"rodina-kuffovcov-si-robi-zo-slovenska-svoje-leno-podali-sme-podnet-na-generalnu-prokuraturu","status":"publish","type":"post","link":"https:\/\/www.smedemokrati.sk\/en\/rodina-kuffovcov-si-robi-zo-slovenska-svoje-leno-podali-sme-podnet-na-generalnu-prokuraturu\/","title":{"rendered":"Rodina Kuffovcov si rob\u00ed zo Slovenska svoje l\u00e9no, podali sme podnet na gener\u00e1lnu prokurat\u00faru"},"content":{"rendered":"<div id=\"fb-root\"><\/div>\n\n<p><strong>Rodinn\u00fd pr\u00edslu\u0161n\u00edk \u0161t\u00e1tnych tajomn\u00edkov Filipa a \u0160tefana Kuffu mal zasahova\u0165 do odborn\u00e9ho stanoviska ku konskej turistike v Tatr\u00e1ch. M\u00e1 to vypl\u00fdva\u0165 z e-mailovej komunik\u00e1cie, ktor\u00fa m\u00e1 k dispoz\u00edcii Michal Ki\u010da z predsedn\u00edctva Demokratov. Pod\u013ea Ki\u010du ide o neprijate\u013en\u00e9 konanie, ktor\u00e9 nahr\u00e1va z\u00e1ujmom rodiny Kuffovcov, obr\u00e1til sa s podnetom na gener\u00e1lnu prokurat\u00faru.<\/strong><\/p>\n\n\n\n<p><em>\u201eZ komunik\u00e1cie vypl\u00fdva, \u017ee rodinn\u00fd pr\u00edslu\u0161n\u00edk Kuffovcov, ktor\u00fd nem\u00e1 s ochranou pr\u00edrody ni\u010d, mal prikazova\u0165 spr\u00e1ve parku, kadia\u013e maj\u00fa vies\u0165 trasy pre konsk\u00fa turistiku. Nezoh\u013ead\u0148uje v\u0161ak bezpe\u010dnos\u0165 n\u00e1v\u0161tevn\u00edkov \u010di dopady na \u017eivotn\u00e9 prostredie. Cie\u013e m\u00f4\u017ee by\u0165 jasn\u00fd, zmeni\u0165 stanovisko tak, aby vy\u0161lo v \u00fastrety z\u00e1ujmom rodiny Kuffovcov,&#8221;\u00a0<\/em>otv\u00e1ra t\u00e9mu b\u00fdval\u00fd \u0161t\u00e1tny tajomn\u00edk Michal Ki\u010da a hovor\u00ed, \u017ee je absurdn\u00e9, aby rodinn\u00fd pr\u00edslu\u0161n\u00edk, ktor\u00fd nep\u00f4sob\u00ed na rezorte, zasahoval do odborn\u00fdch stanov\u00edsk a ozna\u010duje to za rodink\u00e1rstvo a \u0161ikanu vo\u010di slu\u0161n\u00fdm zamestnancom.\u00a0<\/p>\n\n\n\n<p><em>\u201eTak\u00e9to sp\u00f4soby hrubo naru\u0161uj\u00fa d\u00f4veru verejnosti v \u0161t\u00e1tne in\u0161tit\u00facie. Kde m\u00e1me istotu, \u017ee z\u00e1sahy Kuffovcov id\u00fa naozaj v s\u00falade s platn\u00fdmi z\u00e1konmi a nariadeniami? Zatia\u013e v\u0161etko ovplyv\u0148uj\u00fa najm\u00e4 v prospech ich s\u00fakromn\u00fdch amb\u00edci\u00ed. Pod\u00e1vame preto podnet na prokurat\u00faru, spolu s d\u00f4kazmi, aby toto konanie pre\u0161etrila,&#8221;\u00a0<\/em>pokra\u010duje Michal Ki\u010da.<\/p>\n\n\n\n<p>U\u017e v minulosti Demokrati informovali o z\u00e1sahoch \u0160tefana Kuffu do odborn\u00fdch stanov\u00edsk, aby sa umo\u017enila v TANAPe jazda na koni:\u00a0<em>\u201eTANAP nie je s\u00fakromn\u00e1 firma zemep\u00e1nov Kuffovcov, v ktorej si ka\u017ed\u00fd z ich klanu bude robi\u0165 \u010do chce. Spr\u00e1va TANAPu je o\u010dividne v ich tvrdom podru\u010d\u00ed, a to mus\u00edme zastavi\u0165. Je nemyslite\u013en\u00e9, aby rodinn\u00fd pr\u00edslu\u0161n\u00edk \u0161t\u00e1tnych tajomn\u00edkov vypisoval zamestnancom e-maily a diktoval im, \u010do maj\u00fa robi\u0165. V tom pr\u00edpade nech\u00e1pem, na \u010do bol v\u00f4bec vymenovan\u00fd do funkcie riadite\u013e, ke\u010f je zjavn\u00e9, \u017ee Kuffovci si tam v\u0161etko o\u0161\u00e9fuj\u00fa sami&#8221;,<\/em>\u00a0uzatv\u00e1ra Michal Ki\u010da.<\/p>\n\n\n<div class=\"fb-video\" data-href=\"https:\/\/fb.watch\/udnIMXuAa2\" data-allowfullscreen=\"true\" data-autoplay=\"false\" data-width=\"\" data-show-text=\"false\" data-show-captions=\"true\"><\/div>\n","protected":false},"excerpt":{"rendered":"<p>Rodinn\u00fd pr\u00edslu\u0161n\u00edk \u0161t\u00e1tnych tajomn\u00edkov Filipa a \u0160tefana Kuffu mal zasahova\u0165 do odborn\u00e9ho stanoviska ku konskej turistike v Tatr\u00e1ch. M\u00e1 to vypl\u00fdva\u0165 z e-mailovej komunik\u00e1cie, ktor\u00fa m\u00e1 k dispoz\u00edcii Michal Ki\u010da z predsedn\u00edctva Demokratov. Pod\u013ea Ki\u010du ide o neprijate\u013en\u00e9 konanie, ktor\u00e9 nahr\u00e1va z\u00e1ujmom rodiny Kuffovcov, obr\u00e1til sa s podnetom na gener\u00e1lnu prokurat\u00faru. \u201eZ komunik\u00e1cie vypl\u00fdva, \u017ee [&hellip;]<\/p>\n","protected":false},"author":13,"featured_media":3995,"comment_status":"closed","ping_status":"closed","sticky":false,"template":"","format":"standard","meta":{"_acf_changed":false,"ngg_post_thumbnail":0,"footnotes":""},"categories":[4],"tags":[],"class_list":["post-5004","post","type-post","status-publish","format-standard","has-post-thumbnail","hentry","category-tlacove-spravy"],"acf":[],"yoast_head":"<!-- This site is optimized with the Yoast SEO plugin v27.2 - https:\/\/yoast.com\/product\/yoast-seo-wordpress\/ -->\n<title>Rodina Kuffovcov si rob\u00ed zo Slovenska svoje l\u00e9no, podali sme podnet na gener\u00e1lnu prokurat\u00faru<\/title>\n<meta name=\"robots\" content=\"index, follow, max-snippet:-1, max-image-preview:large, max-video-preview:-1\" \/>\n<link rel=\"canonical\" href=\"https:\/\/www.smedemokrati.sk\/en\/rodina-kuffovcov-si-robi-zo-slovenska-svoje-leno-podali-sme-podnet-na-generalnu-prokuraturu\/\" \/>\n<meta property=\"og:locale\" content=\"en_US\" \/>\n<meta property=\"og:locale:alternate\" content=\"cs_CZ\" \/>\n<meta property=\"og:locale:alternate\" content=\"hu_HU\" \/>\n<meta property=\"og:locale:alternate\" content=\"sk_SK\" \/>\n<meta property=\"og:locale:alternate\" content=\"sv_SE\" \/>\n<meta property=\"og:type\" content=\"article\" \/>\n<meta property=\"og:title\" content=\"Rodina Kuffovcov si rob\u00ed zo Slovenska svoje l\u00e9no, podali sme podnet na gener\u00e1lnu prokurat\u00faru\" \/>\n<meta property=\"og:description\" content=\"Rodinn\u00fd pr\u00edslu\u0161n\u00edk \u0161t\u00e1tnych tajomn\u00edkov Filipa a \u0160tefana Kuffu mal zasahova\u0165 do odborn\u00e9ho stanoviska ku konskej turistike v Tatr\u00e1ch. M\u00e1 to vypl\u00fdva\u0165 z e-mailovej komunik\u00e1cie, ktor\u00fa m\u00e1 k dispoz\u00edcii Michal Ki\u010da z predsedn\u00edctva Demokratov. Pod\u013ea Ki\u010du ide o neprijate\u013en\u00e9 konanie, ktor\u00e9 nahr\u00e1va z\u00e1ujmom rodiny Kuffovcov, obr\u00e1til sa s podnetom na gener\u00e1lnu prokurat\u00faru. \u201eZ komunik\u00e1cie vypl\u00fdva, \u017ee [&hellip;]\" \/>\n<meta property=\"og:url\" content=\"https:\/\/www.smedemokrati.sk\/en\/rodina-kuffovcov-si-robi-zo-slovenska-svoje-leno-podali-sme-podnet-na-generalnu-prokuraturu\/\" \/>\n<meta property=\"og:site_name\" content=\"Smedemokrati.sk\" \/>\n<meta property=\"article:publisher\" content=\"https:\/\/www.facebook.com\/smedemokrati2023\" \/>\n<meta property=\"article:published_time\" content=\"2024-08-27T11:23:44+00:00\" \/>\n<meta property=\"article:modified_time\" content=\"2024-09-05T08:52:20+00:00\" \/>\n<meta property=\"og:image\" content=\"https:\/\/www.smedemokrati.sk\/wp-content\/uploads\/2024\/04\/kufovci.jpg\" \/>\n\t<meta property=\"og:image:width\" content=\"1200\" \/>\n\t<meta property=\"og:image:height\" content=\"1094\" \/>\n\t<meta property=\"og:image:type\" content=\"image\/jpeg\" \/>\n<meta name=\"author\" content=\"miro.sopko\" \/>\n<meta name=\"twitter:card\" content=\"summary_large_image\" \/>\n<meta name=\"twitter:label1\" content=\"Written by\" \/>\n\t<meta name=\"twitter:data1\" content=\"miro.sopko\" \/>\n\t<meta name=\"twitter:label2\" content=\"Est. reading time\" \/>\n\t<meta name=\"twitter:data2\" content=\"2 minutes\" \/>\n<script type=\"application\/ld+json\" class=\"yoast-schema-graph\">{\"@context\":\"https:\/\/schema.org\",\"@graph\":[{\"@type\":\"Article\",\"@id\":\"https:\/\/www.smedemokrati.sk\/rodina-kuffovcov-si-robi-zo-slovenska-svoje-leno-podali-sme-podnet-na-generalnu-prokuraturu\/#article\",\"isPartOf\":{\"@id\":\"https:\/\/www.smedemokrati.sk\/rodina-kuffovcov-si-robi-zo-slovenska-svoje-leno-podali-sme-podnet-na-generalnu-prokuraturu\/\"},\"author\":{\"name\":\"miro.sopko\",\"@id\":\"https:\/\/www.smedemokrati.sk\/#\/schema\/person\/21f147c88d605aa7ded900e1e7c344ba\"},\"headline\":\"Rodina Kuffovcov si rob\u00ed zo Slovenska svoje l\u00e9no, podali sme podnet na gener\u00e1lnu prokurat\u00faru\",\"datePublished\":\"2024-08-27T11:23:44+00:00\",\"dateModified\":\"2024-09-05T08:52:20+00:00\",\"mainEntityOfPage\":{\"@id\":\"https:\/\/www.smedemokrati.sk\/rodina-kuffovcov-si-robi-zo-slovenska-svoje-leno-podali-sme-podnet-na-generalnu-prokuraturu\/\"},\"wordCount\":397,\"publisher\":{\"@id\":\"https:\/\/www.smedemokrati.sk\/#organization\"},\"image\":{\"@id\":\"https:\/\/www.smedemokrati.sk\/rodina-kuffovcov-si-robi-zo-slovenska-svoje-leno-podali-sme-podnet-na-generalnu-prokuraturu\/#primaryimage\"},\"thumbnailUrl\":\"https:\/\/www.smedemokrati.sk\/wp-content\/uploads\/2024\/04\/kufovci.jpg\",\"articleSection\":[\"Tla\u010dov\u00e9 spr\u00e1vy\"],\"inLanguage\":\"en-US\"},{\"@type\":\"WebPage\",\"@id\":\"https:\/\/www.smedemokrati.sk\/rodina-kuffovcov-si-robi-zo-slovenska-svoje-leno-podali-sme-podnet-na-generalnu-prokuraturu\/\",\"url\":\"https:\/\/www.smedemokrati.sk\/rodina-kuffovcov-si-robi-zo-slovenska-svoje-leno-podali-sme-podnet-na-generalnu-prokuraturu\/\",\"name\":\"Rodina Kuffovcov si rob\u00ed zo Slovenska svoje l\u00e9no, podali sme podnet na gener\u00e1lnu prokurat\u00faru\",\"isPartOf\":{\"@id\":\"https:\/\/www.smedemokrati.sk\/#website\"},\"primaryImageOfPage\":{\"@id\":\"https:\/\/www.smedemokrati.sk\/rodina-kuffovcov-si-robi-zo-slovenska-svoje-leno-podali-sme-podnet-na-generalnu-prokuraturu\/#primaryimage\"},\"image\":{\"@id\":\"https:\/\/www.smedemokrati.sk\/rodina-kuffovcov-si-robi-zo-slovenska-svoje-leno-podali-sme-podnet-na-generalnu-prokuraturu\/#primaryimage\"},\"thumbnailUrl\":\"https:\/\/www.smedemokrati.sk\/wp-content\/uploads\/2024\/04\/kufovci.jpg\",\"datePublished\":\"2024-08-27T11:23:44+00:00\",\"dateModified\":\"2024-09-05T08:52:20+00:00\",\"breadcrumb\":{\"@id\":\"https:\/\/www.smedemokrati.sk\/rodina-kuffovcov-si-robi-zo-slovenska-svoje-leno-podali-sme-podnet-na-generalnu-prokuraturu\/#breadcrumb\"},\"inLanguage\":\"en-US\",\"potentialAction\":[{\"@type\":\"ReadAction\",\"target\":[\"https:\/\/www.smedemokrati.sk\/rodina-kuffovcov-si-robi-zo-slovenska-svoje-leno-podali-sme-podnet-na-generalnu-prokuraturu\/\"]}]},{\"@type\":\"ImageObject\",\"inLanguage\":\"en-US\",\"@id\":\"https:\/\/www.smedemokrati.sk\/rodina-kuffovcov-si-robi-zo-slovenska-svoje-leno-podali-sme-podnet-na-generalnu-prokuraturu\/#primaryimage\",\"url\":\"https:\/\/www.smedemokrati.sk\/wp-content\/uploads\/2024\/04\/kufovci.jpg\",\"contentUrl\":\"https:\/\/www.smedemokrati.sk\/wp-content\/uploads\/2024\/04\/kufovci.jpg\",\"width\":1200,\"height\":1094},{\"@type\":\"BreadcrumbList\",\"@id\":\"https:\/\/www.smedemokrati.sk\/rodina-kuffovcov-si-robi-zo-slovenska-svoje-leno-podali-sme-podnet-na-generalnu-prokuraturu\/#breadcrumb\",\"itemListElement\":[{\"@type\":\"ListItem\",\"position\":1,\"name\":\"Domovsk\u00e1 str\u00e1nka\",\"item\":\"https:\/\/www.smedemokrati.sk\/\"},{\"@type\":\"ListItem\",\"position\":2,\"name\":\"Rodina Kuffovcov si rob\u00ed zo Slovenska svoje l\u00e9no, podali sme podnet na gener\u00e1lnu prokurat\u00faru\"}]},{\"@type\":\"WebSite\",\"@id\":\"https:\/\/www.smedemokrati.sk\/#website\",\"url\":\"https:\/\/www.smedemokrati.sk\/\",\"name\":\"Smedemokrati.sk\",\"description\":\"Demokracia a slu\u0161nos\u0165 zv\u00ed\u0165az\u00ed\",\"publisher\":{\"@id\":\"https:\/\/www.smedemokrati.sk\/#organization\"},\"potentialAction\":[{\"@type\":\"SearchAction\",\"target\":{\"@type\":\"EntryPoint\",\"urlTemplate\":\"https:\/\/www.smedemokrati.sk\/?s={search_term_string}\"},\"query-input\":{\"@type\":\"PropertyValueSpecification\",\"valueRequired\":true,\"valueName\":\"search_term_string\"}}],\"inLanguage\":\"en-US\"},{\"@type\":\"Organization\",\"@id\":\"https:\/\/www.smedemokrati.sk\/#organization\",\"name\":\"Smedemokrati.sk\",\"url\":\"https:\/\/www.smedemokrati.sk\/\",\"logo\":{\"@type\":\"ImageObject\",\"inLanguage\":\"en-US\",\"@id\":\"https:\/\/www.smedemokrati.sk\/#\/schema\/logo\/image\/\",\"url\":\"https:\/\/www.smedemokrati.sk\/wp-content\/uploads\/2023\/04\/ff.002.jpeg\",\"contentUrl\":\"https:\/\/www.smedemokrati.sk\/wp-content\/uploads\/2023\/04\/ff.002.jpeg\",\"width\":640,\"height\":480,\"caption\":\"Smedemokrati.sk\"},\"image\":{\"@id\":\"https:\/\/www.smedemokrati.sk\/#\/schema\/logo\/image\/\"},\"sameAs\":[\"https:\/\/www.facebook.com\/smedemokrati2023\"]},{\"@type\":\"Person\",\"@id\":\"https:\/\/www.smedemokrati.sk\/#\/schema\/person\/21f147c88d605aa7ded900e1e7c344ba\",\"name\":\"miro.sopko\",\"image\":{\"@type\":\"ImageObject\",\"inLanguage\":\"en-US\",\"@id\":\"https:\/\/secure.gravatar.com\/avatar\/267e4a36f704376c109afe3a78740c1f5dd8675a2180a908699e7863c9247606?s=96&d=mm&r=g\",\"url\":\"https:\/\/secure.gravatar.com\/avatar\/267e4a36f704376c109afe3a78740c1f5dd8675a2180a908699e7863c9247606?s=96&d=mm&r=g\",\"contentUrl\":\"https:\/\/secure.gravatar.com\/avatar\/267e4a36f704376c109afe3a78740c1f5dd8675a2180a908699e7863c9247606?s=96&d=mm&r=g\",\"caption\":\"miro.sopko\"},\"url\":\"https:\/\/www.smedemokrati.sk\/en\/author\/miro-sopko\/\"}]}<\/script>\n<!-- \/ Yoast SEO plugin. -->","yoast_head_json":{"title":"Rodina Kuffovcov si rob\u00ed zo Slovenska svoje l\u00e9no, podali sme podnet na gener\u00e1lnu prokurat\u00faru","robots":{"index":"index","follow":"follow","max-snippet":"max-snippet:-1","max-image-preview":"max-image-preview:large","max-video-preview":"max-video-preview:-1"},"canonical":"https:\/\/www.smedemokrati.sk\/en\/rodina-kuffovcov-si-robi-zo-slovenska-svoje-leno-podali-sme-podnet-na-generalnu-prokuraturu\/","og_locale":"en_US","og_type":"article","og_title":"[:sk]Rodina Kuffovcov si rob\u00ed zo Slovenska svoje l\u00e9no, podali sme podnet na gener\u00e1lnu prokurat\u00faru[:] - Smedemokrati.sk","og_description":"Rodinn\u00fd pr\u00edslu\u0161n\u00edk \u0161t\u00e1tnych tajomn\u00edkov Filipa a \u0160tefana Kuffu mal zasahova\u0165 do odborn\u00e9ho stanoviska ku konskej turistike v Tatr\u00e1ch. M\u00e1 to vypl\u00fdva\u0165 z e-mailovej komunik\u00e1cie, ktor\u00fa m\u00e1 k dispoz\u00edcii Michal Ki\u010da z predsedn\u00edctva Demokratov. Pod\u013ea Ki\u010du ide o neprijate\u013en\u00e9 konanie, ktor\u00e9 nahr\u00e1va z\u00e1ujmom rodiny Kuffovcov, obr\u00e1til sa s podnetom na gener\u00e1lnu prokurat\u00faru. \u201eZ komunik\u00e1cie vypl\u00fdva, \u017ee [&hellip;]","og_url":"https:\/\/www.smedemokrati.sk\/en\/rodina-kuffovcov-si-robi-zo-slovenska-svoje-leno-podali-sme-podnet-na-generalnu-prokuraturu\/","og_site_name":"Smedemokrati.sk","article_publisher":"https:\/\/www.facebook.com\/smedemokrati2023","article_published_time":"2024-08-27T11:23:44+00:00","article_modified_time":"2024-09-05T08:52:20+00:00","og_image":[{"width":1200,"height":1094,"url":"https:\/\/www.smedemokrati.sk\/wp-content\/uploads\/2024\/04\/kufovci.jpg","type":"image\/jpeg"}],"author":"miro.sopko","twitter_card":"summary_large_image","twitter_misc":{"Written by":"miro.sopko","Est. reading time":"2 minutes"},"schema":{"@context":"https:\/\/schema.org","@graph":[{"@type":"Article","@id":"https:\/\/www.smedemokrati.sk\/rodina-kuffovcov-si-robi-zo-slovenska-svoje-leno-podali-sme-podnet-na-generalnu-prokuraturu\/#article","isPartOf":{"@id":"https:\/\/www.smedemokrati.sk\/rodina-kuffovcov-si-robi-zo-slovenska-svoje-leno-podali-sme-podnet-na-generalnu-prokuraturu\/"},"author":{"name":"miro.sopko","@id":"https:\/\/www.smedemokrati.sk\/#\/schema\/person\/21f147c88d605aa7ded900e1e7c344ba"},"headline":"Rodina Kuffovcov si rob\u00ed zo Slovenska svoje l\u00e9no, podali sme podnet na gener\u00e1lnu prokurat\u00faru","datePublished":"2024-08-27T11:23:44+00:00","dateModified":"2024-09-05T08:52:20+00:00","mainEntityOfPage":{"@id":"https:\/\/www.smedemokrati.sk\/rodina-kuffovcov-si-robi-zo-slovenska-svoje-leno-podali-sme-podnet-na-generalnu-prokuraturu\/"},"wordCount":397,"publisher":{"@id":"https:\/\/www.smedemokrati.sk\/#organization"},"image":{"@id":"https:\/\/www.smedemokrati.sk\/rodina-kuffovcov-si-robi-zo-slovenska-svoje-leno-podali-sme-podnet-na-generalnu-prokuraturu\/#primaryimage"},"thumbnailUrl":"https:\/\/www.smedemokrati.sk\/wp-content\/uploads\/2024\/04\/kufovci.jpg","articleSection":["Tla\u010dov\u00e9 spr\u00e1vy"],"inLanguage":"en-US"},{"@type":"WebPage","@id":"https:\/\/www.smedemokrati.sk\/rodina-kuffovcov-si-robi-zo-slovenska-svoje-leno-podali-sme-podnet-na-generalnu-prokuraturu\/","url":"https:\/\/www.smedemokrati.sk\/rodina-kuffovcov-si-robi-zo-slovenska-svoje-leno-podali-sme-podnet-na-generalnu-prokuraturu\/","name":"Rodina Kuffovcov si rob\u00ed zo Slovenska svoje l\u00e9no, podali sme podnet na gener\u00e1lnu prokurat\u00faru","isPartOf":{"@id":"https:\/\/www.smedemokrati.sk\/#website"},"primaryImageOfPage":{"@id":"https:\/\/www.smedemokrati.sk\/rodina-kuffovcov-si-robi-zo-slovenska-svoje-leno-podali-sme-podnet-na-generalnu-prokuraturu\/#primaryimage"},"image":{"@id":"https:\/\/www.smedemokrati.sk\/rodina-kuffovcov-si-robi-zo-slovenska-svoje-leno-podali-sme-podnet-na-generalnu-prokuraturu\/#primaryimage"},"thumbnailUrl":"https:\/\/www.smedemokrati.sk\/wp-content\/uploads\/2024\/04\/kufovci.jpg","datePublished":"2024-08-27T11:23:44+00:00","dateModified":"2024-09-05T08:52:20+00:00","breadcrumb":{"@id":"https:\/\/www.smedemokrati.sk\/rodina-kuffovcov-si-robi-zo-slovenska-svoje-leno-podali-sme-podnet-na-generalnu-prokuraturu\/#breadcrumb"},"inLanguage":"en-US","potentialAction":[{"@type":"ReadAction","target":["https:\/\/www.smedemokrati.sk\/rodina-kuffovcov-si-robi-zo-slovenska-svoje-leno-podali-sme-podnet-na-generalnu-prokuraturu\/"]}]},{"@type":"ImageObject","inLanguage":"en-US","@id":"https:\/\/www.smedemokrati.sk\/rodina-kuffovcov-si-robi-zo-slovenska-svoje-leno-podali-sme-podnet-na-generalnu-prokuraturu\/#primaryimage","url":"https:\/\/www.smedemokrati.sk\/wp-content\/uploads\/2024\/04\/kufovci.jpg","contentUrl":"https:\/\/www.smedemokrati.sk\/wp-content\/uploads\/2024\/04\/kufovci.jpg","width":1200,"height":1094},{"@type":"BreadcrumbList","@id":"https:\/\/www.smedemokrati.sk\/rodina-kuffovcov-si-robi-zo-slovenska-svoje-leno-podali-sme-podnet-na-generalnu-prokuraturu\/#breadcrumb","itemListElement":[{"@type":"ListItem","position":1,"name":"Domovsk\u00e1 str\u00e1nka","item":"https:\/\/www.smedemokrati.sk\/"},{"@type":"ListItem","position":2,"name":"Rodina Kuffovcov si rob\u00ed zo Slovenska svoje l\u00e9no, podali sme podnet na gener\u00e1lnu prokurat\u00faru"}]},{"@type":"WebSite","@id":"https:\/\/www.smedemokrati.sk\/#website","url":"https:\/\/www.smedemokrati.sk\/","name":"Smedemokrati.sk","description":"Demokracia a slu\u0161nos\u0165 zv\u00ed\u0165az\u00ed","publisher":{"@id":"https:\/\/www.smedemokrati.sk\/#organization"},"potentialAction":[{"@type":"SearchAction","target":{"@type":"EntryPoint","urlTemplate":"https:\/\/www.smedemokrati.sk\/?s={search_term_string}"},"query-input":{"@type":"PropertyValueSpecification","valueRequired":true,"valueName":"search_term_string"}}],"inLanguage":"en-US"},{"@type":"Organization","@id":"https:\/\/www.smedemokrati.sk\/#organization","name":"Smedemokrati.sk","url":"https:\/\/www.smedemokrati.sk\/","logo":{"@type":"ImageObject","inLanguage":"en-US","@id":"https:\/\/www.smedemokrati.sk\/#\/schema\/logo\/image\/","url":"https:\/\/www.smedemokrati.sk\/wp-content\/uploads\/2023\/04\/ff.002.jpeg","contentUrl":"https:\/\/www.smedemokrati.sk\/wp-content\/uploads\/2023\/04\/ff.002.jpeg","width":640,"height":480,"caption":"Smedemokrati.sk"},"image":{"@id":"https:\/\/www.smedemokrati.sk\/#\/schema\/logo\/image\/"},"sameAs":["https:\/\/www.facebook.com\/smedemokrati2023"]},{"@type":"Person","@id":"https:\/\/www.smedemokrati.sk\/#\/schema\/person\/21f147c88d605aa7ded900e1e7c344ba","name":"miro.sopko","image":{"@type":"ImageObject","inLanguage":"en-US","@id":"https:\/\/secure.gravatar.com\/avatar\/267e4a36f704376c109afe3a78740c1f5dd8675a2180a908699e7863c9247606?s=96&d=mm&r=g","url":"https:\/\/secure.gravatar.com\/avatar\/267e4a36f704376c109afe3a78740c1f5dd8675a2180a908699e7863c9247606?s=96&d=mm&r=g","contentUrl":"https:\/\/secure.gravatar.com\/avatar\/267e4a36f704376c109afe3a78740c1f5dd8675a2180a908699e7863c9247606?s=96&d=mm&r=g","caption":"miro.sopko"},"url":"https:\/\/www.smedemokrati.sk\/en\/author\/miro-sopko\/"}]}},"_links":{"self":[{"href":"https:\/\/www.smedemokrati.sk\/en\/wp-json\/wp\/v2\/posts\/5004","targetHints":{"allow":["GET"]}}],"collection":[{"href":"https:\/\/www.smedemokrati.sk\/en\/wp-json\/wp\/v2\/posts"}],"about":[{"href":"https:\/\/www.smedemokrati.sk\/en\/wp-json\/wp\/v2\/types\/post"}],"author":[{"embeddable":true,"href":"https:\/\/www.smedemokrati.sk\/en\/wp-json\/wp\/v2\/users\/13"}],"replies":[{"embeddable":true,"href":"https:\/\/www.smedemokrati.sk\/en\/wp-json\/wp\/v2\/comments?post=5004"}],"version-history":[{"count":2,"href":"https:\/\/www.smedemokrati.sk\/en\/wp-json\/wp\/v2\/posts\/5004\/revisions"}],"predecessor-version":[{"id":5007,"href":"https:\/\/www.smedemokrati.sk\/en\/wp-json\/wp\/v2\/posts\/5004\/revisions\/5007"}],"wp:featuredmedia":[{"embeddable":true,"href":"https:\/\/www.smedemokrati.sk\/en\/wp-json\/wp\/v2\/media\/3995"}],"wp:attachment":[{"href":"https:\/\/www.smedemokrati.sk\/en\/wp-json\/wp\/v2\/media?parent=5004"}],"wp:term":[{"taxonomy":"category","embeddable":true,"href":"https:\/\/www.smedemokrati.sk\/en\/wp-json\/wp\/v2\/categories?post=5004"},{"taxonomy":"post_tag","embeddable":true,"href":"https:\/\/www.smedemokrati.sk\/en\/wp-json\/wp\/v2\/tags?post=5004"}],"curies":[{"name":"wp","href":"https:\/\/api.w.org\/{rel}","templated":true}]}}