{"id":4996,"date":"2024-08-26T18:03:12","date_gmt":"2024-08-26T17:03:12","guid":{"rendered":"https:\/\/www.smedemokrati.sk\/?p=4996"},"modified":"2024-09-05T09:52:15","modified_gmt":"2024-09-05T08:52:15","slug":"dozivotna-renta-5-000-eur-pre-marosa-zilinku-ziadna-fikcia-tento-navrh-je-uz-v-parlamente","status":"publish","type":"post","link":"https:\/\/www.smedemokrati.sk\/en\/dozivotna-renta-5-000-eur-pre-marosa-zilinku-ziadna-fikcia-tento-navrh-je-uz-v-parlamente\/","title":{"rendered":"Do\u017eivotn\u00e1 renta 5 000 eur pre Maro\u0161a \u017dilinku? \u017diadna fikcia, tento n\u00e1vrh je u\u017e v parlamente"},"content":{"rendered":"<div id=\"fb-root\"><\/div>\n\n<p><strong>Demokrati upozor\u0148uj\u00fa na poslaneck\u00fd n\u00e1vrh z dielne Smeru, ktor\u00fd zabezpe\u010d\u00ed do\u017eivotn\u00fa rentu gener\u00e1lnemu prokur\u00e1torovi Maro\u0161ovi \u017dilinkovi. Pod\u013ea experta na spravodlivos\u0165 Juraja \u0160eligu to mo\u017eno vn\u00edma\u0165 ako potenci\u00e1lnu odmenu za v\u0161etky 363 v prospech vl\u00e1dnej garnit\u00fary. <\/strong><\/p>\n\n\n\n<p><em>\u201eT\u00e1to krajina u\u017e evidentne nem\u00e1 \u017eiadne probl\u00e9my. Zd\u00e1 sa, \u017ee dia\u013enice s\u00fa hotov\u00e9, \u0161koly a nemocnice s\u00fa zmodernizovan\u00e9 a potraviny lacnej\u0161ie. Ostalo u\u017e iba vyrie\u0161i\u0165 do\u017eivotn\u00fa pl\u00e1cu za slu\u017eby Maro\u0161a \u017dilinku v prospech vl\u00e1dy Roberta Fica. Poslaneck\u00fd n\u00e1vrh z dielne Smeru je u\u017e v parlamente a po do\u017eivotnej rente, ktor\u00fa si vybavil predseda vl\u00e1dy, je to s prep\u00e1\u010den\u00edm, \u010fal\u0161\u00ed p\u013euvanec do tv\u00e1re slu\u0161n\u00fdm \u013eu\u010fom, ktor\u00ed obracaj\u00fa ka\u017ed\u00e9 euro,&#8221;<\/em> reaguje podpredseda Demokratov Juraj \u0160eliga a hodnot\u00ed, \u017ee by mohlo \u00eds\u0165 o formu \u201esplatenia&#8221; v\u0161etk\u00fdch rozhodnut\u00ed a udelen\u00ed paragrafu 363 v prospech vl\u00e1dnej garnit\u00fary. <\/p>\n\n\n\n<p>Strana Demokrati vyz\u00fdva poslanca Karasa, aby stiahol tento hanebn\u00fd n\u00e1vrh a nevysmieval sa spolo\u010dne s celou stranou Smer v\u0161etk\u00fdm \u0165a\u017eko pracuj\u00facim \u013eu\u010fom. <\/p>\n\n\n<div class=\"fb-video\" data-href=\"https:\/\/www.facebook.com\/JurajSeligaPravnik\/videos\/532180256140359\" data-allowfullscreen=\"true\" data-autoplay=\"false\" data-width=\"\" data-show-text=\"false\" data-show-captions=\"true\"><\/div>\n","protected":false},"excerpt":{"rendered":"<p>Demokrati upozor\u0148uj\u00fa na poslaneck\u00fd n\u00e1vrh z dielne Smeru, ktor\u00fd zabezpe\u010d\u00ed do\u017eivotn\u00fa rentu gener\u00e1lnemu prokur\u00e1torovi Maro\u0161ovi \u017dilinkovi. Pod\u013ea experta na spravodlivos\u0165 Juraja \u0160eligu to mo\u017eno vn\u00edma\u0165 ako potenci\u00e1lnu odmenu za v\u0161etky 363 v prospech vl\u00e1dnej garnit\u00fary. \u201eT\u00e1to krajina u\u017e evidentne nem\u00e1 \u017eiadne probl\u00e9my. Zd\u00e1 sa, \u017ee dia\u013enice s\u00fa hotov\u00e9, \u0161koly a nemocnice s\u00fa zmodernizovan\u00e9 a potraviny [&hellip;]<\/p>\n","protected":false},"author":13,"featured_media":4997,"comment_status":"closed","ping_status":"closed","sticky":false,"template":"","format":"standard","meta":{"_acf_changed":false,"ngg_post_thumbnail":0,"footnotes":""},"categories":[4],"tags":[],"class_list":["post-4996","post","type-post","status-publish","format-standard","has-post-thumbnail","hentry","category-tlacove-spravy"],"acf":[],"yoast_head":"<!-- This site is optimized with the Yoast SEO plugin v27.2 - https:\/\/yoast.com\/product\/yoast-seo-wordpress\/ -->\n<title>Do\u017eivotn\u00e1 renta 5 000 eur pre Maro\u0161a \u017dilinku? \u017diadna fikcia, tento n\u00e1vrh je u\u017e v parlamente<\/title>\n<meta name=\"robots\" content=\"index, follow, max-snippet:-1, max-image-preview:large, max-video-preview:-1\" \/>\n<link rel=\"canonical\" href=\"https:\/\/www.smedemokrati.sk\/en\/dozivotna-renta-5-000-eur-pre-marosa-zilinku-ziadna-fikcia-tento-navrh-je-uz-v-parlamente\/\" \/>\n<meta property=\"og:locale\" content=\"en_US\" \/>\n<meta property=\"og:locale:alternate\" content=\"cs_CZ\" \/>\n<meta property=\"og:locale:alternate\" content=\"hu_HU\" \/>\n<meta property=\"og:locale:alternate\" content=\"sk_SK\" \/>\n<meta property=\"og:locale:alternate\" content=\"sv_SE\" \/>\n<meta property=\"og:type\" content=\"article\" \/>\n<meta property=\"og:title\" content=\"Do\u017eivotn\u00e1 renta 5 000 eur pre Maro\u0161a \u017dilinku? \u017diadna fikcia, tento n\u00e1vrh je u\u017e v parlamente\" \/>\n<meta property=\"og:description\" content=\"Demokrati upozor\u0148uj\u00fa na poslaneck\u00fd n\u00e1vrh z dielne Smeru, ktor\u00fd zabezpe\u010d\u00ed do\u017eivotn\u00fa rentu gener\u00e1lnemu prokur\u00e1torovi Maro\u0161ovi \u017dilinkovi. Pod\u013ea experta na spravodlivos\u0165 Juraja \u0160eligu to mo\u017eno vn\u00edma\u0165 ako potenci\u00e1lnu odmenu za v\u0161etky 363 v prospech vl\u00e1dnej garnit\u00fary. \u201eT\u00e1to krajina u\u017e evidentne nem\u00e1 \u017eiadne probl\u00e9my. Zd\u00e1 sa, \u017ee dia\u013enice s\u00fa hotov\u00e9, \u0161koly a nemocnice s\u00fa zmodernizovan\u00e9 a potraviny [&hellip;]\" \/>\n<meta property=\"og:url\" content=\"https:\/\/www.smedemokrati.sk\/en\/dozivotna-renta-5-000-eur-pre-marosa-zilinku-ziadna-fikcia-tento-navrh-je-uz-v-parlamente\/\" \/>\n<meta property=\"og:site_name\" content=\"Smedemokrati.sk\" \/>\n<meta property=\"article:publisher\" content=\"https:\/\/www.facebook.com\/smedemokrati2023\" \/>\n<meta property=\"article:published_time\" content=\"2024-08-26T17:03:12+00:00\" \/>\n<meta property=\"article:modified_time\" content=\"2024-09-05T08:52:15+00:00\" \/>\n<meta property=\"og:image\" content=\"https:\/\/www.smedemokrati.sk\/wp-content\/uploads\/2024\/08\/3913.jpg\" \/>\n\t<meta property=\"og:image:width\" content=\"1000\" \/>\n\t<meta property=\"og:image:height\" content=\"667\" \/>\n\t<meta property=\"og:image:type\" content=\"image\/jpeg\" \/>\n<meta name=\"author\" content=\"miro.sopko\" \/>\n<meta name=\"twitter:card\" content=\"summary_large_image\" \/>\n<meta name=\"twitter:label1\" content=\"Written by\" \/>\n\t<meta name=\"twitter:data1\" content=\"miro.sopko\" \/>\n\t<meta name=\"twitter:label2\" content=\"Est. reading time\" \/>\n\t<meta name=\"twitter:data2\" content=\"1 minute\" \/>\n<script type=\"application\/ld+json\" class=\"yoast-schema-graph\">{\"@context\":\"https:\/\/schema.org\",\"@graph\":[{\"@type\":\"Article\",\"@id\":\"https:\/\/www.smedemokrati.sk\/dozivotna-renta-5-000-eur-pre-marosa-zilinku-ziadna-fikcia-tento-navrh-je-uz-v-parlamente\/#article\",\"isPartOf\":{\"@id\":\"https:\/\/www.smedemokrati.sk\/dozivotna-renta-5-000-eur-pre-marosa-zilinku-ziadna-fikcia-tento-navrh-je-uz-v-parlamente\/\"},\"author\":{\"name\":\"miro.sopko\",\"@id\":\"https:\/\/www.smedemokrati.sk\/#\/schema\/person\/21f147c88d605aa7ded900e1e7c344ba\"},\"headline\":\"Do\u017eivotn\u00e1 renta 5 000 eur pre Maro\u0161a \u017dilinku? \u017diadna fikcia, tento n\u00e1vrh je u\u017e v parlamente\",\"datePublished\":\"2024-08-26T17:03:12+00:00\",\"dateModified\":\"2024-09-05T08:52:15+00:00\",\"mainEntityOfPage\":{\"@id\":\"https:\/\/www.smedemokrati.sk\/dozivotna-renta-5-000-eur-pre-marosa-zilinku-ziadna-fikcia-tento-navrh-je-uz-v-parlamente\/\"},\"wordCount\":222,\"publisher\":{\"@id\":\"https:\/\/www.smedemokrati.sk\/#organization\"},\"image\":{\"@id\":\"https:\/\/www.smedemokrati.sk\/dozivotna-renta-5-000-eur-pre-marosa-zilinku-ziadna-fikcia-tento-navrh-je-uz-v-parlamente\/#primaryimage\"},\"thumbnailUrl\":\"https:\/\/www.smedemokrati.sk\/wp-content\/uploads\/2024\/08\/3913.jpg\",\"articleSection\":[\"Tla\u010dov\u00e9 spr\u00e1vy\"],\"inLanguage\":\"en-US\"},{\"@type\":\"WebPage\",\"@id\":\"https:\/\/www.smedemokrati.sk\/dozivotna-renta-5-000-eur-pre-marosa-zilinku-ziadna-fikcia-tento-navrh-je-uz-v-parlamente\/\",\"url\":\"https:\/\/www.smedemokrati.sk\/dozivotna-renta-5-000-eur-pre-marosa-zilinku-ziadna-fikcia-tento-navrh-je-uz-v-parlamente\/\",\"name\":\"Do\u017eivotn\u00e1 renta 5 000 eur pre Maro\u0161a \u017dilinku? \u017diadna fikcia, tento n\u00e1vrh je u\u017e v parlamente\",\"isPartOf\":{\"@id\":\"https:\/\/www.smedemokrati.sk\/#website\"},\"primaryImageOfPage\":{\"@id\":\"https:\/\/www.smedemokrati.sk\/dozivotna-renta-5-000-eur-pre-marosa-zilinku-ziadna-fikcia-tento-navrh-je-uz-v-parlamente\/#primaryimage\"},\"image\":{\"@id\":\"https:\/\/www.smedemokrati.sk\/dozivotna-renta-5-000-eur-pre-marosa-zilinku-ziadna-fikcia-tento-navrh-je-uz-v-parlamente\/#primaryimage\"},\"thumbnailUrl\":\"https:\/\/www.smedemokrati.sk\/wp-content\/uploads\/2024\/08\/3913.jpg\",\"datePublished\":\"2024-08-26T17:03:12+00:00\",\"dateModified\":\"2024-09-05T08:52:15+00:00\",\"breadcrumb\":{\"@id\":\"https:\/\/www.smedemokrati.sk\/dozivotna-renta-5-000-eur-pre-marosa-zilinku-ziadna-fikcia-tento-navrh-je-uz-v-parlamente\/#breadcrumb\"},\"inLanguage\":\"en-US\",\"potentialAction\":[{\"@type\":\"ReadAction\",\"target\":[\"https:\/\/www.smedemokrati.sk\/dozivotna-renta-5-000-eur-pre-marosa-zilinku-ziadna-fikcia-tento-navrh-je-uz-v-parlamente\/\"]}]},{\"@type\":\"ImageObject\",\"inLanguage\":\"en-US\",\"@id\":\"https:\/\/www.smedemokrati.sk\/dozivotna-renta-5-000-eur-pre-marosa-zilinku-ziadna-fikcia-tento-navrh-je-uz-v-parlamente\/#primaryimage\",\"url\":\"https:\/\/www.smedemokrati.sk\/wp-content\/uploads\/2024\/08\/3913.jpg\",\"contentUrl\":\"https:\/\/www.smedemokrati.sk\/wp-content\/uploads\/2024\/08\/3913.jpg\",\"width\":1000,\"height\":667},{\"@type\":\"BreadcrumbList\",\"@id\":\"https:\/\/www.smedemokrati.sk\/dozivotna-renta-5-000-eur-pre-marosa-zilinku-ziadna-fikcia-tento-navrh-je-uz-v-parlamente\/#breadcrumb\",\"itemListElement\":[{\"@type\":\"ListItem\",\"position\":1,\"name\":\"Domovsk\u00e1 str\u00e1nka\",\"item\":\"https:\/\/www.smedemokrati.sk\/\"},{\"@type\":\"ListItem\",\"position\":2,\"name\":\"Do\u017eivotn\u00e1 renta 5 000 eur pre Maro\u0161a \u017dilinku? \u017diadna fikcia, tento n\u00e1vrh je u\u017e v parlamente\"}]},{\"@type\":\"WebSite\",\"@id\":\"https:\/\/www.smedemokrati.sk\/#website\",\"url\":\"https:\/\/www.smedemokrati.sk\/\",\"name\":\"Smedemokrati.sk\",\"description\":\"Demokracia a slu\u0161nos\u0165 zv\u00ed\u0165az\u00ed\",\"publisher\":{\"@id\":\"https:\/\/www.smedemokrati.sk\/#organization\"},\"potentialAction\":[{\"@type\":\"SearchAction\",\"target\":{\"@type\":\"EntryPoint\",\"urlTemplate\":\"https:\/\/www.smedemokrati.sk\/?s={search_term_string}\"},\"query-input\":{\"@type\":\"PropertyValueSpecification\",\"valueRequired\":true,\"valueName\":\"search_term_string\"}}],\"inLanguage\":\"en-US\"},{\"@type\":\"Organization\",\"@id\":\"https:\/\/www.smedemokrati.sk\/#organization\",\"name\":\"Smedemokrati.sk\",\"url\":\"https:\/\/www.smedemokrati.sk\/\",\"logo\":{\"@type\":\"ImageObject\",\"inLanguage\":\"en-US\",\"@id\":\"https:\/\/www.smedemokrati.sk\/#\/schema\/logo\/image\/\",\"url\":\"https:\/\/www.smedemokrati.sk\/wp-content\/uploads\/2023\/04\/ff.002.jpeg\",\"contentUrl\":\"https:\/\/www.smedemokrati.sk\/wp-content\/uploads\/2023\/04\/ff.002.jpeg\",\"width\":640,\"height\":480,\"caption\":\"Smedemokrati.sk\"},\"image\":{\"@id\":\"https:\/\/www.smedemokrati.sk\/#\/schema\/logo\/image\/\"},\"sameAs\":[\"https:\/\/www.facebook.com\/smedemokrati2023\"]},{\"@type\":\"Person\",\"@id\":\"https:\/\/www.smedemokrati.sk\/#\/schema\/person\/21f147c88d605aa7ded900e1e7c344ba\",\"name\":\"miro.sopko\",\"image\":{\"@type\":\"ImageObject\",\"inLanguage\":\"en-US\",\"@id\":\"https:\/\/secure.gravatar.com\/avatar\/267e4a36f704376c109afe3a78740c1f5dd8675a2180a908699e7863c9247606?s=96&d=mm&r=g\",\"url\":\"https:\/\/secure.gravatar.com\/avatar\/267e4a36f704376c109afe3a78740c1f5dd8675a2180a908699e7863c9247606?s=96&d=mm&r=g\",\"contentUrl\":\"https:\/\/secure.gravatar.com\/avatar\/267e4a36f704376c109afe3a78740c1f5dd8675a2180a908699e7863c9247606?s=96&d=mm&r=g\",\"caption\":\"miro.sopko\"},\"url\":\"https:\/\/www.smedemokrati.sk\/en\/author\/miro-sopko\/\"}]}<\/script>\n<!-- \/ Yoast SEO plugin. -->","yoast_head_json":{"title":"Do\u017eivotn\u00e1 renta 5 000 eur pre Maro\u0161a \u017dilinku? \u017diadna fikcia, tento n\u00e1vrh je u\u017e v parlamente","robots":{"index":"index","follow":"follow","max-snippet":"max-snippet:-1","max-image-preview":"max-image-preview:large","max-video-preview":"max-video-preview:-1"},"canonical":"https:\/\/www.smedemokrati.sk\/en\/dozivotna-renta-5-000-eur-pre-marosa-zilinku-ziadna-fikcia-tento-navrh-je-uz-v-parlamente\/","og_locale":"en_US","og_type":"article","og_title":"[:sk]Do\u017eivotn\u00e1 renta 5 000 eur pre Maro\u0161a \u017dilinku? \u017diadna fikcia, tento n\u00e1vrh je u\u017e v parlamente[:] - Smedemokrati.sk","og_description":"Demokrati upozor\u0148uj\u00fa na poslaneck\u00fd n\u00e1vrh z dielne Smeru, ktor\u00fd zabezpe\u010d\u00ed do\u017eivotn\u00fa rentu gener\u00e1lnemu prokur\u00e1torovi Maro\u0161ovi \u017dilinkovi. Pod\u013ea experta na spravodlivos\u0165 Juraja \u0160eligu to mo\u017eno vn\u00edma\u0165 ako potenci\u00e1lnu odmenu za v\u0161etky 363 v prospech vl\u00e1dnej garnit\u00fary. \u201eT\u00e1to krajina u\u017e evidentne nem\u00e1 \u017eiadne probl\u00e9my. Zd\u00e1 sa, \u017ee dia\u013enice s\u00fa hotov\u00e9, \u0161koly a nemocnice s\u00fa zmodernizovan\u00e9 a potraviny [&hellip;]","og_url":"https:\/\/www.smedemokrati.sk\/en\/dozivotna-renta-5-000-eur-pre-marosa-zilinku-ziadna-fikcia-tento-navrh-je-uz-v-parlamente\/","og_site_name":"Smedemokrati.sk","article_publisher":"https:\/\/www.facebook.com\/smedemokrati2023","article_published_time":"2024-08-26T17:03:12+00:00","article_modified_time":"2024-09-05T08:52:15+00:00","og_image":[{"width":1000,"height":667,"url":"https:\/\/www.smedemokrati.sk\/wp-content\/uploads\/2024\/08\/3913.jpg","type":"image\/jpeg"}],"author":"miro.sopko","twitter_card":"summary_large_image","twitter_misc":{"Written by":"miro.sopko","Est. reading time":"1 minute"},"schema":{"@context":"https:\/\/schema.org","@graph":[{"@type":"Article","@id":"https:\/\/www.smedemokrati.sk\/dozivotna-renta-5-000-eur-pre-marosa-zilinku-ziadna-fikcia-tento-navrh-je-uz-v-parlamente\/#article","isPartOf":{"@id":"https:\/\/www.smedemokrati.sk\/dozivotna-renta-5-000-eur-pre-marosa-zilinku-ziadna-fikcia-tento-navrh-je-uz-v-parlamente\/"},"author":{"name":"miro.sopko","@id":"https:\/\/www.smedemokrati.sk\/#\/schema\/person\/21f147c88d605aa7ded900e1e7c344ba"},"headline":"Do\u017eivotn\u00e1 renta 5 000 eur pre Maro\u0161a \u017dilinku? \u017diadna fikcia, tento n\u00e1vrh je u\u017e v parlamente","datePublished":"2024-08-26T17:03:12+00:00","dateModified":"2024-09-05T08:52:15+00:00","mainEntityOfPage":{"@id":"https:\/\/www.smedemokrati.sk\/dozivotna-renta-5-000-eur-pre-marosa-zilinku-ziadna-fikcia-tento-navrh-je-uz-v-parlamente\/"},"wordCount":222,"publisher":{"@id":"https:\/\/www.smedemokrati.sk\/#organization"},"image":{"@id":"https:\/\/www.smedemokrati.sk\/dozivotna-renta-5-000-eur-pre-marosa-zilinku-ziadna-fikcia-tento-navrh-je-uz-v-parlamente\/#primaryimage"},"thumbnailUrl":"https:\/\/www.smedemokrati.sk\/wp-content\/uploads\/2024\/08\/3913.jpg","articleSection":["Tla\u010dov\u00e9 spr\u00e1vy"],"inLanguage":"en-US"},{"@type":"WebPage","@id":"https:\/\/www.smedemokrati.sk\/dozivotna-renta-5-000-eur-pre-marosa-zilinku-ziadna-fikcia-tento-navrh-je-uz-v-parlamente\/","url":"https:\/\/www.smedemokrati.sk\/dozivotna-renta-5-000-eur-pre-marosa-zilinku-ziadna-fikcia-tento-navrh-je-uz-v-parlamente\/","name":"Do\u017eivotn\u00e1 renta 5 000 eur pre Maro\u0161a \u017dilinku? \u017diadna fikcia, tento n\u00e1vrh je u\u017e v parlamente","isPartOf":{"@id":"https:\/\/www.smedemokrati.sk\/#website"},"primaryImageOfPage":{"@id":"https:\/\/www.smedemokrati.sk\/dozivotna-renta-5-000-eur-pre-marosa-zilinku-ziadna-fikcia-tento-navrh-je-uz-v-parlamente\/#primaryimage"},"image":{"@id":"https:\/\/www.smedemokrati.sk\/dozivotna-renta-5-000-eur-pre-marosa-zilinku-ziadna-fikcia-tento-navrh-je-uz-v-parlamente\/#primaryimage"},"thumbnailUrl":"https:\/\/www.smedemokrati.sk\/wp-content\/uploads\/2024\/08\/3913.jpg","datePublished":"2024-08-26T17:03:12+00:00","dateModified":"2024-09-05T08:52:15+00:00","breadcrumb":{"@id":"https:\/\/www.smedemokrati.sk\/dozivotna-renta-5-000-eur-pre-marosa-zilinku-ziadna-fikcia-tento-navrh-je-uz-v-parlamente\/#breadcrumb"},"inLanguage":"en-US","potentialAction":[{"@type":"ReadAction","target":["https:\/\/www.smedemokrati.sk\/dozivotna-renta-5-000-eur-pre-marosa-zilinku-ziadna-fikcia-tento-navrh-je-uz-v-parlamente\/"]}]},{"@type":"ImageObject","inLanguage":"en-US","@id":"https:\/\/www.smedemokrati.sk\/dozivotna-renta-5-000-eur-pre-marosa-zilinku-ziadna-fikcia-tento-navrh-je-uz-v-parlamente\/#primaryimage","url":"https:\/\/www.smedemokrati.sk\/wp-content\/uploads\/2024\/08\/3913.jpg","contentUrl":"https:\/\/www.smedemokrati.sk\/wp-content\/uploads\/2024\/08\/3913.jpg","width":1000,"height":667},{"@type":"BreadcrumbList","@id":"https:\/\/www.smedemokrati.sk\/dozivotna-renta-5-000-eur-pre-marosa-zilinku-ziadna-fikcia-tento-navrh-je-uz-v-parlamente\/#breadcrumb","itemListElement":[{"@type":"ListItem","position":1,"name":"Domovsk\u00e1 str\u00e1nka","item":"https:\/\/www.smedemokrati.sk\/"},{"@type":"ListItem","position":2,"name":"Do\u017eivotn\u00e1 renta 5 000 eur pre Maro\u0161a \u017dilinku? \u017diadna fikcia, tento n\u00e1vrh je u\u017e v parlamente"}]},{"@type":"WebSite","@id":"https:\/\/www.smedemokrati.sk\/#website","url":"https:\/\/www.smedemokrati.sk\/","name":"Smedemokrati.sk","description":"Demokracia a slu\u0161nos\u0165 zv\u00ed\u0165az\u00ed","publisher":{"@id":"https:\/\/www.smedemokrati.sk\/#organization"},"potentialAction":[{"@type":"SearchAction","target":{"@type":"EntryPoint","urlTemplate":"https:\/\/www.smedemokrati.sk\/?s={search_term_string}"},"query-input":{"@type":"PropertyValueSpecification","valueRequired":true,"valueName":"search_term_string"}}],"inLanguage":"en-US"},{"@type":"Organization","@id":"https:\/\/www.smedemokrati.sk\/#organization","name":"Smedemokrati.sk","url":"https:\/\/www.smedemokrati.sk\/","logo":{"@type":"ImageObject","inLanguage":"en-US","@id":"https:\/\/www.smedemokrati.sk\/#\/schema\/logo\/image\/","url":"https:\/\/www.smedemokrati.sk\/wp-content\/uploads\/2023\/04\/ff.002.jpeg","contentUrl":"https:\/\/www.smedemokrati.sk\/wp-content\/uploads\/2023\/04\/ff.002.jpeg","width":640,"height":480,"caption":"Smedemokrati.sk"},"image":{"@id":"https:\/\/www.smedemokrati.sk\/#\/schema\/logo\/image\/"},"sameAs":["https:\/\/www.facebook.com\/smedemokrati2023"]},{"@type":"Person","@id":"https:\/\/www.smedemokrati.sk\/#\/schema\/person\/21f147c88d605aa7ded900e1e7c344ba","name":"miro.sopko","image":{"@type":"ImageObject","inLanguage":"en-US","@id":"https:\/\/secure.gravatar.com\/avatar\/267e4a36f704376c109afe3a78740c1f5dd8675a2180a908699e7863c9247606?s=96&d=mm&r=g","url":"https:\/\/secure.gravatar.com\/avatar\/267e4a36f704376c109afe3a78740c1f5dd8675a2180a908699e7863c9247606?s=96&d=mm&r=g","contentUrl":"https:\/\/secure.gravatar.com\/avatar\/267e4a36f704376c109afe3a78740c1f5dd8675a2180a908699e7863c9247606?s=96&d=mm&r=g","caption":"miro.sopko"},"url":"https:\/\/www.smedemokrati.sk\/en\/author\/miro-sopko\/"}]}},"_links":{"self":[{"href":"https:\/\/www.smedemokrati.sk\/en\/wp-json\/wp\/v2\/posts\/4996","targetHints":{"allow":["GET"]}}],"collection":[{"href":"https:\/\/www.smedemokrati.sk\/en\/wp-json\/wp\/v2\/posts"}],"about":[{"href":"https:\/\/www.smedemokrati.sk\/en\/wp-json\/wp\/v2\/types\/post"}],"author":[{"embeddable":true,"href":"https:\/\/www.smedemokrati.sk\/en\/wp-json\/wp\/v2\/users\/13"}],"replies":[{"embeddable":true,"href":"https:\/\/www.smedemokrati.sk\/en\/wp-json\/wp\/v2\/comments?post=4996"}],"version-history":[{"count":3,"href":"https:\/\/www.smedemokrati.sk\/en\/wp-json\/wp\/v2\/posts\/4996\/revisions"}],"predecessor-version":[{"id":5000,"href":"https:\/\/www.smedemokrati.sk\/en\/wp-json\/wp\/v2\/posts\/4996\/revisions\/5000"}],"wp:featuredmedia":[{"embeddable":true,"href":"https:\/\/www.smedemokrati.sk\/en\/wp-json\/wp\/v2\/media\/4997"}],"wp:attachment":[{"href":"https:\/\/www.smedemokrati.sk\/en\/wp-json\/wp\/v2\/media?parent=4996"}],"wp:term":[{"taxonomy":"category","embeddable":true,"href":"https:\/\/www.smedemokrati.sk\/en\/wp-json\/wp\/v2\/categories?post=4996"},{"taxonomy":"post_tag","embeddable":true,"href":"https:\/\/www.smedemokrati.sk\/en\/wp-json\/wp\/v2\/tags?post=4996"}],"curies":[{"name":"wp","href":"https:\/\/api.w.org\/{rel}","templated":true}]}}