{"id":4992,"date":"2024-08-26T16:02:09","date_gmt":"2024-08-26T15:02:09","guid":{"rendered":"https:\/\/www.smedemokrati.sk\/?p=4992"},"modified":"2024-09-05T09:52:09","modified_gmt":"2024-09-05T08:52:09","slug":"povolanie-syn-evidentne-na-riaditela-sis-staci-vymenovanie-gaspara-je-obrovsky-politicky-obchod","status":"publish","type":"post","link":"https:\/\/www.smedemokrati.sk\/en\/povolanie-syn-evidentne-na-riaditela-sis-staci-vymenovanie-gaspara-je-obrovsky-politicky-obchod\/","title":{"rendered":"Povolanie syn evidentne na riadite\u013ea SIS sta\u010d\u00ed, vymenovanie Ga\u0161para je obrovsk\u00fd politick\u00fd obchod"},"content":{"rendered":"<div id=\"fb-root\"><\/div>\n\n<p><strong>Pellegrini rozhodnut\u00edm vymenova\u0165 Pavla Ga\u0161para za riadite\u013ea Slovenskej informa\u010dnej slu\u017eby uk\u00e1zal, \u017ee absol\u00fatne nere\u0161pektuje odbornos\u0165 a je len pred\u013a\u017eenou rukou vl\u00e1dy a Roberta Fica. <\/strong><\/p>\n\n\n\n<p><em>\u201eJe \u00faplne zrejm\u00e9, \u017ee vymenovanie Pavla Ga\u0161para za riadite\u013ea Slovenskej informa\u010dnej slu\u017eby je oby\u010dajn\u00fd politick\u00fd obchod. Peter Pellegrini evidentne zabudol na svoje predvolebn\u00e9 s\u013euby, \u017ee bude v prvom rade rie\u0161i\u0165 probl\u00e9my \u013eud\u00ed. Nie, rie\u0161i politick\u00e9 trafiky pre svojich priate\u013eov a br\u00e1ni z\u00e1ujmy strany Hlas. Vymenovan\u00edm Pavla Ga\u0161para za \u0161\u00e9fa SIS si poistil predsedn\u00edcku stoli\u010dku predsedu parlamentu u Smeru. Je to oby\u010dajn\u00e1 trafika. Nehovoriac o tom, \u017ee existuje d\u00f4vodn\u00e1 obava, \u017ee Slovensk\u00e1 informa\u010dn\u00e1 slu\u017eba bude zneu\u017e\u00edvan\u00e1 proti politick\u00fdm oponentom a predstavite\u013eom ob\u010dianskej spolo\u010dnosti,\u201c<\/em> hovor\u00ed Juraj \u0160eliga, podpredseda strany Demokrati. <\/p>\n\n\n\n<p><em>\u201eVymenovanie Pavla Ga\u0161para ohrozuje bezpe\u010dnostn\u00e9 z\u00e1ujmy Slovenskej republiky a rob\u00ed z n\u00e1s ned\u00f4veryhodn\u00fdch partnerov v o\u010diach medzin\u00e1rodn\u00fdch partnerov a spojencov. S profilom Pavla Ga\u0161para je len \u0165a\u017eko predstavite\u013en\u00e9, \u017ee by dostal najvy\u0161\u0161iu bezpe\u010dnostn\u00fa previerku bez toho, aby to bola politick\u00e1 objedn\u00e1vka. Ob\u017ealovan\u00fd otec, vyhr\u00e1\u017eky likvid\u00e1ciou \u0161peci\u00e1lnemu prokur\u00e1torovi, vidli\u010dka do o\u010d\u00ed b\u00fdval\u00e9mu ministrovi vn\u00fatra, nejasn\u00e9 majetkov\u00e9 pomery a majetok, ktor\u00e9ho p\u00f4vod nevie d\u00f4veryhodne vysvetli\u0165. To v\u0161etko malo vies\u0165 prezidenta k tomu, aby odmietol vymenova\u0165 Pavla Ga\u0161para. \u017dia\u013e, prezident, ktor\u00fd kon\u00e1 ako podr\u017eta\u0161ka urobil presn\u00fd opak. Aj toto je krok, ktor\u00fd Slovensko \u0165ah\u00e1 do izol\u00e1cie,\u201c<\/em> uzatv\u00e1ra Jaroslav Na\u010f predseda strany Demokrati. <\/p>\n","protected":false},"excerpt":{"rendered":"<p>Pellegrini rozhodnut\u00edm vymenova\u0165 Pavla Ga\u0161para za riadite\u013ea Slovenskej informa\u010dnej slu\u017eby uk\u00e1zal, \u017ee absol\u00fatne nere\u0161pektuje odbornos\u0165 a je len pred\u013a\u017eenou rukou vl\u00e1dy a Roberta Fica. \u201eJe \u00faplne zrejm\u00e9, \u017ee vymenovanie Pavla Ga\u0161para za riadite\u013ea Slovenskej informa\u010dnej slu\u017eby je oby\u010dajn\u00fd politick\u00fd obchod. Peter Pellegrini evidentne zabudol na svoje predvolebn\u00e9 s\u013euby, \u017ee bude v prvom rade rie\u0161i\u0165 probl\u00e9my [&hellip;]<\/p>\n","protected":false},"author":13,"featured_media":4993,"comment_status":"closed","ping_status":"closed","sticky":false,"template":"","format":"standard","meta":{"_acf_changed":false,"ngg_post_thumbnail":0,"footnotes":""},"categories":[4],"tags":[],"class_list":["post-4992","post","type-post","status-publish","format-standard","has-post-thumbnail","hentry","category-tlacove-spravy"],"acf":[],"yoast_head":"<!-- This site is optimized with the Yoast SEO plugin v27.2 - https:\/\/yoast.com\/product\/yoast-seo-wordpress\/ -->\n<title>Povolanie syn evidentne na riadite\u013ea SIS sta\u010d\u00ed, vymenovanie Ga\u0161para je obrovsk\u00fd politick\u00fd obchod<\/title>\n<meta name=\"robots\" content=\"index, follow, max-snippet:-1, max-image-preview:large, max-video-preview:-1\" \/>\n<link rel=\"canonical\" href=\"https:\/\/www.smedemokrati.sk\/en\/povolanie-syn-evidentne-na-riaditela-sis-staci-vymenovanie-gaspara-je-obrovsky-politicky-obchod\/\" \/>\n<meta property=\"og:locale\" content=\"en_US\" \/>\n<meta property=\"og:locale:alternate\" content=\"cs_CZ\" \/>\n<meta property=\"og:locale:alternate\" content=\"hu_HU\" \/>\n<meta property=\"og:locale:alternate\" content=\"sk_SK\" \/>\n<meta property=\"og:locale:alternate\" content=\"sv_SE\" \/>\n<meta property=\"og:type\" content=\"article\" \/>\n<meta property=\"og:title\" content=\"Povolanie syn evidentne na riadite\u013ea SIS sta\u010d\u00ed, vymenovanie Ga\u0161para je obrovsk\u00fd politick\u00fd obchod\" \/>\n<meta property=\"og:description\" content=\"Pellegrini rozhodnut\u00edm vymenova\u0165 Pavla Ga\u0161para za riadite\u013ea Slovenskej informa\u010dnej slu\u017eby uk\u00e1zal, \u017ee absol\u00fatne nere\u0161pektuje odbornos\u0165 a je len pred\u013a\u017eenou rukou vl\u00e1dy a Roberta Fica. \u201eJe \u00faplne zrejm\u00e9, \u017ee vymenovanie Pavla Ga\u0161para za riadite\u013ea Slovenskej informa\u010dnej slu\u017eby je oby\u010dajn\u00fd politick\u00fd obchod. Peter Pellegrini evidentne zabudol na svoje predvolebn\u00e9 s\u013euby, \u017ee bude v prvom rade rie\u0161i\u0165 probl\u00e9my [&hellip;]\" \/>\n<meta property=\"og:url\" content=\"https:\/\/www.smedemokrati.sk\/en\/povolanie-syn-evidentne-na-riaditela-sis-staci-vymenovanie-gaspara-je-obrovsky-politicky-obchod\/\" \/>\n<meta property=\"og:site_name\" content=\"Smedemokrati.sk\" \/>\n<meta property=\"article:publisher\" content=\"https:\/\/www.facebook.com\/smedemokrati2023\" \/>\n<meta property=\"article:published_time\" content=\"2024-08-26T15:02:09+00:00\" \/>\n<meta property=\"article:modified_time\" content=\"2024-09-05T08:52:09+00:00\" \/>\n<meta property=\"og:image\" content=\"https:\/\/www.smedemokrati.sk\/wp-content\/uploads\/2024\/08\/Picsart_24-08-26_16-57-54-807.jpg\" \/>\n\t<meta property=\"og:image:width\" content=\"2169\" \/>\n\t<meta property=\"og:image:height\" content=\"1220\" \/>\n\t<meta property=\"og:image:type\" content=\"image\/jpeg\" \/>\n<meta name=\"author\" content=\"miro.sopko\" \/>\n<meta name=\"twitter:card\" content=\"summary_large_image\" \/>\n<meta name=\"twitter:label1\" content=\"Written by\" \/>\n\t<meta name=\"twitter:data1\" content=\"miro.sopko\" \/>\n\t<meta name=\"twitter:label2\" content=\"Est. reading time\" \/>\n\t<meta name=\"twitter:data2\" content=\"2 minutes\" \/>\n<script type=\"application\/ld+json\" class=\"yoast-schema-graph\">{\"@context\":\"https:\/\/schema.org\",\"@graph\":[{\"@type\":\"Article\",\"@id\":\"https:\/\/www.smedemokrati.sk\/povolanie-syn-evidentne-na-riaditela-sis-staci-vymenovanie-gaspara-je-obrovsky-politicky-obchod\/#article\",\"isPartOf\":{\"@id\":\"https:\/\/www.smedemokrati.sk\/povolanie-syn-evidentne-na-riaditela-sis-staci-vymenovanie-gaspara-je-obrovsky-politicky-obchod\/\"},\"author\":{\"name\":\"miro.sopko\",\"@id\":\"https:\/\/www.smedemokrati.sk\/#\/schema\/person\/21f147c88d605aa7ded900e1e7c344ba\"},\"headline\":\"Povolanie syn evidentne na riadite\u013ea SIS sta\u010d\u00ed, vymenovanie Ga\u0161para je obrovsk\u00fd politick\u00fd obchod\",\"datePublished\":\"2024-08-26T15:02:09+00:00\",\"dateModified\":\"2024-09-05T08:52:09+00:00\",\"mainEntityOfPage\":{\"@id\":\"https:\/\/www.smedemokrati.sk\/povolanie-syn-evidentne-na-riaditela-sis-staci-vymenovanie-gaspara-je-obrovsky-politicky-obchod\/\"},\"wordCount\":296,\"publisher\":{\"@id\":\"https:\/\/www.smedemokrati.sk\/#organization\"},\"image\":{\"@id\":\"https:\/\/www.smedemokrati.sk\/povolanie-syn-evidentne-na-riaditela-sis-staci-vymenovanie-gaspara-je-obrovsky-politicky-obchod\/#primaryimage\"},\"thumbnailUrl\":\"https:\/\/www.smedemokrati.sk\/wp-content\/uploads\/2024\/08\/Picsart_24-08-26_16-57-54-807.jpg\",\"articleSection\":[\"Tla\u010dov\u00e9 spr\u00e1vy\"],\"inLanguage\":\"en-US\"},{\"@type\":\"WebPage\",\"@id\":\"https:\/\/www.smedemokrati.sk\/povolanie-syn-evidentne-na-riaditela-sis-staci-vymenovanie-gaspara-je-obrovsky-politicky-obchod\/\",\"url\":\"https:\/\/www.smedemokrati.sk\/povolanie-syn-evidentne-na-riaditela-sis-staci-vymenovanie-gaspara-je-obrovsky-politicky-obchod\/\",\"name\":\"Povolanie syn evidentne na riadite\u013ea SIS sta\u010d\u00ed, vymenovanie Ga\u0161para je obrovsk\u00fd politick\u00fd obchod\",\"isPartOf\":{\"@id\":\"https:\/\/www.smedemokrati.sk\/#website\"},\"primaryImageOfPage\":{\"@id\":\"https:\/\/www.smedemokrati.sk\/povolanie-syn-evidentne-na-riaditela-sis-staci-vymenovanie-gaspara-je-obrovsky-politicky-obchod\/#primaryimage\"},\"image\":{\"@id\":\"https:\/\/www.smedemokrati.sk\/povolanie-syn-evidentne-na-riaditela-sis-staci-vymenovanie-gaspara-je-obrovsky-politicky-obchod\/#primaryimage\"},\"thumbnailUrl\":\"https:\/\/www.smedemokrati.sk\/wp-content\/uploads\/2024\/08\/Picsart_24-08-26_16-57-54-807.jpg\",\"datePublished\":\"2024-08-26T15:02:09+00:00\",\"dateModified\":\"2024-09-05T08:52:09+00:00\",\"breadcrumb\":{\"@id\":\"https:\/\/www.smedemokrati.sk\/povolanie-syn-evidentne-na-riaditela-sis-staci-vymenovanie-gaspara-je-obrovsky-politicky-obchod\/#breadcrumb\"},\"inLanguage\":\"en-US\",\"potentialAction\":[{\"@type\":\"ReadAction\",\"target\":[\"https:\/\/www.smedemokrati.sk\/povolanie-syn-evidentne-na-riaditela-sis-staci-vymenovanie-gaspara-je-obrovsky-politicky-obchod\/\"]}]},{\"@type\":\"ImageObject\",\"inLanguage\":\"en-US\",\"@id\":\"https:\/\/www.smedemokrati.sk\/povolanie-syn-evidentne-na-riaditela-sis-staci-vymenovanie-gaspara-je-obrovsky-politicky-obchod\/#primaryimage\",\"url\":\"https:\/\/www.smedemokrati.sk\/wp-content\/uploads\/2024\/08\/Picsart_24-08-26_16-57-54-807.jpg\",\"contentUrl\":\"https:\/\/www.smedemokrati.sk\/wp-content\/uploads\/2024\/08\/Picsart_24-08-26_16-57-54-807.jpg\",\"width\":2169,\"height\":1220,\"caption\":\"{\\\"remix_data\\\":[],\\\"remix_entry_point\\\":\\\"challenges\\\",\\\"source_tags\\\":[\\\"local\\\"],\\\"origin\\\":\\\"unknown\\\",\\\"total_draw_time\\\":0,\\\"total_draw_actions\\\":0,\\\"layers_used\\\":0,\\\"brushes_used\\\":0,\\\"photos_added\\\":0,\\\"total_editor_actions\\\":{},\\\"tools_used\\\":{\\\"effects\\\":1},\\\"is_sticker\\\":false,\\\"edited_since_last_sticker_save\\\":true,\\\"containsFTESticker\\\":false}\"},{\"@type\":\"BreadcrumbList\",\"@id\":\"https:\/\/www.smedemokrati.sk\/povolanie-syn-evidentne-na-riaditela-sis-staci-vymenovanie-gaspara-je-obrovsky-politicky-obchod\/#breadcrumb\",\"itemListElement\":[{\"@type\":\"ListItem\",\"position\":1,\"name\":\"Domovsk\u00e1 str\u00e1nka\",\"item\":\"https:\/\/www.smedemokrati.sk\/\"},{\"@type\":\"ListItem\",\"position\":2,\"name\":\"Povolanie syn evidentne na riadite\u013ea SIS sta\u010d\u00ed, vymenovanie Ga\u0161para je obrovsk\u00fd politick\u00fd obchod\"}]},{\"@type\":\"WebSite\",\"@id\":\"https:\/\/www.smedemokrati.sk\/#website\",\"url\":\"https:\/\/www.smedemokrati.sk\/\",\"name\":\"Smedemokrati.sk\",\"description\":\"Demokracia a slu\u0161nos\u0165 zv\u00ed\u0165az\u00ed\",\"publisher\":{\"@id\":\"https:\/\/www.smedemokrati.sk\/#organization\"},\"potentialAction\":[{\"@type\":\"SearchAction\",\"target\":{\"@type\":\"EntryPoint\",\"urlTemplate\":\"https:\/\/www.smedemokrati.sk\/?s={search_term_string}\"},\"query-input\":{\"@type\":\"PropertyValueSpecification\",\"valueRequired\":true,\"valueName\":\"search_term_string\"}}],\"inLanguage\":\"en-US\"},{\"@type\":\"Organization\",\"@id\":\"https:\/\/www.smedemokrati.sk\/#organization\",\"name\":\"Smedemokrati.sk\",\"url\":\"https:\/\/www.smedemokrati.sk\/\",\"logo\":{\"@type\":\"ImageObject\",\"inLanguage\":\"en-US\",\"@id\":\"https:\/\/www.smedemokrati.sk\/#\/schema\/logo\/image\/\",\"url\":\"https:\/\/www.smedemokrati.sk\/wp-content\/uploads\/2023\/04\/ff.002.jpeg\",\"contentUrl\":\"https:\/\/www.smedemokrati.sk\/wp-content\/uploads\/2023\/04\/ff.002.jpeg\",\"width\":640,\"height\":480,\"caption\":\"Smedemokrati.sk\"},\"image\":{\"@id\":\"https:\/\/www.smedemokrati.sk\/#\/schema\/logo\/image\/\"},\"sameAs\":[\"https:\/\/www.facebook.com\/smedemokrati2023\"]},{\"@type\":\"Person\",\"@id\":\"https:\/\/www.smedemokrati.sk\/#\/schema\/person\/21f147c88d605aa7ded900e1e7c344ba\",\"name\":\"miro.sopko\",\"image\":{\"@type\":\"ImageObject\",\"inLanguage\":\"en-US\",\"@id\":\"https:\/\/secure.gravatar.com\/avatar\/267e4a36f704376c109afe3a78740c1f5dd8675a2180a908699e7863c9247606?s=96&d=mm&r=g\",\"url\":\"https:\/\/secure.gravatar.com\/avatar\/267e4a36f704376c109afe3a78740c1f5dd8675a2180a908699e7863c9247606?s=96&d=mm&r=g\",\"contentUrl\":\"https:\/\/secure.gravatar.com\/avatar\/267e4a36f704376c109afe3a78740c1f5dd8675a2180a908699e7863c9247606?s=96&d=mm&r=g\",\"caption\":\"miro.sopko\"},\"url\":\"https:\/\/www.smedemokrati.sk\/en\/author\/miro-sopko\/\"}]}<\/script>\n<!-- \/ Yoast SEO plugin. -->","yoast_head_json":{"title":"Povolanie syn evidentne na riadite\u013ea SIS sta\u010d\u00ed, vymenovanie Ga\u0161para je obrovsk\u00fd politick\u00fd obchod","robots":{"index":"index","follow":"follow","max-snippet":"max-snippet:-1","max-image-preview":"max-image-preview:large","max-video-preview":"max-video-preview:-1"},"canonical":"https:\/\/www.smedemokrati.sk\/en\/povolanie-syn-evidentne-na-riaditela-sis-staci-vymenovanie-gaspara-je-obrovsky-politicky-obchod\/","og_locale":"en_US","og_type":"article","og_title":"[:sk]Povolanie syn evidentne na riadite\u013ea SIS sta\u010d\u00ed, vymenovanie Ga\u0161para je obrovsk\u00fd politick\u00fd obchod[:] - Smedemokrati.sk","og_description":"Pellegrini rozhodnut\u00edm vymenova\u0165 Pavla Ga\u0161para za riadite\u013ea Slovenskej informa\u010dnej slu\u017eby uk\u00e1zal, \u017ee absol\u00fatne nere\u0161pektuje odbornos\u0165 a je len pred\u013a\u017eenou rukou vl\u00e1dy a Roberta Fica. \u201eJe \u00faplne zrejm\u00e9, \u017ee vymenovanie Pavla Ga\u0161para za riadite\u013ea Slovenskej informa\u010dnej slu\u017eby je oby\u010dajn\u00fd politick\u00fd obchod. Peter Pellegrini evidentne zabudol na svoje predvolebn\u00e9 s\u013euby, \u017ee bude v prvom rade rie\u0161i\u0165 probl\u00e9my [&hellip;]","og_url":"https:\/\/www.smedemokrati.sk\/en\/povolanie-syn-evidentne-na-riaditela-sis-staci-vymenovanie-gaspara-je-obrovsky-politicky-obchod\/","og_site_name":"Smedemokrati.sk","article_publisher":"https:\/\/www.facebook.com\/smedemokrati2023","article_published_time":"2024-08-26T15:02:09+00:00","article_modified_time":"2024-09-05T08:52:09+00:00","og_image":[{"width":2169,"height":1220,"url":"https:\/\/www.smedemokrati.sk\/wp-content\/uploads\/2024\/08\/Picsart_24-08-26_16-57-54-807.jpg","type":"image\/jpeg"}],"author":"miro.sopko","twitter_card":"summary_large_image","twitter_misc":{"Written by":"miro.sopko","Est. reading time":"2 minutes"},"schema":{"@context":"https:\/\/schema.org","@graph":[{"@type":"Article","@id":"https:\/\/www.smedemokrati.sk\/povolanie-syn-evidentne-na-riaditela-sis-staci-vymenovanie-gaspara-je-obrovsky-politicky-obchod\/#article","isPartOf":{"@id":"https:\/\/www.smedemokrati.sk\/povolanie-syn-evidentne-na-riaditela-sis-staci-vymenovanie-gaspara-je-obrovsky-politicky-obchod\/"},"author":{"name":"miro.sopko","@id":"https:\/\/www.smedemokrati.sk\/#\/schema\/person\/21f147c88d605aa7ded900e1e7c344ba"},"headline":"Povolanie syn evidentne na riadite\u013ea SIS sta\u010d\u00ed, vymenovanie Ga\u0161para je obrovsk\u00fd politick\u00fd obchod","datePublished":"2024-08-26T15:02:09+00:00","dateModified":"2024-09-05T08:52:09+00:00","mainEntityOfPage":{"@id":"https:\/\/www.smedemokrati.sk\/povolanie-syn-evidentne-na-riaditela-sis-staci-vymenovanie-gaspara-je-obrovsky-politicky-obchod\/"},"wordCount":296,"publisher":{"@id":"https:\/\/www.smedemokrati.sk\/#organization"},"image":{"@id":"https:\/\/www.smedemokrati.sk\/povolanie-syn-evidentne-na-riaditela-sis-staci-vymenovanie-gaspara-je-obrovsky-politicky-obchod\/#primaryimage"},"thumbnailUrl":"https:\/\/www.smedemokrati.sk\/wp-content\/uploads\/2024\/08\/Picsart_24-08-26_16-57-54-807.jpg","articleSection":["Tla\u010dov\u00e9 spr\u00e1vy"],"inLanguage":"en-US"},{"@type":"WebPage","@id":"https:\/\/www.smedemokrati.sk\/povolanie-syn-evidentne-na-riaditela-sis-staci-vymenovanie-gaspara-je-obrovsky-politicky-obchod\/","url":"https:\/\/www.smedemokrati.sk\/povolanie-syn-evidentne-na-riaditela-sis-staci-vymenovanie-gaspara-je-obrovsky-politicky-obchod\/","name":"Povolanie syn evidentne na riadite\u013ea SIS sta\u010d\u00ed, vymenovanie Ga\u0161para je obrovsk\u00fd politick\u00fd obchod","isPartOf":{"@id":"https:\/\/www.smedemokrati.sk\/#website"},"primaryImageOfPage":{"@id":"https:\/\/www.smedemokrati.sk\/povolanie-syn-evidentne-na-riaditela-sis-staci-vymenovanie-gaspara-je-obrovsky-politicky-obchod\/#primaryimage"},"image":{"@id":"https:\/\/www.smedemokrati.sk\/povolanie-syn-evidentne-na-riaditela-sis-staci-vymenovanie-gaspara-je-obrovsky-politicky-obchod\/#primaryimage"},"thumbnailUrl":"https:\/\/www.smedemokrati.sk\/wp-content\/uploads\/2024\/08\/Picsart_24-08-26_16-57-54-807.jpg","datePublished":"2024-08-26T15:02:09+00:00","dateModified":"2024-09-05T08:52:09+00:00","breadcrumb":{"@id":"https:\/\/www.smedemokrati.sk\/povolanie-syn-evidentne-na-riaditela-sis-staci-vymenovanie-gaspara-je-obrovsky-politicky-obchod\/#breadcrumb"},"inLanguage":"en-US","potentialAction":[{"@type":"ReadAction","target":["https:\/\/www.smedemokrati.sk\/povolanie-syn-evidentne-na-riaditela-sis-staci-vymenovanie-gaspara-je-obrovsky-politicky-obchod\/"]}]},{"@type":"ImageObject","inLanguage":"en-US","@id":"https:\/\/www.smedemokrati.sk\/povolanie-syn-evidentne-na-riaditela-sis-staci-vymenovanie-gaspara-je-obrovsky-politicky-obchod\/#primaryimage","url":"https:\/\/www.smedemokrati.sk\/wp-content\/uploads\/2024\/08\/Picsart_24-08-26_16-57-54-807.jpg","contentUrl":"https:\/\/www.smedemokrati.sk\/wp-content\/uploads\/2024\/08\/Picsart_24-08-26_16-57-54-807.jpg","width":2169,"height":1220,"caption":"{\"remix_data\":[],\"remix_entry_point\":\"challenges\",\"source_tags\":[\"local\"],\"origin\":\"unknown\",\"total_draw_time\":0,\"total_draw_actions\":0,\"layers_used\":0,\"brushes_used\":0,\"photos_added\":0,\"total_editor_actions\":{},\"tools_used\":{\"effects\":1},\"is_sticker\":false,\"edited_since_last_sticker_save\":true,\"containsFTESticker\":false}"},{"@type":"BreadcrumbList","@id":"https:\/\/www.smedemokrati.sk\/povolanie-syn-evidentne-na-riaditela-sis-staci-vymenovanie-gaspara-je-obrovsky-politicky-obchod\/#breadcrumb","itemListElement":[{"@type":"ListItem","position":1,"name":"Domovsk\u00e1 str\u00e1nka","item":"https:\/\/www.smedemokrati.sk\/"},{"@type":"ListItem","position":2,"name":"Povolanie syn evidentne na riadite\u013ea SIS sta\u010d\u00ed, vymenovanie Ga\u0161para je obrovsk\u00fd politick\u00fd obchod"}]},{"@type":"WebSite","@id":"https:\/\/www.smedemokrati.sk\/#website","url":"https:\/\/www.smedemokrati.sk\/","name":"Smedemokrati.sk","description":"Demokracia a slu\u0161nos\u0165 zv\u00ed\u0165az\u00ed","publisher":{"@id":"https:\/\/www.smedemokrati.sk\/#organization"},"potentialAction":[{"@type":"SearchAction","target":{"@type":"EntryPoint","urlTemplate":"https:\/\/www.smedemokrati.sk\/?s={search_term_string}"},"query-input":{"@type":"PropertyValueSpecification","valueRequired":true,"valueName":"search_term_string"}}],"inLanguage":"en-US"},{"@type":"Organization","@id":"https:\/\/www.smedemokrati.sk\/#organization","name":"Smedemokrati.sk","url":"https:\/\/www.smedemokrati.sk\/","logo":{"@type":"ImageObject","inLanguage":"en-US","@id":"https:\/\/www.smedemokrati.sk\/#\/schema\/logo\/image\/","url":"https:\/\/www.smedemokrati.sk\/wp-content\/uploads\/2023\/04\/ff.002.jpeg","contentUrl":"https:\/\/www.smedemokrati.sk\/wp-content\/uploads\/2023\/04\/ff.002.jpeg","width":640,"height":480,"caption":"Smedemokrati.sk"},"image":{"@id":"https:\/\/www.smedemokrati.sk\/#\/schema\/logo\/image\/"},"sameAs":["https:\/\/www.facebook.com\/smedemokrati2023"]},{"@type":"Person","@id":"https:\/\/www.smedemokrati.sk\/#\/schema\/person\/21f147c88d605aa7ded900e1e7c344ba","name":"miro.sopko","image":{"@type":"ImageObject","inLanguage":"en-US","@id":"https:\/\/secure.gravatar.com\/avatar\/267e4a36f704376c109afe3a78740c1f5dd8675a2180a908699e7863c9247606?s=96&d=mm&r=g","url":"https:\/\/secure.gravatar.com\/avatar\/267e4a36f704376c109afe3a78740c1f5dd8675a2180a908699e7863c9247606?s=96&d=mm&r=g","contentUrl":"https:\/\/secure.gravatar.com\/avatar\/267e4a36f704376c109afe3a78740c1f5dd8675a2180a908699e7863c9247606?s=96&d=mm&r=g","caption":"miro.sopko"},"url":"https:\/\/www.smedemokrati.sk\/en\/author\/miro-sopko\/"}]}},"_links":{"self":[{"href":"https:\/\/www.smedemokrati.sk\/en\/wp-json\/wp\/v2\/posts\/4992","targetHints":{"allow":["GET"]}}],"collection":[{"href":"https:\/\/www.smedemokrati.sk\/en\/wp-json\/wp\/v2\/posts"}],"about":[{"href":"https:\/\/www.smedemokrati.sk\/en\/wp-json\/wp\/v2\/types\/post"}],"author":[{"embeddable":true,"href":"https:\/\/www.smedemokrati.sk\/en\/wp-json\/wp\/v2\/users\/13"}],"replies":[{"embeddable":true,"href":"https:\/\/www.smedemokrati.sk\/en\/wp-json\/wp\/v2\/comments?post=4992"}],"version-history":[{"count":1,"href":"https:\/\/www.smedemokrati.sk\/en\/wp-json\/wp\/v2\/posts\/4992\/revisions"}],"predecessor-version":[{"id":4994,"href":"https:\/\/www.smedemokrati.sk\/en\/wp-json\/wp\/v2\/posts\/4992\/revisions\/4994"}],"wp:featuredmedia":[{"embeddable":true,"href":"https:\/\/www.smedemokrati.sk\/en\/wp-json\/wp\/v2\/media\/4993"}],"wp:attachment":[{"href":"https:\/\/www.smedemokrati.sk\/en\/wp-json\/wp\/v2\/media?parent=4992"}],"wp:term":[{"taxonomy":"category","embeddable":true,"href":"https:\/\/www.smedemokrati.sk\/en\/wp-json\/wp\/v2\/categories?post=4992"},{"taxonomy":"post_tag","embeddable":true,"href":"https:\/\/www.smedemokrati.sk\/en\/wp-json\/wp\/v2\/tags?post=4992"}],"curies":[{"name":"wp","href":"https:\/\/api.w.org\/{rel}","templated":true}]}}