{"id":4913,"date":"2024-08-16T12:43:35","date_gmt":"2024-08-16T11:43:35","guid":{"rendered":"https:\/\/www.smedemokrati.sk\/?p=4913"},"modified":"2024-09-04T12:15:23","modified_gmt":"2024-09-04T11:15:23","slug":"v-nizkych-tatrach-dochadza-k-nelegalnej-tazbe-podavame-podnet-na-lesnicko-drevarsku-inspekciu","status":"publish","type":"post","link":"https:\/\/www.smedemokrati.sk\/en\/v-nizkych-tatrach-dochadza-k-nelegalnej-tazbe-podavame-podnet-na-lesnicko-drevarsku-inspekciu\/","title":{"rendered":"V N\u00edzkych Tatr\u00e1ch doch\u00e1dza k neleg\u00e1lnej \u0165a\u017ebe, pod\u00e1vame podnet na lesn\u00edcko-drev\u00e1rsku in\u0161pekciu"},"content":{"rendered":"<div id=\"fb-root\"><\/div>\n\n<p><strong>V cenn\u00fdch lokalit\u00e1ch ochrann\u00e9ho p\u00e1sma N\u00e1rodn\u00e9ho parku N\u00edzke Tatry doch\u00e1dza pod r\u00fa\u0161kom spracovania lyko\u017er\u00fatovej kalamity k rozsiahlej protipr\u00e1vnej \u0165a\u017ebe vz\u00e1cnych lesov. Na z\u00e1klade miestnej obhliadky pod\u00e1vame podnet Slovenskej lesn\u00edcko-drev\u00e1rskej in\u0161pekcii.<\/strong><\/p>\n\n\n\n<p>Skuto\u010dn\u00fd pl\u00e1n ministrov Tarabu a Tak\u00e1\u010da na \u201ezales\u0148ovanie Slovenska\u201d vid\u00edme v priamom prenose. V rozpore so z\u00e1konom o ochrane pr\u00edrody a krajiny a z\u00e1konom o lesoch \u0161t\u00e1tny podnik LESY Slovenskej republiky v lokalite Studienec \u00fazemia eur\u00f3pskeho v\u00fdznamu \u010eumbierske Tatry, vyr\u00fabal mno\u017estvo zdrav\u00fdch stromov, aj 200 a\u017e 300 ro\u010dn\u00fdch jedl\u00ed alebo bukov.&nbsp;<em>\u201eAko som sa presved\u010dil na vlastn\u00e9 o\u010di, viacer\u00e9 zjavne zdrav\u00e9 a nenapadnut\u00e9 kmene, aj spom\u00ednan\u00fdch 200 ro\u010dn\u00fdch jedl\u00ed, boli ozna\u010den\u00e9 na v\u00fdrub akoby sa jednalo o napadnut\u00e9 smreky. Je to \u0161okuj\u00face,\u201d<\/em>&nbsp;uv\u00e1dza Michal Ki\u010da, environment\u00e1lny expert strany Demokrati.<\/p>\n\n\n\n<p>Jednozna\u010dne ide o zneu\u017eitie in\u0161tit\u00fatu n\u00e1hodnej \u0165a\u017eby, a to s cie\u013eom maximalizovania zisku. Porasty boli navrhovan\u00e9 do najpr\u00edsnej\u0161ej ochrany, \u010do bude postupom LESOV SR zmaren\u00e9. Ide o v\u00e1\u017ene zlyhanie vedenia rezortov p\u00f4dohospod\u00e1rstva a \u017eivotn\u00e9ho prostredia.&nbsp;<em>\u201ePodobn\u00fa met\u00f3du m\u00f4\u017ee zneu\u017ei\u0165 nielen \u0161t\u00e1tny podnik pod Tak\u00e1\u010dov\u00fdm veden\u00edm, ale aj minister \u017eivotn\u00e9ho prostredia aj v lesoch pod spr\u00e1vou n\u00e1rodn\u00fdch parkov. Ke\u010f\u017ee predmetn\u00fd porast bol v ochrann\u00fdch lesoch, do\u0161lo aj k poru\u0161eniu z\u00e1kona o lesoch. Pod\u00e1vame preto podnet na Slovensk\u00fa lesn\u00edcko-drev\u00e1rsku in\u0161pekciu,\u201d<\/em>&nbsp;vyhl\u00e1sil Michal Ki\u010da.<\/p>\n\n\n\n<p>D\u00f4sledkom je maximaliz\u00e1cia zisku pre \u0165a\u017eiarske spolo\u010dnosti a obchodn\u00edkov s drevom. Do bud\u00facnosti mus\u00edme opakovaniu tohto modelu zabr\u00e1ni\u0165. \u010eakujeme mimovl\u00e1dnym organiz\u00e1ci\u00e1m a anga\u017eovan\u00fdm ob\u010danom, \u017ee pom\u00e1haj\u00fa chr\u00e1ni\u0165 na\u0161e pr\u00edrodn\u00e9 bohatstvo.<\/p>\n\n\n\nngg_shortcode_0_placeholder\n","protected":false},"excerpt":{"rendered":"<p>V cenn\u00fdch lokalit\u00e1ch ochrann\u00e9ho p\u00e1sma N\u00e1rodn\u00e9ho parku N\u00edzke Tatry doch\u00e1dza pod r\u00fa\u0161kom spracovania lyko\u017er\u00fatovej kalamity k rozsiahlej protipr\u00e1vnej \u0165a\u017ebe vz\u00e1cnych lesov. Na z\u00e1klade miestnej obhliadky pod\u00e1vame podnet Slovenskej lesn\u00edcko-drev\u00e1rskej in\u0161pekcii. Skuto\u010dn\u00fd pl\u00e1n ministrov Tarabu a Tak\u00e1\u010da na \u201ezales\u0148ovanie Slovenska\u201d vid\u00edme v priamom prenose. V rozpore so z\u00e1konom o ochrane pr\u00edrody a krajiny a z\u00e1konom o [&hellip;]<\/p>\n","protected":false},"author":13,"featured_media":4914,"comment_status":"closed","ping_status":"closed","sticky":false,"template":"","format":"standard","meta":{"_acf_changed":false,"ngg_post_thumbnail":0,"footnotes":""},"categories":[4],"tags":[],"class_list":["post-4913","post","type-post","status-publish","format-standard","has-post-thumbnail","hentry","category-tlacove-spravy"],"acf":[],"yoast_head":"<!-- This site is optimized with the Yoast SEO plugin v27.2 - https:\/\/yoast.com\/product\/yoast-seo-wordpress\/ -->\n<title>V N\u00edzkych Tatr\u00e1ch doch\u00e1dza k neleg\u00e1lnej \u0165a\u017ebe, pod\u00e1vame podnet na lesn\u00edcko-drev\u00e1rsku in\u0161pekciu<\/title>\n<meta name=\"robots\" content=\"index, follow, max-snippet:-1, max-image-preview:large, max-video-preview:-1\" \/>\n<link rel=\"canonical\" href=\"https:\/\/www.smedemokrati.sk\/en\/v-nizkych-tatrach-dochadza-k-nelegalnej-tazbe-podavame-podnet-na-lesnicko-drevarsku-inspekciu\/\" \/>\n<meta property=\"og:locale\" content=\"en_US\" \/>\n<meta property=\"og:locale:alternate\" content=\"cs_CZ\" \/>\n<meta property=\"og:locale:alternate\" content=\"hu_HU\" \/>\n<meta property=\"og:locale:alternate\" content=\"sk_SK\" \/>\n<meta property=\"og:locale:alternate\" content=\"sv_SE\" \/>\n<meta property=\"og:type\" content=\"article\" \/>\n<meta property=\"og:title\" content=\"V N\u00edzkych Tatr\u00e1ch doch\u00e1dza k neleg\u00e1lnej \u0165a\u017ebe, pod\u00e1vame podnet na lesn\u00edcko-drev\u00e1rsku in\u0161pekciu\" \/>\n<meta property=\"og:description\" content=\"V cenn\u00fdch lokalit\u00e1ch ochrann\u00e9ho p\u00e1sma N\u00e1rodn\u00e9ho parku N\u00edzke Tatry doch\u00e1dza pod r\u00fa\u0161kom spracovania lyko\u017er\u00fatovej kalamity k rozsiahlej protipr\u00e1vnej \u0165a\u017ebe vz\u00e1cnych lesov. Na z\u00e1klade miestnej obhliadky pod\u00e1vame podnet Slovenskej lesn\u00edcko-drev\u00e1rskej in\u0161pekcii. Skuto\u010dn\u00fd pl\u00e1n ministrov Tarabu a Tak\u00e1\u010da na \u201ezales\u0148ovanie Slovenska\u201d vid\u00edme v priamom prenose. V rozpore so z\u00e1konom o ochrane pr\u00edrody a krajiny a z\u00e1konom o [&hellip;]\" \/>\n<meta property=\"og:url\" content=\"https:\/\/www.smedemokrati.sk\/en\/v-nizkych-tatrach-dochadza-k-nelegalnej-tazbe-podavame-podnet-na-lesnicko-drevarsku-inspekciu\/\" \/>\n<meta property=\"og:site_name\" content=\"Smedemokrati.sk\" \/>\n<meta property=\"article:publisher\" content=\"https:\/\/www.facebook.com\/smedemokrati2023\" \/>\n<meta property=\"article:published_time\" content=\"2024-08-16T11:43:35+00:00\" \/>\n<meta property=\"article:modified_time\" content=\"2024-09-04T11:15:23+00:00\" \/>\n<meta property=\"og:image\" content=\"https:\/\/www.smedemokrati.sk\/wp-content\/uploads\/2024\/08\/studenec.jpg\" \/>\n\t<meta property=\"og:image:width\" content=\"960\" \/>\n\t<meta property=\"og:image:height\" content=\"757\" \/>\n\t<meta property=\"og:image:type\" content=\"image\/jpeg\" \/>\n<meta name=\"author\" content=\"miro.sopko\" \/>\n<meta name=\"twitter:card\" content=\"summary_large_image\" \/>\n<meta name=\"twitter:label1\" content=\"Written by\" \/>\n\t<meta name=\"twitter:data1\" content=\"miro.sopko\" \/>\n\t<meta name=\"twitter:label2\" content=\"Est. reading time\" \/>\n\t<meta name=\"twitter:data2\" content=\"2 minutes\" \/>\n<script type=\"application\/ld+json\" class=\"yoast-schema-graph\">{\"@context\":\"https:\/\/schema.org\",\"@graph\":[{\"@type\":\"Article\",\"@id\":\"https:\/\/www.smedemokrati.sk\/v-nizkych-tatrach-dochadza-k-nelegalnej-tazbe-podavame-podnet-na-lesnicko-drevarsku-inspekciu\/#article\",\"isPartOf\":{\"@id\":\"https:\/\/www.smedemokrati.sk\/v-nizkych-tatrach-dochadza-k-nelegalnej-tazbe-podavame-podnet-na-lesnicko-drevarsku-inspekciu\/\"},\"author\":{\"name\":\"miro.sopko\",\"@id\":\"https:\/\/www.smedemokrati.sk\/#\/schema\/person\/21f147c88d605aa7ded900e1e7c344ba\"},\"headline\":\"V N\u00edzkych Tatr\u00e1ch doch\u00e1dza k neleg\u00e1lnej \u0165a\u017ebe, pod\u00e1vame podnet na lesn\u00edcko-drev\u00e1rsku in\u0161pekciu\",\"datePublished\":\"2024-08-16T11:43:35+00:00\",\"dateModified\":\"2024-09-04T11:15:23+00:00\",\"mainEntityOfPage\":{\"@id\":\"https:\/\/www.smedemokrati.sk\/v-nizkych-tatrach-dochadza-k-nelegalnej-tazbe-podavame-podnet-na-lesnicko-drevarsku-inspekciu\/\"},\"wordCount\":366,\"publisher\":{\"@id\":\"https:\/\/www.smedemokrati.sk\/#organization\"},\"image\":{\"@id\":\"https:\/\/www.smedemokrati.sk\/v-nizkych-tatrach-dochadza-k-nelegalnej-tazbe-podavame-podnet-na-lesnicko-drevarsku-inspekciu\/#primaryimage\"},\"thumbnailUrl\":\"https:\/\/www.smedemokrati.sk\/wp-content\/uploads\/2024\/08\/studenec.jpg\",\"articleSection\":[\"Tla\u010dov\u00e9 spr\u00e1vy\"],\"inLanguage\":\"en-US\"},{\"@type\":\"WebPage\",\"@id\":\"https:\/\/www.smedemokrati.sk\/v-nizkych-tatrach-dochadza-k-nelegalnej-tazbe-podavame-podnet-na-lesnicko-drevarsku-inspekciu\/\",\"url\":\"https:\/\/www.smedemokrati.sk\/v-nizkych-tatrach-dochadza-k-nelegalnej-tazbe-podavame-podnet-na-lesnicko-drevarsku-inspekciu\/\",\"name\":\"V N\u00edzkych Tatr\u00e1ch doch\u00e1dza k neleg\u00e1lnej \u0165a\u017ebe, pod\u00e1vame podnet na lesn\u00edcko-drev\u00e1rsku in\u0161pekciu\",\"isPartOf\":{\"@id\":\"https:\/\/www.smedemokrati.sk\/#website\"},\"primaryImageOfPage\":{\"@id\":\"https:\/\/www.smedemokrati.sk\/v-nizkych-tatrach-dochadza-k-nelegalnej-tazbe-podavame-podnet-na-lesnicko-drevarsku-inspekciu\/#primaryimage\"},\"image\":{\"@id\":\"https:\/\/www.smedemokrati.sk\/v-nizkych-tatrach-dochadza-k-nelegalnej-tazbe-podavame-podnet-na-lesnicko-drevarsku-inspekciu\/#primaryimage\"},\"thumbnailUrl\":\"https:\/\/www.smedemokrati.sk\/wp-content\/uploads\/2024\/08\/studenec.jpg\",\"datePublished\":\"2024-08-16T11:43:35+00:00\",\"dateModified\":\"2024-09-04T11:15:23+00:00\",\"breadcrumb\":{\"@id\":\"https:\/\/www.smedemokrati.sk\/v-nizkych-tatrach-dochadza-k-nelegalnej-tazbe-podavame-podnet-na-lesnicko-drevarsku-inspekciu\/#breadcrumb\"},\"inLanguage\":\"en-US\",\"potentialAction\":[{\"@type\":\"ReadAction\",\"target\":[\"https:\/\/www.smedemokrati.sk\/v-nizkych-tatrach-dochadza-k-nelegalnej-tazbe-podavame-podnet-na-lesnicko-drevarsku-inspekciu\/\"]}]},{\"@type\":\"ImageObject\",\"inLanguage\":\"en-US\",\"@id\":\"https:\/\/www.smedemokrati.sk\/v-nizkych-tatrach-dochadza-k-nelegalnej-tazbe-podavame-podnet-na-lesnicko-drevarsku-inspekciu\/#primaryimage\",\"url\":\"https:\/\/www.smedemokrati.sk\/wp-content\/uploads\/2024\/08\/studenec.jpg\",\"contentUrl\":\"https:\/\/www.smedemokrati.sk\/wp-content\/uploads\/2024\/08\/studenec.jpg\",\"width\":960,\"height\":757},{\"@type\":\"BreadcrumbList\",\"@id\":\"https:\/\/www.smedemokrati.sk\/v-nizkych-tatrach-dochadza-k-nelegalnej-tazbe-podavame-podnet-na-lesnicko-drevarsku-inspekciu\/#breadcrumb\",\"itemListElement\":[{\"@type\":\"ListItem\",\"position\":1,\"name\":\"Domovsk\u00e1 str\u00e1nka\",\"item\":\"https:\/\/www.smedemokrati.sk\/\"},{\"@type\":\"ListItem\",\"position\":2,\"name\":\"V N\u00edzkych Tatr\u00e1ch doch\u00e1dza k neleg\u00e1lnej \u0165a\u017ebe, pod\u00e1vame podnet na lesn\u00edcko-drev\u00e1rsku in\u0161pekciu\"}]},{\"@type\":\"WebSite\",\"@id\":\"https:\/\/www.smedemokrati.sk\/#website\",\"url\":\"https:\/\/www.smedemokrati.sk\/\",\"name\":\"Smedemokrati.sk\",\"description\":\"Demokracia a slu\u0161nos\u0165 zv\u00ed\u0165az\u00ed\",\"publisher\":{\"@id\":\"https:\/\/www.smedemokrati.sk\/#organization\"},\"potentialAction\":[{\"@type\":\"SearchAction\",\"target\":{\"@type\":\"EntryPoint\",\"urlTemplate\":\"https:\/\/www.smedemokrati.sk\/?s={search_term_string}\"},\"query-input\":{\"@type\":\"PropertyValueSpecification\",\"valueRequired\":true,\"valueName\":\"search_term_string\"}}],\"inLanguage\":\"en-US\"},{\"@type\":\"Organization\",\"@id\":\"https:\/\/www.smedemokrati.sk\/#organization\",\"name\":\"Smedemokrati.sk\",\"url\":\"https:\/\/www.smedemokrati.sk\/\",\"logo\":{\"@type\":\"ImageObject\",\"inLanguage\":\"en-US\",\"@id\":\"https:\/\/www.smedemokrati.sk\/#\/schema\/logo\/image\/\",\"url\":\"https:\/\/www.smedemokrati.sk\/wp-content\/uploads\/2023\/04\/ff.002.jpeg\",\"contentUrl\":\"https:\/\/www.smedemokrati.sk\/wp-content\/uploads\/2023\/04\/ff.002.jpeg\",\"width\":640,\"height\":480,\"caption\":\"Smedemokrati.sk\"},\"image\":{\"@id\":\"https:\/\/www.smedemokrati.sk\/#\/schema\/logo\/image\/\"},\"sameAs\":[\"https:\/\/www.facebook.com\/smedemokrati2023\"]},{\"@type\":\"Person\",\"@id\":\"https:\/\/www.smedemokrati.sk\/#\/schema\/person\/21f147c88d605aa7ded900e1e7c344ba\",\"name\":\"miro.sopko\",\"image\":{\"@type\":\"ImageObject\",\"inLanguage\":\"en-US\",\"@id\":\"https:\/\/secure.gravatar.com\/avatar\/267e4a36f704376c109afe3a78740c1f5dd8675a2180a908699e7863c9247606?s=96&d=mm&r=g\",\"url\":\"https:\/\/secure.gravatar.com\/avatar\/267e4a36f704376c109afe3a78740c1f5dd8675a2180a908699e7863c9247606?s=96&d=mm&r=g\",\"contentUrl\":\"https:\/\/secure.gravatar.com\/avatar\/267e4a36f704376c109afe3a78740c1f5dd8675a2180a908699e7863c9247606?s=96&d=mm&r=g\",\"caption\":\"miro.sopko\"},\"url\":\"https:\/\/www.smedemokrati.sk\/en\/author\/miro-sopko\/\"}]}<\/script>\n<!-- \/ Yoast SEO plugin. -->","yoast_head_json":{"title":"V N\u00edzkych Tatr\u00e1ch doch\u00e1dza k neleg\u00e1lnej \u0165a\u017ebe, pod\u00e1vame podnet na lesn\u00edcko-drev\u00e1rsku in\u0161pekciu","robots":{"index":"index","follow":"follow","max-snippet":"max-snippet:-1","max-image-preview":"max-image-preview:large","max-video-preview":"max-video-preview:-1"},"canonical":"https:\/\/www.smedemokrati.sk\/en\/v-nizkych-tatrach-dochadza-k-nelegalnej-tazbe-podavame-podnet-na-lesnicko-drevarsku-inspekciu\/","og_locale":"en_US","og_type":"article","og_title":"[:sk]V N\u00edzkych Tatr\u00e1ch doch\u00e1dza k neleg\u00e1lnej \u0165a\u017ebe, pod\u00e1vame podnet na lesn\u00edcko-drev\u00e1rsku in\u0161pekciu[:] - Smedemokrati.sk","og_description":"V cenn\u00fdch lokalit\u00e1ch ochrann\u00e9ho p\u00e1sma N\u00e1rodn\u00e9ho parku N\u00edzke Tatry doch\u00e1dza pod r\u00fa\u0161kom spracovania lyko\u017er\u00fatovej kalamity k rozsiahlej protipr\u00e1vnej \u0165a\u017ebe vz\u00e1cnych lesov. Na z\u00e1klade miestnej obhliadky pod\u00e1vame podnet Slovenskej lesn\u00edcko-drev\u00e1rskej in\u0161pekcii. Skuto\u010dn\u00fd pl\u00e1n ministrov Tarabu a Tak\u00e1\u010da na \u201ezales\u0148ovanie Slovenska\u201d vid\u00edme v priamom prenose. V rozpore so z\u00e1konom o ochrane pr\u00edrody a krajiny a z\u00e1konom o [&hellip;]","og_url":"https:\/\/www.smedemokrati.sk\/en\/v-nizkych-tatrach-dochadza-k-nelegalnej-tazbe-podavame-podnet-na-lesnicko-drevarsku-inspekciu\/","og_site_name":"Smedemokrati.sk","article_publisher":"https:\/\/www.facebook.com\/smedemokrati2023","article_published_time":"2024-08-16T11:43:35+00:00","article_modified_time":"2024-09-04T11:15:23+00:00","og_image":[{"width":960,"height":757,"url":"https:\/\/www.smedemokrati.sk\/wp-content\/uploads\/2024\/08\/studenec.jpg","type":"image\/jpeg"}],"author":"miro.sopko","twitter_card":"summary_large_image","twitter_misc":{"Written by":"miro.sopko","Est. reading time":"2 minutes"},"schema":{"@context":"https:\/\/schema.org","@graph":[{"@type":"Article","@id":"https:\/\/www.smedemokrati.sk\/v-nizkych-tatrach-dochadza-k-nelegalnej-tazbe-podavame-podnet-na-lesnicko-drevarsku-inspekciu\/#article","isPartOf":{"@id":"https:\/\/www.smedemokrati.sk\/v-nizkych-tatrach-dochadza-k-nelegalnej-tazbe-podavame-podnet-na-lesnicko-drevarsku-inspekciu\/"},"author":{"name":"miro.sopko","@id":"https:\/\/www.smedemokrati.sk\/#\/schema\/person\/21f147c88d605aa7ded900e1e7c344ba"},"headline":"V N\u00edzkych Tatr\u00e1ch doch\u00e1dza k neleg\u00e1lnej \u0165a\u017ebe, pod\u00e1vame podnet na lesn\u00edcko-drev\u00e1rsku in\u0161pekciu","datePublished":"2024-08-16T11:43:35+00:00","dateModified":"2024-09-04T11:15:23+00:00","mainEntityOfPage":{"@id":"https:\/\/www.smedemokrati.sk\/v-nizkych-tatrach-dochadza-k-nelegalnej-tazbe-podavame-podnet-na-lesnicko-drevarsku-inspekciu\/"},"wordCount":366,"publisher":{"@id":"https:\/\/www.smedemokrati.sk\/#organization"},"image":{"@id":"https:\/\/www.smedemokrati.sk\/v-nizkych-tatrach-dochadza-k-nelegalnej-tazbe-podavame-podnet-na-lesnicko-drevarsku-inspekciu\/#primaryimage"},"thumbnailUrl":"https:\/\/www.smedemokrati.sk\/wp-content\/uploads\/2024\/08\/studenec.jpg","articleSection":["Tla\u010dov\u00e9 spr\u00e1vy"],"inLanguage":"en-US"},{"@type":"WebPage","@id":"https:\/\/www.smedemokrati.sk\/v-nizkych-tatrach-dochadza-k-nelegalnej-tazbe-podavame-podnet-na-lesnicko-drevarsku-inspekciu\/","url":"https:\/\/www.smedemokrati.sk\/v-nizkych-tatrach-dochadza-k-nelegalnej-tazbe-podavame-podnet-na-lesnicko-drevarsku-inspekciu\/","name":"V N\u00edzkych Tatr\u00e1ch doch\u00e1dza k neleg\u00e1lnej \u0165a\u017ebe, pod\u00e1vame podnet na lesn\u00edcko-drev\u00e1rsku in\u0161pekciu","isPartOf":{"@id":"https:\/\/www.smedemokrati.sk\/#website"},"primaryImageOfPage":{"@id":"https:\/\/www.smedemokrati.sk\/v-nizkych-tatrach-dochadza-k-nelegalnej-tazbe-podavame-podnet-na-lesnicko-drevarsku-inspekciu\/#primaryimage"},"image":{"@id":"https:\/\/www.smedemokrati.sk\/v-nizkych-tatrach-dochadza-k-nelegalnej-tazbe-podavame-podnet-na-lesnicko-drevarsku-inspekciu\/#primaryimage"},"thumbnailUrl":"https:\/\/www.smedemokrati.sk\/wp-content\/uploads\/2024\/08\/studenec.jpg","datePublished":"2024-08-16T11:43:35+00:00","dateModified":"2024-09-04T11:15:23+00:00","breadcrumb":{"@id":"https:\/\/www.smedemokrati.sk\/v-nizkych-tatrach-dochadza-k-nelegalnej-tazbe-podavame-podnet-na-lesnicko-drevarsku-inspekciu\/#breadcrumb"},"inLanguage":"en-US","potentialAction":[{"@type":"ReadAction","target":["https:\/\/www.smedemokrati.sk\/v-nizkych-tatrach-dochadza-k-nelegalnej-tazbe-podavame-podnet-na-lesnicko-drevarsku-inspekciu\/"]}]},{"@type":"ImageObject","inLanguage":"en-US","@id":"https:\/\/www.smedemokrati.sk\/v-nizkych-tatrach-dochadza-k-nelegalnej-tazbe-podavame-podnet-na-lesnicko-drevarsku-inspekciu\/#primaryimage","url":"https:\/\/www.smedemokrati.sk\/wp-content\/uploads\/2024\/08\/studenec.jpg","contentUrl":"https:\/\/www.smedemokrati.sk\/wp-content\/uploads\/2024\/08\/studenec.jpg","width":960,"height":757},{"@type":"BreadcrumbList","@id":"https:\/\/www.smedemokrati.sk\/v-nizkych-tatrach-dochadza-k-nelegalnej-tazbe-podavame-podnet-na-lesnicko-drevarsku-inspekciu\/#breadcrumb","itemListElement":[{"@type":"ListItem","position":1,"name":"Domovsk\u00e1 str\u00e1nka","item":"https:\/\/www.smedemokrati.sk\/"},{"@type":"ListItem","position":2,"name":"V N\u00edzkych Tatr\u00e1ch doch\u00e1dza k neleg\u00e1lnej \u0165a\u017ebe, pod\u00e1vame podnet na lesn\u00edcko-drev\u00e1rsku in\u0161pekciu"}]},{"@type":"WebSite","@id":"https:\/\/www.smedemokrati.sk\/#website","url":"https:\/\/www.smedemokrati.sk\/","name":"Smedemokrati.sk","description":"Demokracia a slu\u0161nos\u0165 zv\u00ed\u0165az\u00ed","publisher":{"@id":"https:\/\/www.smedemokrati.sk\/#organization"},"potentialAction":[{"@type":"SearchAction","target":{"@type":"EntryPoint","urlTemplate":"https:\/\/www.smedemokrati.sk\/?s={search_term_string}"},"query-input":{"@type":"PropertyValueSpecification","valueRequired":true,"valueName":"search_term_string"}}],"inLanguage":"en-US"},{"@type":"Organization","@id":"https:\/\/www.smedemokrati.sk\/#organization","name":"Smedemokrati.sk","url":"https:\/\/www.smedemokrati.sk\/","logo":{"@type":"ImageObject","inLanguage":"en-US","@id":"https:\/\/www.smedemokrati.sk\/#\/schema\/logo\/image\/","url":"https:\/\/www.smedemokrati.sk\/wp-content\/uploads\/2023\/04\/ff.002.jpeg","contentUrl":"https:\/\/www.smedemokrati.sk\/wp-content\/uploads\/2023\/04\/ff.002.jpeg","width":640,"height":480,"caption":"Smedemokrati.sk"},"image":{"@id":"https:\/\/www.smedemokrati.sk\/#\/schema\/logo\/image\/"},"sameAs":["https:\/\/www.facebook.com\/smedemokrati2023"]},{"@type":"Person","@id":"https:\/\/www.smedemokrati.sk\/#\/schema\/person\/21f147c88d605aa7ded900e1e7c344ba","name":"miro.sopko","image":{"@type":"ImageObject","inLanguage":"en-US","@id":"https:\/\/secure.gravatar.com\/avatar\/267e4a36f704376c109afe3a78740c1f5dd8675a2180a908699e7863c9247606?s=96&d=mm&r=g","url":"https:\/\/secure.gravatar.com\/avatar\/267e4a36f704376c109afe3a78740c1f5dd8675a2180a908699e7863c9247606?s=96&d=mm&r=g","contentUrl":"https:\/\/secure.gravatar.com\/avatar\/267e4a36f704376c109afe3a78740c1f5dd8675a2180a908699e7863c9247606?s=96&d=mm&r=g","caption":"miro.sopko"},"url":"https:\/\/www.smedemokrati.sk\/en\/author\/miro-sopko\/"}]}},"_links":{"self":[{"href":"https:\/\/www.smedemokrati.sk\/en\/wp-json\/wp\/v2\/posts\/4913","targetHints":{"allow":["GET"]}}],"collection":[{"href":"https:\/\/www.smedemokrati.sk\/en\/wp-json\/wp\/v2\/posts"}],"about":[{"href":"https:\/\/www.smedemokrati.sk\/en\/wp-json\/wp\/v2\/types\/post"}],"author":[{"embeddable":true,"href":"https:\/\/www.smedemokrati.sk\/en\/wp-json\/wp\/v2\/users\/13"}],"replies":[{"embeddable":true,"href":"https:\/\/www.smedemokrati.sk\/en\/wp-json\/wp\/v2\/comments?post=4913"}],"version-history":[{"count":2,"href":"https:\/\/www.smedemokrati.sk\/en\/wp-json\/wp\/v2\/posts\/4913\/revisions"}],"predecessor-version":[{"id":4922,"href":"https:\/\/www.smedemokrati.sk\/en\/wp-json\/wp\/v2\/posts\/4913\/revisions\/4922"}],"wp:featuredmedia":[{"embeddable":true,"href":"https:\/\/www.smedemokrati.sk\/en\/wp-json\/wp\/v2\/media\/4914"}],"wp:attachment":[{"href":"https:\/\/www.smedemokrati.sk\/en\/wp-json\/wp\/v2\/media?parent=4913"}],"wp:term":[{"taxonomy":"category","embeddable":true,"href":"https:\/\/www.smedemokrati.sk\/en\/wp-json\/wp\/v2\/categories?post=4913"},{"taxonomy":"post_tag","embeddable":true,"href":"https:\/\/www.smedemokrati.sk\/en\/wp-json\/wp\/v2\/tags?post=4913"}],"curies":[{"name":"wp","href":"https:\/\/api.w.org\/{rel}","templated":true}]}}