{"id":4813,"date":"2024-08-07T14:20:11","date_gmt":"2024-08-07T13:20:11","guid":{"rendered":"https:\/\/www.smedemokrati.sk\/?p=4813"},"modified":"2024-08-15T09:38:25","modified_gmt":"2024-08-15T08:38:25","slug":"vlada-navrhuje-vyrazne-ulahcenie-tazby-dreva-aj-v-chranenych-uzemiach","status":"publish","type":"post","link":"https:\/\/www.smedemokrati.sk\/en\/vlada-navrhuje-vyrazne-ulahcenie-tazby-dreva-aj-v-chranenych-uzemiach\/","title":{"rendered":"Vl\u00e1da navrhuje v\u00fdrazn\u00e9 u\u013eah\u010denie \u0165a\u017eby dreva aj v chr\u00e1nen\u00fdch \u00fazemiach"},"content":{"rendered":"<div id=\"fb-root\"><\/div>\n\n<p><strong>Demokrati upozor\u0148uj\u00fa, \u017ee minister p\u00f4dohospod\u00e1rstva Tak\u00e1\u010d navrhuje legislat\u00edvu na v\u00fdrazn\u00e9 u\u013eah\u010denie \u0165a\u017eby dreva, a to aj v chr\u00e1nen\u00fdch \u00fazemiach. Deje sa tak nen\u00e1padne a v rozpore so z\u00e1konom o tvorbe pr\u00e1vnych predpisov v nes\u00favisiacom z\u00e1kone, ktor\u00fd m\u00e1 paradoxne predch\u00e1dza\u0165 glob\u00e1lnemu odles\u0148ovaniu. Okrem po\u0161kodzovania pr\u00edrody Tak\u00e1\u010dov n\u00e1vrh z\u00e1kona m\u00f4\u017ee vies\u0165 k \u010fal\u0161ej prehre Slovenska pred s\u00fadmi E\u00da pre nedostato\u010dn\u00fa ochranu biotopov. K n\u00e1vrhu z\u00e1kona predklad\u00e1me pripomienky.<\/strong><\/p>\n\n\n\n<p>N\u00e1vrh Ministerstva p\u00f4dohospod\u00e1rstva a rozvoja vidieka SR sa t\u00fdka novej legislat\u00edvy na vykonanie opatren\u00ed Eur\u00f3pskej \u00fanie na zmiernenie glob\u00e1lneho odles\u0148ovania:\u00a0<em>\u201eV n\u00e1vrhu z\u00e1kona sa navrhuje aj noveliz\u00e1cia z\u00e1kona o lesoch, ktor\u00e1 m\u00e1 v\u00fdrazne zv\u00fd\u0161i\u0165 limity pre posudzovanie tzv. n\u00e1hodn\u00fdch \u0165a\u017eieb. K nim by sa u\u017e nevyjadrovali org\u00e1ny ochrany pr\u00edrody a nemohli by ich ani obmedzi\u0165. D\u00f4sledkom schv\u00e1lenia n\u00e1vrhu z\u00e1kona bude prechodn\u00e9 mas\u00edvne zv\u00fd\u0161enie \u0165a\u017eby dreva na Slovensku,\u201d<\/em>\u00a0upozor\u0148uje Michal Ki\u010da, environment\u00e1lny expert strany Demokrati.<\/p>\n\n\n\n<p>Pripom\u00edname, \u017ee v obdob\u00ed pred rokom 2020 n\u00e1hodn\u00e1 \u0165a\u017eba predstavovala viac ako 50 percent z celkov\u00e9ho objemu \u0165a\u017eby dreva na Slovensku. N\u00e1hodn\u00e1 \u0165a\u017eba viedla v rokoch 2000 a\u017e 2016 v n\u00e1rodn\u00fdch parkoch a\u017e k dvojn\u00e1sobnej strate dospel\u00e9ho lesa oproti in\u00fdm \u00fazemiam.\u00a0<em>\u201eTento n\u00e1vrh prich\u00e1dza v \u010dase, kedy Eur\u00f3pska komisia vyhodnocuje, \u010di pod\u00e1 \u010fal\u0161iu \u017ealobu za nedostato\u010dn\u00fa ochranu lesn\u00fdch biotopov na Slovensku. Namiesto tohto, aby vl\u00e1da konala maximum pre ochranu na\u0161ej pr\u00edrody a presadenie na\u0161ich z\u00e1ujmov, ide jej len o \u010do najv\u00e4\u010d\u0161\u00ed rozsah drancovania lesov do konca volebn\u00e9ho obdobia. Neprekvapuje ma nielen<\/em> <em>Tak\u00e1\u010dova aktivita, ale ani pasivita Tom\u00e1\u0161a Tarabu,\u201d<\/em>\u00a0kritizuje Michal Ki\u010da.<\/p>\n\n\n\n<p>N\u00e1vrh z\u00e1kona poru\u0161uje aj z\u00e1kon o tvorbe pr\u00e1vnych predpisov, ke\u010f\u017ee novelizuje aj nes\u00favisiace oblasti pr\u00e1vnej \u00fapravy. Predklad\u00e1me preto pripomienky, v ktor\u00fdch po\u017eadujeme dodr\u017eanie legislat\u00edvnych pravidiel a zapracovanie mechanizmov na ochranu pr\u00edrody.<\/p>\n\n\n\n<p>Hromadn\u00e1 pripomienka je dostupn\u00e1 na odkaze:<\/p>\n\n\n\n<p><a href=\"https:\/\/shorturl.at\/CGKRB\">https:\/\/shorturl.at\/CGKRB<\/a><\/p>\n","protected":false},"excerpt":{"rendered":"<p>Demokrati upozor\u0148uj\u00fa, \u017ee minister p\u00f4dohospod\u00e1rstva Tak\u00e1\u010d navrhuje legislat\u00edvu na v\u00fdrazn\u00e9 u\u013eah\u010denie \u0165a\u017eby dreva, a to aj v chr\u00e1nen\u00fdch \u00fazemiach. Deje sa tak nen\u00e1padne a v rozpore so z\u00e1konom o tvorbe pr\u00e1vnych predpisov v nes\u00favisiacom z\u00e1kone, ktor\u00fd m\u00e1 paradoxne predch\u00e1dza\u0165 glob\u00e1lnemu odles\u0148ovaniu. Okrem po\u0161kodzovania pr\u00edrody Tak\u00e1\u010dov n\u00e1vrh z\u00e1kona m\u00f4\u017ee vies\u0165 k \u010fal\u0161ej prehre Slovenska pred s\u00fadmi [&hellip;]<\/p>\n","protected":false},"author":13,"featured_media":4814,"comment_status":"closed","ping_status":"closed","sticky":false,"template":"","format":"standard","meta":{"_acf_changed":false,"ngg_post_thumbnail":0,"footnotes":""},"categories":[4],"tags":[],"class_list":["post-4813","post","type-post","status-publish","format-standard","has-post-thumbnail","hentry","category-tlacove-spravy"],"acf":[],"yoast_head":"<!-- This site is optimized with the Yoast SEO plugin v27.2 - https:\/\/yoast.com\/product\/yoast-seo-wordpress\/ -->\n<title>Vl\u00e1da navrhuje v\u00fdrazn\u00e9 u\u013eah\u010denie \u0165a\u017eby dreva aj v chr\u00e1nen\u00fdch \u00fazemiach<\/title>\n<meta name=\"robots\" content=\"index, follow, max-snippet:-1, max-image-preview:large, max-video-preview:-1\" \/>\n<link rel=\"canonical\" href=\"https:\/\/www.smedemokrati.sk\/en\/vlada-navrhuje-vyrazne-ulahcenie-tazby-dreva-aj-v-chranenych-uzemiach\/\" \/>\n<meta property=\"og:locale\" content=\"en_US\" \/>\n<meta property=\"og:locale:alternate\" content=\"cs_CZ\" \/>\n<meta property=\"og:locale:alternate\" content=\"hu_HU\" \/>\n<meta property=\"og:locale:alternate\" content=\"sk_SK\" \/>\n<meta property=\"og:locale:alternate\" content=\"sv_SE\" \/>\n<meta property=\"og:type\" content=\"article\" \/>\n<meta property=\"og:title\" content=\"Vl\u00e1da navrhuje v\u00fdrazn\u00e9 u\u013eah\u010denie \u0165a\u017eby dreva aj v chr\u00e1nen\u00fdch \u00fazemiach\" \/>\n<meta property=\"og:description\" content=\"Demokrati upozor\u0148uj\u00fa, \u017ee minister p\u00f4dohospod\u00e1rstva Tak\u00e1\u010d navrhuje legislat\u00edvu na v\u00fdrazn\u00e9 u\u013eah\u010denie \u0165a\u017eby dreva, a to aj v chr\u00e1nen\u00fdch \u00fazemiach. Deje sa tak nen\u00e1padne a v rozpore so z\u00e1konom o tvorbe pr\u00e1vnych predpisov v nes\u00favisiacom z\u00e1kone, ktor\u00fd m\u00e1 paradoxne predch\u00e1dza\u0165 glob\u00e1lnemu odles\u0148ovaniu. Okrem po\u0161kodzovania pr\u00edrody Tak\u00e1\u010dov n\u00e1vrh z\u00e1kona m\u00f4\u017ee vies\u0165 k \u010fal\u0161ej prehre Slovenska pred s\u00fadmi [&hellip;]\" \/>\n<meta property=\"og:url\" content=\"https:\/\/www.smedemokrati.sk\/en\/vlada-navrhuje-vyrazne-ulahcenie-tazby-dreva-aj-v-chranenych-uzemiach\/\" \/>\n<meta property=\"og:site_name\" content=\"Smedemokrati.sk\" \/>\n<meta property=\"article:publisher\" content=\"https:\/\/www.facebook.com\/smedemokrati2023\" \/>\n<meta property=\"article:published_time\" content=\"2024-08-07T13:20:11+00:00\" \/>\n<meta property=\"article:modified_time\" content=\"2024-08-15T08:38:25+00:00\" \/>\n<meta property=\"og:image\" content=\"https:\/\/www.smedemokrati.sk\/wp-content\/uploads\/2024\/08\/takac.jpg\" \/>\n\t<meta property=\"og:image:width\" content=\"1080\" \/>\n\t<meta property=\"og:image:height\" content=\"810\" \/>\n\t<meta property=\"og:image:type\" content=\"image\/jpeg\" \/>\n<meta name=\"author\" content=\"miro.sopko\" \/>\n<meta name=\"twitter:card\" content=\"summary_large_image\" \/>\n<meta name=\"twitter:label1\" content=\"Written by\" \/>\n\t<meta name=\"twitter:data1\" content=\"miro.sopko\" \/>\n\t<meta name=\"twitter:label2\" content=\"Est. reading time\" \/>\n\t<meta name=\"twitter:data2\" content=\"2 minutes\" \/>\n<script type=\"application\/ld+json\" class=\"yoast-schema-graph\">{\"@context\":\"https:\/\/schema.org\",\"@graph\":[{\"@type\":\"Article\",\"@id\":\"https:\/\/www.smedemokrati.sk\/vlada-navrhuje-vyrazne-ulahcenie-tazby-dreva-aj-v-chranenych-uzemiach\/#article\",\"isPartOf\":{\"@id\":\"https:\/\/www.smedemokrati.sk\/vlada-navrhuje-vyrazne-ulahcenie-tazby-dreva-aj-v-chranenych-uzemiach\/\"},\"author\":{\"name\":\"miro.sopko\",\"@id\":\"https:\/\/www.smedemokrati.sk\/#\/schema\/person\/21f147c88d605aa7ded900e1e7c344ba\"},\"headline\":\"Vl\u00e1da navrhuje v\u00fdrazn\u00e9 u\u013eah\u010denie \u0165a\u017eby dreva aj v chr\u00e1nen\u00fdch \u00fazemiach\",\"datePublished\":\"2024-08-07T13:20:11+00:00\",\"dateModified\":\"2024-08-15T08:38:25+00:00\",\"mainEntityOfPage\":{\"@id\":\"https:\/\/www.smedemokrati.sk\/vlada-navrhuje-vyrazne-ulahcenie-tazby-dreva-aj-v-chranenych-uzemiach\/\"},\"wordCount\":396,\"publisher\":{\"@id\":\"https:\/\/www.smedemokrati.sk\/#organization\"},\"image\":{\"@id\":\"https:\/\/www.smedemokrati.sk\/vlada-navrhuje-vyrazne-ulahcenie-tazby-dreva-aj-v-chranenych-uzemiach\/#primaryimage\"},\"thumbnailUrl\":\"https:\/\/www.smedemokrati.sk\/wp-content\/uploads\/2024\/08\/takac.jpg\",\"articleSection\":[\"Tla\u010dov\u00e9 spr\u00e1vy\"],\"inLanguage\":\"en-US\"},{\"@type\":\"WebPage\",\"@id\":\"https:\/\/www.smedemokrati.sk\/vlada-navrhuje-vyrazne-ulahcenie-tazby-dreva-aj-v-chranenych-uzemiach\/\",\"url\":\"https:\/\/www.smedemokrati.sk\/vlada-navrhuje-vyrazne-ulahcenie-tazby-dreva-aj-v-chranenych-uzemiach\/\",\"name\":\"Vl\u00e1da navrhuje v\u00fdrazn\u00e9 u\u013eah\u010denie \u0165a\u017eby dreva aj v chr\u00e1nen\u00fdch \u00fazemiach\",\"isPartOf\":{\"@id\":\"https:\/\/www.smedemokrati.sk\/#website\"},\"primaryImageOfPage\":{\"@id\":\"https:\/\/www.smedemokrati.sk\/vlada-navrhuje-vyrazne-ulahcenie-tazby-dreva-aj-v-chranenych-uzemiach\/#primaryimage\"},\"image\":{\"@id\":\"https:\/\/www.smedemokrati.sk\/vlada-navrhuje-vyrazne-ulahcenie-tazby-dreva-aj-v-chranenych-uzemiach\/#primaryimage\"},\"thumbnailUrl\":\"https:\/\/www.smedemokrati.sk\/wp-content\/uploads\/2024\/08\/takac.jpg\",\"datePublished\":\"2024-08-07T13:20:11+00:00\",\"dateModified\":\"2024-08-15T08:38:25+00:00\",\"breadcrumb\":{\"@id\":\"https:\/\/www.smedemokrati.sk\/vlada-navrhuje-vyrazne-ulahcenie-tazby-dreva-aj-v-chranenych-uzemiach\/#breadcrumb\"},\"inLanguage\":\"en-US\",\"potentialAction\":[{\"@type\":\"ReadAction\",\"target\":[\"https:\/\/www.smedemokrati.sk\/vlada-navrhuje-vyrazne-ulahcenie-tazby-dreva-aj-v-chranenych-uzemiach\/\"]}]},{\"@type\":\"ImageObject\",\"inLanguage\":\"en-US\",\"@id\":\"https:\/\/www.smedemokrati.sk\/vlada-navrhuje-vyrazne-ulahcenie-tazby-dreva-aj-v-chranenych-uzemiach\/#primaryimage\",\"url\":\"https:\/\/www.smedemokrati.sk\/wp-content\/uploads\/2024\/08\/takac.jpg\",\"contentUrl\":\"https:\/\/www.smedemokrati.sk\/wp-content\/uploads\/2024\/08\/takac.jpg\",\"width\":1080,\"height\":810},{\"@type\":\"BreadcrumbList\",\"@id\":\"https:\/\/www.smedemokrati.sk\/vlada-navrhuje-vyrazne-ulahcenie-tazby-dreva-aj-v-chranenych-uzemiach\/#breadcrumb\",\"itemListElement\":[{\"@type\":\"ListItem\",\"position\":1,\"name\":\"Domovsk\u00e1 str\u00e1nka\",\"item\":\"https:\/\/www.smedemokrati.sk\/\"},{\"@type\":\"ListItem\",\"position\":2,\"name\":\"Vl\u00e1da navrhuje v\u00fdrazn\u00e9 u\u013eah\u010denie \u0165a\u017eby dreva aj v chr\u00e1nen\u00fdch \u00fazemiach\"}]},{\"@type\":\"WebSite\",\"@id\":\"https:\/\/www.smedemokrati.sk\/#website\",\"url\":\"https:\/\/www.smedemokrati.sk\/\",\"name\":\"Smedemokrati.sk\",\"description\":\"Demokracia a slu\u0161nos\u0165 zv\u00ed\u0165az\u00ed\",\"publisher\":{\"@id\":\"https:\/\/www.smedemokrati.sk\/#organization\"},\"potentialAction\":[{\"@type\":\"SearchAction\",\"target\":{\"@type\":\"EntryPoint\",\"urlTemplate\":\"https:\/\/www.smedemokrati.sk\/?s={search_term_string}\"},\"query-input\":{\"@type\":\"PropertyValueSpecification\",\"valueRequired\":true,\"valueName\":\"search_term_string\"}}],\"inLanguage\":\"en-US\"},{\"@type\":\"Organization\",\"@id\":\"https:\/\/www.smedemokrati.sk\/#organization\",\"name\":\"Smedemokrati.sk\",\"url\":\"https:\/\/www.smedemokrati.sk\/\",\"logo\":{\"@type\":\"ImageObject\",\"inLanguage\":\"en-US\",\"@id\":\"https:\/\/www.smedemokrati.sk\/#\/schema\/logo\/image\/\",\"url\":\"https:\/\/www.smedemokrati.sk\/wp-content\/uploads\/2023\/04\/ff.002.jpeg\",\"contentUrl\":\"https:\/\/www.smedemokrati.sk\/wp-content\/uploads\/2023\/04\/ff.002.jpeg\",\"width\":640,\"height\":480,\"caption\":\"Smedemokrati.sk\"},\"image\":{\"@id\":\"https:\/\/www.smedemokrati.sk\/#\/schema\/logo\/image\/\"},\"sameAs\":[\"https:\/\/www.facebook.com\/smedemokrati2023\"]},{\"@type\":\"Person\",\"@id\":\"https:\/\/www.smedemokrati.sk\/#\/schema\/person\/21f147c88d605aa7ded900e1e7c344ba\",\"name\":\"miro.sopko\",\"image\":{\"@type\":\"ImageObject\",\"inLanguage\":\"en-US\",\"@id\":\"https:\/\/secure.gravatar.com\/avatar\/267e4a36f704376c109afe3a78740c1f5dd8675a2180a908699e7863c9247606?s=96&d=mm&r=g\",\"url\":\"https:\/\/secure.gravatar.com\/avatar\/267e4a36f704376c109afe3a78740c1f5dd8675a2180a908699e7863c9247606?s=96&d=mm&r=g\",\"contentUrl\":\"https:\/\/secure.gravatar.com\/avatar\/267e4a36f704376c109afe3a78740c1f5dd8675a2180a908699e7863c9247606?s=96&d=mm&r=g\",\"caption\":\"miro.sopko\"},\"url\":\"https:\/\/www.smedemokrati.sk\/en\/author\/miro-sopko\/\"}]}<\/script>\n<!-- \/ Yoast SEO plugin. -->","yoast_head_json":{"title":"Vl\u00e1da navrhuje v\u00fdrazn\u00e9 u\u013eah\u010denie \u0165a\u017eby dreva aj v chr\u00e1nen\u00fdch \u00fazemiach","robots":{"index":"index","follow":"follow","max-snippet":"max-snippet:-1","max-image-preview":"max-image-preview:large","max-video-preview":"max-video-preview:-1"},"canonical":"https:\/\/www.smedemokrati.sk\/en\/vlada-navrhuje-vyrazne-ulahcenie-tazby-dreva-aj-v-chranenych-uzemiach\/","og_locale":"en_US","og_type":"article","og_title":"[:sk]Vl\u00e1da navrhuje v\u00fdrazn\u00e9 u\u013eah\u010denie \u0165a\u017eby dreva aj v chr\u00e1nen\u00fdch \u00fazemiach[:] - Smedemokrati.sk","og_description":"Demokrati upozor\u0148uj\u00fa, \u017ee minister p\u00f4dohospod\u00e1rstva Tak\u00e1\u010d navrhuje legislat\u00edvu na v\u00fdrazn\u00e9 u\u013eah\u010denie \u0165a\u017eby dreva, a to aj v chr\u00e1nen\u00fdch \u00fazemiach. Deje sa tak nen\u00e1padne a v rozpore so z\u00e1konom o tvorbe pr\u00e1vnych predpisov v nes\u00favisiacom z\u00e1kone, ktor\u00fd m\u00e1 paradoxne predch\u00e1dza\u0165 glob\u00e1lnemu odles\u0148ovaniu. Okrem po\u0161kodzovania pr\u00edrody Tak\u00e1\u010dov n\u00e1vrh z\u00e1kona m\u00f4\u017ee vies\u0165 k \u010fal\u0161ej prehre Slovenska pred s\u00fadmi [&hellip;]","og_url":"https:\/\/www.smedemokrati.sk\/en\/vlada-navrhuje-vyrazne-ulahcenie-tazby-dreva-aj-v-chranenych-uzemiach\/","og_site_name":"Smedemokrati.sk","article_publisher":"https:\/\/www.facebook.com\/smedemokrati2023","article_published_time":"2024-08-07T13:20:11+00:00","article_modified_time":"2024-08-15T08:38:25+00:00","og_image":[{"width":1080,"height":810,"url":"https:\/\/www.smedemokrati.sk\/wp-content\/uploads\/2024\/08\/takac.jpg","type":"image\/jpeg"}],"author":"miro.sopko","twitter_card":"summary_large_image","twitter_misc":{"Written by":"miro.sopko","Est. reading time":"2 minutes"},"schema":{"@context":"https:\/\/schema.org","@graph":[{"@type":"Article","@id":"https:\/\/www.smedemokrati.sk\/vlada-navrhuje-vyrazne-ulahcenie-tazby-dreva-aj-v-chranenych-uzemiach\/#article","isPartOf":{"@id":"https:\/\/www.smedemokrati.sk\/vlada-navrhuje-vyrazne-ulahcenie-tazby-dreva-aj-v-chranenych-uzemiach\/"},"author":{"name":"miro.sopko","@id":"https:\/\/www.smedemokrati.sk\/#\/schema\/person\/21f147c88d605aa7ded900e1e7c344ba"},"headline":"Vl\u00e1da navrhuje v\u00fdrazn\u00e9 u\u013eah\u010denie \u0165a\u017eby dreva aj v chr\u00e1nen\u00fdch \u00fazemiach","datePublished":"2024-08-07T13:20:11+00:00","dateModified":"2024-08-15T08:38:25+00:00","mainEntityOfPage":{"@id":"https:\/\/www.smedemokrati.sk\/vlada-navrhuje-vyrazne-ulahcenie-tazby-dreva-aj-v-chranenych-uzemiach\/"},"wordCount":396,"publisher":{"@id":"https:\/\/www.smedemokrati.sk\/#organization"},"image":{"@id":"https:\/\/www.smedemokrati.sk\/vlada-navrhuje-vyrazne-ulahcenie-tazby-dreva-aj-v-chranenych-uzemiach\/#primaryimage"},"thumbnailUrl":"https:\/\/www.smedemokrati.sk\/wp-content\/uploads\/2024\/08\/takac.jpg","articleSection":["Tla\u010dov\u00e9 spr\u00e1vy"],"inLanguage":"en-US"},{"@type":"WebPage","@id":"https:\/\/www.smedemokrati.sk\/vlada-navrhuje-vyrazne-ulahcenie-tazby-dreva-aj-v-chranenych-uzemiach\/","url":"https:\/\/www.smedemokrati.sk\/vlada-navrhuje-vyrazne-ulahcenie-tazby-dreva-aj-v-chranenych-uzemiach\/","name":"Vl\u00e1da navrhuje v\u00fdrazn\u00e9 u\u013eah\u010denie \u0165a\u017eby dreva aj v chr\u00e1nen\u00fdch \u00fazemiach","isPartOf":{"@id":"https:\/\/www.smedemokrati.sk\/#website"},"primaryImageOfPage":{"@id":"https:\/\/www.smedemokrati.sk\/vlada-navrhuje-vyrazne-ulahcenie-tazby-dreva-aj-v-chranenych-uzemiach\/#primaryimage"},"image":{"@id":"https:\/\/www.smedemokrati.sk\/vlada-navrhuje-vyrazne-ulahcenie-tazby-dreva-aj-v-chranenych-uzemiach\/#primaryimage"},"thumbnailUrl":"https:\/\/www.smedemokrati.sk\/wp-content\/uploads\/2024\/08\/takac.jpg","datePublished":"2024-08-07T13:20:11+00:00","dateModified":"2024-08-15T08:38:25+00:00","breadcrumb":{"@id":"https:\/\/www.smedemokrati.sk\/vlada-navrhuje-vyrazne-ulahcenie-tazby-dreva-aj-v-chranenych-uzemiach\/#breadcrumb"},"inLanguage":"en-US","potentialAction":[{"@type":"ReadAction","target":["https:\/\/www.smedemokrati.sk\/vlada-navrhuje-vyrazne-ulahcenie-tazby-dreva-aj-v-chranenych-uzemiach\/"]}]},{"@type":"ImageObject","inLanguage":"en-US","@id":"https:\/\/www.smedemokrati.sk\/vlada-navrhuje-vyrazne-ulahcenie-tazby-dreva-aj-v-chranenych-uzemiach\/#primaryimage","url":"https:\/\/www.smedemokrati.sk\/wp-content\/uploads\/2024\/08\/takac.jpg","contentUrl":"https:\/\/www.smedemokrati.sk\/wp-content\/uploads\/2024\/08\/takac.jpg","width":1080,"height":810},{"@type":"BreadcrumbList","@id":"https:\/\/www.smedemokrati.sk\/vlada-navrhuje-vyrazne-ulahcenie-tazby-dreva-aj-v-chranenych-uzemiach\/#breadcrumb","itemListElement":[{"@type":"ListItem","position":1,"name":"Domovsk\u00e1 str\u00e1nka","item":"https:\/\/www.smedemokrati.sk\/"},{"@type":"ListItem","position":2,"name":"Vl\u00e1da navrhuje v\u00fdrazn\u00e9 u\u013eah\u010denie \u0165a\u017eby dreva aj v chr\u00e1nen\u00fdch \u00fazemiach"}]},{"@type":"WebSite","@id":"https:\/\/www.smedemokrati.sk\/#website","url":"https:\/\/www.smedemokrati.sk\/","name":"Smedemokrati.sk","description":"Demokracia a slu\u0161nos\u0165 zv\u00ed\u0165az\u00ed","publisher":{"@id":"https:\/\/www.smedemokrati.sk\/#organization"},"potentialAction":[{"@type":"SearchAction","target":{"@type":"EntryPoint","urlTemplate":"https:\/\/www.smedemokrati.sk\/?s={search_term_string}"},"query-input":{"@type":"PropertyValueSpecification","valueRequired":true,"valueName":"search_term_string"}}],"inLanguage":"en-US"},{"@type":"Organization","@id":"https:\/\/www.smedemokrati.sk\/#organization","name":"Smedemokrati.sk","url":"https:\/\/www.smedemokrati.sk\/","logo":{"@type":"ImageObject","inLanguage":"en-US","@id":"https:\/\/www.smedemokrati.sk\/#\/schema\/logo\/image\/","url":"https:\/\/www.smedemokrati.sk\/wp-content\/uploads\/2023\/04\/ff.002.jpeg","contentUrl":"https:\/\/www.smedemokrati.sk\/wp-content\/uploads\/2023\/04\/ff.002.jpeg","width":640,"height":480,"caption":"Smedemokrati.sk"},"image":{"@id":"https:\/\/www.smedemokrati.sk\/#\/schema\/logo\/image\/"},"sameAs":["https:\/\/www.facebook.com\/smedemokrati2023"]},{"@type":"Person","@id":"https:\/\/www.smedemokrati.sk\/#\/schema\/person\/21f147c88d605aa7ded900e1e7c344ba","name":"miro.sopko","image":{"@type":"ImageObject","inLanguage":"en-US","@id":"https:\/\/secure.gravatar.com\/avatar\/267e4a36f704376c109afe3a78740c1f5dd8675a2180a908699e7863c9247606?s=96&d=mm&r=g","url":"https:\/\/secure.gravatar.com\/avatar\/267e4a36f704376c109afe3a78740c1f5dd8675a2180a908699e7863c9247606?s=96&d=mm&r=g","contentUrl":"https:\/\/secure.gravatar.com\/avatar\/267e4a36f704376c109afe3a78740c1f5dd8675a2180a908699e7863c9247606?s=96&d=mm&r=g","caption":"miro.sopko"},"url":"https:\/\/www.smedemokrati.sk\/en\/author\/miro-sopko\/"}]}},"_links":{"self":[{"href":"https:\/\/www.smedemokrati.sk\/en\/wp-json\/wp\/v2\/posts\/4813","targetHints":{"allow":["GET"]}}],"collection":[{"href":"https:\/\/www.smedemokrati.sk\/en\/wp-json\/wp\/v2\/posts"}],"about":[{"href":"https:\/\/www.smedemokrati.sk\/en\/wp-json\/wp\/v2\/types\/post"}],"author":[{"embeddable":true,"href":"https:\/\/www.smedemokrati.sk\/en\/wp-json\/wp\/v2\/users\/13"}],"replies":[{"embeddable":true,"href":"https:\/\/www.smedemokrati.sk\/en\/wp-json\/wp\/v2\/comments?post=4813"}],"version-history":[{"count":1,"href":"https:\/\/www.smedemokrati.sk\/en\/wp-json\/wp\/v2\/posts\/4813\/revisions"}],"predecessor-version":[{"id":4815,"href":"https:\/\/www.smedemokrati.sk\/en\/wp-json\/wp\/v2\/posts\/4813\/revisions\/4815"}],"wp:featuredmedia":[{"embeddable":true,"href":"https:\/\/www.smedemokrati.sk\/en\/wp-json\/wp\/v2\/media\/4814"}],"wp:attachment":[{"href":"https:\/\/www.smedemokrati.sk\/en\/wp-json\/wp\/v2\/media?parent=4813"}],"wp:term":[{"taxonomy":"category","embeddable":true,"href":"https:\/\/www.smedemokrati.sk\/en\/wp-json\/wp\/v2\/categories?post=4813"},{"taxonomy":"post_tag","embeddable":true,"href":"https:\/\/www.smedemokrati.sk\/en\/wp-json\/wp\/v2\/tags?post=4813"}],"curies":[{"name":"wp","href":"https:\/\/api.w.org\/{rel}","templated":true}]}}