{"id":4787,"date":"2024-08-06T11:05:09","date_gmt":"2024-08-06T10:05:09","guid":{"rendered":"https:\/\/www.smedemokrati.sk\/?p=4787"},"modified":"2024-08-10T10:11:34","modified_gmt":"2024-08-10T09:11:34","slug":"potvrdene-let-filipa-kuffu-vrtulnikom-bol-v-rozpore-so-zakonom-vyzyvame-ho-na-odstupenie","status":"publish","type":"post","link":"https:\/\/www.smedemokrati.sk\/en\/potvrdene-let-filipa-kuffu-vrtulnikom-bol-v-rozpore-so-zakonom-vyzyvame-ho-na-odstupenie\/","title":{"rendered":"Potvrden\u00e9 &#8211; let Filipa Kuffu vrtu\u013en\u00edkom bol v rozpore so z\u00e1konom. Vyz\u00fdvame ho na odst\u00fapenie"},"content":{"rendered":"<div id=\"fb-root\"><\/div>\n\n<p><strong>Na z\u00e1klade podnetu strany Demokrati m\u00e1me potvrden\u00e9, \u017ee Filip Kuffa spolu s Tom\u00e1\u0161om Tarabom op\u00e4\u0165 raz nehor\u00e1zne klamali pri vrtu\u013en\u00edkovom dobrodru\u017estve \u0161t\u00e1tneho tajomn\u00edka nad Malou Fatrou. S\u00edce sa bili do p\u0155s a sebavedomo tvrdili, \u017ee \u017eiaden z\u00e1kon poru\u0161en\u00fd nebol, Slovensk\u00e1 in\u0161pekcia \u017eivotn\u00e9ho prostredia (SI\u017dP) potvrdila, \u017ee pilot nemal na tak\u00fdto let \u017eiadne povolenie a t\u00fdm bol poru\u0161en\u00fd z\u00e1kon o ochrane pr\u00edrody. Vyz\u00fdvame Filipa Kuffu na odchod z funkcie.<\/strong><\/p>\n\n\n\n<p>Filip Kuffa na parlamentnom v\u00fdbore, ktor\u00fd bol k letu vrtu\u013en\u00edkom zvolan\u00fd tvrdil, \u017ee \u017eiadny z\u00e1kon neporu\u0161il a \u017eiadna v\u00fdnimka potrebn\u00e1 nebola. Miesto sebareflexie a vyvodenia zodpovednosti spolu s Tarabom prezentovali tieto papal\u00e1\u0161ske maniere ako norm\u00e1lnu s\u00fa\u010das\u0165 agendy, lebo pod\u013ea Tarabu si \u0161t\u00e1tny tajomn\u00edk m\u00f4\u017ee \u201elieta\u0165 hore-dole\u201d. No nem\u00f4\u017ee. Vypl\u00fdva to z odpovede na podnet podan\u00fd Michalom Ki\u010dom.&nbsp;<\/p>\n\n\n\n<p>V ofici\u00e1lnej odpovedi z 5. augusta 2024 SI\u017dP uv\u00e1dza, \u017ee let vykonan\u00fd nad \u00fazem\u00edm N\u00e1rodn\u00e9ho parku Mal\u00e1 Fatra, N\u00e1rodn\u00fdch pr\u00edrodn\u00fdch rezerv\u00e1ci\u00ed Ties\u0148avy a Rozsutec a \u00fazemia eur\u00f3pskeho v\u00fdznamu SKUEV0252 Mal\u00e1 Fatra d\u0148a 5. 4. 2024 vrtu\u013en\u00edkom R 44, na palube ktor\u00e9ho bol Filip Kuffa sa vykonal v letovej hladine men\u0161ej ako 300 m nad okolit\u00fdm ter\u00e9nom na \u00fazem\u00ed, na ktorom plat\u00ed piaty stupe\u0148 ochrany, a to bez s\u00fahlasu pr\u00edslu\u0161n\u00e9ho org\u00e1nu ochrany pr\u00edrody, \u010d\u00edm do\u0161lo k sp\u00e1chaniu skutku, ktor\u00fd m\u00e1 znaky priestupku pod\u013ea z\u00e1kona o ochrane pr\u00edrody a krajiny.<\/p>\n\n\n\n<p><em>\u201eKe\u010f\u017ee let, ktor\u00fd sa vykonal s vedom\u00edm a s\u00fahlasom Filipa Kuffu nebol v s\u00falade so z\u00e1konom a naviac o \u0148om e\u0161te aj klamal, vyz\u00fdvame ho, aby okam\u017eite odst\u00fapil z funkcie, na ktor\u00fa nem\u00e1 zjavne odborn\u00fd a ani mor\u00e1lny kredit. Je to vyslovene dehonestuj\u00face poni\u017eovanie ochrany pr\u00edrody na Slovensku, ak \u0161t\u00e1tny tajomn\u00edk rezortu \u017eivotn\u00e9ho prostredia tot\u00e1lne hulv\u00e1tsky ignoruje z\u00e1kony, v ktor\u00fdch by mal \u00eds\u0165 pr\u00edkladom. Na uvedenom mieste, kade i\u0161la trasa vrtu\u013en\u00edka hniezdili vz\u00e1cne druhy sokolov a orlov, tak\u017ee Filip Kuffa preuk\u00e1zal, \u017ee zool\u00f3giu vy\u0161tudoval zrejme iba preto, aby mal nejak\u00fd titul, no re\u00e1lne k na\u0161ej pr\u00edrode nem\u00e1 \u017eiadnu \u00factu\u201d,<\/em>&nbsp;hovor\u00ed expert strany na \u017eivotn\u00e9 prostredie a \u010dlen predsedn\u00edctva strany Michal Ki\u010da.<\/p>\n\n\n\n<p>U\u017e samotn\u00e9 poru\u0161enie z\u00e1konov a pretl\u00e1\u010danie papal\u00e1\u0161kych manierov nepatria do presadzovania verejn\u00e9ho z\u00e1ujmu. Av\u0161ak to, \u017ee si niekto nevie ani len prizna\u0165 chybu a bez okolkov zav\u00e1dza verejnos\u0165 o tom, \u017ee jeho konanie bolo v s\u00falade so z\u00e1konom, je jasn\u00fdm d\u00f4kazom, \u017ee tak\u00fdto \u010dlovek na funkciu nedozrel a nem\u00e1 na rezorte \u017eivotn\u00e9ho prostredia \u010do robi\u0165:&nbsp;<em>\u201eFilip Kuffa by sa mohol aspo\u0148 raz zachova\u0165 ako mu\u017e so c\u0165ou a po potvrden\u00ed in\u0161pekcie sa s\u00e1m dobrovo\u013ene vzda\u0165 funkcie \u0161t\u00e1tneho tajomn\u00edka. V pr\u00edpade, \u017ee tak neurob\u00ed, tak o\u010dak\u00e1vam, \u017ee Taraba sa zachov\u00e1 v prvom rade ako vysokopostaven\u00fd mana\u017e\u00e9r rezortu a Filipa Kuffu<\/em> <em>odvol\u00e1, aby sa postavil za dobr\u00e9 meno in\u0161tit\u00facie a nie jeho politickej rodiny, ktor\u00e1 zatia\u013e p\u00e1cha na \u017eivotnom prostred\u00ed len \u0161kodu a hanbu,\u201d<\/em>&nbsp;uzatv\u00e1ra Michal Ki\u010da.<\/p>\n\n\n<p>fb_plugin video href=https:\/\/fb.watch\/tNG3vrWcea]<\/p>\n","protected":false},"excerpt":{"rendered":"<p>Na z\u00e1klade podnetu strany Demokrati m\u00e1me potvrden\u00e9, \u017ee Filip Kuffa spolu s Tom\u00e1\u0161om Tarabom op\u00e4\u0165 raz nehor\u00e1zne klamali pri vrtu\u013en\u00edkovom dobrodru\u017estve \u0161t\u00e1tneho tajomn\u00edka nad Malou Fatrou. S\u00edce sa bili do p\u0155s a sebavedomo tvrdili, \u017ee \u017eiaden z\u00e1kon poru\u0161en\u00fd nebol, Slovensk\u00e1 in\u0161pekcia \u017eivotn\u00e9ho prostredia (SI\u017dP) potvrdila, \u017ee pilot nemal na tak\u00fdto let \u017eiadne povolenie a t\u00fdm [&hellip;]<\/p>\n","protected":false},"author":13,"featured_media":3995,"comment_status":"closed","ping_status":"closed","sticky":false,"template":"","format":"standard","meta":{"_acf_changed":false,"ngg_post_thumbnail":0,"footnotes":""},"categories":[4],"tags":[],"class_list":["post-4787","post","type-post","status-publish","format-standard","has-post-thumbnail","hentry","category-tlacove-spravy"],"acf":[],"yoast_head":"<!-- This site is optimized with the Yoast SEO plugin v27.2 - https:\/\/yoast.com\/product\/yoast-seo-wordpress\/ -->\n<title>Potvrden\u00e9 - let Filipa Kuffu vrtu\u013en\u00edkom bol v rozpore so z\u00e1konom. Vyz\u00fdvame ho na odst\u00fapenie<\/title>\n<meta name=\"robots\" content=\"index, follow, max-snippet:-1, max-image-preview:large, max-video-preview:-1\" \/>\n<link rel=\"canonical\" href=\"https:\/\/www.smedemokrati.sk\/en\/potvrdene-let-filipa-kuffu-vrtulnikom-bol-v-rozpore-so-zakonom-vyzyvame-ho-na-odstupenie\/\" \/>\n<meta property=\"og:locale\" content=\"en_US\" \/>\n<meta property=\"og:locale:alternate\" content=\"cs_CZ\" \/>\n<meta property=\"og:locale:alternate\" content=\"hu_HU\" \/>\n<meta property=\"og:locale:alternate\" content=\"sk_SK\" \/>\n<meta property=\"og:locale:alternate\" content=\"sv_SE\" \/>\n<meta property=\"og:type\" content=\"article\" \/>\n<meta property=\"og:title\" content=\"Potvrden\u00e9 - let Filipa Kuffu vrtu\u013en\u00edkom bol v rozpore so z\u00e1konom. Vyz\u00fdvame ho na odst\u00fapenie\" \/>\n<meta property=\"og:description\" content=\"Na z\u00e1klade podnetu strany Demokrati m\u00e1me potvrden\u00e9, \u017ee Filip Kuffa spolu s Tom\u00e1\u0161om Tarabom op\u00e4\u0165 raz nehor\u00e1zne klamali pri vrtu\u013en\u00edkovom dobrodru\u017estve \u0161t\u00e1tneho tajomn\u00edka nad Malou Fatrou. S\u00edce sa bili do p\u0155s a sebavedomo tvrdili, \u017ee \u017eiaden z\u00e1kon poru\u0161en\u00fd nebol, Slovensk\u00e1 in\u0161pekcia \u017eivotn\u00e9ho prostredia (SI\u017dP) potvrdila, \u017ee pilot nemal na tak\u00fdto let \u017eiadne povolenie a t\u00fdm [&hellip;]\" \/>\n<meta property=\"og:url\" content=\"https:\/\/www.smedemokrati.sk\/en\/potvrdene-let-filipa-kuffu-vrtulnikom-bol-v-rozpore-so-zakonom-vyzyvame-ho-na-odstupenie\/\" \/>\n<meta property=\"og:site_name\" content=\"Smedemokrati.sk\" \/>\n<meta property=\"article:publisher\" content=\"https:\/\/www.facebook.com\/smedemokrati2023\" \/>\n<meta property=\"article:published_time\" content=\"2024-08-06T10:05:09+00:00\" \/>\n<meta property=\"article:modified_time\" content=\"2024-08-10T09:11:34+00:00\" \/>\n<meta property=\"og:image\" content=\"https:\/\/www.smedemokrati.sk\/wp-content\/uploads\/2024\/04\/kufovci.jpg\" \/>\n\t<meta property=\"og:image:width\" content=\"1200\" \/>\n\t<meta property=\"og:image:height\" content=\"1094\" \/>\n\t<meta property=\"og:image:type\" content=\"image\/jpeg\" \/>\n<meta name=\"author\" content=\"miro.sopko\" \/>\n<meta name=\"twitter:card\" content=\"summary_large_image\" \/>\n<meta name=\"twitter:label1\" content=\"Written by\" \/>\n\t<meta name=\"twitter:data1\" content=\"miro.sopko\" \/>\n\t<meta name=\"twitter:label2\" content=\"Est. reading time\" \/>\n\t<meta name=\"twitter:data2\" content=\"3 minutes\" \/>\n<script type=\"application\/ld+json\" class=\"yoast-schema-graph\">{\"@context\":\"https:\/\/schema.org\",\"@graph\":[{\"@type\":\"Article\",\"@id\":\"https:\/\/www.smedemokrati.sk\/potvrdene-let-filipa-kuffu-vrtulnikom-bol-v-rozpore-so-zakonom-vyzyvame-ho-na-odstupenie\/#article\",\"isPartOf\":{\"@id\":\"https:\/\/www.smedemokrati.sk\/potvrdene-let-filipa-kuffu-vrtulnikom-bol-v-rozpore-so-zakonom-vyzyvame-ho-na-odstupenie\/\"},\"author\":{\"name\":\"miro.sopko\",\"@id\":\"https:\/\/www.smedemokrati.sk\/#\/schema\/person\/21f147c88d605aa7ded900e1e7c344ba\"},\"headline\":\"Potvrden\u00e9 &#8211; let Filipa Kuffu vrtu\u013en\u00edkom bol v rozpore so z\u00e1konom. Vyz\u00fdvame ho na odst\u00fapenie\",\"datePublished\":\"2024-08-06T10:05:09+00:00\",\"dateModified\":\"2024-08-10T09:11:34+00:00\",\"mainEntityOfPage\":{\"@id\":\"https:\/\/www.smedemokrati.sk\/potvrdene-let-filipa-kuffu-vrtulnikom-bol-v-rozpore-so-zakonom-vyzyvame-ho-na-odstupenie\/\"},\"wordCount\":610,\"publisher\":{\"@id\":\"https:\/\/www.smedemokrati.sk\/#organization\"},\"image\":{\"@id\":\"https:\/\/www.smedemokrati.sk\/potvrdene-let-filipa-kuffu-vrtulnikom-bol-v-rozpore-so-zakonom-vyzyvame-ho-na-odstupenie\/#primaryimage\"},\"thumbnailUrl\":\"https:\/\/www.smedemokrati.sk\/wp-content\/uploads\/2024\/04\/kufovci.jpg\",\"articleSection\":[\"Tla\u010dov\u00e9 spr\u00e1vy\"],\"inLanguage\":\"en-US\"},{\"@type\":\"WebPage\",\"@id\":\"https:\/\/www.smedemokrati.sk\/potvrdene-let-filipa-kuffu-vrtulnikom-bol-v-rozpore-so-zakonom-vyzyvame-ho-na-odstupenie\/\",\"url\":\"https:\/\/www.smedemokrati.sk\/potvrdene-let-filipa-kuffu-vrtulnikom-bol-v-rozpore-so-zakonom-vyzyvame-ho-na-odstupenie\/\",\"name\":\"Potvrden\u00e9 - let Filipa Kuffu vrtu\u013en\u00edkom bol v rozpore so z\u00e1konom. Vyz\u00fdvame ho na odst\u00fapenie\",\"isPartOf\":{\"@id\":\"https:\/\/www.smedemokrati.sk\/#website\"},\"primaryImageOfPage\":{\"@id\":\"https:\/\/www.smedemokrati.sk\/potvrdene-let-filipa-kuffu-vrtulnikom-bol-v-rozpore-so-zakonom-vyzyvame-ho-na-odstupenie\/#primaryimage\"},\"image\":{\"@id\":\"https:\/\/www.smedemokrati.sk\/potvrdene-let-filipa-kuffu-vrtulnikom-bol-v-rozpore-so-zakonom-vyzyvame-ho-na-odstupenie\/#primaryimage\"},\"thumbnailUrl\":\"https:\/\/www.smedemokrati.sk\/wp-content\/uploads\/2024\/04\/kufovci.jpg\",\"datePublished\":\"2024-08-06T10:05:09+00:00\",\"dateModified\":\"2024-08-10T09:11:34+00:00\",\"breadcrumb\":{\"@id\":\"https:\/\/www.smedemokrati.sk\/potvrdene-let-filipa-kuffu-vrtulnikom-bol-v-rozpore-so-zakonom-vyzyvame-ho-na-odstupenie\/#breadcrumb\"},\"inLanguage\":\"en-US\",\"potentialAction\":[{\"@type\":\"ReadAction\",\"target\":[\"https:\/\/www.smedemokrati.sk\/potvrdene-let-filipa-kuffu-vrtulnikom-bol-v-rozpore-so-zakonom-vyzyvame-ho-na-odstupenie\/\"]}]},{\"@type\":\"ImageObject\",\"inLanguage\":\"en-US\",\"@id\":\"https:\/\/www.smedemokrati.sk\/potvrdene-let-filipa-kuffu-vrtulnikom-bol-v-rozpore-so-zakonom-vyzyvame-ho-na-odstupenie\/#primaryimage\",\"url\":\"https:\/\/www.smedemokrati.sk\/wp-content\/uploads\/2024\/04\/kufovci.jpg\",\"contentUrl\":\"https:\/\/www.smedemokrati.sk\/wp-content\/uploads\/2024\/04\/kufovci.jpg\",\"width\":1200,\"height\":1094},{\"@type\":\"BreadcrumbList\",\"@id\":\"https:\/\/www.smedemokrati.sk\/potvrdene-let-filipa-kuffu-vrtulnikom-bol-v-rozpore-so-zakonom-vyzyvame-ho-na-odstupenie\/#breadcrumb\",\"itemListElement\":[{\"@type\":\"ListItem\",\"position\":1,\"name\":\"Domovsk\u00e1 str\u00e1nka\",\"item\":\"https:\/\/www.smedemokrati.sk\/\"},{\"@type\":\"ListItem\",\"position\":2,\"name\":\"Potvrden\u00e9 &#8211; let Filipa Kuffu vrtu\u013en\u00edkom bol v rozpore so z\u00e1konom. Vyz\u00fdvame ho na odst\u00fapenie\"}]},{\"@type\":\"WebSite\",\"@id\":\"https:\/\/www.smedemokrati.sk\/#website\",\"url\":\"https:\/\/www.smedemokrati.sk\/\",\"name\":\"Smedemokrati.sk\",\"description\":\"Demokracia a slu\u0161nos\u0165 zv\u00ed\u0165az\u00ed\",\"publisher\":{\"@id\":\"https:\/\/www.smedemokrati.sk\/#organization\"},\"potentialAction\":[{\"@type\":\"SearchAction\",\"target\":{\"@type\":\"EntryPoint\",\"urlTemplate\":\"https:\/\/www.smedemokrati.sk\/?s={search_term_string}\"},\"query-input\":{\"@type\":\"PropertyValueSpecification\",\"valueRequired\":true,\"valueName\":\"search_term_string\"}}],\"inLanguage\":\"en-US\"},{\"@type\":\"Organization\",\"@id\":\"https:\/\/www.smedemokrati.sk\/#organization\",\"name\":\"Smedemokrati.sk\",\"url\":\"https:\/\/www.smedemokrati.sk\/\",\"logo\":{\"@type\":\"ImageObject\",\"inLanguage\":\"en-US\",\"@id\":\"https:\/\/www.smedemokrati.sk\/#\/schema\/logo\/image\/\",\"url\":\"https:\/\/www.smedemokrati.sk\/wp-content\/uploads\/2023\/04\/ff.002.jpeg\",\"contentUrl\":\"https:\/\/www.smedemokrati.sk\/wp-content\/uploads\/2023\/04\/ff.002.jpeg\",\"width\":640,\"height\":480,\"caption\":\"Smedemokrati.sk\"},\"image\":{\"@id\":\"https:\/\/www.smedemokrati.sk\/#\/schema\/logo\/image\/\"},\"sameAs\":[\"https:\/\/www.facebook.com\/smedemokrati2023\"]},{\"@type\":\"Person\",\"@id\":\"https:\/\/www.smedemokrati.sk\/#\/schema\/person\/21f147c88d605aa7ded900e1e7c344ba\",\"name\":\"miro.sopko\",\"image\":{\"@type\":\"ImageObject\",\"inLanguage\":\"en-US\",\"@id\":\"https:\/\/secure.gravatar.com\/avatar\/267e4a36f704376c109afe3a78740c1f5dd8675a2180a908699e7863c9247606?s=96&d=mm&r=g\",\"url\":\"https:\/\/secure.gravatar.com\/avatar\/267e4a36f704376c109afe3a78740c1f5dd8675a2180a908699e7863c9247606?s=96&d=mm&r=g\",\"contentUrl\":\"https:\/\/secure.gravatar.com\/avatar\/267e4a36f704376c109afe3a78740c1f5dd8675a2180a908699e7863c9247606?s=96&d=mm&r=g\",\"caption\":\"miro.sopko\"},\"url\":\"https:\/\/www.smedemokrati.sk\/en\/author\/miro-sopko\/\"}]}<\/script>\n<!-- \/ Yoast SEO plugin. -->","yoast_head_json":{"title":"Potvrden\u00e9 - let Filipa Kuffu vrtu\u013en\u00edkom bol v rozpore so z\u00e1konom. Vyz\u00fdvame ho na odst\u00fapenie","robots":{"index":"index","follow":"follow","max-snippet":"max-snippet:-1","max-image-preview":"max-image-preview:large","max-video-preview":"max-video-preview:-1"},"canonical":"https:\/\/www.smedemokrati.sk\/en\/potvrdene-let-filipa-kuffu-vrtulnikom-bol-v-rozpore-so-zakonom-vyzyvame-ho-na-odstupenie\/","og_locale":"en_US","og_type":"article","og_title":"[:sk]Potvrden\u00e9 - let Filipa Kuffu vrtu\u013en\u00edkom bol v rozpore so z\u00e1konom. Vyz\u00fdvame ho na odst\u00fapenie[:] - Smedemokrati.sk","og_description":"Na z\u00e1klade podnetu strany Demokrati m\u00e1me potvrden\u00e9, \u017ee Filip Kuffa spolu s Tom\u00e1\u0161om Tarabom op\u00e4\u0165 raz nehor\u00e1zne klamali pri vrtu\u013en\u00edkovom dobrodru\u017estve \u0161t\u00e1tneho tajomn\u00edka nad Malou Fatrou. S\u00edce sa bili do p\u0155s a sebavedomo tvrdili, \u017ee \u017eiaden z\u00e1kon poru\u0161en\u00fd nebol, Slovensk\u00e1 in\u0161pekcia \u017eivotn\u00e9ho prostredia (SI\u017dP) potvrdila, \u017ee pilot nemal na tak\u00fdto let \u017eiadne povolenie a t\u00fdm [&hellip;]","og_url":"https:\/\/www.smedemokrati.sk\/en\/potvrdene-let-filipa-kuffu-vrtulnikom-bol-v-rozpore-so-zakonom-vyzyvame-ho-na-odstupenie\/","og_site_name":"Smedemokrati.sk","article_publisher":"https:\/\/www.facebook.com\/smedemokrati2023","article_published_time":"2024-08-06T10:05:09+00:00","article_modified_time":"2024-08-10T09:11:34+00:00","og_image":[{"width":1200,"height":1094,"url":"https:\/\/www.smedemokrati.sk\/wp-content\/uploads\/2024\/04\/kufovci.jpg","type":"image\/jpeg"}],"author":"miro.sopko","twitter_card":"summary_large_image","twitter_misc":{"Written by":"miro.sopko","Est. reading time":"3 minutes"},"schema":{"@context":"https:\/\/schema.org","@graph":[{"@type":"Article","@id":"https:\/\/www.smedemokrati.sk\/potvrdene-let-filipa-kuffu-vrtulnikom-bol-v-rozpore-so-zakonom-vyzyvame-ho-na-odstupenie\/#article","isPartOf":{"@id":"https:\/\/www.smedemokrati.sk\/potvrdene-let-filipa-kuffu-vrtulnikom-bol-v-rozpore-so-zakonom-vyzyvame-ho-na-odstupenie\/"},"author":{"name":"miro.sopko","@id":"https:\/\/www.smedemokrati.sk\/#\/schema\/person\/21f147c88d605aa7ded900e1e7c344ba"},"headline":"Potvrden\u00e9 &#8211; let Filipa Kuffu vrtu\u013en\u00edkom bol v rozpore so z\u00e1konom. Vyz\u00fdvame ho na odst\u00fapenie","datePublished":"2024-08-06T10:05:09+00:00","dateModified":"2024-08-10T09:11:34+00:00","mainEntityOfPage":{"@id":"https:\/\/www.smedemokrati.sk\/potvrdene-let-filipa-kuffu-vrtulnikom-bol-v-rozpore-so-zakonom-vyzyvame-ho-na-odstupenie\/"},"wordCount":610,"publisher":{"@id":"https:\/\/www.smedemokrati.sk\/#organization"},"image":{"@id":"https:\/\/www.smedemokrati.sk\/potvrdene-let-filipa-kuffu-vrtulnikom-bol-v-rozpore-so-zakonom-vyzyvame-ho-na-odstupenie\/#primaryimage"},"thumbnailUrl":"https:\/\/www.smedemokrati.sk\/wp-content\/uploads\/2024\/04\/kufovci.jpg","articleSection":["Tla\u010dov\u00e9 spr\u00e1vy"],"inLanguage":"en-US"},{"@type":"WebPage","@id":"https:\/\/www.smedemokrati.sk\/potvrdene-let-filipa-kuffu-vrtulnikom-bol-v-rozpore-so-zakonom-vyzyvame-ho-na-odstupenie\/","url":"https:\/\/www.smedemokrati.sk\/potvrdene-let-filipa-kuffu-vrtulnikom-bol-v-rozpore-so-zakonom-vyzyvame-ho-na-odstupenie\/","name":"Potvrden\u00e9 - let Filipa Kuffu vrtu\u013en\u00edkom bol v rozpore so z\u00e1konom. Vyz\u00fdvame ho na odst\u00fapenie","isPartOf":{"@id":"https:\/\/www.smedemokrati.sk\/#website"},"primaryImageOfPage":{"@id":"https:\/\/www.smedemokrati.sk\/potvrdene-let-filipa-kuffu-vrtulnikom-bol-v-rozpore-so-zakonom-vyzyvame-ho-na-odstupenie\/#primaryimage"},"image":{"@id":"https:\/\/www.smedemokrati.sk\/potvrdene-let-filipa-kuffu-vrtulnikom-bol-v-rozpore-so-zakonom-vyzyvame-ho-na-odstupenie\/#primaryimage"},"thumbnailUrl":"https:\/\/www.smedemokrati.sk\/wp-content\/uploads\/2024\/04\/kufovci.jpg","datePublished":"2024-08-06T10:05:09+00:00","dateModified":"2024-08-10T09:11:34+00:00","breadcrumb":{"@id":"https:\/\/www.smedemokrati.sk\/potvrdene-let-filipa-kuffu-vrtulnikom-bol-v-rozpore-so-zakonom-vyzyvame-ho-na-odstupenie\/#breadcrumb"},"inLanguage":"en-US","potentialAction":[{"@type":"ReadAction","target":["https:\/\/www.smedemokrati.sk\/potvrdene-let-filipa-kuffu-vrtulnikom-bol-v-rozpore-so-zakonom-vyzyvame-ho-na-odstupenie\/"]}]},{"@type":"ImageObject","inLanguage":"en-US","@id":"https:\/\/www.smedemokrati.sk\/potvrdene-let-filipa-kuffu-vrtulnikom-bol-v-rozpore-so-zakonom-vyzyvame-ho-na-odstupenie\/#primaryimage","url":"https:\/\/www.smedemokrati.sk\/wp-content\/uploads\/2024\/04\/kufovci.jpg","contentUrl":"https:\/\/www.smedemokrati.sk\/wp-content\/uploads\/2024\/04\/kufovci.jpg","width":1200,"height":1094},{"@type":"BreadcrumbList","@id":"https:\/\/www.smedemokrati.sk\/potvrdene-let-filipa-kuffu-vrtulnikom-bol-v-rozpore-so-zakonom-vyzyvame-ho-na-odstupenie\/#breadcrumb","itemListElement":[{"@type":"ListItem","position":1,"name":"Domovsk\u00e1 str\u00e1nka","item":"https:\/\/www.smedemokrati.sk\/"},{"@type":"ListItem","position":2,"name":"Potvrden\u00e9 &#8211; let Filipa Kuffu vrtu\u013en\u00edkom bol v rozpore so z\u00e1konom. Vyz\u00fdvame ho na odst\u00fapenie"}]},{"@type":"WebSite","@id":"https:\/\/www.smedemokrati.sk\/#website","url":"https:\/\/www.smedemokrati.sk\/","name":"Smedemokrati.sk","description":"Demokracia a slu\u0161nos\u0165 zv\u00ed\u0165az\u00ed","publisher":{"@id":"https:\/\/www.smedemokrati.sk\/#organization"},"potentialAction":[{"@type":"SearchAction","target":{"@type":"EntryPoint","urlTemplate":"https:\/\/www.smedemokrati.sk\/?s={search_term_string}"},"query-input":{"@type":"PropertyValueSpecification","valueRequired":true,"valueName":"search_term_string"}}],"inLanguage":"en-US"},{"@type":"Organization","@id":"https:\/\/www.smedemokrati.sk\/#organization","name":"Smedemokrati.sk","url":"https:\/\/www.smedemokrati.sk\/","logo":{"@type":"ImageObject","inLanguage":"en-US","@id":"https:\/\/www.smedemokrati.sk\/#\/schema\/logo\/image\/","url":"https:\/\/www.smedemokrati.sk\/wp-content\/uploads\/2023\/04\/ff.002.jpeg","contentUrl":"https:\/\/www.smedemokrati.sk\/wp-content\/uploads\/2023\/04\/ff.002.jpeg","width":640,"height":480,"caption":"Smedemokrati.sk"},"image":{"@id":"https:\/\/www.smedemokrati.sk\/#\/schema\/logo\/image\/"},"sameAs":["https:\/\/www.facebook.com\/smedemokrati2023"]},{"@type":"Person","@id":"https:\/\/www.smedemokrati.sk\/#\/schema\/person\/21f147c88d605aa7ded900e1e7c344ba","name":"miro.sopko","image":{"@type":"ImageObject","inLanguage":"en-US","@id":"https:\/\/secure.gravatar.com\/avatar\/267e4a36f704376c109afe3a78740c1f5dd8675a2180a908699e7863c9247606?s=96&d=mm&r=g","url":"https:\/\/secure.gravatar.com\/avatar\/267e4a36f704376c109afe3a78740c1f5dd8675a2180a908699e7863c9247606?s=96&d=mm&r=g","contentUrl":"https:\/\/secure.gravatar.com\/avatar\/267e4a36f704376c109afe3a78740c1f5dd8675a2180a908699e7863c9247606?s=96&d=mm&r=g","caption":"miro.sopko"},"url":"https:\/\/www.smedemokrati.sk\/en\/author\/miro-sopko\/"}]}},"_links":{"self":[{"href":"https:\/\/www.smedemokrati.sk\/en\/wp-json\/wp\/v2\/posts\/4787","targetHints":{"allow":["GET"]}}],"collection":[{"href":"https:\/\/www.smedemokrati.sk\/en\/wp-json\/wp\/v2\/posts"}],"about":[{"href":"https:\/\/www.smedemokrati.sk\/en\/wp-json\/wp\/v2\/types\/post"}],"author":[{"embeddable":true,"href":"https:\/\/www.smedemokrati.sk\/en\/wp-json\/wp\/v2\/users\/13"}],"replies":[{"embeddable":true,"href":"https:\/\/www.smedemokrati.sk\/en\/wp-json\/wp\/v2\/comments?post=4787"}],"version-history":[{"count":2,"href":"https:\/\/www.smedemokrati.sk\/en\/wp-json\/wp\/v2\/posts\/4787\/revisions"}],"predecessor-version":[{"id":4794,"href":"https:\/\/www.smedemokrati.sk\/en\/wp-json\/wp\/v2\/posts\/4787\/revisions\/4794"}],"wp:featuredmedia":[{"embeddable":true,"href":"https:\/\/www.smedemokrati.sk\/en\/wp-json\/wp\/v2\/media\/3995"}],"wp:attachment":[{"href":"https:\/\/www.smedemokrati.sk\/en\/wp-json\/wp\/v2\/media?parent=4787"}],"wp:term":[{"taxonomy":"category","embeddable":true,"href":"https:\/\/www.smedemokrati.sk\/en\/wp-json\/wp\/v2\/categories?post=4787"},{"taxonomy":"post_tag","embeddable":true,"href":"https:\/\/www.smedemokrati.sk\/en\/wp-json\/wp\/v2\/tags?post=4787"}],"curies":[{"name":"wp","href":"https:\/\/api.w.org\/{rel}","templated":true}]}}