{"id":4744,"date":"2024-07-26T17:02:22","date_gmt":"2024-07-26T16:02:22","guid":{"rendered":"https:\/\/www.smedemokrati.sk\/?p=4744"},"modified":"2024-08-07T16:45:00","modified_gmt":"2024-08-07T15:45:00","slug":"pre-ficovu-katastrofalnu-politiku-stupne-dlh-na-jedneho-obyvatela-o-rekordnych-1-500-eur-ziadame-zvolanie-ekonomickej-krizovej-rady","status":"publish","type":"post","link":"https:\/\/www.smedemokrati.sk\/en\/pre-ficovu-katastrofalnu-politiku-stupne-dlh-na-jedneho-obyvatela-o-rekordnych-1-500-eur-ziadame-zvolanie-ekonomickej-krizovej-rady\/","title":{"rendered":"Pre Ficovu katastrof\u00e1lnu politiku st\u00fapne dlh na jedn\u00e9ho obyvate\u013ea o rekordn\u00fdch 1 500 eur, \u017eiadame zvolanie ekonomickej kr\u00edzovej rady"},"content":{"rendered":"<div id=\"fb-root\"><\/div>\n\n<p><strong>Slovensko sa dostalo na trestn\u00fa lavicu najv\u00e4\u010d\u0161\u00edch rozpo\u010dtov\u00fdch &#8220;hrie\u0161nikov&#8221; v Eur\u00f3pskej \u00fanii. Eur\u00f3pska komisia ozn\u00e1mila, \u017ee za\u010dala preverova\u0165 hospod\u00e1renie vl\u00e1dy so \u0161t\u00e1tnymi financiami. Ide o legit\u00edmne konanie eur\u00f3pskeho org\u00e1nu, ktor\u00e9ho jedn\u00fdm zo z\u00e1verov bude, \u017ee Ficova vl\u00e1da expresne zadl\u017euje ka\u017ed\u00e9ho jedn\u00e9ho ob\u010dana. Demokrati \u017eiadaj\u00fa o zvolanie ekonomickej kr\u00edzovej rady za \u00fa\u010dasti odborn\u00edkov.<\/strong><\/p>\n\n\n\n<p><em>\u201eKomisia pouk\u00e1zala na to, \u017ee slovensk\u00e1 vl\u00e1da ve\u013emi nezodpovedne naklad\u00e1 s peniazmi n\u00e1s v\u0161etk\u00fdch, bezd\u00f4vodne zadl\u017euje \u013eud\u00ed, v\u00fdrazne zvy\u0161uje riziko bankrotu krajiny a tie\u017e rizoko obrovsk\u00e9ho poklesu \u017eivotnej \u00farovne Slov\u00e1kov\u201c,<\/em>&nbsp;hovor\u00ed k t\u00e9me b\u00fdval\u00fd premi\u00e9r a minister financi\u00ed Eduard Heger. Na &#8220;lavici hanby&#8221; sa okrem Slovenska ocitlo \u010fal\u0161\u00edch \u0161es\u0165 kraj\u00edn \u2013 Ma\u010farsko, Po\u013esko, Malta, Franc\u00fazsko, Taliansko a Belgicko. Ak by&nbsp;vl\u00e1da pokra\u010dovala vlani v rozpo\u010dte tak, ako ho nastavila Hegerova vl\u00e1da, bola by diera v rozpo\u010dte men\u0161ia o viac ako miliardu eur, teda deficit verejn\u00fdch financi\u00ed, by bol ni\u017e\u0161\u00ed ako 4 % HDP.&nbsp;<\/p>\n\n\n\n<p>Kv\u00f4li premi\u00e9rovi Ficovi je v\u0161ak deficit takmer 5%, preto\u017ee pr\u00e1ve predseda vl\u00e1dy pred prezidentsk\u00fdmi vo\u013ebami doslova rozh\u00e1dzal za necel\u00e9 tri mesiace a\u017e miliardu eur: &#8220;<em>To boli v\u0161etky tie nesystematick\u00e9 kroky ako dorovnanie 13. d\u00f4chodkov, odmeny policajtom a podobne &#8211; samozrejme, za \u00fa\u010delom z\u00edskania podpory verejnosti pre Petra Pellegriniho. Iste, v\u0161etci si zasl\u00fa\u017eia pomoc od \u0161t\u00e1tu, no aj ekon\u00f3m za\u010diato\u010dn\u00edk vie, \u017ee ak raz nie\u010do v rozpo\u010dte nem\u00e1te vopred napl\u00e1novan\u00e9 a zrazu si zmysl\u00edte, \u017ee idete rozd\u00e1va\u0165 mili\u00f3ny a\u017e miliardy, cel\u00fd syst\u00e9m sa v\u00e1m doslova rozsype. To presne sa stalo Slovensku a Eur\u00f3pska komisia na to opr\u00e1vnene reaguje&#8221;,<\/em>&nbsp;hovor\u00ed b\u00fdval\u00fd \u0161t\u00e1tny tajomn\u00edk na rezorte financi\u00ed \u013dubo\u0161 Jan\u010d\u00edk. Expremi\u00e9r heger dod\u00e1va, \u017ee za tak\u00fd kr\u00e1tky \u010das Fico stihol zadl\u017ei\u0165 ka\u017ed\u00e9ho jedn\u00e9ho ob\u010dana, vr\u00e1tane novorodencov, zhruba o 200 eur.&nbsp;<em>\u201eTv\u00e1ri sa, \u017ee pom\u00e1ha \u013eu\u010fom, pravda je v\u0161ak tak\u00e1, \u017ee to zaplatia \u013eudia z vy\u0161\u0161\u00edch dan\u00ed. Jeden va\u010dok im pln\u00ed, z druh\u00e9ho im berie. Rob\u00ed si z \u013eud\u00ed \u017earty v priamom prenose.&#8221;<\/em><\/p>\n\n\n\n<p>Na lavicu rozpo\u010dtovej hanby sme sa nedostali iba pre vla\u0148aj\u0161\u00ed deficit. Rozpo\u010dtov\u00ed experti z eurokomisie pouk\u00e1zali aj na to, \u017ee bud\u00faci rok m\u00e1 by\u0165 diera v rozpo\u010dte ove\u013ea v\u00e4\u010d\u0161ia ako vlani. Ficovci si schv\u00e1lili deficit o \u010fal\u0161\u00edch 8 mili\u00e1rd eur (cca 6 % HDP). V tomto pr\u00edpade to znamen\u00e1, \u017ee v prepo\u010dte na jedn\u00e9ho obyvate\u013ea Slovenska st\u00fapne dlh krajiny skoro o 1 500 eur:<em>&nbsp;\u201eRobert Fico ka\u0161le na \u013eud\u00ed, neopravuje \u0161kolstvo, zdravotn\u00edctvo ani podnikate\u013esk\u00e9 prostredie, star\u00e1 sa len o zabezpe\u010denie beztrestnosti \u010dlenov svojho korup\u010dn\u00e9ho spolku, a to aj za cenu obrovsk\u00e9ho n\u00e1rastu dlhu a \u017eenie krajinu do ekonomickej priepasti,\u201c&nbsp;<\/em>povedal Heger a dodal, \u017ee<em>&nbsp;\u201evl\u00e1da by mala okam\u017eite zvola\u0165 kr\u00edzov\u00fa ekonomick\u00fa radu za \u00fa\u010dasti odborn\u00edkov, politikov, zamestn\u00e1vate\u013eov a odborov a rozpr\u00e1va\u0165 sa o seri\u00f3znej hospod\u00e1rskej strat\u00e9gii Slovenska s konkr\u00e9tnymi opatreniami a h\u013eada\u0165 pre \u0148u \u0161irok\u00fa politick\u00fa a spolo\u010densk\u00fa zhodu\u201c.<\/em><\/p>\n","protected":false},"excerpt":{"rendered":"<p>Slovensko sa dostalo na trestn\u00fa lavicu najv\u00e4\u010d\u0161\u00edch rozpo\u010dtov\u00fdch &#8220;hrie\u0161nikov&#8221; v Eur\u00f3pskej \u00fanii. Eur\u00f3pska komisia ozn\u00e1mila, \u017ee za\u010dala preverova\u0165 hospod\u00e1renie vl\u00e1dy so \u0161t\u00e1tnymi financiami. Ide o legit\u00edmne konanie eur\u00f3pskeho org\u00e1nu, ktor\u00e9ho jedn\u00fdm zo z\u00e1verov bude, \u017ee Ficova vl\u00e1da expresne zadl\u017euje ka\u017ed\u00e9ho jedn\u00e9ho ob\u010dana. Demokrati \u017eiadaj\u00fa o zvolanie ekonomickej kr\u00edzovej rady za \u00fa\u010dasti odborn\u00edkov. \u201eKomisia pouk\u00e1zala na [&hellip;]<\/p>\n","protected":false},"author":13,"featured_media":4745,"comment_status":"closed","ping_status":"closed","sticky":false,"template":"","format":"standard","meta":{"_acf_changed":false,"ngg_post_thumbnail":0,"footnotes":""},"categories":[4],"tags":[],"class_list":["post-4744","post","type-post","status-publish","format-standard","has-post-thumbnail","hentry","category-tlacove-spravy"],"acf":[],"yoast_head":"<!-- This site is optimized with the Yoast SEO plugin v27.2 - https:\/\/yoast.com\/product\/yoast-seo-wordpress\/ -->\n<title>Pre Ficovu katastrof\u00e1lnu politiku st\u00fapne dlh na jedn\u00e9ho obyvate\u013ea o rekordn\u00fdch 1 500 eur, \u017eiadame zvolanie ekonomickej kr\u00edzovej rady<\/title>\n<meta name=\"robots\" content=\"index, follow, max-snippet:-1, max-image-preview:large, max-video-preview:-1\" \/>\n<link rel=\"canonical\" href=\"https:\/\/www.smedemokrati.sk\/en\/pre-ficovu-katastrofalnu-politiku-stupne-dlh-na-jedneho-obyvatela-o-rekordnych-1-500-eur-ziadame-zvolanie-ekonomickej-krizovej-rady\/\" \/>\n<meta property=\"og:locale\" content=\"en_US\" \/>\n<meta property=\"og:locale:alternate\" content=\"cs_CZ\" \/>\n<meta property=\"og:locale:alternate\" content=\"hu_HU\" \/>\n<meta property=\"og:locale:alternate\" content=\"sk_SK\" \/>\n<meta property=\"og:locale:alternate\" content=\"sv_SE\" \/>\n<meta property=\"og:type\" content=\"article\" \/>\n<meta property=\"og:title\" content=\"Pre Ficovu katastrof\u00e1lnu politiku st\u00fapne dlh na jedn\u00e9ho obyvate\u013ea o rekordn\u00fdch 1 500 eur, \u017eiadame zvolanie ekonomickej kr\u00edzovej rady\" \/>\n<meta property=\"og:description\" content=\"Slovensko sa dostalo na trestn\u00fa lavicu najv\u00e4\u010d\u0161\u00edch rozpo\u010dtov\u00fdch &#8220;hrie\u0161nikov&#8221; v Eur\u00f3pskej \u00fanii. Eur\u00f3pska komisia ozn\u00e1mila, \u017ee za\u010dala preverova\u0165 hospod\u00e1renie vl\u00e1dy so \u0161t\u00e1tnymi financiami. Ide o legit\u00edmne konanie eur\u00f3pskeho org\u00e1nu, ktor\u00e9ho jedn\u00fdm zo z\u00e1verov bude, \u017ee Ficova vl\u00e1da expresne zadl\u017euje ka\u017ed\u00e9ho jedn\u00e9ho ob\u010dana. Demokrati \u017eiadaj\u00fa o zvolanie ekonomickej kr\u00edzovej rady za \u00fa\u010dasti odborn\u00edkov. \u201eKomisia pouk\u00e1zala na [&hellip;]\" \/>\n<meta property=\"og:url\" content=\"https:\/\/www.smedemokrati.sk\/en\/pre-ficovu-katastrofalnu-politiku-stupne-dlh-na-jedneho-obyvatela-o-rekordnych-1-500-eur-ziadame-zvolanie-ekonomickej-krizovej-rady\/\" \/>\n<meta property=\"og:site_name\" content=\"Smedemokrati.sk\" \/>\n<meta property=\"article:publisher\" content=\"https:\/\/www.facebook.com\/smedemokrati2023\" \/>\n<meta property=\"article:published_time\" content=\"2024-07-26T16:02:22+00:00\" \/>\n<meta property=\"article:modified_time\" content=\"2024-08-07T15:45:00+00:00\" \/>\n<meta property=\"og:image\" content=\"https:\/\/www.smedemokrati.sk\/wp-content\/uploads\/2024\/07\/5974.jpg\" \/>\n\t<meta property=\"og:image:width\" content=\"1000\" \/>\n\t<meta property=\"og:image:height\" content=\"667\" \/>\n\t<meta property=\"og:image:type\" content=\"image\/jpeg\" \/>\n<meta name=\"author\" content=\"miro.sopko\" \/>\n<meta name=\"twitter:card\" content=\"summary_large_image\" \/>\n<meta name=\"twitter:label1\" content=\"Written by\" \/>\n\t<meta name=\"twitter:data1\" content=\"miro.sopko\" \/>\n\t<meta name=\"twitter:label2\" content=\"Est. reading time\" \/>\n\t<meta name=\"twitter:data2\" content=\"3 minutes\" \/>\n<script type=\"application\/ld+json\" class=\"yoast-schema-graph\">{\"@context\":\"https:\/\/schema.org\",\"@graph\":[{\"@type\":\"Article\",\"@id\":\"https:\/\/www.smedemokrati.sk\/pre-ficovu-katastrofalnu-politiku-stupne-dlh-na-jedneho-obyvatela-o-rekordnych-1-500-eur-ziadame-zvolanie-ekonomickej-krizovej-rady\/#article\",\"isPartOf\":{\"@id\":\"https:\/\/www.smedemokrati.sk\/pre-ficovu-katastrofalnu-politiku-stupne-dlh-na-jedneho-obyvatela-o-rekordnych-1-500-eur-ziadame-zvolanie-ekonomickej-krizovej-rady\/\"},\"author\":{\"name\":\"miro.sopko\",\"@id\":\"https:\/\/www.smedemokrati.sk\/#\/schema\/person\/21f147c88d605aa7ded900e1e7c344ba\"},\"headline\":\"Pre Ficovu katastrof\u00e1lnu politiku st\u00fapne dlh na jedn\u00e9ho obyvate\u013ea o rekordn\u00fdch 1 500 eur, \u017eiadame zvolanie ekonomickej kr\u00edzovej rady\",\"datePublished\":\"2024-07-26T16:02:22+00:00\",\"dateModified\":\"2024-08-07T15:45:00+00:00\",\"mainEntityOfPage\":{\"@id\":\"https:\/\/www.smedemokrati.sk\/pre-ficovu-katastrofalnu-politiku-stupne-dlh-na-jedneho-obyvatela-o-rekordnych-1-500-eur-ziadame-zvolanie-ekonomickej-krizovej-rady\/\"},\"wordCount\":603,\"publisher\":{\"@id\":\"https:\/\/www.smedemokrati.sk\/#organization\"},\"image\":{\"@id\":\"https:\/\/www.smedemokrati.sk\/pre-ficovu-katastrofalnu-politiku-stupne-dlh-na-jedneho-obyvatela-o-rekordnych-1-500-eur-ziadame-zvolanie-ekonomickej-krizovej-rady\/#primaryimage\"},\"thumbnailUrl\":\"https:\/\/www.smedemokrati.sk\/wp-content\/uploads\/2024\/07\/5974.jpg\",\"articleSection\":[\"Tla\u010dov\u00e9 spr\u00e1vy\"],\"inLanguage\":\"en-US\"},{\"@type\":\"WebPage\",\"@id\":\"https:\/\/www.smedemokrati.sk\/pre-ficovu-katastrofalnu-politiku-stupne-dlh-na-jedneho-obyvatela-o-rekordnych-1-500-eur-ziadame-zvolanie-ekonomickej-krizovej-rady\/\",\"url\":\"https:\/\/www.smedemokrati.sk\/pre-ficovu-katastrofalnu-politiku-stupne-dlh-na-jedneho-obyvatela-o-rekordnych-1-500-eur-ziadame-zvolanie-ekonomickej-krizovej-rady\/\",\"name\":\"Pre Ficovu katastrof\u00e1lnu politiku st\u00fapne dlh na jedn\u00e9ho obyvate\u013ea o rekordn\u00fdch 1 500 eur, \u017eiadame zvolanie ekonomickej kr\u00edzovej rady\",\"isPartOf\":{\"@id\":\"https:\/\/www.smedemokrati.sk\/#website\"},\"primaryImageOfPage\":{\"@id\":\"https:\/\/www.smedemokrati.sk\/pre-ficovu-katastrofalnu-politiku-stupne-dlh-na-jedneho-obyvatela-o-rekordnych-1-500-eur-ziadame-zvolanie-ekonomickej-krizovej-rady\/#primaryimage\"},\"image\":{\"@id\":\"https:\/\/www.smedemokrati.sk\/pre-ficovu-katastrofalnu-politiku-stupne-dlh-na-jedneho-obyvatela-o-rekordnych-1-500-eur-ziadame-zvolanie-ekonomickej-krizovej-rady\/#primaryimage\"},\"thumbnailUrl\":\"https:\/\/www.smedemokrati.sk\/wp-content\/uploads\/2024\/07\/5974.jpg\",\"datePublished\":\"2024-07-26T16:02:22+00:00\",\"dateModified\":\"2024-08-07T15:45:00+00:00\",\"breadcrumb\":{\"@id\":\"https:\/\/www.smedemokrati.sk\/pre-ficovu-katastrofalnu-politiku-stupne-dlh-na-jedneho-obyvatela-o-rekordnych-1-500-eur-ziadame-zvolanie-ekonomickej-krizovej-rady\/#breadcrumb\"},\"inLanguage\":\"en-US\",\"potentialAction\":[{\"@type\":\"ReadAction\",\"target\":[\"https:\/\/www.smedemokrati.sk\/pre-ficovu-katastrofalnu-politiku-stupne-dlh-na-jedneho-obyvatela-o-rekordnych-1-500-eur-ziadame-zvolanie-ekonomickej-krizovej-rady\/\"]}]},{\"@type\":\"ImageObject\",\"inLanguage\":\"en-US\",\"@id\":\"https:\/\/www.smedemokrati.sk\/pre-ficovu-katastrofalnu-politiku-stupne-dlh-na-jedneho-obyvatela-o-rekordnych-1-500-eur-ziadame-zvolanie-ekonomickej-krizovej-rady\/#primaryimage\",\"url\":\"https:\/\/www.smedemokrati.sk\/wp-content\/uploads\/2024\/07\/5974.jpg\",\"contentUrl\":\"https:\/\/www.smedemokrati.sk\/wp-content\/uploads\/2024\/07\/5974.jpg\",\"width\":1000,\"height\":667},{\"@type\":\"BreadcrumbList\",\"@id\":\"https:\/\/www.smedemokrati.sk\/pre-ficovu-katastrofalnu-politiku-stupne-dlh-na-jedneho-obyvatela-o-rekordnych-1-500-eur-ziadame-zvolanie-ekonomickej-krizovej-rady\/#breadcrumb\",\"itemListElement\":[{\"@type\":\"ListItem\",\"position\":1,\"name\":\"Domovsk\u00e1 str\u00e1nka\",\"item\":\"https:\/\/www.smedemokrati.sk\/\"},{\"@type\":\"ListItem\",\"position\":2,\"name\":\"Pre Ficovu katastrof\u00e1lnu politiku st\u00fapne dlh na jedn\u00e9ho obyvate\u013ea o rekordn\u00fdch 1 500 eur, \u017eiadame zvolanie ekonomickej kr\u00edzovej rady\"}]},{\"@type\":\"WebSite\",\"@id\":\"https:\/\/www.smedemokrati.sk\/#website\",\"url\":\"https:\/\/www.smedemokrati.sk\/\",\"name\":\"Smedemokrati.sk\",\"description\":\"Demokracia a slu\u0161nos\u0165 zv\u00ed\u0165az\u00ed\",\"publisher\":{\"@id\":\"https:\/\/www.smedemokrati.sk\/#organization\"},\"potentialAction\":[{\"@type\":\"SearchAction\",\"target\":{\"@type\":\"EntryPoint\",\"urlTemplate\":\"https:\/\/www.smedemokrati.sk\/?s={search_term_string}\"},\"query-input\":{\"@type\":\"PropertyValueSpecification\",\"valueRequired\":true,\"valueName\":\"search_term_string\"}}],\"inLanguage\":\"en-US\"},{\"@type\":\"Organization\",\"@id\":\"https:\/\/www.smedemokrati.sk\/#organization\",\"name\":\"Smedemokrati.sk\",\"url\":\"https:\/\/www.smedemokrati.sk\/\",\"logo\":{\"@type\":\"ImageObject\",\"inLanguage\":\"en-US\",\"@id\":\"https:\/\/www.smedemokrati.sk\/#\/schema\/logo\/image\/\",\"url\":\"https:\/\/www.smedemokrati.sk\/wp-content\/uploads\/2023\/04\/ff.002.jpeg\",\"contentUrl\":\"https:\/\/www.smedemokrati.sk\/wp-content\/uploads\/2023\/04\/ff.002.jpeg\",\"width\":640,\"height\":480,\"caption\":\"Smedemokrati.sk\"},\"image\":{\"@id\":\"https:\/\/www.smedemokrati.sk\/#\/schema\/logo\/image\/\"},\"sameAs\":[\"https:\/\/www.facebook.com\/smedemokrati2023\"]},{\"@type\":\"Person\",\"@id\":\"https:\/\/www.smedemokrati.sk\/#\/schema\/person\/21f147c88d605aa7ded900e1e7c344ba\",\"name\":\"miro.sopko\",\"image\":{\"@type\":\"ImageObject\",\"inLanguage\":\"en-US\",\"@id\":\"https:\/\/secure.gravatar.com\/avatar\/267e4a36f704376c109afe3a78740c1f5dd8675a2180a908699e7863c9247606?s=96&d=mm&r=g\",\"url\":\"https:\/\/secure.gravatar.com\/avatar\/267e4a36f704376c109afe3a78740c1f5dd8675a2180a908699e7863c9247606?s=96&d=mm&r=g\",\"contentUrl\":\"https:\/\/secure.gravatar.com\/avatar\/267e4a36f704376c109afe3a78740c1f5dd8675a2180a908699e7863c9247606?s=96&d=mm&r=g\",\"caption\":\"miro.sopko\"},\"url\":\"https:\/\/www.smedemokrati.sk\/en\/author\/miro-sopko\/\"}]}<\/script>\n<!-- \/ Yoast SEO plugin. -->","yoast_head_json":{"title":"Pre Ficovu katastrof\u00e1lnu politiku st\u00fapne dlh na jedn\u00e9ho obyvate\u013ea o rekordn\u00fdch 1 500 eur, \u017eiadame zvolanie ekonomickej kr\u00edzovej rady","robots":{"index":"index","follow":"follow","max-snippet":"max-snippet:-1","max-image-preview":"max-image-preview:large","max-video-preview":"max-video-preview:-1"},"canonical":"https:\/\/www.smedemokrati.sk\/en\/pre-ficovu-katastrofalnu-politiku-stupne-dlh-na-jedneho-obyvatela-o-rekordnych-1-500-eur-ziadame-zvolanie-ekonomickej-krizovej-rady\/","og_locale":"en_US","og_type":"article","og_title":"[:sk]Pre Ficovu katastrof\u00e1lnu politiku st\u00fapne dlh na jedn\u00e9ho obyvate\u013ea o rekordn\u00fdch 1 500 eur, \u017eiadame zvolanie ekonomickej kr\u00edzovej rady[:] - Smedemokrati.sk","og_description":"Slovensko sa dostalo na trestn\u00fa lavicu najv\u00e4\u010d\u0161\u00edch rozpo\u010dtov\u00fdch &#8220;hrie\u0161nikov&#8221; v Eur\u00f3pskej \u00fanii. Eur\u00f3pska komisia ozn\u00e1mila, \u017ee za\u010dala preverova\u0165 hospod\u00e1renie vl\u00e1dy so \u0161t\u00e1tnymi financiami. Ide o legit\u00edmne konanie eur\u00f3pskeho org\u00e1nu, ktor\u00e9ho jedn\u00fdm zo z\u00e1verov bude, \u017ee Ficova vl\u00e1da expresne zadl\u017euje ka\u017ed\u00e9ho jedn\u00e9ho ob\u010dana. Demokrati \u017eiadaj\u00fa o zvolanie ekonomickej kr\u00edzovej rady za \u00fa\u010dasti odborn\u00edkov. \u201eKomisia pouk\u00e1zala na [&hellip;]","og_url":"https:\/\/www.smedemokrati.sk\/en\/pre-ficovu-katastrofalnu-politiku-stupne-dlh-na-jedneho-obyvatela-o-rekordnych-1-500-eur-ziadame-zvolanie-ekonomickej-krizovej-rady\/","og_site_name":"Smedemokrati.sk","article_publisher":"https:\/\/www.facebook.com\/smedemokrati2023","article_published_time":"2024-07-26T16:02:22+00:00","article_modified_time":"2024-08-07T15:45:00+00:00","og_image":[{"width":1000,"height":667,"url":"https:\/\/www.smedemokrati.sk\/wp-content\/uploads\/2024\/07\/5974.jpg","type":"image\/jpeg"}],"author":"miro.sopko","twitter_card":"summary_large_image","twitter_misc":{"Written by":"miro.sopko","Est. reading time":"3 minutes"},"schema":{"@context":"https:\/\/schema.org","@graph":[{"@type":"Article","@id":"https:\/\/www.smedemokrati.sk\/pre-ficovu-katastrofalnu-politiku-stupne-dlh-na-jedneho-obyvatela-o-rekordnych-1-500-eur-ziadame-zvolanie-ekonomickej-krizovej-rady\/#article","isPartOf":{"@id":"https:\/\/www.smedemokrati.sk\/pre-ficovu-katastrofalnu-politiku-stupne-dlh-na-jedneho-obyvatela-o-rekordnych-1-500-eur-ziadame-zvolanie-ekonomickej-krizovej-rady\/"},"author":{"name":"miro.sopko","@id":"https:\/\/www.smedemokrati.sk\/#\/schema\/person\/21f147c88d605aa7ded900e1e7c344ba"},"headline":"Pre Ficovu katastrof\u00e1lnu politiku st\u00fapne dlh na jedn\u00e9ho obyvate\u013ea o rekordn\u00fdch 1 500 eur, \u017eiadame zvolanie ekonomickej kr\u00edzovej rady","datePublished":"2024-07-26T16:02:22+00:00","dateModified":"2024-08-07T15:45:00+00:00","mainEntityOfPage":{"@id":"https:\/\/www.smedemokrati.sk\/pre-ficovu-katastrofalnu-politiku-stupne-dlh-na-jedneho-obyvatela-o-rekordnych-1-500-eur-ziadame-zvolanie-ekonomickej-krizovej-rady\/"},"wordCount":603,"publisher":{"@id":"https:\/\/www.smedemokrati.sk\/#organization"},"image":{"@id":"https:\/\/www.smedemokrati.sk\/pre-ficovu-katastrofalnu-politiku-stupne-dlh-na-jedneho-obyvatela-o-rekordnych-1-500-eur-ziadame-zvolanie-ekonomickej-krizovej-rady\/#primaryimage"},"thumbnailUrl":"https:\/\/www.smedemokrati.sk\/wp-content\/uploads\/2024\/07\/5974.jpg","articleSection":["Tla\u010dov\u00e9 spr\u00e1vy"],"inLanguage":"en-US"},{"@type":"WebPage","@id":"https:\/\/www.smedemokrati.sk\/pre-ficovu-katastrofalnu-politiku-stupne-dlh-na-jedneho-obyvatela-o-rekordnych-1-500-eur-ziadame-zvolanie-ekonomickej-krizovej-rady\/","url":"https:\/\/www.smedemokrati.sk\/pre-ficovu-katastrofalnu-politiku-stupne-dlh-na-jedneho-obyvatela-o-rekordnych-1-500-eur-ziadame-zvolanie-ekonomickej-krizovej-rady\/","name":"Pre Ficovu katastrof\u00e1lnu politiku st\u00fapne dlh na jedn\u00e9ho obyvate\u013ea o rekordn\u00fdch 1 500 eur, \u017eiadame zvolanie ekonomickej kr\u00edzovej rady","isPartOf":{"@id":"https:\/\/www.smedemokrati.sk\/#website"},"primaryImageOfPage":{"@id":"https:\/\/www.smedemokrati.sk\/pre-ficovu-katastrofalnu-politiku-stupne-dlh-na-jedneho-obyvatela-o-rekordnych-1-500-eur-ziadame-zvolanie-ekonomickej-krizovej-rady\/#primaryimage"},"image":{"@id":"https:\/\/www.smedemokrati.sk\/pre-ficovu-katastrofalnu-politiku-stupne-dlh-na-jedneho-obyvatela-o-rekordnych-1-500-eur-ziadame-zvolanie-ekonomickej-krizovej-rady\/#primaryimage"},"thumbnailUrl":"https:\/\/www.smedemokrati.sk\/wp-content\/uploads\/2024\/07\/5974.jpg","datePublished":"2024-07-26T16:02:22+00:00","dateModified":"2024-08-07T15:45:00+00:00","breadcrumb":{"@id":"https:\/\/www.smedemokrati.sk\/pre-ficovu-katastrofalnu-politiku-stupne-dlh-na-jedneho-obyvatela-o-rekordnych-1-500-eur-ziadame-zvolanie-ekonomickej-krizovej-rady\/#breadcrumb"},"inLanguage":"en-US","potentialAction":[{"@type":"ReadAction","target":["https:\/\/www.smedemokrati.sk\/pre-ficovu-katastrofalnu-politiku-stupne-dlh-na-jedneho-obyvatela-o-rekordnych-1-500-eur-ziadame-zvolanie-ekonomickej-krizovej-rady\/"]}]},{"@type":"ImageObject","inLanguage":"en-US","@id":"https:\/\/www.smedemokrati.sk\/pre-ficovu-katastrofalnu-politiku-stupne-dlh-na-jedneho-obyvatela-o-rekordnych-1-500-eur-ziadame-zvolanie-ekonomickej-krizovej-rady\/#primaryimage","url":"https:\/\/www.smedemokrati.sk\/wp-content\/uploads\/2024\/07\/5974.jpg","contentUrl":"https:\/\/www.smedemokrati.sk\/wp-content\/uploads\/2024\/07\/5974.jpg","width":1000,"height":667},{"@type":"BreadcrumbList","@id":"https:\/\/www.smedemokrati.sk\/pre-ficovu-katastrofalnu-politiku-stupne-dlh-na-jedneho-obyvatela-o-rekordnych-1-500-eur-ziadame-zvolanie-ekonomickej-krizovej-rady\/#breadcrumb","itemListElement":[{"@type":"ListItem","position":1,"name":"Domovsk\u00e1 str\u00e1nka","item":"https:\/\/www.smedemokrati.sk\/"},{"@type":"ListItem","position":2,"name":"Pre Ficovu katastrof\u00e1lnu politiku st\u00fapne dlh na jedn\u00e9ho obyvate\u013ea o rekordn\u00fdch 1 500 eur, \u017eiadame zvolanie ekonomickej kr\u00edzovej rady"}]},{"@type":"WebSite","@id":"https:\/\/www.smedemokrati.sk\/#website","url":"https:\/\/www.smedemokrati.sk\/","name":"Smedemokrati.sk","description":"Demokracia a slu\u0161nos\u0165 zv\u00ed\u0165az\u00ed","publisher":{"@id":"https:\/\/www.smedemokrati.sk\/#organization"},"potentialAction":[{"@type":"SearchAction","target":{"@type":"EntryPoint","urlTemplate":"https:\/\/www.smedemokrati.sk\/?s={search_term_string}"},"query-input":{"@type":"PropertyValueSpecification","valueRequired":true,"valueName":"search_term_string"}}],"inLanguage":"en-US"},{"@type":"Organization","@id":"https:\/\/www.smedemokrati.sk\/#organization","name":"Smedemokrati.sk","url":"https:\/\/www.smedemokrati.sk\/","logo":{"@type":"ImageObject","inLanguage":"en-US","@id":"https:\/\/www.smedemokrati.sk\/#\/schema\/logo\/image\/","url":"https:\/\/www.smedemokrati.sk\/wp-content\/uploads\/2023\/04\/ff.002.jpeg","contentUrl":"https:\/\/www.smedemokrati.sk\/wp-content\/uploads\/2023\/04\/ff.002.jpeg","width":640,"height":480,"caption":"Smedemokrati.sk"},"image":{"@id":"https:\/\/www.smedemokrati.sk\/#\/schema\/logo\/image\/"},"sameAs":["https:\/\/www.facebook.com\/smedemokrati2023"]},{"@type":"Person","@id":"https:\/\/www.smedemokrati.sk\/#\/schema\/person\/21f147c88d605aa7ded900e1e7c344ba","name":"miro.sopko","image":{"@type":"ImageObject","inLanguage":"en-US","@id":"https:\/\/secure.gravatar.com\/avatar\/267e4a36f704376c109afe3a78740c1f5dd8675a2180a908699e7863c9247606?s=96&d=mm&r=g","url":"https:\/\/secure.gravatar.com\/avatar\/267e4a36f704376c109afe3a78740c1f5dd8675a2180a908699e7863c9247606?s=96&d=mm&r=g","contentUrl":"https:\/\/secure.gravatar.com\/avatar\/267e4a36f704376c109afe3a78740c1f5dd8675a2180a908699e7863c9247606?s=96&d=mm&r=g","caption":"miro.sopko"},"url":"https:\/\/www.smedemokrati.sk\/en\/author\/miro-sopko\/"}]}},"_links":{"self":[{"href":"https:\/\/www.smedemokrati.sk\/en\/wp-json\/wp\/v2\/posts\/4744","targetHints":{"allow":["GET"]}}],"collection":[{"href":"https:\/\/www.smedemokrati.sk\/en\/wp-json\/wp\/v2\/posts"}],"about":[{"href":"https:\/\/www.smedemokrati.sk\/en\/wp-json\/wp\/v2\/types\/post"}],"author":[{"embeddable":true,"href":"https:\/\/www.smedemokrati.sk\/en\/wp-json\/wp\/v2\/users\/13"}],"replies":[{"embeddable":true,"href":"https:\/\/www.smedemokrati.sk\/en\/wp-json\/wp\/v2\/comments?post=4744"}],"version-history":[{"count":1,"href":"https:\/\/www.smedemokrati.sk\/en\/wp-json\/wp\/v2\/posts\/4744\/revisions"}],"predecessor-version":[{"id":4746,"href":"https:\/\/www.smedemokrati.sk\/en\/wp-json\/wp\/v2\/posts\/4744\/revisions\/4746"}],"wp:featuredmedia":[{"embeddable":true,"href":"https:\/\/www.smedemokrati.sk\/en\/wp-json\/wp\/v2\/media\/4745"}],"wp:attachment":[{"href":"https:\/\/www.smedemokrati.sk\/en\/wp-json\/wp\/v2\/media?parent=4744"}],"wp:term":[{"taxonomy":"category","embeddable":true,"href":"https:\/\/www.smedemokrati.sk\/en\/wp-json\/wp\/v2\/categories?post=4744"},{"taxonomy":"post_tag","embeddable":true,"href":"https:\/\/www.smedemokrati.sk\/en\/wp-json\/wp\/v2\/tags?post=4744"}],"curies":[{"name":"wp","href":"https:\/\/api.w.org\/{rel}","templated":true}]}}