{"id":4742,"date":"2024-07-26T13:42:45","date_gmt":"2024-07-26T12:42:45","guid":{"rendered":"https:\/\/www.smedemokrati.sk\/?p=4742"},"modified":"2024-08-06T14:07:47","modified_gmt":"2024-08-06T13:07:47","slug":"taraba-ukazal-nesposobilost-viest-rezort-pre-ktoru-mozeme-prist-o-miliardy-eur","status":"publish","type":"post","link":"https:\/\/www.smedemokrati.sk\/en\/taraba-ukazal-nesposobilost-viest-rezort-pre-ktoru-mozeme-prist-o-miliardy-eur\/","title":{"rendered":"Taraba uk\u00e1zal nesp\u00f4sobilos\u0165 vies\u0165 rezort, pre ktor\u00fa m\u00f4\u017eeme pr\u00eds\u0165 o miliardy eur\u00a0"},"content":{"rendered":"<div id=\"fb-root\"><\/div>\n\n<p><strong>Na dne\u0161nej tla\u010dovej konferencii minister Taraba preuk\u00e1zal, \u017ee nie je sp\u00f4sobil\u00fd vies\u0165 rezort \u017eivotn\u00e9ho prostredia. Namiesto predstavenia jasn\u00fdch opatren\u00ed na odstr\u00e1nenie nedostatkov priznal, \u017ee prostriedky z Pl\u00e1nu obnovy m\u00f4\u017eu prepadn\u00fa\u0165. Vyz\u00fdvame na okam\u017eit\u00e9 prijatie kr\u00edzov\u00fdch opatren\u00ed zo strany \u00daradu vl\u00e1dy SR.<\/strong><\/p>\n\n\n\n<p>Demokrati odmietaj\u00fa tvrdenia ministra Tarabu, ktor\u00fd ozna\u010duje Pl\u00e1n obnovy za zle pripraven\u00fd. Pod\u013ea environment\u00e1lneho experta s\u00fa jednotliv\u00e9 mi\u013en\u00edky jednoducho splnite\u013en\u00e9, no pre ministrovu nekompetentnos\u0165 a ne\u010dinnos\u0165 hroz\u00ed, \u017ee pr\u00eddeme o 2 miliardy eur, preto\u017ee jednotliv\u00e9 \u00falohy s\u00fa bu\u010f nesplnen\u00e9 alebo v\u00fdrazne me\u0161kaj\u00fa.<\/p>\n\n\n\n<p><em>\u201eSom presved\u010den\u00fd, \u017ee minister Taraba nie je sp\u00f4sobil\u00fd vies\u0165 rezort odborne, kompetentne a ani \u013eudsky, preto\u017ee mu je osud na\u0161ej pr\u00edrody absol\u00fatne \u013eahostajn\u00fd. Z Pl\u00e1nu obnovy, ktor\u00fd je akousi cestovnou mapou k lep\u0161iemu \u017eivotn\u00e9mu prostrediu je dnes mapa k de\u0161trukcii na\u0161ej pr\u00edrody&#8221;,\u00a0<\/em>otv\u00e1ra t\u00e9mu Michal Ki\u010da a hovor\u00ed, \u017ee minister Taraba nem\u00e1 v\u00f4\u013eu plni\u0165 predp\u00edsan\u00e9 m\u00ed\u013eniky tohto z\u00e1v\u00e4zn\u00e9ho dokumentu a teraz hroz\u00ed, \u017ee pr\u00eddeme o vy\u0161e 2 miliardy eur.<\/p>\n\n\n\n<p><em>\u201eNa dne\u0161nej tla\u010dovej konferencii nepredstavil minister ani jedno jedin\u00e9 rie\u0161enie, ktor\u00fdmi chce rie\u0161i\u0165 to, \u010do s\u00e1m sp\u00f4sobil, a teda ome\u0161kanie plnenia jednotliv\u00fdch \u00faloh vypl\u00fdvaj\u00facich z Pl\u00e1nu obnovy. Som presved\u010den\u00fd, \u017ee minister tento dokument ani len ne\u010d\u00edtal&#8221;<\/em>, pokra\u010duje Ki\u010da a kritizuje ministrove slov\u00e1, \u017ee je ochotn\u00fd obetova\u0165 miliardy eur z Pl\u00e1nu obnovy:\u00a0<em>\u201eTaraba prv\u00fdkr\u00e1t verejne priznal, \u017ee je pripraven\u00fd obetova\u0165 miliardu eur z verejn\u00fdch financi\u00ed, ktor\u00e9 by mohli \u00eds\u0165 na invest\u00edcie do \u0161k\u00f4l \u010di na rekon\u0161trukciu nemocn\u00edc, a to len preto, lebo nie je<\/em> <em>schopn\u00fd splni\u0165 jednotliv\u00e9 \u00falohy. Je to \u0161kandal\u00f3zne vyjadrenie. Toto sa ned\u00e1 tolerova\u0165, s\u00fa to na\u0161e spolo\u010dn\u00e9 peniaze, ktor\u00e9 Taraba doslova vyhadzuje von oknom.&#8221;<\/em><\/p>\n\n\n\n<p>Taraba preuk\u00e1zal, \u017ee nem\u00e1 element\u00e1rne znalosti o krajinnom pl\u00e1novan\u00ed alebo reforme n\u00e1rodn\u00fdch parkov. Za skoro rok vo vl\u00e1de nebol schopn\u00fd predstavi\u0165 jedin\u00e9 svoje rie\u0161enie. Ak chcel meni\u0165 Pl\u00e1n obnovy, mal rokova\u0165 s Eur\u00f3pskou komisiou. Nespravil ni\u010d. Namiesto toho sa venuje d\u00fahov\u00fdm vlajk\u00e1m a chce by\u0165 hradn\u00fdm p\u00e1nom na Dev\u00edne. Z postoja ministra Tarabu vypl\u00fdva jeho mana\u017e\u00e9rska ako aj odborn\u00e1 nesp\u00f4sobilos\u0165 nap\u013a\u0148a\u0165 reformy a invest\u00edcie Pl\u00e1nu obnovy.&nbsp;<\/p>\n\n\n\n<p>Demokrati preto opakovane vyz\u00fdvaj\u00fa vl\u00e1du, aby okam\u017eite zasadla a vicepremi\u00e9ra Kmeca, aby si splnil svoju z\u00e1konn\u00fa povinnos\u0165 a podal n\u00e1vrh na kr\u00edzov\u00e9 riadenie Pl\u00e1nu obnovy na rezorte, ktor\u00e9 by prevzala N\u00e1rodn\u00e1 implementa\u010dn\u00e1 a koordina\u010dn\u00e1 autorita. Jedine takto m\u00f4\u017eeme pred\u00eds\u0165 tomu, aby Slovensko pri\u0161lo o vy\u0161e 2 miliardy eur.<\/p>\n\n\n\n<div class=\"fb-video\" data-href=\"https:\/\/www.facebook.com\/100089966184789\/videos\/422397910111738\/\" data-width=\"500\" data-show-text=\"false\"><blockquote cite=\"https:\/\/www.facebook.com\/100089966184789\/videos\/422397910111738\/\" class=\"fb-xfbml-parse-ignore\"><a href=\"https:\/\/www.facebook.com\/100089966184789\/videos\/422397910111738\/\"><\/a><p>\ud83c\udfa5Tla\u010dov\u00e9 vyhl\u00e1senie: minister Taraba je nesp\u00f4sobil\u00fd vies\u0165 rezort.<\/p>Uverejnil pou\u017e\u00edvate\u013e <a href=\"https:\/\/www.facebook.com\/people\/Michal-Ki%C4%8Da\/100089966184789\/\">Michal Ki\u010da<\/a> Piatok 26. j\u00fala 2024<\/blockquote><\/div>\n","protected":false},"excerpt":{"rendered":"<p>Na dne\u0161nej tla\u010dovej konferencii minister Taraba preuk\u00e1zal, \u017ee nie je sp\u00f4sobil\u00fd vies\u0165 rezort \u017eivotn\u00e9ho prostredia. Namiesto predstavenia jasn\u00fdch opatren\u00ed na odstr\u00e1nenie nedostatkov priznal, \u017ee prostriedky z Pl\u00e1nu obnovy m\u00f4\u017eu prepadn\u00fa\u0165. Vyz\u00fdvame na okam\u017eit\u00e9 prijatie kr\u00edzov\u00fdch opatren\u00ed zo strany \u00daradu vl\u00e1dy SR. Demokrati odmietaj\u00fa tvrdenia ministra Tarabu, ktor\u00fd ozna\u010duje Pl\u00e1n obnovy za zle pripraven\u00fd. Pod\u013ea environment\u00e1lneho [&hellip;]<\/p>\n","protected":false},"author":13,"featured_media":385,"comment_status":"closed","ping_status":"closed","sticky":false,"template":"","format":"standard","meta":{"_acf_changed":false,"ngg_post_thumbnail":0,"footnotes":""},"categories":[4],"tags":[],"class_list":["post-4742","post","type-post","status-publish","format-standard","has-post-thumbnail","hentry","category-tlacove-spravy"],"acf":[],"yoast_head":"<!-- This site is optimized with the Yoast SEO plugin v27.2 - https:\/\/yoast.com\/product\/yoast-seo-wordpress\/ -->\n<title>Taraba uk\u00e1zal nesp\u00f4sobilos\u0165 vies\u0165 rezort, pre ktor\u00fa m\u00f4\u017eeme pr\u00eds\u0165 o miliardy eur\u00a0<\/title>\n<meta name=\"robots\" content=\"index, follow, max-snippet:-1, max-image-preview:large, max-video-preview:-1\" \/>\n<link rel=\"canonical\" href=\"https:\/\/www.smedemokrati.sk\/en\/taraba-ukazal-nesposobilost-viest-rezort-pre-ktoru-mozeme-prist-o-miliardy-eur\/\" \/>\n<meta property=\"og:locale\" content=\"en_US\" \/>\n<meta property=\"og:locale:alternate\" content=\"cs_CZ\" \/>\n<meta property=\"og:locale:alternate\" content=\"hu_HU\" \/>\n<meta property=\"og:locale:alternate\" content=\"sk_SK\" \/>\n<meta property=\"og:locale:alternate\" content=\"sv_SE\" \/>\n<meta property=\"og:type\" content=\"article\" \/>\n<meta property=\"og:title\" content=\"Taraba uk\u00e1zal nesp\u00f4sobilos\u0165 vies\u0165 rezort, pre ktor\u00fa m\u00f4\u017eeme pr\u00eds\u0165 o miliardy eur\u00a0\" \/>\n<meta property=\"og:description\" content=\"Na dne\u0161nej tla\u010dovej konferencii minister Taraba preuk\u00e1zal, \u017ee nie je sp\u00f4sobil\u00fd vies\u0165 rezort \u017eivotn\u00e9ho prostredia. Namiesto predstavenia jasn\u00fdch opatren\u00ed na odstr\u00e1nenie nedostatkov priznal, \u017ee prostriedky z Pl\u00e1nu obnovy m\u00f4\u017eu prepadn\u00fa\u0165. Vyz\u00fdvame na okam\u017eit\u00e9 prijatie kr\u00edzov\u00fdch opatren\u00ed zo strany \u00daradu vl\u00e1dy SR. Demokrati odmietaj\u00fa tvrdenia ministra Tarabu, ktor\u00fd ozna\u010duje Pl\u00e1n obnovy za zle pripraven\u00fd. Pod\u013ea environment\u00e1lneho [&hellip;]\" \/>\n<meta property=\"og:url\" content=\"https:\/\/www.smedemokrati.sk\/en\/taraba-ukazal-nesposobilost-viest-rezort-pre-ktoru-mozeme-prist-o-miliardy-eur\/\" \/>\n<meta property=\"og:site_name\" content=\"Smedemokrati.sk\" \/>\n<meta property=\"article:publisher\" content=\"https:\/\/www.facebook.com\/smedemokrati2023\" \/>\n<meta property=\"article:published_time\" content=\"2024-07-26T12:42:45+00:00\" \/>\n<meta property=\"article:modified_time\" content=\"2024-08-06T13:07:47+00:00\" \/>\n<meta property=\"og:image\" content=\"https:\/\/www.smedemokrati.sk\/wp-content\/uploads\/2023\/04\/MKica.jpg\" \/>\n\t<meta property=\"og:image:width\" content=\"1520\" \/>\n\t<meta property=\"og:image:height\" content=\"1080\" \/>\n\t<meta property=\"og:image:type\" content=\"image\/jpeg\" \/>\n<meta name=\"author\" content=\"miro.sopko\" \/>\n<meta name=\"twitter:card\" content=\"summary_large_image\" \/>\n<meta name=\"twitter:label1\" content=\"Written by\" \/>\n\t<meta name=\"twitter:data1\" content=\"miro.sopko\" \/>\n\t<meta name=\"twitter:label2\" content=\"Est. reading time\" \/>\n\t<meta name=\"twitter:data2\" content=\"3 minutes\" \/>\n<script type=\"application\/ld+json\" class=\"yoast-schema-graph\">{\"@context\":\"https:\/\/schema.org\",\"@graph\":[{\"@type\":\"Article\",\"@id\":\"https:\/\/www.smedemokrati.sk\/taraba-ukazal-nesposobilost-viest-rezort-pre-ktoru-mozeme-prist-o-miliardy-eur\/#article\",\"isPartOf\":{\"@id\":\"https:\/\/www.smedemokrati.sk\/taraba-ukazal-nesposobilost-viest-rezort-pre-ktoru-mozeme-prist-o-miliardy-eur\/\"},\"author\":{\"name\":\"miro.sopko\",\"@id\":\"https:\/\/www.smedemokrati.sk\/#\/schema\/person\/21f147c88d605aa7ded900e1e7c344ba\"},\"headline\":\"Taraba uk\u00e1zal nesp\u00f4sobilos\u0165 vies\u0165 rezort, pre ktor\u00fa m\u00f4\u017eeme pr\u00eds\u0165 o miliardy eur\u00a0\",\"datePublished\":\"2024-07-26T12:42:45+00:00\",\"dateModified\":\"2024-08-06T13:07:47+00:00\",\"mainEntityOfPage\":{\"@id\":\"https:\/\/www.smedemokrati.sk\/taraba-ukazal-nesposobilost-viest-rezort-pre-ktoru-mozeme-prist-o-miliardy-eur\/\"},\"wordCount\":520,\"publisher\":{\"@id\":\"https:\/\/www.smedemokrati.sk\/#organization\"},\"image\":{\"@id\":\"https:\/\/www.smedemokrati.sk\/taraba-ukazal-nesposobilost-viest-rezort-pre-ktoru-mozeme-prist-o-miliardy-eur\/#primaryimage\"},\"thumbnailUrl\":\"https:\/\/www.smedemokrati.sk\/wp-content\/uploads\/2023\/04\/MKica.jpg\",\"articleSection\":[\"Tla\u010dov\u00e9 spr\u00e1vy\"],\"inLanguage\":\"en-US\"},{\"@type\":\"WebPage\",\"@id\":\"https:\/\/www.smedemokrati.sk\/taraba-ukazal-nesposobilost-viest-rezort-pre-ktoru-mozeme-prist-o-miliardy-eur\/\",\"url\":\"https:\/\/www.smedemokrati.sk\/taraba-ukazal-nesposobilost-viest-rezort-pre-ktoru-mozeme-prist-o-miliardy-eur\/\",\"name\":\"Taraba uk\u00e1zal nesp\u00f4sobilos\u0165 vies\u0165 rezort, pre ktor\u00fa m\u00f4\u017eeme pr\u00eds\u0165 o miliardy eur\u00a0\",\"isPartOf\":{\"@id\":\"https:\/\/www.smedemokrati.sk\/#website\"},\"primaryImageOfPage\":{\"@id\":\"https:\/\/www.smedemokrati.sk\/taraba-ukazal-nesposobilost-viest-rezort-pre-ktoru-mozeme-prist-o-miliardy-eur\/#primaryimage\"},\"image\":{\"@id\":\"https:\/\/www.smedemokrati.sk\/taraba-ukazal-nesposobilost-viest-rezort-pre-ktoru-mozeme-prist-o-miliardy-eur\/#primaryimage\"},\"thumbnailUrl\":\"https:\/\/www.smedemokrati.sk\/wp-content\/uploads\/2023\/04\/MKica.jpg\",\"datePublished\":\"2024-07-26T12:42:45+00:00\",\"dateModified\":\"2024-08-06T13:07:47+00:00\",\"breadcrumb\":{\"@id\":\"https:\/\/www.smedemokrati.sk\/taraba-ukazal-nesposobilost-viest-rezort-pre-ktoru-mozeme-prist-o-miliardy-eur\/#breadcrumb\"},\"inLanguage\":\"en-US\",\"potentialAction\":[{\"@type\":\"ReadAction\",\"target\":[\"https:\/\/www.smedemokrati.sk\/taraba-ukazal-nesposobilost-viest-rezort-pre-ktoru-mozeme-prist-o-miliardy-eur\/\"]}]},{\"@type\":\"ImageObject\",\"inLanguage\":\"en-US\",\"@id\":\"https:\/\/www.smedemokrati.sk\/taraba-ukazal-nesposobilost-viest-rezort-pre-ktoru-mozeme-prist-o-miliardy-eur\/#primaryimage\",\"url\":\"https:\/\/www.smedemokrati.sk\/wp-content\/uploads\/2023\/04\/MKica.jpg\",\"contentUrl\":\"https:\/\/www.smedemokrati.sk\/wp-content\/uploads\/2023\/04\/MKica.jpg\",\"width\":1520,\"height\":1080},{\"@type\":\"BreadcrumbList\",\"@id\":\"https:\/\/www.smedemokrati.sk\/taraba-ukazal-nesposobilost-viest-rezort-pre-ktoru-mozeme-prist-o-miliardy-eur\/#breadcrumb\",\"itemListElement\":[{\"@type\":\"ListItem\",\"position\":1,\"name\":\"Domovsk\u00e1 str\u00e1nka\",\"item\":\"https:\/\/www.smedemokrati.sk\/\"},{\"@type\":\"ListItem\",\"position\":2,\"name\":\"Taraba uk\u00e1zal nesp\u00f4sobilos\u0165 vies\u0165 rezort, pre ktor\u00fa m\u00f4\u017eeme pr\u00eds\u0165 o miliardy eur\u00a0\"}]},{\"@type\":\"WebSite\",\"@id\":\"https:\/\/www.smedemokrati.sk\/#website\",\"url\":\"https:\/\/www.smedemokrati.sk\/\",\"name\":\"Smedemokrati.sk\",\"description\":\"Demokracia a slu\u0161nos\u0165 zv\u00ed\u0165az\u00ed\",\"publisher\":{\"@id\":\"https:\/\/www.smedemokrati.sk\/#organization\"},\"potentialAction\":[{\"@type\":\"SearchAction\",\"target\":{\"@type\":\"EntryPoint\",\"urlTemplate\":\"https:\/\/www.smedemokrati.sk\/?s={search_term_string}\"},\"query-input\":{\"@type\":\"PropertyValueSpecification\",\"valueRequired\":true,\"valueName\":\"search_term_string\"}}],\"inLanguage\":\"en-US\"},{\"@type\":\"Organization\",\"@id\":\"https:\/\/www.smedemokrati.sk\/#organization\",\"name\":\"Smedemokrati.sk\",\"url\":\"https:\/\/www.smedemokrati.sk\/\",\"logo\":{\"@type\":\"ImageObject\",\"inLanguage\":\"en-US\",\"@id\":\"https:\/\/www.smedemokrati.sk\/#\/schema\/logo\/image\/\",\"url\":\"https:\/\/www.smedemokrati.sk\/wp-content\/uploads\/2023\/04\/ff.002.jpeg\",\"contentUrl\":\"https:\/\/www.smedemokrati.sk\/wp-content\/uploads\/2023\/04\/ff.002.jpeg\",\"width\":640,\"height\":480,\"caption\":\"Smedemokrati.sk\"},\"image\":{\"@id\":\"https:\/\/www.smedemokrati.sk\/#\/schema\/logo\/image\/\"},\"sameAs\":[\"https:\/\/www.facebook.com\/smedemokrati2023\"]},{\"@type\":\"Person\",\"@id\":\"https:\/\/www.smedemokrati.sk\/#\/schema\/person\/21f147c88d605aa7ded900e1e7c344ba\",\"name\":\"miro.sopko\",\"image\":{\"@type\":\"ImageObject\",\"inLanguage\":\"en-US\",\"@id\":\"https:\/\/secure.gravatar.com\/avatar\/267e4a36f704376c109afe3a78740c1f5dd8675a2180a908699e7863c9247606?s=96&d=mm&r=g\",\"url\":\"https:\/\/secure.gravatar.com\/avatar\/267e4a36f704376c109afe3a78740c1f5dd8675a2180a908699e7863c9247606?s=96&d=mm&r=g\",\"contentUrl\":\"https:\/\/secure.gravatar.com\/avatar\/267e4a36f704376c109afe3a78740c1f5dd8675a2180a908699e7863c9247606?s=96&d=mm&r=g\",\"caption\":\"miro.sopko\"},\"url\":\"https:\/\/www.smedemokrati.sk\/en\/author\/miro-sopko\/\"}]}<\/script>\n<!-- \/ Yoast SEO plugin. -->","yoast_head_json":{"title":"Taraba uk\u00e1zal nesp\u00f4sobilos\u0165 vies\u0165 rezort, pre ktor\u00fa m\u00f4\u017eeme pr\u00eds\u0165 o miliardy eur\u00a0","robots":{"index":"index","follow":"follow","max-snippet":"max-snippet:-1","max-image-preview":"max-image-preview:large","max-video-preview":"max-video-preview:-1"},"canonical":"https:\/\/www.smedemokrati.sk\/en\/taraba-ukazal-nesposobilost-viest-rezort-pre-ktoru-mozeme-prist-o-miliardy-eur\/","og_locale":"en_US","og_type":"article","og_title":"[:sk]Taraba uk\u00e1zal nesp\u00f4sobilos\u0165 vies\u0165 rezort, pre ktor\u00fa m\u00f4\u017eeme pr\u00eds\u0165 o miliardy eur\u00a0[:] - Smedemokrati.sk","og_description":"Na dne\u0161nej tla\u010dovej konferencii minister Taraba preuk\u00e1zal, \u017ee nie je sp\u00f4sobil\u00fd vies\u0165 rezort \u017eivotn\u00e9ho prostredia. Namiesto predstavenia jasn\u00fdch opatren\u00ed na odstr\u00e1nenie nedostatkov priznal, \u017ee prostriedky z Pl\u00e1nu obnovy m\u00f4\u017eu prepadn\u00fa\u0165. Vyz\u00fdvame na okam\u017eit\u00e9 prijatie kr\u00edzov\u00fdch opatren\u00ed zo strany \u00daradu vl\u00e1dy SR. Demokrati odmietaj\u00fa tvrdenia ministra Tarabu, ktor\u00fd ozna\u010duje Pl\u00e1n obnovy za zle pripraven\u00fd. Pod\u013ea environment\u00e1lneho [&hellip;]","og_url":"https:\/\/www.smedemokrati.sk\/en\/taraba-ukazal-nesposobilost-viest-rezort-pre-ktoru-mozeme-prist-o-miliardy-eur\/","og_site_name":"Smedemokrati.sk","article_publisher":"https:\/\/www.facebook.com\/smedemokrati2023","article_published_time":"2024-07-26T12:42:45+00:00","article_modified_time":"2024-08-06T13:07:47+00:00","og_image":[{"width":1520,"height":1080,"url":"https:\/\/www.smedemokrati.sk\/wp-content\/uploads\/2023\/04\/MKica.jpg","type":"image\/jpeg"}],"author":"miro.sopko","twitter_card":"summary_large_image","twitter_misc":{"Written by":"miro.sopko","Est. reading time":"3 minutes"},"schema":{"@context":"https:\/\/schema.org","@graph":[{"@type":"Article","@id":"https:\/\/www.smedemokrati.sk\/taraba-ukazal-nesposobilost-viest-rezort-pre-ktoru-mozeme-prist-o-miliardy-eur\/#article","isPartOf":{"@id":"https:\/\/www.smedemokrati.sk\/taraba-ukazal-nesposobilost-viest-rezort-pre-ktoru-mozeme-prist-o-miliardy-eur\/"},"author":{"name":"miro.sopko","@id":"https:\/\/www.smedemokrati.sk\/#\/schema\/person\/21f147c88d605aa7ded900e1e7c344ba"},"headline":"Taraba uk\u00e1zal nesp\u00f4sobilos\u0165 vies\u0165 rezort, pre ktor\u00fa m\u00f4\u017eeme pr\u00eds\u0165 o miliardy eur\u00a0","datePublished":"2024-07-26T12:42:45+00:00","dateModified":"2024-08-06T13:07:47+00:00","mainEntityOfPage":{"@id":"https:\/\/www.smedemokrati.sk\/taraba-ukazal-nesposobilost-viest-rezort-pre-ktoru-mozeme-prist-o-miliardy-eur\/"},"wordCount":520,"publisher":{"@id":"https:\/\/www.smedemokrati.sk\/#organization"},"image":{"@id":"https:\/\/www.smedemokrati.sk\/taraba-ukazal-nesposobilost-viest-rezort-pre-ktoru-mozeme-prist-o-miliardy-eur\/#primaryimage"},"thumbnailUrl":"https:\/\/www.smedemokrati.sk\/wp-content\/uploads\/2023\/04\/MKica.jpg","articleSection":["Tla\u010dov\u00e9 spr\u00e1vy"],"inLanguage":"en-US"},{"@type":"WebPage","@id":"https:\/\/www.smedemokrati.sk\/taraba-ukazal-nesposobilost-viest-rezort-pre-ktoru-mozeme-prist-o-miliardy-eur\/","url":"https:\/\/www.smedemokrati.sk\/taraba-ukazal-nesposobilost-viest-rezort-pre-ktoru-mozeme-prist-o-miliardy-eur\/","name":"Taraba uk\u00e1zal nesp\u00f4sobilos\u0165 vies\u0165 rezort, pre ktor\u00fa m\u00f4\u017eeme pr\u00eds\u0165 o miliardy eur\u00a0","isPartOf":{"@id":"https:\/\/www.smedemokrati.sk\/#website"},"primaryImageOfPage":{"@id":"https:\/\/www.smedemokrati.sk\/taraba-ukazal-nesposobilost-viest-rezort-pre-ktoru-mozeme-prist-o-miliardy-eur\/#primaryimage"},"image":{"@id":"https:\/\/www.smedemokrati.sk\/taraba-ukazal-nesposobilost-viest-rezort-pre-ktoru-mozeme-prist-o-miliardy-eur\/#primaryimage"},"thumbnailUrl":"https:\/\/www.smedemokrati.sk\/wp-content\/uploads\/2023\/04\/MKica.jpg","datePublished":"2024-07-26T12:42:45+00:00","dateModified":"2024-08-06T13:07:47+00:00","breadcrumb":{"@id":"https:\/\/www.smedemokrati.sk\/taraba-ukazal-nesposobilost-viest-rezort-pre-ktoru-mozeme-prist-o-miliardy-eur\/#breadcrumb"},"inLanguage":"en-US","potentialAction":[{"@type":"ReadAction","target":["https:\/\/www.smedemokrati.sk\/taraba-ukazal-nesposobilost-viest-rezort-pre-ktoru-mozeme-prist-o-miliardy-eur\/"]}]},{"@type":"ImageObject","inLanguage":"en-US","@id":"https:\/\/www.smedemokrati.sk\/taraba-ukazal-nesposobilost-viest-rezort-pre-ktoru-mozeme-prist-o-miliardy-eur\/#primaryimage","url":"https:\/\/www.smedemokrati.sk\/wp-content\/uploads\/2023\/04\/MKica.jpg","contentUrl":"https:\/\/www.smedemokrati.sk\/wp-content\/uploads\/2023\/04\/MKica.jpg","width":1520,"height":1080},{"@type":"BreadcrumbList","@id":"https:\/\/www.smedemokrati.sk\/taraba-ukazal-nesposobilost-viest-rezort-pre-ktoru-mozeme-prist-o-miliardy-eur\/#breadcrumb","itemListElement":[{"@type":"ListItem","position":1,"name":"Domovsk\u00e1 str\u00e1nka","item":"https:\/\/www.smedemokrati.sk\/"},{"@type":"ListItem","position":2,"name":"Taraba uk\u00e1zal nesp\u00f4sobilos\u0165 vies\u0165 rezort, pre ktor\u00fa m\u00f4\u017eeme pr\u00eds\u0165 o miliardy eur\u00a0"}]},{"@type":"WebSite","@id":"https:\/\/www.smedemokrati.sk\/#website","url":"https:\/\/www.smedemokrati.sk\/","name":"Smedemokrati.sk","description":"Demokracia a slu\u0161nos\u0165 zv\u00ed\u0165az\u00ed","publisher":{"@id":"https:\/\/www.smedemokrati.sk\/#organization"},"potentialAction":[{"@type":"SearchAction","target":{"@type":"EntryPoint","urlTemplate":"https:\/\/www.smedemokrati.sk\/?s={search_term_string}"},"query-input":{"@type":"PropertyValueSpecification","valueRequired":true,"valueName":"search_term_string"}}],"inLanguage":"en-US"},{"@type":"Organization","@id":"https:\/\/www.smedemokrati.sk\/#organization","name":"Smedemokrati.sk","url":"https:\/\/www.smedemokrati.sk\/","logo":{"@type":"ImageObject","inLanguage":"en-US","@id":"https:\/\/www.smedemokrati.sk\/#\/schema\/logo\/image\/","url":"https:\/\/www.smedemokrati.sk\/wp-content\/uploads\/2023\/04\/ff.002.jpeg","contentUrl":"https:\/\/www.smedemokrati.sk\/wp-content\/uploads\/2023\/04\/ff.002.jpeg","width":640,"height":480,"caption":"Smedemokrati.sk"},"image":{"@id":"https:\/\/www.smedemokrati.sk\/#\/schema\/logo\/image\/"},"sameAs":["https:\/\/www.facebook.com\/smedemokrati2023"]},{"@type":"Person","@id":"https:\/\/www.smedemokrati.sk\/#\/schema\/person\/21f147c88d605aa7ded900e1e7c344ba","name":"miro.sopko","image":{"@type":"ImageObject","inLanguage":"en-US","@id":"https:\/\/secure.gravatar.com\/avatar\/267e4a36f704376c109afe3a78740c1f5dd8675a2180a908699e7863c9247606?s=96&d=mm&r=g","url":"https:\/\/secure.gravatar.com\/avatar\/267e4a36f704376c109afe3a78740c1f5dd8675a2180a908699e7863c9247606?s=96&d=mm&r=g","contentUrl":"https:\/\/secure.gravatar.com\/avatar\/267e4a36f704376c109afe3a78740c1f5dd8675a2180a908699e7863c9247606?s=96&d=mm&r=g","caption":"miro.sopko"},"url":"https:\/\/www.smedemokrati.sk\/en\/author\/miro-sopko\/"}]}},"_links":{"self":[{"href":"https:\/\/www.smedemokrati.sk\/en\/wp-json\/wp\/v2\/posts\/4742","targetHints":{"allow":["GET"]}}],"collection":[{"href":"https:\/\/www.smedemokrati.sk\/en\/wp-json\/wp\/v2\/posts"}],"about":[{"href":"https:\/\/www.smedemokrati.sk\/en\/wp-json\/wp\/v2\/types\/post"}],"author":[{"embeddable":true,"href":"https:\/\/www.smedemokrati.sk\/en\/wp-json\/wp\/v2\/users\/13"}],"replies":[{"embeddable":true,"href":"https:\/\/www.smedemokrati.sk\/en\/wp-json\/wp\/v2\/comments?post=4742"}],"version-history":[{"count":1,"href":"https:\/\/www.smedemokrati.sk\/en\/wp-json\/wp\/v2\/posts\/4742\/revisions"}],"predecessor-version":[{"id":4743,"href":"https:\/\/www.smedemokrati.sk\/en\/wp-json\/wp\/v2\/posts\/4742\/revisions\/4743"}],"wp:featuredmedia":[{"embeddable":true,"href":"https:\/\/www.smedemokrati.sk\/en\/wp-json\/wp\/v2\/media\/385"}],"wp:attachment":[{"href":"https:\/\/www.smedemokrati.sk\/en\/wp-json\/wp\/v2\/media?parent=4742"}],"wp:term":[{"taxonomy":"category","embeddable":true,"href":"https:\/\/www.smedemokrati.sk\/en\/wp-json\/wp\/v2\/categories?post=4742"},{"taxonomy":"post_tag","embeddable":true,"href":"https:\/\/www.smedemokrati.sk\/en\/wp-json\/wp\/v2\/tags?post=4742"}],"curies":[{"name":"wp","href":"https:\/\/api.w.org\/{rel}","templated":true}]}}