{"id":4739,"date":"2024-07-26T11:32:08","date_gmt":"2024-07-26T10:32:08","guid":{"rendered":"https:\/\/www.smedemokrati.sk\/?p=4739"},"modified":"2024-08-06T13:58:24","modified_gmt":"2024-08-06T12:58:24","slug":"vyzva-dolinkovej-kardiocentrum-v-trencine-uz-nie-je-schopne-poskytovat-pomoc-akutnym-pripadom-konajte","status":"publish","type":"post","link":"https:\/\/www.smedemokrati.sk\/en\/vyzva-dolinkovej-kardiocentrum-v-trencine-uz-nie-je-schopne-poskytovat-pomoc-akutnym-pripadom-konajte\/","title":{"rendered":"V\u00fdzva Dolinkovej: kardiocentrum v Tren\u010d\u00edne u\u017e nie je schopn\u00e9 poskytova\u0165 pomoc ak\u00fatnym pr\u00edpadom, konajte!"},"content":{"rendered":"<div id=\"fb-root\"><\/div>\n\n<p><strong>Alarmuj\u00faca situ\u00e1cia v tren\u010dianskej nemocnici, na ktor\u00fa sme u\u017e ministerku Dolinkov\u00fa pred nieko\u013ek\u00fdmi d\u0148ami upozor\u0148ovali, sa na\u010falej zhor\u0161uje.\u00a0Pod\u013ea na\u0161ich najnov\u0161\u00edch inform\u00e1ci\u00ed priamo z nemocnice, dnes kardiocentrum prestalo poskytova\u0165 urgentn\u00fa neodkladn\u00fa starostlivos\u0165 pacientom\u00a0s ak\u00fatnymi srdcov\u00fdmi pr\u00edhodami. Tento stav predstavuje v\u00e1\u017ene hazardovanie so \u017eivotmi \u013eud\u00ed v Tren\u010dianskom kraji a vy\u017eaduje si okam\u017eit\u00fd z\u00e1sah.<\/strong><\/p>\n\n\n\n<p>Pacienti s infarktom srdca, o osude a progn\u00f3ze ktor\u00fdch rozhoduje r\u00fdchlos\u0165 odbornej lek\u00e1rskej pomoci, musia by\u0165 transportovan\u00ed do in\u00fdch vzdialen\u00fdch nemocn\u00edc len preto, lebo Dolinkovej nominant &#8211; s\u00fa\u010dasn\u00fd riadite\u013e nemocnice, person\u00e1lnymi \u010distkami znefunk\u010dnil kardiocentrum. Ak\u00fatne pr\u00edpady, ktor\u00e9 si vy\u017eaduj\u00fa r\u00fdchlu a \u0161pecializovan\u00fa intervenciu, s\u00fa tak vystaven\u00e9 nezmyseln\u00e9mu riziku a m\u00f4\u017eu kon\u010di\u0165 tragicky.<\/p>\n\n\n\n<p><em>\u201eVyz\u00fdvame ministerku zdravotn\u00edctva, aby sa okam\u017eite vr\u00e1tila z dovolenky a bezodkladne konala a zabezpe\u010dila n\u00e1vrat lek\u00e1rov a zdravotn\u00edckeho person\u00e1lu do kardiocentra v tren\u010dianskej nemocnici. Hazardovanie so \u017eivotmi pacientov pre smero-hlas\u00e1cke person\u00e1lne \u010distky je nepr\u00edpustn\u00e9 a zodpovednos\u0165 za cel\u00fa situ\u00e1ciu nesie pr\u00e1ve ministerka Dolinov\u00e1, ktor\u00e1 s\u00edce pln\u00ed stran\u00edcke pr\u00edkazy, no tie maj\u00fa negat\u00edvny dopad na zdravie \u013eud\u00ed, &#8220;<\/em>\u00a0hovor\u00ed predseda Demokratov Jaroslav Na\u010f a op\u00e4tovne tie\u017e \u017eiada zvolanie zdravotn\u00edckeho v\u00fdboru, ktor\u00fd by t\u00e9mu ak\u00fatne rie\u0161il.\u00a0<\/p>\n\n\n\n<p>Pod\u013ea Demokratov maj\u00fa ob\u010dania Tren\u010dianskeho kraja pr\u00e1vo na dostupn\u00fa a kvalitn\u00fa zdravotn\u00fa starostlivos\u0165. Zanedb\u00e1vanie kardiologick\u00fdch ak\u00fatnych pr\u00edpadov je neprijate\u013en\u00e9 a mus\u00ed by\u0165 okam\u017eite rie\u0161en\u00e9. Neurochirurg a zdravotn\u00edcky expert strany Viliam Novotn\u00fd hovor\u00ed, \u017ee vzniknut\u00e1 situ\u00e1cia m\u00f4\u017ee komplikova\u0165 aj chod nemocn\u00edc, do ktor\u00fdch s\u00fa prev\u00e1\u017ean\u00ed pacienti, ktor\u00fdm u\u017e nie je mo\u017en\u00e9 poskytn\u00fa\u0165 starostlivos\u0165 v Tren\u010d\u00edne:\u00a0\u00a0<em>\u201eAk nebude tento probl\u00e9m ihne\u010f vyrie\u0161en\u00fd, prevozy pacientov do ostatn\u00fdch nemocn\u00edc sp\u00f4sobia len a len \u010fal\u0161ie nepohodlie objednan\u00fdch pacientov, ktor\u00ed bud\u00fa dlh\u0161ie \u010daka\u0165 na pl\u00e1novan\u00fa zdravotn\u00fa starostlivos\u0165. Mrz\u00ed ma, \u017ee sme dodnes, za 9 mesiacov p\u00f4sobenia novej vl\u00e1dy, nielen \u017ee nepoc\u00edtili \u017eiadne pozit\u00edvne zmeny a nepozn\u00e1me ani pl\u00e1n pomoci nemocniciam a pacientom, ale nekompetentn\u00e9 rozhodnutia ministerky Dolinkovej navy\u0161e sp\u00f4sobuj\u00fa v\u00e1\u017ene probl\u00e9my, na ktor\u00e9 dopl\u00e1ca be\u017en\u00fd ob\u010dan.&#8221;<\/em><\/p>\n","protected":false},"excerpt":{"rendered":"<p>Alarmuj\u00faca situ\u00e1cia v tren\u010dianskej nemocnici, na ktor\u00fa sme u\u017e ministerku Dolinkov\u00fa pred nieko\u013ek\u00fdmi d\u0148ami upozor\u0148ovali, sa na\u010falej zhor\u0161uje.\u00a0Pod\u013ea na\u0161ich najnov\u0161\u00edch inform\u00e1ci\u00ed priamo z nemocnice, dnes kardiocentrum prestalo poskytova\u0165 urgentn\u00fa neodkladn\u00fa starostlivos\u0165 pacientom\u00a0s ak\u00fatnymi srdcov\u00fdmi pr\u00edhodami. Tento stav predstavuje v\u00e1\u017ene hazardovanie so \u017eivotmi \u013eud\u00ed v Tren\u010dianskom kraji a vy\u017eaduje si okam\u017eit\u00fd z\u00e1sah. Pacienti s infarktom srdca, [&hellip;]<\/p>\n","protected":false},"author":13,"featured_media":4740,"comment_status":"closed","ping_status":"closed","sticky":false,"template":"","format":"standard","meta":{"_acf_changed":false,"ngg_post_thumbnail":0,"footnotes":""},"categories":[4],"tags":[],"class_list":["post-4739","post","type-post","status-publish","format-standard","has-post-thumbnail","hentry","category-tlacove-spravy"],"acf":[],"yoast_head":"<!-- This site is optimized with the Yoast SEO plugin v27.2 - https:\/\/yoast.com\/product\/yoast-seo-wordpress\/ -->\n<title>V\u00fdzva Dolinkovej: kardiocentrum v Tren\u010d\u00edne u\u017e nie je schopn\u00e9 poskytova\u0165 pomoc ak\u00fatnym pr\u00edpadom, konajte!<\/title>\n<meta name=\"robots\" content=\"index, follow, max-snippet:-1, max-image-preview:large, max-video-preview:-1\" \/>\n<link rel=\"canonical\" href=\"https:\/\/www.smedemokrati.sk\/en\/vyzva-dolinkovej-kardiocentrum-v-trencine-uz-nie-je-schopne-poskytovat-pomoc-akutnym-pripadom-konajte\/\" \/>\n<meta property=\"og:locale\" content=\"en_US\" \/>\n<meta property=\"og:locale:alternate\" content=\"cs_CZ\" \/>\n<meta property=\"og:locale:alternate\" content=\"hu_HU\" \/>\n<meta property=\"og:locale:alternate\" content=\"sk_SK\" \/>\n<meta property=\"og:locale:alternate\" content=\"sv_SE\" \/>\n<meta property=\"og:type\" content=\"article\" \/>\n<meta property=\"og:title\" content=\"V\u00fdzva Dolinkovej: kardiocentrum v Tren\u010d\u00edne u\u017e nie je schopn\u00e9 poskytova\u0165 pomoc ak\u00fatnym pr\u00edpadom, konajte!\" \/>\n<meta property=\"og:description\" content=\"Alarmuj\u00faca situ\u00e1cia v tren\u010dianskej nemocnici, na ktor\u00fa sme u\u017e ministerku Dolinkov\u00fa pred nieko\u013ek\u00fdmi d\u0148ami upozor\u0148ovali, sa na\u010falej zhor\u0161uje.\u00a0Pod\u013ea na\u0161ich najnov\u0161\u00edch inform\u00e1ci\u00ed priamo z nemocnice, dnes kardiocentrum prestalo poskytova\u0165 urgentn\u00fa neodkladn\u00fa starostlivos\u0165 pacientom\u00a0s ak\u00fatnymi srdcov\u00fdmi pr\u00edhodami. Tento stav predstavuje v\u00e1\u017ene hazardovanie so \u017eivotmi \u013eud\u00ed v Tren\u010dianskom kraji a vy\u017eaduje si okam\u017eit\u00fd z\u00e1sah. Pacienti s infarktom srdca, [&hellip;]\" \/>\n<meta property=\"og:url\" content=\"https:\/\/www.smedemokrati.sk\/en\/vyzva-dolinkovej-kardiocentrum-v-trencine-uz-nie-je-schopne-poskytovat-pomoc-akutnym-pripadom-konajte\/\" \/>\n<meta property=\"og:site_name\" content=\"Smedemokrati.sk\" \/>\n<meta property=\"article:publisher\" content=\"https:\/\/www.facebook.com\/smedemokrati2023\" \/>\n<meta property=\"article:published_time\" content=\"2024-07-26T10:32:08+00:00\" \/>\n<meta property=\"article:modified_time\" content=\"2024-08-06T12:58:24+00:00\" \/>\n<meta property=\"og:image\" content=\"https:\/\/www.smedemokrati.sk\/wp-content\/uploads\/2024\/07\/8620178_1200x.jpg\" \/>\n\t<meta property=\"og:image:width\" content=\"1200\" \/>\n\t<meta property=\"og:image:height\" content=\"714\" \/>\n\t<meta property=\"og:image:type\" content=\"image\/jpeg\" \/>\n<meta name=\"author\" content=\"miro.sopko\" \/>\n<meta name=\"twitter:card\" content=\"summary_large_image\" \/>\n<meta name=\"twitter:label1\" content=\"Written by\" \/>\n\t<meta name=\"twitter:data1\" content=\"miro.sopko\" \/>\n\t<meta name=\"twitter:label2\" content=\"Est. reading time\" \/>\n\t<meta name=\"twitter:data2\" content=\"2 minutes\" \/>\n<script type=\"application\/ld+json\" class=\"yoast-schema-graph\">{\"@context\":\"https:\/\/schema.org\",\"@graph\":[{\"@type\":\"Article\",\"@id\":\"https:\/\/www.smedemokrati.sk\/vyzva-dolinkovej-kardiocentrum-v-trencine-uz-nie-je-schopne-poskytovat-pomoc-akutnym-pripadom-konajte\/#article\",\"isPartOf\":{\"@id\":\"https:\/\/www.smedemokrati.sk\/vyzva-dolinkovej-kardiocentrum-v-trencine-uz-nie-je-schopne-poskytovat-pomoc-akutnym-pripadom-konajte\/\"},\"author\":{\"name\":\"miro.sopko\",\"@id\":\"https:\/\/www.smedemokrati.sk\/#\/schema\/person\/21f147c88d605aa7ded900e1e7c344ba\"},\"headline\":\"V\u00fdzva Dolinkovej: kardiocentrum v Tren\u010d\u00edne u\u017e nie je schopn\u00e9 poskytova\u0165 pomoc ak\u00fatnym pr\u00edpadom, konajte!\",\"datePublished\":\"2024-07-26T10:32:08+00:00\",\"dateModified\":\"2024-08-06T12:58:24+00:00\",\"mainEntityOfPage\":{\"@id\":\"https:\/\/www.smedemokrati.sk\/vyzva-dolinkovej-kardiocentrum-v-trencine-uz-nie-je-schopne-poskytovat-pomoc-akutnym-pripadom-konajte\/\"},\"wordCount\":422,\"publisher\":{\"@id\":\"https:\/\/www.smedemokrati.sk\/#organization\"},\"image\":{\"@id\":\"https:\/\/www.smedemokrati.sk\/vyzva-dolinkovej-kardiocentrum-v-trencine-uz-nie-je-schopne-poskytovat-pomoc-akutnym-pripadom-konajte\/#primaryimage\"},\"thumbnailUrl\":\"https:\/\/www.smedemokrati.sk\/wp-content\/uploads\/2024\/07\/8620178_1200x.jpg\",\"articleSection\":[\"Tla\u010dov\u00e9 spr\u00e1vy\"],\"inLanguage\":\"en-US\"},{\"@type\":\"WebPage\",\"@id\":\"https:\/\/www.smedemokrati.sk\/vyzva-dolinkovej-kardiocentrum-v-trencine-uz-nie-je-schopne-poskytovat-pomoc-akutnym-pripadom-konajte\/\",\"url\":\"https:\/\/www.smedemokrati.sk\/vyzva-dolinkovej-kardiocentrum-v-trencine-uz-nie-je-schopne-poskytovat-pomoc-akutnym-pripadom-konajte\/\",\"name\":\"V\u00fdzva Dolinkovej: kardiocentrum v Tren\u010d\u00edne u\u017e nie je schopn\u00e9 poskytova\u0165 pomoc ak\u00fatnym pr\u00edpadom, konajte!\",\"isPartOf\":{\"@id\":\"https:\/\/www.smedemokrati.sk\/#website\"},\"primaryImageOfPage\":{\"@id\":\"https:\/\/www.smedemokrati.sk\/vyzva-dolinkovej-kardiocentrum-v-trencine-uz-nie-je-schopne-poskytovat-pomoc-akutnym-pripadom-konajte\/#primaryimage\"},\"image\":{\"@id\":\"https:\/\/www.smedemokrati.sk\/vyzva-dolinkovej-kardiocentrum-v-trencine-uz-nie-je-schopne-poskytovat-pomoc-akutnym-pripadom-konajte\/#primaryimage\"},\"thumbnailUrl\":\"https:\/\/www.smedemokrati.sk\/wp-content\/uploads\/2024\/07\/8620178_1200x.jpg\",\"datePublished\":\"2024-07-26T10:32:08+00:00\",\"dateModified\":\"2024-08-06T12:58:24+00:00\",\"breadcrumb\":{\"@id\":\"https:\/\/www.smedemokrati.sk\/vyzva-dolinkovej-kardiocentrum-v-trencine-uz-nie-je-schopne-poskytovat-pomoc-akutnym-pripadom-konajte\/#breadcrumb\"},\"inLanguage\":\"en-US\",\"potentialAction\":[{\"@type\":\"ReadAction\",\"target\":[\"https:\/\/www.smedemokrati.sk\/vyzva-dolinkovej-kardiocentrum-v-trencine-uz-nie-je-schopne-poskytovat-pomoc-akutnym-pripadom-konajte\/\"]}]},{\"@type\":\"ImageObject\",\"inLanguage\":\"en-US\",\"@id\":\"https:\/\/www.smedemokrati.sk\/vyzva-dolinkovej-kardiocentrum-v-trencine-uz-nie-je-schopne-poskytovat-pomoc-akutnym-pripadom-konajte\/#primaryimage\",\"url\":\"https:\/\/www.smedemokrati.sk\/wp-content\/uploads\/2024\/07\/8620178_1200x.jpg\",\"contentUrl\":\"https:\/\/www.smedemokrati.sk\/wp-content\/uploads\/2024\/07\/8620178_1200x.jpg\",\"width\":1200,\"height\":714},{\"@type\":\"BreadcrumbList\",\"@id\":\"https:\/\/www.smedemokrati.sk\/vyzva-dolinkovej-kardiocentrum-v-trencine-uz-nie-je-schopne-poskytovat-pomoc-akutnym-pripadom-konajte\/#breadcrumb\",\"itemListElement\":[{\"@type\":\"ListItem\",\"position\":1,\"name\":\"Domovsk\u00e1 str\u00e1nka\",\"item\":\"https:\/\/www.smedemokrati.sk\/\"},{\"@type\":\"ListItem\",\"position\":2,\"name\":\"V\u00fdzva Dolinkovej: kardiocentrum v Tren\u010d\u00edne u\u017e nie je schopn\u00e9 poskytova\u0165 pomoc ak\u00fatnym pr\u00edpadom, konajte!\"}]},{\"@type\":\"WebSite\",\"@id\":\"https:\/\/www.smedemokrati.sk\/#website\",\"url\":\"https:\/\/www.smedemokrati.sk\/\",\"name\":\"Smedemokrati.sk\",\"description\":\"Demokracia a slu\u0161nos\u0165 zv\u00ed\u0165az\u00ed\",\"publisher\":{\"@id\":\"https:\/\/www.smedemokrati.sk\/#organization\"},\"potentialAction\":[{\"@type\":\"SearchAction\",\"target\":{\"@type\":\"EntryPoint\",\"urlTemplate\":\"https:\/\/www.smedemokrati.sk\/?s={search_term_string}\"},\"query-input\":{\"@type\":\"PropertyValueSpecification\",\"valueRequired\":true,\"valueName\":\"search_term_string\"}}],\"inLanguage\":\"en-US\"},{\"@type\":\"Organization\",\"@id\":\"https:\/\/www.smedemokrati.sk\/#organization\",\"name\":\"Smedemokrati.sk\",\"url\":\"https:\/\/www.smedemokrati.sk\/\",\"logo\":{\"@type\":\"ImageObject\",\"inLanguage\":\"en-US\",\"@id\":\"https:\/\/www.smedemokrati.sk\/#\/schema\/logo\/image\/\",\"url\":\"https:\/\/www.smedemokrati.sk\/wp-content\/uploads\/2023\/04\/ff.002.jpeg\",\"contentUrl\":\"https:\/\/www.smedemokrati.sk\/wp-content\/uploads\/2023\/04\/ff.002.jpeg\",\"width\":640,\"height\":480,\"caption\":\"Smedemokrati.sk\"},\"image\":{\"@id\":\"https:\/\/www.smedemokrati.sk\/#\/schema\/logo\/image\/\"},\"sameAs\":[\"https:\/\/www.facebook.com\/smedemokrati2023\"]},{\"@type\":\"Person\",\"@id\":\"https:\/\/www.smedemokrati.sk\/#\/schema\/person\/21f147c88d605aa7ded900e1e7c344ba\",\"name\":\"miro.sopko\",\"image\":{\"@type\":\"ImageObject\",\"inLanguage\":\"en-US\",\"@id\":\"https:\/\/secure.gravatar.com\/avatar\/267e4a36f704376c109afe3a78740c1f5dd8675a2180a908699e7863c9247606?s=96&d=mm&r=g\",\"url\":\"https:\/\/secure.gravatar.com\/avatar\/267e4a36f704376c109afe3a78740c1f5dd8675a2180a908699e7863c9247606?s=96&d=mm&r=g\",\"contentUrl\":\"https:\/\/secure.gravatar.com\/avatar\/267e4a36f704376c109afe3a78740c1f5dd8675a2180a908699e7863c9247606?s=96&d=mm&r=g\",\"caption\":\"miro.sopko\"},\"url\":\"https:\/\/www.smedemokrati.sk\/en\/author\/miro-sopko\/\"}]}<\/script>\n<!-- \/ Yoast SEO plugin. -->","yoast_head_json":{"title":"V\u00fdzva Dolinkovej: kardiocentrum v Tren\u010d\u00edne u\u017e nie je schopn\u00e9 poskytova\u0165 pomoc ak\u00fatnym pr\u00edpadom, konajte!","robots":{"index":"index","follow":"follow","max-snippet":"max-snippet:-1","max-image-preview":"max-image-preview:large","max-video-preview":"max-video-preview:-1"},"canonical":"https:\/\/www.smedemokrati.sk\/en\/vyzva-dolinkovej-kardiocentrum-v-trencine-uz-nie-je-schopne-poskytovat-pomoc-akutnym-pripadom-konajte\/","og_locale":"en_US","og_type":"article","og_title":"[:sk]V\u00fdzva Dolinkovej: kardiocentrum v Tren\u010d\u00edne u\u017e nie je schopn\u00e9 poskytova\u0165 pomoc ak\u00fatnym pr\u00edpadom, konajte![:] - Smedemokrati.sk","og_description":"Alarmuj\u00faca situ\u00e1cia v tren\u010dianskej nemocnici, na ktor\u00fa sme u\u017e ministerku Dolinkov\u00fa pred nieko\u013ek\u00fdmi d\u0148ami upozor\u0148ovali, sa na\u010falej zhor\u0161uje.\u00a0Pod\u013ea na\u0161ich najnov\u0161\u00edch inform\u00e1ci\u00ed priamo z nemocnice, dnes kardiocentrum prestalo poskytova\u0165 urgentn\u00fa neodkladn\u00fa starostlivos\u0165 pacientom\u00a0s ak\u00fatnymi srdcov\u00fdmi pr\u00edhodami. Tento stav predstavuje v\u00e1\u017ene hazardovanie so \u017eivotmi \u013eud\u00ed v Tren\u010dianskom kraji a vy\u017eaduje si okam\u017eit\u00fd z\u00e1sah. Pacienti s infarktom srdca, [&hellip;]","og_url":"https:\/\/www.smedemokrati.sk\/en\/vyzva-dolinkovej-kardiocentrum-v-trencine-uz-nie-je-schopne-poskytovat-pomoc-akutnym-pripadom-konajte\/","og_site_name":"Smedemokrati.sk","article_publisher":"https:\/\/www.facebook.com\/smedemokrati2023","article_published_time":"2024-07-26T10:32:08+00:00","article_modified_time":"2024-08-06T12:58:24+00:00","og_image":[{"width":1200,"height":714,"url":"https:\/\/www.smedemokrati.sk\/wp-content\/uploads\/2024\/07\/8620178_1200x.jpg","type":"image\/jpeg"}],"author":"miro.sopko","twitter_card":"summary_large_image","twitter_misc":{"Written by":"miro.sopko","Est. reading time":"2 minutes"},"schema":{"@context":"https:\/\/schema.org","@graph":[{"@type":"Article","@id":"https:\/\/www.smedemokrati.sk\/vyzva-dolinkovej-kardiocentrum-v-trencine-uz-nie-je-schopne-poskytovat-pomoc-akutnym-pripadom-konajte\/#article","isPartOf":{"@id":"https:\/\/www.smedemokrati.sk\/vyzva-dolinkovej-kardiocentrum-v-trencine-uz-nie-je-schopne-poskytovat-pomoc-akutnym-pripadom-konajte\/"},"author":{"name":"miro.sopko","@id":"https:\/\/www.smedemokrati.sk\/#\/schema\/person\/21f147c88d605aa7ded900e1e7c344ba"},"headline":"V\u00fdzva Dolinkovej: kardiocentrum v Tren\u010d\u00edne u\u017e nie je schopn\u00e9 poskytova\u0165 pomoc ak\u00fatnym pr\u00edpadom, konajte!","datePublished":"2024-07-26T10:32:08+00:00","dateModified":"2024-08-06T12:58:24+00:00","mainEntityOfPage":{"@id":"https:\/\/www.smedemokrati.sk\/vyzva-dolinkovej-kardiocentrum-v-trencine-uz-nie-je-schopne-poskytovat-pomoc-akutnym-pripadom-konajte\/"},"wordCount":422,"publisher":{"@id":"https:\/\/www.smedemokrati.sk\/#organization"},"image":{"@id":"https:\/\/www.smedemokrati.sk\/vyzva-dolinkovej-kardiocentrum-v-trencine-uz-nie-je-schopne-poskytovat-pomoc-akutnym-pripadom-konajte\/#primaryimage"},"thumbnailUrl":"https:\/\/www.smedemokrati.sk\/wp-content\/uploads\/2024\/07\/8620178_1200x.jpg","articleSection":["Tla\u010dov\u00e9 spr\u00e1vy"],"inLanguage":"en-US"},{"@type":"WebPage","@id":"https:\/\/www.smedemokrati.sk\/vyzva-dolinkovej-kardiocentrum-v-trencine-uz-nie-je-schopne-poskytovat-pomoc-akutnym-pripadom-konajte\/","url":"https:\/\/www.smedemokrati.sk\/vyzva-dolinkovej-kardiocentrum-v-trencine-uz-nie-je-schopne-poskytovat-pomoc-akutnym-pripadom-konajte\/","name":"V\u00fdzva Dolinkovej: kardiocentrum v Tren\u010d\u00edne u\u017e nie je schopn\u00e9 poskytova\u0165 pomoc ak\u00fatnym pr\u00edpadom, konajte!","isPartOf":{"@id":"https:\/\/www.smedemokrati.sk\/#website"},"primaryImageOfPage":{"@id":"https:\/\/www.smedemokrati.sk\/vyzva-dolinkovej-kardiocentrum-v-trencine-uz-nie-je-schopne-poskytovat-pomoc-akutnym-pripadom-konajte\/#primaryimage"},"image":{"@id":"https:\/\/www.smedemokrati.sk\/vyzva-dolinkovej-kardiocentrum-v-trencine-uz-nie-je-schopne-poskytovat-pomoc-akutnym-pripadom-konajte\/#primaryimage"},"thumbnailUrl":"https:\/\/www.smedemokrati.sk\/wp-content\/uploads\/2024\/07\/8620178_1200x.jpg","datePublished":"2024-07-26T10:32:08+00:00","dateModified":"2024-08-06T12:58:24+00:00","breadcrumb":{"@id":"https:\/\/www.smedemokrati.sk\/vyzva-dolinkovej-kardiocentrum-v-trencine-uz-nie-je-schopne-poskytovat-pomoc-akutnym-pripadom-konajte\/#breadcrumb"},"inLanguage":"en-US","potentialAction":[{"@type":"ReadAction","target":["https:\/\/www.smedemokrati.sk\/vyzva-dolinkovej-kardiocentrum-v-trencine-uz-nie-je-schopne-poskytovat-pomoc-akutnym-pripadom-konajte\/"]}]},{"@type":"ImageObject","inLanguage":"en-US","@id":"https:\/\/www.smedemokrati.sk\/vyzva-dolinkovej-kardiocentrum-v-trencine-uz-nie-je-schopne-poskytovat-pomoc-akutnym-pripadom-konajte\/#primaryimage","url":"https:\/\/www.smedemokrati.sk\/wp-content\/uploads\/2024\/07\/8620178_1200x.jpg","contentUrl":"https:\/\/www.smedemokrati.sk\/wp-content\/uploads\/2024\/07\/8620178_1200x.jpg","width":1200,"height":714},{"@type":"BreadcrumbList","@id":"https:\/\/www.smedemokrati.sk\/vyzva-dolinkovej-kardiocentrum-v-trencine-uz-nie-je-schopne-poskytovat-pomoc-akutnym-pripadom-konajte\/#breadcrumb","itemListElement":[{"@type":"ListItem","position":1,"name":"Domovsk\u00e1 str\u00e1nka","item":"https:\/\/www.smedemokrati.sk\/"},{"@type":"ListItem","position":2,"name":"V\u00fdzva Dolinkovej: kardiocentrum v Tren\u010d\u00edne u\u017e nie je schopn\u00e9 poskytova\u0165 pomoc ak\u00fatnym pr\u00edpadom, konajte!"}]},{"@type":"WebSite","@id":"https:\/\/www.smedemokrati.sk\/#website","url":"https:\/\/www.smedemokrati.sk\/","name":"Smedemokrati.sk","description":"Demokracia a slu\u0161nos\u0165 zv\u00ed\u0165az\u00ed","publisher":{"@id":"https:\/\/www.smedemokrati.sk\/#organization"},"potentialAction":[{"@type":"SearchAction","target":{"@type":"EntryPoint","urlTemplate":"https:\/\/www.smedemokrati.sk\/?s={search_term_string}"},"query-input":{"@type":"PropertyValueSpecification","valueRequired":true,"valueName":"search_term_string"}}],"inLanguage":"en-US"},{"@type":"Organization","@id":"https:\/\/www.smedemokrati.sk\/#organization","name":"Smedemokrati.sk","url":"https:\/\/www.smedemokrati.sk\/","logo":{"@type":"ImageObject","inLanguage":"en-US","@id":"https:\/\/www.smedemokrati.sk\/#\/schema\/logo\/image\/","url":"https:\/\/www.smedemokrati.sk\/wp-content\/uploads\/2023\/04\/ff.002.jpeg","contentUrl":"https:\/\/www.smedemokrati.sk\/wp-content\/uploads\/2023\/04\/ff.002.jpeg","width":640,"height":480,"caption":"Smedemokrati.sk"},"image":{"@id":"https:\/\/www.smedemokrati.sk\/#\/schema\/logo\/image\/"},"sameAs":["https:\/\/www.facebook.com\/smedemokrati2023"]},{"@type":"Person","@id":"https:\/\/www.smedemokrati.sk\/#\/schema\/person\/21f147c88d605aa7ded900e1e7c344ba","name":"miro.sopko","image":{"@type":"ImageObject","inLanguage":"en-US","@id":"https:\/\/secure.gravatar.com\/avatar\/267e4a36f704376c109afe3a78740c1f5dd8675a2180a908699e7863c9247606?s=96&d=mm&r=g","url":"https:\/\/secure.gravatar.com\/avatar\/267e4a36f704376c109afe3a78740c1f5dd8675a2180a908699e7863c9247606?s=96&d=mm&r=g","contentUrl":"https:\/\/secure.gravatar.com\/avatar\/267e4a36f704376c109afe3a78740c1f5dd8675a2180a908699e7863c9247606?s=96&d=mm&r=g","caption":"miro.sopko"},"url":"https:\/\/www.smedemokrati.sk\/en\/author\/miro-sopko\/"}]}},"_links":{"self":[{"href":"https:\/\/www.smedemokrati.sk\/en\/wp-json\/wp\/v2\/posts\/4739","targetHints":{"allow":["GET"]}}],"collection":[{"href":"https:\/\/www.smedemokrati.sk\/en\/wp-json\/wp\/v2\/posts"}],"about":[{"href":"https:\/\/www.smedemokrati.sk\/en\/wp-json\/wp\/v2\/types\/post"}],"author":[{"embeddable":true,"href":"https:\/\/www.smedemokrati.sk\/en\/wp-json\/wp\/v2\/users\/13"}],"replies":[{"embeddable":true,"href":"https:\/\/www.smedemokrati.sk\/en\/wp-json\/wp\/v2\/comments?post=4739"}],"version-history":[{"count":1,"href":"https:\/\/www.smedemokrati.sk\/en\/wp-json\/wp\/v2\/posts\/4739\/revisions"}],"predecessor-version":[{"id":4741,"href":"https:\/\/www.smedemokrati.sk\/en\/wp-json\/wp\/v2\/posts\/4739\/revisions\/4741"}],"wp:featuredmedia":[{"embeddable":true,"href":"https:\/\/www.smedemokrati.sk\/en\/wp-json\/wp\/v2\/media\/4740"}],"wp:attachment":[{"href":"https:\/\/www.smedemokrati.sk\/en\/wp-json\/wp\/v2\/media?parent=4739"}],"wp:term":[{"taxonomy":"category","embeddable":true,"href":"https:\/\/www.smedemokrati.sk\/en\/wp-json\/wp\/v2\/categories?post=4739"},{"taxonomy":"post_tag","embeddable":true,"href":"https:\/\/www.smedemokrati.sk\/en\/wp-json\/wp\/v2\/tags?post=4739"}],"curies":[{"name":"wp","href":"https:\/\/api.w.org\/{rel}","templated":true}]}}