{"id":4731,"date":"2024-07-24T16:30:28","date_gmt":"2024-07-24T15:30:28","guid":{"rendered":"https:\/\/www.smedemokrati.sk\/?p=4731"},"modified":"2024-08-06T13:32:44","modified_gmt":"2024-08-06T12:32:44","slug":"pellegrini-chvali-modernizacne-projekty-jaroslava-nada-kalinak-svoju-viziu-ani-po-9-mesiacoch-nebol-schopny-predstavit","status":"publish","type":"post","link":"https:\/\/www.smedemokrati.sk\/en\/pellegrini-chvali-modernizacne-projekty-jaroslava-nada-kalinak-svoju-viziu-ani-po-9-mesiacoch-nebol-schopny-predstavit\/","title":{"rendered":"Pellegrini chv\u00e1li moderniza\u010dn\u00e9 projekty Jaroslava Na\u010fa, Kali\u0148\u00e1k svoju v\u00edziu ani po 9 mesiacoch nebol schopn\u00fd predstavi\u0165"},"content":{"rendered":"<div id=\"fb-root\"><\/div>\n\n<p><strong>N\u00e1v\u0161teva prezidenta Pellegriniho na ministerstve obrany naplno odhalila, \u017ee za 9 mesiacov nebol minister Kali\u0148\u00e1k schopn\u00fd ani len pomenova\u0165 projekty, ktor\u00e9 chce pre vojakov realizova\u0165. B\u00fdval\u00fd minister obrany Jaroslav Na\u010f vy\u010d\u00edta s\u00fa\u010dasn\u00e9mu mana\u017ementu rezortu, \u017ee k\u00fdm jeho vedenie, dok\u00e1zalo za dva roky realizova\u0165 cel\u00e9 medzin\u00e1rodn\u00e9 obstar\u00e1vanie, na ktorom participovalo okolo 60 odborn\u00edkov a ktor\u00e9 n\u00e1sledne schv\u00e1lila \u00faradn\u00edcka vl\u00e1da, Kali\u0148\u00e1k nebol schopn\u00fd ani len sfinalizova\u0165 projekt, a to dojednan\u00edm zmluvy. Pod\u013ea exministra sa zbyto\u010dne zdr\u017eiaval \u201csn\u00edvan\u00edm\u201d o Patriotoch a nekone\u010dn\u00fdm vyplak\u00e1van\u00edm, \u010d\u00edm docielil jedine to, \u017ee syst\u00e9m protivzdu\u0161nej obrany pr\u00edde nesk\u00f4r a bude drah\u0161\u00ed. Exminister d\u00f4razne vyz\u00fdva Kali\u0148\u00e1ka, aby predstavil projekty, ktor\u00e9 chce po\u010das svojho mand\u00e1tu realizova\u0165.&nbsp;<\/strong><\/p>\n\n\n\n<p>Pod\u013ea exministra Na\u010fa dne\u0161n\u00e1 n\u00e1v\u0161teva prezidenta Pellegriniho preuk\u00e1zala odborn\u00fa neschopnos\u0165 a person\u00e1lnu vyprahnutos\u0165, ktor\u00e1 moment\u00e1lne panuje na ministerstve obrany:\u00a0<em>\u201eHlavn\u00fd velite\u013e ozbrojen\u00fdch s\u00edl dnes vyjadril podporu v\u0161etk\u00fdm moderniza\u010dn\u00fdm projektom, ktor\u00e9 prebiehaj\u00fa na rezorte obrany. Pravdou je, \u017ee s\u00fa\u010dasn\u00e9 vedenie nebolo schopn\u00e9 ani len poveda\u0165, \u010do ide pre vojakov obstara\u0165, nie to e\u0161te nie\u010do realizova\u0165. V\u0161etko, \u010do dnes chv\u00e1lili, bolo realizovan\u00e9 pod moj\u00edm veden\u00edm a iba pripom\u00ednam, \u017ee v tom \u010dase Pellegrini ruka v ruke so smer\u00e1kmi v\u0161etky tieto projekty kritizoval,\u201d<\/em>\u00a0otv\u00e1ra t\u00e9mu Na\u010f a pripom\u00edna, \u017ee pr\u00e1ve za vl\u00e1dy Eduarda Hegera obstarali na rezorte napr\u00edklad kolesov\u00fa (VMV 4&#215;4 a BOV 8&#215;8 ) a p\u00e1sov\u00fa techniku (PBOV CV90 a tanky Leopard 2A4), objednali vrtu\u013en\u00edky, nov\u00e9 radary (letiskov\u00e9, 3D a tie\u017e pas\u00edvne), investovali mili\u00f3ny do infra\u0161trukt\u00fary a tie\u017e komplexne pripravili projekt obstarania protivzdu\u0161nej obrany.\u00a0<\/p>\n\n\n\n<p><em>\u201eKali\u0148\u00e1k vyplak\u00e1va, \u017ee nem\u00e1me protivzdu\u0161n\u00fa obranu, pri\u010dom m\u00e1 projekt komplexne pripraven\u00fd a treba ho u\u017e len sfinalizova\u0165. Minister Kali\u0148\u00e1k sa v\u0161ak rezortu nevenuje, koordin\u00e1cia medzi zlo\u017ekami je katastrof\u00e1lna, nefunguje syst\u00e9m obrann\u00e9ho pl\u00e1novania a ani syst\u00e9m kontroly hodnoty za peniaze,\u201d<\/em>\u00a0pokra\u010duje predseda Demokratov a upozor\u0148uje, \u017ee to v\u0161etko vedie k v\u00e1\u017enemu ohrozeniu procesov, ktor\u00e9 maj\u00fa vplyv na na\u0161u bezpe\u010dnos\u0165 a obranu.\u00a0<\/p>\n\n\n\n<p>Z\u00e1rove\u0148 dod\u00e1va, \u017ee s\u00fa\u010dasn\u00e9 vedenie preuk\u00e1zalo svoju neschopnos\u0165 riadneho mana\u017ementu aj v oblasti invest\u00edcie zdrojov. Pod\u013ea hodnotenia NATO toti\u017e Slovensko nebolo schopn\u00e9 pod Kali\u0148\u00e1kov\u00fdm veden\u00edm ku koncu roka 2023 min\u00fa\u0165 napl\u00e1novan\u00e9 viac ako 2% HDP do obrany a re\u00e1lne minulo len pribli\u017ene 1,8% HDP. Kv\u00f4li Kali\u0148\u00e1kovi sme teda op\u00e4\u0165 nesplnili stanoven\u00e9 krit\u00e9rium 2%HDP, pri\u010dom tieto financie mal riadne alokovan\u00e9 na \u00fa\u010dte rezortu obrany.\u00a0<em>\u201eViete, mne nevad\u00ed, \u017ee sa chv\u00e1lia cudz\u00edm per\u00edm, aj ke\u010f to dokazuje ich absol\u00fatnu malos\u0165. Mne vad\u00ed, \u017ee na\u0161e ozbrojen\u00e9 sily nikdy od vl\u00e1d Smeru ni\u010d nedostali. \u010co mohli to predali alebo darovali, \u010do bolo treba opravi\u0165 nechali spadn\u00fa\u0165 a do \u010doho bolo treba investova\u0165, to nechali \u013eahn\u00fa\u0165 popolom. Vyz\u00fdvam ministra Kali\u0148\u00e1ka, aby predstavil projekty, ktor\u00fdmi chce prispie\u0165 k moderniz\u00e1cii Ozbrojen\u00fdch s\u00edl SR, preto\u017ee doteraz som o tak\u00fdchto nepo\u010dul. Bolo by ve\u013emi zl\u00e9, keby op\u00e4\u0165 mana\u017ement Smeru v rezorte obrany dopadol tak, ako za predch\u00e1dzaj\u00facich troch Ficov\u00fdch vl\u00e1d. V\u00fdsledkom tohto smer\u00e1ckeho marazmu bola napr\u00edklad absol\u00fatne zdecimovan\u00e1 protivzdu\u0161n\u00e1 obrana \u0161t\u00e1tu, ch\u00fdbaj\u00faca infra\u0161trukt\u00fara a z\u00e1kladn\u00e9 zbra\u0148ov\u00e9 syst\u00e9my.\u201d\u00a0<\/em><\/p>\n\n\n\n<figure class=\"wp-block-video\"><video height=\"1080\" style=\"aspect-ratio: 1920 \/ 1080;\" width=\"1920\" controls src=\"https:\/\/www.smedemokrati.sk\/wp-content\/uploads\/2024\/07\/IMG_9009.mov\"><\/video><\/figure>\n","protected":false},"excerpt":{"rendered":"<p>N\u00e1v\u0161teva prezidenta Pellegriniho na ministerstve obrany naplno odhalila, \u017ee za 9 mesiacov nebol minister Kali\u0148\u00e1k schopn\u00fd ani len pomenova\u0165 projekty, ktor\u00e9 chce pre vojakov realizova\u0165. B\u00fdval\u00fd minister obrany Jaroslav Na\u010f vy\u010d\u00edta s\u00fa\u010dasn\u00e9mu mana\u017ementu rezortu, \u017ee k\u00fdm jeho vedenie, dok\u00e1zalo za dva roky realizova\u0165 cel\u00e9 medzin\u00e1rodn\u00e9 obstar\u00e1vanie, na ktorom participovalo okolo 60 odborn\u00edkov a ktor\u00e9 n\u00e1sledne [&hellip;]<\/p>\n","protected":false},"author":13,"featured_media":4733,"comment_status":"closed","ping_status":"closed","sticky":false,"template":"","format":"standard","meta":{"_acf_changed":false,"ngg_post_thumbnail":0,"footnotes":""},"categories":[4],"tags":[],"class_list":["post-4731","post","type-post","status-publish","format-standard","has-post-thumbnail","hentry","category-tlacove-spravy"],"acf":[],"yoast_head":"<!-- This site is optimized with the Yoast SEO plugin v27.2 - https:\/\/yoast.com\/product\/yoast-seo-wordpress\/ -->\n<title>Pellegrini chv\u00e1li moderniza\u010dn\u00e9 projekty Jaroslava Na\u010fa, Kali\u0148\u00e1k svoju v\u00edziu ani po 9 mesiacoch nebol schopn\u00fd predstavi\u0165<\/title>\n<meta name=\"robots\" content=\"index, follow, max-snippet:-1, max-image-preview:large, max-video-preview:-1\" \/>\n<link rel=\"canonical\" href=\"https:\/\/www.smedemokrati.sk\/en\/pellegrini-chvali-modernizacne-projekty-jaroslava-nada-kalinak-svoju-viziu-ani-po-9-mesiacoch-nebol-schopny-predstavit\/\" \/>\n<meta property=\"og:locale\" content=\"en_US\" \/>\n<meta property=\"og:locale:alternate\" content=\"cs_CZ\" \/>\n<meta property=\"og:locale:alternate\" content=\"hu_HU\" \/>\n<meta property=\"og:locale:alternate\" content=\"sk_SK\" \/>\n<meta property=\"og:locale:alternate\" content=\"sv_SE\" \/>\n<meta property=\"og:type\" content=\"article\" \/>\n<meta property=\"og:title\" content=\"Pellegrini chv\u00e1li moderniza\u010dn\u00e9 projekty Jaroslava Na\u010fa, Kali\u0148\u00e1k svoju v\u00edziu ani po 9 mesiacoch nebol schopn\u00fd predstavi\u0165\" \/>\n<meta property=\"og:description\" content=\"N\u00e1v\u0161teva prezidenta Pellegriniho na ministerstve obrany naplno odhalila, \u017ee za 9 mesiacov nebol minister Kali\u0148\u00e1k schopn\u00fd ani len pomenova\u0165 projekty, ktor\u00e9 chce pre vojakov realizova\u0165. B\u00fdval\u00fd minister obrany Jaroslav Na\u010f vy\u010d\u00edta s\u00fa\u010dasn\u00e9mu mana\u017ementu rezortu, \u017ee k\u00fdm jeho vedenie, dok\u00e1zalo za dva roky realizova\u0165 cel\u00e9 medzin\u00e1rodn\u00e9 obstar\u00e1vanie, na ktorom participovalo okolo 60 odborn\u00edkov a ktor\u00e9 n\u00e1sledne [&hellip;]\" \/>\n<meta property=\"og:url\" content=\"https:\/\/www.smedemokrati.sk\/en\/pellegrini-chvali-modernizacne-projekty-jaroslava-nada-kalinak-svoju-viziu-ani-po-9-mesiacoch-nebol-schopny-predstavit\/\" \/>\n<meta property=\"og:site_name\" content=\"Smedemokrati.sk\" \/>\n<meta property=\"article:publisher\" content=\"https:\/\/www.facebook.com\/smedemokrati2023\" \/>\n<meta property=\"article:published_time\" content=\"2024-07-24T15:30:28+00:00\" \/>\n<meta property=\"article:modified_time\" content=\"2024-08-06T12:32:44+00:00\" \/>\n<meta property=\"og:image\" content=\"https:\/\/www.smedemokrati.sk\/wp-content\/uploads\/2024\/07\/zoPktkpTURBXy8wMTcxMDI5NjRkMWE2ZDNkNWEzMTc0NzgwOTI0MDNmZC5qcGeSlQMAzJXNE-DNCy6VAs0H0ADCww.jpg\" \/>\n\t<meta property=\"og:image:width\" content=\"900\" \/>\n\t<meta property=\"og:image:height\" content=\"518\" \/>\n\t<meta property=\"og:image:type\" content=\"image\/jpeg\" \/>\n<meta name=\"author\" content=\"miro.sopko\" \/>\n<meta name=\"twitter:card\" content=\"summary_large_image\" \/>\n<meta name=\"twitter:label1\" content=\"Written by\" \/>\n\t<meta name=\"twitter:data1\" content=\"miro.sopko\" \/>\n\t<meta name=\"twitter:label2\" content=\"Est. reading time\" \/>\n\t<meta name=\"twitter:data2\" content=\"3 minutes\" \/>\n<script type=\"application\/ld+json\" class=\"yoast-schema-graph\">{\"@context\":\"https:\/\/schema.org\",\"@graph\":[{\"@type\":\"Article\",\"@id\":\"https:\/\/www.smedemokrati.sk\/pellegrini-chvali-modernizacne-projekty-jaroslava-nada-kalinak-svoju-viziu-ani-po-9-mesiacoch-nebol-schopny-predstavit\/#article\",\"isPartOf\":{\"@id\":\"https:\/\/www.smedemokrati.sk\/pellegrini-chvali-modernizacne-projekty-jaroslava-nada-kalinak-svoju-viziu-ani-po-9-mesiacoch-nebol-schopny-predstavit\/\"},\"author\":{\"name\":\"miro.sopko\",\"@id\":\"https:\/\/www.smedemokrati.sk\/#\/schema\/person\/21f147c88d605aa7ded900e1e7c344ba\"},\"headline\":\"Pellegrini chv\u00e1li moderniza\u010dn\u00e9 projekty Jaroslava Na\u010fa, Kali\u0148\u00e1k svoju v\u00edziu ani po 9 mesiacoch nebol schopn\u00fd predstavi\u0165\",\"datePublished\":\"2024-07-24T15:30:28+00:00\",\"dateModified\":\"2024-08-06T12:32:44+00:00\",\"mainEntityOfPage\":{\"@id\":\"https:\/\/www.smedemokrati.sk\/pellegrini-chvali-modernizacne-projekty-jaroslava-nada-kalinak-svoju-viziu-ani-po-9-mesiacoch-nebol-schopny-predstavit\/\"},\"wordCount\":629,\"publisher\":{\"@id\":\"https:\/\/www.smedemokrati.sk\/#organization\"},\"image\":{\"@id\":\"https:\/\/www.smedemokrati.sk\/pellegrini-chvali-modernizacne-projekty-jaroslava-nada-kalinak-svoju-viziu-ani-po-9-mesiacoch-nebol-schopny-predstavit\/#primaryimage\"},\"thumbnailUrl\":\"https:\/\/www.smedemokrati.sk\/wp-content\/uploads\/2024\/07\/zoPktkpTURBXy8wMTcxMDI5NjRkMWE2ZDNkNWEzMTc0NzgwOTI0MDNmZC5qcGeSlQMAzJXNE-DNCy6VAs0H0ADCww.jpg\",\"articleSection\":[\"Tla\u010dov\u00e9 spr\u00e1vy\"],\"inLanguage\":\"en-US\"},{\"@type\":\"WebPage\",\"@id\":\"https:\/\/www.smedemokrati.sk\/pellegrini-chvali-modernizacne-projekty-jaroslava-nada-kalinak-svoju-viziu-ani-po-9-mesiacoch-nebol-schopny-predstavit\/\",\"url\":\"https:\/\/www.smedemokrati.sk\/pellegrini-chvali-modernizacne-projekty-jaroslava-nada-kalinak-svoju-viziu-ani-po-9-mesiacoch-nebol-schopny-predstavit\/\",\"name\":\"Pellegrini chv\u00e1li moderniza\u010dn\u00e9 projekty Jaroslava Na\u010fa, Kali\u0148\u00e1k svoju v\u00edziu ani po 9 mesiacoch nebol schopn\u00fd predstavi\u0165\",\"isPartOf\":{\"@id\":\"https:\/\/www.smedemokrati.sk\/#website\"},\"primaryImageOfPage\":{\"@id\":\"https:\/\/www.smedemokrati.sk\/pellegrini-chvali-modernizacne-projekty-jaroslava-nada-kalinak-svoju-viziu-ani-po-9-mesiacoch-nebol-schopny-predstavit\/#primaryimage\"},\"image\":{\"@id\":\"https:\/\/www.smedemokrati.sk\/pellegrini-chvali-modernizacne-projekty-jaroslava-nada-kalinak-svoju-viziu-ani-po-9-mesiacoch-nebol-schopny-predstavit\/#primaryimage\"},\"thumbnailUrl\":\"https:\/\/www.smedemokrati.sk\/wp-content\/uploads\/2024\/07\/zoPktkpTURBXy8wMTcxMDI5NjRkMWE2ZDNkNWEzMTc0NzgwOTI0MDNmZC5qcGeSlQMAzJXNE-DNCy6VAs0H0ADCww.jpg\",\"datePublished\":\"2024-07-24T15:30:28+00:00\",\"dateModified\":\"2024-08-06T12:32:44+00:00\",\"breadcrumb\":{\"@id\":\"https:\/\/www.smedemokrati.sk\/pellegrini-chvali-modernizacne-projekty-jaroslava-nada-kalinak-svoju-viziu-ani-po-9-mesiacoch-nebol-schopny-predstavit\/#breadcrumb\"},\"inLanguage\":\"en-US\",\"potentialAction\":[{\"@type\":\"ReadAction\",\"target\":[\"https:\/\/www.smedemokrati.sk\/pellegrini-chvali-modernizacne-projekty-jaroslava-nada-kalinak-svoju-viziu-ani-po-9-mesiacoch-nebol-schopny-predstavit\/\"]}]},{\"@type\":\"ImageObject\",\"inLanguage\":\"en-US\",\"@id\":\"https:\/\/www.smedemokrati.sk\/pellegrini-chvali-modernizacne-projekty-jaroslava-nada-kalinak-svoju-viziu-ani-po-9-mesiacoch-nebol-schopny-predstavit\/#primaryimage\",\"url\":\"https:\/\/www.smedemokrati.sk\/wp-content\/uploads\/2024\/07\/zoPktkpTURBXy8wMTcxMDI5NjRkMWE2ZDNkNWEzMTc0NzgwOTI0MDNmZC5qcGeSlQMAzJXNE-DNCy6VAs0H0ADCww.jpg\",\"contentUrl\":\"https:\/\/www.smedemokrati.sk\/wp-content\/uploads\/2024\/07\/zoPktkpTURBXy8wMTcxMDI5NjRkMWE2ZDNkNWEzMTc0NzgwOTI0MDNmZC5qcGeSlQMAzJXNE-DNCy6VAs0H0ADCww.jpg\",\"width\":900,\"height\":518},{\"@type\":\"BreadcrumbList\",\"@id\":\"https:\/\/www.smedemokrati.sk\/pellegrini-chvali-modernizacne-projekty-jaroslava-nada-kalinak-svoju-viziu-ani-po-9-mesiacoch-nebol-schopny-predstavit\/#breadcrumb\",\"itemListElement\":[{\"@type\":\"ListItem\",\"position\":1,\"name\":\"Domovsk\u00e1 str\u00e1nka\",\"item\":\"https:\/\/www.smedemokrati.sk\/\"},{\"@type\":\"ListItem\",\"position\":2,\"name\":\"Pellegrini chv\u00e1li moderniza\u010dn\u00e9 projekty Jaroslava Na\u010fa, Kali\u0148\u00e1k svoju v\u00edziu ani po 9 mesiacoch nebol schopn\u00fd predstavi\u0165\"}]},{\"@type\":\"WebSite\",\"@id\":\"https:\/\/www.smedemokrati.sk\/#website\",\"url\":\"https:\/\/www.smedemokrati.sk\/\",\"name\":\"Smedemokrati.sk\",\"description\":\"Demokracia a slu\u0161nos\u0165 zv\u00ed\u0165az\u00ed\",\"publisher\":{\"@id\":\"https:\/\/www.smedemokrati.sk\/#organization\"},\"potentialAction\":[{\"@type\":\"SearchAction\",\"target\":{\"@type\":\"EntryPoint\",\"urlTemplate\":\"https:\/\/www.smedemokrati.sk\/?s={search_term_string}\"},\"query-input\":{\"@type\":\"PropertyValueSpecification\",\"valueRequired\":true,\"valueName\":\"search_term_string\"}}],\"inLanguage\":\"en-US\"},{\"@type\":\"Organization\",\"@id\":\"https:\/\/www.smedemokrati.sk\/#organization\",\"name\":\"Smedemokrati.sk\",\"url\":\"https:\/\/www.smedemokrati.sk\/\",\"logo\":{\"@type\":\"ImageObject\",\"inLanguage\":\"en-US\",\"@id\":\"https:\/\/www.smedemokrati.sk\/#\/schema\/logo\/image\/\",\"url\":\"https:\/\/www.smedemokrati.sk\/wp-content\/uploads\/2023\/04\/ff.002.jpeg\",\"contentUrl\":\"https:\/\/www.smedemokrati.sk\/wp-content\/uploads\/2023\/04\/ff.002.jpeg\",\"width\":640,\"height\":480,\"caption\":\"Smedemokrati.sk\"},\"image\":{\"@id\":\"https:\/\/www.smedemokrati.sk\/#\/schema\/logo\/image\/\"},\"sameAs\":[\"https:\/\/www.facebook.com\/smedemokrati2023\"]},{\"@type\":\"Person\",\"@id\":\"https:\/\/www.smedemokrati.sk\/#\/schema\/person\/21f147c88d605aa7ded900e1e7c344ba\",\"name\":\"miro.sopko\",\"image\":{\"@type\":\"ImageObject\",\"inLanguage\":\"en-US\",\"@id\":\"https:\/\/secure.gravatar.com\/avatar\/267e4a36f704376c109afe3a78740c1f5dd8675a2180a908699e7863c9247606?s=96&d=mm&r=g\",\"url\":\"https:\/\/secure.gravatar.com\/avatar\/267e4a36f704376c109afe3a78740c1f5dd8675a2180a908699e7863c9247606?s=96&d=mm&r=g\",\"contentUrl\":\"https:\/\/secure.gravatar.com\/avatar\/267e4a36f704376c109afe3a78740c1f5dd8675a2180a908699e7863c9247606?s=96&d=mm&r=g\",\"caption\":\"miro.sopko\"},\"url\":\"https:\/\/www.smedemokrati.sk\/en\/author\/miro-sopko\/\"}]}<\/script>\n<!-- \/ Yoast SEO plugin. -->","yoast_head_json":{"title":"Pellegrini chv\u00e1li moderniza\u010dn\u00e9 projekty Jaroslava Na\u010fa, Kali\u0148\u00e1k svoju v\u00edziu ani po 9 mesiacoch nebol schopn\u00fd predstavi\u0165","robots":{"index":"index","follow":"follow","max-snippet":"max-snippet:-1","max-image-preview":"max-image-preview:large","max-video-preview":"max-video-preview:-1"},"canonical":"https:\/\/www.smedemokrati.sk\/en\/pellegrini-chvali-modernizacne-projekty-jaroslava-nada-kalinak-svoju-viziu-ani-po-9-mesiacoch-nebol-schopny-predstavit\/","og_locale":"en_US","og_type":"article","og_title":"[:sk]Pellegrini chv\u00e1li moderniza\u010dn\u00e9 projekty Jaroslava Na\u010fa, Kali\u0148\u00e1k svoju v\u00edziu ani po 9 mesiacoch nebol schopn\u00fd predstavi\u0165[:] - Smedemokrati.sk","og_description":"N\u00e1v\u0161teva prezidenta Pellegriniho na ministerstve obrany naplno odhalila, \u017ee za 9 mesiacov nebol minister Kali\u0148\u00e1k schopn\u00fd ani len pomenova\u0165 projekty, ktor\u00e9 chce pre vojakov realizova\u0165. B\u00fdval\u00fd minister obrany Jaroslav Na\u010f vy\u010d\u00edta s\u00fa\u010dasn\u00e9mu mana\u017ementu rezortu, \u017ee k\u00fdm jeho vedenie, dok\u00e1zalo za dva roky realizova\u0165 cel\u00e9 medzin\u00e1rodn\u00e9 obstar\u00e1vanie, na ktorom participovalo okolo 60 odborn\u00edkov a ktor\u00e9 n\u00e1sledne [&hellip;]","og_url":"https:\/\/www.smedemokrati.sk\/en\/pellegrini-chvali-modernizacne-projekty-jaroslava-nada-kalinak-svoju-viziu-ani-po-9-mesiacoch-nebol-schopny-predstavit\/","og_site_name":"Smedemokrati.sk","article_publisher":"https:\/\/www.facebook.com\/smedemokrati2023","article_published_time":"2024-07-24T15:30:28+00:00","article_modified_time":"2024-08-06T12:32:44+00:00","og_image":[{"width":900,"height":518,"url":"https:\/\/www.smedemokrati.sk\/wp-content\/uploads\/2024\/07\/zoPktkpTURBXy8wMTcxMDI5NjRkMWE2ZDNkNWEzMTc0NzgwOTI0MDNmZC5qcGeSlQMAzJXNE-DNCy6VAs0H0ADCww.jpg","type":"image\/jpeg"}],"author":"miro.sopko","twitter_card":"summary_large_image","twitter_misc":{"Written by":"miro.sopko","Est. reading time":"3 minutes"},"schema":{"@context":"https:\/\/schema.org","@graph":[{"@type":"Article","@id":"https:\/\/www.smedemokrati.sk\/pellegrini-chvali-modernizacne-projekty-jaroslava-nada-kalinak-svoju-viziu-ani-po-9-mesiacoch-nebol-schopny-predstavit\/#article","isPartOf":{"@id":"https:\/\/www.smedemokrati.sk\/pellegrini-chvali-modernizacne-projekty-jaroslava-nada-kalinak-svoju-viziu-ani-po-9-mesiacoch-nebol-schopny-predstavit\/"},"author":{"name":"miro.sopko","@id":"https:\/\/www.smedemokrati.sk\/#\/schema\/person\/21f147c88d605aa7ded900e1e7c344ba"},"headline":"Pellegrini chv\u00e1li moderniza\u010dn\u00e9 projekty Jaroslava Na\u010fa, Kali\u0148\u00e1k svoju v\u00edziu ani po 9 mesiacoch nebol schopn\u00fd predstavi\u0165","datePublished":"2024-07-24T15:30:28+00:00","dateModified":"2024-08-06T12:32:44+00:00","mainEntityOfPage":{"@id":"https:\/\/www.smedemokrati.sk\/pellegrini-chvali-modernizacne-projekty-jaroslava-nada-kalinak-svoju-viziu-ani-po-9-mesiacoch-nebol-schopny-predstavit\/"},"wordCount":629,"publisher":{"@id":"https:\/\/www.smedemokrati.sk\/#organization"},"image":{"@id":"https:\/\/www.smedemokrati.sk\/pellegrini-chvali-modernizacne-projekty-jaroslava-nada-kalinak-svoju-viziu-ani-po-9-mesiacoch-nebol-schopny-predstavit\/#primaryimage"},"thumbnailUrl":"https:\/\/www.smedemokrati.sk\/wp-content\/uploads\/2024\/07\/zoPktkpTURBXy8wMTcxMDI5NjRkMWE2ZDNkNWEzMTc0NzgwOTI0MDNmZC5qcGeSlQMAzJXNE-DNCy6VAs0H0ADCww.jpg","articleSection":["Tla\u010dov\u00e9 spr\u00e1vy"],"inLanguage":"en-US"},{"@type":"WebPage","@id":"https:\/\/www.smedemokrati.sk\/pellegrini-chvali-modernizacne-projekty-jaroslava-nada-kalinak-svoju-viziu-ani-po-9-mesiacoch-nebol-schopny-predstavit\/","url":"https:\/\/www.smedemokrati.sk\/pellegrini-chvali-modernizacne-projekty-jaroslava-nada-kalinak-svoju-viziu-ani-po-9-mesiacoch-nebol-schopny-predstavit\/","name":"Pellegrini chv\u00e1li moderniza\u010dn\u00e9 projekty Jaroslava Na\u010fa, Kali\u0148\u00e1k svoju v\u00edziu ani po 9 mesiacoch nebol schopn\u00fd predstavi\u0165","isPartOf":{"@id":"https:\/\/www.smedemokrati.sk\/#website"},"primaryImageOfPage":{"@id":"https:\/\/www.smedemokrati.sk\/pellegrini-chvali-modernizacne-projekty-jaroslava-nada-kalinak-svoju-viziu-ani-po-9-mesiacoch-nebol-schopny-predstavit\/#primaryimage"},"image":{"@id":"https:\/\/www.smedemokrati.sk\/pellegrini-chvali-modernizacne-projekty-jaroslava-nada-kalinak-svoju-viziu-ani-po-9-mesiacoch-nebol-schopny-predstavit\/#primaryimage"},"thumbnailUrl":"https:\/\/www.smedemokrati.sk\/wp-content\/uploads\/2024\/07\/zoPktkpTURBXy8wMTcxMDI5NjRkMWE2ZDNkNWEzMTc0NzgwOTI0MDNmZC5qcGeSlQMAzJXNE-DNCy6VAs0H0ADCww.jpg","datePublished":"2024-07-24T15:30:28+00:00","dateModified":"2024-08-06T12:32:44+00:00","breadcrumb":{"@id":"https:\/\/www.smedemokrati.sk\/pellegrini-chvali-modernizacne-projekty-jaroslava-nada-kalinak-svoju-viziu-ani-po-9-mesiacoch-nebol-schopny-predstavit\/#breadcrumb"},"inLanguage":"en-US","potentialAction":[{"@type":"ReadAction","target":["https:\/\/www.smedemokrati.sk\/pellegrini-chvali-modernizacne-projekty-jaroslava-nada-kalinak-svoju-viziu-ani-po-9-mesiacoch-nebol-schopny-predstavit\/"]}]},{"@type":"ImageObject","inLanguage":"en-US","@id":"https:\/\/www.smedemokrati.sk\/pellegrini-chvali-modernizacne-projekty-jaroslava-nada-kalinak-svoju-viziu-ani-po-9-mesiacoch-nebol-schopny-predstavit\/#primaryimage","url":"https:\/\/www.smedemokrati.sk\/wp-content\/uploads\/2024\/07\/zoPktkpTURBXy8wMTcxMDI5NjRkMWE2ZDNkNWEzMTc0NzgwOTI0MDNmZC5qcGeSlQMAzJXNE-DNCy6VAs0H0ADCww.jpg","contentUrl":"https:\/\/www.smedemokrati.sk\/wp-content\/uploads\/2024\/07\/zoPktkpTURBXy8wMTcxMDI5NjRkMWE2ZDNkNWEzMTc0NzgwOTI0MDNmZC5qcGeSlQMAzJXNE-DNCy6VAs0H0ADCww.jpg","width":900,"height":518},{"@type":"BreadcrumbList","@id":"https:\/\/www.smedemokrati.sk\/pellegrini-chvali-modernizacne-projekty-jaroslava-nada-kalinak-svoju-viziu-ani-po-9-mesiacoch-nebol-schopny-predstavit\/#breadcrumb","itemListElement":[{"@type":"ListItem","position":1,"name":"Domovsk\u00e1 str\u00e1nka","item":"https:\/\/www.smedemokrati.sk\/"},{"@type":"ListItem","position":2,"name":"Pellegrini chv\u00e1li moderniza\u010dn\u00e9 projekty Jaroslava Na\u010fa, Kali\u0148\u00e1k svoju v\u00edziu ani po 9 mesiacoch nebol schopn\u00fd predstavi\u0165"}]},{"@type":"WebSite","@id":"https:\/\/www.smedemokrati.sk\/#website","url":"https:\/\/www.smedemokrati.sk\/","name":"Smedemokrati.sk","description":"Demokracia a slu\u0161nos\u0165 zv\u00ed\u0165az\u00ed","publisher":{"@id":"https:\/\/www.smedemokrati.sk\/#organization"},"potentialAction":[{"@type":"SearchAction","target":{"@type":"EntryPoint","urlTemplate":"https:\/\/www.smedemokrati.sk\/?s={search_term_string}"},"query-input":{"@type":"PropertyValueSpecification","valueRequired":true,"valueName":"search_term_string"}}],"inLanguage":"en-US"},{"@type":"Organization","@id":"https:\/\/www.smedemokrati.sk\/#organization","name":"Smedemokrati.sk","url":"https:\/\/www.smedemokrati.sk\/","logo":{"@type":"ImageObject","inLanguage":"en-US","@id":"https:\/\/www.smedemokrati.sk\/#\/schema\/logo\/image\/","url":"https:\/\/www.smedemokrati.sk\/wp-content\/uploads\/2023\/04\/ff.002.jpeg","contentUrl":"https:\/\/www.smedemokrati.sk\/wp-content\/uploads\/2023\/04\/ff.002.jpeg","width":640,"height":480,"caption":"Smedemokrati.sk"},"image":{"@id":"https:\/\/www.smedemokrati.sk\/#\/schema\/logo\/image\/"},"sameAs":["https:\/\/www.facebook.com\/smedemokrati2023"]},{"@type":"Person","@id":"https:\/\/www.smedemokrati.sk\/#\/schema\/person\/21f147c88d605aa7ded900e1e7c344ba","name":"miro.sopko","image":{"@type":"ImageObject","inLanguage":"en-US","@id":"https:\/\/secure.gravatar.com\/avatar\/267e4a36f704376c109afe3a78740c1f5dd8675a2180a908699e7863c9247606?s=96&d=mm&r=g","url":"https:\/\/secure.gravatar.com\/avatar\/267e4a36f704376c109afe3a78740c1f5dd8675a2180a908699e7863c9247606?s=96&d=mm&r=g","contentUrl":"https:\/\/secure.gravatar.com\/avatar\/267e4a36f704376c109afe3a78740c1f5dd8675a2180a908699e7863c9247606?s=96&d=mm&r=g","caption":"miro.sopko"},"url":"https:\/\/www.smedemokrati.sk\/en\/author\/miro-sopko\/"}]}},"_links":{"self":[{"href":"https:\/\/www.smedemokrati.sk\/en\/wp-json\/wp\/v2\/posts\/4731","targetHints":{"allow":["GET"]}}],"collection":[{"href":"https:\/\/www.smedemokrati.sk\/en\/wp-json\/wp\/v2\/posts"}],"about":[{"href":"https:\/\/www.smedemokrati.sk\/en\/wp-json\/wp\/v2\/types\/post"}],"author":[{"embeddable":true,"href":"https:\/\/www.smedemokrati.sk\/en\/wp-json\/wp\/v2\/users\/13"}],"replies":[{"embeddable":true,"href":"https:\/\/www.smedemokrati.sk\/en\/wp-json\/wp\/v2\/comments?post=4731"}],"version-history":[{"count":1,"href":"https:\/\/www.smedemokrati.sk\/en\/wp-json\/wp\/v2\/posts\/4731\/revisions"}],"predecessor-version":[{"id":4734,"href":"https:\/\/www.smedemokrati.sk\/en\/wp-json\/wp\/v2\/posts\/4731\/revisions\/4734"}],"wp:featuredmedia":[{"embeddable":true,"href":"https:\/\/www.smedemokrati.sk\/en\/wp-json\/wp\/v2\/media\/4733"}],"wp:attachment":[{"href":"https:\/\/www.smedemokrati.sk\/en\/wp-json\/wp\/v2\/media?parent=4731"}],"wp:term":[{"taxonomy":"category","embeddable":true,"href":"https:\/\/www.smedemokrati.sk\/en\/wp-json\/wp\/v2\/categories?post=4731"},{"taxonomy":"post_tag","embeddable":true,"href":"https:\/\/www.smedemokrati.sk\/en\/wp-json\/wp\/v2\/tags?post=4731"}],"curies":[{"name":"wp","href":"https:\/\/api.w.org\/{rel}","templated":true}]}}