{"id":4714,"date":"2024-07-22T13:33:18","date_gmt":"2024-07-22T12:33:18","guid":{"rendered":"https:\/\/www.smedemokrati.sk\/?p=4714"},"modified":"2024-07-23T13:51:00","modified_gmt":"2024-07-23T12:51:00","slug":"ficova-vlada-urobila-z-pacientov-obete-personalnych-cistiek-ziadame-vyvodenie-zodpovednosti","status":"publish","type":"post","link":"https:\/\/www.smedemokrati.sk\/en\/ficova-vlada-urobila-z-pacientov-obete-personalnych-cistiek-ziadame-vyvodenie-zodpovednosti\/","title":{"rendered":"Ficova vl\u00e1da urobila z pacientov obete person\u00e1lnych \u010distiek, \u017eiadame vyvodenie zodpovednosti"},"content":{"rendered":"<div id=\"fb-root\"><\/div>\n\n<p><strong>Nefunk\u010dnos\u0165 kardiocentra v Tren\u010d\u00edne je d\u00f4kazom nekompetentnosti s\u00fa\u010dasn\u00e9ho vedenia nemocnice. Po pr\u00edchode nov\u00e9ho riadite\u013ea Michala Plesn\u00edka (nominant ministerky Dolinkovej) za\u010dali nezmyseln\u00e9 person\u00e1lne \u010distky. Prim\u00e1r s 30-ro\u010dnou praxou Peter Bla\u0161ko, ktor\u00fd kardiocentrum zriadil, dostal v\u00fdpove\u010f. Po tomto kroku sa mno\u017estvo lek\u00e1rov rozhodlo s nemocnicou ukon\u010di\u0165 pracovn\u00fd pomer, \u010fal\u0161\u00ed s\u00fa vo v\u00fdpovednej lehote, kardiocentrum je preto moment\u00e1lne prakticky nefunk\u010dn\u00e9. Vyz\u00fdvame Roberta Fica k okam\u017eit\u00e9mu rie\u0161enie a prevzatiu zodpovednosti ministerky Dolinkovej.<\/strong><\/p>\n\n\n\n<p>Person\u00e1lne \u010distky v nemocnici realizovan\u00e9 s\u00fa\u010dasn\u00fdm veden\u00edm viedli k znefunk\u010dneniu kardiocentra poskytuj\u00faceho neodkladn\u00fa zdravotn\u00fa starostlivos\u0165 pre pacientov so srdcov\u00fdmi pr\u00edhodami \u010di ak\u00fatnym infarktom. Neurochirurg a zdravotn\u00edcky expert Demokratov Viliam Novotn\u00fd hovor\u00ed, \u017ee ide o bezprecedentn\u00fa situ\u00e1ciu:\u00a0<em>\u201ePacienti z Tren\u010d\u00edna a okolia musia by\u0165 transportovan\u00ed do vzdialenej\u0161\u00edch kardiocentier, \u010do v\u00e1\u017ene ohrozuje ich stav aj progn\u00f3zu lie\u010dby. Pri srdcov\u00fdch pr\u00edhod\u00e1ch \u010di infarktoch, je pr\u00e1ve \u010das ve\u013eakr\u00e1t rozhoduj\u00facim faktorom. Ako lek\u00e1ra, je pre m\u0148a zar\u00e1\u017eaj\u00face, \u017ee si ministerka Dolinkov\u00e1 vybrala uspokojenie stran\u00edckych potrieb a nie \u017eivoty pacientov&#8221;,<\/em>\u00a0hovor\u00ed Novotn\u00fd a opakuje, \u017ee za stav v kardiocentre je priamo zodpovedn\u00e1 pr\u00e1ve Dolinkov\u00e1, preto\u017ee za \u0161\u00e9fa nemocnice vymenovala nesk\u00fasen\u00e9ho a nekompetentn\u00e9ho riadite\u013ea.<\/p>\n\n\n\n<p>Predseda Demokratov Jaroslav Na\u010f vyz\u00fdva Roberta Fica, aby situ\u00e1ciu ak\u00fatne rie\u0161il:\u00a0<em>\u201eNer\u00e1d ru\u0161\u00edm p\u00e1na premi\u00e9ra pri rekonvalescencii na Jadrane, no ide o \u013eudsk\u00e9 \u017eivoty. O\u010dak\u00e1vam okam\u017eit\u00e9 predstavenie rie\u0161enia situ\u00e1cie a prevzatie plnej zodpovednosti zo strany ministerky Dolinkovej. Ide o flagrantn\u00fa nekompetentnos\u0165, ktor\u00e1 priamo ohrozuje zdravie a \u017eivoty pacientov. Minister, ktor\u00fd sa tak\u00e9hoto konania vedome dopust\u00ed, mus\u00ed okam\u017eite od\u00eds\u0165 z funkcie.&#8221;<\/em><\/p>\n","protected":false},"excerpt":{"rendered":"<p>Nefunk\u010dnos\u0165 kardiocentra v Tren\u010d\u00edne je d\u00f4kazom nekompetentnosti s\u00fa\u010dasn\u00e9ho vedenia nemocnice. Po pr\u00edchode nov\u00e9ho riadite\u013ea Michala Plesn\u00edka (nominant ministerky Dolinkovej) za\u010dali nezmyseln\u00e9 person\u00e1lne \u010distky. Prim\u00e1r s 30-ro\u010dnou praxou Peter Bla\u0161ko, ktor\u00fd kardiocentrum zriadil, dostal v\u00fdpove\u010f. Po tomto kroku sa mno\u017estvo lek\u00e1rov rozhodlo s nemocnicou ukon\u010di\u0165 pracovn\u00fd pomer, \u010fal\u0161\u00ed s\u00fa vo v\u00fdpovednej lehote, kardiocentrum je preto moment\u00e1lne [&hellip;]<\/p>\n","protected":false},"author":13,"featured_media":4715,"comment_status":"closed","ping_status":"closed","sticky":false,"template":"","format":"standard","meta":{"_acf_changed":false,"ngg_post_thumbnail":0,"footnotes":""},"categories":[4],"tags":[],"class_list":["post-4714","post","type-post","status-publish","format-standard","has-post-thumbnail","hentry","category-tlacove-spravy"],"acf":[],"yoast_head":"<!-- This site is optimized with the Yoast SEO plugin v27.2 - https:\/\/yoast.com\/product\/yoast-seo-wordpress\/ -->\n<title>Ficova vl\u00e1da urobila z pacientov obete person\u00e1lnych \u010distiek, \u017eiadame vyvodenie zodpovednosti<\/title>\n<meta name=\"robots\" content=\"index, follow, max-snippet:-1, max-image-preview:large, max-video-preview:-1\" \/>\n<link rel=\"canonical\" href=\"https:\/\/www.smedemokrati.sk\/en\/ficova-vlada-urobila-z-pacientov-obete-personalnych-cistiek-ziadame-vyvodenie-zodpovednosti\/\" \/>\n<meta property=\"og:locale\" content=\"en_US\" \/>\n<meta property=\"og:locale:alternate\" content=\"cs_CZ\" \/>\n<meta property=\"og:locale:alternate\" content=\"hu_HU\" \/>\n<meta property=\"og:locale:alternate\" content=\"sk_SK\" \/>\n<meta property=\"og:locale:alternate\" content=\"sv_SE\" \/>\n<meta property=\"og:type\" content=\"article\" \/>\n<meta property=\"og:title\" content=\"Ficova vl\u00e1da urobila z pacientov obete person\u00e1lnych \u010distiek, \u017eiadame vyvodenie zodpovednosti\" \/>\n<meta property=\"og:description\" content=\"Nefunk\u010dnos\u0165 kardiocentra v Tren\u010d\u00edne je d\u00f4kazom nekompetentnosti s\u00fa\u010dasn\u00e9ho vedenia nemocnice. Po pr\u00edchode nov\u00e9ho riadite\u013ea Michala Plesn\u00edka (nominant ministerky Dolinkovej) za\u010dali nezmyseln\u00e9 person\u00e1lne \u010distky. Prim\u00e1r s 30-ro\u010dnou praxou Peter Bla\u0161ko, ktor\u00fd kardiocentrum zriadil, dostal v\u00fdpove\u010f. Po tomto kroku sa mno\u017estvo lek\u00e1rov rozhodlo s nemocnicou ukon\u010di\u0165 pracovn\u00fd pomer, \u010fal\u0161\u00ed s\u00fa vo v\u00fdpovednej lehote, kardiocentrum je preto moment\u00e1lne [&hellip;]\" \/>\n<meta property=\"og:url\" content=\"https:\/\/www.smedemokrati.sk\/en\/ficova-vlada-urobila-z-pacientov-obete-personalnych-cistiek-ziadame-vyvodenie-zodpovednosti\/\" \/>\n<meta property=\"og:site_name\" content=\"Smedemokrati.sk\" \/>\n<meta property=\"article:publisher\" content=\"https:\/\/www.facebook.com\/smedemokrati2023\" \/>\n<meta property=\"article:published_time\" content=\"2024-07-22T12:33:18+00:00\" \/>\n<meta property=\"article:modified_time\" content=\"2024-07-23T12:51:00+00:00\" \/>\n<meta property=\"og:image\" content=\"https:\/\/www.smedemokrati.sk\/wp-content\/uploads\/2024\/07\/dolinkova.jpg\" \/>\n\t<meta property=\"og:image:width\" content=\"900\" \/>\n\t<meta property=\"og:image:height\" content=\"602\" \/>\n\t<meta property=\"og:image:type\" content=\"image\/jpeg\" \/>\n<meta name=\"author\" content=\"miro.sopko\" \/>\n<meta name=\"twitter:card\" content=\"summary_large_image\" \/>\n<meta name=\"twitter:label1\" content=\"Written by\" \/>\n\t<meta name=\"twitter:data1\" content=\"miro.sopko\" \/>\n\t<meta name=\"twitter:label2\" content=\"Est. reading time\" \/>\n\t<meta name=\"twitter:data2\" content=\"2 minutes\" \/>\n<script type=\"application\/ld+json\" class=\"yoast-schema-graph\">{\"@context\":\"https:\/\/schema.org\",\"@graph\":[{\"@type\":\"Article\",\"@id\":\"https:\/\/www.smedemokrati.sk\/ficova-vlada-urobila-z-pacientov-obete-personalnych-cistiek-ziadame-vyvodenie-zodpovednosti\/#article\",\"isPartOf\":{\"@id\":\"https:\/\/www.smedemokrati.sk\/ficova-vlada-urobila-z-pacientov-obete-personalnych-cistiek-ziadame-vyvodenie-zodpovednosti\/\"},\"author\":{\"name\":\"miro.sopko\",\"@id\":\"https:\/\/www.smedemokrati.sk\/#\/schema\/person\/21f147c88d605aa7ded900e1e7c344ba\"},\"headline\":\"Ficova vl\u00e1da urobila z pacientov obete person\u00e1lnych \u010distiek, \u017eiadame vyvodenie zodpovednosti\",\"datePublished\":\"2024-07-22T12:33:18+00:00\",\"dateModified\":\"2024-07-23T12:51:00+00:00\",\"mainEntityOfPage\":{\"@id\":\"https:\/\/www.smedemokrati.sk\/ficova-vlada-urobila-z-pacientov-obete-personalnych-cistiek-ziadame-vyvodenie-zodpovednosti\/\"},\"wordCount\":325,\"publisher\":{\"@id\":\"https:\/\/www.smedemokrati.sk\/#organization\"},\"image\":{\"@id\":\"https:\/\/www.smedemokrati.sk\/ficova-vlada-urobila-z-pacientov-obete-personalnych-cistiek-ziadame-vyvodenie-zodpovednosti\/#primaryimage\"},\"thumbnailUrl\":\"https:\/\/www.smedemokrati.sk\/wp-content\/uploads\/2024\/07\/dolinkova.jpg\",\"articleSection\":[\"Tla\u010dov\u00e9 spr\u00e1vy\"],\"inLanguage\":\"en-US\"},{\"@type\":\"WebPage\",\"@id\":\"https:\/\/www.smedemokrati.sk\/ficova-vlada-urobila-z-pacientov-obete-personalnych-cistiek-ziadame-vyvodenie-zodpovednosti\/\",\"url\":\"https:\/\/www.smedemokrati.sk\/ficova-vlada-urobila-z-pacientov-obete-personalnych-cistiek-ziadame-vyvodenie-zodpovednosti\/\",\"name\":\"Ficova vl\u00e1da urobila z pacientov obete person\u00e1lnych \u010distiek, \u017eiadame vyvodenie zodpovednosti\",\"isPartOf\":{\"@id\":\"https:\/\/www.smedemokrati.sk\/#website\"},\"primaryImageOfPage\":{\"@id\":\"https:\/\/www.smedemokrati.sk\/ficova-vlada-urobila-z-pacientov-obete-personalnych-cistiek-ziadame-vyvodenie-zodpovednosti\/#primaryimage\"},\"image\":{\"@id\":\"https:\/\/www.smedemokrati.sk\/ficova-vlada-urobila-z-pacientov-obete-personalnych-cistiek-ziadame-vyvodenie-zodpovednosti\/#primaryimage\"},\"thumbnailUrl\":\"https:\/\/www.smedemokrati.sk\/wp-content\/uploads\/2024\/07\/dolinkova.jpg\",\"datePublished\":\"2024-07-22T12:33:18+00:00\",\"dateModified\":\"2024-07-23T12:51:00+00:00\",\"breadcrumb\":{\"@id\":\"https:\/\/www.smedemokrati.sk\/ficova-vlada-urobila-z-pacientov-obete-personalnych-cistiek-ziadame-vyvodenie-zodpovednosti\/#breadcrumb\"},\"inLanguage\":\"en-US\",\"potentialAction\":[{\"@type\":\"ReadAction\",\"target\":[\"https:\/\/www.smedemokrati.sk\/ficova-vlada-urobila-z-pacientov-obete-personalnych-cistiek-ziadame-vyvodenie-zodpovednosti\/\"]}]},{\"@type\":\"ImageObject\",\"inLanguage\":\"en-US\",\"@id\":\"https:\/\/www.smedemokrati.sk\/ficova-vlada-urobila-z-pacientov-obete-personalnych-cistiek-ziadame-vyvodenie-zodpovednosti\/#primaryimage\",\"url\":\"https:\/\/www.smedemokrati.sk\/wp-content\/uploads\/2024\/07\/dolinkova.jpg\",\"contentUrl\":\"https:\/\/www.smedemokrati.sk\/wp-content\/uploads\/2024\/07\/dolinkova.jpg\",\"width\":900,\"height\":602},{\"@type\":\"BreadcrumbList\",\"@id\":\"https:\/\/www.smedemokrati.sk\/ficova-vlada-urobila-z-pacientov-obete-personalnych-cistiek-ziadame-vyvodenie-zodpovednosti\/#breadcrumb\",\"itemListElement\":[{\"@type\":\"ListItem\",\"position\":1,\"name\":\"Domovsk\u00e1 str\u00e1nka\",\"item\":\"https:\/\/www.smedemokrati.sk\/\"},{\"@type\":\"ListItem\",\"position\":2,\"name\":\"Ficova vl\u00e1da urobila z pacientov obete person\u00e1lnych \u010distiek, \u017eiadame vyvodenie zodpovednosti\"}]},{\"@type\":\"WebSite\",\"@id\":\"https:\/\/www.smedemokrati.sk\/#website\",\"url\":\"https:\/\/www.smedemokrati.sk\/\",\"name\":\"Smedemokrati.sk\",\"description\":\"Demokracia a slu\u0161nos\u0165 zv\u00ed\u0165az\u00ed\",\"publisher\":{\"@id\":\"https:\/\/www.smedemokrati.sk\/#organization\"},\"potentialAction\":[{\"@type\":\"SearchAction\",\"target\":{\"@type\":\"EntryPoint\",\"urlTemplate\":\"https:\/\/www.smedemokrati.sk\/?s={search_term_string}\"},\"query-input\":{\"@type\":\"PropertyValueSpecification\",\"valueRequired\":true,\"valueName\":\"search_term_string\"}}],\"inLanguage\":\"en-US\"},{\"@type\":\"Organization\",\"@id\":\"https:\/\/www.smedemokrati.sk\/#organization\",\"name\":\"Smedemokrati.sk\",\"url\":\"https:\/\/www.smedemokrati.sk\/\",\"logo\":{\"@type\":\"ImageObject\",\"inLanguage\":\"en-US\",\"@id\":\"https:\/\/www.smedemokrati.sk\/#\/schema\/logo\/image\/\",\"url\":\"https:\/\/www.smedemokrati.sk\/wp-content\/uploads\/2023\/04\/ff.002.jpeg\",\"contentUrl\":\"https:\/\/www.smedemokrati.sk\/wp-content\/uploads\/2023\/04\/ff.002.jpeg\",\"width\":640,\"height\":480,\"caption\":\"Smedemokrati.sk\"},\"image\":{\"@id\":\"https:\/\/www.smedemokrati.sk\/#\/schema\/logo\/image\/\"},\"sameAs\":[\"https:\/\/www.facebook.com\/smedemokrati2023\"]},{\"@type\":\"Person\",\"@id\":\"https:\/\/www.smedemokrati.sk\/#\/schema\/person\/21f147c88d605aa7ded900e1e7c344ba\",\"name\":\"miro.sopko\",\"image\":{\"@type\":\"ImageObject\",\"inLanguage\":\"en-US\",\"@id\":\"https:\/\/secure.gravatar.com\/avatar\/267e4a36f704376c109afe3a78740c1f5dd8675a2180a908699e7863c9247606?s=96&d=mm&r=g\",\"url\":\"https:\/\/secure.gravatar.com\/avatar\/267e4a36f704376c109afe3a78740c1f5dd8675a2180a908699e7863c9247606?s=96&d=mm&r=g\",\"contentUrl\":\"https:\/\/secure.gravatar.com\/avatar\/267e4a36f704376c109afe3a78740c1f5dd8675a2180a908699e7863c9247606?s=96&d=mm&r=g\",\"caption\":\"miro.sopko\"},\"url\":\"https:\/\/www.smedemokrati.sk\/en\/author\/miro-sopko\/\"}]}<\/script>\n<!-- \/ Yoast SEO plugin. -->","yoast_head_json":{"title":"Ficova vl\u00e1da urobila z pacientov obete person\u00e1lnych \u010distiek, \u017eiadame vyvodenie zodpovednosti","robots":{"index":"index","follow":"follow","max-snippet":"max-snippet:-1","max-image-preview":"max-image-preview:large","max-video-preview":"max-video-preview:-1"},"canonical":"https:\/\/www.smedemokrati.sk\/en\/ficova-vlada-urobila-z-pacientov-obete-personalnych-cistiek-ziadame-vyvodenie-zodpovednosti\/","og_locale":"en_US","og_type":"article","og_title":"[:sk]Ficova vl\u00e1da urobila z pacientov obete person\u00e1lnych \u010distiek, \u017eiadame vyvodenie zodpovednosti[:] - Smedemokrati.sk","og_description":"Nefunk\u010dnos\u0165 kardiocentra v Tren\u010d\u00edne je d\u00f4kazom nekompetentnosti s\u00fa\u010dasn\u00e9ho vedenia nemocnice. Po pr\u00edchode nov\u00e9ho riadite\u013ea Michala Plesn\u00edka (nominant ministerky Dolinkovej) za\u010dali nezmyseln\u00e9 person\u00e1lne \u010distky. Prim\u00e1r s 30-ro\u010dnou praxou Peter Bla\u0161ko, ktor\u00fd kardiocentrum zriadil, dostal v\u00fdpove\u010f. Po tomto kroku sa mno\u017estvo lek\u00e1rov rozhodlo s nemocnicou ukon\u010di\u0165 pracovn\u00fd pomer, \u010fal\u0161\u00ed s\u00fa vo v\u00fdpovednej lehote, kardiocentrum je preto moment\u00e1lne [&hellip;]","og_url":"https:\/\/www.smedemokrati.sk\/en\/ficova-vlada-urobila-z-pacientov-obete-personalnych-cistiek-ziadame-vyvodenie-zodpovednosti\/","og_site_name":"Smedemokrati.sk","article_publisher":"https:\/\/www.facebook.com\/smedemokrati2023","article_published_time":"2024-07-22T12:33:18+00:00","article_modified_time":"2024-07-23T12:51:00+00:00","og_image":[{"width":900,"height":602,"url":"https:\/\/www.smedemokrati.sk\/wp-content\/uploads\/2024\/07\/dolinkova.jpg","type":"image\/jpeg"}],"author":"miro.sopko","twitter_card":"summary_large_image","twitter_misc":{"Written by":"miro.sopko","Est. reading time":"2 minutes"},"schema":{"@context":"https:\/\/schema.org","@graph":[{"@type":"Article","@id":"https:\/\/www.smedemokrati.sk\/ficova-vlada-urobila-z-pacientov-obete-personalnych-cistiek-ziadame-vyvodenie-zodpovednosti\/#article","isPartOf":{"@id":"https:\/\/www.smedemokrati.sk\/ficova-vlada-urobila-z-pacientov-obete-personalnych-cistiek-ziadame-vyvodenie-zodpovednosti\/"},"author":{"name":"miro.sopko","@id":"https:\/\/www.smedemokrati.sk\/#\/schema\/person\/21f147c88d605aa7ded900e1e7c344ba"},"headline":"Ficova vl\u00e1da urobila z pacientov obete person\u00e1lnych \u010distiek, \u017eiadame vyvodenie zodpovednosti","datePublished":"2024-07-22T12:33:18+00:00","dateModified":"2024-07-23T12:51:00+00:00","mainEntityOfPage":{"@id":"https:\/\/www.smedemokrati.sk\/ficova-vlada-urobila-z-pacientov-obete-personalnych-cistiek-ziadame-vyvodenie-zodpovednosti\/"},"wordCount":325,"publisher":{"@id":"https:\/\/www.smedemokrati.sk\/#organization"},"image":{"@id":"https:\/\/www.smedemokrati.sk\/ficova-vlada-urobila-z-pacientov-obete-personalnych-cistiek-ziadame-vyvodenie-zodpovednosti\/#primaryimage"},"thumbnailUrl":"https:\/\/www.smedemokrati.sk\/wp-content\/uploads\/2024\/07\/dolinkova.jpg","articleSection":["Tla\u010dov\u00e9 spr\u00e1vy"],"inLanguage":"en-US"},{"@type":"WebPage","@id":"https:\/\/www.smedemokrati.sk\/ficova-vlada-urobila-z-pacientov-obete-personalnych-cistiek-ziadame-vyvodenie-zodpovednosti\/","url":"https:\/\/www.smedemokrati.sk\/ficova-vlada-urobila-z-pacientov-obete-personalnych-cistiek-ziadame-vyvodenie-zodpovednosti\/","name":"Ficova vl\u00e1da urobila z pacientov obete person\u00e1lnych \u010distiek, \u017eiadame vyvodenie zodpovednosti","isPartOf":{"@id":"https:\/\/www.smedemokrati.sk\/#website"},"primaryImageOfPage":{"@id":"https:\/\/www.smedemokrati.sk\/ficova-vlada-urobila-z-pacientov-obete-personalnych-cistiek-ziadame-vyvodenie-zodpovednosti\/#primaryimage"},"image":{"@id":"https:\/\/www.smedemokrati.sk\/ficova-vlada-urobila-z-pacientov-obete-personalnych-cistiek-ziadame-vyvodenie-zodpovednosti\/#primaryimage"},"thumbnailUrl":"https:\/\/www.smedemokrati.sk\/wp-content\/uploads\/2024\/07\/dolinkova.jpg","datePublished":"2024-07-22T12:33:18+00:00","dateModified":"2024-07-23T12:51:00+00:00","breadcrumb":{"@id":"https:\/\/www.smedemokrati.sk\/ficova-vlada-urobila-z-pacientov-obete-personalnych-cistiek-ziadame-vyvodenie-zodpovednosti\/#breadcrumb"},"inLanguage":"en-US","potentialAction":[{"@type":"ReadAction","target":["https:\/\/www.smedemokrati.sk\/ficova-vlada-urobila-z-pacientov-obete-personalnych-cistiek-ziadame-vyvodenie-zodpovednosti\/"]}]},{"@type":"ImageObject","inLanguage":"en-US","@id":"https:\/\/www.smedemokrati.sk\/ficova-vlada-urobila-z-pacientov-obete-personalnych-cistiek-ziadame-vyvodenie-zodpovednosti\/#primaryimage","url":"https:\/\/www.smedemokrati.sk\/wp-content\/uploads\/2024\/07\/dolinkova.jpg","contentUrl":"https:\/\/www.smedemokrati.sk\/wp-content\/uploads\/2024\/07\/dolinkova.jpg","width":900,"height":602},{"@type":"BreadcrumbList","@id":"https:\/\/www.smedemokrati.sk\/ficova-vlada-urobila-z-pacientov-obete-personalnych-cistiek-ziadame-vyvodenie-zodpovednosti\/#breadcrumb","itemListElement":[{"@type":"ListItem","position":1,"name":"Domovsk\u00e1 str\u00e1nka","item":"https:\/\/www.smedemokrati.sk\/"},{"@type":"ListItem","position":2,"name":"Ficova vl\u00e1da urobila z pacientov obete person\u00e1lnych \u010distiek, \u017eiadame vyvodenie zodpovednosti"}]},{"@type":"WebSite","@id":"https:\/\/www.smedemokrati.sk\/#website","url":"https:\/\/www.smedemokrati.sk\/","name":"Smedemokrati.sk","description":"Demokracia a slu\u0161nos\u0165 zv\u00ed\u0165az\u00ed","publisher":{"@id":"https:\/\/www.smedemokrati.sk\/#organization"},"potentialAction":[{"@type":"SearchAction","target":{"@type":"EntryPoint","urlTemplate":"https:\/\/www.smedemokrati.sk\/?s={search_term_string}"},"query-input":{"@type":"PropertyValueSpecification","valueRequired":true,"valueName":"search_term_string"}}],"inLanguage":"en-US"},{"@type":"Organization","@id":"https:\/\/www.smedemokrati.sk\/#organization","name":"Smedemokrati.sk","url":"https:\/\/www.smedemokrati.sk\/","logo":{"@type":"ImageObject","inLanguage":"en-US","@id":"https:\/\/www.smedemokrati.sk\/#\/schema\/logo\/image\/","url":"https:\/\/www.smedemokrati.sk\/wp-content\/uploads\/2023\/04\/ff.002.jpeg","contentUrl":"https:\/\/www.smedemokrati.sk\/wp-content\/uploads\/2023\/04\/ff.002.jpeg","width":640,"height":480,"caption":"Smedemokrati.sk"},"image":{"@id":"https:\/\/www.smedemokrati.sk\/#\/schema\/logo\/image\/"},"sameAs":["https:\/\/www.facebook.com\/smedemokrati2023"]},{"@type":"Person","@id":"https:\/\/www.smedemokrati.sk\/#\/schema\/person\/21f147c88d605aa7ded900e1e7c344ba","name":"miro.sopko","image":{"@type":"ImageObject","inLanguage":"en-US","@id":"https:\/\/secure.gravatar.com\/avatar\/267e4a36f704376c109afe3a78740c1f5dd8675a2180a908699e7863c9247606?s=96&d=mm&r=g","url":"https:\/\/secure.gravatar.com\/avatar\/267e4a36f704376c109afe3a78740c1f5dd8675a2180a908699e7863c9247606?s=96&d=mm&r=g","contentUrl":"https:\/\/secure.gravatar.com\/avatar\/267e4a36f704376c109afe3a78740c1f5dd8675a2180a908699e7863c9247606?s=96&d=mm&r=g","caption":"miro.sopko"},"url":"https:\/\/www.smedemokrati.sk\/en\/author\/miro-sopko\/"}]}},"_links":{"self":[{"href":"https:\/\/www.smedemokrati.sk\/en\/wp-json\/wp\/v2\/posts\/4714","targetHints":{"allow":["GET"]}}],"collection":[{"href":"https:\/\/www.smedemokrati.sk\/en\/wp-json\/wp\/v2\/posts"}],"about":[{"href":"https:\/\/www.smedemokrati.sk\/en\/wp-json\/wp\/v2\/types\/post"}],"author":[{"embeddable":true,"href":"https:\/\/www.smedemokrati.sk\/en\/wp-json\/wp\/v2\/users\/13"}],"replies":[{"embeddable":true,"href":"https:\/\/www.smedemokrati.sk\/en\/wp-json\/wp\/v2\/comments?post=4714"}],"version-history":[{"count":1,"href":"https:\/\/www.smedemokrati.sk\/en\/wp-json\/wp\/v2\/posts\/4714\/revisions"}],"predecessor-version":[{"id":4716,"href":"https:\/\/www.smedemokrati.sk\/en\/wp-json\/wp\/v2\/posts\/4714\/revisions\/4716"}],"wp:featuredmedia":[{"embeddable":true,"href":"https:\/\/www.smedemokrati.sk\/en\/wp-json\/wp\/v2\/media\/4715"}],"wp:attachment":[{"href":"https:\/\/www.smedemokrati.sk\/en\/wp-json\/wp\/v2\/media?parent=4714"}],"wp:term":[{"taxonomy":"category","embeddable":true,"href":"https:\/\/www.smedemokrati.sk\/en\/wp-json\/wp\/v2\/categories?post=4714"},{"taxonomy":"post_tag","embeddable":true,"href":"https:\/\/www.smedemokrati.sk\/en\/wp-json\/wp\/v2\/tags?post=4714"}],"curies":[{"name":"wp","href":"https:\/\/api.w.org\/{rel}","templated":true}]}}