{"id":4702,"date":"2024-07-19T12:37:31","date_gmt":"2024-07-19T11:37:31","guid":{"rendered":"https:\/\/www.smedemokrati.sk\/?p=4702"},"modified":"2024-07-23T13:47:45","modified_gmt":"2024-07-23T12:47:45","slug":"nova-dan-na-financne-transakcie-utok-na-penazenky-obcanov-a-podnikatelov","status":"publish","type":"post","link":"https:\/\/www.smedemokrati.sk\/en\/nova-dan-na-financne-transakcie-utok-na-penazenky-obcanov-a-podnikatelov\/","title":{"rendered":"Nov\u00e1 da\u0148 na finan\u010dn\u00e9 transakcie \u2013 \u00fatok na pe\u0148a\u017eenky ob\u010danov a podnikate\u013eov"},"content":{"rendered":"<div id=\"fb-root\"><\/div>\n\n<p><strong>Vl\u00e1da Roberta Fica ozn\u00e1mila pl\u00e1ny na zavedenie novej dane na ka\u017ed\u00fd finan\u010dn\u00fd pohyb. Demokrati upozor\u0148uj\u00fa, \u017ee opatrenie by sa negat\u00edvne dotklo ka\u017ed\u00e9ho ob\u010dana vr\u00e1tane d\u00f4chodcov a pre mnoh\u00e9 rodiny by mohlo by\u0165 doslova zni\u010duj\u00face. T\u00e1to da\u0148 je len \u010fal\u0161\u00edm pr\u00edkladom \u013eavicovej de\u0161trukcie a o\u017eobra\u010dovania \u013eud\u00ed v praxi.<\/strong><\/p>\n\n\n\n<p><em>\u201eBol som premi\u00e9rom a ministrom financi\u00ed, tak\u017ee viem, \u010do sa v rozpo\u010dte d\u00e1 a \u010do sa ned\u00e1,\u201c&nbsp;<\/em>otv\u00e1ra t\u00e9mu viedol b\u00fdval\u00fd premi\u00e9r SR a podpredseda Demokratov Eduard Heger:&nbsp;<em>\u201eKe\u010f som zbadal, \u017ee sa Robert Fico chyst\u00e1 zavies\u0165 nov\u00e9 dane, okam\u017eite som vedel, \u017ee toto nem\u00f4\u017ee osta\u0165 bez reakcie. Pam\u00e4t\u00e1m si, ako dnes premi\u00e9r kreslil na tla\u010dovej konferencii, \u017ee bude konsolidova\u0165 0,5 %. Vtedy o \u017eiadnych nov\u00fdch daniach ni\u010d nehovoril. S\u013euboval, \u017ee to zvl\u00e1dne s prstom v nose. To boli sil\u00e1cke re\u010di pln\u00e9 s\u013eubov o nezni\u017eovan\u00ed soci\u00e1lneho \u0161tandardu a lacnej\u0161\u00edch energi\u00e1ch a potravin\u00e1ch.\u201c<\/em><\/p>\n\n\n\n<p>Eduard Heger s\u00fa\u010dasn\u00fa vl\u00e1du okrem zav\u00e1dzania nov\u00fdch dan\u00ed kritizuje za ich nesplnen\u00e9 s\u013euby a nekompetentnos\u0165 v hospod\u00e1ren\u00ed:&nbsp;<em>&#8220;Potraviny dra\u017eej\u00fa, energie bud\u00fa zdra\u017eova\u0165, ke\u010f\u017ee nebud\u00fa dotovan\u00e9. \u013du\u010fom boli odobrat\u00e9 zdravotn\u00e9 benefity a zn\u00ed\u017een\u00e9 odvody do 2. piliera. Zv\u00fd\u0161ili zdravotn\u00e9 odvody a poplatky. Opatreniami preuk\u00e1zate\u013ene siahaj\u00fa na soci\u00e1lny \u0161tandard \u013eud\u00ed, vr\u00e1tane zn\u00ed\u017eenia da\u0148ov\u00e9ho bonusu pre rodiny,&#8221; hovor\u00ed<\/em>&nbsp;podpredseda Demokratov a prizvukuje, \u017ee vl\u00e1da Roberta Fica podviedla cel\u00e9 Slovensko, preto\u017ee nielen \u017ee svoje s\u013euby nedodr\u017eala, ale zav\u00e1dza \u010fal\u0161ie a \u010fal\u0161ie opatrenia, ktor\u00e9 vy\u0165ahuj\u00fa \u013eudom peniaze z pe\u0148a\u017eenky.&nbsp;<\/p>\n\n\n\n<p>Pl\u00e1novan\u00e1 da\u0148 na finan\u010dn\u00e9 transakcie by mala pod\u013ea inform\u00e1ci\u00ed z ministerstva financi\u00ed zah\u0155\u0148a\u0165 be\u017en\u00e9 prevody z \u00fa\u010dtu na \u00fa\u010det, posielanie v\u00fdplat a d\u00f4chodkov na \u00fa\u010det, platenie fakt\u00far, platby kartou a v\u00fdbery z bankomatov.&nbsp;<em>\u201eT\u00e1to da\u0148 ukazuje, ako je vl\u00e1da neschopn\u00e1. S\u013eubovali lep\u0161ie zajtraj\u0161ky, no id\u00fa zdani\u0165 v\u0161etko, \u010do sa \u013eu\u010fom na \u00fa\u010dte mihne,\u201c&nbsp;<\/em>uzatv\u00e1ra expremi\u00e9r.<\/p>\n\n\n\n<p>Dominik Sumbal, \u010dlen expertn\u00e9ho t\u00edmu pre ekonomiku a podnikanie, varuje pred negat\u00edvnymi dopadmi na podnikate\u013esk\u00e9 prostredie a ekonomiku:&nbsp;<em>\u201ePo\u0161kod\u00ed to podnikate\u013esk\u00e9 prostredie, \u013eudia bud\u00fa musie\u0165 kalkulova\u0165, ko\u013eko transakci\u00ed si bud\u00fa m\u00f4c\u0165 dovoli\u0165. T\u00e1to da\u0148 bude motivova\u0165 \u013eud\u00ed, aby si neposielali peniaze cez bankov\u00fd syst\u00e9m, ale popod ruku v hotovosti. Ideme sa vr\u00e1ti\u0165 do stredoveku?\u201c<\/em><\/p>\n\n\n\n<p>Demokrati upozor\u0148uj\u00fa aj na dopady pre mlad\u00fdch \u013eud\u00ed, ktor\u00ed dnes pou\u017e\u00edvaj\u00fa hotovos\u0165 minim\u00e1lne:&nbsp;<em>&#8220;Sna\u017eia sa plati\u0165 inovat\u00edvne, jednoducho a r\u00fdchlo a poplatok za ka\u017ed\u00fa platbu bude predstavova\u0165 \u010fal\u0161\u00ed d\u00f4vod, pre\u010do bud\u00fa chcie\u0165 mlad\u00ed od\u00eds\u0165. Toto opatrenie sa takisto dotkne seniorov, ktor\u00ed bud\u00fa n\u00faten\u00fd obmedzi\u0165 hotovostn\u00e9 v\u00fdbery a t\u00fdm p\u00e1dom sa vraciame 20 rokov dozadu. Toto otv\u00e1ra aj t\u00e9mu bezpe\u010dnosti seniorov, ktor\u00fd dnes bud\u00fa n\u00faten\u00ed pre \u00fasporu n\u00e1kladov, dr\u017ea\u0165 peniaze v hotovosti.&#8221;&nbsp;<\/em>Hovor\u00ed \u010dlen Demokratov Michal Pavl\u00edk.<\/p>\n\n\n\n<p>Strana Demokrati navrhuje alternat\u00edvne rie\u0161enia pre lep\u0161ie hospod\u00e1renie: \u0161etri\u0165 na v\u00fddavkoch vl\u00e1dy a zefekt\u00edvni\u0165 verejn\u00fa spr\u00e1vu. \u010ealej podporova\u0165 dom\u00e1ce mal\u00e9 a stredn\u00e9 podniky, inov\u00e1cie a technologick\u00fd rozvoj. Zn\u00ed\u017ei\u0165 zadl\u017eenie prostredn\u00edctvom zvy\u0161ovania efektivity verejnej spr\u00e1vy a zni\u017eovania zbyto\u010dn\u00fdch v\u00fddavkov.<\/p>\n\n\n\n<div class=\"fb-video\" data-href=\"https:\/\/www.facebook.com\/edoheger\/videos\/827522095991204\/\" data-width=\"500\" data-show-text=\"false\"><blockquote cite=\"https:\/\/www.facebook.com\/edoheger\/videos\/827522095991204\/\" class=\"fb-xfbml-parse-ignore\"><a href=\"https:\/\/www.facebook.com\/edoheger\/videos\/827522095991204\/\"><\/a><p><\/p>Uverejnil pou\u017e\u00edvate\u013e <a href=\"https:\/\/www.facebook.com\/edoheger\">Eduard Heger<\/a> Piatok 19. j\u00fala 2024<\/blockquote><\/div>\n","protected":false},"excerpt":{"rendered":"<p>Vl\u00e1da Roberta Fica ozn\u00e1mila pl\u00e1ny na zavedenie novej dane na ka\u017ed\u00fd finan\u010dn\u00fd pohyb. Demokrati upozor\u0148uj\u00fa, \u017ee opatrenie by sa negat\u00edvne dotklo ka\u017ed\u00e9ho ob\u010dana vr\u00e1tane d\u00f4chodcov a pre mnoh\u00e9 rodiny by mohlo by\u0165 doslova zni\u010duj\u00face. T\u00e1to da\u0148 je len \u010fal\u0161\u00edm pr\u00edkladom \u013eavicovej de\u0161trukcie a o\u017eobra\u010dovania \u013eud\u00ed v praxi. \u201eBol som premi\u00e9rom a ministrom financi\u00ed, tak\u017ee viem, [&hellip;]<\/p>\n","protected":false},"author":13,"featured_media":4703,"comment_status":"closed","ping_status":"closed","sticky":false,"template":"","format":"standard","meta":{"_acf_changed":false,"ngg_post_thumbnail":0,"footnotes":""},"categories":[4],"tags":[],"class_list":["post-4702","post","type-post","status-publish","format-standard","has-post-thumbnail","hentry","category-tlacove-spravy"],"acf":[],"yoast_head":"<!-- This site is optimized with the Yoast SEO plugin v27.2 - https:\/\/yoast.com\/product\/yoast-seo-wordpress\/ -->\n<title>Nov\u00e1 da\u0148 na finan\u010dn\u00e9 transakcie \u2013 \u00fatok na pe\u0148a\u017eenky ob\u010danov a podnikate\u013eov<\/title>\n<meta name=\"robots\" content=\"index, follow, max-snippet:-1, max-image-preview:large, max-video-preview:-1\" \/>\n<link rel=\"canonical\" href=\"https:\/\/www.smedemokrati.sk\/en\/nova-dan-na-financne-transakcie-utok-na-penazenky-obcanov-a-podnikatelov\/\" \/>\n<meta property=\"og:locale\" content=\"en_US\" \/>\n<meta property=\"og:locale:alternate\" content=\"cs_CZ\" \/>\n<meta property=\"og:locale:alternate\" content=\"hu_HU\" \/>\n<meta property=\"og:locale:alternate\" content=\"sk_SK\" \/>\n<meta property=\"og:locale:alternate\" content=\"sv_SE\" \/>\n<meta property=\"og:type\" content=\"article\" \/>\n<meta property=\"og:title\" content=\"Nov\u00e1 da\u0148 na finan\u010dn\u00e9 transakcie \u2013 \u00fatok na pe\u0148a\u017eenky ob\u010danov a podnikate\u013eov\" \/>\n<meta property=\"og:description\" content=\"Vl\u00e1da Roberta Fica ozn\u00e1mila pl\u00e1ny na zavedenie novej dane na ka\u017ed\u00fd finan\u010dn\u00fd pohyb. Demokrati upozor\u0148uj\u00fa, \u017ee opatrenie by sa negat\u00edvne dotklo ka\u017ed\u00e9ho ob\u010dana vr\u00e1tane d\u00f4chodcov a pre mnoh\u00e9 rodiny by mohlo by\u0165 doslova zni\u010duj\u00face. T\u00e1to da\u0148 je len \u010fal\u0161\u00edm pr\u00edkladom \u013eavicovej de\u0161trukcie a o\u017eobra\u010dovania \u013eud\u00ed v praxi. \u201eBol som premi\u00e9rom a ministrom financi\u00ed, tak\u017ee viem, [&hellip;]\" \/>\n<meta property=\"og:url\" content=\"https:\/\/www.smedemokrati.sk\/en\/nova-dan-na-financne-transakcie-utok-na-penazenky-obcanov-a-podnikatelov\/\" \/>\n<meta property=\"og:site_name\" content=\"Smedemokrati.sk\" \/>\n<meta property=\"article:publisher\" content=\"https:\/\/www.facebook.com\/smedemokrati2023\" \/>\n<meta property=\"article:published_time\" content=\"2024-07-19T11:37:31+00:00\" \/>\n<meta property=\"article:modified_time\" content=\"2024-07-23T12:47:45+00:00\" \/>\n<meta property=\"og:image\" content=\"https:\/\/www.smedemokrati.sk\/wp-content\/uploads\/2024\/07\/poverty-4561704_640.jpg\" \/>\n\t<meta property=\"og:image:width\" content=\"640\" \/>\n\t<meta property=\"og:image:height\" content=\"427\" \/>\n\t<meta property=\"og:image:type\" content=\"image\/jpeg\" \/>\n<meta name=\"author\" content=\"miro.sopko\" \/>\n<meta name=\"twitter:card\" content=\"summary_large_image\" \/>\n<meta name=\"twitter:label1\" content=\"Written by\" \/>\n\t<meta name=\"twitter:data1\" content=\"miro.sopko\" \/>\n\t<meta name=\"twitter:label2\" content=\"Est. reading time\" \/>\n\t<meta name=\"twitter:data2\" content=\"3 minutes\" \/>\n<script type=\"application\/ld+json\" class=\"yoast-schema-graph\">{\"@context\":\"https:\/\/schema.org\",\"@graph\":[{\"@type\":\"Article\",\"@id\":\"https:\/\/www.smedemokrati.sk\/nova-dan-na-financne-transakcie-utok-na-penazenky-obcanov-a-podnikatelov\/#article\",\"isPartOf\":{\"@id\":\"https:\/\/www.smedemokrati.sk\/nova-dan-na-financne-transakcie-utok-na-penazenky-obcanov-a-podnikatelov\/\"},\"author\":{\"name\":\"miro.sopko\",\"@id\":\"https:\/\/www.smedemokrati.sk\/#\/schema\/person\/21f147c88d605aa7ded900e1e7c344ba\"},\"headline\":\"Nov\u00e1 da\u0148 na finan\u010dn\u00e9 transakcie \u2013 \u00fatok na pe\u0148a\u017eenky ob\u010danov a podnikate\u013eov\",\"datePublished\":\"2024-07-19T11:37:31+00:00\",\"dateModified\":\"2024-07-23T12:47:45+00:00\",\"mainEntityOfPage\":{\"@id\":\"https:\/\/www.smedemokrati.sk\/nova-dan-na-financne-transakcie-utok-na-penazenky-obcanov-a-podnikatelov\/\"},\"wordCount\":622,\"publisher\":{\"@id\":\"https:\/\/www.smedemokrati.sk\/#organization\"},\"image\":{\"@id\":\"https:\/\/www.smedemokrati.sk\/nova-dan-na-financne-transakcie-utok-na-penazenky-obcanov-a-podnikatelov\/#primaryimage\"},\"thumbnailUrl\":\"https:\/\/www.smedemokrati.sk\/wp-content\/uploads\/2024\/07\/poverty-4561704_640.jpg\",\"articleSection\":[\"Tla\u010dov\u00e9 spr\u00e1vy\"],\"inLanguage\":\"en-US\"},{\"@type\":\"WebPage\",\"@id\":\"https:\/\/www.smedemokrati.sk\/nova-dan-na-financne-transakcie-utok-na-penazenky-obcanov-a-podnikatelov\/\",\"url\":\"https:\/\/www.smedemokrati.sk\/nova-dan-na-financne-transakcie-utok-na-penazenky-obcanov-a-podnikatelov\/\",\"name\":\"Nov\u00e1 da\u0148 na finan\u010dn\u00e9 transakcie \u2013 \u00fatok na pe\u0148a\u017eenky ob\u010danov a podnikate\u013eov\",\"isPartOf\":{\"@id\":\"https:\/\/www.smedemokrati.sk\/#website\"},\"primaryImageOfPage\":{\"@id\":\"https:\/\/www.smedemokrati.sk\/nova-dan-na-financne-transakcie-utok-na-penazenky-obcanov-a-podnikatelov\/#primaryimage\"},\"image\":{\"@id\":\"https:\/\/www.smedemokrati.sk\/nova-dan-na-financne-transakcie-utok-na-penazenky-obcanov-a-podnikatelov\/#primaryimage\"},\"thumbnailUrl\":\"https:\/\/www.smedemokrati.sk\/wp-content\/uploads\/2024\/07\/poverty-4561704_640.jpg\",\"datePublished\":\"2024-07-19T11:37:31+00:00\",\"dateModified\":\"2024-07-23T12:47:45+00:00\",\"breadcrumb\":{\"@id\":\"https:\/\/www.smedemokrati.sk\/nova-dan-na-financne-transakcie-utok-na-penazenky-obcanov-a-podnikatelov\/#breadcrumb\"},\"inLanguage\":\"en-US\",\"potentialAction\":[{\"@type\":\"ReadAction\",\"target\":[\"https:\/\/www.smedemokrati.sk\/nova-dan-na-financne-transakcie-utok-na-penazenky-obcanov-a-podnikatelov\/\"]}]},{\"@type\":\"ImageObject\",\"inLanguage\":\"en-US\",\"@id\":\"https:\/\/www.smedemokrati.sk\/nova-dan-na-financne-transakcie-utok-na-penazenky-obcanov-a-podnikatelov\/#primaryimage\",\"url\":\"https:\/\/www.smedemokrati.sk\/wp-content\/uploads\/2024\/07\/poverty-4561704_640.jpg\",\"contentUrl\":\"https:\/\/www.smedemokrati.sk\/wp-content\/uploads\/2024\/07\/poverty-4561704_640.jpg\",\"width\":640,\"height\":427},{\"@type\":\"BreadcrumbList\",\"@id\":\"https:\/\/www.smedemokrati.sk\/nova-dan-na-financne-transakcie-utok-na-penazenky-obcanov-a-podnikatelov\/#breadcrumb\",\"itemListElement\":[{\"@type\":\"ListItem\",\"position\":1,\"name\":\"Domovsk\u00e1 str\u00e1nka\",\"item\":\"https:\/\/www.smedemokrati.sk\/\"},{\"@type\":\"ListItem\",\"position\":2,\"name\":\"Nov\u00e1 da\u0148 na finan\u010dn\u00e9 transakcie \u2013 \u00fatok na pe\u0148a\u017eenky ob\u010danov a podnikate\u013eov\"}]},{\"@type\":\"WebSite\",\"@id\":\"https:\/\/www.smedemokrati.sk\/#website\",\"url\":\"https:\/\/www.smedemokrati.sk\/\",\"name\":\"Smedemokrati.sk\",\"description\":\"Demokracia a slu\u0161nos\u0165 zv\u00ed\u0165az\u00ed\",\"publisher\":{\"@id\":\"https:\/\/www.smedemokrati.sk\/#organization\"},\"potentialAction\":[{\"@type\":\"SearchAction\",\"target\":{\"@type\":\"EntryPoint\",\"urlTemplate\":\"https:\/\/www.smedemokrati.sk\/?s={search_term_string}\"},\"query-input\":{\"@type\":\"PropertyValueSpecification\",\"valueRequired\":true,\"valueName\":\"search_term_string\"}}],\"inLanguage\":\"en-US\"},{\"@type\":\"Organization\",\"@id\":\"https:\/\/www.smedemokrati.sk\/#organization\",\"name\":\"Smedemokrati.sk\",\"url\":\"https:\/\/www.smedemokrati.sk\/\",\"logo\":{\"@type\":\"ImageObject\",\"inLanguage\":\"en-US\",\"@id\":\"https:\/\/www.smedemokrati.sk\/#\/schema\/logo\/image\/\",\"url\":\"https:\/\/www.smedemokrati.sk\/wp-content\/uploads\/2023\/04\/ff.002.jpeg\",\"contentUrl\":\"https:\/\/www.smedemokrati.sk\/wp-content\/uploads\/2023\/04\/ff.002.jpeg\",\"width\":640,\"height\":480,\"caption\":\"Smedemokrati.sk\"},\"image\":{\"@id\":\"https:\/\/www.smedemokrati.sk\/#\/schema\/logo\/image\/\"},\"sameAs\":[\"https:\/\/www.facebook.com\/smedemokrati2023\"]},{\"@type\":\"Person\",\"@id\":\"https:\/\/www.smedemokrati.sk\/#\/schema\/person\/21f147c88d605aa7ded900e1e7c344ba\",\"name\":\"miro.sopko\",\"image\":{\"@type\":\"ImageObject\",\"inLanguage\":\"en-US\",\"@id\":\"https:\/\/secure.gravatar.com\/avatar\/267e4a36f704376c109afe3a78740c1f5dd8675a2180a908699e7863c9247606?s=96&d=mm&r=g\",\"url\":\"https:\/\/secure.gravatar.com\/avatar\/267e4a36f704376c109afe3a78740c1f5dd8675a2180a908699e7863c9247606?s=96&d=mm&r=g\",\"contentUrl\":\"https:\/\/secure.gravatar.com\/avatar\/267e4a36f704376c109afe3a78740c1f5dd8675a2180a908699e7863c9247606?s=96&d=mm&r=g\",\"caption\":\"miro.sopko\"},\"url\":\"https:\/\/www.smedemokrati.sk\/en\/author\/miro-sopko\/\"}]}<\/script>\n<!-- \/ Yoast SEO plugin. -->","yoast_head_json":{"title":"Nov\u00e1 da\u0148 na finan\u010dn\u00e9 transakcie \u2013 \u00fatok na pe\u0148a\u017eenky ob\u010danov a podnikate\u013eov","robots":{"index":"index","follow":"follow","max-snippet":"max-snippet:-1","max-image-preview":"max-image-preview:large","max-video-preview":"max-video-preview:-1"},"canonical":"https:\/\/www.smedemokrati.sk\/en\/nova-dan-na-financne-transakcie-utok-na-penazenky-obcanov-a-podnikatelov\/","og_locale":"en_US","og_type":"article","og_title":"[:sk]Nov\u00e1 da\u0148 na finan\u010dn\u00e9 transakcie \u2013 \u00fatok na pe\u0148a\u017eenky ob\u010danov a podnikate\u013eov[:] - Smedemokrati.sk","og_description":"Vl\u00e1da Roberta Fica ozn\u00e1mila pl\u00e1ny na zavedenie novej dane na ka\u017ed\u00fd finan\u010dn\u00fd pohyb. Demokrati upozor\u0148uj\u00fa, \u017ee opatrenie by sa negat\u00edvne dotklo ka\u017ed\u00e9ho ob\u010dana vr\u00e1tane d\u00f4chodcov a pre mnoh\u00e9 rodiny by mohlo by\u0165 doslova zni\u010duj\u00face. T\u00e1to da\u0148 je len \u010fal\u0161\u00edm pr\u00edkladom \u013eavicovej de\u0161trukcie a o\u017eobra\u010dovania \u013eud\u00ed v praxi. \u201eBol som premi\u00e9rom a ministrom financi\u00ed, tak\u017ee viem, [&hellip;]","og_url":"https:\/\/www.smedemokrati.sk\/en\/nova-dan-na-financne-transakcie-utok-na-penazenky-obcanov-a-podnikatelov\/","og_site_name":"Smedemokrati.sk","article_publisher":"https:\/\/www.facebook.com\/smedemokrati2023","article_published_time":"2024-07-19T11:37:31+00:00","article_modified_time":"2024-07-23T12:47:45+00:00","og_image":[{"width":640,"height":427,"url":"https:\/\/www.smedemokrati.sk\/wp-content\/uploads\/2024\/07\/poverty-4561704_640.jpg","type":"image\/jpeg"}],"author":"miro.sopko","twitter_card":"summary_large_image","twitter_misc":{"Written by":"miro.sopko","Est. reading time":"3 minutes"},"schema":{"@context":"https:\/\/schema.org","@graph":[{"@type":"Article","@id":"https:\/\/www.smedemokrati.sk\/nova-dan-na-financne-transakcie-utok-na-penazenky-obcanov-a-podnikatelov\/#article","isPartOf":{"@id":"https:\/\/www.smedemokrati.sk\/nova-dan-na-financne-transakcie-utok-na-penazenky-obcanov-a-podnikatelov\/"},"author":{"name":"miro.sopko","@id":"https:\/\/www.smedemokrati.sk\/#\/schema\/person\/21f147c88d605aa7ded900e1e7c344ba"},"headline":"Nov\u00e1 da\u0148 na finan\u010dn\u00e9 transakcie \u2013 \u00fatok na pe\u0148a\u017eenky ob\u010danov a podnikate\u013eov","datePublished":"2024-07-19T11:37:31+00:00","dateModified":"2024-07-23T12:47:45+00:00","mainEntityOfPage":{"@id":"https:\/\/www.smedemokrati.sk\/nova-dan-na-financne-transakcie-utok-na-penazenky-obcanov-a-podnikatelov\/"},"wordCount":622,"publisher":{"@id":"https:\/\/www.smedemokrati.sk\/#organization"},"image":{"@id":"https:\/\/www.smedemokrati.sk\/nova-dan-na-financne-transakcie-utok-na-penazenky-obcanov-a-podnikatelov\/#primaryimage"},"thumbnailUrl":"https:\/\/www.smedemokrati.sk\/wp-content\/uploads\/2024\/07\/poverty-4561704_640.jpg","articleSection":["Tla\u010dov\u00e9 spr\u00e1vy"],"inLanguage":"en-US"},{"@type":"WebPage","@id":"https:\/\/www.smedemokrati.sk\/nova-dan-na-financne-transakcie-utok-na-penazenky-obcanov-a-podnikatelov\/","url":"https:\/\/www.smedemokrati.sk\/nova-dan-na-financne-transakcie-utok-na-penazenky-obcanov-a-podnikatelov\/","name":"Nov\u00e1 da\u0148 na finan\u010dn\u00e9 transakcie \u2013 \u00fatok na pe\u0148a\u017eenky ob\u010danov a podnikate\u013eov","isPartOf":{"@id":"https:\/\/www.smedemokrati.sk\/#website"},"primaryImageOfPage":{"@id":"https:\/\/www.smedemokrati.sk\/nova-dan-na-financne-transakcie-utok-na-penazenky-obcanov-a-podnikatelov\/#primaryimage"},"image":{"@id":"https:\/\/www.smedemokrati.sk\/nova-dan-na-financne-transakcie-utok-na-penazenky-obcanov-a-podnikatelov\/#primaryimage"},"thumbnailUrl":"https:\/\/www.smedemokrati.sk\/wp-content\/uploads\/2024\/07\/poverty-4561704_640.jpg","datePublished":"2024-07-19T11:37:31+00:00","dateModified":"2024-07-23T12:47:45+00:00","breadcrumb":{"@id":"https:\/\/www.smedemokrati.sk\/nova-dan-na-financne-transakcie-utok-na-penazenky-obcanov-a-podnikatelov\/#breadcrumb"},"inLanguage":"en-US","potentialAction":[{"@type":"ReadAction","target":["https:\/\/www.smedemokrati.sk\/nova-dan-na-financne-transakcie-utok-na-penazenky-obcanov-a-podnikatelov\/"]}]},{"@type":"ImageObject","inLanguage":"en-US","@id":"https:\/\/www.smedemokrati.sk\/nova-dan-na-financne-transakcie-utok-na-penazenky-obcanov-a-podnikatelov\/#primaryimage","url":"https:\/\/www.smedemokrati.sk\/wp-content\/uploads\/2024\/07\/poverty-4561704_640.jpg","contentUrl":"https:\/\/www.smedemokrati.sk\/wp-content\/uploads\/2024\/07\/poverty-4561704_640.jpg","width":640,"height":427},{"@type":"BreadcrumbList","@id":"https:\/\/www.smedemokrati.sk\/nova-dan-na-financne-transakcie-utok-na-penazenky-obcanov-a-podnikatelov\/#breadcrumb","itemListElement":[{"@type":"ListItem","position":1,"name":"Domovsk\u00e1 str\u00e1nka","item":"https:\/\/www.smedemokrati.sk\/"},{"@type":"ListItem","position":2,"name":"Nov\u00e1 da\u0148 na finan\u010dn\u00e9 transakcie \u2013 \u00fatok na pe\u0148a\u017eenky ob\u010danov a podnikate\u013eov"}]},{"@type":"WebSite","@id":"https:\/\/www.smedemokrati.sk\/#website","url":"https:\/\/www.smedemokrati.sk\/","name":"Smedemokrati.sk","description":"Demokracia a slu\u0161nos\u0165 zv\u00ed\u0165az\u00ed","publisher":{"@id":"https:\/\/www.smedemokrati.sk\/#organization"},"potentialAction":[{"@type":"SearchAction","target":{"@type":"EntryPoint","urlTemplate":"https:\/\/www.smedemokrati.sk\/?s={search_term_string}"},"query-input":{"@type":"PropertyValueSpecification","valueRequired":true,"valueName":"search_term_string"}}],"inLanguage":"en-US"},{"@type":"Organization","@id":"https:\/\/www.smedemokrati.sk\/#organization","name":"Smedemokrati.sk","url":"https:\/\/www.smedemokrati.sk\/","logo":{"@type":"ImageObject","inLanguage":"en-US","@id":"https:\/\/www.smedemokrati.sk\/#\/schema\/logo\/image\/","url":"https:\/\/www.smedemokrati.sk\/wp-content\/uploads\/2023\/04\/ff.002.jpeg","contentUrl":"https:\/\/www.smedemokrati.sk\/wp-content\/uploads\/2023\/04\/ff.002.jpeg","width":640,"height":480,"caption":"Smedemokrati.sk"},"image":{"@id":"https:\/\/www.smedemokrati.sk\/#\/schema\/logo\/image\/"},"sameAs":["https:\/\/www.facebook.com\/smedemokrati2023"]},{"@type":"Person","@id":"https:\/\/www.smedemokrati.sk\/#\/schema\/person\/21f147c88d605aa7ded900e1e7c344ba","name":"miro.sopko","image":{"@type":"ImageObject","inLanguage":"en-US","@id":"https:\/\/secure.gravatar.com\/avatar\/267e4a36f704376c109afe3a78740c1f5dd8675a2180a908699e7863c9247606?s=96&d=mm&r=g","url":"https:\/\/secure.gravatar.com\/avatar\/267e4a36f704376c109afe3a78740c1f5dd8675a2180a908699e7863c9247606?s=96&d=mm&r=g","contentUrl":"https:\/\/secure.gravatar.com\/avatar\/267e4a36f704376c109afe3a78740c1f5dd8675a2180a908699e7863c9247606?s=96&d=mm&r=g","caption":"miro.sopko"},"url":"https:\/\/www.smedemokrati.sk\/en\/author\/miro-sopko\/"}]}},"_links":{"self":[{"href":"https:\/\/www.smedemokrati.sk\/en\/wp-json\/wp\/v2\/posts\/4702","targetHints":{"allow":["GET"]}}],"collection":[{"href":"https:\/\/www.smedemokrati.sk\/en\/wp-json\/wp\/v2\/posts"}],"about":[{"href":"https:\/\/www.smedemokrati.sk\/en\/wp-json\/wp\/v2\/types\/post"}],"author":[{"embeddable":true,"href":"https:\/\/www.smedemokrati.sk\/en\/wp-json\/wp\/v2\/users\/13"}],"replies":[{"embeddable":true,"href":"https:\/\/www.smedemokrati.sk\/en\/wp-json\/wp\/v2\/comments?post=4702"}],"version-history":[{"count":3,"href":"https:\/\/www.smedemokrati.sk\/en\/wp-json\/wp\/v2\/posts\/4702\/revisions"}],"predecessor-version":[{"id":4707,"href":"https:\/\/www.smedemokrati.sk\/en\/wp-json\/wp\/v2\/posts\/4702\/revisions\/4707"}],"wp:featuredmedia":[{"embeddable":true,"href":"https:\/\/www.smedemokrati.sk\/en\/wp-json\/wp\/v2\/media\/4703"}],"wp:attachment":[{"href":"https:\/\/www.smedemokrati.sk\/en\/wp-json\/wp\/v2\/media?parent=4702"}],"wp:term":[{"taxonomy":"category","embeddable":true,"href":"https:\/\/www.smedemokrati.sk\/en\/wp-json\/wp\/v2\/categories?post=4702"},{"taxonomy":"post_tag","embeddable":true,"href":"https:\/\/www.smedemokrati.sk\/en\/wp-json\/wp\/v2\/tags?post=4702"}],"curies":[{"name":"wp","href":"https:\/\/api.w.org\/{rel}","templated":true}]}}