{"id":4694,"date":"2024-07-18T11:44:37","date_gmt":"2024-07-18T10:44:37","guid":{"rendered":"https:\/\/www.smedemokrati.sk\/?p=4694"},"modified":"2024-07-23T13:47:36","modified_gmt":"2024-07-23T12:47:36","slug":"ministerstvo-obrany-usvedcilo-vlastneho-ministra-kalinaka-z-klamstiev-dokument-ktory-potvrdzuje-ze-sme-cast-refundacie-za-pomoc-ukrajine-uz-dostali","status":"publish","type":"post","link":"https:\/\/www.smedemokrati.sk\/en\/ministerstvo-obrany-usvedcilo-vlastneho-ministra-kalinaka-z-klamstiev-dokument-ktory-potvrdzuje-ze-sme-cast-refundacie-za-pomoc-ukrajine-uz-dostali\/","title":{"rendered":"Ministerstvo obrany usved\u010dilo vlastn\u00e9ho ministra Kali\u0148\u00e1ka z klamstiev: dokument, ktor\u00fd potvrdzuje, \u017ee sme \u010das\u0165 refund\u00e1cie za pomoc Ukrajine u\u017e dostali"},"content":{"rendered":"<div id=\"fb-root\"><\/div>\n\n<p><strong>Pod\u013ea ofici\u00e1lneho dokumentu z ministerstva obrany\u00a0 vypl\u00fdva, \u017ee Slovensku u\u017e bola preplaten\u00e1 \u010das\u0165 pomoci Ukrajine, a to vo v\u00fd\u0161ke takmer 82 mili\u00f3nov eur. Demokrati tak reaguj\u00fa na klamstv\u00e1 ministra Kali\u0148\u00e1ka, ktor\u00fd to opakovanie popiera. \u010eal\u0161\u00edch pribli\u017ene 150 mili\u00f3nov eur, n\u00e1m bude rovnako preplaten\u00fdch ihne\u010f, ako proces prestane blokova\u0165 Ma\u010farsko. Predseda Demokratov Jaroslav Na\u010f preto o\u010dak\u00e1va, \u017ee aj t\u00e1to t\u00e9ma bude predmetom rokovania Petra Pellegriniho pri jeho dne\u0161nej ofici\u00e1lnej n\u00e1v\u0161teve Ma\u010farska.<\/strong><\/p>\n\n\n\n<p>R\u00f3bert Kali\u0148\u00e1k opakovane klame verejnos\u0165, \u017ee Slovensko e\u0161te neobdr\u017ealo kompenz\u00e1ciu za poskytnut\u00fa pomoc Ukrajine:&nbsp;<em>\u201cE\u0161te p\u00e1r t\u00fd\u017ed\u0148ami na priamu ot\u00e1zku v telev\u00edznej rel\u00e1cii, \u010di Slovensku bola preplaten\u00e1 pomoc Ukrajine z Eur\u00f3pskeho mierov\u00e9ho n\u00e1stroja, minister Kali\u0148\u00e1k jasne a zrozumite\u013ene odpovedal, \u017ee \u017eiadna kompenz\u00e1cia nenastala. Ako je potom mo\u017en\u00e9, \u017ee ofici\u00e1lny dokument ministerstva obrany hovor\u00ed, \u017ee sme dostali u\u017e takmer 82 mili\u00f3nov eur, a to e\u0161te v janu\u00e1ri 2022 a novembri minul\u00e9ho roka\u201d,&nbsp;<\/em>hovor\u00ed Na\u010f a svoje slov\u00e1 potvrdzuje odpove\u010fou na info\u017eiados\u0165 z 12. j\u00fala 2024, kde sa v zmysle slobodn\u00e9ho pr\u00edstupu k inform\u00e1ci\u00e1m p\u00fdta, kedy Slovensko platbu prijalo, v akej sume a tie\u017e \u017eiada uvies\u0165 zoznam polo\u017eiek, za \u010do bola refund\u00e1cia poskytnut\u00e1. Kali\u0148\u00e1kov rezort odpoved\u00e1, \u017ee MO SR prijalo d\u0148a 28. novembra minul\u00e9ho roka 40 213 821,08 eur a 18. janu\u00e1ra 2022 &#8211; 41 902 493,44 eur za bal\u00edk pomoci Ukrajine. Ministerstvo tak potvrdilo slov\u00e1 Jaroslava Na\u010fa, ktor\u00fd po\u010das svojho vedenia komunikoval, \u017ee sme tieto peniaze u\u017e obdr\u017eali.<\/p>\n\n\n\n<p>Z\u00e1rove\u0148 b\u00fdval\u00fd minister obrany Jaroslav Na\u010f hovor\u00ed, \u017ee dne\u0161n\u00e1 zahrani\u010dn\u00e1 cesta prezidenta Pellegriniho v Ma\u010farsku, je vynikaj\u00facou pr\u00edle\u017eitos\u0165ou na rokovania o \u010fal\u0161ej \u010dasti finan\u010dnej n\u00e1hrady, ktor\u00fa m\u00e1me dosta\u0165, no pre blokovanie zo strany Ma\u010farska sa tak e\u0161te nestalo:&nbsp;<em>\u201cO\u010dak\u00e1vam, \u017ee prezident, ktor\u00fd zastupuje v\u0161etk\u00fdch \u013eud\u00ed na Slovensku a m\u00e1 za \u00falohu chr\u00e1ni\u0165 na\u0161e spolo\u010dn\u00e9 peniaze, bude \u017eiada\u0165 Ma\u010farsko, aby prestalo blokova\u0165 \u010fal\u0161\u00edch pribli\u017ene 150 mili\u00f3nov eur, ktor\u00e9 u\u017e d\u00e1vno mali by\u0165 v \u0161t\u00e1tnej pokladnici. To sa naozaj m\u00e1me tak dobre, \u017ee desiatky mili\u00f3nov eur nech\u00e1me pl\u00e1va\u0165,\u201d<\/em>&nbsp;p\u00fdta sa Na\u010f a prizvukuje, \u017ee za vl\u00e1dy Eduarda Hegera boli tieto financie vypl\u00e1can\u00e9 na n\u00e1\u0161 \u00fa\u010det pod\u013ea stanoven\u00e9ho harmonogramu a s pr\u00edchodom Roberta Fica sa paradoxne, jeho najv\u00e4\u010d\u0161\u00ed spojenec Viktor Orb\u00e1n rozhodol blokova\u0165 tieto financie.&nbsp;<\/p>\n\n\n\n<figure class=\"wp-block-image size-large\"><img decoding=\"async\" width=\"714\" height=\"1024\" src=\"https:\/\/www.smedemokrati.sk\/wp-content\/uploads\/2024\/07\/IMG_7224-2-714x1024.jpg\" alt=\"\" class=\"wp-image-4695\" srcset=\"https:\/\/www.smedemokrati.sk\/wp-content\/uploads\/2024\/07\/IMG_7224-2-714x1024.jpg 714w, https:\/\/www.smedemokrati.sk\/wp-content\/uploads\/2024\/07\/IMG_7224-2-209x300.jpg 209w, https:\/\/www.smedemokrati.sk\/wp-content\/uploads\/2024\/07\/IMG_7224-2-768x1102.jpg 768w, https:\/\/www.smedemokrati.sk\/wp-content\/uploads\/2024\/07\/IMG_7224-2-1070x1536.jpg 1070w, https:\/\/www.smedemokrati.sk\/wp-content\/uploads\/2024\/07\/IMG_7224-2.jpg 1179w\" sizes=\"(max-width: 714px) 100vw, 714px\" \/><\/figure>\n","protected":false},"excerpt":{"rendered":"<p>Pod\u013ea ofici\u00e1lneho dokumentu z ministerstva obrany\u00a0 vypl\u00fdva, \u017ee Slovensku u\u017e bola preplaten\u00e1 \u010das\u0165 pomoci Ukrajine, a to vo v\u00fd\u0161ke takmer 82 mili\u00f3nov eur. Demokrati tak reaguj\u00fa na klamstv\u00e1 ministra Kali\u0148\u00e1ka, ktor\u00fd to opakovanie popiera. \u010eal\u0161\u00edch pribli\u017ene 150 mili\u00f3nov eur, n\u00e1m bude rovnako preplaten\u00fdch ihne\u010f, ako proces prestane blokova\u0165 Ma\u010farsko. Predseda Demokratov Jaroslav Na\u010f preto o\u010dak\u00e1va, [&hellip;]<\/p>\n","protected":false},"author":13,"featured_media":4696,"comment_status":"closed","ping_status":"closed","sticky":false,"template":"","format":"standard","meta":{"_acf_changed":false,"ngg_post_thumbnail":0,"footnotes":""},"categories":[4],"tags":[],"class_list":["post-4694","post","type-post","status-publish","format-standard","has-post-thumbnail","hentry","category-tlacove-spravy"],"acf":[],"yoast_head":"<!-- This site is optimized with the Yoast SEO plugin v27.2 - https:\/\/yoast.com\/product\/yoast-seo-wordpress\/ -->\n<title>Ministerstvo obrany usved\u010dilo vlastn\u00e9ho ministra Kali\u0148\u00e1ka z klamstiev: dokument, ktor\u00fd potvrdzuje, \u017ee sme \u010das\u0165 refund\u00e1cie za pomoc Ukrajine u\u017e dostali<\/title>\n<meta name=\"robots\" content=\"index, follow, max-snippet:-1, max-image-preview:large, max-video-preview:-1\" \/>\n<link rel=\"canonical\" href=\"https:\/\/www.smedemokrati.sk\/en\/ministerstvo-obrany-usvedcilo-vlastneho-ministra-kalinaka-z-klamstiev-dokument-ktory-potvrdzuje-ze-sme-cast-refundacie-za-pomoc-ukrajine-uz-dostali\/\" \/>\n<meta property=\"og:locale\" content=\"en_US\" \/>\n<meta property=\"og:locale:alternate\" content=\"cs_CZ\" \/>\n<meta property=\"og:locale:alternate\" content=\"hu_HU\" \/>\n<meta property=\"og:locale:alternate\" content=\"sk_SK\" \/>\n<meta property=\"og:locale:alternate\" content=\"sv_SE\" \/>\n<meta property=\"og:type\" content=\"article\" \/>\n<meta property=\"og:title\" content=\"Ministerstvo obrany usved\u010dilo vlastn\u00e9ho ministra Kali\u0148\u00e1ka z klamstiev: dokument, ktor\u00fd potvrdzuje, \u017ee sme \u010das\u0165 refund\u00e1cie za pomoc Ukrajine u\u017e dostali\" \/>\n<meta property=\"og:description\" content=\"Pod\u013ea ofici\u00e1lneho dokumentu z ministerstva obrany\u00a0 vypl\u00fdva, \u017ee Slovensku u\u017e bola preplaten\u00e1 \u010das\u0165 pomoci Ukrajine, a to vo v\u00fd\u0161ke takmer 82 mili\u00f3nov eur. Demokrati tak reaguj\u00fa na klamstv\u00e1 ministra Kali\u0148\u00e1ka, ktor\u00fd to opakovanie popiera. \u010eal\u0161\u00edch pribli\u017ene 150 mili\u00f3nov eur, n\u00e1m bude rovnako preplaten\u00fdch ihne\u010f, ako proces prestane blokova\u0165 Ma\u010farsko. Predseda Demokratov Jaroslav Na\u010f preto o\u010dak\u00e1va, [&hellip;]\" \/>\n<meta property=\"og:url\" content=\"https:\/\/www.smedemokrati.sk\/en\/ministerstvo-obrany-usvedcilo-vlastneho-ministra-kalinaka-z-klamstiev-dokument-ktory-potvrdzuje-ze-sme-cast-refundacie-za-pomoc-ukrajine-uz-dostali\/\" \/>\n<meta property=\"og:site_name\" content=\"Smedemokrati.sk\" \/>\n<meta property=\"article:publisher\" content=\"https:\/\/www.facebook.com\/smedemokrati2023\" \/>\n<meta property=\"article:published_time\" content=\"2024-07-18T10:44:37+00:00\" \/>\n<meta property=\"article:modified_time\" content=\"2024-07-23T12:47:36+00:00\" \/>\n<meta property=\"og:image\" content=\"https:\/\/www.smedemokrati.sk\/wp-content\/uploads\/2024\/07\/kalinakove-lzi.png\" \/>\n\t<meta property=\"og:image:width\" content=\"1866\" \/>\n\t<meta property=\"og:image:height\" content=\"860\" \/>\n\t<meta property=\"og:image:type\" content=\"image\/png\" \/>\n<meta name=\"author\" content=\"miro.sopko\" \/>\n<meta name=\"twitter:card\" content=\"summary_large_image\" \/>\n<meta name=\"twitter:label1\" content=\"Written by\" \/>\n\t<meta name=\"twitter:data1\" content=\"miro.sopko\" \/>\n\t<meta name=\"twitter:label2\" content=\"Est. reading time\" \/>\n\t<meta name=\"twitter:data2\" content=\"3 minutes\" \/>\n<script type=\"application\/ld+json\" class=\"yoast-schema-graph\">{\"@context\":\"https:\/\/schema.org\",\"@graph\":[{\"@type\":\"Article\",\"@id\":\"https:\/\/www.smedemokrati.sk\/ministerstvo-obrany-usvedcilo-vlastneho-ministra-kalinaka-z-klamstiev-dokument-ktory-potvrdzuje-ze-sme-cast-refundacie-za-pomoc-ukrajine-uz-dostali\/#article\",\"isPartOf\":{\"@id\":\"https:\/\/www.smedemokrati.sk\/ministerstvo-obrany-usvedcilo-vlastneho-ministra-kalinaka-z-klamstiev-dokument-ktory-potvrdzuje-ze-sme-cast-refundacie-za-pomoc-ukrajine-uz-dostali\/\"},\"author\":{\"name\":\"miro.sopko\",\"@id\":\"https:\/\/www.smedemokrati.sk\/#\/schema\/person\/21f147c88d605aa7ded900e1e7c344ba\"},\"headline\":\"Ministerstvo obrany usved\u010dilo vlastn\u00e9ho ministra Kali\u0148\u00e1ka z klamstiev: dokument, ktor\u00fd potvrdzuje, \u017ee sme \u010das\u0165 refund\u00e1cie za pomoc Ukrajine u\u017e dostali\",\"datePublished\":\"2024-07-18T10:44:37+00:00\",\"dateModified\":\"2024-07-23T12:47:36+00:00\",\"mainEntityOfPage\":{\"@id\":\"https:\/\/www.smedemokrati.sk\/ministerstvo-obrany-usvedcilo-vlastneho-ministra-kalinaka-z-klamstiev-dokument-ktory-potvrdzuje-ze-sme-cast-refundacie-za-pomoc-ukrajine-uz-dostali\/\"},\"wordCount\":466,\"publisher\":{\"@id\":\"https:\/\/www.smedemokrati.sk\/#organization\"},\"image\":{\"@id\":\"https:\/\/www.smedemokrati.sk\/ministerstvo-obrany-usvedcilo-vlastneho-ministra-kalinaka-z-klamstiev-dokument-ktory-potvrdzuje-ze-sme-cast-refundacie-za-pomoc-ukrajine-uz-dostali\/#primaryimage\"},\"thumbnailUrl\":\"https:\/\/www.smedemokrati.sk\/wp-content\/uploads\/2024\/07\/kalinakove-lzi.png\",\"articleSection\":[\"Tla\u010dov\u00e9 spr\u00e1vy\"],\"inLanguage\":\"en-US\"},{\"@type\":\"WebPage\",\"@id\":\"https:\/\/www.smedemokrati.sk\/ministerstvo-obrany-usvedcilo-vlastneho-ministra-kalinaka-z-klamstiev-dokument-ktory-potvrdzuje-ze-sme-cast-refundacie-za-pomoc-ukrajine-uz-dostali\/\",\"url\":\"https:\/\/www.smedemokrati.sk\/ministerstvo-obrany-usvedcilo-vlastneho-ministra-kalinaka-z-klamstiev-dokument-ktory-potvrdzuje-ze-sme-cast-refundacie-za-pomoc-ukrajine-uz-dostali\/\",\"name\":\"Ministerstvo obrany usved\u010dilo vlastn\u00e9ho ministra Kali\u0148\u00e1ka z klamstiev: dokument, ktor\u00fd potvrdzuje, \u017ee sme \u010das\u0165 refund\u00e1cie za pomoc Ukrajine u\u017e dostali\",\"isPartOf\":{\"@id\":\"https:\/\/www.smedemokrati.sk\/#website\"},\"primaryImageOfPage\":{\"@id\":\"https:\/\/www.smedemokrati.sk\/ministerstvo-obrany-usvedcilo-vlastneho-ministra-kalinaka-z-klamstiev-dokument-ktory-potvrdzuje-ze-sme-cast-refundacie-za-pomoc-ukrajine-uz-dostali\/#primaryimage\"},\"image\":{\"@id\":\"https:\/\/www.smedemokrati.sk\/ministerstvo-obrany-usvedcilo-vlastneho-ministra-kalinaka-z-klamstiev-dokument-ktory-potvrdzuje-ze-sme-cast-refundacie-za-pomoc-ukrajine-uz-dostali\/#primaryimage\"},\"thumbnailUrl\":\"https:\/\/www.smedemokrati.sk\/wp-content\/uploads\/2024\/07\/kalinakove-lzi.png\",\"datePublished\":\"2024-07-18T10:44:37+00:00\",\"dateModified\":\"2024-07-23T12:47:36+00:00\",\"breadcrumb\":{\"@id\":\"https:\/\/www.smedemokrati.sk\/ministerstvo-obrany-usvedcilo-vlastneho-ministra-kalinaka-z-klamstiev-dokument-ktory-potvrdzuje-ze-sme-cast-refundacie-za-pomoc-ukrajine-uz-dostali\/#breadcrumb\"},\"inLanguage\":\"en-US\",\"potentialAction\":[{\"@type\":\"ReadAction\",\"target\":[\"https:\/\/www.smedemokrati.sk\/ministerstvo-obrany-usvedcilo-vlastneho-ministra-kalinaka-z-klamstiev-dokument-ktory-potvrdzuje-ze-sme-cast-refundacie-za-pomoc-ukrajine-uz-dostali\/\"]}]},{\"@type\":\"ImageObject\",\"inLanguage\":\"en-US\",\"@id\":\"https:\/\/www.smedemokrati.sk\/ministerstvo-obrany-usvedcilo-vlastneho-ministra-kalinaka-z-klamstiev-dokument-ktory-potvrdzuje-ze-sme-cast-refundacie-za-pomoc-ukrajine-uz-dostali\/#primaryimage\",\"url\":\"https:\/\/www.smedemokrati.sk\/wp-content\/uploads\/2024\/07\/kalinakove-lzi.png\",\"contentUrl\":\"https:\/\/www.smedemokrati.sk\/wp-content\/uploads\/2024\/07\/kalinakove-lzi.png\",\"width\":1866,\"height\":860},{\"@type\":\"BreadcrumbList\",\"@id\":\"https:\/\/www.smedemokrati.sk\/ministerstvo-obrany-usvedcilo-vlastneho-ministra-kalinaka-z-klamstiev-dokument-ktory-potvrdzuje-ze-sme-cast-refundacie-za-pomoc-ukrajine-uz-dostali\/#breadcrumb\",\"itemListElement\":[{\"@type\":\"ListItem\",\"position\":1,\"name\":\"Domovsk\u00e1 str\u00e1nka\",\"item\":\"https:\/\/www.smedemokrati.sk\/\"},{\"@type\":\"ListItem\",\"position\":2,\"name\":\"Ministerstvo obrany usved\u010dilo vlastn\u00e9ho ministra Kali\u0148\u00e1ka z klamstiev: dokument, ktor\u00fd potvrdzuje, \u017ee sme \u010das\u0165 refund\u00e1cie za pomoc Ukrajine u\u017e dostali\"}]},{\"@type\":\"WebSite\",\"@id\":\"https:\/\/www.smedemokrati.sk\/#website\",\"url\":\"https:\/\/www.smedemokrati.sk\/\",\"name\":\"Smedemokrati.sk\",\"description\":\"Demokracia a slu\u0161nos\u0165 zv\u00ed\u0165az\u00ed\",\"publisher\":{\"@id\":\"https:\/\/www.smedemokrati.sk\/#organization\"},\"potentialAction\":[{\"@type\":\"SearchAction\",\"target\":{\"@type\":\"EntryPoint\",\"urlTemplate\":\"https:\/\/www.smedemokrati.sk\/?s={search_term_string}\"},\"query-input\":{\"@type\":\"PropertyValueSpecification\",\"valueRequired\":true,\"valueName\":\"search_term_string\"}}],\"inLanguage\":\"en-US\"},{\"@type\":\"Organization\",\"@id\":\"https:\/\/www.smedemokrati.sk\/#organization\",\"name\":\"Smedemokrati.sk\",\"url\":\"https:\/\/www.smedemokrati.sk\/\",\"logo\":{\"@type\":\"ImageObject\",\"inLanguage\":\"en-US\",\"@id\":\"https:\/\/www.smedemokrati.sk\/#\/schema\/logo\/image\/\",\"url\":\"https:\/\/www.smedemokrati.sk\/wp-content\/uploads\/2023\/04\/ff.002.jpeg\",\"contentUrl\":\"https:\/\/www.smedemokrati.sk\/wp-content\/uploads\/2023\/04\/ff.002.jpeg\",\"width\":640,\"height\":480,\"caption\":\"Smedemokrati.sk\"},\"image\":{\"@id\":\"https:\/\/www.smedemokrati.sk\/#\/schema\/logo\/image\/\"},\"sameAs\":[\"https:\/\/www.facebook.com\/smedemokrati2023\"]},{\"@type\":\"Person\",\"@id\":\"https:\/\/www.smedemokrati.sk\/#\/schema\/person\/21f147c88d605aa7ded900e1e7c344ba\",\"name\":\"miro.sopko\",\"image\":{\"@type\":\"ImageObject\",\"inLanguage\":\"en-US\",\"@id\":\"https:\/\/secure.gravatar.com\/avatar\/267e4a36f704376c109afe3a78740c1f5dd8675a2180a908699e7863c9247606?s=96&d=mm&r=g\",\"url\":\"https:\/\/secure.gravatar.com\/avatar\/267e4a36f704376c109afe3a78740c1f5dd8675a2180a908699e7863c9247606?s=96&d=mm&r=g\",\"contentUrl\":\"https:\/\/secure.gravatar.com\/avatar\/267e4a36f704376c109afe3a78740c1f5dd8675a2180a908699e7863c9247606?s=96&d=mm&r=g\",\"caption\":\"miro.sopko\"},\"url\":\"https:\/\/www.smedemokrati.sk\/en\/author\/miro-sopko\/\"}]}<\/script>\n<!-- \/ Yoast SEO plugin. -->","yoast_head_json":{"title":"Ministerstvo obrany usved\u010dilo vlastn\u00e9ho ministra Kali\u0148\u00e1ka z klamstiev: dokument, ktor\u00fd potvrdzuje, \u017ee sme \u010das\u0165 refund\u00e1cie za pomoc Ukrajine u\u017e dostali","robots":{"index":"index","follow":"follow","max-snippet":"max-snippet:-1","max-image-preview":"max-image-preview:large","max-video-preview":"max-video-preview:-1"},"canonical":"https:\/\/www.smedemokrati.sk\/en\/ministerstvo-obrany-usvedcilo-vlastneho-ministra-kalinaka-z-klamstiev-dokument-ktory-potvrdzuje-ze-sme-cast-refundacie-za-pomoc-ukrajine-uz-dostali\/","og_locale":"en_US","og_type":"article","og_title":"[:sk]Ministerstvo obrany usved\u010dilo vlastn\u00e9ho ministra Kali\u0148\u00e1ka z klamstiev: dokument, ktor\u00fd potvrdzuje, \u017ee sme \u010das\u0165 refund\u00e1cie za pomoc Ukrajine u\u017e dostali[:] - Smedemokrati.sk","og_description":"Pod\u013ea ofici\u00e1lneho dokumentu z ministerstva obrany\u00a0 vypl\u00fdva, \u017ee Slovensku u\u017e bola preplaten\u00e1 \u010das\u0165 pomoci Ukrajine, a to vo v\u00fd\u0161ke takmer 82 mili\u00f3nov eur. Demokrati tak reaguj\u00fa na klamstv\u00e1 ministra Kali\u0148\u00e1ka, ktor\u00fd to opakovanie popiera. \u010eal\u0161\u00edch pribli\u017ene 150 mili\u00f3nov eur, n\u00e1m bude rovnako preplaten\u00fdch ihne\u010f, ako proces prestane blokova\u0165 Ma\u010farsko. Predseda Demokratov Jaroslav Na\u010f preto o\u010dak\u00e1va, [&hellip;]","og_url":"https:\/\/www.smedemokrati.sk\/en\/ministerstvo-obrany-usvedcilo-vlastneho-ministra-kalinaka-z-klamstiev-dokument-ktory-potvrdzuje-ze-sme-cast-refundacie-za-pomoc-ukrajine-uz-dostali\/","og_site_name":"Smedemokrati.sk","article_publisher":"https:\/\/www.facebook.com\/smedemokrati2023","article_published_time":"2024-07-18T10:44:37+00:00","article_modified_time":"2024-07-23T12:47:36+00:00","og_image":[{"width":1866,"height":860,"url":"https:\/\/www.smedemokrati.sk\/wp-content\/uploads\/2024\/07\/kalinakove-lzi.png","type":"image\/png"}],"author":"miro.sopko","twitter_card":"summary_large_image","twitter_misc":{"Written by":"miro.sopko","Est. reading time":"3 minutes"},"schema":{"@context":"https:\/\/schema.org","@graph":[{"@type":"Article","@id":"https:\/\/www.smedemokrati.sk\/ministerstvo-obrany-usvedcilo-vlastneho-ministra-kalinaka-z-klamstiev-dokument-ktory-potvrdzuje-ze-sme-cast-refundacie-za-pomoc-ukrajine-uz-dostali\/#article","isPartOf":{"@id":"https:\/\/www.smedemokrati.sk\/ministerstvo-obrany-usvedcilo-vlastneho-ministra-kalinaka-z-klamstiev-dokument-ktory-potvrdzuje-ze-sme-cast-refundacie-za-pomoc-ukrajine-uz-dostali\/"},"author":{"name":"miro.sopko","@id":"https:\/\/www.smedemokrati.sk\/#\/schema\/person\/21f147c88d605aa7ded900e1e7c344ba"},"headline":"Ministerstvo obrany usved\u010dilo vlastn\u00e9ho ministra Kali\u0148\u00e1ka z klamstiev: dokument, ktor\u00fd potvrdzuje, \u017ee sme \u010das\u0165 refund\u00e1cie za pomoc Ukrajine u\u017e dostali","datePublished":"2024-07-18T10:44:37+00:00","dateModified":"2024-07-23T12:47:36+00:00","mainEntityOfPage":{"@id":"https:\/\/www.smedemokrati.sk\/ministerstvo-obrany-usvedcilo-vlastneho-ministra-kalinaka-z-klamstiev-dokument-ktory-potvrdzuje-ze-sme-cast-refundacie-za-pomoc-ukrajine-uz-dostali\/"},"wordCount":466,"publisher":{"@id":"https:\/\/www.smedemokrati.sk\/#organization"},"image":{"@id":"https:\/\/www.smedemokrati.sk\/ministerstvo-obrany-usvedcilo-vlastneho-ministra-kalinaka-z-klamstiev-dokument-ktory-potvrdzuje-ze-sme-cast-refundacie-za-pomoc-ukrajine-uz-dostali\/#primaryimage"},"thumbnailUrl":"https:\/\/www.smedemokrati.sk\/wp-content\/uploads\/2024\/07\/kalinakove-lzi.png","articleSection":["Tla\u010dov\u00e9 spr\u00e1vy"],"inLanguage":"en-US"},{"@type":"WebPage","@id":"https:\/\/www.smedemokrati.sk\/ministerstvo-obrany-usvedcilo-vlastneho-ministra-kalinaka-z-klamstiev-dokument-ktory-potvrdzuje-ze-sme-cast-refundacie-za-pomoc-ukrajine-uz-dostali\/","url":"https:\/\/www.smedemokrati.sk\/ministerstvo-obrany-usvedcilo-vlastneho-ministra-kalinaka-z-klamstiev-dokument-ktory-potvrdzuje-ze-sme-cast-refundacie-za-pomoc-ukrajine-uz-dostali\/","name":"Ministerstvo obrany usved\u010dilo vlastn\u00e9ho ministra Kali\u0148\u00e1ka z klamstiev: dokument, ktor\u00fd potvrdzuje, \u017ee sme \u010das\u0165 refund\u00e1cie za pomoc Ukrajine u\u017e dostali","isPartOf":{"@id":"https:\/\/www.smedemokrati.sk\/#website"},"primaryImageOfPage":{"@id":"https:\/\/www.smedemokrati.sk\/ministerstvo-obrany-usvedcilo-vlastneho-ministra-kalinaka-z-klamstiev-dokument-ktory-potvrdzuje-ze-sme-cast-refundacie-za-pomoc-ukrajine-uz-dostali\/#primaryimage"},"image":{"@id":"https:\/\/www.smedemokrati.sk\/ministerstvo-obrany-usvedcilo-vlastneho-ministra-kalinaka-z-klamstiev-dokument-ktory-potvrdzuje-ze-sme-cast-refundacie-za-pomoc-ukrajine-uz-dostali\/#primaryimage"},"thumbnailUrl":"https:\/\/www.smedemokrati.sk\/wp-content\/uploads\/2024\/07\/kalinakove-lzi.png","datePublished":"2024-07-18T10:44:37+00:00","dateModified":"2024-07-23T12:47:36+00:00","breadcrumb":{"@id":"https:\/\/www.smedemokrati.sk\/ministerstvo-obrany-usvedcilo-vlastneho-ministra-kalinaka-z-klamstiev-dokument-ktory-potvrdzuje-ze-sme-cast-refundacie-za-pomoc-ukrajine-uz-dostali\/#breadcrumb"},"inLanguage":"en-US","potentialAction":[{"@type":"ReadAction","target":["https:\/\/www.smedemokrati.sk\/ministerstvo-obrany-usvedcilo-vlastneho-ministra-kalinaka-z-klamstiev-dokument-ktory-potvrdzuje-ze-sme-cast-refundacie-za-pomoc-ukrajine-uz-dostali\/"]}]},{"@type":"ImageObject","inLanguage":"en-US","@id":"https:\/\/www.smedemokrati.sk\/ministerstvo-obrany-usvedcilo-vlastneho-ministra-kalinaka-z-klamstiev-dokument-ktory-potvrdzuje-ze-sme-cast-refundacie-za-pomoc-ukrajine-uz-dostali\/#primaryimage","url":"https:\/\/www.smedemokrati.sk\/wp-content\/uploads\/2024\/07\/kalinakove-lzi.png","contentUrl":"https:\/\/www.smedemokrati.sk\/wp-content\/uploads\/2024\/07\/kalinakove-lzi.png","width":1866,"height":860},{"@type":"BreadcrumbList","@id":"https:\/\/www.smedemokrati.sk\/ministerstvo-obrany-usvedcilo-vlastneho-ministra-kalinaka-z-klamstiev-dokument-ktory-potvrdzuje-ze-sme-cast-refundacie-za-pomoc-ukrajine-uz-dostali\/#breadcrumb","itemListElement":[{"@type":"ListItem","position":1,"name":"Domovsk\u00e1 str\u00e1nka","item":"https:\/\/www.smedemokrati.sk\/"},{"@type":"ListItem","position":2,"name":"Ministerstvo obrany usved\u010dilo vlastn\u00e9ho ministra Kali\u0148\u00e1ka z klamstiev: dokument, ktor\u00fd potvrdzuje, \u017ee sme \u010das\u0165 refund\u00e1cie za pomoc Ukrajine u\u017e dostali"}]},{"@type":"WebSite","@id":"https:\/\/www.smedemokrati.sk\/#website","url":"https:\/\/www.smedemokrati.sk\/","name":"Smedemokrati.sk","description":"Demokracia a slu\u0161nos\u0165 zv\u00ed\u0165az\u00ed","publisher":{"@id":"https:\/\/www.smedemokrati.sk\/#organization"},"potentialAction":[{"@type":"SearchAction","target":{"@type":"EntryPoint","urlTemplate":"https:\/\/www.smedemokrati.sk\/?s={search_term_string}"},"query-input":{"@type":"PropertyValueSpecification","valueRequired":true,"valueName":"search_term_string"}}],"inLanguage":"en-US"},{"@type":"Organization","@id":"https:\/\/www.smedemokrati.sk\/#organization","name":"Smedemokrati.sk","url":"https:\/\/www.smedemokrati.sk\/","logo":{"@type":"ImageObject","inLanguage":"en-US","@id":"https:\/\/www.smedemokrati.sk\/#\/schema\/logo\/image\/","url":"https:\/\/www.smedemokrati.sk\/wp-content\/uploads\/2023\/04\/ff.002.jpeg","contentUrl":"https:\/\/www.smedemokrati.sk\/wp-content\/uploads\/2023\/04\/ff.002.jpeg","width":640,"height":480,"caption":"Smedemokrati.sk"},"image":{"@id":"https:\/\/www.smedemokrati.sk\/#\/schema\/logo\/image\/"},"sameAs":["https:\/\/www.facebook.com\/smedemokrati2023"]},{"@type":"Person","@id":"https:\/\/www.smedemokrati.sk\/#\/schema\/person\/21f147c88d605aa7ded900e1e7c344ba","name":"miro.sopko","image":{"@type":"ImageObject","inLanguage":"en-US","@id":"https:\/\/secure.gravatar.com\/avatar\/267e4a36f704376c109afe3a78740c1f5dd8675a2180a908699e7863c9247606?s=96&d=mm&r=g","url":"https:\/\/secure.gravatar.com\/avatar\/267e4a36f704376c109afe3a78740c1f5dd8675a2180a908699e7863c9247606?s=96&d=mm&r=g","contentUrl":"https:\/\/secure.gravatar.com\/avatar\/267e4a36f704376c109afe3a78740c1f5dd8675a2180a908699e7863c9247606?s=96&d=mm&r=g","caption":"miro.sopko"},"url":"https:\/\/www.smedemokrati.sk\/en\/author\/miro-sopko\/"}]}},"_links":{"self":[{"href":"https:\/\/www.smedemokrati.sk\/en\/wp-json\/wp\/v2\/posts\/4694","targetHints":{"allow":["GET"]}}],"collection":[{"href":"https:\/\/www.smedemokrati.sk\/en\/wp-json\/wp\/v2\/posts"}],"about":[{"href":"https:\/\/www.smedemokrati.sk\/en\/wp-json\/wp\/v2\/types\/post"}],"author":[{"embeddable":true,"href":"https:\/\/www.smedemokrati.sk\/en\/wp-json\/wp\/v2\/users\/13"}],"replies":[{"embeddable":true,"href":"https:\/\/www.smedemokrati.sk\/en\/wp-json\/wp\/v2\/comments?post=4694"}],"version-history":[{"count":1,"href":"https:\/\/www.smedemokrati.sk\/en\/wp-json\/wp\/v2\/posts\/4694\/revisions"}],"predecessor-version":[{"id":4697,"href":"https:\/\/www.smedemokrati.sk\/en\/wp-json\/wp\/v2\/posts\/4694\/revisions\/4697"}],"wp:featuredmedia":[{"embeddable":true,"href":"https:\/\/www.smedemokrati.sk\/en\/wp-json\/wp\/v2\/media\/4696"}],"wp:attachment":[{"href":"https:\/\/www.smedemokrati.sk\/en\/wp-json\/wp\/v2\/media?parent=4694"}],"wp:term":[{"taxonomy":"category","embeddable":true,"href":"https:\/\/www.smedemokrati.sk\/en\/wp-json\/wp\/v2\/categories?post=4694"},{"taxonomy":"post_tag","embeddable":true,"href":"https:\/\/www.smedemokrati.sk\/en\/wp-json\/wp\/v2\/tags?post=4694"}],"curies":[{"name":"wp","href":"https:\/\/api.w.org\/{rel}","templated":true}]}}