{"id":4266,"date":"2024-05-31T10:56:38","date_gmt":"2024-05-31T09:56:38","guid":{"rendered":"https:\/\/www.smedemokrati.sk\/?p=4266"},"modified":"2024-06-14T06:27:23","modified_gmt":"2024-06-14T05:27:23","slug":"mame-to-potvrdene-slovensko-pride-o-minimalne-25-milionov-pre-kauzu-dobytkar","status":"publish","type":"post","link":"https:\/\/www.smedemokrati.sk\/en\/mame-to-potvrdene-slovensko-pride-o-minimalne-25-milionov-pre-kauzu-dobytkar\/","title":{"rendered":"M\u00e1me to potvrden\u00e9, Slovensko pr\u00edde o minim\u00e1lne 25 mili\u00f3nov pre kauzu Dobytk\u00e1r"},"content":{"rendered":"<div id=\"fb-root\"><\/div>\n\n<p><strong>Kauza Dobytk\u00e1r m\u00e1 svoju dohru, na \u0161af\u00e1renie SNS doplatia slovensk\u00ed p\u00f4dohospod\u00e1ri a tie\u017e my v\u0161etci. Pod\u013ea na\u0161ich inform\u00e1ci\u00ed z viacer\u00fdch d\u00f4veryhodn\u00fdch zdrojov je rozhodnut\u00e9, \u017ee Slovensko v r\u00e1mci auditn\u00fdch zisten\u00ed po kauze Dobytk\u00e1r pr\u00edde o minim\u00e1lne 25 mili\u00f3nov, ktor\u00e9 mali by\u0165 vyplaten\u00e9 slovensk\u00fdm po\u013enohospod\u00e1rom. Na t\u00fato pokutu, sa budeme musie\u0165 posklada\u0165 my v\u0161etci.&nbsp;<\/strong><\/p>\n\n\n\n<p><em><em><em>\u201e<\/em><\/em>Toto je jasn\u00fd d\u00f4sledok konania Slovenskej n\u00e1rodnej strany za vl\u00e1dy Roberta Fica. Do kedy si z n\u00e1s bud\u00fa robi\u0165 dobr\u00fd de\u0148? Ak bol niekto e\u0161te naivn\u00fd a veril, \u017ee tieto ozrutn\u00e9 kauzy nebud\u00fa ma\u0165 dopad na be\u017en\u00e9ho ob\u010dana ver\u00edm, \u017ee vytriezvel. Minim\u00e1lne 25 mili\u00f3nov je jedna okresn\u00e1 nemocnica, alebo nieko\u013eko \u0161k\u00f4lok, z ktor\u00fdch by sme mali ma\u0165 \u00fa\u017eitok my v\u0161etci. Upozor\u0148ujem, \u017ee toto je len \u0161pi\u010dka \u013eadovca.\u201d\u00a0<\/em>Otvoril t\u00e9mu Jaroslav Na\u010f predseda strany a pripomenul, \u017ee be\u017eia \u010fal\u0161ie konania, kedy Slovensko oklamalo za vl\u00e1dy Roberta Fica Eur\u00f3psku komisiu a kedy si vybran\u00e9 osoby alebo z\u00e1ujmov\u00e9 skupiny mali finan\u010dne prilep\u0161ili. Spomenul konkr\u00e9tne projekty z Krupiny, kedy za vl\u00e1dy Smeru a pod veden\u00edm SNS zrejme do\u0161lo k netransparentn\u00e9mu hospod\u00e1reniu pri v\u00fdstavbe priehrady alebo pri projekte, kedy si konkr\u00e9tna osoba nezmyselne \u00fa\u010dtovala eur\u00f3pske peniaze, za sprostredkovanie sadenia mal\u00fdch strom\u010dekov.<\/p>\n\n\n\n<p>Michal Ki\u010da environment\u00e1lny expert a b\u00fdval\u00fd \u0161t\u00e1tny tajomn\u00edk \u017eivotn\u00e9ho prostredia spolupracuje na t\u00e9me s europoslancom Jozefom Mih\u00e1lom:\u00a0<em><em><em>\u201e<\/em><\/em>Tak\u00e1\u010d n\u00e1s uis\u0165oval, \u017ee za kauzu Dobytk\u00e1r nebudeme plati\u0165 ni\u010d. Realita je \u00faplne in\u00e1. O\u010dak\u00e1vame, \u017ee o nieko\u013eko dn\u00ed pr\u00edde z Eur\u00f3pskej komisie ofici\u00e1lny list, kde bude jasne nap\u00edsan\u00e9, \u017ee budeme musie\u0165 uhradi\u0165 prakticky pokutu v sume viac ako 25 mili\u00f3nov eur, preto\u017ee SNS a SMER netransparentne a nehospod\u00e1rne nakladali s peniazmi, ktor\u00e9 n\u00e1m sem poslali da\u0148ov\u00ed poplatn\u00edci ostatn\u00fdch \u010dlensk\u00fdch kraj\u00edn. Toto bud\u00fa ofici\u00e1lne z\u00e1very auditu vyvolan\u00e9ho Dobytk\u00e1rom. Je to neskuto\u010dn\u00e1 hanba a najm\u00e4, \u017ealostn\u00e1 situ\u00e1cia, ktor\u00fa si na\u0161i po\u013enohospod\u00e1ri nezasl\u00fa\u017eia &#8211; trpie\u0165 za cudzie hriechy. My v\u0161etci sa na to posklad\u00e1me, ka\u017ed\u00fd jeden z n\u00e1s zaplat\u00ed 5 eur, ktor\u00e9 mohli \u00eds\u0165 z eur\u00f3pskych pe\u0148az\u00ed.\u201d<\/em>\u00a0Hovor\u00ed Ki\u010da a upozor\u0148uje, \u017ee od za\u010diatku roka nemaj\u00fa farm\u00e1ri vyplaten\u00e9 ani priame dot\u00e1cie, na ktor\u00e9 maj\u00fa n\u00e1rok, PPA tak nevyplatila e\u0161te okolo 185 mili\u00f3nov eur. A za to zodpovedaj\u00fa t\u00ed ist\u00ed \u013eudia, ktor\u00ed sa do PPA vr\u00e1tili po kauze Dobytk\u00e1r.<\/p>\n\n\n\n<p>Expert strany na spravodlivos\u0165 a pr\u00e1vo Juraj \u0160eliga upozor\u0148uje na \u010fal\u0161ie ohrozenie eur\u00f3pskych pe\u0148az\u00ed:\u00a0<em><em><em>\u201e<\/em><\/em>Dnes sa rozpr\u00e1vame o \u0161kandal\u00f3znych 25 mil. eur. M\u00e1me v\u0161ak inform\u00e1cie, \u017ee ak d\u00f4jde k reorganiz\u00e1cii NAKA tak, ako to u\u017e s\u013eubuje Mat\u00fa\u0161 \u0160utaj E\u0161tok, m\u00f4\u017eeme pr\u00eds\u0165 o 240 mil. eur z Pl\u00e1nu obnovy a eurofondov. Prep\u00e1\u010dte, ale nikto sa nem\u00f4\u017ee \u010dudova\u0165, \u017ee ak zde\u0161truujeme pr\u00e1vny \u0161t\u00e1t a spravodlivos\u0165, tak sa cel\u00e1 \u00fania bude pozera\u0165 na to, ako sa tu vytvor\u00ed prostredie, ktor\u00e9 popiera ak\u00e9ko\u013evek z\u00e1klady demokracie, slu\u0161nosti a transparentnosti. Opakovane upozor\u0148ujeme vl\u00e1du, aby v\u00e1\u017eila svoje kroky, preto\u017ee ona nesie zodpovednos\u0165 za to, v akej miere dostaneme alebo nedostaneme peniaze z E\u00da. Neohrozujte peniaze, ktor\u00e9 m\u00f4\u017eu posun\u00fa\u0165 Slovensko dopredu.\u201d<\/em>\u00a0Uzatv\u00e1ra \u0160eliga.<\/p>\n\n\n\n<p>Dobytk\u00e1r je jedna z najv\u00e4\u010d\u0161\u00edch korup\u010dn\u00fdch k\u00e1uz na Slovensku, kde niektor\u00ed uch\u00e1dza\u010di o eurofondy na rozvoj vidieka a po\u013enohospod\u00e1rstva mali plati\u0165 \u00faplatky, aby z\u00edskali dot\u00e1cie. Spom\u00ednan\u00e9 s\u00fa men\u00e1 ako Martin Kvietik \u010di Norbert Bodor.\u00a0<\/p>\n\n\n\n<iframe src=\"https:\/\/www.facebook.com\/plugins\/video.php?href=https%3A%2F%2Fwww.facebook.com%2Fsmedemokrati2023%2Fvideos%2F2466011903600698%2F&#038;width=600&#038;show_text=false&#038;appId=361313990972954&#038;height=338\" width=\"600\" height=\"480\" style=\"border:none;overflow:hidden\" scrolling=\"no\" frameborder=\"0\" allowfullscreen=\"true\" allow=\"autoplay; clipboard-write; encrypted-media; picture-in-picture; web-share\" allowFullScreen=\"true\"><\/iframe>\n","protected":false},"excerpt":{"rendered":"<p>Kauza Dobytk\u00e1r m\u00e1 svoju dohru, na \u0161af\u00e1renie SNS doplatia slovensk\u00ed p\u00f4dohospod\u00e1ri a tie\u017e my v\u0161etci. Pod\u013ea na\u0161ich inform\u00e1ci\u00ed z viacer\u00fdch d\u00f4veryhodn\u00fdch zdrojov je rozhodnut\u00e9, \u017ee Slovensko v r\u00e1mci auditn\u00fdch zisten\u00ed po kauze Dobytk\u00e1r pr\u00edde o minim\u00e1lne 25 mili\u00f3nov, ktor\u00e9 mali by\u0165 vyplaten\u00e9 slovensk\u00fdm po\u013enohospod\u00e1rom. Na t\u00fato pokutu, sa budeme musie\u0165 posklada\u0165 my v\u0161etci.&nbsp; \u201eToto je [&hellip;]<\/p>\n","protected":false},"author":13,"featured_media":4267,"comment_status":"closed","ping_status":"closed","sticky":false,"template":"","format":"standard","meta":{"_acf_changed":false,"ngg_post_thumbnail":0,"footnotes":""},"categories":[4],"tags":[],"class_list":["post-4266","post","type-post","status-publish","format-standard","has-post-thumbnail","hentry","category-tlacove-spravy"],"acf":[],"yoast_head":"<!-- This site is optimized with the Yoast SEO plugin v27.2 - https:\/\/yoast.com\/product\/yoast-seo-wordpress\/ -->\n<title>M\u00e1me to potvrden\u00e9, Slovensko pr\u00edde o minim\u00e1lne 25 mili\u00f3nov pre kauzu Dobytk\u00e1r<\/title>\n<meta name=\"robots\" content=\"index, follow, max-snippet:-1, max-image-preview:large, max-video-preview:-1\" \/>\n<link rel=\"canonical\" href=\"https:\/\/www.smedemokrati.sk\/en\/mame-to-potvrdene-slovensko-pride-o-minimalne-25-milionov-pre-kauzu-dobytkar\/\" \/>\n<meta property=\"og:locale\" content=\"en_US\" \/>\n<meta property=\"og:locale:alternate\" content=\"cs_CZ\" \/>\n<meta property=\"og:locale:alternate\" content=\"hu_HU\" \/>\n<meta property=\"og:locale:alternate\" content=\"sk_SK\" \/>\n<meta property=\"og:locale:alternate\" content=\"sv_SE\" \/>\n<meta property=\"og:type\" content=\"article\" \/>\n<meta property=\"og:title\" content=\"M\u00e1me to potvrden\u00e9, Slovensko pr\u00edde o minim\u00e1lne 25 mili\u00f3nov pre kauzu Dobytk\u00e1r\" \/>\n<meta property=\"og:description\" content=\"Kauza Dobytk\u00e1r m\u00e1 svoju dohru, na \u0161af\u00e1renie SNS doplatia slovensk\u00ed p\u00f4dohospod\u00e1ri a tie\u017e my v\u0161etci. Pod\u013ea na\u0161ich inform\u00e1ci\u00ed z viacer\u00fdch d\u00f4veryhodn\u00fdch zdrojov je rozhodnut\u00e9, \u017ee Slovensko v r\u00e1mci auditn\u00fdch zisten\u00ed po kauze Dobytk\u00e1r pr\u00edde o minim\u00e1lne 25 mili\u00f3nov, ktor\u00e9 mali by\u0165 vyplaten\u00e9 slovensk\u00fdm po\u013enohospod\u00e1rom. Na t\u00fato pokutu, sa budeme musie\u0165 posklada\u0165 my v\u0161etci.&nbsp; \u201eToto je [&hellip;]\" \/>\n<meta property=\"og:url\" content=\"https:\/\/www.smedemokrati.sk\/en\/mame-to-potvrdene-slovensko-pride-o-minimalne-25-milionov-pre-kauzu-dobytkar\/\" \/>\n<meta property=\"og:site_name\" content=\"Smedemokrati.sk\" \/>\n<meta property=\"article:publisher\" content=\"https:\/\/www.facebook.com\/smedemokrati2023\" \/>\n<meta property=\"article:published_time\" content=\"2024-05-31T09:56:38+00:00\" \/>\n<meta property=\"article:modified_time\" content=\"2024-06-14T05:27:23+00:00\" \/>\n<meta property=\"og:image\" content=\"https:\/\/www.smedemokrati.sk\/wp-content\/uploads\/2024\/05\/447052232_17914028648942544_2952512814517147209_n-e1717149544758.jpg\" \/>\n\t<meta property=\"og:image:width\" content=\"1436\" \/>\n\t<meta property=\"og:image:height\" content=\"1002\" \/>\n\t<meta property=\"og:image:type\" content=\"image\/jpeg\" \/>\n<meta name=\"author\" content=\"miro.sopko\" \/>\n<meta name=\"twitter:card\" content=\"summary_large_image\" \/>\n<meta name=\"twitter:label1\" content=\"Written by\" \/>\n\t<meta name=\"twitter:data1\" content=\"miro.sopko\" \/>\n\t<meta name=\"twitter:label2\" content=\"Est. reading time\" \/>\n\t<meta name=\"twitter:data2\" content=\"3 minutes\" \/>\n<script type=\"application\/ld+json\" class=\"yoast-schema-graph\">{\"@context\":\"https:\/\/schema.org\",\"@graph\":[{\"@type\":\"Article\",\"@id\":\"https:\/\/www.smedemokrati.sk\/mame-to-potvrdene-slovensko-pride-o-minimalne-25-milionov-pre-kauzu-dobytkar\/#article\",\"isPartOf\":{\"@id\":\"https:\/\/www.smedemokrati.sk\/mame-to-potvrdene-slovensko-pride-o-minimalne-25-milionov-pre-kauzu-dobytkar\/\"},\"author\":{\"name\":\"miro.sopko\",\"@id\":\"https:\/\/www.smedemokrati.sk\/#\/schema\/person\/21f147c88d605aa7ded900e1e7c344ba\"},\"headline\":\"M\u00e1me to potvrden\u00e9, Slovensko pr\u00edde o minim\u00e1lne 25 mili\u00f3nov pre kauzu Dobytk\u00e1r\",\"datePublished\":\"2024-05-31T09:56:38+00:00\",\"dateModified\":\"2024-06-14T05:27:23+00:00\",\"mainEntityOfPage\":{\"@id\":\"https:\/\/www.smedemokrati.sk\/mame-to-potvrdene-slovensko-pride-o-minimalne-25-milionov-pre-kauzu-dobytkar\/\"},\"wordCount\":668,\"publisher\":{\"@id\":\"https:\/\/www.smedemokrati.sk\/#organization\"},\"image\":{\"@id\":\"https:\/\/www.smedemokrati.sk\/mame-to-potvrdene-slovensko-pride-o-minimalne-25-milionov-pre-kauzu-dobytkar\/#primaryimage\"},\"thumbnailUrl\":\"https:\/\/www.smedemokrati.sk\/wp-content\/uploads\/2024\/05\/447052232_17914028648942544_2952512814517147209_n-e1717149544758.jpg\",\"articleSection\":[\"Tla\u010dov\u00e9 spr\u00e1vy\"],\"inLanguage\":\"en-US\"},{\"@type\":\"WebPage\",\"@id\":\"https:\/\/www.smedemokrati.sk\/mame-to-potvrdene-slovensko-pride-o-minimalne-25-milionov-pre-kauzu-dobytkar\/\",\"url\":\"https:\/\/www.smedemokrati.sk\/mame-to-potvrdene-slovensko-pride-o-minimalne-25-milionov-pre-kauzu-dobytkar\/\",\"name\":\"M\u00e1me to potvrden\u00e9, Slovensko pr\u00edde o minim\u00e1lne 25 mili\u00f3nov pre kauzu Dobytk\u00e1r\",\"isPartOf\":{\"@id\":\"https:\/\/www.smedemokrati.sk\/#website\"},\"primaryImageOfPage\":{\"@id\":\"https:\/\/www.smedemokrati.sk\/mame-to-potvrdene-slovensko-pride-o-minimalne-25-milionov-pre-kauzu-dobytkar\/#primaryimage\"},\"image\":{\"@id\":\"https:\/\/www.smedemokrati.sk\/mame-to-potvrdene-slovensko-pride-o-minimalne-25-milionov-pre-kauzu-dobytkar\/#primaryimage\"},\"thumbnailUrl\":\"https:\/\/www.smedemokrati.sk\/wp-content\/uploads\/2024\/05\/447052232_17914028648942544_2952512814517147209_n-e1717149544758.jpg\",\"datePublished\":\"2024-05-31T09:56:38+00:00\",\"dateModified\":\"2024-06-14T05:27:23+00:00\",\"breadcrumb\":{\"@id\":\"https:\/\/www.smedemokrati.sk\/mame-to-potvrdene-slovensko-pride-o-minimalne-25-milionov-pre-kauzu-dobytkar\/#breadcrumb\"},\"inLanguage\":\"en-US\",\"potentialAction\":[{\"@type\":\"ReadAction\",\"target\":[\"https:\/\/www.smedemokrati.sk\/mame-to-potvrdene-slovensko-pride-o-minimalne-25-milionov-pre-kauzu-dobytkar\/\"]}]},{\"@type\":\"ImageObject\",\"inLanguage\":\"en-US\",\"@id\":\"https:\/\/www.smedemokrati.sk\/mame-to-potvrdene-slovensko-pride-o-minimalne-25-milionov-pre-kauzu-dobytkar\/#primaryimage\",\"url\":\"https:\/\/www.smedemokrati.sk\/wp-content\/uploads\/2024\/05\/447052232_17914028648942544_2952512814517147209_n-e1717149544758.jpg\",\"contentUrl\":\"https:\/\/www.smedemokrati.sk\/wp-content\/uploads\/2024\/05\/447052232_17914028648942544_2952512814517147209_n-e1717149544758.jpg\",\"width\":1436,\"height\":1002},{\"@type\":\"BreadcrumbList\",\"@id\":\"https:\/\/www.smedemokrati.sk\/mame-to-potvrdene-slovensko-pride-o-minimalne-25-milionov-pre-kauzu-dobytkar\/#breadcrumb\",\"itemListElement\":[{\"@type\":\"ListItem\",\"position\":1,\"name\":\"Domovsk\u00e1 str\u00e1nka\",\"item\":\"https:\/\/www.smedemokrati.sk\/\"},{\"@type\":\"ListItem\",\"position\":2,\"name\":\"M\u00e1me to potvrden\u00e9, Slovensko pr\u00edde o minim\u00e1lne 25 mili\u00f3nov pre kauzu Dobytk\u00e1r\"}]},{\"@type\":\"WebSite\",\"@id\":\"https:\/\/www.smedemokrati.sk\/#website\",\"url\":\"https:\/\/www.smedemokrati.sk\/\",\"name\":\"Smedemokrati.sk\",\"description\":\"Demokracia a slu\u0161nos\u0165 zv\u00ed\u0165az\u00ed\",\"publisher\":{\"@id\":\"https:\/\/www.smedemokrati.sk\/#organization\"},\"potentialAction\":[{\"@type\":\"SearchAction\",\"target\":{\"@type\":\"EntryPoint\",\"urlTemplate\":\"https:\/\/www.smedemokrati.sk\/?s={search_term_string}\"},\"query-input\":{\"@type\":\"PropertyValueSpecification\",\"valueRequired\":true,\"valueName\":\"search_term_string\"}}],\"inLanguage\":\"en-US\"},{\"@type\":\"Organization\",\"@id\":\"https:\/\/www.smedemokrati.sk\/#organization\",\"name\":\"Smedemokrati.sk\",\"url\":\"https:\/\/www.smedemokrati.sk\/\",\"logo\":{\"@type\":\"ImageObject\",\"inLanguage\":\"en-US\",\"@id\":\"https:\/\/www.smedemokrati.sk\/#\/schema\/logo\/image\/\",\"url\":\"https:\/\/www.smedemokrati.sk\/wp-content\/uploads\/2023\/04\/ff.002.jpeg\",\"contentUrl\":\"https:\/\/www.smedemokrati.sk\/wp-content\/uploads\/2023\/04\/ff.002.jpeg\",\"width\":640,\"height\":480,\"caption\":\"Smedemokrati.sk\"},\"image\":{\"@id\":\"https:\/\/www.smedemokrati.sk\/#\/schema\/logo\/image\/\"},\"sameAs\":[\"https:\/\/www.facebook.com\/smedemokrati2023\"]},{\"@type\":\"Person\",\"@id\":\"https:\/\/www.smedemokrati.sk\/#\/schema\/person\/21f147c88d605aa7ded900e1e7c344ba\",\"name\":\"miro.sopko\",\"image\":{\"@type\":\"ImageObject\",\"inLanguage\":\"en-US\",\"@id\":\"https:\/\/secure.gravatar.com\/avatar\/267e4a36f704376c109afe3a78740c1f5dd8675a2180a908699e7863c9247606?s=96&d=mm&r=g\",\"url\":\"https:\/\/secure.gravatar.com\/avatar\/267e4a36f704376c109afe3a78740c1f5dd8675a2180a908699e7863c9247606?s=96&d=mm&r=g\",\"contentUrl\":\"https:\/\/secure.gravatar.com\/avatar\/267e4a36f704376c109afe3a78740c1f5dd8675a2180a908699e7863c9247606?s=96&d=mm&r=g\",\"caption\":\"miro.sopko\"},\"url\":\"https:\/\/www.smedemokrati.sk\/en\/author\/miro-sopko\/\"}]}<\/script>\n<!-- \/ Yoast SEO plugin. -->","yoast_head_json":{"title":"M\u00e1me to potvrden\u00e9, Slovensko pr\u00edde o minim\u00e1lne 25 mili\u00f3nov pre kauzu Dobytk\u00e1r","robots":{"index":"index","follow":"follow","max-snippet":"max-snippet:-1","max-image-preview":"max-image-preview:large","max-video-preview":"max-video-preview:-1"},"canonical":"https:\/\/www.smedemokrati.sk\/en\/mame-to-potvrdene-slovensko-pride-o-minimalne-25-milionov-pre-kauzu-dobytkar\/","og_locale":"en_US","og_type":"article","og_title":"[:sk]M\u00e1me to potvrden\u00e9, Slovensko pr\u00edde o minim\u00e1lne 25 mili\u00f3nov pre kauzu Dobytk\u00e1r[:] - Smedemokrati.sk","og_description":"Kauza Dobytk\u00e1r m\u00e1 svoju dohru, na \u0161af\u00e1renie SNS doplatia slovensk\u00ed p\u00f4dohospod\u00e1ri a tie\u017e my v\u0161etci. Pod\u013ea na\u0161ich inform\u00e1ci\u00ed z viacer\u00fdch d\u00f4veryhodn\u00fdch zdrojov je rozhodnut\u00e9, \u017ee Slovensko v r\u00e1mci auditn\u00fdch zisten\u00ed po kauze Dobytk\u00e1r pr\u00edde o minim\u00e1lne 25 mili\u00f3nov, ktor\u00e9 mali by\u0165 vyplaten\u00e9 slovensk\u00fdm po\u013enohospod\u00e1rom. Na t\u00fato pokutu, sa budeme musie\u0165 posklada\u0165 my v\u0161etci.&nbsp; \u201eToto je [&hellip;]","og_url":"https:\/\/www.smedemokrati.sk\/en\/mame-to-potvrdene-slovensko-pride-o-minimalne-25-milionov-pre-kauzu-dobytkar\/","og_site_name":"Smedemokrati.sk","article_publisher":"https:\/\/www.facebook.com\/smedemokrati2023","article_published_time":"2024-05-31T09:56:38+00:00","article_modified_time":"2024-06-14T05:27:23+00:00","og_image":[{"width":1436,"height":1002,"url":"https:\/\/www.smedemokrati.sk\/wp-content\/uploads\/2024\/05\/447052232_17914028648942544_2952512814517147209_n-e1717149544758.jpg","type":"image\/jpeg"}],"author":"miro.sopko","twitter_card":"summary_large_image","twitter_misc":{"Written by":"miro.sopko","Est. reading time":"3 minutes"},"schema":{"@context":"https:\/\/schema.org","@graph":[{"@type":"Article","@id":"https:\/\/www.smedemokrati.sk\/mame-to-potvrdene-slovensko-pride-o-minimalne-25-milionov-pre-kauzu-dobytkar\/#article","isPartOf":{"@id":"https:\/\/www.smedemokrati.sk\/mame-to-potvrdene-slovensko-pride-o-minimalne-25-milionov-pre-kauzu-dobytkar\/"},"author":{"name":"miro.sopko","@id":"https:\/\/www.smedemokrati.sk\/#\/schema\/person\/21f147c88d605aa7ded900e1e7c344ba"},"headline":"M\u00e1me to potvrden\u00e9, Slovensko pr\u00edde o minim\u00e1lne 25 mili\u00f3nov pre kauzu Dobytk\u00e1r","datePublished":"2024-05-31T09:56:38+00:00","dateModified":"2024-06-14T05:27:23+00:00","mainEntityOfPage":{"@id":"https:\/\/www.smedemokrati.sk\/mame-to-potvrdene-slovensko-pride-o-minimalne-25-milionov-pre-kauzu-dobytkar\/"},"wordCount":668,"publisher":{"@id":"https:\/\/www.smedemokrati.sk\/#organization"},"image":{"@id":"https:\/\/www.smedemokrati.sk\/mame-to-potvrdene-slovensko-pride-o-minimalne-25-milionov-pre-kauzu-dobytkar\/#primaryimage"},"thumbnailUrl":"https:\/\/www.smedemokrati.sk\/wp-content\/uploads\/2024\/05\/447052232_17914028648942544_2952512814517147209_n-e1717149544758.jpg","articleSection":["Tla\u010dov\u00e9 spr\u00e1vy"],"inLanguage":"en-US"},{"@type":"WebPage","@id":"https:\/\/www.smedemokrati.sk\/mame-to-potvrdene-slovensko-pride-o-minimalne-25-milionov-pre-kauzu-dobytkar\/","url":"https:\/\/www.smedemokrati.sk\/mame-to-potvrdene-slovensko-pride-o-minimalne-25-milionov-pre-kauzu-dobytkar\/","name":"M\u00e1me to potvrden\u00e9, Slovensko pr\u00edde o minim\u00e1lne 25 mili\u00f3nov pre kauzu Dobytk\u00e1r","isPartOf":{"@id":"https:\/\/www.smedemokrati.sk\/#website"},"primaryImageOfPage":{"@id":"https:\/\/www.smedemokrati.sk\/mame-to-potvrdene-slovensko-pride-o-minimalne-25-milionov-pre-kauzu-dobytkar\/#primaryimage"},"image":{"@id":"https:\/\/www.smedemokrati.sk\/mame-to-potvrdene-slovensko-pride-o-minimalne-25-milionov-pre-kauzu-dobytkar\/#primaryimage"},"thumbnailUrl":"https:\/\/www.smedemokrati.sk\/wp-content\/uploads\/2024\/05\/447052232_17914028648942544_2952512814517147209_n-e1717149544758.jpg","datePublished":"2024-05-31T09:56:38+00:00","dateModified":"2024-06-14T05:27:23+00:00","breadcrumb":{"@id":"https:\/\/www.smedemokrati.sk\/mame-to-potvrdene-slovensko-pride-o-minimalne-25-milionov-pre-kauzu-dobytkar\/#breadcrumb"},"inLanguage":"en-US","potentialAction":[{"@type":"ReadAction","target":["https:\/\/www.smedemokrati.sk\/mame-to-potvrdene-slovensko-pride-o-minimalne-25-milionov-pre-kauzu-dobytkar\/"]}]},{"@type":"ImageObject","inLanguage":"en-US","@id":"https:\/\/www.smedemokrati.sk\/mame-to-potvrdene-slovensko-pride-o-minimalne-25-milionov-pre-kauzu-dobytkar\/#primaryimage","url":"https:\/\/www.smedemokrati.sk\/wp-content\/uploads\/2024\/05\/447052232_17914028648942544_2952512814517147209_n-e1717149544758.jpg","contentUrl":"https:\/\/www.smedemokrati.sk\/wp-content\/uploads\/2024\/05\/447052232_17914028648942544_2952512814517147209_n-e1717149544758.jpg","width":1436,"height":1002},{"@type":"BreadcrumbList","@id":"https:\/\/www.smedemokrati.sk\/mame-to-potvrdene-slovensko-pride-o-minimalne-25-milionov-pre-kauzu-dobytkar\/#breadcrumb","itemListElement":[{"@type":"ListItem","position":1,"name":"Domovsk\u00e1 str\u00e1nka","item":"https:\/\/www.smedemokrati.sk\/"},{"@type":"ListItem","position":2,"name":"M\u00e1me to potvrden\u00e9, Slovensko pr\u00edde o minim\u00e1lne 25 mili\u00f3nov pre kauzu Dobytk\u00e1r"}]},{"@type":"WebSite","@id":"https:\/\/www.smedemokrati.sk\/#website","url":"https:\/\/www.smedemokrati.sk\/","name":"Smedemokrati.sk","description":"Demokracia a slu\u0161nos\u0165 zv\u00ed\u0165az\u00ed","publisher":{"@id":"https:\/\/www.smedemokrati.sk\/#organization"},"potentialAction":[{"@type":"SearchAction","target":{"@type":"EntryPoint","urlTemplate":"https:\/\/www.smedemokrati.sk\/?s={search_term_string}"},"query-input":{"@type":"PropertyValueSpecification","valueRequired":true,"valueName":"search_term_string"}}],"inLanguage":"en-US"},{"@type":"Organization","@id":"https:\/\/www.smedemokrati.sk\/#organization","name":"Smedemokrati.sk","url":"https:\/\/www.smedemokrati.sk\/","logo":{"@type":"ImageObject","inLanguage":"en-US","@id":"https:\/\/www.smedemokrati.sk\/#\/schema\/logo\/image\/","url":"https:\/\/www.smedemokrati.sk\/wp-content\/uploads\/2023\/04\/ff.002.jpeg","contentUrl":"https:\/\/www.smedemokrati.sk\/wp-content\/uploads\/2023\/04\/ff.002.jpeg","width":640,"height":480,"caption":"Smedemokrati.sk"},"image":{"@id":"https:\/\/www.smedemokrati.sk\/#\/schema\/logo\/image\/"},"sameAs":["https:\/\/www.facebook.com\/smedemokrati2023"]},{"@type":"Person","@id":"https:\/\/www.smedemokrati.sk\/#\/schema\/person\/21f147c88d605aa7ded900e1e7c344ba","name":"miro.sopko","image":{"@type":"ImageObject","inLanguage":"en-US","@id":"https:\/\/secure.gravatar.com\/avatar\/267e4a36f704376c109afe3a78740c1f5dd8675a2180a908699e7863c9247606?s=96&d=mm&r=g","url":"https:\/\/secure.gravatar.com\/avatar\/267e4a36f704376c109afe3a78740c1f5dd8675a2180a908699e7863c9247606?s=96&d=mm&r=g","contentUrl":"https:\/\/secure.gravatar.com\/avatar\/267e4a36f704376c109afe3a78740c1f5dd8675a2180a908699e7863c9247606?s=96&d=mm&r=g","caption":"miro.sopko"},"url":"https:\/\/www.smedemokrati.sk\/en\/author\/miro-sopko\/"}]}},"_links":{"self":[{"href":"https:\/\/www.smedemokrati.sk\/en\/wp-json\/wp\/v2\/posts\/4266","targetHints":{"allow":["GET"]}}],"collection":[{"href":"https:\/\/www.smedemokrati.sk\/en\/wp-json\/wp\/v2\/posts"}],"about":[{"href":"https:\/\/www.smedemokrati.sk\/en\/wp-json\/wp\/v2\/types\/post"}],"author":[{"embeddable":true,"href":"https:\/\/www.smedemokrati.sk\/en\/wp-json\/wp\/v2\/users\/13"}],"replies":[{"embeddable":true,"href":"https:\/\/www.smedemokrati.sk\/en\/wp-json\/wp\/v2\/comments?post=4266"}],"version-history":[{"count":1,"href":"https:\/\/www.smedemokrati.sk\/en\/wp-json\/wp\/v2\/posts\/4266\/revisions"}],"predecessor-version":[{"id":4268,"href":"https:\/\/www.smedemokrati.sk\/en\/wp-json\/wp\/v2\/posts\/4266\/revisions\/4268"}],"wp:featuredmedia":[{"embeddable":true,"href":"https:\/\/www.smedemokrati.sk\/en\/wp-json\/wp\/v2\/media\/4267"}],"wp:attachment":[{"href":"https:\/\/www.smedemokrati.sk\/en\/wp-json\/wp\/v2\/media?parent=4266"}],"wp:term":[{"taxonomy":"category","embeddable":true,"href":"https:\/\/www.smedemokrati.sk\/en\/wp-json\/wp\/v2\/categories?post=4266"},{"taxonomy":"post_tag","embeddable":true,"href":"https:\/\/www.smedemokrati.sk\/en\/wp-json\/wp\/v2\/tags?post=4266"}],"curies":[{"name":"wp","href":"https:\/\/api.w.org\/{rel}","templated":true}]}}