{"id":4225,"date":"2024-05-27T16:12:25","date_gmt":"2024-05-27T15:12:25","guid":{"rendered":"https:\/\/www.smedemokrati.sk\/?p=4225"},"modified":"2024-06-14T06:27:00","modified_gmt":"2024-06-14T05:27:00","slug":"nedovolme-umlcat-slobodne-media-za-slobodne-media-za-slovensko-bez-cenzury","status":"publish","type":"post","link":"https:\/\/www.smedemokrati.sk\/en\/nedovolme-umlcat-slobodne-media-za-slobodne-media-za-slovensko-bez-cenzury\/","title":{"rendered":"Nedovo\u013eme uml\u010da\u0165 slobodn\u00e9 m\u00e9di\u00e1. Za slobodn\u00e9 m\u00e9di\u00e1! Za Slovensko bez cenz\u00fary!"},"content":{"rendered":"<div id=\"fb-root\"><\/div>\n\n<p><strong>V telev\u00edzii Mark\u00edza prebieha pokus o cenz\u00faru a zasahovanie do slobodn\u00e9ho a nez\u00e1visl\u00e9ho spravodajstva a slobodn\u00fdch a nez\u00e1visl\u00fdch politick\u00fdch diskusi\u00ed. Obrovsk\u00e9mu tlaku \u010del\u00ed rovnako RTVS. Toto nesmieme ignorova\u0165.<\/strong><\/p>\n\n\n\n<p>V telev\u00edzii Mark\u00edza prebieha pokus o cenz\u00faru a zasahovanie do slobodn\u00e9ho a nez\u00e1visl\u00e9ho spravodajstva a slobodn\u00fdch a nez\u00e1visl\u00fdch politick\u00fdch diskusi\u00ed. Obrovsk\u00e9mu tlaku \u010del\u00ed rovnako RTVS. Toto nesmieme ignorova\u0165.<\/p>\n\n\n\n<p>Vyhr\u00e1\u017eky od predstavite\u013eov vl\u00e1dnej koal\u00edcie, \u017ee \u201eneposlu\u0161n\u00e9\u201c m\u00e9di\u00e1 nedostan\u00fa \u0161t\u00e1tnu reklamu, \u017ee nebud\u00fa prich\u00e1dza\u0165 hostia z koal\u00edcie, \u017ee nebud\u00fa odpoveda\u0165 na legit\u00edmne novin\u00e1rske ot\u00e1zky, s\u00fa neprijate\u013en\u00e9. Tak\u00e9to kroky s\u00fa v rozpore s princ\u00edpmi slobody slova a demokracie. Cenz\u00fara do demokratick\u00e9ho sveta nepatr\u00ed. Cenz\u00fara je klamstvom na verejnosti, cenz\u00fara je snaha manipulova\u0165. Povedzme jej spolo\u010dne &#8220;nie&#8221;!<\/p>\n\n\n\n<p>Poz\u00fdvame v\u0161etk\u00fdch naprie\u010d politick\u00fdm spektrom. Poz\u00fdvame predstavite\u013eov politick\u00fdch str\u00e1n, ktor\u00fdm z\u00e1le\u017e\u00ed na slobodn\u00fdch m\u00e9di\u00e1ch a ich sympatizantov.&nbsp;Je jedno, koho ste volili alebo koho budete voli\u0165, teraz ide o slobodu m\u00e9di\u00ed a pr\u00e1vo na inform\u00e1cie, teraz ide stran\u00edcka politika bokom. Po\u010fme spolo\u010dne poveda\u0165 slu\u0161ne, ale jasne NIE cenz\u00fare v m\u00e9di\u00e1ch. Uk\u00e1\u017eme, \u017ee sme za slobodn\u00e9 m\u00e9di\u00e1, za Slovensko bez cenz\u00fary. V k\u013e\u00fa\u010dov\u00fdch momentoch mus\u00edme uk\u00e1za\u0165 jasn\u00e9 hodnoty.<\/p>\n\n\n\n<p>Teraz sa nesmieme schov\u00e1va\u0165, teraz nesmieme ml\u010da\u0165, toto s\u00fa k\u013e\u00fa\u010dov\u00e9 okamihy pre Slovensko. Odmietame n\u00e1silie, ale to neznamen\u00e1, \u017ee m\u00e1me by\u0165 schovan\u00ed v k\u00fate a prizera\u0165 sa demont\u00e1\u017ei demokracie. Naopak, spolo\u010dne mus\u00edme uk\u00e1za\u0165, \u017ee n\u00e1m to nie je jedno. Spolo\u010dne mus\u00edme uk\u00e1za\u0165, \u017ee my vieme poveda\u0165 NIE, bez agresivity, hnevu alebo nen\u00e1visti. Slu\u0161ne a jasne.<\/p>\n\n\n\n<p>V roku 1998 sa Me\u010diar pok\u00fa\u0161al ovl\u00e1dnu\u0165 Mark\u00edzu, teraz \u010del\u00ed Mark\u00edza tlaku neslobody op\u00e4\u0165. Volanie po pokoji nem\u00f4\u017ee uml\u010da\u0165 slobodn\u00e9 m\u00e9di\u00e1, naopak Slovensko slobodn\u00e9 a nez\u00e1visl\u00e9 m\u00e9di\u00e1 potrebuje.&nbsp;<\/p>\n\n\n\n<p>Za slobodn\u00e9 m\u00e9di\u00e1, za Slovensko bez cenz\u00fary.<\/p>\n\n\n\n<p><strong><u>Vid\u00edme sa v utorok 28. m\u00e1ja 2024, o 18:00 v Z\u00e1horskej Bystrici pred TV Mark\u00edza.<\/u><\/strong><\/p>\n\n\n\n<p><strong>Link na event:<\/strong><\/p>\n\n\n\n<p><a href=\"https:\/\/www.facebook.com\/events\/1092843751804169\">https:\/\/www.facebook.com\/events\/1092843751804169<\/a><\/p>\n","protected":false},"excerpt":{"rendered":"<p>V telev\u00edzii Mark\u00edza prebieha pokus o cenz\u00faru a zasahovanie do slobodn\u00e9ho a nez\u00e1visl\u00e9ho spravodajstva a slobodn\u00fdch a nez\u00e1visl\u00fdch politick\u00fdch diskusi\u00ed. Obrovsk\u00e9mu tlaku \u010del\u00ed rovnako RTVS. Toto nesmieme ignorova\u0165. V telev\u00edzii Mark\u00edza prebieha pokus o cenz\u00faru a zasahovanie do slobodn\u00e9ho a nez\u00e1visl\u00e9ho spravodajstva a slobodn\u00fdch a nez\u00e1visl\u00fdch politick\u00fdch diskusi\u00ed. Obrovsk\u00e9mu tlaku \u010del\u00ed rovnako RTVS. Toto nesmieme [&hellip;]<\/p>\n","protected":false},"author":13,"featured_media":4226,"comment_status":"closed","ping_status":"closed","sticky":false,"template":"","format":"standard","meta":{"_acf_changed":false,"ngg_post_thumbnail":0,"footnotes":""},"categories":[4],"tags":[],"class_list":["post-4225","post","type-post","status-publish","format-standard","has-post-thumbnail","hentry","category-tlacove-spravy"],"acf":[],"yoast_head":"<!-- This site is optimized with the Yoast SEO plugin v27.2 - https:\/\/yoast.com\/product\/yoast-seo-wordpress\/ -->\n<title>Nedovo\u013eme uml\u010da\u0165 slobodn\u00e9 m\u00e9di\u00e1. Za slobodn\u00e9 m\u00e9di\u00e1! Za Slovensko bez cenz\u00fary!<\/title>\n<meta name=\"robots\" content=\"index, follow, max-snippet:-1, max-image-preview:large, max-video-preview:-1\" \/>\n<link rel=\"canonical\" href=\"https:\/\/www.smedemokrati.sk\/en\/nedovolme-umlcat-slobodne-media-za-slobodne-media-za-slovensko-bez-cenzury\/\" \/>\n<meta property=\"og:locale\" content=\"en_US\" \/>\n<meta property=\"og:locale:alternate\" content=\"cs_CZ\" \/>\n<meta property=\"og:locale:alternate\" content=\"hu_HU\" \/>\n<meta property=\"og:locale:alternate\" content=\"sk_SK\" \/>\n<meta property=\"og:locale:alternate\" content=\"sv_SE\" \/>\n<meta property=\"og:type\" content=\"article\" \/>\n<meta property=\"og:title\" content=\"Nedovo\u013eme uml\u010da\u0165 slobodn\u00e9 m\u00e9di\u00e1. Za slobodn\u00e9 m\u00e9di\u00e1! Za Slovensko bez cenz\u00fary!\" \/>\n<meta property=\"og:description\" content=\"V telev\u00edzii Mark\u00edza prebieha pokus o cenz\u00faru a zasahovanie do slobodn\u00e9ho a nez\u00e1visl\u00e9ho spravodajstva a slobodn\u00fdch a nez\u00e1visl\u00fdch politick\u00fdch diskusi\u00ed. Obrovsk\u00e9mu tlaku \u010del\u00ed rovnako RTVS. Toto nesmieme ignorova\u0165. V telev\u00edzii Mark\u00edza prebieha pokus o cenz\u00faru a zasahovanie do slobodn\u00e9ho a nez\u00e1visl\u00e9ho spravodajstva a slobodn\u00fdch a nez\u00e1visl\u00fdch politick\u00fdch diskusi\u00ed. Obrovsk\u00e9mu tlaku \u010del\u00ed rovnako RTVS. Toto nesmieme [&hellip;]\" \/>\n<meta property=\"og:url\" content=\"https:\/\/www.smedemokrati.sk\/en\/nedovolme-umlcat-slobodne-media-za-slobodne-media-za-slovensko-bez-cenzury\/\" \/>\n<meta property=\"og:site_name\" content=\"Smedemokrati.sk\" \/>\n<meta property=\"article:publisher\" content=\"https:\/\/www.facebook.com\/smedemokrati2023\" \/>\n<meta property=\"article:published_time\" content=\"2024-05-27T15:12:25+00:00\" \/>\n<meta property=\"article:modified_time\" content=\"2024-06-14T05:27:00+00:00\" \/>\n<meta property=\"og:image\" content=\"https:\/\/www.smedemokrati.sk\/wp-content\/uploads\/2024\/05\/markiza.jpg\" \/>\n\t<meta property=\"og:image:width\" content=\"960\" \/>\n\t<meta property=\"og:image:height\" content=\"540\" \/>\n\t<meta property=\"og:image:type\" content=\"image\/jpeg\" \/>\n<meta name=\"author\" content=\"miro.sopko\" \/>\n<meta name=\"twitter:card\" content=\"summary_large_image\" \/>\n<meta name=\"twitter:label1\" content=\"Written by\" \/>\n\t<meta name=\"twitter:data1\" content=\"miro.sopko\" \/>\n\t<meta name=\"twitter:label2\" content=\"Est. reading time\" \/>\n\t<meta name=\"twitter:data2\" content=\"2 minutes\" \/>\n<script type=\"application\/ld+json\" class=\"yoast-schema-graph\">{\"@context\":\"https:\/\/schema.org\",\"@graph\":[{\"@type\":\"Article\",\"@id\":\"https:\/\/www.smedemokrati.sk\/nedovolme-umlcat-slobodne-media-za-slobodne-media-za-slovensko-bez-cenzury\/#article\",\"isPartOf\":{\"@id\":\"https:\/\/www.smedemokrati.sk\/nedovolme-umlcat-slobodne-media-za-slobodne-media-za-slovensko-bez-cenzury\/\"},\"author\":{\"name\":\"miro.sopko\",\"@id\":\"https:\/\/www.smedemokrati.sk\/#\/schema\/person\/21f147c88d605aa7ded900e1e7c344ba\"},\"headline\":\"Nedovo\u013eme uml\u010da\u0165 slobodn\u00e9 m\u00e9di\u00e1. Za slobodn\u00e9 m\u00e9di\u00e1! Za Slovensko bez cenz\u00fary!\",\"datePublished\":\"2024-05-27T15:12:25+00:00\",\"dateModified\":\"2024-06-14T05:27:00+00:00\",\"mainEntityOfPage\":{\"@id\":\"https:\/\/www.smedemokrati.sk\/nedovolme-umlcat-slobodne-media-za-slobodne-media-za-slovensko-bez-cenzury\/\"},\"wordCount\":411,\"publisher\":{\"@id\":\"https:\/\/www.smedemokrati.sk\/#organization\"},\"image\":{\"@id\":\"https:\/\/www.smedemokrati.sk\/nedovolme-umlcat-slobodne-media-za-slobodne-media-za-slovensko-bez-cenzury\/#primaryimage\"},\"thumbnailUrl\":\"https:\/\/www.smedemokrati.sk\/wp-content\/uploads\/2024\/05\/markiza.jpg\",\"articleSection\":[\"Tla\u010dov\u00e9 spr\u00e1vy\"],\"inLanguage\":\"en-US\"},{\"@type\":\"WebPage\",\"@id\":\"https:\/\/www.smedemokrati.sk\/nedovolme-umlcat-slobodne-media-za-slobodne-media-za-slovensko-bez-cenzury\/\",\"url\":\"https:\/\/www.smedemokrati.sk\/nedovolme-umlcat-slobodne-media-za-slobodne-media-za-slovensko-bez-cenzury\/\",\"name\":\"Nedovo\u013eme uml\u010da\u0165 slobodn\u00e9 m\u00e9di\u00e1. Za slobodn\u00e9 m\u00e9di\u00e1! Za Slovensko bez cenz\u00fary!\",\"isPartOf\":{\"@id\":\"https:\/\/www.smedemokrati.sk\/#website\"},\"primaryImageOfPage\":{\"@id\":\"https:\/\/www.smedemokrati.sk\/nedovolme-umlcat-slobodne-media-za-slobodne-media-za-slovensko-bez-cenzury\/#primaryimage\"},\"image\":{\"@id\":\"https:\/\/www.smedemokrati.sk\/nedovolme-umlcat-slobodne-media-za-slobodne-media-za-slovensko-bez-cenzury\/#primaryimage\"},\"thumbnailUrl\":\"https:\/\/www.smedemokrati.sk\/wp-content\/uploads\/2024\/05\/markiza.jpg\",\"datePublished\":\"2024-05-27T15:12:25+00:00\",\"dateModified\":\"2024-06-14T05:27:00+00:00\",\"breadcrumb\":{\"@id\":\"https:\/\/www.smedemokrati.sk\/nedovolme-umlcat-slobodne-media-za-slobodne-media-za-slovensko-bez-cenzury\/#breadcrumb\"},\"inLanguage\":\"en-US\",\"potentialAction\":[{\"@type\":\"ReadAction\",\"target\":[\"https:\/\/www.smedemokrati.sk\/nedovolme-umlcat-slobodne-media-za-slobodne-media-za-slovensko-bez-cenzury\/\"]}]},{\"@type\":\"ImageObject\",\"inLanguage\":\"en-US\",\"@id\":\"https:\/\/www.smedemokrati.sk\/nedovolme-umlcat-slobodne-media-za-slobodne-media-za-slovensko-bez-cenzury\/#primaryimage\",\"url\":\"https:\/\/www.smedemokrati.sk\/wp-content\/uploads\/2024\/05\/markiza.jpg\",\"contentUrl\":\"https:\/\/www.smedemokrati.sk\/wp-content\/uploads\/2024\/05\/markiza.jpg\",\"width\":960,\"height\":540},{\"@type\":\"BreadcrumbList\",\"@id\":\"https:\/\/www.smedemokrati.sk\/nedovolme-umlcat-slobodne-media-za-slobodne-media-za-slovensko-bez-cenzury\/#breadcrumb\",\"itemListElement\":[{\"@type\":\"ListItem\",\"position\":1,\"name\":\"Domovsk\u00e1 str\u00e1nka\",\"item\":\"https:\/\/www.smedemokrati.sk\/\"},{\"@type\":\"ListItem\",\"position\":2,\"name\":\"Nedovo\u013eme uml\u010da\u0165 slobodn\u00e9 m\u00e9di\u00e1. Za slobodn\u00e9 m\u00e9di\u00e1! Za Slovensko bez cenz\u00fary!\"}]},{\"@type\":\"WebSite\",\"@id\":\"https:\/\/www.smedemokrati.sk\/#website\",\"url\":\"https:\/\/www.smedemokrati.sk\/\",\"name\":\"Smedemokrati.sk\",\"description\":\"Demokracia a slu\u0161nos\u0165 zv\u00ed\u0165az\u00ed\",\"publisher\":{\"@id\":\"https:\/\/www.smedemokrati.sk\/#organization\"},\"potentialAction\":[{\"@type\":\"SearchAction\",\"target\":{\"@type\":\"EntryPoint\",\"urlTemplate\":\"https:\/\/www.smedemokrati.sk\/?s={search_term_string}\"},\"query-input\":{\"@type\":\"PropertyValueSpecification\",\"valueRequired\":true,\"valueName\":\"search_term_string\"}}],\"inLanguage\":\"en-US\"},{\"@type\":\"Organization\",\"@id\":\"https:\/\/www.smedemokrati.sk\/#organization\",\"name\":\"Smedemokrati.sk\",\"url\":\"https:\/\/www.smedemokrati.sk\/\",\"logo\":{\"@type\":\"ImageObject\",\"inLanguage\":\"en-US\",\"@id\":\"https:\/\/www.smedemokrati.sk\/#\/schema\/logo\/image\/\",\"url\":\"https:\/\/www.smedemokrati.sk\/wp-content\/uploads\/2023\/04\/ff.002.jpeg\",\"contentUrl\":\"https:\/\/www.smedemokrati.sk\/wp-content\/uploads\/2023\/04\/ff.002.jpeg\",\"width\":640,\"height\":480,\"caption\":\"Smedemokrati.sk\"},\"image\":{\"@id\":\"https:\/\/www.smedemokrati.sk\/#\/schema\/logo\/image\/\"},\"sameAs\":[\"https:\/\/www.facebook.com\/smedemokrati2023\"]},{\"@type\":\"Person\",\"@id\":\"https:\/\/www.smedemokrati.sk\/#\/schema\/person\/21f147c88d605aa7ded900e1e7c344ba\",\"name\":\"miro.sopko\",\"image\":{\"@type\":\"ImageObject\",\"inLanguage\":\"en-US\",\"@id\":\"https:\/\/secure.gravatar.com\/avatar\/267e4a36f704376c109afe3a78740c1f5dd8675a2180a908699e7863c9247606?s=96&d=mm&r=g\",\"url\":\"https:\/\/secure.gravatar.com\/avatar\/267e4a36f704376c109afe3a78740c1f5dd8675a2180a908699e7863c9247606?s=96&d=mm&r=g\",\"contentUrl\":\"https:\/\/secure.gravatar.com\/avatar\/267e4a36f704376c109afe3a78740c1f5dd8675a2180a908699e7863c9247606?s=96&d=mm&r=g\",\"caption\":\"miro.sopko\"},\"url\":\"https:\/\/www.smedemokrati.sk\/en\/author\/miro-sopko\/\"}]}<\/script>\n<!-- \/ Yoast SEO plugin. -->","yoast_head_json":{"title":"Nedovo\u013eme uml\u010da\u0165 slobodn\u00e9 m\u00e9di\u00e1. Za slobodn\u00e9 m\u00e9di\u00e1! Za Slovensko bez cenz\u00fary!","robots":{"index":"index","follow":"follow","max-snippet":"max-snippet:-1","max-image-preview":"max-image-preview:large","max-video-preview":"max-video-preview:-1"},"canonical":"https:\/\/www.smedemokrati.sk\/en\/nedovolme-umlcat-slobodne-media-za-slobodne-media-za-slovensko-bez-cenzury\/","og_locale":"en_US","og_type":"article","og_title":"[:sk]Nedovo\u013eme uml\u010da\u0165 slobodn\u00e9 m\u00e9di\u00e1. Za slobodn\u00e9 m\u00e9di\u00e1! Za Slovensko bez cenz\u00fary![:] - Smedemokrati.sk","og_description":"V telev\u00edzii Mark\u00edza prebieha pokus o cenz\u00faru a zasahovanie do slobodn\u00e9ho a nez\u00e1visl\u00e9ho spravodajstva a slobodn\u00fdch a nez\u00e1visl\u00fdch politick\u00fdch diskusi\u00ed. Obrovsk\u00e9mu tlaku \u010del\u00ed rovnako RTVS. Toto nesmieme ignorova\u0165. V telev\u00edzii Mark\u00edza prebieha pokus o cenz\u00faru a zasahovanie do slobodn\u00e9ho a nez\u00e1visl\u00e9ho spravodajstva a slobodn\u00fdch a nez\u00e1visl\u00fdch politick\u00fdch diskusi\u00ed. Obrovsk\u00e9mu tlaku \u010del\u00ed rovnako RTVS. Toto nesmieme [&hellip;]","og_url":"https:\/\/www.smedemokrati.sk\/en\/nedovolme-umlcat-slobodne-media-za-slobodne-media-za-slovensko-bez-cenzury\/","og_site_name":"Smedemokrati.sk","article_publisher":"https:\/\/www.facebook.com\/smedemokrati2023","article_published_time":"2024-05-27T15:12:25+00:00","article_modified_time":"2024-06-14T05:27:00+00:00","og_image":[{"width":960,"height":540,"url":"https:\/\/www.smedemokrati.sk\/wp-content\/uploads\/2024\/05\/markiza.jpg","type":"image\/jpeg"}],"author":"miro.sopko","twitter_card":"summary_large_image","twitter_misc":{"Written by":"miro.sopko","Est. reading time":"2 minutes"},"schema":{"@context":"https:\/\/schema.org","@graph":[{"@type":"Article","@id":"https:\/\/www.smedemokrati.sk\/nedovolme-umlcat-slobodne-media-za-slobodne-media-za-slovensko-bez-cenzury\/#article","isPartOf":{"@id":"https:\/\/www.smedemokrati.sk\/nedovolme-umlcat-slobodne-media-za-slobodne-media-za-slovensko-bez-cenzury\/"},"author":{"name":"miro.sopko","@id":"https:\/\/www.smedemokrati.sk\/#\/schema\/person\/21f147c88d605aa7ded900e1e7c344ba"},"headline":"Nedovo\u013eme uml\u010da\u0165 slobodn\u00e9 m\u00e9di\u00e1. Za slobodn\u00e9 m\u00e9di\u00e1! Za Slovensko bez cenz\u00fary!","datePublished":"2024-05-27T15:12:25+00:00","dateModified":"2024-06-14T05:27:00+00:00","mainEntityOfPage":{"@id":"https:\/\/www.smedemokrati.sk\/nedovolme-umlcat-slobodne-media-za-slobodne-media-za-slovensko-bez-cenzury\/"},"wordCount":411,"publisher":{"@id":"https:\/\/www.smedemokrati.sk\/#organization"},"image":{"@id":"https:\/\/www.smedemokrati.sk\/nedovolme-umlcat-slobodne-media-za-slobodne-media-za-slovensko-bez-cenzury\/#primaryimage"},"thumbnailUrl":"https:\/\/www.smedemokrati.sk\/wp-content\/uploads\/2024\/05\/markiza.jpg","articleSection":["Tla\u010dov\u00e9 spr\u00e1vy"],"inLanguage":"en-US"},{"@type":"WebPage","@id":"https:\/\/www.smedemokrati.sk\/nedovolme-umlcat-slobodne-media-za-slobodne-media-za-slovensko-bez-cenzury\/","url":"https:\/\/www.smedemokrati.sk\/nedovolme-umlcat-slobodne-media-za-slobodne-media-za-slovensko-bez-cenzury\/","name":"Nedovo\u013eme uml\u010da\u0165 slobodn\u00e9 m\u00e9di\u00e1. Za slobodn\u00e9 m\u00e9di\u00e1! Za Slovensko bez cenz\u00fary!","isPartOf":{"@id":"https:\/\/www.smedemokrati.sk\/#website"},"primaryImageOfPage":{"@id":"https:\/\/www.smedemokrati.sk\/nedovolme-umlcat-slobodne-media-za-slobodne-media-za-slovensko-bez-cenzury\/#primaryimage"},"image":{"@id":"https:\/\/www.smedemokrati.sk\/nedovolme-umlcat-slobodne-media-za-slobodne-media-za-slovensko-bez-cenzury\/#primaryimage"},"thumbnailUrl":"https:\/\/www.smedemokrati.sk\/wp-content\/uploads\/2024\/05\/markiza.jpg","datePublished":"2024-05-27T15:12:25+00:00","dateModified":"2024-06-14T05:27:00+00:00","breadcrumb":{"@id":"https:\/\/www.smedemokrati.sk\/nedovolme-umlcat-slobodne-media-za-slobodne-media-za-slovensko-bez-cenzury\/#breadcrumb"},"inLanguage":"en-US","potentialAction":[{"@type":"ReadAction","target":["https:\/\/www.smedemokrati.sk\/nedovolme-umlcat-slobodne-media-za-slobodne-media-za-slovensko-bez-cenzury\/"]}]},{"@type":"ImageObject","inLanguage":"en-US","@id":"https:\/\/www.smedemokrati.sk\/nedovolme-umlcat-slobodne-media-za-slobodne-media-za-slovensko-bez-cenzury\/#primaryimage","url":"https:\/\/www.smedemokrati.sk\/wp-content\/uploads\/2024\/05\/markiza.jpg","contentUrl":"https:\/\/www.smedemokrati.sk\/wp-content\/uploads\/2024\/05\/markiza.jpg","width":960,"height":540},{"@type":"BreadcrumbList","@id":"https:\/\/www.smedemokrati.sk\/nedovolme-umlcat-slobodne-media-za-slobodne-media-za-slovensko-bez-cenzury\/#breadcrumb","itemListElement":[{"@type":"ListItem","position":1,"name":"Domovsk\u00e1 str\u00e1nka","item":"https:\/\/www.smedemokrati.sk\/"},{"@type":"ListItem","position":2,"name":"Nedovo\u013eme uml\u010da\u0165 slobodn\u00e9 m\u00e9di\u00e1. Za slobodn\u00e9 m\u00e9di\u00e1! Za Slovensko bez cenz\u00fary!"}]},{"@type":"WebSite","@id":"https:\/\/www.smedemokrati.sk\/#website","url":"https:\/\/www.smedemokrati.sk\/","name":"Smedemokrati.sk","description":"Demokracia a slu\u0161nos\u0165 zv\u00ed\u0165az\u00ed","publisher":{"@id":"https:\/\/www.smedemokrati.sk\/#organization"},"potentialAction":[{"@type":"SearchAction","target":{"@type":"EntryPoint","urlTemplate":"https:\/\/www.smedemokrati.sk\/?s={search_term_string}"},"query-input":{"@type":"PropertyValueSpecification","valueRequired":true,"valueName":"search_term_string"}}],"inLanguage":"en-US"},{"@type":"Organization","@id":"https:\/\/www.smedemokrati.sk\/#organization","name":"Smedemokrati.sk","url":"https:\/\/www.smedemokrati.sk\/","logo":{"@type":"ImageObject","inLanguage":"en-US","@id":"https:\/\/www.smedemokrati.sk\/#\/schema\/logo\/image\/","url":"https:\/\/www.smedemokrati.sk\/wp-content\/uploads\/2023\/04\/ff.002.jpeg","contentUrl":"https:\/\/www.smedemokrati.sk\/wp-content\/uploads\/2023\/04\/ff.002.jpeg","width":640,"height":480,"caption":"Smedemokrati.sk"},"image":{"@id":"https:\/\/www.smedemokrati.sk\/#\/schema\/logo\/image\/"},"sameAs":["https:\/\/www.facebook.com\/smedemokrati2023"]},{"@type":"Person","@id":"https:\/\/www.smedemokrati.sk\/#\/schema\/person\/21f147c88d605aa7ded900e1e7c344ba","name":"miro.sopko","image":{"@type":"ImageObject","inLanguage":"en-US","@id":"https:\/\/secure.gravatar.com\/avatar\/267e4a36f704376c109afe3a78740c1f5dd8675a2180a908699e7863c9247606?s=96&d=mm&r=g","url":"https:\/\/secure.gravatar.com\/avatar\/267e4a36f704376c109afe3a78740c1f5dd8675a2180a908699e7863c9247606?s=96&d=mm&r=g","contentUrl":"https:\/\/secure.gravatar.com\/avatar\/267e4a36f704376c109afe3a78740c1f5dd8675a2180a908699e7863c9247606?s=96&d=mm&r=g","caption":"miro.sopko"},"url":"https:\/\/www.smedemokrati.sk\/en\/author\/miro-sopko\/"}]}},"_links":{"self":[{"href":"https:\/\/www.smedemokrati.sk\/en\/wp-json\/wp\/v2\/posts\/4225","targetHints":{"allow":["GET"]}}],"collection":[{"href":"https:\/\/www.smedemokrati.sk\/en\/wp-json\/wp\/v2\/posts"}],"about":[{"href":"https:\/\/www.smedemokrati.sk\/en\/wp-json\/wp\/v2\/types\/post"}],"author":[{"embeddable":true,"href":"https:\/\/www.smedemokrati.sk\/en\/wp-json\/wp\/v2\/users\/13"}],"replies":[{"embeddable":true,"href":"https:\/\/www.smedemokrati.sk\/en\/wp-json\/wp\/v2\/comments?post=4225"}],"version-history":[{"count":1,"href":"https:\/\/www.smedemokrati.sk\/en\/wp-json\/wp\/v2\/posts\/4225\/revisions"}],"predecessor-version":[{"id":4227,"href":"https:\/\/www.smedemokrati.sk\/en\/wp-json\/wp\/v2\/posts\/4225\/revisions\/4227"}],"wp:featuredmedia":[{"embeddable":true,"href":"https:\/\/www.smedemokrati.sk\/en\/wp-json\/wp\/v2\/media\/4226"}],"wp:attachment":[{"href":"https:\/\/www.smedemokrati.sk\/en\/wp-json\/wp\/v2\/media?parent=4225"}],"wp:term":[{"taxonomy":"category","embeddable":true,"href":"https:\/\/www.smedemokrati.sk\/en\/wp-json\/wp\/v2\/categories?post=4225"},{"taxonomy":"post_tag","embeddable":true,"href":"https:\/\/www.smedemokrati.sk\/en\/wp-json\/wp\/v2\/tags?post=4225"}],"curies":[{"name":"wp","href":"https:\/\/api.w.org\/{rel}","templated":true}]}}