{"id":4206,"date":"2024-05-23T11:26:37","date_gmt":"2024-05-23T10:26:37","guid":{"rendered":"https:\/\/www.smedemokrati.sk\/?p=4206"},"modified":"2024-06-03T19:43:22","modified_gmt":"2024-06-03T18:43:22","slug":"tarabova-novela-nepozorovane-amnestuje-doterajsie-nelegalne-vyruby-vyzyvame-na-jej-vetovanie","status":"publish","type":"post","link":"https:\/\/www.smedemokrati.sk\/en\/tarabova-novela-nepozorovane-amnestuje-doterajsie-nelegalne-vyruby-vyzyvame-na-jej-vetovanie\/","title":{"rendered":"Tarabova novela nepozorovane amnestuje doteraj\u0161ie neleg\u00e1lne v\u00fdruby, vyz\u00fdvame na jej vetovanie"},"content":{"rendered":"<div id=\"fb-root\"><\/div>\n\n<p>Taraba sa oh\u00e1\u0148a, \u017ee jeho expresn\u00e1 novela z\u00e1kona o ochrane pr\u00edrody a krajiny pom\u00f4\u017ee potravinovej sebesta\u010dnosti a ochrane pred medve\u010fmi. Ukazuje sa, \u017ee jej skuto\u010dn\u00fdm av\u0161ak prehliadnut\u00fdm d\u00f4vodom je doslova amnestovanie aj doteraz vykonan\u00fdch neleg\u00e1lnych v\u00fdrubov. \u017diadame prezidentku Zuzanu \u010caputov\u00fa, aby z\u00e1kon vetovala.<\/p>\n\n\n\n<p><em><em><em>\u201e<\/em><\/em>V\u00fdrub sa nestal. Aj to v sebe ukr\u00fdva nar\u00fdchlo predlo\u017een\u00e1 Tarabova novela z\u00e1kona o ochrane pr\u00edrody a krajiny, ktor\u00fa v\u010dera schv\u00e1lil parlament. Neobvykle toti\u017e upravuje, \u017ee ak sa doteraz vykonal protipr\u00e1vny v\u00fdrub, tak u\u017e sa na tento skutok nebude pozera\u0165 ako na poru\u0161enie z\u00e1kona, ale p\u00f4jde sa pod\u013ea nov\u00fdch pravidiel. \u010co bude vlastne rozsiahla amnestia, na ktor\u00fa nie je v\u00f4bec \u017eiadny d\u00f4vod. \u010coskoro sa uk\u00e1\u017ee, komu toto ustanovenie bude vyhovova\u0165,\u201d<\/em>\u00a0upozor\u0148uje Michal Ki\u010da, environment\u00e1lny expert a \u010dlen predsedn\u00edctva strany Demokrati.<\/p>\n\n\n\n<p>Je bezprecedentn\u00e9, aby sa tak\u00e9to z\u00e1va\u017en\u00e9 z\u00e1sahy vykon\u00e1vali v skr\u00e1tenom legislat\u00edvnom konan\u00ed.\u00a0<em><em><em>\u201e<\/em><\/em>Jeho \u00fa\u010delom je prekry\u0165 \u0161kandal\u00f3zny rozmer novely, a to je aj <em><em>\u201e<\/em><\/em>amnestia\u201d doteraz vykonan\u00fdch neleg\u00e1lnych v\u00fdrubov. Jedn\u00e1 sa aj o mnoh\u00e9 citliv\u00e9 pr\u00edpady developerov, kde nielen\u017ee sa vyhn\u00fa pokuty \u010di dokonca trestn\u00e9mu st\u00edhaniu, ale ani nebud\u00fa musie\u0165 financova\u0165 n\u00e1hradn\u00fa v\u00fdsadbu. Prehodnoti\u0165 tak bude potrebn\u00e9 aj pravdepodobne neleg\u00e1lny v\u00fdrub okresn\u00e9ho predstavite\u013ea strany HLAS-SD v D\u00fabravke z febru\u00e1ra 2024,\u201d<\/em>\u00a0dop\u013a\u0148a Michal Ki\u010da.<\/p>\n\n\n\n<p>Ako\u017ee kompromisn\u00fd pozme\u0148uj\u00faci n\u00e1vrh cel\u00fa situ\u00e1ciu e\u0161te zhor\u0161il. V\u00fdruby bud\u00fa bez povinnosti n\u00e1hrady, tak\u017ee ak sa developerovi umo\u017en\u00ed napr\u00edklad vyr\u00faba\u0165 \u010das\u0165 \u00fazemia v dunajsk\u00fdch luhoch, tak ten nemus\u00ed zabezpe\u010di\u0165 sadenie nov\u00fdch drev\u00edn. A doplnen\u00e1 povinnos\u0165 v\u00fdruby v chr\u00e1nen\u00fdch \u00fazemiach aspo\u0148 oznamova\u0165 je absol\u00fatne nevyn\u00fatite\u013en\u00e1, \u010di\u017ee je bezzub\u00e1 a bude sa po\u013eahky obch\u00e1dza\u0165.\u00a0<em><em><em>\u201e<\/em><\/em>Jedn\u00e1 sa o \u010fal\u0161\u00ed vyslovene \u0161kodliv\u00fd a lobistick\u00fd n\u00e1vrh z\u00e1kona, ktor\u00fd vyhovuje akur\u00e1t \u00fazkej skupine podnikate\u013eov, av\u0161ak mas\u00edvne po\u0161kod\u00ed \u017eivotn\u00e9 prostredie. \u017diadame prezidentku, aby nielen pre procesn\u00e9 d\u00f4vody, ale najm\u00e4 \u0161kandal\u00f3zny rozmer z\u00e1kona, vyu\u017eila svoje pr\u00e1vo a z\u00e1kon vetovala,\u201d\u00a0<\/em>uzavrel Michal Ki\u010da.<\/p>\n","protected":false},"excerpt":{"rendered":"<p>Taraba sa oh\u00e1\u0148a, \u017ee jeho expresn\u00e1 novela z\u00e1kona o ochrane pr\u00edrody a krajiny pom\u00f4\u017ee potravinovej sebesta\u010dnosti a ochrane pred medve\u010fmi. Ukazuje sa, \u017ee jej skuto\u010dn\u00fdm av\u0161ak prehliadnut\u00fdm d\u00f4vodom je doslova amnestovanie aj doteraz vykonan\u00fdch neleg\u00e1lnych v\u00fdrubov. \u017diadame prezidentku Zuzanu \u010caputov\u00fa, aby z\u00e1kon vetovala. \u201eV\u00fdrub sa nestal. Aj to v sebe ukr\u00fdva nar\u00fdchlo predlo\u017een\u00e1 Tarabova novela [&hellip;]<\/p>\n","protected":false},"author":13,"featured_media":4207,"comment_status":"closed","ping_status":"closed","sticky":false,"template":"","format":"standard","meta":{"_acf_changed":false,"ngg_post_thumbnail":0,"footnotes":""},"categories":[4],"tags":[],"class_list":["post-4206","post","type-post","status-publish","format-standard","has-post-thumbnail","hentry","category-tlacove-spravy"],"acf":[],"yoast_head":"<!-- This site is optimized with the Yoast SEO plugin v27.2 - https:\/\/yoast.com\/product\/yoast-seo-wordpress\/ -->\n<title>Tarabova novela nepozorovane amnestuje doteraj\u0161ie neleg\u00e1lne v\u00fdruby, vyz\u00fdvame na jej vetovanie<\/title>\n<meta name=\"robots\" content=\"index, follow, max-snippet:-1, max-image-preview:large, max-video-preview:-1\" \/>\n<link rel=\"canonical\" href=\"https:\/\/www.smedemokrati.sk\/en\/tarabova-novela-nepozorovane-amnestuje-doterajsie-nelegalne-vyruby-vyzyvame-na-jej-vetovanie\/\" \/>\n<meta property=\"og:locale\" content=\"en_US\" \/>\n<meta property=\"og:locale:alternate\" content=\"cs_CZ\" \/>\n<meta property=\"og:locale:alternate\" content=\"hu_HU\" \/>\n<meta property=\"og:locale:alternate\" content=\"sk_SK\" \/>\n<meta property=\"og:locale:alternate\" content=\"sv_SE\" \/>\n<meta property=\"og:type\" content=\"article\" \/>\n<meta property=\"og:title\" content=\"Tarabova novela nepozorovane amnestuje doteraj\u0161ie neleg\u00e1lne v\u00fdruby, vyz\u00fdvame na jej vetovanie\" \/>\n<meta property=\"og:description\" content=\"Taraba sa oh\u00e1\u0148a, \u017ee jeho expresn\u00e1 novela z\u00e1kona o ochrane pr\u00edrody a krajiny pom\u00f4\u017ee potravinovej sebesta\u010dnosti a ochrane pred medve\u010fmi. Ukazuje sa, \u017ee jej skuto\u010dn\u00fdm av\u0161ak prehliadnut\u00fdm d\u00f4vodom je doslova amnestovanie aj doteraz vykonan\u00fdch neleg\u00e1lnych v\u00fdrubov. \u017diadame prezidentku Zuzanu \u010caputov\u00fa, aby z\u00e1kon vetovala. \u201eV\u00fdrub sa nestal. Aj to v sebe ukr\u00fdva nar\u00fdchlo predlo\u017een\u00e1 Tarabova novela [&hellip;]\" \/>\n<meta property=\"og:url\" content=\"https:\/\/www.smedemokrati.sk\/en\/tarabova-novela-nepozorovane-amnestuje-doterajsie-nelegalne-vyruby-vyzyvame-na-jej-vetovanie\/\" \/>\n<meta property=\"og:site_name\" content=\"Smedemokrati.sk\" \/>\n<meta property=\"article:publisher\" content=\"https:\/\/www.facebook.com\/smedemokrati2023\" \/>\n<meta property=\"article:published_time\" content=\"2024-05-23T10:26:37+00:00\" \/>\n<meta property=\"article:modified_time\" content=\"2024-06-03T18:43:22+00:00\" \/>\n<meta property=\"og:image\" content=\"https:\/\/www.smedemokrati.sk\/wp-content\/uploads\/2024\/05\/taraba-amnestia-vyrub.jpg\" \/>\n\t<meta property=\"og:image:width\" content=\"1920\" \/>\n\t<meta property=\"og:image:height\" content=\"1271\" \/>\n\t<meta property=\"og:image:type\" content=\"image\/jpeg\" \/>\n<meta name=\"author\" content=\"miro.sopko\" \/>\n<meta name=\"twitter:card\" content=\"summary_large_image\" \/>\n<meta name=\"twitter:label1\" content=\"Written by\" \/>\n\t<meta name=\"twitter:data1\" content=\"miro.sopko\" \/>\n\t<meta name=\"twitter:label2\" content=\"Est. reading time\" \/>\n\t<meta name=\"twitter:data2\" content=\"2 minutes\" \/>\n<script type=\"application\/ld+json\" class=\"yoast-schema-graph\">{\"@context\":\"https:\/\/schema.org\",\"@graph\":[{\"@type\":\"Article\",\"@id\":\"https:\/\/www.smedemokrati.sk\/tarabova-novela-nepozorovane-amnestuje-doterajsie-nelegalne-vyruby-vyzyvame-na-jej-vetovanie\/#article\",\"isPartOf\":{\"@id\":\"https:\/\/www.smedemokrati.sk\/tarabova-novela-nepozorovane-amnestuje-doterajsie-nelegalne-vyruby-vyzyvame-na-jej-vetovanie\/\"},\"author\":{\"name\":\"miro.sopko\",\"@id\":\"https:\/\/www.smedemokrati.sk\/#\/schema\/person\/21f147c88d605aa7ded900e1e7c344ba\"},\"headline\":\"Tarabova novela nepozorovane amnestuje doteraj\u0161ie neleg\u00e1lne v\u00fdruby, vyz\u00fdvame na jej vetovanie\",\"datePublished\":\"2024-05-23T10:26:37+00:00\",\"dateModified\":\"2024-06-03T18:43:22+00:00\",\"mainEntityOfPage\":{\"@id\":\"https:\/\/www.smedemokrati.sk\/tarabova-novela-nepozorovane-amnestuje-doterajsie-nelegalne-vyruby-vyzyvame-na-jej-vetovanie\/\"},\"wordCount\":407,\"publisher\":{\"@id\":\"https:\/\/www.smedemokrati.sk\/#organization\"},\"image\":{\"@id\":\"https:\/\/www.smedemokrati.sk\/tarabova-novela-nepozorovane-amnestuje-doterajsie-nelegalne-vyruby-vyzyvame-na-jej-vetovanie\/#primaryimage\"},\"thumbnailUrl\":\"https:\/\/www.smedemokrati.sk\/wp-content\/uploads\/2024\/05\/taraba-amnestia-vyrub.jpg\",\"articleSection\":[\"Tla\u010dov\u00e9 spr\u00e1vy\"],\"inLanguage\":\"en-US\"},{\"@type\":\"WebPage\",\"@id\":\"https:\/\/www.smedemokrati.sk\/tarabova-novela-nepozorovane-amnestuje-doterajsie-nelegalne-vyruby-vyzyvame-na-jej-vetovanie\/\",\"url\":\"https:\/\/www.smedemokrati.sk\/tarabova-novela-nepozorovane-amnestuje-doterajsie-nelegalne-vyruby-vyzyvame-na-jej-vetovanie\/\",\"name\":\"Tarabova novela nepozorovane amnestuje doteraj\u0161ie neleg\u00e1lne v\u00fdruby, vyz\u00fdvame na jej vetovanie\",\"isPartOf\":{\"@id\":\"https:\/\/www.smedemokrati.sk\/#website\"},\"primaryImageOfPage\":{\"@id\":\"https:\/\/www.smedemokrati.sk\/tarabova-novela-nepozorovane-amnestuje-doterajsie-nelegalne-vyruby-vyzyvame-na-jej-vetovanie\/#primaryimage\"},\"image\":{\"@id\":\"https:\/\/www.smedemokrati.sk\/tarabova-novela-nepozorovane-amnestuje-doterajsie-nelegalne-vyruby-vyzyvame-na-jej-vetovanie\/#primaryimage\"},\"thumbnailUrl\":\"https:\/\/www.smedemokrati.sk\/wp-content\/uploads\/2024\/05\/taraba-amnestia-vyrub.jpg\",\"datePublished\":\"2024-05-23T10:26:37+00:00\",\"dateModified\":\"2024-06-03T18:43:22+00:00\",\"breadcrumb\":{\"@id\":\"https:\/\/www.smedemokrati.sk\/tarabova-novela-nepozorovane-amnestuje-doterajsie-nelegalne-vyruby-vyzyvame-na-jej-vetovanie\/#breadcrumb\"},\"inLanguage\":\"en-US\",\"potentialAction\":[{\"@type\":\"ReadAction\",\"target\":[\"https:\/\/www.smedemokrati.sk\/tarabova-novela-nepozorovane-amnestuje-doterajsie-nelegalne-vyruby-vyzyvame-na-jej-vetovanie\/\"]}]},{\"@type\":\"ImageObject\",\"inLanguage\":\"en-US\",\"@id\":\"https:\/\/www.smedemokrati.sk\/tarabova-novela-nepozorovane-amnestuje-doterajsie-nelegalne-vyruby-vyzyvame-na-jej-vetovanie\/#primaryimage\",\"url\":\"https:\/\/www.smedemokrati.sk\/wp-content\/uploads\/2024\/05\/taraba-amnestia-vyrub.jpg\",\"contentUrl\":\"https:\/\/www.smedemokrati.sk\/wp-content\/uploads\/2024\/05\/taraba-amnestia-vyrub.jpg\",\"width\":1920,\"height\":1271},{\"@type\":\"BreadcrumbList\",\"@id\":\"https:\/\/www.smedemokrati.sk\/tarabova-novela-nepozorovane-amnestuje-doterajsie-nelegalne-vyruby-vyzyvame-na-jej-vetovanie\/#breadcrumb\",\"itemListElement\":[{\"@type\":\"ListItem\",\"position\":1,\"name\":\"Domovsk\u00e1 str\u00e1nka\",\"item\":\"https:\/\/www.smedemokrati.sk\/\"},{\"@type\":\"ListItem\",\"position\":2,\"name\":\"Tarabova novela nepozorovane amnestuje doteraj\u0161ie neleg\u00e1lne v\u00fdruby, vyz\u00fdvame na jej vetovanie\"}]},{\"@type\":\"WebSite\",\"@id\":\"https:\/\/www.smedemokrati.sk\/#website\",\"url\":\"https:\/\/www.smedemokrati.sk\/\",\"name\":\"Smedemokrati.sk\",\"description\":\"Demokracia a slu\u0161nos\u0165 zv\u00ed\u0165az\u00ed\",\"publisher\":{\"@id\":\"https:\/\/www.smedemokrati.sk\/#organization\"},\"potentialAction\":[{\"@type\":\"SearchAction\",\"target\":{\"@type\":\"EntryPoint\",\"urlTemplate\":\"https:\/\/www.smedemokrati.sk\/?s={search_term_string}\"},\"query-input\":{\"@type\":\"PropertyValueSpecification\",\"valueRequired\":true,\"valueName\":\"search_term_string\"}}],\"inLanguage\":\"en-US\"},{\"@type\":\"Organization\",\"@id\":\"https:\/\/www.smedemokrati.sk\/#organization\",\"name\":\"Smedemokrati.sk\",\"url\":\"https:\/\/www.smedemokrati.sk\/\",\"logo\":{\"@type\":\"ImageObject\",\"inLanguage\":\"en-US\",\"@id\":\"https:\/\/www.smedemokrati.sk\/#\/schema\/logo\/image\/\",\"url\":\"https:\/\/www.smedemokrati.sk\/wp-content\/uploads\/2023\/04\/ff.002.jpeg\",\"contentUrl\":\"https:\/\/www.smedemokrati.sk\/wp-content\/uploads\/2023\/04\/ff.002.jpeg\",\"width\":640,\"height\":480,\"caption\":\"Smedemokrati.sk\"},\"image\":{\"@id\":\"https:\/\/www.smedemokrati.sk\/#\/schema\/logo\/image\/\"},\"sameAs\":[\"https:\/\/www.facebook.com\/smedemokrati2023\"]},{\"@type\":\"Person\",\"@id\":\"https:\/\/www.smedemokrati.sk\/#\/schema\/person\/21f147c88d605aa7ded900e1e7c344ba\",\"name\":\"miro.sopko\",\"image\":{\"@type\":\"ImageObject\",\"inLanguage\":\"en-US\",\"@id\":\"https:\/\/secure.gravatar.com\/avatar\/267e4a36f704376c109afe3a78740c1f5dd8675a2180a908699e7863c9247606?s=96&d=mm&r=g\",\"url\":\"https:\/\/secure.gravatar.com\/avatar\/267e4a36f704376c109afe3a78740c1f5dd8675a2180a908699e7863c9247606?s=96&d=mm&r=g\",\"contentUrl\":\"https:\/\/secure.gravatar.com\/avatar\/267e4a36f704376c109afe3a78740c1f5dd8675a2180a908699e7863c9247606?s=96&d=mm&r=g\",\"caption\":\"miro.sopko\"},\"url\":\"https:\/\/www.smedemokrati.sk\/en\/author\/miro-sopko\/\"}]}<\/script>\n<!-- \/ Yoast SEO plugin. -->","yoast_head_json":{"title":"Tarabova novela nepozorovane amnestuje doteraj\u0161ie neleg\u00e1lne v\u00fdruby, vyz\u00fdvame na jej vetovanie","robots":{"index":"index","follow":"follow","max-snippet":"max-snippet:-1","max-image-preview":"max-image-preview:large","max-video-preview":"max-video-preview:-1"},"canonical":"https:\/\/www.smedemokrati.sk\/en\/tarabova-novela-nepozorovane-amnestuje-doterajsie-nelegalne-vyruby-vyzyvame-na-jej-vetovanie\/","og_locale":"en_US","og_type":"article","og_title":"[:sk]Tarabova novela nepozorovane amnestuje doteraj\u0161ie neleg\u00e1lne v\u00fdruby, vyz\u00fdvame na jej vetovanie[:] - Smedemokrati.sk","og_description":"Taraba sa oh\u00e1\u0148a, \u017ee jeho expresn\u00e1 novela z\u00e1kona o ochrane pr\u00edrody a krajiny pom\u00f4\u017ee potravinovej sebesta\u010dnosti a ochrane pred medve\u010fmi. Ukazuje sa, \u017ee jej skuto\u010dn\u00fdm av\u0161ak prehliadnut\u00fdm d\u00f4vodom je doslova amnestovanie aj doteraz vykonan\u00fdch neleg\u00e1lnych v\u00fdrubov. \u017diadame prezidentku Zuzanu \u010caputov\u00fa, aby z\u00e1kon vetovala. \u201eV\u00fdrub sa nestal. Aj to v sebe ukr\u00fdva nar\u00fdchlo predlo\u017een\u00e1 Tarabova novela [&hellip;]","og_url":"https:\/\/www.smedemokrati.sk\/en\/tarabova-novela-nepozorovane-amnestuje-doterajsie-nelegalne-vyruby-vyzyvame-na-jej-vetovanie\/","og_site_name":"Smedemokrati.sk","article_publisher":"https:\/\/www.facebook.com\/smedemokrati2023","article_published_time":"2024-05-23T10:26:37+00:00","article_modified_time":"2024-06-03T18:43:22+00:00","og_image":[{"width":1920,"height":1271,"url":"https:\/\/www.smedemokrati.sk\/wp-content\/uploads\/2024\/05\/taraba-amnestia-vyrub.jpg","type":"image\/jpeg"}],"author":"miro.sopko","twitter_card":"summary_large_image","twitter_misc":{"Written by":"miro.sopko","Est. reading time":"2 minutes"},"schema":{"@context":"https:\/\/schema.org","@graph":[{"@type":"Article","@id":"https:\/\/www.smedemokrati.sk\/tarabova-novela-nepozorovane-amnestuje-doterajsie-nelegalne-vyruby-vyzyvame-na-jej-vetovanie\/#article","isPartOf":{"@id":"https:\/\/www.smedemokrati.sk\/tarabova-novela-nepozorovane-amnestuje-doterajsie-nelegalne-vyruby-vyzyvame-na-jej-vetovanie\/"},"author":{"name":"miro.sopko","@id":"https:\/\/www.smedemokrati.sk\/#\/schema\/person\/21f147c88d605aa7ded900e1e7c344ba"},"headline":"Tarabova novela nepozorovane amnestuje doteraj\u0161ie neleg\u00e1lne v\u00fdruby, vyz\u00fdvame na jej vetovanie","datePublished":"2024-05-23T10:26:37+00:00","dateModified":"2024-06-03T18:43:22+00:00","mainEntityOfPage":{"@id":"https:\/\/www.smedemokrati.sk\/tarabova-novela-nepozorovane-amnestuje-doterajsie-nelegalne-vyruby-vyzyvame-na-jej-vetovanie\/"},"wordCount":407,"publisher":{"@id":"https:\/\/www.smedemokrati.sk\/#organization"},"image":{"@id":"https:\/\/www.smedemokrati.sk\/tarabova-novela-nepozorovane-amnestuje-doterajsie-nelegalne-vyruby-vyzyvame-na-jej-vetovanie\/#primaryimage"},"thumbnailUrl":"https:\/\/www.smedemokrati.sk\/wp-content\/uploads\/2024\/05\/taraba-amnestia-vyrub.jpg","articleSection":["Tla\u010dov\u00e9 spr\u00e1vy"],"inLanguage":"en-US"},{"@type":"WebPage","@id":"https:\/\/www.smedemokrati.sk\/tarabova-novela-nepozorovane-amnestuje-doterajsie-nelegalne-vyruby-vyzyvame-na-jej-vetovanie\/","url":"https:\/\/www.smedemokrati.sk\/tarabova-novela-nepozorovane-amnestuje-doterajsie-nelegalne-vyruby-vyzyvame-na-jej-vetovanie\/","name":"Tarabova novela nepozorovane amnestuje doteraj\u0161ie neleg\u00e1lne v\u00fdruby, vyz\u00fdvame na jej vetovanie","isPartOf":{"@id":"https:\/\/www.smedemokrati.sk\/#website"},"primaryImageOfPage":{"@id":"https:\/\/www.smedemokrati.sk\/tarabova-novela-nepozorovane-amnestuje-doterajsie-nelegalne-vyruby-vyzyvame-na-jej-vetovanie\/#primaryimage"},"image":{"@id":"https:\/\/www.smedemokrati.sk\/tarabova-novela-nepozorovane-amnestuje-doterajsie-nelegalne-vyruby-vyzyvame-na-jej-vetovanie\/#primaryimage"},"thumbnailUrl":"https:\/\/www.smedemokrati.sk\/wp-content\/uploads\/2024\/05\/taraba-amnestia-vyrub.jpg","datePublished":"2024-05-23T10:26:37+00:00","dateModified":"2024-06-03T18:43:22+00:00","breadcrumb":{"@id":"https:\/\/www.smedemokrati.sk\/tarabova-novela-nepozorovane-amnestuje-doterajsie-nelegalne-vyruby-vyzyvame-na-jej-vetovanie\/#breadcrumb"},"inLanguage":"en-US","potentialAction":[{"@type":"ReadAction","target":["https:\/\/www.smedemokrati.sk\/tarabova-novela-nepozorovane-amnestuje-doterajsie-nelegalne-vyruby-vyzyvame-na-jej-vetovanie\/"]}]},{"@type":"ImageObject","inLanguage":"en-US","@id":"https:\/\/www.smedemokrati.sk\/tarabova-novela-nepozorovane-amnestuje-doterajsie-nelegalne-vyruby-vyzyvame-na-jej-vetovanie\/#primaryimage","url":"https:\/\/www.smedemokrati.sk\/wp-content\/uploads\/2024\/05\/taraba-amnestia-vyrub.jpg","contentUrl":"https:\/\/www.smedemokrati.sk\/wp-content\/uploads\/2024\/05\/taraba-amnestia-vyrub.jpg","width":1920,"height":1271},{"@type":"BreadcrumbList","@id":"https:\/\/www.smedemokrati.sk\/tarabova-novela-nepozorovane-amnestuje-doterajsie-nelegalne-vyruby-vyzyvame-na-jej-vetovanie\/#breadcrumb","itemListElement":[{"@type":"ListItem","position":1,"name":"Domovsk\u00e1 str\u00e1nka","item":"https:\/\/www.smedemokrati.sk\/"},{"@type":"ListItem","position":2,"name":"Tarabova novela nepozorovane amnestuje doteraj\u0161ie neleg\u00e1lne v\u00fdruby, vyz\u00fdvame na jej vetovanie"}]},{"@type":"WebSite","@id":"https:\/\/www.smedemokrati.sk\/#website","url":"https:\/\/www.smedemokrati.sk\/","name":"Smedemokrati.sk","description":"Demokracia a slu\u0161nos\u0165 zv\u00ed\u0165az\u00ed","publisher":{"@id":"https:\/\/www.smedemokrati.sk\/#organization"},"potentialAction":[{"@type":"SearchAction","target":{"@type":"EntryPoint","urlTemplate":"https:\/\/www.smedemokrati.sk\/?s={search_term_string}"},"query-input":{"@type":"PropertyValueSpecification","valueRequired":true,"valueName":"search_term_string"}}],"inLanguage":"en-US"},{"@type":"Organization","@id":"https:\/\/www.smedemokrati.sk\/#organization","name":"Smedemokrati.sk","url":"https:\/\/www.smedemokrati.sk\/","logo":{"@type":"ImageObject","inLanguage":"en-US","@id":"https:\/\/www.smedemokrati.sk\/#\/schema\/logo\/image\/","url":"https:\/\/www.smedemokrati.sk\/wp-content\/uploads\/2023\/04\/ff.002.jpeg","contentUrl":"https:\/\/www.smedemokrati.sk\/wp-content\/uploads\/2023\/04\/ff.002.jpeg","width":640,"height":480,"caption":"Smedemokrati.sk"},"image":{"@id":"https:\/\/www.smedemokrati.sk\/#\/schema\/logo\/image\/"},"sameAs":["https:\/\/www.facebook.com\/smedemokrati2023"]},{"@type":"Person","@id":"https:\/\/www.smedemokrati.sk\/#\/schema\/person\/21f147c88d605aa7ded900e1e7c344ba","name":"miro.sopko","image":{"@type":"ImageObject","inLanguage":"en-US","@id":"https:\/\/secure.gravatar.com\/avatar\/267e4a36f704376c109afe3a78740c1f5dd8675a2180a908699e7863c9247606?s=96&d=mm&r=g","url":"https:\/\/secure.gravatar.com\/avatar\/267e4a36f704376c109afe3a78740c1f5dd8675a2180a908699e7863c9247606?s=96&d=mm&r=g","contentUrl":"https:\/\/secure.gravatar.com\/avatar\/267e4a36f704376c109afe3a78740c1f5dd8675a2180a908699e7863c9247606?s=96&d=mm&r=g","caption":"miro.sopko"},"url":"https:\/\/www.smedemokrati.sk\/en\/author\/miro-sopko\/"}]}},"_links":{"self":[{"href":"https:\/\/www.smedemokrati.sk\/en\/wp-json\/wp\/v2\/posts\/4206","targetHints":{"allow":["GET"]}}],"collection":[{"href":"https:\/\/www.smedemokrati.sk\/en\/wp-json\/wp\/v2\/posts"}],"about":[{"href":"https:\/\/www.smedemokrati.sk\/en\/wp-json\/wp\/v2\/types\/post"}],"author":[{"embeddable":true,"href":"https:\/\/www.smedemokrati.sk\/en\/wp-json\/wp\/v2\/users\/13"}],"replies":[{"embeddable":true,"href":"https:\/\/www.smedemokrati.sk\/en\/wp-json\/wp\/v2\/comments?post=4206"}],"version-history":[{"count":1,"href":"https:\/\/www.smedemokrati.sk\/en\/wp-json\/wp\/v2\/posts\/4206\/revisions"}],"predecessor-version":[{"id":4208,"href":"https:\/\/www.smedemokrati.sk\/en\/wp-json\/wp\/v2\/posts\/4206\/revisions\/4208"}],"wp:featuredmedia":[{"embeddable":true,"href":"https:\/\/www.smedemokrati.sk\/en\/wp-json\/wp\/v2\/media\/4207"}],"wp:attachment":[{"href":"https:\/\/www.smedemokrati.sk\/en\/wp-json\/wp\/v2\/media?parent=4206"}],"wp:term":[{"taxonomy":"category","embeddable":true,"href":"https:\/\/www.smedemokrati.sk\/en\/wp-json\/wp\/v2\/categories?post=4206"},{"taxonomy":"post_tag","embeddable":true,"href":"https:\/\/www.smedemokrati.sk\/en\/wp-json\/wp\/v2\/tags?post=4206"}],"curies":[{"name":"wp","href":"https:\/\/api.w.org\/{rel}","templated":true}]}}