{"id":4187,"date":"2024-05-20T10:34:46","date_gmt":"2024-05-20T09:34:46","guid":{"rendered":"https:\/\/www.smedemokrati.sk\/?p=4187"},"modified":"2024-06-03T19:43:10","modified_gmt":"2024-06-03T18:43:10","slug":"mimoparlamentne-strany-si-sadli-za-jeden-stol-do-europskeho-parlamentu-podporia-demokratov","status":"publish","type":"post","link":"https:\/\/www.smedemokrati.sk\/en\/mimoparlamentne-strany-si-sadli-za-jeden-stol-do-europskeho-parlamentu-podporia-demokratov\/","title":{"rendered":"Mimoparlamentn\u00e9 strany si sadli za jeden st\u00f4l, do Eur\u00f3pskeho parlamentu podporia Demokratov"},"content":{"rendered":"<div id=\"fb-root\"><\/div>\n\n<p><strong>Mimoparlamentn\u00e9 strany &#8211; Demokratick\u00e1 strana, ma\u010farsk\u00e9 F\u00d3RUM, Ob\u010dianski Demokrati Slovenska podporuj\u00fa vo vo\u013eb\u00e1ch do Eur\u00f3pskeho parlamentu kandid\u00e1tov strany Demokrati. Na spolo\u010dnej tla\u010dovej konferencii hovorili o potrebe \u010falej komunikova\u0165 s voli\u010dmi a na\u010falej robi\u0165 v\u0161etko pre to, aby na Slovensku ostala zachovan\u00e1 demokracia a pr\u00e1vny \u0161t\u00e1t.<\/strong><\/p>\n\n\n\n<p><em><em><em>\u201e<\/em><\/em>Tento sign\u00e1l prich\u00e1dza v \u010dase, ke\u010f je solidarita, spolo\u010dn\u00fd postup a spolupr\u00e1ca viac ako d\u00f4le\u017eit\u00e1. \u010eakujem kolegom, \u017ee sme si sadli za jeden st\u00f4l a zhodli sa na ponuke, ktor\u00fa chceme presadi\u0165 v Eur\u00f3pskom parlamente. Slovensko u\u017e nutne potrebuje norm\u00e1lnos\u0165, garanciu n\u00e1\u0161ho zahrani\u010dn\u00e9ho smerovania, siln\u00fdch l\u00eddrov, ktor\u00ed chc\u00fa pracova\u0165 pre \u013eud\u00ed a odborn\u00e9 zastupovanie n\u00e1rodn\u00fdch z\u00e1ujmov na medzin\u00e1rodnom poli. Takto nutne mus\u00ed vyzera\u0165 spolupr\u00e1ca aj v parlamente.\u201d<\/em>&nbsp;Povedal predseda Jaroslav Na\u010f, po\u010fakoval kolegom za prejaven\u00fa d\u00f4veru a garantoval, \u017ee kandid\u00e1ti Demokratov s\u00fa odborne a mor\u00e1lne pripraven\u00ed zastupova\u0165 z\u00e1ujmy proeur\u00f3pskeho voli\u010da.<\/p>\n\n\n\n<p>Predseda Ob\u010dianskych demokratov Slovenska, gener\u00e1l vo v\u00fdslu\u017ebe Pavel Macko pod\u010diarkol, \u017ee je nutn\u00e9 na\u010falej pokra\u010dova\u0165 v dial\u00f3gu s voli\u010dmi, ktor\u00ed potrebuj\u00fa v tieto dni upokojenie a n\u00e1dej:&nbsp;<em><em><em>\u201e<\/em><\/em>V strane Ob\u010dianski Demokrati Slovenska si uvedomujeme, kam sme sa ako krajina za posledn\u00e9 obdobie posunuli a som presved\u010den\u00fd, \u017ee politick\u00e1 s\u00fa\u0165a\u017e m\u00f4\u017ee pokra\u010dova\u0165 aj na\u010falej, no nesmie by\u0165 zalo\u017een\u00e1 na ve\u0161an\u00ed \u0161iben\u00edc a osobn\u00fdch invekt\u00edvach. Aj preto podporujeme Demokratov, preto\u017ee vedia jasne a vecne argumentova\u0165 a v\u017edy st\u00e1li na strane pravdy, a to aj za stratu politick\u00fdch bodov.&#8221;&nbsp;<\/em>Povedal Macko a pod\u010diarkol, \u017ee pre jeho stranu je tie\u017e k\u013e\u00fa\u010dov\u00e1 t\u00e9ma zahrani\u010dno-politick\u00e9ho ukotvenia v NATO a E\u00da, v ktorej s\u00fa pr\u00e1ve Demokrati absol\u00fatne nespochybnite\u013en\u00ed.<\/p>\n\n\n\n<p><em><em><em>\u201e<\/em><\/em>Pre n\u00e1s je d\u00f4le\u017eit\u00e9, aby mala mnohopo\u010detn\u00e1 ma\u010farsk\u00e1 komunita na Slovensku v Eur\u00f3pskom parlamente \u013eud\u00ed, ktor\u00ed n\u00e1m rozumej\u00fa, chc\u00fa h\u013eada\u0165 pr\u00edle\u017eitosti na dial\u00f3g nie donekone\u010dna ukazova\u0165 prstom na rozdiely. M\u00e1me na \u010dom stava\u0165 a budem trochu osobn\u00fd a poviem, \u017ee m\u00f4j kr\u00fa\u017eok m\u00e1 jednozna\u010dne \u0160tefan Hamran, preto\u017ee je jedn\u00fdm z n\u00e1s a zast\u00e1va hodnoty spravodlivosti, bez ktorej, niet ni\u010doho.&#8221;&nbsp;<\/em>Povedal predseda strany F\u00f3rum Zsolt Simon.<\/p>\n\n\n\n<p>Podpredseda Demokratickej strany Jozef Rajt\u00e1r pod\u010diarkol, \u017ee vo\u013eby do Eur\u00f3pskeho parlamentu s\u00fa d\u00f4le\u017eit\u00e9 aj vo v\u00fdzname ochrany na\u0161ich spolo\u010dn\u00fdch eur\u00f3pskych pe\u0148az\u00ed:&nbsp;<em><em><em>\u201e<\/em><\/em>Za p\u00e1r mesiacov s\u00fa rozhodnutiami s\u00fa\u010dasnej vl\u00e1dy na\u0161e spolo\u010dn\u00e9 eur\u00f3pske peniaze a Pl\u00e1n obnovy seri\u00f3zne ohrozen\u00e9. Nie je to domnienka, v\u00fdmysel alebo fabul\u00e1cia, je to fakt. V\u0161etci sme videli, \u017ee Demokrati nev\u00e1hali ani sekundu, ako prv\u00ed bili na poplach, rokovali s&nbsp;Eur\u00f3pskou komisiou a na najv\u00e4\u010d\u0161\u00edch mo\u017en\u00fdch miestach, aby nad na\u0161ou krajinou nel\u00e1mal Brusel palicu. Maj\u00fa kontakty, dobr\u00e9 vz\u0165ahy a ja si prajem, v\u0161etci si mus\u00edme pria\u0165, aby n\u00e1m nezastavili miliardy. Viem, \u017ee v Eur\u00f3pskom parlamente urobia Demokrati v\u0161etko pre to, aby ich ochr\u00e1nili.\u201d<\/em><\/p>\n\n\n\n<iframe src=\"https:\/\/www.facebook.com\/plugins\/video.php?href=https%3A%2F%2Fwww.facebook.com%2Fsmedemokrati2023%2Fvideos%2F7323196844468755%2F&#038;width=600&#038;show_text=false&#038;appId=361313990972954&#038;height=338\" width=\"600\" height=\"338\" style=\"border:none;overflow:hidden\" scrolling=\"no\" frameborder=\"0\" allowfullscreen=\"true\" allow=\"autoplay; clipboard-write; encrypted-media; picture-in-picture; web-share\" allowFullScreen=\"true\"><\/iframe>\n","protected":false},"excerpt":{"rendered":"<p>Mimoparlamentn\u00e9 strany &#8211; Demokratick\u00e1 strana, ma\u010farsk\u00e9 F\u00d3RUM, Ob\u010dianski Demokrati Slovenska podporuj\u00fa vo vo\u013eb\u00e1ch do Eur\u00f3pskeho parlamentu kandid\u00e1tov strany Demokrati. Na spolo\u010dnej tla\u010dovej konferencii hovorili o potrebe \u010falej komunikova\u0165 s voli\u010dmi a na\u010falej robi\u0165 v\u0161etko pre to, aby na Slovensku ostala zachovan\u00e1 demokracia a pr\u00e1vny \u0161t\u00e1t. \u201eTento sign\u00e1l prich\u00e1dza v \u010dase, ke\u010f je solidarita, spolo\u010dn\u00fd postup [&hellip;]<\/p>\n","protected":false},"author":13,"featured_media":4191,"comment_status":"closed","ping_status":"closed","sticky":false,"template":"","format":"standard","meta":{"_acf_changed":false,"ngg_post_thumbnail":0,"footnotes":""},"categories":[4],"tags":[],"class_list":["post-4187","post","type-post","status-publish","format-standard","has-post-thumbnail","hentry","category-tlacove-spravy"],"acf":[],"yoast_head":"<!-- This site is optimized with the Yoast SEO plugin v27.2 - https:\/\/yoast.com\/product\/yoast-seo-wordpress\/ -->\n<title>Mimoparlamentn\u00e9 strany si sadli za jeden st\u00f4l, do Eur\u00f3pskeho parlamentu podporia Demokratov<\/title>\n<meta name=\"robots\" content=\"index, follow, max-snippet:-1, max-image-preview:large, max-video-preview:-1\" \/>\n<link rel=\"canonical\" href=\"https:\/\/www.smedemokrati.sk\/en\/mimoparlamentne-strany-si-sadli-za-jeden-stol-do-europskeho-parlamentu-podporia-demokratov\/\" \/>\n<meta property=\"og:locale\" content=\"en_US\" \/>\n<meta property=\"og:locale:alternate\" content=\"cs_CZ\" \/>\n<meta property=\"og:locale:alternate\" content=\"hu_HU\" \/>\n<meta property=\"og:locale:alternate\" content=\"sk_SK\" \/>\n<meta property=\"og:locale:alternate\" content=\"sv_SE\" \/>\n<meta property=\"og:type\" content=\"article\" \/>\n<meta property=\"og:title\" content=\"Mimoparlamentn\u00e9 strany si sadli za jeden st\u00f4l, do Eur\u00f3pskeho parlamentu podporia Demokratov\" \/>\n<meta property=\"og:description\" content=\"Mimoparlamentn\u00e9 strany &#8211; Demokratick\u00e1 strana, ma\u010farsk\u00e9 F\u00d3RUM, Ob\u010dianski Demokrati Slovenska podporuj\u00fa vo vo\u013eb\u00e1ch do Eur\u00f3pskeho parlamentu kandid\u00e1tov strany Demokrati. Na spolo\u010dnej tla\u010dovej konferencii hovorili o potrebe \u010falej komunikova\u0165 s voli\u010dmi a na\u010falej robi\u0165 v\u0161etko pre to, aby na Slovensku ostala zachovan\u00e1 demokracia a pr\u00e1vny \u0161t\u00e1t. \u201eTento sign\u00e1l prich\u00e1dza v \u010dase, ke\u010f je solidarita, spolo\u010dn\u00fd postup [&hellip;]\" \/>\n<meta property=\"og:url\" content=\"https:\/\/www.smedemokrati.sk\/en\/mimoparlamentne-strany-si-sadli-za-jeden-stol-do-europskeho-parlamentu-podporia-demokratov\/\" \/>\n<meta property=\"og:site_name\" content=\"Smedemokrati.sk\" \/>\n<meta property=\"article:publisher\" content=\"https:\/\/www.facebook.com\/smedemokrati2023\" \/>\n<meta property=\"article:published_time\" content=\"2024-05-20T09:34:46+00:00\" \/>\n<meta property=\"article:modified_time\" content=\"2024-06-03T18:43:10+00:00\" \/>\n<meta property=\"og:image\" content=\"https:\/\/www.smedemokrati.sk\/wp-content\/uploads\/2024\/05\/FB_IMG_1716201445901.jpg\" \/>\n\t<meta property=\"og:image:width\" content=\"1280\" \/>\n\t<meta property=\"og:image:height\" content=\"1600\" \/>\n\t<meta property=\"og:image:type\" content=\"image\/jpeg\" \/>\n<meta name=\"author\" content=\"miro.sopko\" \/>\n<meta name=\"twitter:card\" content=\"summary_large_image\" \/>\n<meta name=\"twitter:label1\" content=\"Written by\" \/>\n\t<meta name=\"twitter:data1\" content=\"miro.sopko\" \/>\n\t<meta name=\"twitter:label2\" content=\"Est. reading time\" \/>\n\t<meta name=\"twitter:data2\" content=\"3 minutes\" \/>\n<script type=\"application\/ld+json\" class=\"yoast-schema-graph\">{\"@context\":\"https:\/\/schema.org\",\"@graph\":[{\"@type\":\"Article\",\"@id\":\"https:\/\/www.smedemokrati.sk\/mimoparlamentne-strany-si-sadli-za-jeden-stol-do-europskeho-parlamentu-podporia-demokratov\/#article\",\"isPartOf\":{\"@id\":\"https:\/\/www.smedemokrati.sk\/mimoparlamentne-strany-si-sadli-za-jeden-stol-do-europskeho-parlamentu-podporia-demokratov\/\"},\"author\":{\"name\":\"miro.sopko\",\"@id\":\"https:\/\/www.smedemokrati.sk\/#\/schema\/person\/21f147c88d605aa7ded900e1e7c344ba\"},\"headline\":\"Mimoparlamentn\u00e9 strany si sadli za jeden st\u00f4l, do Eur\u00f3pskeho parlamentu podporia Demokratov\",\"datePublished\":\"2024-05-20T09:34:46+00:00\",\"dateModified\":\"2024-06-03T18:43:10+00:00\",\"mainEntityOfPage\":{\"@id\":\"https:\/\/www.smedemokrati.sk\/mimoparlamentne-strany-si-sadli-za-jeden-stol-do-europskeho-parlamentu-podporia-demokratov\/\"},\"wordCount\":570,\"publisher\":{\"@id\":\"https:\/\/www.smedemokrati.sk\/#organization\"},\"image\":{\"@id\":\"https:\/\/www.smedemokrati.sk\/mimoparlamentne-strany-si-sadli-za-jeden-stol-do-europskeho-parlamentu-podporia-demokratov\/#primaryimage\"},\"thumbnailUrl\":\"https:\/\/www.smedemokrati.sk\/wp-content\/uploads\/2024\/05\/FB_IMG_1716201445901.jpg\",\"articleSection\":[\"Tla\u010dov\u00e9 spr\u00e1vy\"],\"inLanguage\":\"en-US\"},{\"@type\":\"WebPage\",\"@id\":\"https:\/\/www.smedemokrati.sk\/mimoparlamentne-strany-si-sadli-za-jeden-stol-do-europskeho-parlamentu-podporia-demokratov\/\",\"url\":\"https:\/\/www.smedemokrati.sk\/mimoparlamentne-strany-si-sadli-za-jeden-stol-do-europskeho-parlamentu-podporia-demokratov\/\",\"name\":\"Mimoparlamentn\u00e9 strany si sadli za jeden st\u00f4l, do Eur\u00f3pskeho parlamentu podporia Demokratov\",\"isPartOf\":{\"@id\":\"https:\/\/www.smedemokrati.sk\/#website\"},\"primaryImageOfPage\":{\"@id\":\"https:\/\/www.smedemokrati.sk\/mimoparlamentne-strany-si-sadli-za-jeden-stol-do-europskeho-parlamentu-podporia-demokratov\/#primaryimage\"},\"image\":{\"@id\":\"https:\/\/www.smedemokrati.sk\/mimoparlamentne-strany-si-sadli-za-jeden-stol-do-europskeho-parlamentu-podporia-demokratov\/#primaryimage\"},\"thumbnailUrl\":\"https:\/\/www.smedemokrati.sk\/wp-content\/uploads\/2024\/05\/FB_IMG_1716201445901.jpg\",\"datePublished\":\"2024-05-20T09:34:46+00:00\",\"dateModified\":\"2024-06-03T18:43:10+00:00\",\"breadcrumb\":{\"@id\":\"https:\/\/www.smedemokrati.sk\/mimoparlamentne-strany-si-sadli-za-jeden-stol-do-europskeho-parlamentu-podporia-demokratov\/#breadcrumb\"},\"inLanguage\":\"en-US\",\"potentialAction\":[{\"@type\":\"ReadAction\",\"target\":[\"https:\/\/www.smedemokrati.sk\/mimoparlamentne-strany-si-sadli-za-jeden-stol-do-europskeho-parlamentu-podporia-demokratov\/\"]}]},{\"@type\":\"ImageObject\",\"inLanguage\":\"en-US\",\"@id\":\"https:\/\/www.smedemokrati.sk\/mimoparlamentne-strany-si-sadli-za-jeden-stol-do-europskeho-parlamentu-podporia-demokratov\/#primaryimage\",\"url\":\"https:\/\/www.smedemokrati.sk\/wp-content\/uploads\/2024\/05\/FB_IMG_1716201445901.jpg\",\"contentUrl\":\"https:\/\/www.smedemokrati.sk\/wp-content\/uploads\/2024\/05\/FB_IMG_1716201445901.jpg\",\"width\":1280,\"height\":1600},{\"@type\":\"BreadcrumbList\",\"@id\":\"https:\/\/www.smedemokrati.sk\/mimoparlamentne-strany-si-sadli-za-jeden-stol-do-europskeho-parlamentu-podporia-demokratov\/#breadcrumb\",\"itemListElement\":[{\"@type\":\"ListItem\",\"position\":1,\"name\":\"Domovsk\u00e1 str\u00e1nka\",\"item\":\"https:\/\/www.smedemokrati.sk\/\"},{\"@type\":\"ListItem\",\"position\":2,\"name\":\"Mimoparlamentn\u00e9 strany si sadli za jeden st\u00f4l, do Eur\u00f3pskeho parlamentu podporia Demokratov\"}]},{\"@type\":\"WebSite\",\"@id\":\"https:\/\/www.smedemokrati.sk\/#website\",\"url\":\"https:\/\/www.smedemokrati.sk\/\",\"name\":\"Smedemokrati.sk\",\"description\":\"Demokracia a slu\u0161nos\u0165 zv\u00ed\u0165az\u00ed\",\"publisher\":{\"@id\":\"https:\/\/www.smedemokrati.sk\/#organization\"},\"potentialAction\":[{\"@type\":\"SearchAction\",\"target\":{\"@type\":\"EntryPoint\",\"urlTemplate\":\"https:\/\/www.smedemokrati.sk\/?s={search_term_string}\"},\"query-input\":{\"@type\":\"PropertyValueSpecification\",\"valueRequired\":true,\"valueName\":\"search_term_string\"}}],\"inLanguage\":\"en-US\"},{\"@type\":\"Organization\",\"@id\":\"https:\/\/www.smedemokrati.sk\/#organization\",\"name\":\"Smedemokrati.sk\",\"url\":\"https:\/\/www.smedemokrati.sk\/\",\"logo\":{\"@type\":\"ImageObject\",\"inLanguage\":\"en-US\",\"@id\":\"https:\/\/www.smedemokrati.sk\/#\/schema\/logo\/image\/\",\"url\":\"https:\/\/www.smedemokrati.sk\/wp-content\/uploads\/2023\/04\/ff.002.jpeg\",\"contentUrl\":\"https:\/\/www.smedemokrati.sk\/wp-content\/uploads\/2023\/04\/ff.002.jpeg\",\"width\":640,\"height\":480,\"caption\":\"Smedemokrati.sk\"},\"image\":{\"@id\":\"https:\/\/www.smedemokrati.sk\/#\/schema\/logo\/image\/\"},\"sameAs\":[\"https:\/\/www.facebook.com\/smedemokrati2023\"]},{\"@type\":\"Person\",\"@id\":\"https:\/\/www.smedemokrati.sk\/#\/schema\/person\/21f147c88d605aa7ded900e1e7c344ba\",\"name\":\"miro.sopko\",\"image\":{\"@type\":\"ImageObject\",\"inLanguage\":\"en-US\",\"@id\":\"https:\/\/secure.gravatar.com\/avatar\/267e4a36f704376c109afe3a78740c1f5dd8675a2180a908699e7863c9247606?s=96&d=mm&r=g\",\"url\":\"https:\/\/secure.gravatar.com\/avatar\/267e4a36f704376c109afe3a78740c1f5dd8675a2180a908699e7863c9247606?s=96&d=mm&r=g\",\"contentUrl\":\"https:\/\/secure.gravatar.com\/avatar\/267e4a36f704376c109afe3a78740c1f5dd8675a2180a908699e7863c9247606?s=96&d=mm&r=g\",\"caption\":\"miro.sopko\"},\"url\":\"https:\/\/www.smedemokrati.sk\/en\/author\/miro-sopko\/\"}]}<\/script>\n<!-- \/ Yoast SEO plugin. -->","yoast_head_json":{"title":"Mimoparlamentn\u00e9 strany si sadli za jeden st\u00f4l, do Eur\u00f3pskeho parlamentu podporia Demokratov","robots":{"index":"index","follow":"follow","max-snippet":"max-snippet:-1","max-image-preview":"max-image-preview:large","max-video-preview":"max-video-preview:-1"},"canonical":"https:\/\/www.smedemokrati.sk\/en\/mimoparlamentne-strany-si-sadli-za-jeden-stol-do-europskeho-parlamentu-podporia-demokratov\/","og_locale":"en_US","og_type":"article","og_title":"[:sk]Mimoparlamentn\u00e9 strany si sadli za jeden st\u00f4l, do Eur\u00f3pskeho parlamentu podporia Demokratov[:] - Smedemokrati.sk","og_description":"Mimoparlamentn\u00e9 strany &#8211; Demokratick\u00e1 strana, ma\u010farsk\u00e9 F\u00d3RUM, Ob\u010dianski Demokrati Slovenska podporuj\u00fa vo vo\u013eb\u00e1ch do Eur\u00f3pskeho parlamentu kandid\u00e1tov strany Demokrati. Na spolo\u010dnej tla\u010dovej konferencii hovorili o potrebe \u010falej komunikova\u0165 s voli\u010dmi a na\u010falej robi\u0165 v\u0161etko pre to, aby na Slovensku ostala zachovan\u00e1 demokracia a pr\u00e1vny \u0161t\u00e1t. \u201eTento sign\u00e1l prich\u00e1dza v \u010dase, ke\u010f je solidarita, spolo\u010dn\u00fd postup [&hellip;]","og_url":"https:\/\/www.smedemokrati.sk\/en\/mimoparlamentne-strany-si-sadli-za-jeden-stol-do-europskeho-parlamentu-podporia-demokratov\/","og_site_name":"Smedemokrati.sk","article_publisher":"https:\/\/www.facebook.com\/smedemokrati2023","article_published_time":"2024-05-20T09:34:46+00:00","article_modified_time":"2024-06-03T18:43:10+00:00","og_image":[{"width":1280,"height":1600,"url":"https:\/\/www.smedemokrati.sk\/wp-content\/uploads\/2024\/05\/FB_IMG_1716201445901.jpg","type":"image\/jpeg"}],"author":"miro.sopko","twitter_card":"summary_large_image","twitter_misc":{"Written by":"miro.sopko","Est. reading time":"3 minutes"},"schema":{"@context":"https:\/\/schema.org","@graph":[{"@type":"Article","@id":"https:\/\/www.smedemokrati.sk\/mimoparlamentne-strany-si-sadli-za-jeden-stol-do-europskeho-parlamentu-podporia-demokratov\/#article","isPartOf":{"@id":"https:\/\/www.smedemokrati.sk\/mimoparlamentne-strany-si-sadli-za-jeden-stol-do-europskeho-parlamentu-podporia-demokratov\/"},"author":{"name":"miro.sopko","@id":"https:\/\/www.smedemokrati.sk\/#\/schema\/person\/21f147c88d605aa7ded900e1e7c344ba"},"headline":"Mimoparlamentn\u00e9 strany si sadli za jeden st\u00f4l, do Eur\u00f3pskeho parlamentu podporia Demokratov","datePublished":"2024-05-20T09:34:46+00:00","dateModified":"2024-06-03T18:43:10+00:00","mainEntityOfPage":{"@id":"https:\/\/www.smedemokrati.sk\/mimoparlamentne-strany-si-sadli-za-jeden-stol-do-europskeho-parlamentu-podporia-demokratov\/"},"wordCount":570,"publisher":{"@id":"https:\/\/www.smedemokrati.sk\/#organization"},"image":{"@id":"https:\/\/www.smedemokrati.sk\/mimoparlamentne-strany-si-sadli-za-jeden-stol-do-europskeho-parlamentu-podporia-demokratov\/#primaryimage"},"thumbnailUrl":"https:\/\/www.smedemokrati.sk\/wp-content\/uploads\/2024\/05\/FB_IMG_1716201445901.jpg","articleSection":["Tla\u010dov\u00e9 spr\u00e1vy"],"inLanguage":"en-US"},{"@type":"WebPage","@id":"https:\/\/www.smedemokrati.sk\/mimoparlamentne-strany-si-sadli-za-jeden-stol-do-europskeho-parlamentu-podporia-demokratov\/","url":"https:\/\/www.smedemokrati.sk\/mimoparlamentne-strany-si-sadli-za-jeden-stol-do-europskeho-parlamentu-podporia-demokratov\/","name":"Mimoparlamentn\u00e9 strany si sadli za jeden st\u00f4l, do Eur\u00f3pskeho parlamentu podporia Demokratov","isPartOf":{"@id":"https:\/\/www.smedemokrati.sk\/#website"},"primaryImageOfPage":{"@id":"https:\/\/www.smedemokrati.sk\/mimoparlamentne-strany-si-sadli-za-jeden-stol-do-europskeho-parlamentu-podporia-demokratov\/#primaryimage"},"image":{"@id":"https:\/\/www.smedemokrati.sk\/mimoparlamentne-strany-si-sadli-za-jeden-stol-do-europskeho-parlamentu-podporia-demokratov\/#primaryimage"},"thumbnailUrl":"https:\/\/www.smedemokrati.sk\/wp-content\/uploads\/2024\/05\/FB_IMG_1716201445901.jpg","datePublished":"2024-05-20T09:34:46+00:00","dateModified":"2024-06-03T18:43:10+00:00","breadcrumb":{"@id":"https:\/\/www.smedemokrati.sk\/mimoparlamentne-strany-si-sadli-za-jeden-stol-do-europskeho-parlamentu-podporia-demokratov\/#breadcrumb"},"inLanguage":"en-US","potentialAction":[{"@type":"ReadAction","target":["https:\/\/www.smedemokrati.sk\/mimoparlamentne-strany-si-sadli-za-jeden-stol-do-europskeho-parlamentu-podporia-demokratov\/"]}]},{"@type":"ImageObject","inLanguage":"en-US","@id":"https:\/\/www.smedemokrati.sk\/mimoparlamentne-strany-si-sadli-za-jeden-stol-do-europskeho-parlamentu-podporia-demokratov\/#primaryimage","url":"https:\/\/www.smedemokrati.sk\/wp-content\/uploads\/2024\/05\/FB_IMG_1716201445901.jpg","contentUrl":"https:\/\/www.smedemokrati.sk\/wp-content\/uploads\/2024\/05\/FB_IMG_1716201445901.jpg","width":1280,"height":1600},{"@type":"BreadcrumbList","@id":"https:\/\/www.smedemokrati.sk\/mimoparlamentne-strany-si-sadli-za-jeden-stol-do-europskeho-parlamentu-podporia-demokratov\/#breadcrumb","itemListElement":[{"@type":"ListItem","position":1,"name":"Domovsk\u00e1 str\u00e1nka","item":"https:\/\/www.smedemokrati.sk\/"},{"@type":"ListItem","position":2,"name":"Mimoparlamentn\u00e9 strany si sadli za jeden st\u00f4l, do Eur\u00f3pskeho parlamentu podporia Demokratov"}]},{"@type":"WebSite","@id":"https:\/\/www.smedemokrati.sk\/#website","url":"https:\/\/www.smedemokrati.sk\/","name":"Smedemokrati.sk","description":"Demokracia a slu\u0161nos\u0165 zv\u00ed\u0165az\u00ed","publisher":{"@id":"https:\/\/www.smedemokrati.sk\/#organization"},"potentialAction":[{"@type":"SearchAction","target":{"@type":"EntryPoint","urlTemplate":"https:\/\/www.smedemokrati.sk\/?s={search_term_string}"},"query-input":{"@type":"PropertyValueSpecification","valueRequired":true,"valueName":"search_term_string"}}],"inLanguage":"en-US"},{"@type":"Organization","@id":"https:\/\/www.smedemokrati.sk\/#organization","name":"Smedemokrati.sk","url":"https:\/\/www.smedemokrati.sk\/","logo":{"@type":"ImageObject","inLanguage":"en-US","@id":"https:\/\/www.smedemokrati.sk\/#\/schema\/logo\/image\/","url":"https:\/\/www.smedemokrati.sk\/wp-content\/uploads\/2023\/04\/ff.002.jpeg","contentUrl":"https:\/\/www.smedemokrati.sk\/wp-content\/uploads\/2023\/04\/ff.002.jpeg","width":640,"height":480,"caption":"Smedemokrati.sk"},"image":{"@id":"https:\/\/www.smedemokrati.sk\/#\/schema\/logo\/image\/"},"sameAs":["https:\/\/www.facebook.com\/smedemokrati2023"]},{"@type":"Person","@id":"https:\/\/www.smedemokrati.sk\/#\/schema\/person\/21f147c88d605aa7ded900e1e7c344ba","name":"miro.sopko","image":{"@type":"ImageObject","inLanguage":"en-US","@id":"https:\/\/secure.gravatar.com\/avatar\/267e4a36f704376c109afe3a78740c1f5dd8675a2180a908699e7863c9247606?s=96&d=mm&r=g","url":"https:\/\/secure.gravatar.com\/avatar\/267e4a36f704376c109afe3a78740c1f5dd8675a2180a908699e7863c9247606?s=96&d=mm&r=g","contentUrl":"https:\/\/secure.gravatar.com\/avatar\/267e4a36f704376c109afe3a78740c1f5dd8675a2180a908699e7863c9247606?s=96&d=mm&r=g","caption":"miro.sopko"},"url":"https:\/\/www.smedemokrati.sk\/en\/author\/miro-sopko\/"}]}},"_links":{"self":[{"href":"https:\/\/www.smedemokrati.sk\/en\/wp-json\/wp\/v2\/posts\/4187","targetHints":{"allow":["GET"]}}],"collection":[{"href":"https:\/\/www.smedemokrati.sk\/en\/wp-json\/wp\/v2\/posts"}],"about":[{"href":"https:\/\/www.smedemokrati.sk\/en\/wp-json\/wp\/v2\/types\/post"}],"author":[{"embeddable":true,"href":"https:\/\/www.smedemokrati.sk\/en\/wp-json\/wp\/v2\/users\/13"}],"replies":[{"embeddable":true,"href":"https:\/\/www.smedemokrati.sk\/en\/wp-json\/wp\/v2\/comments?post=4187"}],"version-history":[{"count":2,"href":"https:\/\/www.smedemokrati.sk\/en\/wp-json\/wp\/v2\/posts\/4187\/revisions"}],"predecessor-version":[{"id":4190,"href":"https:\/\/www.smedemokrati.sk\/en\/wp-json\/wp\/v2\/posts\/4187\/revisions\/4190"}],"wp:featuredmedia":[{"embeddable":true,"href":"https:\/\/www.smedemokrati.sk\/en\/wp-json\/wp\/v2\/media\/4191"}],"wp:attachment":[{"href":"https:\/\/www.smedemokrati.sk\/en\/wp-json\/wp\/v2\/media?parent=4187"}],"wp:term":[{"taxonomy":"category","embeddable":true,"href":"https:\/\/www.smedemokrati.sk\/en\/wp-json\/wp\/v2\/categories?post=4187"},{"taxonomy":"post_tag","embeddable":true,"href":"https:\/\/www.smedemokrati.sk\/en\/wp-json\/wp\/v2\/tags?post=4187"}],"curies":[{"name":"wp","href":"https:\/\/api.w.org\/{rel}","templated":true}]}}