{"id":4116,"date":"2024-05-10T11:20:40","date_gmt":"2024-05-10T10:20:40","guid":{"rendered":"https:\/\/www.smedemokrati.sk\/?p=4116"},"modified":"2024-05-13T13:54:15","modified_gmt":"2024-05-13T12:54:15","slug":"skfico-predlzuje-vojnu-na-ukrajinu-posiela-tisicky-ton-municie-cez-priekupnikov-a-agresorovi-azerbajdzanu-chce-dodavat-vojensky-material-na-ukor-slovenskych-vojakov","status":"publish","type":"post","link":"https:\/\/www.smedemokrati.sk\/en\/skfico-predlzuje-vojnu-na-ukrajinu-posiela-tisicky-ton-municie-cez-priekupnikov-a-agresorovi-azerbajdzanu-chce-dodavat-vojensky-material-na-ukor-slovenskych-vojakov\/","title":{"rendered":"Fico predl\u017euje vojnu: na Ukrajinu posiela tis\u00edcky ton\u00a0mun\u00edcie cez priekupn\u00edkov a agresorovi Azerbajd\u017eanu chce dod\u00e1va\u0165 vojensk\u00fd materi\u00e1l na \u00fakor slovensk\u00fdch vojakov"},"content":{"rendered":"<div id=\"fb-root\"><\/div>\n\n<p><strong>Exminister obrany Jaroslav Na\u010f hovor\u00ed, \u017ee Ficova vl\u00e1da obch\u00e1dza \u0161tandardn\u00e9 transparentn\u00e9 postupy a cez r\u00f4znych biznisov\u00fdch priekupn\u00edkov pred\u00e1va stovky tis\u00edc delostreleck\u00fdch n\u00e1bojov na Ukrajinu. Upozor\u0148uje tie\u017e, \u017ee vl\u00e1da Roberta Fica vyzbrojuje moslimsk\u00fa autokratick\u00fa krajinu Azerbajd\u017ean, ktor\u00e1 vojensky \u00fato\u010d\u00ed na demokratick\u00e9 Arm\u00e9nsko s kres\u0165ansk\u00fdm obyvate\u013estvom.&nbsp;<\/strong><\/p>\n\n\n\n<p>Predseda Demokratov hovor\u00ed o dvojtv\u00e1rnej politike vl\u00e1dnej garnit\u00fary, kedy na jednej strane premi\u00e9r Fico hovor\u00ed o mieri bez posielania zbran\u00ed do vojnov\u00e9ho konfliktu, no v realite kon\u010dia tis\u00edcky ton\u00a0mun\u00edcie zo Slovenska na Ukrajine. Navy\u0161e, vl\u00e1da postupuje tak, aby obi\u0161la kontroln\u00e9 mechanizmy Eur\u00f3pskej \u00fanie:\u00a0<em><em><em>\u201e<\/em><\/em>Ficov mier je umel\u00fd, asi ako tie holubice, ktor\u00e9 na zhroma\u017edeniach dr\u017eali vo svojich, prep\u00e1\u010dte, krvav\u00fdch ruk\u00e1ch. Cez spriatelen\u00e9 firmy posielaj\u00fa n\u00e1boje na Ukrajinu a obch\u00e1dzaj\u00fa t\u00fdm transparentn\u00fd proces spolupr\u00e1ce medzi dvoma vl\u00e1dami a so zapojen\u00edm E\u00da. Ka\u017ed\u00e1 krajina s pr\u00ed\u010detn\u00fdm premi\u00e9rom postupuje tak, ako sme to robili my, a to formou vl\u00e1da-vl\u00e1da (G2G), preto\u017ee je to transparentn\u00fd postup. Tu v\u0161ak nast\u00e1va v \u00favodzovk\u00e1ch probl\u00e9m, \u017ee sa z toho \u0165a\u017eko ulievaj\u00fa krvav\u00e9 peniaze od priekupn\u00edkov. Alebo mi chcete tvrdi\u0165, p\u00e1n Fico, \u017ee tieto predan\u00e9 n\u00e1boje, ktor\u00e9 posielate cez svojich priate\u013eov, tie nezab\u00edjaj\u00fa? U\u017e neplat\u00ed, \u017ee dod\u00e1vanie n\u00e1bojov predl\u017euje\u00a0utrpenie \u013eud\u00ed?\u201d,\u00a0<\/em>hovor\u00ed Jaroslav Na\u010f a pod\u010diarkuje, \u017ee Demokrati odmietaj\u00fa Ficove videnie mieru, ktor\u00e9 nahr\u00e1va vyslovene rusk\u00e9mu agresorovi Putinovi a \u013eudom okolo vl\u00e1dnej moci.<\/p>\n\n\n\n<p>Na\u010f pokra\u010duje, \u017ee ak Fico tvrd\u00ed, \u017ee sklady Ozbrojen\u00fdch s\u00edl Slovenskej republiky s\u00fa pr\u00e1zdne, pre\u010do chce vojensk\u00fd materi\u00e1l posiela\u0165 v prvom rade do Azerbajd\u017eanu a nie do slovensk\u00fdch z\u00e1sob? <em><em>\u201e<\/em>Vl\u00e1da chce dod\u00e1va\u0165 zbrane do Azerbajd\u017eanu, ktor\u00fd\u00a0zab\u00edja nevinn\u00fdch Kres\u0165anov v Arm\u00e9nsku a t\u00fdm predl\u017eova\u0165 umieranie nevinn\u00fdch \u013eud\u00ed. Ve\u010f pod\u013ea vzoru vojny na Ukrajine by mal Fico ods\u00fadi\u0165 agresiu a vyzva\u0165 na mierov\u00e9 rokovania a pon\u00faknu\u0165 pokojne aj Bratislavu. Pre\u010do sa to nestalo a nestane? Lebo si Fico a \u010fal\u0161\u00ed op\u00e4\u0165 raz chc\u00fa pomasti\u0165\u00a0bruch\u00e1. Ch\u00e1pete, \u017ee to ned\u00e1va zmysel, ve\u010f u\u017e to v\u0161etci pochopte. Trepal tu dva na tri o pr\u00e1zdnych skladoch slovensk\u00fdch vojakov, tak pre\u010do nepln\u00ed v\u00fdzbrojou, mun\u00edciou a technikou tie?\u00a0Ja v\u00e1m odpoviem, lebo OSSR s\u00fa v najlep\u0161ej kond\u00edcii za cel\u00fa ich hist\u00f3riu a tie\u017e preto, \u017ee toto je jednoducho biznis s rusk\u00fdm pozad\u00edm,\u201d<\/em>\u00a0hovor\u00ed Na\u010f a pripom\u00edna, \u017ee \u017eiados\u0165 o slovensk\u00e9 delostrelectvo pri\u0161la aj z Arm\u00e9nskej strany, ktor\u00e1 je pod agresiou Azerbajd\u017eanu, tu v\u0161ak vl\u00e1da R\u00f3berta Fica odpovedala, \u017ee Slovensko na to nem\u00e1 kapacity.\u00a0<\/p>\n\n\n\n<p>Exminister Na\u010f otv\u00e1ra aj t\u00e9mu dod\u00e1vok plynu pr\u00e1ve z Azerbajd\u017eanu. Pod\u013ea exministra je bezpe\u010dnostn\u00e9 riziko prij\u00edma\u0165 komoditu od krajiny, ktor\u00e1 je vo vojnovom konflikte, navy\u0161e v \u0148om vystupuje ako agresor:\u00a0<em><em><em>\u201e<\/em><\/em>Cel\u00e1 Eur\u00f3pa vie, \u017ee ide o plyn, ktor\u00fd Azerbajd\u017ean kupuje z Ruska. To naozaj ide Slovensko d\u00e1va\u0165 peniaze za plyn na to, aby si za ne Rusko a Azerbajd\u017ean kupovali zbrane a zab\u00edjali nevinn\u00fdch? Ve\u010f na tie eur\u00f3pske rokovania chod\u00ed Fico, Blan\u00e1r, Kali\u0148\u00e1k, ak nerozumej\u00fa po anglicky, r\u00e1d im s prekladom pom\u00f4\u017eem, len preboha zastavte tieto \u0161ialenosti.\u201d\u00a0<\/em>Uzatv\u00e1ra Na\u010f a vyz\u00fdva na zvolanie branno-bezpe\u010dnostn\u00e9ho v\u00fdboru, preto\u017ee ak sa pod\u013ea neho vl\u00e1da rozhodne odobera\u0165 plyn z Azerbajd\u017eanu, bude to predstavova\u0165 v\u00e1\u017ene obch\u00e1dzanie sank\u010dn\u00e9ho mechanizmu E\u00da proti Rusku.<\/p>\n\n\n\n<iframe src=\"https:\/\/www.facebook.com\/plugins\/video.php?href=https%3A%2F%2Fwww.facebook.com%2Fsmedemokrati2023%2Fvideos%2F1229520848499828%2F&#038;width=600&#038;show_text=false&#038;appId=361313990972954&#038;height=338\" width=\"600\" height=\"338\" style=\"border:none;overflow:hidden\" scrolling=\"no\" frameborder=\"0\" allowfullscreen=\"true\" allow=\"autoplay; clipboard-write; encrypted-media; picture-in-picture; web-share\" allowFullScreen=\"true\"><\/iframe>\n","protected":false},"excerpt":{"rendered":"<p>Exminister obrany Jaroslav Na\u010f hovor\u00ed, \u017ee Ficova vl\u00e1da obch\u00e1dza \u0161tandardn\u00e9 transparentn\u00e9 postupy a cez r\u00f4znych biznisov\u00fdch priekupn\u00edkov pred\u00e1va stovky tis\u00edc delostreleck\u00fdch n\u00e1bojov na Ukrajinu. Upozor\u0148uje tie\u017e, \u017ee vl\u00e1da Roberta Fica vyzbrojuje moslimsk\u00fa autokratick\u00fa krajinu Azerbajd\u017ean, ktor\u00e1 vojensky \u00fato\u010d\u00ed na demokratick\u00e9 Arm\u00e9nsko s kres\u0165ansk\u00fdm obyvate\u013estvom.&nbsp; Predseda Demokratov hovor\u00ed o dvojtv\u00e1rnej politike vl\u00e1dnej garnit\u00fary, kedy na jednej [&hellip;]<\/p>\n","protected":false},"author":13,"featured_media":4117,"comment_status":"closed","ping_status":"closed","sticky":false,"template":"","format":"standard","meta":{"_acf_changed":false,"ngg_post_thumbnail":0,"footnotes":""},"categories":[4],"tags":[],"class_list":["post-4116","post","type-post","status-publish","format-standard","has-post-thumbnail","hentry","category-tlacove-spravy"],"acf":[],"yoast_head":"<!-- This site is optimized with the Yoast SEO plugin v27.2 - https:\/\/yoast.com\/product\/yoast-seo-wordpress\/ -->\n<title>Fico predl\u017euje vojnu: na Ukrajinu posiela tis\u00edcky ton\u00a0mun\u00edcie cez priekupn\u00edkov a agresorovi Azerbajd\u017eanu chce dod\u00e1va\u0165 vojensk\u00fd materi\u00e1l na \u00fakor slovensk\u00fdch vojakov<\/title>\n<meta name=\"robots\" content=\"index, follow, max-snippet:-1, max-image-preview:large, max-video-preview:-1\" \/>\n<link rel=\"canonical\" href=\"https:\/\/www.smedemokrati.sk\/en\/skfico-predlzuje-vojnu-na-ukrajinu-posiela-tisicky-ton-municie-cez-priekupnikov-a-agresorovi-azerbajdzanu-chce-dodavat-vojensky-material-na-ukor-slovenskych-vojakov\/\" \/>\n<meta property=\"og:locale\" content=\"en_US\" \/>\n<meta property=\"og:locale:alternate\" content=\"cs_CZ\" \/>\n<meta property=\"og:locale:alternate\" content=\"hu_HU\" \/>\n<meta property=\"og:locale:alternate\" content=\"sk_SK\" \/>\n<meta property=\"og:locale:alternate\" content=\"sv_SE\" \/>\n<meta property=\"og:type\" content=\"article\" \/>\n<meta property=\"og:title\" content=\"Fico predl\u017euje vojnu: na Ukrajinu posiela tis\u00edcky ton\u00a0mun\u00edcie cez priekupn\u00edkov a agresorovi Azerbajd\u017eanu chce dod\u00e1va\u0165 vojensk\u00fd materi\u00e1l na \u00fakor slovensk\u00fdch vojakov\" \/>\n<meta property=\"og:description\" content=\"Exminister obrany Jaroslav Na\u010f hovor\u00ed, \u017ee Ficova vl\u00e1da obch\u00e1dza \u0161tandardn\u00e9 transparentn\u00e9 postupy a cez r\u00f4znych biznisov\u00fdch priekupn\u00edkov pred\u00e1va stovky tis\u00edc delostreleck\u00fdch n\u00e1bojov na Ukrajinu. Upozor\u0148uje tie\u017e, \u017ee vl\u00e1da Roberta Fica vyzbrojuje moslimsk\u00fa autokratick\u00fa krajinu Azerbajd\u017ean, ktor\u00e1 vojensky \u00fato\u010d\u00ed na demokratick\u00e9 Arm\u00e9nsko s kres\u0165ansk\u00fdm obyvate\u013estvom.&nbsp; Predseda Demokratov hovor\u00ed o dvojtv\u00e1rnej politike vl\u00e1dnej garnit\u00fary, kedy na jednej [&hellip;]\" \/>\n<meta property=\"og:url\" content=\"https:\/\/www.smedemokrati.sk\/en\/skfico-predlzuje-vojnu-na-ukrajinu-posiela-tisicky-ton-municie-cez-priekupnikov-a-agresorovi-azerbajdzanu-chce-dodavat-vojensky-material-na-ukor-slovenskych-vojakov\/\" \/>\n<meta property=\"og:site_name\" content=\"Smedemokrati.sk\" \/>\n<meta property=\"article:publisher\" content=\"https:\/\/www.facebook.com\/smedemokrati2023\" \/>\n<meta property=\"article:published_time\" content=\"2024-05-10T10:20:40+00:00\" \/>\n<meta property=\"article:modified_time\" content=\"2024-05-13T12:54:15+00:00\" \/>\n<meta property=\"og:image\" content=\"https:\/\/www.smedemokrati.sk\/wp-content\/uploads\/2024\/05\/ficove-paprce.jpg\" \/>\n\t<meta property=\"og:image:width\" content=\"2296\" \/>\n\t<meta property=\"og:image:height\" content=\"1357\" \/>\n\t<meta property=\"og:image:type\" content=\"image\/jpeg\" \/>\n<meta name=\"author\" content=\"miro.sopko\" \/>\n<meta name=\"twitter:card\" content=\"summary_large_image\" \/>\n<meta name=\"twitter:label1\" content=\"Written by\" \/>\n\t<meta name=\"twitter:data1\" content=\"miro.sopko\" \/>\n\t<meta name=\"twitter:label2\" content=\"Est. reading time\" \/>\n\t<meta name=\"twitter:data2\" content=\"3 minutes\" \/>\n<script type=\"application\/ld+json\" class=\"yoast-schema-graph\">{\"@context\":\"https:\/\/schema.org\",\"@graph\":[{\"@type\":\"Article\",\"@id\":\"https:\/\/www.smedemokrati.sk\/skfico-predlzuje-vojnu-na-ukrajinu-posiela-tisicky-ton-municie-cez-priekupnikov-a-agresorovi-azerbajdzanu-chce-dodavat-vojensky-material-na-ukor-slovenskych-vojakov\/#article\",\"isPartOf\":{\"@id\":\"https:\/\/www.smedemokrati.sk\/skfico-predlzuje-vojnu-na-ukrajinu-posiela-tisicky-ton-municie-cez-priekupnikov-a-agresorovi-azerbajdzanu-chce-dodavat-vojensky-material-na-ukor-slovenskych-vojakov\/\"},\"author\":{\"name\":\"miro.sopko\",\"@id\":\"https:\/\/www.smedemokrati.sk\/#\/schema\/person\/21f147c88d605aa7ded900e1e7c344ba\"},\"headline\":\"Fico predl\u017euje vojnu: na Ukrajinu posiela tis\u00edcky ton\u00a0mun\u00edcie cez priekupn\u00edkov a agresorovi Azerbajd\u017eanu chce dod\u00e1va\u0165 vojensk\u00fd materi\u00e1l na \u00fakor slovensk\u00fdch vojakov\",\"datePublished\":\"2024-05-10T10:20:40+00:00\",\"dateModified\":\"2024-05-13T12:54:15+00:00\",\"mainEntityOfPage\":{\"@id\":\"https:\/\/www.smedemokrati.sk\/skfico-predlzuje-vojnu-na-ukrajinu-posiela-tisicky-ton-municie-cez-priekupnikov-a-agresorovi-azerbajdzanu-chce-dodavat-vojensky-material-na-ukor-slovenskych-vojakov\/\"},\"wordCount\":667,\"publisher\":{\"@id\":\"https:\/\/www.smedemokrati.sk\/#organization\"},\"image\":{\"@id\":\"https:\/\/www.smedemokrati.sk\/skfico-predlzuje-vojnu-na-ukrajinu-posiela-tisicky-ton-municie-cez-priekupnikov-a-agresorovi-azerbajdzanu-chce-dodavat-vojensky-material-na-ukor-slovenskych-vojakov\/#primaryimage\"},\"thumbnailUrl\":\"https:\/\/www.smedemokrati.sk\/wp-content\/uploads\/2024\/05\/ficove-paprce.jpg\",\"articleSection\":[\"Tla\u010dov\u00e9 spr\u00e1vy\"],\"inLanguage\":\"en-US\"},{\"@type\":\"WebPage\",\"@id\":\"https:\/\/www.smedemokrati.sk\/skfico-predlzuje-vojnu-na-ukrajinu-posiela-tisicky-ton-municie-cez-priekupnikov-a-agresorovi-azerbajdzanu-chce-dodavat-vojensky-material-na-ukor-slovenskych-vojakov\/\",\"url\":\"https:\/\/www.smedemokrati.sk\/skfico-predlzuje-vojnu-na-ukrajinu-posiela-tisicky-ton-municie-cez-priekupnikov-a-agresorovi-azerbajdzanu-chce-dodavat-vojensky-material-na-ukor-slovenskych-vojakov\/\",\"name\":\"Fico predl\u017euje vojnu: na Ukrajinu posiela tis\u00edcky ton\u00a0mun\u00edcie cez priekupn\u00edkov a agresorovi Azerbajd\u017eanu chce dod\u00e1va\u0165 vojensk\u00fd materi\u00e1l na \u00fakor slovensk\u00fdch vojakov\",\"isPartOf\":{\"@id\":\"https:\/\/www.smedemokrati.sk\/#website\"},\"primaryImageOfPage\":{\"@id\":\"https:\/\/www.smedemokrati.sk\/skfico-predlzuje-vojnu-na-ukrajinu-posiela-tisicky-ton-municie-cez-priekupnikov-a-agresorovi-azerbajdzanu-chce-dodavat-vojensky-material-na-ukor-slovenskych-vojakov\/#primaryimage\"},\"image\":{\"@id\":\"https:\/\/www.smedemokrati.sk\/skfico-predlzuje-vojnu-na-ukrajinu-posiela-tisicky-ton-municie-cez-priekupnikov-a-agresorovi-azerbajdzanu-chce-dodavat-vojensky-material-na-ukor-slovenskych-vojakov\/#primaryimage\"},\"thumbnailUrl\":\"https:\/\/www.smedemokrati.sk\/wp-content\/uploads\/2024\/05\/ficove-paprce.jpg\",\"datePublished\":\"2024-05-10T10:20:40+00:00\",\"dateModified\":\"2024-05-13T12:54:15+00:00\",\"breadcrumb\":{\"@id\":\"https:\/\/www.smedemokrati.sk\/skfico-predlzuje-vojnu-na-ukrajinu-posiela-tisicky-ton-municie-cez-priekupnikov-a-agresorovi-azerbajdzanu-chce-dodavat-vojensky-material-na-ukor-slovenskych-vojakov\/#breadcrumb\"},\"inLanguage\":\"en-US\",\"potentialAction\":[{\"@type\":\"ReadAction\",\"target\":[\"https:\/\/www.smedemokrati.sk\/skfico-predlzuje-vojnu-na-ukrajinu-posiela-tisicky-ton-municie-cez-priekupnikov-a-agresorovi-azerbajdzanu-chce-dodavat-vojensky-material-na-ukor-slovenskych-vojakov\/\"]}]},{\"@type\":\"ImageObject\",\"inLanguage\":\"en-US\",\"@id\":\"https:\/\/www.smedemokrati.sk\/skfico-predlzuje-vojnu-na-ukrajinu-posiela-tisicky-ton-municie-cez-priekupnikov-a-agresorovi-azerbajdzanu-chce-dodavat-vojensky-material-na-ukor-slovenskych-vojakov\/#primaryimage\",\"url\":\"https:\/\/www.smedemokrati.sk\/wp-content\/uploads\/2024\/05\/ficove-paprce.jpg\",\"contentUrl\":\"https:\/\/www.smedemokrati.sk\/wp-content\/uploads\/2024\/05\/ficove-paprce.jpg\",\"width\":2296,\"height\":1357},{\"@type\":\"BreadcrumbList\",\"@id\":\"https:\/\/www.smedemokrati.sk\/skfico-predlzuje-vojnu-na-ukrajinu-posiela-tisicky-ton-municie-cez-priekupnikov-a-agresorovi-azerbajdzanu-chce-dodavat-vojensky-material-na-ukor-slovenskych-vojakov\/#breadcrumb\",\"itemListElement\":[{\"@type\":\"ListItem\",\"position\":1,\"name\":\"Domovsk\u00e1 str\u00e1nka\",\"item\":\"https:\/\/www.smedemokrati.sk\/\"},{\"@type\":\"ListItem\",\"position\":2,\"name\":\"Fico predl\u017euje vojnu: na Ukrajinu posiela tis\u00edcky ton\u00a0mun\u00edcie cez priekupn\u00edkov a agresorovi Azerbajd\u017eanu chce dod\u00e1va\u0165 vojensk\u00fd materi\u00e1l na \u00fakor slovensk\u00fdch vojakov\"}]},{\"@type\":\"WebSite\",\"@id\":\"https:\/\/www.smedemokrati.sk\/#website\",\"url\":\"https:\/\/www.smedemokrati.sk\/\",\"name\":\"Smedemokrati.sk\",\"description\":\"Demokracia a slu\u0161nos\u0165 zv\u00ed\u0165az\u00ed\",\"publisher\":{\"@id\":\"https:\/\/www.smedemokrati.sk\/#organization\"},\"potentialAction\":[{\"@type\":\"SearchAction\",\"target\":{\"@type\":\"EntryPoint\",\"urlTemplate\":\"https:\/\/www.smedemokrati.sk\/?s={search_term_string}\"},\"query-input\":{\"@type\":\"PropertyValueSpecification\",\"valueRequired\":true,\"valueName\":\"search_term_string\"}}],\"inLanguage\":\"en-US\"},{\"@type\":\"Organization\",\"@id\":\"https:\/\/www.smedemokrati.sk\/#organization\",\"name\":\"Smedemokrati.sk\",\"url\":\"https:\/\/www.smedemokrati.sk\/\",\"logo\":{\"@type\":\"ImageObject\",\"inLanguage\":\"en-US\",\"@id\":\"https:\/\/www.smedemokrati.sk\/#\/schema\/logo\/image\/\",\"url\":\"https:\/\/www.smedemokrati.sk\/wp-content\/uploads\/2023\/04\/ff.002.jpeg\",\"contentUrl\":\"https:\/\/www.smedemokrati.sk\/wp-content\/uploads\/2023\/04\/ff.002.jpeg\",\"width\":640,\"height\":480,\"caption\":\"Smedemokrati.sk\"},\"image\":{\"@id\":\"https:\/\/www.smedemokrati.sk\/#\/schema\/logo\/image\/\"},\"sameAs\":[\"https:\/\/www.facebook.com\/smedemokrati2023\"]},{\"@type\":\"Person\",\"@id\":\"https:\/\/www.smedemokrati.sk\/#\/schema\/person\/21f147c88d605aa7ded900e1e7c344ba\",\"name\":\"miro.sopko\",\"image\":{\"@type\":\"ImageObject\",\"inLanguage\":\"en-US\",\"@id\":\"https:\/\/secure.gravatar.com\/avatar\/267e4a36f704376c109afe3a78740c1f5dd8675a2180a908699e7863c9247606?s=96&d=mm&r=g\",\"url\":\"https:\/\/secure.gravatar.com\/avatar\/267e4a36f704376c109afe3a78740c1f5dd8675a2180a908699e7863c9247606?s=96&d=mm&r=g\",\"contentUrl\":\"https:\/\/secure.gravatar.com\/avatar\/267e4a36f704376c109afe3a78740c1f5dd8675a2180a908699e7863c9247606?s=96&d=mm&r=g\",\"caption\":\"miro.sopko\"},\"url\":\"https:\/\/www.smedemokrati.sk\/en\/author\/miro-sopko\/\"}]}<\/script>\n<!-- \/ Yoast SEO plugin. -->","yoast_head_json":{"title":"Fico predl\u017euje vojnu: na Ukrajinu posiela tis\u00edcky ton\u00a0mun\u00edcie cez priekupn\u00edkov a agresorovi Azerbajd\u017eanu chce dod\u00e1va\u0165 vojensk\u00fd materi\u00e1l na \u00fakor slovensk\u00fdch vojakov","robots":{"index":"index","follow":"follow","max-snippet":"max-snippet:-1","max-image-preview":"max-image-preview:large","max-video-preview":"max-video-preview:-1"},"canonical":"https:\/\/www.smedemokrati.sk\/en\/skfico-predlzuje-vojnu-na-ukrajinu-posiela-tisicky-ton-municie-cez-priekupnikov-a-agresorovi-azerbajdzanu-chce-dodavat-vojensky-material-na-ukor-slovenskych-vojakov\/","og_locale":"en_US","og_type":"article","og_title":"[:sk]Fico predl\u017euje vojnu: na Ukrajinu posiela tis\u00edcky ton\u00a0mun\u00edcie cez priekupn\u00edkov a agresorovi Azerbajd\u017eanu chce dod\u00e1va\u0165 vojensk\u00fd materi\u00e1l na \u00fakor slovensk\u00fdch vojakov[:] - Smedemokrati.sk","og_description":"Exminister obrany Jaroslav Na\u010f hovor\u00ed, \u017ee Ficova vl\u00e1da obch\u00e1dza \u0161tandardn\u00e9 transparentn\u00e9 postupy a cez r\u00f4znych biznisov\u00fdch priekupn\u00edkov pred\u00e1va stovky tis\u00edc delostreleck\u00fdch n\u00e1bojov na Ukrajinu. Upozor\u0148uje tie\u017e, \u017ee vl\u00e1da Roberta Fica vyzbrojuje moslimsk\u00fa autokratick\u00fa krajinu Azerbajd\u017ean, ktor\u00e1 vojensky \u00fato\u010d\u00ed na demokratick\u00e9 Arm\u00e9nsko s kres\u0165ansk\u00fdm obyvate\u013estvom.&nbsp; Predseda Demokratov hovor\u00ed o dvojtv\u00e1rnej politike vl\u00e1dnej garnit\u00fary, kedy na jednej [&hellip;]","og_url":"https:\/\/www.smedemokrati.sk\/en\/skfico-predlzuje-vojnu-na-ukrajinu-posiela-tisicky-ton-municie-cez-priekupnikov-a-agresorovi-azerbajdzanu-chce-dodavat-vojensky-material-na-ukor-slovenskych-vojakov\/","og_site_name":"Smedemokrati.sk","article_publisher":"https:\/\/www.facebook.com\/smedemokrati2023","article_published_time":"2024-05-10T10:20:40+00:00","article_modified_time":"2024-05-13T12:54:15+00:00","og_image":[{"width":2296,"height":1357,"url":"https:\/\/www.smedemokrati.sk\/wp-content\/uploads\/2024\/05\/ficove-paprce.jpg","type":"image\/jpeg"}],"author":"miro.sopko","twitter_card":"summary_large_image","twitter_misc":{"Written by":"miro.sopko","Est. reading time":"3 minutes"},"schema":{"@context":"https:\/\/schema.org","@graph":[{"@type":"Article","@id":"https:\/\/www.smedemokrati.sk\/skfico-predlzuje-vojnu-na-ukrajinu-posiela-tisicky-ton-municie-cez-priekupnikov-a-agresorovi-azerbajdzanu-chce-dodavat-vojensky-material-na-ukor-slovenskych-vojakov\/#article","isPartOf":{"@id":"https:\/\/www.smedemokrati.sk\/skfico-predlzuje-vojnu-na-ukrajinu-posiela-tisicky-ton-municie-cez-priekupnikov-a-agresorovi-azerbajdzanu-chce-dodavat-vojensky-material-na-ukor-slovenskych-vojakov\/"},"author":{"name":"miro.sopko","@id":"https:\/\/www.smedemokrati.sk\/#\/schema\/person\/21f147c88d605aa7ded900e1e7c344ba"},"headline":"Fico predl\u017euje vojnu: na Ukrajinu posiela tis\u00edcky ton\u00a0mun\u00edcie cez priekupn\u00edkov a agresorovi Azerbajd\u017eanu chce dod\u00e1va\u0165 vojensk\u00fd materi\u00e1l na \u00fakor slovensk\u00fdch vojakov","datePublished":"2024-05-10T10:20:40+00:00","dateModified":"2024-05-13T12:54:15+00:00","mainEntityOfPage":{"@id":"https:\/\/www.smedemokrati.sk\/skfico-predlzuje-vojnu-na-ukrajinu-posiela-tisicky-ton-municie-cez-priekupnikov-a-agresorovi-azerbajdzanu-chce-dodavat-vojensky-material-na-ukor-slovenskych-vojakov\/"},"wordCount":667,"publisher":{"@id":"https:\/\/www.smedemokrati.sk\/#organization"},"image":{"@id":"https:\/\/www.smedemokrati.sk\/skfico-predlzuje-vojnu-na-ukrajinu-posiela-tisicky-ton-municie-cez-priekupnikov-a-agresorovi-azerbajdzanu-chce-dodavat-vojensky-material-na-ukor-slovenskych-vojakov\/#primaryimage"},"thumbnailUrl":"https:\/\/www.smedemokrati.sk\/wp-content\/uploads\/2024\/05\/ficove-paprce.jpg","articleSection":["Tla\u010dov\u00e9 spr\u00e1vy"],"inLanguage":"en-US"},{"@type":"WebPage","@id":"https:\/\/www.smedemokrati.sk\/skfico-predlzuje-vojnu-na-ukrajinu-posiela-tisicky-ton-municie-cez-priekupnikov-a-agresorovi-azerbajdzanu-chce-dodavat-vojensky-material-na-ukor-slovenskych-vojakov\/","url":"https:\/\/www.smedemokrati.sk\/skfico-predlzuje-vojnu-na-ukrajinu-posiela-tisicky-ton-municie-cez-priekupnikov-a-agresorovi-azerbajdzanu-chce-dodavat-vojensky-material-na-ukor-slovenskych-vojakov\/","name":"Fico predl\u017euje vojnu: na Ukrajinu posiela tis\u00edcky ton\u00a0mun\u00edcie cez priekupn\u00edkov a agresorovi Azerbajd\u017eanu chce dod\u00e1va\u0165 vojensk\u00fd materi\u00e1l na \u00fakor slovensk\u00fdch vojakov","isPartOf":{"@id":"https:\/\/www.smedemokrati.sk\/#website"},"primaryImageOfPage":{"@id":"https:\/\/www.smedemokrati.sk\/skfico-predlzuje-vojnu-na-ukrajinu-posiela-tisicky-ton-municie-cez-priekupnikov-a-agresorovi-azerbajdzanu-chce-dodavat-vojensky-material-na-ukor-slovenskych-vojakov\/#primaryimage"},"image":{"@id":"https:\/\/www.smedemokrati.sk\/skfico-predlzuje-vojnu-na-ukrajinu-posiela-tisicky-ton-municie-cez-priekupnikov-a-agresorovi-azerbajdzanu-chce-dodavat-vojensky-material-na-ukor-slovenskych-vojakov\/#primaryimage"},"thumbnailUrl":"https:\/\/www.smedemokrati.sk\/wp-content\/uploads\/2024\/05\/ficove-paprce.jpg","datePublished":"2024-05-10T10:20:40+00:00","dateModified":"2024-05-13T12:54:15+00:00","breadcrumb":{"@id":"https:\/\/www.smedemokrati.sk\/skfico-predlzuje-vojnu-na-ukrajinu-posiela-tisicky-ton-municie-cez-priekupnikov-a-agresorovi-azerbajdzanu-chce-dodavat-vojensky-material-na-ukor-slovenskych-vojakov\/#breadcrumb"},"inLanguage":"en-US","potentialAction":[{"@type":"ReadAction","target":["https:\/\/www.smedemokrati.sk\/skfico-predlzuje-vojnu-na-ukrajinu-posiela-tisicky-ton-municie-cez-priekupnikov-a-agresorovi-azerbajdzanu-chce-dodavat-vojensky-material-na-ukor-slovenskych-vojakov\/"]}]},{"@type":"ImageObject","inLanguage":"en-US","@id":"https:\/\/www.smedemokrati.sk\/skfico-predlzuje-vojnu-na-ukrajinu-posiela-tisicky-ton-municie-cez-priekupnikov-a-agresorovi-azerbajdzanu-chce-dodavat-vojensky-material-na-ukor-slovenskych-vojakov\/#primaryimage","url":"https:\/\/www.smedemokrati.sk\/wp-content\/uploads\/2024\/05\/ficove-paprce.jpg","contentUrl":"https:\/\/www.smedemokrati.sk\/wp-content\/uploads\/2024\/05\/ficove-paprce.jpg","width":2296,"height":1357},{"@type":"BreadcrumbList","@id":"https:\/\/www.smedemokrati.sk\/skfico-predlzuje-vojnu-na-ukrajinu-posiela-tisicky-ton-municie-cez-priekupnikov-a-agresorovi-azerbajdzanu-chce-dodavat-vojensky-material-na-ukor-slovenskych-vojakov\/#breadcrumb","itemListElement":[{"@type":"ListItem","position":1,"name":"Domovsk\u00e1 str\u00e1nka","item":"https:\/\/www.smedemokrati.sk\/"},{"@type":"ListItem","position":2,"name":"Fico predl\u017euje vojnu: na Ukrajinu posiela tis\u00edcky ton\u00a0mun\u00edcie cez priekupn\u00edkov a agresorovi Azerbajd\u017eanu chce dod\u00e1va\u0165 vojensk\u00fd materi\u00e1l na \u00fakor slovensk\u00fdch vojakov"}]},{"@type":"WebSite","@id":"https:\/\/www.smedemokrati.sk\/#website","url":"https:\/\/www.smedemokrati.sk\/","name":"Smedemokrati.sk","description":"Demokracia a slu\u0161nos\u0165 zv\u00ed\u0165az\u00ed","publisher":{"@id":"https:\/\/www.smedemokrati.sk\/#organization"},"potentialAction":[{"@type":"SearchAction","target":{"@type":"EntryPoint","urlTemplate":"https:\/\/www.smedemokrati.sk\/?s={search_term_string}"},"query-input":{"@type":"PropertyValueSpecification","valueRequired":true,"valueName":"search_term_string"}}],"inLanguage":"en-US"},{"@type":"Organization","@id":"https:\/\/www.smedemokrati.sk\/#organization","name":"Smedemokrati.sk","url":"https:\/\/www.smedemokrati.sk\/","logo":{"@type":"ImageObject","inLanguage":"en-US","@id":"https:\/\/www.smedemokrati.sk\/#\/schema\/logo\/image\/","url":"https:\/\/www.smedemokrati.sk\/wp-content\/uploads\/2023\/04\/ff.002.jpeg","contentUrl":"https:\/\/www.smedemokrati.sk\/wp-content\/uploads\/2023\/04\/ff.002.jpeg","width":640,"height":480,"caption":"Smedemokrati.sk"},"image":{"@id":"https:\/\/www.smedemokrati.sk\/#\/schema\/logo\/image\/"},"sameAs":["https:\/\/www.facebook.com\/smedemokrati2023"]},{"@type":"Person","@id":"https:\/\/www.smedemokrati.sk\/#\/schema\/person\/21f147c88d605aa7ded900e1e7c344ba","name":"miro.sopko","image":{"@type":"ImageObject","inLanguage":"en-US","@id":"https:\/\/secure.gravatar.com\/avatar\/267e4a36f704376c109afe3a78740c1f5dd8675a2180a908699e7863c9247606?s=96&d=mm&r=g","url":"https:\/\/secure.gravatar.com\/avatar\/267e4a36f704376c109afe3a78740c1f5dd8675a2180a908699e7863c9247606?s=96&d=mm&r=g","contentUrl":"https:\/\/secure.gravatar.com\/avatar\/267e4a36f704376c109afe3a78740c1f5dd8675a2180a908699e7863c9247606?s=96&d=mm&r=g","caption":"miro.sopko"},"url":"https:\/\/www.smedemokrati.sk\/en\/author\/miro-sopko\/"}]}},"_links":{"self":[{"href":"https:\/\/www.smedemokrati.sk\/en\/wp-json\/wp\/v2\/posts\/4116","targetHints":{"allow":["GET"]}}],"collection":[{"href":"https:\/\/www.smedemokrati.sk\/en\/wp-json\/wp\/v2\/posts"}],"about":[{"href":"https:\/\/www.smedemokrati.sk\/en\/wp-json\/wp\/v2\/types\/post"}],"author":[{"embeddable":true,"href":"https:\/\/www.smedemokrati.sk\/en\/wp-json\/wp\/v2\/users\/13"}],"replies":[{"embeddable":true,"href":"https:\/\/www.smedemokrati.sk\/en\/wp-json\/wp\/v2\/comments?post=4116"}],"version-history":[{"count":1,"href":"https:\/\/www.smedemokrati.sk\/en\/wp-json\/wp\/v2\/posts\/4116\/revisions"}],"predecessor-version":[{"id":4118,"href":"https:\/\/www.smedemokrati.sk\/en\/wp-json\/wp\/v2\/posts\/4116\/revisions\/4118"}],"wp:featuredmedia":[{"embeddable":true,"href":"https:\/\/www.smedemokrati.sk\/en\/wp-json\/wp\/v2\/media\/4117"}],"wp:attachment":[{"href":"https:\/\/www.smedemokrati.sk\/en\/wp-json\/wp\/v2\/media?parent=4116"}],"wp:term":[{"taxonomy":"category","embeddable":true,"href":"https:\/\/www.smedemokrati.sk\/en\/wp-json\/wp\/v2\/categories?post=4116"},{"taxonomy":"post_tag","embeddable":true,"href":"https:\/\/www.smedemokrati.sk\/en\/wp-json\/wp\/v2\/tags?post=4116"}],"curies":[{"name":"wp","href":"https:\/\/api.w.org\/{rel}","templated":true}]}}