{"id":4072,"date":"2024-05-07T13:50:32","date_gmt":"2024-05-07T12:50:32","guid":{"rendered":"https:\/\/www.smedemokrati.sk\/?p=4072"},"modified":"2024-05-07T13:50:33","modified_gmt":"2024-05-07T12:50:33","slug":"300-milionov-eur-ktore-idu-do-priemyslu-a-narodnych-parkov-moze-skoncit-inde-a-to-jedinym-rozhodnutim-ministra","status":"publish","type":"post","link":"https:\/\/www.smedemokrati.sk\/en\/300-milionov-eur-ktore-idu-do-priemyslu-a-narodnych-parkov-moze-skoncit-inde-a-to-jedinym-rozhodnutim-ministra\/","title":{"rendered":"300 mili\u00f3nov eur, ktor\u00e9 id\u00fa do priemyslu a n\u00e1rodn\u00fdch parkov m\u00f4\u017ee skon\u010di\u0165 inde, a to jedin\u00fdm rozhodnut\u00edm ministra"},"content":{"rendered":"<div id=\"fb-root\"><\/div>\n\n<p><strong>Minister Taraba predl\u017eil do medzirezortn\u00e9ho pripomienkov\u00e9ho konania rozsiahlu novelu z\u00e1kona o obchodovan\u00ed s emisn\u00fdmi kv\u00f3tami. Navrhuje napr\u00edklad, aby s\u00e1m rozhodoval o celej sume v\u00fdnosu z kv\u00f3t, ktor\u00e1 teraz ide do Environment\u00e1lneho fondu, vyslovene pod\u013ea svojej \u013eubov\u00f4le. Ak bude novela prijat\u00e1, jedine Taraba bude rozhodova\u0165 o 300 mil. eur ro\u010dne.<\/strong><br><\/p>\n\n\n\n<p>Environment\u00e1lny expert a \u010dlen predsedn\u00edctva Demokratov upozor\u0148uje na chystan\u00e9 zmeny, ktor\u00fa s\u00fa u\u017e s\u00fa\u010das\u0165ou pripomienkov\u00e9ho konania:\u00a0<em><em><em>\u201e<\/em><\/em>M\u00e1m pocit, \u017ee hist\u00f3ria sa ide opakova\u0165, preto\u017ee nie je to tak d\u00e1vno, \u010do SNS \u0161af\u00e1rila s emisiami a dopadlo to \u0161kodami na \u00farovni 60 mili\u00f3nov eur v kauze Interblue. Dnes ide fixn\u00e9 percento z kv\u00f3t napr\u00edklad pre priemysel, zatep\u013eovanie \u010di vodovody a v\u010faka na\u0161im opatreniam aj na n\u00e1rodn\u00e9 parky. Taraba to chce zmeni\u0165 a rozhodova\u0165 o mili\u00f3noch tak, ako mu to pr\u00edde. Ak sa to stane, minister cielene vytvor\u00ed priestor pre klientelizmus a priemyslu \u010di n\u00e1rodn\u00fdm parkom znemo\u017en\u00ed predv\u00edda\u0165, s ak\u00fdmi financiami bud\u00fa m\u00f4c\u0165 po\u010d\u00edta\u0165,\u201d<\/em>\u00a0hovor\u00ed Ki\u010da a pod\u010diarkuje, \u017ee pr\u00e1ve po predv\u00eddate\u013enosti prostredia volali v\u0161etky priemyseln\u00e9 zv\u00e4zy, \u010do sa napokon podarilo dosiahnu\u0165 za vl\u00e1dy Eduarda Hegera.<\/p>\n\n\n\n<p>V\u00fdnosy z emisn\u00fdch kv\u00f3t s\u00fa ur\u010den\u00e9 na dekarboniz\u00e1ciu slovensk\u00e9ho hospod\u00e1rstva a environment\u00e1lne opatrenia. Nie s\u00fa to s\u00fakromn\u00e9 prostriedky Tom\u00e1\u0161a Tarabu. Ak n\u00e1vrh z\u00e1kona prejde, jedin\u00e9, \u010do zav\u00e1\u017ei bude, \u010di ste s n\u00edm kamar\u00e1t. Peniaze sa bud\u00fa m\u00ed\u0148a\u0165 nie pod\u013ea pr\u00ednosu pre kl\u00edmu, ale pod\u013ea \u013eubov\u00f4le ministra Tarabu. V \u0161achu bude dr\u017ea\u0165 mest\u00e1 a obce, priemyseln\u00e9 podniky a umo\u017en\u00ed finan\u010dne vykrv\u00e1ca\u0165 aj n\u00e1rodn\u00e9 parky. A to je neakceptovate\u013en\u00e9.<\/p>\n\n\n\n<p><em><em><em>\u201e<\/em><\/em>Vyz\u00fdvam ministra na stiahnutie n\u00e1vrhu a celospolo\u010densk\u00fa debatu. V\u0161etci zainteresovan\u00ed ocenia, ak sa o stovk\u00e1ch mili\u00f3nov ro\u010dne bude rozhodova\u0165 predv\u00eddate\u013ene a na z\u00e1klade investi\u010dnej strat\u00e9gie, aby ka\u017ed\u00fd dotknut\u00fd sektor vedel, \u010do ho naprie\u010d t\u00fdmto volebn\u00fdm obdob\u00edm \u010dak\u00e1. Po\u017eadujeme, aby mali pevn\u00fd podiel nielen priemysel a n\u00e1rodn\u00e9 parky, ale aj mest\u00e1 a obce, najm\u00e4 na vod\u00e1rensk\u00fa infra\u0161trukt\u00faru a aj \u013eudia na zatep\u013eovanie domov. Pl\u00e1n obnovy tu toti\u017e nebude trvalo. My zatia\u013e samozrejme, priprav\u00edme hromadn\u00fa pripomienku kde budeme presadzova\u0165 z\u00e1ujmy slovenskej pr\u00edrody a \u013eud\u00ed,\u201d<\/em>\u00a0uzatv\u00e1ra Michal Ki\u010da.<\/p>\n","protected":false},"excerpt":{"rendered":"<p>Minister Taraba predl\u017eil do medzirezortn\u00e9ho pripomienkov\u00e9ho konania rozsiahlu novelu z\u00e1kona o obchodovan\u00ed s emisn\u00fdmi kv\u00f3tami. Navrhuje napr\u00edklad, aby s\u00e1m rozhodoval o celej sume v\u00fdnosu z kv\u00f3t, ktor\u00e1 teraz ide do Environment\u00e1lneho fondu, vyslovene pod\u013ea svojej \u013eubov\u00f4le. Ak bude novela prijat\u00e1, jedine Taraba bude rozhodova\u0165 o 300 mil. eur ro\u010dne. Environment\u00e1lny expert a \u010dlen predsedn\u00edctva Demokratov [&hellip;]<\/p>\n","protected":false},"author":13,"featured_media":4073,"comment_status":"closed","ping_status":"closed","sticky":false,"template":"","format":"standard","meta":{"_acf_changed":false,"ngg_post_thumbnail":0,"footnotes":""},"categories":[4],"tags":[],"class_list":["post-4072","post","type-post","status-publish","format-standard","has-post-thumbnail","hentry","category-tlacove-spravy"],"acf":[],"yoast_head":"<!-- This site is optimized with the Yoast SEO plugin v27.2 - https:\/\/yoast.com\/product\/yoast-seo-wordpress\/ -->\n<title>300 mili\u00f3nov eur, ktor\u00e9 id\u00fa do priemyslu a n\u00e1rodn\u00fdch parkov m\u00f4\u017ee skon\u010di\u0165 inde, a to jedin\u00fdm rozhodnut\u00edm ministra<\/title>\n<meta name=\"robots\" content=\"index, follow, max-snippet:-1, max-image-preview:large, max-video-preview:-1\" \/>\n<link rel=\"canonical\" href=\"https:\/\/www.smedemokrati.sk\/en\/300-milionov-eur-ktore-idu-do-priemyslu-a-narodnych-parkov-moze-skoncit-inde-a-to-jedinym-rozhodnutim-ministra\/\" \/>\n<meta property=\"og:locale\" content=\"en_US\" \/>\n<meta property=\"og:locale:alternate\" content=\"cs_CZ\" \/>\n<meta property=\"og:locale:alternate\" content=\"hu_HU\" \/>\n<meta property=\"og:locale:alternate\" content=\"sk_SK\" \/>\n<meta property=\"og:locale:alternate\" content=\"sv_SE\" \/>\n<meta property=\"og:type\" content=\"article\" \/>\n<meta property=\"og:title\" content=\"300 mili\u00f3nov eur, ktor\u00e9 id\u00fa do priemyslu a n\u00e1rodn\u00fdch parkov m\u00f4\u017ee skon\u010di\u0165 inde, a to jedin\u00fdm rozhodnut\u00edm ministra\" \/>\n<meta property=\"og:description\" content=\"Minister Taraba predl\u017eil do medzirezortn\u00e9ho pripomienkov\u00e9ho konania rozsiahlu novelu z\u00e1kona o obchodovan\u00ed s emisn\u00fdmi kv\u00f3tami. Navrhuje napr\u00edklad, aby s\u00e1m rozhodoval o celej sume v\u00fdnosu z kv\u00f3t, ktor\u00e1 teraz ide do Environment\u00e1lneho fondu, vyslovene pod\u013ea svojej \u013eubov\u00f4le. Ak bude novela prijat\u00e1, jedine Taraba bude rozhodova\u0165 o 300 mil. eur ro\u010dne. Environment\u00e1lny expert a \u010dlen predsedn\u00edctva Demokratov [&hellip;]\" \/>\n<meta property=\"og:url\" content=\"https:\/\/www.smedemokrati.sk\/en\/300-milionov-eur-ktore-idu-do-priemyslu-a-narodnych-parkov-moze-skoncit-inde-a-to-jedinym-rozhodnutim-ministra\/\" \/>\n<meta property=\"og:site_name\" content=\"Smedemokrati.sk\" \/>\n<meta property=\"article:publisher\" content=\"https:\/\/www.facebook.com\/smedemokrati2023\" \/>\n<meta property=\"article:published_time\" content=\"2024-05-07T12:50:32+00:00\" \/>\n<meta property=\"article:modified_time\" content=\"2024-05-07T12:50:33+00:00\" \/>\n<meta property=\"og:image\" content=\"https:\/\/www.smedemokrati.sk\/wp-content\/uploads\/2024\/05\/taraba-minister.jpg\" \/>\n\t<meta property=\"og:image:width\" content=\"960\" \/>\n\t<meta property=\"og:image:height\" content=\"540\" \/>\n\t<meta property=\"og:image:type\" content=\"image\/jpeg\" \/>\n<meta name=\"author\" content=\"miro.sopko\" \/>\n<meta name=\"twitter:card\" content=\"summary_large_image\" \/>\n<meta name=\"twitter:label1\" content=\"Written by\" \/>\n\t<meta name=\"twitter:data1\" content=\"miro.sopko\" \/>\n\t<meta name=\"twitter:label2\" content=\"Est. reading time\" \/>\n\t<meta name=\"twitter:data2\" content=\"2 minutes\" \/>\n<script type=\"application\/ld+json\" class=\"yoast-schema-graph\">{\"@context\":\"https:\/\/schema.org\",\"@graph\":[{\"@type\":\"Article\",\"@id\":\"https:\/\/www.smedemokrati.sk\/300-milionov-eur-ktore-idu-do-priemyslu-a-narodnych-parkov-moze-skoncit-inde-a-to-jedinym-rozhodnutim-ministra\/#article\",\"isPartOf\":{\"@id\":\"https:\/\/www.smedemokrati.sk\/300-milionov-eur-ktore-idu-do-priemyslu-a-narodnych-parkov-moze-skoncit-inde-a-to-jedinym-rozhodnutim-ministra\/\"},\"author\":{\"name\":\"miro.sopko\",\"@id\":\"https:\/\/www.smedemokrati.sk\/#\/schema\/person\/21f147c88d605aa7ded900e1e7c344ba\"},\"headline\":\"300 mili\u00f3nov eur, ktor\u00e9 id\u00fa do priemyslu a n\u00e1rodn\u00fdch parkov m\u00f4\u017ee skon\u010di\u0165 inde, a to jedin\u00fdm rozhodnut\u00edm ministra\",\"datePublished\":\"2024-05-07T12:50:32+00:00\",\"dateModified\":\"2024-05-07T12:50:33+00:00\",\"mainEntityOfPage\":{\"@id\":\"https:\/\/www.smedemokrati.sk\/300-milionov-eur-ktore-idu-do-priemyslu-a-narodnych-parkov-moze-skoncit-inde-a-to-jedinym-rozhodnutim-ministra\/\"},\"wordCount\":453,\"publisher\":{\"@id\":\"https:\/\/www.smedemokrati.sk\/#organization\"},\"image\":{\"@id\":\"https:\/\/www.smedemokrati.sk\/300-milionov-eur-ktore-idu-do-priemyslu-a-narodnych-parkov-moze-skoncit-inde-a-to-jedinym-rozhodnutim-ministra\/#primaryimage\"},\"thumbnailUrl\":\"https:\/\/www.smedemokrati.sk\/wp-content\/uploads\/2024\/05\/taraba-minister.jpg\",\"articleSection\":[\"Tla\u010dov\u00e9 spr\u00e1vy\"],\"inLanguage\":\"en-US\"},{\"@type\":\"WebPage\",\"@id\":\"https:\/\/www.smedemokrati.sk\/300-milionov-eur-ktore-idu-do-priemyslu-a-narodnych-parkov-moze-skoncit-inde-a-to-jedinym-rozhodnutim-ministra\/\",\"url\":\"https:\/\/www.smedemokrati.sk\/300-milionov-eur-ktore-idu-do-priemyslu-a-narodnych-parkov-moze-skoncit-inde-a-to-jedinym-rozhodnutim-ministra\/\",\"name\":\"300 mili\u00f3nov eur, ktor\u00e9 id\u00fa do priemyslu a n\u00e1rodn\u00fdch parkov m\u00f4\u017ee skon\u010di\u0165 inde, a to jedin\u00fdm rozhodnut\u00edm ministra\",\"isPartOf\":{\"@id\":\"https:\/\/www.smedemokrati.sk\/#website\"},\"primaryImageOfPage\":{\"@id\":\"https:\/\/www.smedemokrati.sk\/300-milionov-eur-ktore-idu-do-priemyslu-a-narodnych-parkov-moze-skoncit-inde-a-to-jedinym-rozhodnutim-ministra\/#primaryimage\"},\"image\":{\"@id\":\"https:\/\/www.smedemokrati.sk\/300-milionov-eur-ktore-idu-do-priemyslu-a-narodnych-parkov-moze-skoncit-inde-a-to-jedinym-rozhodnutim-ministra\/#primaryimage\"},\"thumbnailUrl\":\"https:\/\/www.smedemokrati.sk\/wp-content\/uploads\/2024\/05\/taraba-minister.jpg\",\"datePublished\":\"2024-05-07T12:50:32+00:00\",\"dateModified\":\"2024-05-07T12:50:33+00:00\",\"breadcrumb\":{\"@id\":\"https:\/\/www.smedemokrati.sk\/300-milionov-eur-ktore-idu-do-priemyslu-a-narodnych-parkov-moze-skoncit-inde-a-to-jedinym-rozhodnutim-ministra\/#breadcrumb\"},\"inLanguage\":\"en-US\",\"potentialAction\":[{\"@type\":\"ReadAction\",\"target\":[\"https:\/\/www.smedemokrati.sk\/300-milionov-eur-ktore-idu-do-priemyslu-a-narodnych-parkov-moze-skoncit-inde-a-to-jedinym-rozhodnutim-ministra\/\"]}]},{\"@type\":\"ImageObject\",\"inLanguage\":\"en-US\",\"@id\":\"https:\/\/www.smedemokrati.sk\/300-milionov-eur-ktore-idu-do-priemyslu-a-narodnych-parkov-moze-skoncit-inde-a-to-jedinym-rozhodnutim-ministra\/#primaryimage\",\"url\":\"https:\/\/www.smedemokrati.sk\/wp-content\/uploads\/2024\/05\/taraba-minister.jpg\",\"contentUrl\":\"https:\/\/www.smedemokrati.sk\/wp-content\/uploads\/2024\/05\/taraba-minister.jpg\",\"width\":960,\"height\":540},{\"@type\":\"BreadcrumbList\",\"@id\":\"https:\/\/www.smedemokrati.sk\/300-milionov-eur-ktore-idu-do-priemyslu-a-narodnych-parkov-moze-skoncit-inde-a-to-jedinym-rozhodnutim-ministra\/#breadcrumb\",\"itemListElement\":[{\"@type\":\"ListItem\",\"position\":1,\"name\":\"Domovsk\u00e1 str\u00e1nka\",\"item\":\"https:\/\/www.smedemokrati.sk\/\"},{\"@type\":\"ListItem\",\"position\":2,\"name\":\"300 mili\u00f3nov eur, ktor\u00e9 id\u00fa do priemyslu a n\u00e1rodn\u00fdch parkov m\u00f4\u017ee skon\u010di\u0165 inde, a to jedin\u00fdm rozhodnut\u00edm ministra\"}]},{\"@type\":\"WebSite\",\"@id\":\"https:\/\/www.smedemokrati.sk\/#website\",\"url\":\"https:\/\/www.smedemokrati.sk\/\",\"name\":\"Smedemokrati.sk\",\"description\":\"Demokracia a slu\u0161nos\u0165 zv\u00ed\u0165az\u00ed\",\"publisher\":{\"@id\":\"https:\/\/www.smedemokrati.sk\/#organization\"},\"potentialAction\":[{\"@type\":\"SearchAction\",\"target\":{\"@type\":\"EntryPoint\",\"urlTemplate\":\"https:\/\/www.smedemokrati.sk\/?s={search_term_string}\"},\"query-input\":{\"@type\":\"PropertyValueSpecification\",\"valueRequired\":true,\"valueName\":\"search_term_string\"}}],\"inLanguage\":\"en-US\"},{\"@type\":\"Organization\",\"@id\":\"https:\/\/www.smedemokrati.sk\/#organization\",\"name\":\"Smedemokrati.sk\",\"url\":\"https:\/\/www.smedemokrati.sk\/\",\"logo\":{\"@type\":\"ImageObject\",\"inLanguage\":\"en-US\",\"@id\":\"https:\/\/www.smedemokrati.sk\/#\/schema\/logo\/image\/\",\"url\":\"https:\/\/www.smedemokrati.sk\/wp-content\/uploads\/2023\/04\/ff.002.jpeg\",\"contentUrl\":\"https:\/\/www.smedemokrati.sk\/wp-content\/uploads\/2023\/04\/ff.002.jpeg\",\"width\":640,\"height\":480,\"caption\":\"Smedemokrati.sk\"},\"image\":{\"@id\":\"https:\/\/www.smedemokrati.sk\/#\/schema\/logo\/image\/\"},\"sameAs\":[\"https:\/\/www.facebook.com\/smedemokrati2023\"]},{\"@type\":\"Person\",\"@id\":\"https:\/\/www.smedemokrati.sk\/#\/schema\/person\/21f147c88d605aa7ded900e1e7c344ba\",\"name\":\"miro.sopko\",\"image\":{\"@type\":\"ImageObject\",\"inLanguage\":\"en-US\",\"@id\":\"https:\/\/secure.gravatar.com\/avatar\/267e4a36f704376c109afe3a78740c1f5dd8675a2180a908699e7863c9247606?s=96&d=mm&r=g\",\"url\":\"https:\/\/secure.gravatar.com\/avatar\/267e4a36f704376c109afe3a78740c1f5dd8675a2180a908699e7863c9247606?s=96&d=mm&r=g\",\"contentUrl\":\"https:\/\/secure.gravatar.com\/avatar\/267e4a36f704376c109afe3a78740c1f5dd8675a2180a908699e7863c9247606?s=96&d=mm&r=g\",\"caption\":\"miro.sopko\"},\"url\":\"https:\/\/www.smedemokrati.sk\/en\/author\/miro-sopko\/\"}]}<\/script>\n<!-- \/ Yoast SEO plugin. -->","yoast_head_json":{"title":"300 mili\u00f3nov eur, ktor\u00e9 id\u00fa do priemyslu a n\u00e1rodn\u00fdch parkov m\u00f4\u017ee skon\u010di\u0165 inde, a to jedin\u00fdm rozhodnut\u00edm ministra","robots":{"index":"index","follow":"follow","max-snippet":"max-snippet:-1","max-image-preview":"max-image-preview:large","max-video-preview":"max-video-preview:-1"},"canonical":"https:\/\/www.smedemokrati.sk\/en\/300-milionov-eur-ktore-idu-do-priemyslu-a-narodnych-parkov-moze-skoncit-inde-a-to-jedinym-rozhodnutim-ministra\/","og_locale":"en_US","og_type":"article","og_title":"[:sk]300 mili\u00f3nov eur, ktor\u00e9 id\u00fa do priemyslu a n\u00e1rodn\u00fdch parkov m\u00f4\u017ee skon\u010di\u0165 inde, a to jedin\u00fdm rozhodnut\u00edm ministra[:] - Smedemokrati.sk","og_description":"Minister Taraba predl\u017eil do medzirezortn\u00e9ho pripomienkov\u00e9ho konania rozsiahlu novelu z\u00e1kona o obchodovan\u00ed s emisn\u00fdmi kv\u00f3tami. Navrhuje napr\u00edklad, aby s\u00e1m rozhodoval o celej sume v\u00fdnosu z kv\u00f3t, ktor\u00e1 teraz ide do Environment\u00e1lneho fondu, vyslovene pod\u013ea svojej \u013eubov\u00f4le. Ak bude novela prijat\u00e1, jedine Taraba bude rozhodova\u0165 o 300 mil. eur ro\u010dne. Environment\u00e1lny expert a \u010dlen predsedn\u00edctva Demokratov [&hellip;]","og_url":"https:\/\/www.smedemokrati.sk\/en\/300-milionov-eur-ktore-idu-do-priemyslu-a-narodnych-parkov-moze-skoncit-inde-a-to-jedinym-rozhodnutim-ministra\/","og_site_name":"Smedemokrati.sk","article_publisher":"https:\/\/www.facebook.com\/smedemokrati2023","article_published_time":"2024-05-07T12:50:32+00:00","article_modified_time":"2024-05-07T12:50:33+00:00","og_image":[{"width":960,"height":540,"url":"https:\/\/www.smedemokrati.sk\/wp-content\/uploads\/2024\/05\/taraba-minister.jpg","type":"image\/jpeg"}],"author":"miro.sopko","twitter_card":"summary_large_image","twitter_misc":{"Written by":"miro.sopko","Est. reading time":"2 minutes"},"schema":{"@context":"https:\/\/schema.org","@graph":[{"@type":"Article","@id":"https:\/\/www.smedemokrati.sk\/300-milionov-eur-ktore-idu-do-priemyslu-a-narodnych-parkov-moze-skoncit-inde-a-to-jedinym-rozhodnutim-ministra\/#article","isPartOf":{"@id":"https:\/\/www.smedemokrati.sk\/300-milionov-eur-ktore-idu-do-priemyslu-a-narodnych-parkov-moze-skoncit-inde-a-to-jedinym-rozhodnutim-ministra\/"},"author":{"name":"miro.sopko","@id":"https:\/\/www.smedemokrati.sk\/#\/schema\/person\/21f147c88d605aa7ded900e1e7c344ba"},"headline":"300 mili\u00f3nov eur, ktor\u00e9 id\u00fa do priemyslu a n\u00e1rodn\u00fdch parkov m\u00f4\u017ee skon\u010di\u0165 inde, a to jedin\u00fdm rozhodnut\u00edm ministra","datePublished":"2024-05-07T12:50:32+00:00","dateModified":"2024-05-07T12:50:33+00:00","mainEntityOfPage":{"@id":"https:\/\/www.smedemokrati.sk\/300-milionov-eur-ktore-idu-do-priemyslu-a-narodnych-parkov-moze-skoncit-inde-a-to-jedinym-rozhodnutim-ministra\/"},"wordCount":453,"publisher":{"@id":"https:\/\/www.smedemokrati.sk\/#organization"},"image":{"@id":"https:\/\/www.smedemokrati.sk\/300-milionov-eur-ktore-idu-do-priemyslu-a-narodnych-parkov-moze-skoncit-inde-a-to-jedinym-rozhodnutim-ministra\/#primaryimage"},"thumbnailUrl":"https:\/\/www.smedemokrati.sk\/wp-content\/uploads\/2024\/05\/taraba-minister.jpg","articleSection":["Tla\u010dov\u00e9 spr\u00e1vy"],"inLanguage":"en-US"},{"@type":"WebPage","@id":"https:\/\/www.smedemokrati.sk\/300-milionov-eur-ktore-idu-do-priemyslu-a-narodnych-parkov-moze-skoncit-inde-a-to-jedinym-rozhodnutim-ministra\/","url":"https:\/\/www.smedemokrati.sk\/300-milionov-eur-ktore-idu-do-priemyslu-a-narodnych-parkov-moze-skoncit-inde-a-to-jedinym-rozhodnutim-ministra\/","name":"300 mili\u00f3nov eur, ktor\u00e9 id\u00fa do priemyslu a n\u00e1rodn\u00fdch parkov m\u00f4\u017ee skon\u010di\u0165 inde, a to jedin\u00fdm rozhodnut\u00edm ministra","isPartOf":{"@id":"https:\/\/www.smedemokrati.sk\/#website"},"primaryImageOfPage":{"@id":"https:\/\/www.smedemokrati.sk\/300-milionov-eur-ktore-idu-do-priemyslu-a-narodnych-parkov-moze-skoncit-inde-a-to-jedinym-rozhodnutim-ministra\/#primaryimage"},"image":{"@id":"https:\/\/www.smedemokrati.sk\/300-milionov-eur-ktore-idu-do-priemyslu-a-narodnych-parkov-moze-skoncit-inde-a-to-jedinym-rozhodnutim-ministra\/#primaryimage"},"thumbnailUrl":"https:\/\/www.smedemokrati.sk\/wp-content\/uploads\/2024\/05\/taraba-minister.jpg","datePublished":"2024-05-07T12:50:32+00:00","dateModified":"2024-05-07T12:50:33+00:00","breadcrumb":{"@id":"https:\/\/www.smedemokrati.sk\/300-milionov-eur-ktore-idu-do-priemyslu-a-narodnych-parkov-moze-skoncit-inde-a-to-jedinym-rozhodnutim-ministra\/#breadcrumb"},"inLanguage":"en-US","potentialAction":[{"@type":"ReadAction","target":["https:\/\/www.smedemokrati.sk\/300-milionov-eur-ktore-idu-do-priemyslu-a-narodnych-parkov-moze-skoncit-inde-a-to-jedinym-rozhodnutim-ministra\/"]}]},{"@type":"ImageObject","inLanguage":"en-US","@id":"https:\/\/www.smedemokrati.sk\/300-milionov-eur-ktore-idu-do-priemyslu-a-narodnych-parkov-moze-skoncit-inde-a-to-jedinym-rozhodnutim-ministra\/#primaryimage","url":"https:\/\/www.smedemokrati.sk\/wp-content\/uploads\/2024\/05\/taraba-minister.jpg","contentUrl":"https:\/\/www.smedemokrati.sk\/wp-content\/uploads\/2024\/05\/taraba-minister.jpg","width":960,"height":540},{"@type":"BreadcrumbList","@id":"https:\/\/www.smedemokrati.sk\/300-milionov-eur-ktore-idu-do-priemyslu-a-narodnych-parkov-moze-skoncit-inde-a-to-jedinym-rozhodnutim-ministra\/#breadcrumb","itemListElement":[{"@type":"ListItem","position":1,"name":"Domovsk\u00e1 str\u00e1nka","item":"https:\/\/www.smedemokrati.sk\/"},{"@type":"ListItem","position":2,"name":"300 mili\u00f3nov eur, ktor\u00e9 id\u00fa do priemyslu a n\u00e1rodn\u00fdch parkov m\u00f4\u017ee skon\u010di\u0165 inde, a to jedin\u00fdm rozhodnut\u00edm ministra"}]},{"@type":"WebSite","@id":"https:\/\/www.smedemokrati.sk\/#website","url":"https:\/\/www.smedemokrati.sk\/","name":"Smedemokrati.sk","description":"Demokracia a slu\u0161nos\u0165 zv\u00ed\u0165az\u00ed","publisher":{"@id":"https:\/\/www.smedemokrati.sk\/#organization"},"potentialAction":[{"@type":"SearchAction","target":{"@type":"EntryPoint","urlTemplate":"https:\/\/www.smedemokrati.sk\/?s={search_term_string}"},"query-input":{"@type":"PropertyValueSpecification","valueRequired":true,"valueName":"search_term_string"}}],"inLanguage":"en-US"},{"@type":"Organization","@id":"https:\/\/www.smedemokrati.sk\/#organization","name":"Smedemokrati.sk","url":"https:\/\/www.smedemokrati.sk\/","logo":{"@type":"ImageObject","inLanguage":"en-US","@id":"https:\/\/www.smedemokrati.sk\/#\/schema\/logo\/image\/","url":"https:\/\/www.smedemokrati.sk\/wp-content\/uploads\/2023\/04\/ff.002.jpeg","contentUrl":"https:\/\/www.smedemokrati.sk\/wp-content\/uploads\/2023\/04\/ff.002.jpeg","width":640,"height":480,"caption":"Smedemokrati.sk"},"image":{"@id":"https:\/\/www.smedemokrati.sk\/#\/schema\/logo\/image\/"},"sameAs":["https:\/\/www.facebook.com\/smedemokrati2023"]},{"@type":"Person","@id":"https:\/\/www.smedemokrati.sk\/#\/schema\/person\/21f147c88d605aa7ded900e1e7c344ba","name":"miro.sopko","image":{"@type":"ImageObject","inLanguage":"en-US","@id":"https:\/\/secure.gravatar.com\/avatar\/267e4a36f704376c109afe3a78740c1f5dd8675a2180a908699e7863c9247606?s=96&d=mm&r=g","url":"https:\/\/secure.gravatar.com\/avatar\/267e4a36f704376c109afe3a78740c1f5dd8675a2180a908699e7863c9247606?s=96&d=mm&r=g","contentUrl":"https:\/\/secure.gravatar.com\/avatar\/267e4a36f704376c109afe3a78740c1f5dd8675a2180a908699e7863c9247606?s=96&d=mm&r=g","caption":"miro.sopko"},"url":"https:\/\/www.smedemokrati.sk\/en\/author\/miro-sopko\/"}]}},"_links":{"self":[{"href":"https:\/\/www.smedemokrati.sk\/en\/wp-json\/wp\/v2\/posts\/4072","targetHints":{"allow":["GET"]}}],"collection":[{"href":"https:\/\/www.smedemokrati.sk\/en\/wp-json\/wp\/v2\/posts"}],"about":[{"href":"https:\/\/www.smedemokrati.sk\/en\/wp-json\/wp\/v2\/types\/post"}],"author":[{"embeddable":true,"href":"https:\/\/www.smedemokrati.sk\/en\/wp-json\/wp\/v2\/users\/13"}],"replies":[{"embeddable":true,"href":"https:\/\/www.smedemokrati.sk\/en\/wp-json\/wp\/v2\/comments?post=4072"}],"version-history":[{"count":1,"href":"https:\/\/www.smedemokrati.sk\/en\/wp-json\/wp\/v2\/posts\/4072\/revisions"}],"predecessor-version":[{"id":4074,"href":"https:\/\/www.smedemokrati.sk\/en\/wp-json\/wp\/v2\/posts\/4072\/revisions\/4074"}],"wp:featuredmedia":[{"embeddable":true,"href":"https:\/\/www.smedemokrati.sk\/en\/wp-json\/wp\/v2\/media\/4073"}],"wp:attachment":[{"href":"https:\/\/www.smedemokrati.sk\/en\/wp-json\/wp\/v2\/media?parent=4072"}],"wp:term":[{"taxonomy":"category","embeddable":true,"href":"https:\/\/www.smedemokrati.sk\/en\/wp-json\/wp\/v2\/categories?post=4072"},{"taxonomy":"post_tag","embeddable":true,"href":"https:\/\/www.smedemokrati.sk\/en\/wp-json\/wp\/v2\/tags?post=4072"}],"curies":[{"name":"wp","href":"https:\/\/api.w.org\/{rel}","templated":true}]}}