{"id":3406,"date":"2024-04-04T08:45:51","date_gmt":"2024-04-04T07:45:51","guid":{"rendered":"https:\/\/www.smedemokrati.sk\/?p=3406"},"modified":"2024-04-15T12:47:52","modified_gmt":"2024-04-15T11:47:52","slug":"ficov-utok-na-mimovladne-organizacie-sa-posuva-od-slov-ku-skutkom-jeho-nohsledi-zacali-s-ich-postupnou-likvidaciou","status":"publish","type":"post","link":"https:\/\/www.smedemokrati.sk\/en\/ficov-utok-na-mimovladne-organizacie-sa-posuva-od-slov-ku-skutkom-jeho-nohsledi-zacali-s-ich-postupnou-likvidaciou\/","title":{"rendered":"Ficov \u00fatok na mimovl\u00e1dne organiz\u00e1cie sa pos\u00fava od slov ku skutkom, jeho nohsledi za\u010dali s ich postupnou likvid\u00e1ciou"},"content":{"rendered":"<div id=\"fb-root\"><\/div>\n\n<p><strong>Koali\u010dn\u00ed poslanci pod taktovkou Roberta Fica predlo\u017eili do N\u00e1rodnej rady SR z\u00e1kon po vzore Putina a Orb\u00e1na, ktor\u00e9ho \u00fa\u010delom je u\u0161kodi\u0165 a napokon aj zlikvidova\u0165 mimovl\u00e1dne organiz\u00e1cie. Ak \u0161kandal\u00f3zny n\u00e1vrh parlament schv\u00e1li, v\u0161etky organiz\u00e1cie, ktor\u00e9 si dok\u00e1\u017eu pom\u00f4c\u0165 aj finan\u010dn\u00fdmi prostriedkami od zahrani\u010dn\u00fdch donorov, bud\u00fa ozna\u010den\u00e9 ako \u201eorganiz\u00e1cie so zahrani\u010dnou podporou.\u201d Pod\u013ea Demokratov to znamen\u00e1, \u017ee s falo\u0161n\u00fdm od\u00f4vodnen\u00edm, \u017ee ide o \u201ezahrani\u010dn\u00fdch agentov<strong>\u201d<\/strong>, bud\u00fa tak\u00e9to mimovl\u00e1dne organiz\u00e1cie vystaven\u00e9 riziku vyn\u00faten\u00e9ho z\u00e1niku.<\/strong><\/p>\n\n\n\n<p>Pod\u013ea strany sa paradoxne, z\u00e1kon nedotkne skuto\u010dn\u00fdch agentov cudz\u00edch mocnost\u00ed, ktor\u00ed predstavuj\u00fa bezpe\u010dnostn\u00e9 riziko. Strana Demokrati o \u0161kodlivosti z\u00e1kona preto informuje Eur\u00f3psku komisiu.\u00a0<em><em><em>\u201e<\/em><\/em>Z\u00e1kon sa bude t\u00fdka\u0165 v\u0161etk\u00fdch nad\u00e1ci\u00ed, ob\u010dianskych zdru\u017een\u00ed, neziskov\u00fdch organiz\u00e1ci\u00ed. P\u00f4jde aj o cirkevn\u00fa charitu, environment\u00e1lne organiz\u00e1cie, soci\u00e1lne zdru\u017eenia, z\u00e1chrancov pamiatok \u010di \u0161portov\u00e9 kluby. Sta\u010d\u00ed ak z\u00edskaj\u00fa ak\u00e9ko\u013evek finan\u010dn\u00e9 plnenie od zahrani\u010dn\u00e9ho subjektu nad 5 000 eur ro\u010dne,\u201d\u00a0<\/em>vysvet\u013euje Monika Podhor\u00e1ny Masarikov\u00e1, bezpe\u010dnostn\u00e1 expertka strany Demokrati.\u00a0<\/p>\n\n\n\n<p>Pod\u013ea Demokratov po pol\u00edcii a prokurat\u00fare, verejnopr\u00e1vnych a s\u00fakromn\u00fdch m\u00e9di\u00e1ch zostali poslednou prek\u00e1\u017ekou, br\u00e1niacou k tot\u00e1lnemu ovl\u00e1dnutiu \u0161t\u00e1tu, pr\u00e1ve mimovl\u00e1dne organiz\u00e1cie. Tie u\u017e dlhodobo \u010delia \u00fatokom zo strany vl\u00e1dnych predstavite\u013eov a poslancov koal\u00edcie.\u00a0<em><em><em>\u201e<\/em><\/em>Mimovl\u00e1dne organiz\u00e1cie s ak\u00fdmko\u013evek pr\u00edjmom nad 50 000 eur ro\u010dne bud\u00fa musie\u0165 \u0161t\u00e1tu predklada\u0165 v\u00fdro\u010dn\u00fa spr\u00e1vu. A v nej zoznam v\u0161etk\u00fdch darcov, prispievate\u013eov \u010di verite\u013eov. To v\u0161etko pod hrozbou jej rozpustenia. Vl\u00e1da bude ma\u0165 detailn\u00fd preh\u013ead o organiz\u00e1ci\u00e1ch, ktor\u00fdch \u010dinnos\u0165 im nemus\u00ed by\u0165 pohodln\u00e1. N\u00e1vrh z\u00e1kona ide ako poslaneck\u00fd n\u00e1vrh, \u010di\u017ee bez riadneho medzirezortn\u00e9ho konania. Hromadn\u00e9 pripomienky n\u00e1m tentokr\u00e1t nepom\u00f4\u017eu\u201d<\/em>, dop\u013a\u0148a Michal Ki\u010da, advok\u00e1t a \u010dlen predsedn\u00edctva strany Demokrati.<\/p>\n\n\n\n<p>Demokrati pripom\u00ednaj\u00fa, \u017ee S\u00fadny dvor Eur\u00f3pskej \u00fanie v pr\u00edpade podobn\u00e9ho z\u00e1kona v minulosti kon\u0161tatoval jeho rozpor s eur\u00f3pskou legislat\u00edvou a Ma\u010farsko vyzval na n\u00e1pravu. Eur\u00f3pska komisia v t\u00fdchto d\u0148och rovnako namieta aktualiz\u00e1ciu legislat\u00edvy v Ma\u010farsku, ktor\u00e1 ide e\u0161te \u010falej a zria\u010fuje \u00darad na ochranu suverenity. Ten bude m\u00f4c\u0165 vy\u0161etrova\u0165 ak\u00fako\u013evek organiz\u00e1ciu podozriv\u00fa z toho, \u017ee sl\u00fa\u017ei cudz\u00edm z\u00e1ujmom.\u00a0<em>\u00a0<em><em><em>\u201e<\/em><\/em><\/em>O nebezpe\u010denstve n\u00e1vrhu z\u00e1kona budeme informova\u0165 Eur\u00f3psku komisiu,\u201d<\/em>\u00a0upozor\u0148uje Ki\u010da.<\/p>\n\n\n\n<p>To, \u017ee z\u00e1kon nie je do detailov premyslen\u00fd, dosved\u010duje pr\u00edkladn\u00fd paradox, ktor\u00fd by u\u0161kodil napr\u00edklad Po\u013eovn\u00edckemu spolku O\u010dov\u00e1, kde je jeden z predkladate\u013eov z\u00e1kona &#8211; Rudolf Huliak, po\u013eovn\u00fdm hospod\u00e1rom.\u00a0<em><em><em>\u201e<\/em><\/em>Predstavme si, \u017ee tento spolok z\u00edska za rok od zahrani\u010dn\u00fdch poplatkov\u00fdch host\u00ed, napr\u00edklad z \u010ciech, viac ako 5 000 eur. Znamen\u00e1 to, \u017ee aj oni bud\u00fa tak zaraden\u00ed do klubu zahrani\u010dn\u00fdch agentov\u201d,<\/em>\u00a0dod\u00e1va Ki\u010da.<\/p>\n\n\n\n<p><em><em><em>\u201e<\/em><\/em>Tento z\u00e1kon op\u00e4\u0165 hrubo poru\u0161uje demokratick\u00e9 princ\u00edpy a je n\u00e1strojom na likvid\u00e1ciu nepohodln\u00e9ho mimovl\u00e1dneho sektora. Ka\u017ed\u00fd, kto za neho zahlasuje, sa podpisuje pod vznik autokracie na Slovensku,\u201d\u00a0<\/em>uzavrela Podhor\u00e1ny Masarikov\u00e1.<\/p>\n","protected":false},"excerpt":{"rendered":"<p>Koali\u010dn\u00ed poslanci pod taktovkou Roberta Fica predlo\u017eili do N\u00e1rodnej rady SR z\u00e1kon po vzore Putina a Orb\u00e1na, ktor\u00e9ho \u00fa\u010delom je u\u0161kodi\u0165 a napokon aj zlikvidova\u0165 mimovl\u00e1dne organiz\u00e1cie. Ak \u0161kandal\u00f3zny n\u00e1vrh parlament schv\u00e1li, v\u0161etky organiz\u00e1cie, ktor\u00e9 si dok\u00e1\u017eu pom\u00f4c\u0165 aj finan\u010dn\u00fdmi prostriedkami od zahrani\u010dn\u00fdch donorov, bud\u00fa ozna\u010den\u00e9 ako \u201eorganiz\u00e1cie so zahrani\u010dnou podporou.\u201d Pod\u013ea Demokratov to znamen\u00e1, [&hellip;]<\/p>\n","protected":false},"author":13,"featured_media":3408,"comment_status":"closed","ping_status":"closed","sticky":false,"template":"","format":"standard","meta":{"_acf_changed":false,"ngg_post_thumbnail":0,"footnotes":""},"categories":[4],"tags":[],"class_list":["post-3406","post","type-post","status-publish","format-standard","has-post-thumbnail","hentry","category-tlacove-spravy"],"acf":[],"yoast_head":"<!-- This site is optimized with the Yoast SEO plugin v27.2 - https:\/\/yoast.com\/product\/yoast-seo-wordpress\/ -->\n<title>Ficov \u00fatok na mimovl\u00e1dne organiz\u00e1cie sa pos\u00fava od slov ku skutkom, jeho nohsledi za\u010dali s ich postupnou likvid\u00e1ciou - Smedemokrati.sk<\/title>\n<meta name=\"robots\" content=\"index, follow, max-snippet:-1, max-image-preview:large, max-video-preview:-1\" \/>\n<link rel=\"canonical\" href=\"https:\/\/www.smedemokrati.sk\/en\/ficov-utok-na-mimovladne-organizacie-sa-posuva-od-slov-ku-skutkom-jeho-nohsledi-zacali-s-ich-postupnou-likvidaciou\/\" \/>\n<meta property=\"og:locale\" content=\"en_US\" \/>\n<meta property=\"og:locale:alternate\" content=\"cs_CZ\" \/>\n<meta property=\"og:locale:alternate\" content=\"hu_HU\" \/>\n<meta property=\"og:locale:alternate\" content=\"sk_SK\" \/>\n<meta property=\"og:locale:alternate\" content=\"sv_SE\" \/>\n<meta property=\"og:type\" content=\"article\" \/>\n<meta property=\"og:title\" content=\"Ficov \u00fatok na mimovl\u00e1dne organiz\u00e1cie sa pos\u00fava od slov ku skutkom, jeho nohsledi za\u010dali s ich postupnou likvid\u00e1ciou - Smedemokrati.sk\" \/>\n<meta property=\"og:description\" content=\"Koali\u010dn\u00ed poslanci pod taktovkou Roberta Fica predlo\u017eili do N\u00e1rodnej rady SR z\u00e1kon po vzore Putina a Orb\u00e1na, ktor\u00e9ho \u00fa\u010delom je u\u0161kodi\u0165 a napokon aj zlikvidova\u0165 mimovl\u00e1dne organiz\u00e1cie. Ak \u0161kandal\u00f3zny n\u00e1vrh parlament schv\u00e1li, v\u0161etky organiz\u00e1cie, ktor\u00e9 si dok\u00e1\u017eu pom\u00f4c\u0165 aj finan\u010dn\u00fdmi prostriedkami od zahrani\u010dn\u00fdch donorov, bud\u00fa ozna\u010den\u00e9 ako \u201eorganiz\u00e1cie so zahrani\u010dnou podporou.\u201d Pod\u013ea Demokratov to znamen\u00e1, [&hellip;]\" \/>\n<meta property=\"og:url\" content=\"https:\/\/www.smedemokrati.sk\/en\/ficov-utok-na-mimovladne-organizacie-sa-posuva-od-slov-ku-skutkom-jeho-nohsledi-zacali-s-ich-postupnou-likvidaciou\/\" \/>\n<meta property=\"og:site_name\" content=\"Smedemokrati.sk\" \/>\n<meta property=\"article:publisher\" content=\"https:\/\/www.facebook.com\/smedemokrati2023\" \/>\n<meta property=\"article:published_time\" content=\"2024-04-04T07:45:51+00:00\" \/>\n<meta property=\"article:modified_time\" content=\"2024-04-15T11:47:52+00:00\" \/>\n<meta property=\"og:image\" content=\"https:\/\/www.smedemokrati.sk\/wp-content\/uploads\/2024\/04\/10-72a5378-agent.jpg\" \/>\n\t<meta property=\"og:image:width\" content=\"800\" \/>\n\t<meta property=\"og:image:height\" content=\"500\" \/>\n\t<meta property=\"og:image:type\" content=\"image\/jpeg\" \/>\n<meta name=\"author\" content=\"miro.sopko\" \/>\n<meta name=\"twitter:card\" content=\"summary_large_image\" \/>\n<meta name=\"twitter:label1\" content=\"Written by\" \/>\n\t<meta name=\"twitter:data1\" content=\"miro.sopko\" \/>\n\t<meta name=\"twitter:label2\" content=\"Est. reading time\" \/>\n\t<meta name=\"twitter:data2\" content=\"3 minutes\" \/>\n<script type=\"application\/ld+json\" class=\"yoast-schema-graph\">{\"@context\":\"https:\/\/schema.org\",\"@graph\":[{\"@type\":\"Article\",\"@id\":\"https:\/\/www.smedemokrati.sk\/ficov-utok-na-mimovladne-organizacie-sa-posuva-od-slov-ku-skutkom-jeho-nohsledi-zacali-s-ich-postupnou-likvidaciou\/#article\",\"isPartOf\":{\"@id\":\"https:\/\/www.smedemokrati.sk\/ficov-utok-na-mimovladne-organizacie-sa-posuva-od-slov-ku-skutkom-jeho-nohsledi-zacali-s-ich-postupnou-likvidaciou\/\"},\"author\":{\"name\":\"miro.sopko\",\"@id\":\"https:\/\/www.smedemokrati.sk\/#\/schema\/person\/21f147c88d605aa7ded900e1e7c344ba\"},\"headline\":\"Ficov \u00fatok na mimovl\u00e1dne organiz\u00e1cie sa pos\u00fava od slov ku skutkom, jeho nohsledi za\u010dali s ich postupnou likvid\u00e1ciou\",\"datePublished\":\"2024-04-04T07:45:51+00:00\",\"dateModified\":\"2024-04-15T11:47:52+00:00\",\"mainEntityOfPage\":{\"@id\":\"https:\/\/www.smedemokrati.sk\/ficov-utok-na-mimovladne-organizacie-sa-posuva-od-slov-ku-skutkom-jeho-nohsledi-zacali-s-ich-postupnou-likvidaciou\/\"},\"wordCount\":605,\"publisher\":{\"@id\":\"https:\/\/www.smedemokrati.sk\/#organization\"},\"image\":{\"@id\":\"https:\/\/www.smedemokrati.sk\/ficov-utok-na-mimovladne-organizacie-sa-posuva-od-slov-ku-skutkom-jeho-nohsledi-zacali-s-ich-postupnou-likvidaciou\/#primaryimage\"},\"thumbnailUrl\":\"https:\/\/www.smedemokrati.sk\/wp-content\/uploads\/2024\/04\/10-72a5378-agent.jpg\",\"articleSection\":[\"Tla\u010dov\u00e9 spr\u00e1vy\"],\"inLanguage\":\"en-US\"},{\"@type\":\"WebPage\",\"@id\":\"https:\/\/www.smedemokrati.sk\/ficov-utok-na-mimovladne-organizacie-sa-posuva-od-slov-ku-skutkom-jeho-nohsledi-zacali-s-ich-postupnou-likvidaciou\/\",\"url\":\"https:\/\/www.smedemokrati.sk\/ficov-utok-na-mimovladne-organizacie-sa-posuva-od-slov-ku-skutkom-jeho-nohsledi-zacali-s-ich-postupnou-likvidaciou\/\",\"name\":\"Ficov \u00fatok na mimovl\u00e1dne organiz\u00e1cie sa pos\u00fava od slov ku skutkom, jeho nohsledi za\u010dali s ich postupnou likvid\u00e1ciou - Smedemokrati.sk\",\"isPartOf\":{\"@id\":\"https:\/\/www.smedemokrati.sk\/#website\"},\"primaryImageOfPage\":{\"@id\":\"https:\/\/www.smedemokrati.sk\/ficov-utok-na-mimovladne-organizacie-sa-posuva-od-slov-ku-skutkom-jeho-nohsledi-zacali-s-ich-postupnou-likvidaciou\/#primaryimage\"},\"image\":{\"@id\":\"https:\/\/www.smedemokrati.sk\/ficov-utok-na-mimovladne-organizacie-sa-posuva-od-slov-ku-skutkom-jeho-nohsledi-zacali-s-ich-postupnou-likvidaciou\/#primaryimage\"},\"thumbnailUrl\":\"https:\/\/www.smedemokrati.sk\/wp-content\/uploads\/2024\/04\/10-72a5378-agent.jpg\",\"datePublished\":\"2024-04-04T07:45:51+00:00\",\"dateModified\":\"2024-04-15T11:47:52+00:00\",\"breadcrumb\":{\"@id\":\"https:\/\/www.smedemokrati.sk\/ficov-utok-na-mimovladne-organizacie-sa-posuva-od-slov-ku-skutkom-jeho-nohsledi-zacali-s-ich-postupnou-likvidaciou\/#breadcrumb\"},\"inLanguage\":\"en-US\",\"potentialAction\":[{\"@type\":\"ReadAction\",\"target\":[\"https:\/\/www.smedemokrati.sk\/ficov-utok-na-mimovladne-organizacie-sa-posuva-od-slov-ku-skutkom-jeho-nohsledi-zacali-s-ich-postupnou-likvidaciou\/\"]}]},{\"@type\":\"ImageObject\",\"inLanguage\":\"en-US\",\"@id\":\"https:\/\/www.smedemokrati.sk\/ficov-utok-na-mimovladne-organizacie-sa-posuva-od-slov-ku-skutkom-jeho-nohsledi-zacali-s-ich-postupnou-likvidaciou\/#primaryimage\",\"url\":\"https:\/\/www.smedemokrati.sk\/wp-content\/uploads\/2024\/04\/10-72a5378-agent.jpg\",\"contentUrl\":\"https:\/\/www.smedemokrati.sk\/wp-content\/uploads\/2024\/04\/10-72a5378-agent.jpg\",\"width\":800,\"height\":500},{\"@type\":\"BreadcrumbList\",\"@id\":\"https:\/\/www.smedemokrati.sk\/ficov-utok-na-mimovladne-organizacie-sa-posuva-od-slov-ku-skutkom-jeho-nohsledi-zacali-s-ich-postupnou-likvidaciou\/#breadcrumb\",\"itemListElement\":[{\"@type\":\"ListItem\",\"position\":1,\"name\":\"Domovsk\u00e1 str\u00e1nka\",\"item\":\"https:\/\/www.smedemokrati.sk\/\"},{\"@type\":\"ListItem\",\"position\":2,\"name\":\"Ficov \u00fatok na mimovl\u00e1dne organiz\u00e1cie sa pos\u00fava od slov ku skutkom, jeho nohsledi za\u010dali s ich postupnou likvid\u00e1ciou\"}]},{\"@type\":\"WebSite\",\"@id\":\"https:\/\/www.smedemokrati.sk\/#website\",\"url\":\"https:\/\/www.smedemokrati.sk\/\",\"name\":\"Smedemokrati.sk\",\"description\":\"Demokracia a slu\u0161nos\u0165 zv\u00ed\u0165az\u00ed\",\"publisher\":{\"@id\":\"https:\/\/www.smedemokrati.sk\/#organization\"},\"potentialAction\":[{\"@type\":\"SearchAction\",\"target\":{\"@type\":\"EntryPoint\",\"urlTemplate\":\"https:\/\/www.smedemokrati.sk\/?s={search_term_string}\"},\"query-input\":{\"@type\":\"PropertyValueSpecification\",\"valueRequired\":true,\"valueName\":\"search_term_string\"}}],\"inLanguage\":\"en-US\"},{\"@type\":\"Organization\",\"@id\":\"https:\/\/www.smedemokrati.sk\/#organization\",\"name\":\"Smedemokrati.sk\",\"url\":\"https:\/\/www.smedemokrati.sk\/\",\"logo\":{\"@type\":\"ImageObject\",\"inLanguage\":\"en-US\",\"@id\":\"https:\/\/www.smedemokrati.sk\/#\/schema\/logo\/image\/\",\"url\":\"https:\/\/www.smedemokrati.sk\/wp-content\/uploads\/2023\/04\/ff.002.jpeg\",\"contentUrl\":\"https:\/\/www.smedemokrati.sk\/wp-content\/uploads\/2023\/04\/ff.002.jpeg\",\"width\":640,\"height\":480,\"caption\":\"Smedemokrati.sk\"},\"image\":{\"@id\":\"https:\/\/www.smedemokrati.sk\/#\/schema\/logo\/image\/\"},\"sameAs\":[\"https:\/\/www.facebook.com\/smedemokrati2023\"]},{\"@type\":\"Person\",\"@id\":\"https:\/\/www.smedemokrati.sk\/#\/schema\/person\/21f147c88d605aa7ded900e1e7c344ba\",\"name\":\"miro.sopko\",\"image\":{\"@type\":\"ImageObject\",\"inLanguage\":\"en-US\",\"@id\":\"https:\/\/secure.gravatar.com\/avatar\/267e4a36f704376c109afe3a78740c1f5dd8675a2180a908699e7863c9247606?s=96&d=mm&r=g\",\"url\":\"https:\/\/secure.gravatar.com\/avatar\/267e4a36f704376c109afe3a78740c1f5dd8675a2180a908699e7863c9247606?s=96&d=mm&r=g\",\"contentUrl\":\"https:\/\/secure.gravatar.com\/avatar\/267e4a36f704376c109afe3a78740c1f5dd8675a2180a908699e7863c9247606?s=96&d=mm&r=g\",\"caption\":\"miro.sopko\"},\"url\":\"https:\/\/www.smedemokrati.sk\/en\/author\/miro-sopko\/\"}]}<\/script>\n<!-- \/ Yoast SEO plugin. -->","yoast_head_json":{"title":"Ficov \u00fatok na mimovl\u00e1dne organiz\u00e1cie sa pos\u00fava od slov ku skutkom, jeho nohsledi za\u010dali s ich postupnou likvid\u00e1ciou - Smedemokrati.sk","robots":{"index":"index","follow":"follow","max-snippet":"max-snippet:-1","max-image-preview":"max-image-preview:large","max-video-preview":"max-video-preview:-1"},"canonical":"https:\/\/www.smedemokrati.sk\/en\/ficov-utok-na-mimovladne-organizacie-sa-posuva-od-slov-ku-skutkom-jeho-nohsledi-zacali-s-ich-postupnou-likvidaciou\/","og_locale":"en_US","og_type":"article","og_title":"Ficov \u00fatok na mimovl\u00e1dne organiz\u00e1cie sa pos\u00fava od slov ku skutkom, jeho nohsledi za\u010dali s ich postupnou likvid\u00e1ciou - Smedemokrati.sk","og_description":"Koali\u010dn\u00ed poslanci pod taktovkou Roberta Fica predlo\u017eili do N\u00e1rodnej rady SR z\u00e1kon po vzore Putina a Orb\u00e1na, ktor\u00e9ho \u00fa\u010delom je u\u0161kodi\u0165 a napokon aj zlikvidova\u0165 mimovl\u00e1dne organiz\u00e1cie. Ak \u0161kandal\u00f3zny n\u00e1vrh parlament schv\u00e1li, v\u0161etky organiz\u00e1cie, ktor\u00e9 si dok\u00e1\u017eu pom\u00f4c\u0165 aj finan\u010dn\u00fdmi prostriedkami od zahrani\u010dn\u00fdch donorov, bud\u00fa ozna\u010den\u00e9 ako \u201eorganiz\u00e1cie so zahrani\u010dnou podporou.\u201d Pod\u013ea Demokratov to znamen\u00e1, [&hellip;]","og_url":"https:\/\/www.smedemokrati.sk\/en\/ficov-utok-na-mimovladne-organizacie-sa-posuva-od-slov-ku-skutkom-jeho-nohsledi-zacali-s-ich-postupnou-likvidaciou\/","og_site_name":"Smedemokrati.sk","article_publisher":"https:\/\/www.facebook.com\/smedemokrati2023","article_published_time":"2024-04-04T07:45:51+00:00","article_modified_time":"2024-04-15T11:47:52+00:00","og_image":[{"width":800,"height":500,"url":"https:\/\/www.smedemokrati.sk\/wp-content\/uploads\/2024\/04\/10-72a5378-agent.jpg","type":"image\/jpeg"}],"author":"miro.sopko","twitter_card":"summary_large_image","twitter_misc":{"Written by":"miro.sopko","Est. reading time":"3 minutes"},"schema":{"@context":"https:\/\/schema.org","@graph":[{"@type":"Article","@id":"https:\/\/www.smedemokrati.sk\/ficov-utok-na-mimovladne-organizacie-sa-posuva-od-slov-ku-skutkom-jeho-nohsledi-zacali-s-ich-postupnou-likvidaciou\/#article","isPartOf":{"@id":"https:\/\/www.smedemokrati.sk\/ficov-utok-na-mimovladne-organizacie-sa-posuva-od-slov-ku-skutkom-jeho-nohsledi-zacali-s-ich-postupnou-likvidaciou\/"},"author":{"name":"miro.sopko","@id":"https:\/\/www.smedemokrati.sk\/#\/schema\/person\/21f147c88d605aa7ded900e1e7c344ba"},"headline":"Ficov \u00fatok na mimovl\u00e1dne organiz\u00e1cie sa pos\u00fava od slov ku skutkom, jeho nohsledi za\u010dali s ich postupnou likvid\u00e1ciou","datePublished":"2024-04-04T07:45:51+00:00","dateModified":"2024-04-15T11:47:52+00:00","mainEntityOfPage":{"@id":"https:\/\/www.smedemokrati.sk\/ficov-utok-na-mimovladne-organizacie-sa-posuva-od-slov-ku-skutkom-jeho-nohsledi-zacali-s-ich-postupnou-likvidaciou\/"},"wordCount":605,"publisher":{"@id":"https:\/\/www.smedemokrati.sk\/#organization"},"image":{"@id":"https:\/\/www.smedemokrati.sk\/ficov-utok-na-mimovladne-organizacie-sa-posuva-od-slov-ku-skutkom-jeho-nohsledi-zacali-s-ich-postupnou-likvidaciou\/#primaryimage"},"thumbnailUrl":"https:\/\/www.smedemokrati.sk\/wp-content\/uploads\/2024\/04\/10-72a5378-agent.jpg","articleSection":["Tla\u010dov\u00e9 spr\u00e1vy"],"inLanguage":"en-US"},{"@type":"WebPage","@id":"https:\/\/www.smedemokrati.sk\/ficov-utok-na-mimovladne-organizacie-sa-posuva-od-slov-ku-skutkom-jeho-nohsledi-zacali-s-ich-postupnou-likvidaciou\/","url":"https:\/\/www.smedemokrati.sk\/ficov-utok-na-mimovladne-organizacie-sa-posuva-od-slov-ku-skutkom-jeho-nohsledi-zacali-s-ich-postupnou-likvidaciou\/","name":"Ficov \u00fatok na mimovl\u00e1dne organiz\u00e1cie sa pos\u00fava od slov ku skutkom, jeho nohsledi za\u010dali s ich postupnou likvid\u00e1ciou - Smedemokrati.sk","isPartOf":{"@id":"https:\/\/www.smedemokrati.sk\/#website"},"primaryImageOfPage":{"@id":"https:\/\/www.smedemokrati.sk\/ficov-utok-na-mimovladne-organizacie-sa-posuva-od-slov-ku-skutkom-jeho-nohsledi-zacali-s-ich-postupnou-likvidaciou\/#primaryimage"},"image":{"@id":"https:\/\/www.smedemokrati.sk\/ficov-utok-na-mimovladne-organizacie-sa-posuva-od-slov-ku-skutkom-jeho-nohsledi-zacali-s-ich-postupnou-likvidaciou\/#primaryimage"},"thumbnailUrl":"https:\/\/www.smedemokrati.sk\/wp-content\/uploads\/2024\/04\/10-72a5378-agent.jpg","datePublished":"2024-04-04T07:45:51+00:00","dateModified":"2024-04-15T11:47:52+00:00","breadcrumb":{"@id":"https:\/\/www.smedemokrati.sk\/ficov-utok-na-mimovladne-organizacie-sa-posuva-od-slov-ku-skutkom-jeho-nohsledi-zacali-s-ich-postupnou-likvidaciou\/#breadcrumb"},"inLanguage":"en-US","potentialAction":[{"@type":"ReadAction","target":["https:\/\/www.smedemokrati.sk\/ficov-utok-na-mimovladne-organizacie-sa-posuva-od-slov-ku-skutkom-jeho-nohsledi-zacali-s-ich-postupnou-likvidaciou\/"]}]},{"@type":"ImageObject","inLanguage":"en-US","@id":"https:\/\/www.smedemokrati.sk\/ficov-utok-na-mimovladne-organizacie-sa-posuva-od-slov-ku-skutkom-jeho-nohsledi-zacali-s-ich-postupnou-likvidaciou\/#primaryimage","url":"https:\/\/www.smedemokrati.sk\/wp-content\/uploads\/2024\/04\/10-72a5378-agent.jpg","contentUrl":"https:\/\/www.smedemokrati.sk\/wp-content\/uploads\/2024\/04\/10-72a5378-agent.jpg","width":800,"height":500},{"@type":"BreadcrumbList","@id":"https:\/\/www.smedemokrati.sk\/ficov-utok-na-mimovladne-organizacie-sa-posuva-od-slov-ku-skutkom-jeho-nohsledi-zacali-s-ich-postupnou-likvidaciou\/#breadcrumb","itemListElement":[{"@type":"ListItem","position":1,"name":"Domovsk\u00e1 str\u00e1nka","item":"https:\/\/www.smedemokrati.sk\/"},{"@type":"ListItem","position":2,"name":"Ficov \u00fatok na mimovl\u00e1dne organiz\u00e1cie sa pos\u00fava od slov ku skutkom, jeho nohsledi za\u010dali s ich postupnou likvid\u00e1ciou"}]},{"@type":"WebSite","@id":"https:\/\/www.smedemokrati.sk\/#website","url":"https:\/\/www.smedemokrati.sk\/","name":"Smedemokrati.sk","description":"Demokracia a slu\u0161nos\u0165 zv\u00ed\u0165az\u00ed","publisher":{"@id":"https:\/\/www.smedemokrati.sk\/#organization"},"potentialAction":[{"@type":"SearchAction","target":{"@type":"EntryPoint","urlTemplate":"https:\/\/www.smedemokrati.sk\/?s={search_term_string}"},"query-input":{"@type":"PropertyValueSpecification","valueRequired":true,"valueName":"search_term_string"}}],"inLanguage":"en-US"},{"@type":"Organization","@id":"https:\/\/www.smedemokrati.sk\/#organization","name":"Smedemokrati.sk","url":"https:\/\/www.smedemokrati.sk\/","logo":{"@type":"ImageObject","inLanguage":"en-US","@id":"https:\/\/www.smedemokrati.sk\/#\/schema\/logo\/image\/","url":"https:\/\/www.smedemokrati.sk\/wp-content\/uploads\/2023\/04\/ff.002.jpeg","contentUrl":"https:\/\/www.smedemokrati.sk\/wp-content\/uploads\/2023\/04\/ff.002.jpeg","width":640,"height":480,"caption":"Smedemokrati.sk"},"image":{"@id":"https:\/\/www.smedemokrati.sk\/#\/schema\/logo\/image\/"},"sameAs":["https:\/\/www.facebook.com\/smedemokrati2023"]},{"@type":"Person","@id":"https:\/\/www.smedemokrati.sk\/#\/schema\/person\/21f147c88d605aa7ded900e1e7c344ba","name":"miro.sopko","image":{"@type":"ImageObject","inLanguage":"en-US","@id":"https:\/\/secure.gravatar.com\/avatar\/267e4a36f704376c109afe3a78740c1f5dd8675a2180a908699e7863c9247606?s=96&d=mm&r=g","url":"https:\/\/secure.gravatar.com\/avatar\/267e4a36f704376c109afe3a78740c1f5dd8675a2180a908699e7863c9247606?s=96&d=mm&r=g","contentUrl":"https:\/\/secure.gravatar.com\/avatar\/267e4a36f704376c109afe3a78740c1f5dd8675a2180a908699e7863c9247606?s=96&d=mm&r=g","caption":"miro.sopko"},"url":"https:\/\/www.smedemokrati.sk\/en\/author\/miro-sopko\/"}]}},"_links":{"self":[{"href":"https:\/\/www.smedemokrati.sk\/en\/wp-json\/wp\/v2\/posts\/3406","targetHints":{"allow":["GET"]}}],"collection":[{"href":"https:\/\/www.smedemokrati.sk\/en\/wp-json\/wp\/v2\/posts"}],"about":[{"href":"https:\/\/www.smedemokrati.sk\/en\/wp-json\/wp\/v2\/types\/post"}],"author":[{"embeddable":true,"href":"https:\/\/www.smedemokrati.sk\/en\/wp-json\/wp\/v2\/users\/13"}],"replies":[{"embeddable":true,"href":"https:\/\/www.smedemokrati.sk\/en\/wp-json\/wp\/v2\/comments?post=3406"}],"version-history":[{"count":1,"href":"https:\/\/www.smedemokrati.sk\/en\/wp-json\/wp\/v2\/posts\/3406\/revisions"}],"predecessor-version":[{"id":3409,"href":"https:\/\/www.smedemokrati.sk\/en\/wp-json\/wp\/v2\/posts\/3406\/revisions\/3409"}],"wp:featuredmedia":[{"embeddable":true,"href":"https:\/\/www.smedemokrati.sk\/en\/wp-json\/wp\/v2\/media\/3408"}],"wp:attachment":[{"href":"https:\/\/www.smedemokrati.sk\/en\/wp-json\/wp\/v2\/media?parent=3406"}],"wp:term":[{"taxonomy":"category","embeddable":true,"href":"https:\/\/www.smedemokrati.sk\/en\/wp-json\/wp\/v2\/categories?post=3406"},{"taxonomy":"post_tag","embeddable":true,"href":"https:\/\/www.smedemokrati.sk\/en\/wp-json\/wp\/v2\/tags?post=3406"}],"curies":[{"name":"wp","href":"https:\/\/api.w.org\/{rel}","templated":true}]}}