{"id":3377,"date":"2024-04-03T11:45:00","date_gmt":"2024-04-03T10:45:00","guid":{"rendered":"https:\/\/www.smedemokrati.sk\/?p=3377"},"modified":"2024-04-12T11:04:22","modified_gmt":"2024-04-12T10:04:22","slug":"farmari-necinnostou-vlady-financne-krvacaju-podavame-podnet-na-nku","status":"publish","type":"post","link":"https:\/\/www.smedemokrati.sk\/en\/farmari-necinnostou-vlady-financne-krvacaju-podavame-podnet-na-nku\/","title":{"rendered":"Farm\u00e1ri ne\u010dinnos\u0165ou vl\u00e1dy finan\u010dne krv\u00e1caj\u00fa, pod\u00e1vame podnet na NK\u00da"},"content":{"rendered":"<div id=\"fb-root\"><\/div>\n\n<p><strong>Strana Demokrati opakovane vyz\u00fdva vl\u00e1du SR, aby za\u010dala ine\u010f kona\u0165 vo veci vypl\u00e1cania dot\u00e1ci\u00ed farm\u00e1rom, inak hroz\u00ed ich finan\u010dn\u00e9 vykrv\u00e1canie. Strana \u017eiada okam\u017eit\u00e9 predstavenie rie\u0161n\u00ed tejto hrozivej situ\u00e1cie, ktor\u00fa minister Tak\u00e1\u010d dlhodobo ignoruje, aj preto pod\u00e1vaj\u00fa podnet na NK\u00da, aby bolo jasne deklarovan\u00e9, kto m\u00e1 na svedom\u00ed, \u017ee preva\u017ene mal\u00ed farm\u00e1ri s\u00fa dnes na kolen\u00e1ch.&nbsp;<\/strong><\/p>\n\n\n\n<p><em><em>\u201e<\/em>Za minul\u00e9 roky, vl\u00e1dy Eduarda Hegera s vypl\u00e1can\u00edm dot\u00e1ci\u00ed neboli \u017eiadne probl\u00e9my. Zmenila sa vl\u00e1da, pri\u0161iel Fico a neschopn\u00fd Tak\u00e1\u010d a farm\u00e1ri s\u00fa doslova na kolen\u00e1ch. Peniaze na \u00fa\u010dte P\u00f4dohospod\u00e1rska platobn\u00e1 agent\u00fara m\u00e1, no namiesto toho, aby okam\u017eite vypl\u00e1cali to, na \u010do maj\u00fa farm\u00e1ri n\u00e1rok, \u00fa\u010delovo zdr\u017eiavaj\u00fa a posielaj\u00fa na nich kontroly,\u201d<\/em>\u00a0hovor\u00ed Juraj \u0160eliga podpredseda Demokratov, ktor\u00fd tie\u017e varuje, \u017ee ak vl\u00e1da okam\u017eite nezasiahne, farm\u00e1ri finan\u010dne vykrv\u00e1caj\u00fa. Z\u00e1rove\u0148 dod\u00e1va, \u017ee situ\u00e1cia sa dot\u00fdka aj be\u017en\u00fdch \u013eud\u00ed, preto\u017ee nevyplatenie dot\u00e1ci\u00ed navy\u0161uje v\u00fddavky farm\u00e1rov, ktor\u00ed to n\u00e1sledne premietaj\u00fa to zv\u00fd\u0161en\u00fdch cien jednotliv\u00fdch potrav\u00edn.\u00a0<\/p>\n\n\n\n<p>\u010clena predsedn\u00edctva strany a b\u00fdval\u00fd \u0161t\u00e1tny\u00a0tajomn\u00edk rezortu \u017eivotn\u00e9ho prostredia hovor\u00ed, \u017ee zo 600 mili\u00f3nov\u00e9ho bal\u00edka bolo vyplaten\u00fdch len okolo 200 mili\u00f3nov eur.\u00a0<em><em>\u201e<\/em>Dnes sa na vl\u00e1de schva\u013euj\u00fa kadejak\u00e9 obludnosti v skr\u00e1tenom legislat\u00edvnom konan\u00ed, no rie\u0161enie pomoci slovensk\u00e9mu vidieku je v nedoh\u013eadne.\u00a0Tak\u00e1\u010d mal u\u017e d\u00e1vno predlo\u017ei\u0165 okam\u017eit\u00e9 legislat\u00edvne zmeny, ktor\u00e9 by oddelili vypl\u00e1canie priamych platieb.\u00a0Tak\u00e1\u010d navy\u0161e odmieta poslaneck\u00fd prieskum a parlamentn\u00fd v\u00fdbor. Pod\u00e1vame preto podnet na Najvy\u0161\u0161\u00ed kontroln\u00fd \u00farad, aby sa toto fat\u00e1lne zlyhanie ministra p\u00f4dohospod\u00e1rstva d\u00f4sledne preverilo,\u201d<\/em>\u00a0hovor\u00ed Ki\u010da a upozor\u0148uje tie\u017e na person\u00e1lny rozklad PPA, z ktor\u00e9ho odch\u00e1dzaj\u00fa odborn\u00edci a \u00faradn\u00edci.\u00a0Ukazuje sa, \u017ee Tak\u00e1\u010d ministerstvo neriadi. Skuto\u010dn\u00fa moc maj\u00fa pod\u013ea Ki\u010du \u013eudia napojen\u00ed na nitriansku kliku:\u00a0<em><em>\u201e<\/em>Tak\u00e1\u010d sa len fot\u00ed a to\u010d\u00ed si vide\u00e1 s receptami a tak aj dopadne. Bude prv\u00fdm ministrom, ktor\u00fd vl\u00e1du opust\u00ed<\/em>.&#8221;<\/p>\n\n\n\n<p>Expremi\u00e9r Eduard Heger vid\u00ed za situ\u00e1ciou jasn\u00fd pl\u00e1n na to, aby mal\u00fdch farm\u00e1rov postupne\u00a0dostala vl\u00e1da do platovej neschopnosti a nakoniec ich <em>\u201e<\/em>zhltli\u201d ve\u013ek\u00fd hr\u00e1\u010di:\u00a0<em>\u201eInak, ako skrytou privatiz\u00e1ciou sa to nazva\u0165 ned\u00e1. Vyz\u00fdvam predsedu vl\u00e1dy Roberta Fica, za\u010dnite riadi\u0165 tento \u0161t\u00e1t, zaria\u010fte, aby minister Tak\u00e1\u010d konal, dajte mu pr\u00edkaz na okam\u017eit\u00e9 rie\u0161enie,\u201d<\/em>\u00a0uzavrel t\u00e9mu podpredseda strany Eduard Heger.\u00a0<\/p>\n\n\n\n<iframe src=\"https:\/\/www.facebook.com\/plugins\/video.php?href=https%3A%2F%2Fwww.facebook.com%2Fsmedemokrati2023%2Fvideos%2F944269060681834%2F&#038;width=600&#038;show_text=false&#038;appId=361313990972954&#038;height=338\" width=\"600\" height=\"338\" style=\"border:none;overflow:hidden\" scrolling=\"no\" frameborder=\"0\" allowfullscreen=\"true\" allow=\"autoplay; clipboard-write; encrypted-media; picture-in-picture; web-share\" allowFullScreen=\"true\"><\/iframe>\n","protected":false},"excerpt":{"rendered":"<p>Strana Demokrati opakovane vyz\u00fdva vl\u00e1du SR, aby za\u010dala ine\u010f kona\u0165 vo veci vypl\u00e1cania dot\u00e1ci\u00ed farm\u00e1rom, inak hroz\u00ed ich finan\u010dn\u00e9 vykrv\u00e1canie. Strana \u017eiada okam\u017eit\u00e9 predstavenie rie\u0161n\u00ed tejto hrozivej situ\u00e1cie, ktor\u00fa minister Tak\u00e1\u010d dlhodobo ignoruje, aj preto pod\u00e1vaj\u00fa podnet na NK\u00da, aby bolo jasne deklarovan\u00e9, kto m\u00e1 na svedom\u00ed, \u017ee preva\u017ene mal\u00ed farm\u00e1ri s\u00fa dnes na kolen\u00e1ch.&nbsp; [&hellip;]<\/p>\n","protected":false},"author":13,"featured_media":3378,"comment_status":"closed","ping_status":"closed","sticky":false,"template":"","format":"standard","meta":{"_acf_changed":false,"ngg_post_thumbnail":0,"footnotes":""},"categories":[4],"tags":[],"class_list":["post-3377","post","type-post","status-publish","format-standard","has-post-thumbnail","hentry","category-tlacove-spravy"],"acf":[],"yoast_head":"<!-- This site is optimized with the Yoast SEO plugin v27.2 - https:\/\/yoast.com\/product\/yoast-seo-wordpress\/ -->\n<title>Farm\u00e1ri ne\u010dinnos\u0165ou vl\u00e1dy finan\u010dne krv\u00e1caj\u00fa, pod\u00e1vame podnet na NK\u00da - Smedemokrati.sk<\/title>\n<meta name=\"robots\" content=\"index, follow, max-snippet:-1, max-image-preview:large, max-video-preview:-1\" \/>\n<link rel=\"canonical\" href=\"https:\/\/www.smedemokrati.sk\/en\/farmari-necinnostou-vlady-financne-krvacaju-podavame-podnet-na-nku\/\" \/>\n<meta property=\"og:locale\" content=\"en_US\" \/>\n<meta property=\"og:locale:alternate\" content=\"cs_CZ\" \/>\n<meta property=\"og:locale:alternate\" content=\"hu_HU\" \/>\n<meta property=\"og:locale:alternate\" content=\"sk_SK\" \/>\n<meta property=\"og:locale:alternate\" content=\"sv_SE\" \/>\n<meta property=\"og:type\" content=\"article\" \/>\n<meta property=\"og:title\" content=\"Farm\u00e1ri ne\u010dinnos\u0165ou vl\u00e1dy finan\u010dne krv\u00e1caj\u00fa, pod\u00e1vame podnet na NK\u00da - Smedemokrati.sk\" \/>\n<meta property=\"og:description\" content=\"Strana Demokrati opakovane vyz\u00fdva vl\u00e1du SR, aby za\u010dala ine\u010f kona\u0165 vo veci vypl\u00e1cania dot\u00e1ci\u00ed farm\u00e1rom, inak hroz\u00ed ich finan\u010dn\u00e9 vykrv\u00e1canie. Strana \u017eiada okam\u017eit\u00e9 predstavenie rie\u0161n\u00ed tejto hrozivej situ\u00e1cie, ktor\u00fa minister Tak\u00e1\u010d dlhodobo ignoruje, aj preto pod\u00e1vaj\u00fa podnet na NK\u00da, aby bolo jasne deklarovan\u00e9, kto m\u00e1 na svedom\u00ed, \u017ee preva\u017ene mal\u00ed farm\u00e1ri s\u00fa dnes na kolen\u00e1ch.&nbsp; [&hellip;]\" \/>\n<meta property=\"og:url\" content=\"https:\/\/www.smedemokrati.sk\/en\/farmari-necinnostou-vlady-financne-krvacaju-podavame-podnet-na-nku\/\" \/>\n<meta property=\"og:site_name\" content=\"Smedemokrati.sk\" \/>\n<meta property=\"article:publisher\" content=\"https:\/\/www.facebook.com\/smedemokrati2023\" \/>\n<meta property=\"article:published_time\" content=\"2024-04-03T10:45:00+00:00\" \/>\n<meta property=\"article:modified_time\" content=\"2024-04-12T10:04:22+00:00\" \/>\n<meta property=\"og:image\" content=\"https:\/\/www.smedemokrati.sk\/wp-content\/uploads\/2024\/04\/ppa-demokrati.jpg\" \/>\n\t<meta property=\"og:image:width\" content=\"1292\" \/>\n\t<meta property=\"og:image:height\" content=\"855\" \/>\n\t<meta property=\"og:image:type\" content=\"image\/jpeg\" \/>\n<meta name=\"author\" content=\"miro.sopko\" \/>\n<meta name=\"twitter:card\" content=\"summary_large_image\" \/>\n<meta name=\"twitter:label1\" content=\"Written by\" \/>\n\t<meta name=\"twitter:data1\" content=\"miro.sopko\" \/>\n\t<meta name=\"twitter:label2\" content=\"Est. reading time\" \/>\n\t<meta name=\"twitter:data2\" content=\"2 minutes\" \/>\n<script type=\"application\/ld+json\" class=\"yoast-schema-graph\">{\"@context\":\"https:\/\/schema.org\",\"@graph\":[{\"@type\":\"Article\",\"@id\":\"https:\/\/www.smedemokrati.sk\/farmari-necinnostou-vlady-financne-krvacaju-podavame-podnet-na-nku\/#article\",\"isPartOf\":{\"@id\":\"https:\/\/www.smedemokrati.sk\/farmari-necinnostou-vlady-financne-krvacaju-podavame-podnet-na-nku\/\"},\"author\":{\"name\":\"miro.sopko\",\"@id\":\"https:\/\/www.smedemokrati.sk\/#\/schema\/person\/21f147c88d605aa7ded900e1e7c344ba\"},\"headline\":\"Farm\u00e1ri ne\u010dinnos\u0165ou vl\u00e1dy finan\u010dne krv\u00e1caj\u00fa, pod\u00e1vame podnet na NK\u00da\",\"datePublished\":\"2024-04-03T10:45:00+00:00\",\"dateModified\":\"2024-04-12T10:04:22+00:00\",\"mainEntityOfPage\":{\"@id\":\"https:\/\/www.smedemokrati.sk\/farmari-necinnostou-vlady-financne-krvacaju-podavame-podnet-na-nku\/\"},\"wordCount\":464,\"publisher\":{\"@id\":\"https:\/\/www.smedemokrati.sk\/#organization\"},\"image\":{\"@id\":\"https:\/\/www.smedemokrati.sk\/farmari-necinnostou-vlady-financne-krvacaju-podavame-podnet-na-nku\/#primaryimage\"},\"thumbnailUrl\":\"https:\/\/www.smedemokrati.sk\/wp-content\/uploads\/2024\/04\/ppa-demokrati.jpg\",\"articleSection\":[\"Tla\u010dov\u00e9 spr\u00e1vy\"],\"inLanguage\":\"en-US\"},{\"@type\":\"WebPage\",\"@id\":\"https:\/\/www.smedemokrati.sk\/farmari-necinnostou-vlady-financne-krvacaju-podavame-podnet-na-nku\/\",\"url\":\"https:\/\/www.smedemokrati.sk\/farmari-necinnostou-vlady-financne-krvacaju-podavame-podnet-na-nku\/\",\"name\":\"Farm\u00e1ri ne\u010dinnos\u0165ou vl\u00e1dy finan\u010dne krv\u00e1caj\u00fa, pod\u00e1vame podnet na NK\u00da - Smedemokrati.sk\",\"isPartOf\":{\"@id\":\"https:\/\/www.smedemokrati.sk\/#website\"},\"primaryImageOfPage\":{\"@id\":\"https:\/\/www.smedemokrati.sk\/farmari-necinnostou-vlady-financne-krvacaju-podavame-podnet-na-nku\/#primaryimage\"},\"image\":{\"@id\":\"https:\/\/www.smedemokrati.sk\/farmari-necinnostou-vlady-financne-krvacaju-podavame-podnet-na-nku\/#primaryimage\"},\"thumbnailUrl\":\"https:\/\/www.smedemokrati.sk\/wp-content\/uploads\/2024\/04\/ppa-demokrati.jpg\",\"datePublished\":\"2024-04-03T10:45:00+00:00\",\"dateModified\":\"2024-04-12T10:04:22+00:00\",\"breadcrumb\":{\"@id\":\"https:\/\/www.smedemokrati.sk\/farmari-necinnostou-vlady-financne-krvacaju-podavame-podnet-na-nku\/#breadcrumb\"},\"inLanguage\":\"en-US\",\"potentialAction\":[{\"@type\":\"ReadAction\",\"target\":[\"https:\/\/www.smedemokrati.sk\/farmari-necinnostou-vlady-financne-krvacaju-podavame-podnet-na-nku\/\"]}]},{\"@type\":\"ImageObject\",\"inLanguage\":\"en-US\",\"@id\":\"https:\/\/www.smedemokrati.sk\/farmari-necinnostou-vlady-financne-krvacaju-podavame-podnet-na-nku\/#primaryimage\",\"url\":\"https:\/\/www.smedemokrati.sk\/wp-content\/uploads\/2024\/04\/ppa-demokrati.jpg\",\"contentUrl\":\"https:\/\/www.smedemokrati.sk\/wp-content\/uploads\/2024\/04\/ppa-demokrati.jpg\",\"width\":1292,\"height\":855},{\"@type\":\"BreadcrumbList\",\"@id\":\"https:\/\/www.smedemokrati.sk\/farmari-necinnostou-vlady-financne-krvacaju-podavame-podnet-na-nku\/#breadcrumb\",\"itemListElement\":[{\"@type\":\"ListItem\",\"position\":1,\"name\":\"Domovsk\u00e1 str\u00e1nka\",\"item\":\"https:\/\/www.smedemokrati.sk\/\"},{\"@type\":\"ListItem\",\"position\":2,\"name\":\"Farm\u00e1ri ne\u010dinnos\u0165ou vl\u00e1dy finan\u010dne krv\u00e1caj\u00fa, pod\u00e1vame podnet na NK\u00da\"}]},{\"@type\":\"WebSite\",\"@id\":\"https:\/\/www.smedemokrati.sk\/#website\",\"url\":\"https:\/\/www.smedemokrati.sk\/\",\"name\":\"Smedemokrati.sk\",\"description\":\"Demokracia a slu\u0161nos\u0165 zv\u00ed\u0165az\u00ed\",\"publisher\":{\"@id\":\"https:\/\/www.smedemokrati.sk\/#organization\"},\"potentialAction\":[{\"@type\":\"SearchAction\",\"target\":{\"@type\":\"EntryPoint\",\"urlTemplate\":\"https:\/\/www.smedemokrati.sk\/?s={search_term_string}\"},\"query-input\":{\"@type\":\"PropertyValueSpecification\",\"valueRequired\":true,\"valueName\":\"search_term_string\"}}],\"inLanguage\":\"en-US\"},{\"@type\":\"Organization\",\"@id\":\"https:\/\/www.smedemokrati.sk\/#organization\",\"name\":\"Smedemokrati.sk\",\"url\":\"https:\/\/www.smedemokrati.sk\/\",\"logo\":{\"@type\":\"ImageObject\",\"inLanguage\":\"en-US\",\"@id\":\"https:\/\/www.smedemokrati.sk\/#\/schema\/logo\/image\/\",\"url\":\"https:\/\/www.smedemokrati.sk\/wp-content\/uploads\/2023\/04\/ff.002.jpeg\",\"contentUrl\":\"https:\/\/www.smedemokrati.sk\/wp-content\/uploads\/2023\/04\/ff.002.jpeg\",\"width\":640,\"height\":480,\"caption\":\"Smedemokrati.sk\"},\"image\":{\"@id\":\"https:\/\/www.smedemokrati.sk\/#\/schema\/logo\/image\/\"},\"sameAs\":[\"https:\/\/www.facebook.com\/smedemokrati2023\"]},{\"@type\":\"Person\",\"@id\":\"https:\/\/www.smedemokrati.sk\/#\/schema\/person\/21f147c88d605aa7ded900e1e7c344ba\",\"name\":\"miro.sopko\",\"image\":{\"@type\":\"ImageObject\",\"inLanguage\":\"en-US\",\"@id\":\"https:\/\/secure.gravatar.com\/avatar\/267e4a36f704376c109afe3a78740c1f5dd8675a2180a908699e7863c9247606?s=96&d=mm&r=g\",\"url\":\"https:\/\/secure.gravatar.com\/avatar\/267e4a36f704376c109afe3a78740c1f5dd8675a2180a908699e7863c9247606?s=96&d=mm&r=g\",\"contentUrl\":\"https:\/\/secure.gravatar.com\/avatar\/267e4a36f704376c109afe3a78740c1f5dd8675a2180a908699e7863c9247606?s=96&d=mm&r=g\",\"caption\":\"miro.sopko\"},\"url\":\"https:\/\/www.smedemokrati.sk\/en\/author\/miro-sopko\/\"}]}<\/script>\n<!-- \/ Yoast SEO plugin. -->","yoast_head_json":{"title":"Farm\u00e1ri ne\u010dinnos\u0165ou vl\u00e1dy finan\u010dne krv\u00e1caj\u00fa, pod\u00e1vame podnet na NK\u00da - Smedemokrati.sk","robots":{"index":"index","follow":"follow","max-snippet":"max-snippet:-1","max-image-preview":"max-image-preview:large","max-video-preview":"max-video-preview:-1"},"canonical":"https:\/\/www.smedemokrati.sk\/en\/farmari-necinnostou-vlady-financne-krvacaju-podavame-podnet-na-nku\/","og_locale":"en_US","og_type":"article","og_title":"Farm\u00e1ri ne\u010dinnos\u0165ou vl\u00e1dy finan\u010dne krv\u00e1caj\u00fa, pod\u00e1vame podnet na NK\u00da - Smedemokrati.sk","og_description":"Strana Demokrati opakovane vyz\u00fdva vl\u00e1du SR, aby za\u010dala ine\u010f kona\u0165 vo veci vypl\u00e1cania dot\u00e1ci\u00ed farm\u00e1rom, inak hroz\u00ed ich finan\u010dn\u00e9 vykrv\u00e1canie. Strana \u017eiada okam\u017eit\u00e9 predstavenie rie\u0161n\u00ed tejto hrozivej situ\u00e1cie, ktor\u00fa minister Tak\u00e1\u010d dlhodobo ignoruje, aj preto pod\u00e1vaj\u00fa podnet na NK\u00da, aby bolo jasne deklarovan\u00e9, kto m\u00e1 na svedom\u00ed, \u017ee preva\u017ene mal\u00ed farm\u00e1ri s\u00fa dnes na kolen\u00e1ch.&nbsp; [&hellip;]","og_url":"https:\/\/www.smedemokrati.sk\/en\/farmari-necinnostou-vlady-financne-krvacaju-podavame-podnet-na-nku\/","og_site_name":"Smedemokrati.sk","article_publisher":"https:\/\/www.facebook.com\/smedemokrati2023","article_published_time":"2024-04-03T10:45:00+00:00","article_modified_time":"2024-04-12T10:04:22+00:00","og_image":[{"width":1292,"height":855,"url":"https:\/\/www.smedemokrati.sk\/wp-content\/uploads\/2024\/04\/ppa-demokrati.jpg","type":"image\/jpeg"}],"author":"miro.sopko","twitter_card":"summary_large_image","twitter_misc":{"Written by":"miro.sopko","Est. reading time":"2 minutes"},"schema":{"@context":"https:\/\/schema.org","@graph":[{"@type":"Article","@id":"https:\/\/www.smedemokrati.sk\/farmari-necinnostou-vlady-financne-krvacaju-podavame-podnet-na-nku\/#article","isPartOf":{"@id":"https:\/\/www.smedemokrati.sk\/farmari-necinnostou-vlady-financne-krvacaju-podavame-podnet-na-nku\/"},"author":{"name":"miro.sopko","@id":"https:\/\/www.smedemokrati.sk\/#\/schema\/person\/21f147c88d605aa7ded900e1e7c344ba"},"headline":"Farm\u00e1ri ne\u010dinnos\u0165ou vl\u00e1dy finan\u010dne krv\u00e1caj\u00fa, pod\u00e1vame podnet na NK\u00da","datePublished":"2024-04-03T10:45:00+00:00","dateModified":"2024-04-12T10:04:22+00:00","mainEntityOfPage":{"@id":"https:\/\/www.smedemokrati.sk\/farmari-necinnostou-vlady-financne-krvacaju-podavame-podnet-na-nku\/"},"wordCount":464,"publisher":{"@id":"https:\/\/www.smedemokrati.sk\/#organization"},"image":{"@id":"https:\/\/www.smedemokrati.sk\/farmari-necinnostou-vlady-financne-krvacaju-podavame-podnet-na-nku\/#primaryimage"},"thumbnailUrl":"https:\/\/www.smedemokrati.sk\/wp-content\/uploads\/2024\/04\/ppa-demokrati.jpg","articleSection":["Tla\u010dov\u00e9 spr\u00e1vy"],"inLanguage":"en-US"},{"@type":"WebPage","@id":"https:\/\/www.smedemokrati.sk\/farmari-necinnostou-vlady-financne-krvacaju-podavame-podnet-na-nku\/","url":"https:\/\/www.smedemokrati.sk\/farmari-necinnostou-vlady-financne-krvacaju-podavame-podnet-na-nku\/","name":"Farm\u00e1ri ne\u010dinnos\u0165ou vl\u00e1dy finan\u010dne krv\u00e1caj\u00fa, pod\u00e1vame podnet na NK\u00da - Smedemokrati.sk","isPartOf":{"@id":"https:\/\/www.smedemokrati.sk\/#website"},"primaryImageOfPage":{"@id":"https:\/\/www.smedemokrati.sk\/farmari-necinnostou-vlady-financne-krvacaju-podavame-podnet-na-nku\/#primaryimage"},"image":{"@id":"https:\/\/www.smedemokrati.sk\/farmari-necinnostou-vlady-financne-krvacaju-podavame-podnet-na-nku\/#primaryimage"},"thumbnailUrl":"https:\/\/www.smedemokrati.sk\/wp-content\/uploads\/2024\/04\/ppa-demokrati.jpg","datePublished":"2024-04-03T10:45:00+00:00","dateModified":"2024-04-12T10:04:22+00:00","breadcrumb":{"@id":"https:\/\/www.smedemokrati.sk\/farmari-necinnostou-vlady-financne-krvacaju-podavame-podnet-na-nku\/#breadcrumb"},"inLanguage":"en-US","potentialAction":[{"@type":"ReadAction","target":["https:\/\/www.smedemokrati.sk\/farmari-necinnostou-vlady-financne-krvacaju-podavame-podnet-na-nku\/"]}]},{"@type":"ImageObject","inLanguage":"en-US","@id":"https:\/\/www.smedemokrati.sk\/farmari-necinnostou-vlady-financne-krvacaju-podavame-podnet-na-nku\/#primaryimage","url":"https:\/\/www.smedemokrati.sk\/wp-content\/uploads\/2024\/04\/ppa-demokrati.jpg","contentUrl":"https:\/\/www.smedemokrati.sk\/wp-content\/uploads\/2024\/04\/ppa-demokrati.jpg","width":1292,"height":855},{"@type":"BreadcrumbList","@id":"https:\/\/www.smedemokrati.sk\/farmari-necinnostou-vlady-financne-krvacaju-podavame-podnet-na-nku\/#breadcrumb","itemListElement":[{"@type":"ListItem","position":1,"name":"Domovsk\u00e1 str\u00e1nka","item":"https:\/\/www.smedemokrati.sk\/"},{"@type":"ListItem","position":2,"name":"Farm\u00e1ri ne\u010dinnos\u0165ou vl\u00e1dy finan\u010dne krv\u00e1caj\u00fa, pod\u00e1vame podnet na NK\u00da"}]},{"@type":"WebSite","@id":"https:\/\/www.smedemokrati.sk\/#website","url":"https:\/\/www.smedemokrati.sk\/","name":"Smedemokrati.sk","description":"Demokracia a slu\u0161nos\u0165 zv\u00ed\u0165az\u00ed","publisher":{"@id":"https:\/\/www.smedemokrati.sk\/#organization"},"potentialAction":[{"@type":"SearchAction","target":{"@type":"EntryPoint","urlTemplate":"https:\/\/www.smedemokrati.sk\/?s={search_term_string}"},"query-input":{"@type":"PropertyValueSpecification","valueRequired":true,"valueName":"search_term_string"}}],"inLanguage":"en-US"},{"@type":"Organization","@id":"https:\/\/www.smedemokrati.sk\/#organization","name":"Smedemokrati.sk","url":"https:\/\/www.smedemokrati.sk\/","logo":{"@type":"ImageObject","inLanguage":"en-US","@id":"https:\/\/www.smedemokrati.sk\/#\/schema\/logo\/image\/","url":"https:\/\/www.smedemokrati.sk\/wp-content\/uploads\/2023\/04\/ff.002.jpeg","contentUrl":"https:\/\/www.smedemokrati.sk\/wp-content\/uploads\/2023\/04\/ff.002.jpeg","width":640,"height":480,"caption":"Smedemokrati.sk"},"image":{"@id":"https:\/\/www.smedemokrati.sk\/#\/schema\/logo\/image\/"},"sameAs":["https:\/\/www.facebook.com\/smedemokrati2023"]},{"@type":"Person","@id":"https:\/\/www.smedemokrati.sk\/#\/schema\/person\/21f147c88d605aa7ded900e1e7c344ba","name":"miro.sopko","image":{"@type":"ImageObject","inLanguage":"en-US","@id":"https:\/\/secure.gravatar.com\/avatar\/267e4a36f704376c109afe3a78740c1f5dd8675a2180a908699e7863c9247606?s=96&d=mm&r=g","url":"https:\/\/secure.gravatar.com\/avatar\/267e4a36f704376c109afe3a78740c1f5dd8675a2180a908699e7863c9247606?s=96&d=mm&r=g","contentUrl":"https:\/\/secure.gravatar.com\/avatar\/267e4a36f704376c109afe3a78740c1f5dd8675a2180a908699e7863c9247606?s=96&d=mm&r=g","caption":"miro.sopko"},"url":"https:\/\/www.smedemokrati.sk\/en\/author\/miro-sopko\/"}]}},"_links":{"self":[{"href":"https:\/\/www.smedemokrati.sk\/en\/wp-json\/wp\/v2\/posts\/3377","targetHints":{"allow":["GET"]}}],"collection":[{"href":"https:\/\/www.smedemokrati.sk\/en\/wp-json\/wp\/v2\/posts"}],"about":[{"href":"https:\/\/www.smedemokrati.sk\/en\/wp-json\/wp\/v2\/types\/post"}],"author":[{"embeddable":true,"href":"https:\/\/www.smedemokrati.sk\/en\/wp-json\/wp\/v2\/users\/13"}],"replies":[{"embeddable":true,"href":"https:\/\/www.smedemokrati.sk\/en\/wp-json\/wp\/v2\/comments?post=3377"}],"version-history":[{"count":1,"href":"https:\/\/www.smedemokrati.sk\/en\/wp-json\/wp\/v2\/posts\/3377\/revisions"}],"predecessor-version":[{"id":3379,"href":"https:\/\/www.smedemokrati.sk\/en\/wp-json\/wp\/v2\/posts\/3377\/revisions\/3379"}],"wp:featuredmedia":[{"embeddable":true,"href":"https:\/\/www.smedemokrati.sk\/en\/wp-json\/wp\/v2\/media\/3378"}],"wp:attachment":[{"href":"https:\/\/www.smedemokrati.sk\/en\/wp-json\/wp\/v2\/media?parent=3377"}],"wp:term":[{"taxonomy":"category","embeddable":true,"href":"https:\/\/www.smedemokrati.sk\/en\/wp-json\/wp\/v2\/categories?post=3377"},{"taxonomy":"post_tag","embeddable":true,"href":"https:\/\/www.smedemokrati.sk\/en\/wp-json\/wp\/v2\/tags?post=3377"}],"curies":[{"name":"wp","href":"https:\/\/api.w.org\/{rel}","templated":true}]}}