{"id":3205,"date":"2024-03-20T15:29:15","date_gmt":"2024-03-20T14:29:15","guid":{"rendered":"https:\/\/www.smedemokrati.sk\/?p=3205"},"modified":"2024-03-25T15:43:53","modified_gmt":"2024-03-25T14:43:53","slug":"minister-vnutra-ma-podozrivych-zlocincov-vydavat-spravodlivosti-nie-s-nimi-robit-rozhovory","status":"publish","type":"post","link":"https:\/\/www.smedemokrati.sk\/en\/minister-vnutra-ma-podozrivych-zlocincov-vydavat-spravodlivosti-nie-s-nimi-robit-rozhovory\/","title":{"rendered":"Minister vn\u00fatra m\u00e1 podozriv\u00fdch zlo\u010dincov vyd\u00e1va\u0165 spravodlivosti, nie s nimi robi\u0165 rozhovory"},"content":{"rendered":"<div id=\"fb-root\"><\/div>\n\n<p><strong>B\u00fdval\u00fd policajn\u00fd prezident \u0160tefan Hamran ostro kritizuje \u00fa\u010das\u0165 ministra vn\u00fatra \u0160utaj E\u0161toka v rel\u00e1cii h\u013eadan\u00e9ho extr\u00e9mistu Daniela Bombica (zn\u00e1my aj ako Danny Koll\u00e1r). Pod\u013ea Hamrana ide o bezprecedentn\u00fd krok, ktor\u00fd nazna\u010duje hroziv\u00fa r\u00fdchlos\u0165, akou vl\u00e1da Roberta Fica rozklad\u00e1 z\u00e1kladn\u00e9 piliere zdravej spolo\u010dnosti. V tej pod\u013ea Hamrana doteraz platilo, \u017ee minister vn\u00fatra podozriv\u00fdch zlo\u010dincov&nbsp;vyd\u00e1va spravodlivosti, nie s nimi rob\u00ed interview.&nbsp;<\/strong><\/p>\n\n\n\n<p><em><em><em>\u201e<\/em><\/em>Je to \u010dlovek, ktor\u00fd bol minim\u00e1lne trikr\u00e1t obvinen\u00fd, preva\u017ene pre extr\u00e9mistick\u00fa trestn\u00fa \u010dinnos\u0165, vyhr\u00e1\u017eal sa prokur\u00e1torom, policajtom, sudcom a po\u010das pand\u00e9mie aj zdravotn\u00edckemu person\u00e1lu. Na tohto \u010dloveka s\u00fa vydan\u00e9 tri medzin\u00e1rodn\u00e9 zat\u00fdkacie rozkazy a tri eur\u00f3pske zat\u00fdkacie rozkazy,<\/em>\u201d komentuje z\u00e1va\u017enos\u0165 situ\u00e1cie Hamran a zd\u00f4raz\u0148uje, \u017ee nem\u00e1 vedomos\u0165 o tom, aby v inej demokratickej krajine ak\u00fdko\u013evek minister prijal pozvanie do rel\u00e1cie osoby, na ktor\u00fa je vydan\u00fd zatyka\u010d.&nbsp;<\/p>\n\n\n\n<p>Pod\u013ea kandid\u00e1ta do europarlamentu za stranu Demokrati je tento krok tie\u017e d\u00f4kazom, \u017ee minister \u0160utaj E\u0161tok nevie pracova\u0165 s faktami a \u010deli\u0165 novin\u00e1rskym ot\u00e1zkam, preto sa vyd\u00e1va cestou dezinforma\u010dn\u00fdch m\u00e9di\u00ed, v ktor\u00fdch vystupuje pr\u00e1ve D. Bombic: <em><em>\u201e<\/em>V skuto\u010dn\u00fdch m\u00e9di\u00e1ch sa toti\u017e, skuto\u010dn\u00ed novin\u00e1ri p\u00fdtaj\u00fa relevantn\u00e9 ot\u00e1zky a ako respondent mus\u00edte uv\u00e1dza\u0165 fakty, ktor\u00e9 s\u00fa preverite\u013en\u00e9. To v\u0161ak nemus\u00edte robi\u0165 v dezinforma\u010dn\u00fdch m\u00e9di\u00e1ch, kde si vysta\u010d\u00edte aj s klamstvami a nepodlo\u017een\u00fdmi faktami tak,\u201d<\/em> uzatv\u00e1ra Hamran.<\/p>\n\n\n\n<figure class=\"wp-block-video alignleft\"><video height=\"1280\" style=\"aspect-ratio: 720 \/ 1280;\" width=\"720\" controls src=\"https:\/\/www.smedemokrati.sk\/wp-content\/uploads\/2024\/03\/GBjy3RnYx0s3yMYCAHamDs_xJwhIbmdjAAAF.mp4\"><\/video><\/figure>\n","protected":false},"excerpt":{"rendered":"<p>B\u00fdval\u00fd policajn\u00fd prezident \u0160tefan Hamran ostro kritizuje \u00fa\u010das\u0165 ministra vn\u00fatra \u0160utaj E\u0161toka v rel\u00e1cii h\u013eadan\u00e9ho extr\u00e9mistu Daniela Bombica (zn\u00e1my aj ako Danny Koll\u00e1r). Pod\u013ea Hamrana ide o bezprecedentn\u00fd krok, ktor\u00fd nazna\u010duje hroziv\u00fa r\u00fdchlos\u0165, akou vl\u00e1da Roberta Fica rozklad\u00e1 z\u00e1kladn\u00e9 piliere zdravej spolo\u010dnosti. V tej pod\u013ea Hamrana doteraz platilo, \u017ee minister vn\u00fatra podozriv\u00fdch zlo\u010dincov&nbsp;vyd\u00e1va spravodlivosti, nie [&hellip;]<\/p>\n","protected":false},"author":13,"featured_media":3206,"comment_status":"closed","ping_status":"closed","sticky":false,"template":"","format":"standard","meta":{"_acf_changed":false,"ngg_post_thumbnail":0,"footnotes":""},"categories":[4],"tags":[],"class_list":["post-3205","post","type-post","status-publish","format-standard","has-post-thumbnail","hentry","category-tlacove-spravy"],"acf":[],"yoast_head":"<!-- This site is optimized with the Yoast SEO plugin v27.2 - https:\/\/yoast.com\/product\/yoast-seo-wordpress\/ -->\n<title>Minister vn\u00fatra m\u00e1 podozriv\u00fdch zlo\u010dincov vyd\u00e1va\u0165 spravodlivosti, nie s nimi robi\u0165 rozhovory - Smedemokrati.sk<\/title>\n<meta name=\"robots\" content=\"index, follow, max-snippet:-1, max-image-preview:large, max-video-preview:-1\" \/>\n<link rel=\"canonical\" href=\"https:\/\/www.smedemokrati.sk\/en\/minister-vnutra-ma-podozrivych-zlocincov-vydavat-spravodlivosti-nie-s-nimi-robit-rozhovory\/\" \/>\n<meta property=\"og:locale\" content=\"en_US\" \/>\n<meta property=\"og:locale:alternate\" content=\"cs_CZ\" \/>\n<meta property=\"og:locale:alternate\" content=\"hu_HU\" \/>\n<meta property=\"og:locale:alternate\" content=\"sk_SK\" \/>\n<meta property=\"og:locale:alternate\" content=\"sv_SE\" \/>\n<meta property=\"og:type\" content=\"article\" \/>\n<meta property=\"og:title\" content=\"Minister vn\u00fatra m\u00e1 podozriv\u00fdch zlo\u010dincov vyd\u00e1va\u0165 spravodlivosti, nie s nimi robi\u0165 rozhovory - Smedemokrati.sk\" \/>\n<meta property=\"og:description\" content=\"B\u00fdval\u00fd policajn\u00fd prezident \u0160tefan Hamran ostro kritizuje \u00fa\u010das\u0165 ministra vn\u00fatra \u0160utaj E\u0161toka v rel\u00e1cii h\u013eadan\u00e9ho extr\u00e9mistu Daniela Bombica (zn\u00e1my aj ako Danny Koll\u00e1r). Pod\u013ea Hamrana ide o bezprecedentn\u00fd krok, ktor\u00fd nazna\u010duje hroziv\u00fa r\u00fdchlos\u0165, akou vl\u00e1da Roberta Fica rozklad\u00e1 z\u00e1kladn\u00e9 piliere zdravej spolo\u010dnosti. V tej pod\u013ea Hamrana doteraz platilo, \u017ee minister vn\u00fatra podozriv\u00fdch zlo\u010dincov&nbsp;vyd\u00e1va spravodlivosti, nie [&hellip;]\" \/>\n<meta property=\"og:url\" content=\"https:\/\/www.smedemokrati.sk\/en\/minister-vnutra-ma-podozrivych-zlocincov-vydavat-spravodlivosti-nie-s-nimi-robit-rozhovory\/\" \/>\n<meta property=\"og:site_name\" content=\"Smedemokrati.sk\" \/>\n<meta property=\"article:publisher\" content=\"https:\/\/www.facebook.com\/smedemokrati2023\" \/>\n<meta property=\"article:published_time\" content=\"2024-03-20T14:29:15+00:00\" \/>\n<meta property=\"article:modified_time\" content=\"2024-03-25T14:43:53+00:00\" \/>\n<meta property=\"og:image\" content=\"https:\/\/www.smedemokrati.sk\/wp-content\/uploads\/2024\/03\/hamran.jpg\" \/>\n\t<meta property=\"og:image:width\" content=\"1000\" \/>\n\t<meta property=\"og:image:height\" content=\"522\" \/>\n\t<meta property=\"og:image:type\" content=\"image\/jpeg\" \/>\n<meta name=\"author\" content=\"miro.sopko\" \/>\n<meta name=\"twitter:card\" content=\"summary_large_image\" \/>\n<meta name=\"twitter:label1\" content=\"Written by\" \/>\n\t<meta name=\"twitter:data1\" content=\"miro.sopko\" \/>\n\t<meta name=\"twitter:label2\" content=\"Est. reading time\" \/>\n\t<meta name=\"twitter:data2\" content=\"2 minutes\" \/>\n<script type=\"application\/ld+json\" class=\"yoast-schema-graph\">{\"@context\":\"https:\/\/schema.org\",\"@graph\":[{\"@type\":\"Article\",\"@id\":\"https:\/\/www.smedemokrati.sk\/minister-vnutra-ma-podozrivych-zlocincov-vydavat-spravodlivosti-nie-s-nimi-robit-rozhovory\/#article\",\"isPartOf\":{\"@id\":\"https:\/\/www.smedemokrati.sk\/minister-vnutra-ma-podozrivych-zlocincov-vydavat-spravodlivosti-nie-s-nimi-robit-rozhovory\/\"},\"author\":{\"name\":\"miro.sopko\",\"@id\":\"https:\/\/www.smedemokrati.sk\/#\/schema\/person\/21f147c88d605aa7ded900e1e7c344ba\"},\"headline\":\"Minister vn\u00fatra m\u00e1 podozriv\u00fdch zlo\u010dincov vyd\u00e1va\u0165 spravodlivosti, nie s nimi robi\u0165 rozhovory\",\"datePublished\":\"2024-03-20T14:29:15+00:00\",\"dateModified\":\"2024-03-25T14:43:53+00:00\",\"mainEntityOfPage\":{\"@id\":\"https:\/\/www.smedemokrati.sk\/minister-vnutra-ma-podozrivych-zlocincov-vydavat-spravodlivosti-nie-s-nimi-robit-rozhovory\/\"},\"wordCount\":294,\"publisher\":{\"@id\":\"https:\/\/www.smedemokrati.sk\/#organization\"},\"image\":{\"@id\":\"https:\/\/www.smedemokrati.sk\/minister-vnutra-ma-podozrivych-zlocincov-vydavat-spravodlivosti-nie-s-nimi-robit-rozhovory\/#primaryimage\"},\"thumbnailUrl\":\"https:\/\/www.smedemokrati.sk\/wp-content\/uploads\/2024\/03\/hamran.jpg\",\"articleSection\":[\"Tla\u010dov\u00e9 spr\u00e1vy\"],\"inLanguage\":\"en-US\"},{\"@type\":\"WebPage\",\"@id\":\"https:\/\/www.smedemokrati.sk\/minister-vnutra-ma-podozrivych-zlocincov-vydavat-spravodlivosti-nie-s-nimi-robit-rozhovory\/\",\"url\":\"https:\/\/www.smedemokrati.sk\/minister-vnutra-ma-podozrivych-zlocincov-vydavat-spravodlivosti-nie-s-nimi-robit-rozhovory\/\",\"name\":\"Minister vn\u00fatra m\u00e1 podozriv\u00fdch zlo\u010dincov vyd\u00e1va\u0165 spravodlivosti, nie s nimi robi\u0165 rozhovory - Smedemokrati.sk\",\"isPartOf\":{\"@id\":\"https:\/\/www.smedemokrati.sk\/#website\"},\"primaryImageOfPage\":{\"@id\":\"https:\/\/www.smedemokrati.sk\/minister-vnutra-ma-podozrivych-zlocincov-vydavat-spravodlivosti-nie-s-nimi-robit-rozhovory\/#primaryimage\"},\"image\":{\"@id\":\"https:\/\/www.smedemokrati.sk\/minister-vnutra-ma-podozrivych-zlocincov-vydavat-spravodlivosti-nie-s-nimi-robit-rozhovory\/#primaryimage\"},\"thumbnailUrl\":\"https:\/\/www.smedemokrati.sk\/wp-content\/uploads\/2024\/03\/hamran.jpg\",\"datePublished\":\"2024-03-20T14:29:15+00:00\",\"dateModified\":\"2024-03-25T14:43:53+00:00\",\"breadcrumb\":{\"@id\":\"https:\/\/www.smedemokrati.sk\/minister-vnutra-ma-podozrivych-zlocincov-vydavat-spravodlivosti-nie-s-nimi-robit-rozhovory\/#breadcrumb\"},\"inLanguage\":\"en-US\",\"potentialAction\":[{\"@type\":\"ReadAction\",\"target\":[\"https:\/\/www.smedemokrati.sk\/minister-vnutra-ma-podozrivych-zlocincov-vydavat-spravodlivosti-nie-s-nimi-robit-rozhovory\/\"]}]},{\"@type\":\"ImageObject\",\"inLanguage\":\"en-US\",\"@id\":\"https:\/\/www.smedemokrati.sk\/minister-vnutra-ma-podozrivych-zlocincov-vydavat-spravodlivosti-nie-s-nimi-robit-rozhovory\/#primaryimage\",\"url\":\"https:\/\/www.smedemokrati.sk\/wp-content\/uploads\/2024\/03\/hamran.jpg\",\"contentUrl\":\"https:\/\/www.smedemokrati.sk\/wp-content\/uploads\/2024\/03\/hamran.jpg\",\"width\":1000,\"height\":522},{\"@type\":\"BreadcrumbList\",\"@id\":\"https:\/\/www.smedemokrati.sk\/minister-vnutra-ma-podozrivych-zlocincov-vydavat-spravodlivosti-nie-s-nimi-robit-rozhovory\/#breadcrumb\",\"itemListElement\":[{\"@type\":\"ListItem\",\"position\":1,\"name\":\"Domovsk\u00e1 str\u00e1nka\",\"item\":\"https:\/\/www.smedemokrati.sk\/\"},{\"@type\":\"ListItem\",\"position\":2,\"name\":\"Minister vn\u00fatra m\u00e1 podozriv\u00fdch zlo\u010dincov vyd\u00e1va\u0165 spravodlivosti, nie s nimi robi\u0165 rozhovory\"}]},{\"@type\":\"WebSite\",\"@id\":\"https:\/\/www.smedemokrati.sk\/#website\",\"url\":\"https:\/\/www.smedemokrati.sk\/\",\"name\":\"Smedemokrati.sk\",\"description\":\"Demokracia a slu\u0161nos\u0165 zv\u00ed\u0165az\u00ed\",\"publisher\":{\"@id\":\"https:\/\/www.smedemokrati.sk\/#organization\"},\"potentialAction\":[{\"@type\":\"SearchAction\",\"target\":{\"@type\":\"EntryPoint\",\"urlTemplate\":\"https:\/\/www.smedemokrati.sk\/?s={search_term_string}\"},\"query-input\":{\"@type\":\"PropertyValueSpecification\",\"valueRequired\":true,\"valueName\":\"search_term_string\"}}],\"inLanguage\":\"en-US\"},{\"@type\":\"Organization\",\"@id\":\"https:\/\/www.smedemokrati.sk\/#organization\",\"name\":\"Smedemokrati.sk\",\"url\":\"https:\/\/www.smedemokrati.sk\/\",\"logo\":{\"@type\":\"ImageObject\",\"inLanguage\":\"en-US\",\"@id\":\"https:\/\/www.smedemokrati.sk\/#\/schema\/logo\/image\/\",\"url\":\"https:\/\/www.smedemokrati.sk\/wp-content\/uploads\/2023\/04\/ff.002.jpeg\",\"contentUrl\":\"https:\/\/www.smedemokrati.sk\/wp-content\/uploads\/2023\/04\/ff.002.jpeg\",\"width\":640,\"height\":480,\"caption\":\"Smedemokrati.sk\"},\"image\":{\"@id\":\"https:\/\/www.smedemokrati.sk\/#\/schema\/logo\/image\/\"},\"sameAs\":[\"https:\/\/www.facebook.com\/smedemokrati2023\"]},{\"@type\":\"Person\",\"@id\":\"https:\/\/www.smedemokrati.sk\/#\/schema\/person\/21f147c88d605aa7ded900e1e7c344ba\",\"name\":\"miro.sopko\",\"image\":{\"@type\":\"ImageObject\",\"inLanguage\":\"en-US\",\"@id\":\"https:\/\/secure.gravatar.com\/avatar\/267e4a36f704376c109afe3a78740c1f5dd8675a2180a908699e7863c9247606?s=96&d=mm&r=g\",\"url\":\"https:\/\/secure.gravatar.com\/avatar\/267e4a36f704376c109afe3a78740c1f5dd8675a2180a908699e7863c9247606?s=96&d=mm&r=g\",\"contentUrl\":\"https:\/\/secure.gravatar.com\/avatar\/267e4a36f704376c109afe3a78740c1f5dd8675a2180a908699e7863c9247606?s=96&d=mm&r=g\",\"caption\":\"miro.sopko\"},\"url\":\"https:\/\/www.smedemokrati.sk\/en\/author\/miro-sopko\/\"}]}<\/script>\n<!-- \/ Yoast SEO plugin. -->","yoast_head_json":{"title":"Minister vn\u00fatra m\u00e1 podozriv\u00fdch zlo\u010dincov vyd\u00e1va\u0165 spravodlivosti, nie s nimi robi\u0165 rozhovory - Smedemokrati.sk","robots":{"index":"index","follow":"follow","max-snippet":"max-snippet:-1","max-image-preview":"max-image-preview:large","max-video-preview":"max-video-preview:-1"},"canonical":"https:\/\/www.smedemokrati.sk\/en\/minister-vnutra-ma-podozrivych-zlocincov-vydavat-spravodlivosti-nie-s-nimi-robit-rozhovory\/","og_locale":"en_US","og_type":"article","og_title":"Minister vn\u00fatra m\u00e1 podozriv\u00fdch zlo\u010dincov vyd\u00e1va\u0165 spravodlivosti, nie s nimi robi\u0165 rozhovory - Smedemokrati.sk","og_description":"B\u00fdval\u00fd policajn\u00fd prezident \u0160tefan Hamran ostro kritizuje \u00fa\u010das\u0165 ministra vn\u00fatra \u0160utaj E\u0161toka v rel\u00e1cii h\u013eadan\u00e9ho extr\u00e9mistu Daniela Bombica (zn\u00e1my aj ako Danny Koll\u00e1r). Pod\u013ea Hamrana ide o bezprecedentn\u00fd krok, ktor\u00fd nazna\u010duje hroziv\u00fa r\u00fdchlos\u0165, akou vl\u00e1da Roberta Fica rozklad\u00e1 z\u00e1kladn\u00e9 piliere zdravej spolo\u010dnosti. V tej pod\u013ea Hamrana doteraz platilo, \u017ee minister vn\u00fatra podozriv\u00fdch zlo\u010dincov&nbsp;vyd\u00e1va spravodlivosti, nie [&hellip;]","og_url":"https:\/\/www.smedemokrati.sk\/en\/minister-vnutra-ma-podozrivych-zlocincov-vydavat-spravodlivosti-nie-s-nimi-robit-rozhovory\/","og_site_name":"Smedemokrati.sk","article_publisher":"https:\/\/www.facebook.com\/smedemokrati2023","article_published_time":"2024-03-20T14:29:15+00:00","article_modified_time":"2024-03-25T14:43:53+00:00","og_image":[{"width":1000,"height":522,"url":"https:\/\/www.smedemokrati.sk\/wp-content\/uploads\/2024\/03\/hamran.jpg","type":"image\/jpeg"}],"author":"miro.sopko","twitter_card":"summary_large_image","twitter_misc":{"Written by":"miro.sopko","Est. reading time":"2 minutes"},"schema":{"@context":"https:\/\/schema.org","@graph":[{"@type":"Article","@id":"https:\/\/www.smedemokrati.sk\/minister-vnutra-ma-podozrivych-zlocincov-vydavat-spravodlivosti-nie-s-nimi-robit-rozhovory\/#article","isPartOf":{"@id":"https:\/\/www.smedemokrati.sk\/minister-vnutra-ma-podozrivych-zlocincov-vydavat-spravodlivosti-nie-s-nimi-robit-rozhovory\/"},"author":{"name":"miro.sopko","@id":"https:\/\/www.smedemokrati.sk\/#\/schema\/person\/21f147c88d605aa7ded900e1e7c344ba"},"headline":"Minister vn\u00fatra m\u00e1 podozriv\u00fdch zlo\u010dincov vyd\u00e1va\u0165 spravodlivosti, nie s nimi robi\u0165 rozhovory","datePublished":"2024-03-20T14:29:15+00:00","dateModified":"2024-03-25T14:43:53+00:00","mainEntityOfPage":{"@id":"https:\/\/www.smedemokrati.sk\/minister-vnutra-ma-podozrivych-zlocincov-vydavat-spravodlivosti-nie-s-nimi-robit-rozhovory\/"},"wordCount":294,"publisher":{"@id":"https:\/\/www.smedemokrati.sk\/#organization"},"image":{"@id":"https:\/\/www.smedemokrati.sk\/minister-vnutra-ma-podozrivych-zlocincov-vydavat-spravodlivosti-nie-s-nimi-robit-rozhovory\/#primaryimage"},"thumbnailUrl":"https:\/\/www.smedemokrati.sk\/wp-content\/uploads\/2024\/03\/hamran.jpg","articleSection":["Tla\u010dov\u00e9 spr\u00e1vy"],"inLanguage":"en-US"},{"@type":"WebPage","@id":"https:\/\/www.smedemokrati.sk\/minister-vnutra-ma-podozrivych-zlocincov-vydavat-spravodlivosti-nie-s-nimi-robit-rozhovory\/","url":"https:\/\/www.smedemokrati.sk\/minister-vnutra-ma-podozrivych-zlocincov-vydavat-spravodlivosti-nie-s-nimi-robit-rozhovory\/","name":"Minister vn\u00fatra m\u00e1 podozriv\u00fdch zlo\u010dincov vyd\u00e1va\u0165 spravodlivosti, nie s nimi robi\u0165 rozhovory - Smedemokrati.sk","isPartOf":{"@id":"https:\/\/www.smedemokrati.sk\/#website"},"primaryImageOfPage":{"@id":"https:\/\/www.smedemokrati.sk\/minister-vnutra-ma-podozrivych-zlocincov-vydavat-spravodlivosti-nie-s-nimi-robit-rozhovory\/#primaryimage"},"image":{"@id":"https:\/\/www.smedemokrati.sk\/minister-vnutra-ma-podozrivych-zlocincov-vydavat-spravodlivosti-nie-s-nimi-robit-rozhovory\/#primaryimage"},"thumbnailUrl":"https:\/\/www.smedemokrati.sk\/wp-content\/uploads\/2024\/03\/hamran.jpg","datePublished":"2024-03-20T14:29:15+00:00","dateModified":"2024-03-25T14:43:53+00:00","breadcrumb":{"@id":"https:\/\/www.smedemokrati.sk\/minister-vnutra-ma-podozrivych-zlocincov-vydavat-spravodlivosti-nie-s-nimi-robit-rozhovory\/#breadcrumb"},"inLanguage":"en-US","potentialAction":[{"@type":"ReadAction","target":["https:\/\/www.smedemokrati.sk\/minister-vnutra-ma-podozrivych-zlocincov-vydavat-spravodlivosti-nie-s-nimi-robit-rozhovory\/"]}]},{"@type":"ImageObject","inLanguage":"en-US","@id":"https:\/\/www.smedemokrati.sk\/minister-vnutra-ma-podozrivych-zlocincov-vydavat-spravodlivosti-nie-s-nimi-robit-rozhovory\/#primaryimage","url":"https:\/\/www.smedemokrati.sk\/wp-content\/uploads\/2024\/03\/hamran.jpg","contentUrl":"https:\/\/www.smedemokrati.sk\/wp-content\/uploads\/2024\/03\/hamran.jpg","width":1000,"height":522},{"@type":"BreadcrumbList","@id":"https:\/\/www.smedemokrati.sk\/minister-vnutra-ma-podozrivych-zlocincov-vydavat-spravodlivosti-nie-s-nimi-robit-rozhovory\/#breadcrumb","itemListElement":[{"@type":"ListItem","position":1,"name":"Domovsk\u00e1 str\u00e1nka","item":"https:\/\/www.smedemokrati.sk\/"},{"@type":"ListItem","position":2,"name":"Minister vn\u00fatra m\u00e1 podozriv\u00fdch zlo\u010dincov vyd\u00e1va\u0165 spravodlivosti, nie s nimi robi\u0165 rozhovory"}]},{"@type":"WebSite","@id":"https:\/\/www.smedemokrati.sk\/#website","url":"https:\/\/www.smedemokrati.sk\/","name":"Smedemokrati.sk","description":"Demokracia a slu\u0161nos\u0165 zv\u00ed\u0165az\u00ed","publisher":{"@id":"https:\/\/www.smedemokrati.sk\/#organization"},"potentialAction":[{"@type":"SearchAction","target":{"@type":"EntryPoint","urlTemplate":"https:\/\/www.smedemokrati.sk\/?s={search_term_string}"},"query-input":{"@type":"PropertyValueSpecification","valueRequired":true,"valueName":"search_term_string"}}],"inLanguage":"en-US"},{"@type":"Organization","@id":"https:\/\/www.smedemokrati.sk\/#organization","name":"Smedemokrati.sk","url":"https:\/\/www.smedemokrati.sk\/","logo":{"@type":"ImageObject","inLanguage":"en-US","@id":"https:\/\/www.smedemokrati.sk\/#\/schema\/logo\/image\/","url":"https:\/\/www.smedemokrati.sk\/wp-content\/uploads\/2023\/04\/ff.002.jpeg","contentUrl":"https:\/\/www.smedemokrati.sk\/wp-content\/uploads\/2023\/04\/ff.002.jpeg","width":640,"height":480,"caption":"Smedemokrati.sk"},"image":{"@id":"https:\/\/www.smedemokrati.sk\/#\/schema\/logo\/image\/"},"sameAs":["https:\/\/www.facebook.com\/smedemokrati2023"]},{"@type":"Person","@id":"https:\/\/www.smedemokrati.sk\/#\/schema\/person\/21f147c88d605aa7ded900e1e7c344ba","name":"miro.sopko","image":{"@type":"ImageObject","inLanguage":"en-US","@id":"https:\/\/secure.gravatar.com\/avatar\/267e4a36f704376c109afe3a78740c1f5dd8675a2180a908699e7863c9247606?s=96&d=mm&r=g","url":"https:\/\/secure.gravatar.com\/avatar\/267e4a36f704376c109afe3a78740c1f5dd8675a2180a908699e7863c9247606?s=96&d=mm&r=g","contentUrl":"https:\/\/secure.gravatar.com\/avatar\/267e4a36f704376c109afe3a78740c1f5dd8675a2180a908699e7863c9247606?s=96&d=mm&r=g","caption":"miro.sopko"},"url":"https:\/\/www.smedemokrati.sk\/en\/author\/miro-sopko\/"}]}},"_links":{"self":[{"href":"https:\/\/www.smedemokrati.sk\/en\/wp-json\/wp\/v2\/posts\/3205","targetHints":{"allow":["GET"]}}],"collection":[{"href":"https:\/\/www.smedemokrati.sk\/en\/wp-json\/wp\/v2\/posts"}],"about":[{"href":"https:\/\/www.smedemokrati.sk\/en\/wp-json\/wp\/v2\/types\/post"}],"author":[{"embeddable":true,"href":"https:\/\/www.smedemokrati.sk\/en\/wp-json\/wp\/v2\/users\/13"}],"replies":[{"embeddable":true,"href":"https:\/\/www.smedemokrati.sk\/en\/wp-json\/wp\/v2\/comments?post=3205"}],"version-history":[{"count":2,"href":"https:\/\/www.smedemokrati.sk\/en\/wp-json\/wp\/v2\/posts\/3205\/revisions"}],"predecessor-version":[{"id":3209,"href":"https:\/\/www.smedemokrati.sk\/en\/wp-json\/wp\/v2\/posts\/3205\/revisions\/3209"}],"wp:featuredmedia":[{"embeddable":true,"href":"https:\/\/www.smedemokrati.sk\/en\/wp-json\/wp\/v2\/media\/3206"}],"wp:attachment":[{"href":"https:\/\/www.smedemokrati.sk\/en\/wp-json\/wp\/v2\/media?parent=3205"}],"wp:term":[{"taxonomy":"category","embeddable":true,"href":"https:\/\/www.smedemokrati.sk\/en\/wp-json\/wp\/v2\/categories?post=3205"},{"taxonomy":"post_tag","embeddable":true,"href":"https:\/\/www.smedemokrati.sk\/en\/wp-json\/wp\/v2\/tags?post=3205"}],"curies":[{"name":"wp","href":"https:\/\/api.w.org\/{rel}","templated":true}]}}