{"id":3181,"date":"2024-03-18T10:41:29","date_gmt":"2024-03-18T09:41:29","guid":{"rendered":"https:\/\/www.smedemokrati.sk\/?p=3181"},"modified":"2024-03-25T13:45:59","modified_gmt":"2024-03-25T12:45:59","slug":"pre-neschopnost-takaca-hrozi-prepadnutie-priamych-platieb-za-stovky-milionov-eur","status":"publish","type":"post","link":"https:\/\/www.smedemokrati.sk\/en\/pre-neschopnost-takaca-hrozi-prepadnutie-priamych-platieb-za-stovky-milionov-eur\/","title":{"rendered":"Pre neschopnos\u0165 Tak\u00e1\u010da hroz\u00ed prepadnutie priamych platieb za stovky mili\u00f3nov eur"},"content":{"rendered":"<div id=\"fb-root\"><\/div>\n\n<p>Vyz\u00fdvame ministra p\u00f4dohospod\u00e1rstva a rozvoja vidieka SR Richarda Tak\u00e1\u010da, aby okam\u017eite za\u010dal kona\u0165 a na najbli\u017e\u0161ie rokovanie vl\u00e1dy predlo\u017eil jasne odpo\u010dtovate\u013en\u00fd pl\u00e1n s term\u00ednmi a zodpovedn\u00fdmi osobami, pod\u013ea ktor\u00e9ho bude vyplaten\u00fdch 100 % priamych platieb po\u013enohospod\u00e1rom. V opa\u010dnom pr\u00edpade hroz\u00ed, \u017ee ak do hrani\u010dn\u00e9ho term\u00ednu 30. j\u00fana 2024 nepr\u00edde k z\u00fa\u010dtovaniu v\u0161etk\u00fdch priamych platieb, m\u00f4\u017eeme pr\u00eds\u0165 a\u017e o stovky mili\u00f3ny eur. Tie bude musie\u0165 Slovensko namiesto eur\u00f3pskych zdrojov, h\u013eada\u0165&nbsp; v \u0161t\u00e1tnom rozpo\u010dte.&nbsp;<\/p>\n\n\n\n<p><em><em>\u201e<\/em>Ak minister Tak\u00e1\u010d nespln\u00ed na\u0161u v\u00fdzvu, tak sa bezodkladne obr\u00e1time na Eur\u00f3psku komisiu, Najvy\u0161\u0161\u00ed kontroln\u00fd \u00farad SR, prokurat\u00faru a \u00darad vl\u00e1dneho auditu. Vyu\u017eijeme v\u0161etky dostupn\u00e9 prostriedky na to, aby sa zjednala n\u00e1prava a za svoju ne\u010dinnos\u0165 niesol minister zodpovednos\u0165\u201d<\/em>, upozor\u0148uje Michal Ki\u010da, expert strany na \u017eivotn\u00e9 prostredie a \u010dlen predsedn\u00edctva.<\/p>\n\n\n\n<p>Pod\u013ea Demokratov nem\u00f4\u017ee Richard Tak\u00e1\u010d &#8220;hra\u0165 vabank&#8221; s na\u0161imi verejn\u00fdmi financiami a u\u017e v\u00f4bec nie s osudmi po\u013enohospod\u00e1rov, ktor\u00ed sa pr\u00e1ve v\u010faka nemu ocitli v existen\u010dnej kr\u00edze. Tak\u00e1\u010d mus\u00ed okam\u017eite za\u010da\u0165 rokova\u0165 a predstavi\u0165 rie\u0161enia ako od\u0161kodn\u00ed v\u0161etk\u00fdch t\u00fdch, ktor\u00fdm v d\u00f4sledku ome\u0161kania vo vypl\u00e1can\u00ed dot\u00e1ci\u00ed vznik\u00e1 \u0161koda r\u00f4zneho charakteru. Demokrati pripom\u00ednaj\u00fa, \u017ee po\u013enohospod\u00e1ri v d\u00f4sledku nevyplaten\u00fdch dot\u00e1ci\u00ed \u010delia exek\u00faci\u00e1m, platobn\u00fdm rozkazom, upomienkam a bud\u00fa musie\u0165 svojim verite\u013eom uhr\u00e1dza\u0165 aj pen\u00e1le \u010di \u00faroky z ome\u0161kania.&nbsp;<em><em>\u201e<\/em>Minister si nem\u00e1 v tak z\u00e1va\u017enej situ\u00e1cii vybera\u0165, s k\u00fdm bude rokova\u0165 a s k\u00fdm nie. Pred vo\u013ebami sa neust\u00e1le oh\u00e1\u0148al rozvojom vidieka, a t\u00fdm ako bude na\u010d\u00fava\u0165 jeho potreb\u00e1m. Men\u0161\u00ed po\u013enohospod\u00e1ri maj\u00fa pre n\u00e1\u0161 dom\u00e1ci trh rovnak\u00fa d\u00f4le\u017eit\u00fa \u00falohu, ako ve\u013ek\u00ed. S\u00fa to \u010dastokr\u00e1t pr\u00e1ve oni, kto dod\u00e1va kvalitn\u00e9 slovensk\u00e9 v\u00fdrobky na na\u0161e stoly. Mal by im prejavova\u0165 re\u0161pekt a \u00factu a nie ich slovne nap\u00e1da\u0165, \u010di pod\u00e1va\u0165 trestn\u00e9 ozn\u00e1menia za ich opr\u00e1vnen\u00fa nespokojnos\u0165\u201d<\/em>, hovor\u00ed Michal Ki\u010da.<\/p>\n\n\n\n<p>Z tohto d\u00f4vodu Demokrati o\u010dak\u00e1vaj\u00fa, \u017ee minister sa mal\u00fdm po\u013enohospod\u00e1rom ospravedln\u00ed a prizve ich k rokovaciemu stolu. Ak tak neurob\u00ed, ponesie priamu zodpovednos\u0165 za ich situ\u00e1ciu.&nbsp;<em><em>\u201e<\/em>Je priam cynick\u00e9, \u017ee minister si nechal zv\u00fd\u0161i\u0165 plat o nieko\u013eko tis\u00edc eur a po\u013enohospod\u00e1rov nech\u00e1va finan\u010dne vykrv\u00e1ca\u0165. Zatia\u013e nepreuk\u00e1zal \u017eiadne mana\u017e\u00e9rske schopnosti, za ktor\u00e9 by si zasl\u00fa\u017eil vy\u0161\u0161\u00ed plat. Ak m\u00e1 v sebe e\u0161te k\u00fasok charakteru, chlapsky ho vyz\u00fdvam, aby sa v\u017eil do ko\u017ee po\u013enohospod\u00e1rov a vzdal sa svojho platu a\u017e do d\u0148a, pokia\u013e nepr\u00eddu vyplaten\u00e9 dot\u00e1cie na \u00fa\u010det v\u0161etk\u00fdm dotknut\u00fdm po\u013enohospod\u00e1rom\u201d,<\/em>&nbsp;uzatv\u00e1ra Michal Ki\u010da.<\/p>\n\n\n\n<figure class=\"wp-block-video\"><video height=\"1080\" style=\"aspect-ratio: 1920 \/ 1080;\" width=\"1920\" controls src=\"https:\/\/www.smedemokrati.sk\/wp-content\/uploads\/2024\/03\/InShot_20240318_100714106.mp4\"><\/video><\/figure>\n","protected":false},"excerpt":{"rendered":"<p>Vyz\u00fdvame ministra p\u00f4dohospod\u00e1rstva a rozvoja vidieka SR Richarda Tak\u00e1\u010da, aby okam\u017eite za\u010dal kona\u0165 a na najbli\u017e\u0161ie rokovanie vl\u00e1dy predlo\u017eil jasne odpo\u010dtovate\u013en\u00fd pl\u00e1n s term\u00ednmi a zodpovedn\u00fdmi osobami, pod\u013ea ktor\u00e9ho bude vyplaten\u00fdch 100 % priamych platieb po\u013enohospod\u00e1rom. V opa\u010dnom pr\u00edpade hroz\u00ed, \u017ee ak do hrani\u010dn\u00e9ho term\u00ednu 30. j\u00fana 2024 nepr\u00edde k z\u00fa\u010dtovaniu v\u0161etk\u00fdch priamych platieb, m\u00f4\u017eeme [&hellip;]<\/p>\n","protected":false},"author":13,"featured_media":3182,"comment_status":"closed","ping_status":"closed","sticky":false,"template":"","format":"standard","meta":{"_acf_changed":false,"ngg_post_thumbnail":0,"footnotes":""},"categories":[4],"tags":[],"class_list":["post-3181","post","type-post","status-publish","format-standard","has-post-thumbnail","hentry","category-tlacove-spravy"],"acf":[],"yoast_head":"<!-- This site is optimized with the Yoast SEO plugin v27.2 - https:\/\/yoast.com\/product\/yoast-seo-wordpress\/ -->\n<title>Pre neschopnos\u0165 Tak\u00e1\u010da hroz\u00ed prepadnutie priamych platieb za stovky mili\u00f3nov eur - Smedemokrati.sk<\/title>\n<meta name=\"robots\" content=\"index, follow, max-snippet:-1, max-image-preview:large, max-video-preview:-1\" \/>\n<link rel=\"canonical\" href=\"https:\/\/www.smedemokrati.sk\/en\/pre-neschopnost-takaca-hrozi-prepadnutie-priamych-platieb-za-stovky-milionov-eur\/\" \/>\n<meta property=\"og:locale\" content=\"en_US\" \/>\n<meta property=\"og:locale:alternate\" content=\"cs_CZ\" \/>\n<meta property=\"og:locale:alternate\" content=\"hu_HU\" \/>\n<meta property=\"og:locale:alternate\" content=\"sk_SK\" \/>\n<meta property=\"og:locale:alternate\" content=\"sv_SE\" \/>\n<meta property=\"og:type\" content=\"article\" \/>\n<meta property=\"og:title\" content=\"Pre neschopnos\u0165 Tak\u00e1\u010da hroz\u00ed prepadnutie priamych platieb za stovky mili\u00f3nov eur - Smedemokrati.sk\" \/>\n<meta property=\"og:description\" content=\"Vyz\u00fdvame ministra p\u00f4dohospod\u00e1rstva a rozvoja vidieka SR Richarda Tak\u00e1\u010da, aby okam\u017eite za\u010dal kona\u0165 a na najbli\u017e\u0161ie rokovanie vl\u00e1dy predlo\u017eil jasne odpo\u010dtovate\u013en\u00fd pl\u00e1n s term\u00ednmi a zodpovedn\u00fdmi osobami, pod\u013ea ktor\u00e9ho bude vyplaten\u00fdch 100 % priamych platieb po\u013enohospod\u00e1rom. V opa\u010dnom pr\u00edpade hroz\u00ed, \u017ee ak do hrani\u010dn\u00e9ho term\u00ednu 30. j\u00fana 2024 nepr\u00edde k z\u00fa\u010dtovaniu v\u0161etk\u00fdch priamych platieb, m\u00f4\u017eeme [&hellip;]\" \/>\n<meta property=\"og:url\" content=\"https:\/\/www.smedemokrati.sk\/en\/pre-neschopnost-takaca-hrozi-prepadnutie-priamych-platieb-za-stovky-milionov-eur\/\" \/>\n<meta property=\"og:site_name\" content=\"Smedemokrati.sk\" \/>\n<meta property=\"article:publisher\" content=\"https:\/\/www.facebook.com\/smedemokrati2023\" \/>\n<meta property=\"article:published_time\" content=\"2024-03-18T09:41:29+00:00\" \/>\n<meta property=\"article:modified_time\" content=\"2024-03-25T12:45:59+00:00\" \/>\n<meta property=\"og:image\" content=\"https:\/\/www.smedemokrati.sk\/wp-content\/uploads\/2024\/03\/takac.jpg\" \/>\n\t<meta property=\"og:image:width\" content=\"2048\" \/>\n\t<meta property=\"og:image:height\" content=\"1366\" \/>\n\t<meta property=\"og:image:type\" content=\"image\/jpeg\" \/>\n<meta name=\"author\" content=\"miro.sopko\" \/>\n<meta name=\"twitter:card\" content=\"summary_large_image\" \/>\n<meta name=\"twitter:label1\" content=\"Written by\" \/>\n\t<meta name=\"twitter:data1\" content=\"miro.sopko\" \/>\n\t<meta name=\"twitter:label2\" content=\"Est. reading time\" \/>\n\t<meta name=\"twitter:data2\" content=\"3 minutes\" \/>\n<script type=\"application\/ld+json\" class=\"yoast-schema-graph\">{\"@context\":\"https:\/\/schema.org\",\"@graph\":[{\"@type\":\"Article\",\"@id\":\"https:\/\/www.smedemokrati.sk\/pre-neschopnost-takaca-hrozi-prepadnutie-priamych-platieb-za-stovky-milionov-eur\/#article\",\"isPartOf\":{\"@id\":\"https:\/\/www.smedemokrati.sk\/pre-neschopnost-takaca-hrozi-prepadnutie-priamych-platieb-za-stovky-milionov-eur\/\"},\"author\":{\"name\":\"miro.sopko\",\"@id\":\"https:\/\/www.smedemokrati.sk\/#\/schema\/person\/21f147c88d605aa7ded900e1e7c344ba\"},\"headline\":\"Pre neschopnos\u0165 Tak\u00e1\u010da hroz\u00ed prepadnutie priamych platieb za stovky mili\u00f3nov eur\",\"datePublished\":\"2024-03-18T09:41:29+00:00\",\"dateModified\":\"2024-03-25T12:45:59+00:00\",\"mainEntityOfPage\":{\"@id\":\"https:\/\/www.smedemokrati.sk\/pre-neschopnost-takaca-hrozi-prepadnutie-priamych-platieb-za-stovky-milionov-eur\/\"},\"wordCount\":530,\"publisher\":{\"@id\":\"https:\/\/www.smedemokrati.sk\/#organization\"},\"image\":{\"@id\":\"https:\/\/www.smedemokrati.sk\/pre-neschopnost-takaca-hrozi-prepadnutie-priamych-platieb-za-stovky-milionov-eur\/#primaryimage\"},\"thumbnailUrl\":\"https:\/\/www.smedemokrati.sk\/wp-content\/uploads\/2024\/03\/takac.jpg\",\"articleSection\":[\"Tla\u010dov\u00e9 spr\u00e1vy\"],\"inLanguage\":\"en-US\"},{\"@type\":\"WebPage\",\"@id\":\"https:\/\/www.smedemokrati.sk\/pre-neschopnost-takaca-hrozi-prepadnutie-priamych-platieb-za-stovky-milionov-eur\/\",\"url\":\"https:\/\/www.smedemokrati.sk\/pre-neschopnost-takaca-hrozi-prepadnutie-priamych-platieb-za-stovky-milionov-eur\/\",\"name\":\"Pre neschopnos\u0165 Tak\u00e1\u010da hroz\u00ed prepadnutie priamych platieb za stovky mili\u00f3nov eur - Smedemokrati.sk\",\"isPartOf\":{\"@id\":\"https:\/\/www.smedemokrati.sk\/#website\"},\"primaryImageOfPage\":{\"@id\":\"https:\/\/www.smedemokrati.sk\/pre-neschopnost-takaca-hrozi-prepadnutie-priamych-platieb-za-stovky-milionov-eur\/#primaryimage\"},\"image\":{\"@id\":\"https:\/\/www.smedemokrati.sk\/pre-neschopnost-takaca-hrozi-prepadnutie-priamych-platieb-za-stovky-milionov-eur\/#primaryimage\"},\"thumbnailUrl\":\"https:\/\/www.smedemokrati.sk\/wp-content\/uploads\/2024\/03\/takac.jpg\",\"datePublished\":\"2024-03-18T09:41:29+00:00\",\"dateModified\":\"2024-03-25T12:45:59+00:00\",\"breadcrumb\":{\"@id\":\"https:\/\/www.smedemokrati.sk\/pre-neschopnost-takaca-hrozi-prepadnutie-priamych-platieb-za-stovky-milionov-eur\/#breadcrumb\"},\"inLanguage\":\"en-US\",\"potentialAction\":[{\"@type\":\"ReadAction\",\"target\":[\"https:\/\/www.smedemokrati.sk\/pre-neschopnost-takaca-hrozi-prepadnutie-priamych-platieb-za-stovky-milionov-eur\/\"]}]},{\"@type\":\"ImageObject\",\"inLanguage\":\"en-US\",\"@id\":\"https:\/\/www.smedemokrati.sk\/pre-neschopnost-takaca-hrozi-prepadnutie-priamych-platieb-za-stovky-milionov-eur\/#primaryimage\",\"url\":\"https:\/\/www.smedemokrati.sk\/wp-content\/uploads\/2024\/03\/takac.jpg\",\"contentUrl\":\"https:\/\/www.smedemokrati.sk\/wp-content\/uploads\/2024\/03\/takac.jpg\",\"width\":2048,\"height\":1366},{\"@type\":\"BreadcrumbList\",\"@id\":\"https:\/\/www.smedemokrati.sk\/pre-neschopnost-takaca-hrozi-prepadnutie-priamych-platieb-za-stovky-milionov-eur\/#breadcrumb\",\"itemListElement\":[{\"@type\":\"ListItem\",\"position\":1,\"name\":\"Domovsk\u00e1 str\u00e1nka\",\"item\":\"https:\/\/www.smedemokrati.sk\/\"},{\"@type\":\"ListItem\",\"position\":2,\"name\":\"Pre neschopnos\u0165 Tak\u00e1\u010da hroz\u00ed prepadnutie priamych platieb za stovky mili\u00f3nov eur\"}]},{\"@type\":\"WebSite\",\"@id\":\"https:\/\/www.smedemokrati.sk\/#website\",\"url\":\"https:\/\/www.smedemokrati.sk\/\",\"name\":\"Smedemokrati.sk\",\"description\":\"Demokracia a slu\u0161nos\u0165 zv\u00ed\u0165az\u00ed\",\"publisher\":{\"@id\":\"https:\/\/www.smedemokrati.sk\/#organization\"},\"potentialAction\":[{\"@type\":\"SearchAction\",\"target\":{\"@type\":\"EntryPoint\",\"urlTemplate\":\"https:\/\/www.smedemokrati.sk\/?s={search_term_string}\"},\"query-input\":{\"@type\":\"PropertyValueSpecification\",\"valueRequired\":true,\"valueName\":\"search_term_string\"}}],\"inLanguage\":\"en-US\"},{\"@type\":\"Organization\",\"@id\":\"https:\/\/www.smedemokrati.sk\/#organization\",\"name\":\"Smedemokrati.sk\",\"url\":\"https:\/\/www.smedemokrati.sk\/\",\"logo\":{\"@type\":\"ImageObject\",\"inLanguage\":\"en-US\",\"@id\":\"https:\/\/www.smedemokrati.sk\/#\/schema\/logo\/image\/\",\"url\":\"https:\/\/www.smedemokrati.sk\/wp-content\/uploads\/2023\/04\/ff.002.jpeg\",\"contentUrl\":\"https:\/\/www.smedemokrati.sk\/wp-content\/uploads\/2023\/04\/ff.002.jpeg\",\"width\":640,\"height\":480,\"caption\":\"Smedemokrati.sk\"},\"image\":{\"@id\":\"https:\/\/www.smedemokrati.sk\/#\/schema\/logo\/image\/\"},\"sameAs\":[\"https:\/\/www.facebook.com\/smedemokrati2023\"]},{\"@type\":\"Person\",\"@id\":\"https:\/\/www.smedemokrati.sk\/#\/schema\/person\/21f147c88d605aa7ded900e1e7c344ba\",\"name\":\"miro.sopko\",\"image\":{\"@type\":\"ImageObject\",\"inLanguage\":\"en-US\",\"@id\":\"https:\/\/secure.gravatar.com\/avatar\/267e4a36f704376c109afe3a78740c1f5dd8675a2180a908699e7863c9247606?s=96&d=mm&r=g\",\"url\":\"https:\/\/secure.gravatar.com\/avatar\/267e4a36f704376c109afe3a78740c1f5dd8675a2180a908699e7863c9247606?s=96&d=mm&r=g\",\"contentUrl\":\"https:\/\/secure.gravatar.com\/avatar\/267e4a36f704376c109afe3a78740c1f5dd8675a2180a908699e7863c9247606?s=96&d=mm&r=g\",\"caption\":\"miro.sopko\"},\"url\":\"https:\/\/www.smedemokrati.sk\/en\/author\/miro-sopko\/\"}]}<\/script>\n<!-- \/ Yoast SEO plugin. -->","yoast_head_json":{"title":"Pre neschopnos\u0165 Tak\u00e1\u010da hroz\u00ed prepadnutie priamych platieb za stovky mili\u00f3nov eur - Smedemokrati.sk","robots":{"index":"index","follow":"follow","max-snippet":"max-snippet:-1","max-image-preview":"max-image-preview:large","max-video-preview":"max-video-preview:-1"},"canonical":"https:\/\/www.smedemokrati.sk\/en\/pre-neschopnost-takaca-hrozi-prepadnutie-priamych-platieb-za-stovky-milionov-eur\/","og_locale":"en_US","og_type":"article","og_title":"Pre neschopnos\u0165 Tak\u00e1\u010da hroz\u00ed prepadnutie priamych platieb za stovky mili\u00f3nov eur - Smedemokrati.sk","og_description":"Vyz\u00fdvame ministra p\u00f4dohospod\u00e1rstva a rozvoja vidieka SR Richarda Tak\u00e1\u010da, aby okam\u017eite za\u010dal kona\u0165 a na najbli\u017e\u0161ie rokovanie vl\u00e1dy predlo\u017eil jasne odpo\u010dtovate\u013en\u00fd pl\u00e1n s term\u00ednmi a zodpovedn\u00fdmi osobami, pod\u013ea ktor\u00e9ho bude vyplaten\u00fdch 100 % priamych platieb po\u013enohospod\u00e1rom. V opa\u010dnom pr\u00edpade hroz\u00ed, \u017ee ak do hrani\u010dn\u00e9ho term\u00ednu 30. j\u00fana 2024 nepr\u00edde k z\u00fa\u010dtovaniu v\u0161etk\u00fdch priamych platieb, m\u00f4\u017eeme [&hellip;]","og_url":"https:\/\/www.smedemokrati.sk\/en\/pre-neschopnost-takaca-hrozi-prepadnutie-priamych-platieb-za-stovky-milionov-eur\/","og_site_name":"Smedemokrati.sk","article_publisher":"https:\/\/www.facebook.com\/smedemokrati2023","article_published_time":"2024-03-18T09:41:29+00:00","article_modified_time":"2024-03-25T12:45:59+00:00","og_image":[{"width":2048,"height":1366,"url":"https:\/\/www.smedemokrati.sk\/wp-content\/uploads\/2024\/03\/takac.jpg","type":"image\/jpeg"}],"author":"miro.sopko","twitter_card":"summary_large_image","twitter_misc":{"Written by":"miro.sopko","Est. reading time":"3 minutes"},"schema":{"@context":"https:\/\/schema.org","@graph":[{"@type":"Article","@id":"https:\/\/www.smedemokrati.sk\/pre-neschopnost-takaca-hrozi-prepadnutie-priamych-platieb-za-stovky-milionov-eur\/#article","isPartOf":{"@id":"https:\/\/www.smedemokrati.sk\/pre-neschopnost-takaca-hrozi-prepadnutie-priamych-platieb-za-stovky-milionov-eur\/"},"author":{"name":"miro.sopko","@id":"https:\/\/www.smedemokrati.sk\/#\/schema\/person\/21f147c88d605aa7ded900e1e7c344ba"},"headline":"Pre neschopnos\u0165 Tak\u00e1\u010da hroz\u00ed prepadnutie priamych platieb za stovky mili\u00f3nov eur","datePublished":"2024-03-18T09:41:29+00:00","dateModified":"2024-03-25T12:45:59+00:00","mainEntityOfPage":{"@id":"https:\/\/www.smedemokrati.sk\/pre-neschopnost-takaca-hrozi-prepadnutie-priamych-platieb-za-stovky-milionov-eur\/"},"wordCount":530,"publisher":{"@id":"https:\/\/www.smedemokrati.sk\/#organization"},"image":{"@id":"https:\/\/www.smedemokrati.sk\/pre-neschopnost-takaca-hrozi-prepadnutie-priamych-platieb-za-stovky-milionov-eur\/#primaryimage"},"thumbnailUrl":"https:\/\/www.smedemokrati.sk\/wp-content\/uploads\/2024\/03\/takac.jpg","articleSection":["Tla\u010dov\u00e9 spr\u00e1vy"],"inLanguage":"en-US"},{"@type":"WebPage","@id":"https:\/\/www.smedemokrati.sk\/pre-neschopnost-takaca-hrozi-prepadnutie-priamych-platieb-za-stovky-milionov-eur\/","url":"https:\/\/www.smedemokrati.sk\/pre-neschopnost-takaca-hrozi-prepadnutie-priamych-platieb-za-stovky-milionov-eur\/","name":"Pre neschopnos\u0165 Tak\u00e1\u010da hroz\u00ed prepadnutie priamych platieb za stovky mili\u00f3nov eur - Smedemokrati.sk","isPartOf":{"@id":"https:\/\/www.smedemokrati.sk\/#website"},"primaryImageOfPage":{"@id":"https:\/\/www.smedemokrati.sk\/pre-neschopnost-takaca-hrozi-prepadnutie-priamych-platieb-za-stovky-milionov-eur\/#primaryimage"},"image":{"@id":"https:\/\/www.smedemokrati.sk\/pre-neschopnost-takaca-hrozi-prepadnutie-priamych-platieb-za-stovky-milionov-eur\/#primaryimage"},"thumbnailUrl":"https:\/\/www.smedemokrati.sk\/wp-content\/uploads\/2024\/03\/takac.jpg","datePublished":"2024-03-18T09:41:29+00:00","dateModified":"2024-03-25T12:45:59+00:00","breadcrumb":{"@id":"https:\/\/www.smedemokrati.sk\/pre-neschopnost-takaca-hrozi-prepadnutie-priamych-platieb-za-stovky-milionov-eur\/#breadcrumb"},"inLanguage":"en-US","potentialAction":[{"@type":"ReadAction","target":["https:\/\/www.smedemokrati.sk\/pre-neschopnost-takaca-hrozi-prepadnutie-priamych-platieb-za-stovky-milionov-eur\/"]}]},{"@type":"ImageObject","inLanguage":"en-US","@id":"https:\/\/www.smedemokrati.sk\/pre-neschopnost-takaca-hrozi-prepadnutie-priamych-platieb-za-stovky-milionov-eur\/#primaryimage","url":"https:\/\/www.smedemokrati.sk\/wp-content\/uploads\/2024\/03\/takac.jpg","contentUrl":"https:\/\/www.smedemokrati.sk\/wp-content\/uploads\/2024\/03\/takac.jpg","width":2048,"height":1366},{"@type":"BreadcrumbList","@id":"https:\/\/www.smedemokrati.sk\/pre-neschopnost-takaca-hrozi-prepadnutie-priamych-platieb-za-stovky-milionov-eur\/#breadcrumb","itemListElement":[{"@type":"ListItem","position":1,"name":"Domovsk\u00e1 str\u00e1nka","item":"https:\/\/www.smedemokrati.sk\/"},{"@type":"ListItem","position":2,"name":"Pre neschopnos\u0165 Tak\u00e1\u010da hroz\u00ed prepadnutie priamych platieb za stovky mili\u00f3nov eur"}]},{"@type":"WebSite","@id":"https:\/\/www.smedemokrati.sk\/#website","url":"https:\/\/www.smedemokrati.sk\/","name":"Smedemokrati.sk","description":"Demokracia a slu\u0161nos\u0165 zv\u00ed\u0165az\u00ed","publisher":{"@id":"https:\/\/www.smedemokrati.sk\/#organization"},"potentialAction":[{"@type":"SearchAction","target":{"@type":"EntryPoint","urlTemplate":"https:\/\/www.smedemokrati.sk\/?s={search_term_string}"},"query-input":{"@type":"PropertyValueSpecification","valueRequired":true,"valueName":"search_term_string"}}],"inLanguage":"en-US"},{"@type":"Organization","@id":"https:\/\/www.smedemokrati.sk\/#organization","name":"Smedemokrati.sk","url":"https:\/\/www.smedemokrati.sk\/","logo":{"@type":"ImageObject","inLanguage":"en-US","@id":"https:\/\/www.smedemokrati.sk\/#\/schema\/logo\/image\/","url":"https:\/\/www.smedemokrati.sk\/wp-content\/uploads\/2023\/04\/ff.002.jpeg","contentUrl":"https:\/\/www.smedemokrati.sk\/wp-content\/uploads\/2023\/04\/ff.002.jpeg","width":640,"height":480,"caption":"Smedemokrati.sk"},"image":{"@id":"https:\/\/www.smedemokrati.sk\/#\/schema\/logo\/image\/"},"sameAs":["https:\/\/www.facebook.com\/smedemokrati2023"]},{"@type":"Person","@id":"https:\/\/www.smedemokrati.sk\/#\/schema\/person\/21f147c88d605aa7ded900e1e7c344ba","name":"miro.sopko","image":{"@type":"ImageObject","inLanguage":"en-US","@id":"https:\/\/secure.gravatar.com\/avatar\/267e4a36f704376c109afe3a78740c1f5dd8675a2180a908699e7863c9247606?s=96&d=mm&r=g","url":"https:\/\/secure.gravatar.com\/avatar\/267e4a36f704376c109afe3a78740c1f5dd8675a2180a908699e7863c9247606?s=96&d=mm&r=g","contentUrl":"https:\/\/secure.gravatar.com\/avatar\/267e4a36f704376c109afe3a78740c1f5dd8675a2180a908699e7863c9247606?s=96&d=mm&r=g","caption":"miro.sopko"},"url":"https:\/\/www.smedemokrati.sk\/en\/author\/miro-sopko\/"}]}},"_links":{"self":[{"href":"https:\/\/www.smedemokrati.sk\/en\/wp-json\/wp\/v2\/posts\/3181","targetHints":{"allow":["GET"]}}],"collection":[{"href":"https:\/\/www.smedemokrati.sk\/en\/wp-json\/wp\/v2\/posts"}],"about":[{"href":"https:\/\/www.smedemokrati.sk\/en\/wp-json\/wp\/v2\/types\/post"}],"author":[{"embeddable":true,"href":"https:\/\/www.smedemokrati.sk\/en\/wp-json\/wp\/v2\/users\/13"}],"replies":[{"embeddable":true,"href":"https:\/\/www.smedemokrati.sk\/en\/wp-json\/wp\/v2\/comments?post=3181"}],"version-history":[{"count":2,"href":"https:\/\/www.smedemokrati.sk\/en\/wp-json\/wp\/v2\/posts\/3181\/revisions"}],"predecessor-version":[{"id":3185,"href":"https:\/\/www.smedemokrati.sk\/en\/wp-json\/wp\/v2\/posts\/3181\/revisions\/3185"}],"wp:featuredmedia":[{"embeddable":true,"href":"https:\/\/www.smedemokrati.sk\/en\/wp-json\/wp\/v2\/media\/3182"}],"wp:attachment":[{"href":"https:\/\/www.smedemokrati.sk\/en\/wp-json\/wp\/v2\/media?parent=3181"}],"wp:term":[{"taxonomy":"category","embeddable":true,"href":"https:\/\/www.smedemokrati.sk\/en\/wp-json\/wp\/v2\/categories?post=3181"},{"taxonomy":"post_tag","embeddable":true,"href":"https:\/\/www.smedemokrati.sk\/en\/wp-json\/wp\/v2\/tags?post=3181"}],"curies":[{"name":"wp","href":"https:\/\/api.w.org\/{rel}","templated":true}]}}