{"id":284,"date":"2023-04-06T11:47:57","date_gmt":"2023-04-06T11:47:57","guid":{"rendered":"https:\/\/www.smedemokrati.sk\/?p=284"},"modified":"2023-04-12T10:23:53","modified_gmt":"2023-04-12T10:23:53","slug":"demokrati-boli-zapisani-do-registra-politickych-stran","status":"publish","type":"post","link":"https:\/\/www.smedemokrati.sk\/en\/demokrati-boli-zapisani-do-registra-politickych-stran\/","title":{"rendered":"Demokrati boli zap\u00edsan\u00ed do registra politick\u00fdch str\u00e1n"},"content":{"rendered":"<div id=\"fb-root\"><\/div>\n\n<p>Vo \u0161tvrtok 16. marca 2023 boli stanovy strany Demokrati zaregistrovan\u00e9 do Registra politick\u00fdch str\u00e1n a politick\u00fdch hnut\u00ed na Ministerstve vn\u00fatra SR. Platn\u00e9 s\u00fa t\u00fdm aj zmeny t\u00fdkaj\u00face sa n\u00e1zvu strany \u010di jej predsedu.<\/p>\n\n\n\n<p>\u201eNov\u00e9 stanovy sme schv\u00e1lili na republikovom sneme v utorok 7. marca 2023. Te\u0161\u00edm sa, \u017ee dnes nadobudli \u00fa\u010dinnos\u0165. V stanov\u00e1ch m\u00e1me jasne definovan\u00fa v\u00edziu a programov\u00e9 ciele. Sme stredovou stranou, ktor\u00e1 presadzuje demokratick\u00e9 princ\u00edpy a pr\u00e1vny \u0161t\u00e1t. Na\u0161im cie\u013eom je budova\u0165 modern\u00e9 a \u00faspe\u0161n\u00e9 Slovensko ako bezpe\u010dn\u00fd a pokojn\u00fd domov pre v\u0161etk\u00fdch obyvate\u013eov, \u010do sp\u00e1jame predov\u0161etk\u00fdm s akt\u00edvnym \u010dlenstvom n\u00e1\u0161ho \u0161t\u00e1tu v Eur\u00f3pskej \u00fanii a NATO. Do slovenskej politiky prin\u00e1\u0161ame politiku zalo\u017een\u00fa na slu\u0161nosti, odbornosti, vz\u00e1jomnom re\u0161pekte a kon\u0161trukt\u00edvnom dial\u00f3gu,\u201c uviedol predseda strany Demokrati Eduard Heger. Ako dodal, \u201e\u00faprimne si \u017eel\u00e1m, aby i\u0161lo o \u0161tandardn\u00fa, dobre funguj\u00facu politick\u00fa stranu, ktor\u00e1 bude spo\u013eahlivou vo\u013ebou pre ka\u017ed\u00e9ho demokrata a ka\u017ed\u00fa demokratku. A to nie len pre jedno volebn\u00e9 obdobie. Pon\u00fakame alternat\u00edvu vo\u010di stran\u00e1m s korup\u010dn\u00fdm pozad\u00edm (SMER-SD, HLAS-SD&#8230;), ako aj vo\u010di antisyst\u00e9movo zameran\u00fdmi stran\u00e1m (Republika, Kotlebovci-\u013dSNS&#8230;).\u201c<\/p>\n\n\n\n<p>Predstavitelia strany rokuj\u00fa o spolupr\u00e1ci s \u010fal\u0161\u00edmi subjektami zo stredo-prav\u00e9ho spektra slovenskej politickej sc\u00e9ny. Do verejn\u00e9ho \u017eivota \u2013 do politiky \u2013 poz\u00fdvaj\u00fa aj \u010fal\u0161ie osobnosti. Presvied\u010daj\u00fa ich, \u017ee sa oplat\u00ed anga\u017eova\u0165 sa v budovan\u00ed s\u00fadr\u017enej spolo\u010dnosti a n\u00e1vratu Slovenska na trajekt\u00f3riu dobiehania \u017eivotnej \u00farovne najv\u00fdkonnej\u0161\u00edch \u010dlensk\u00fdch \u0161t\u00e1tov Eur\u00f3pskej \u00fanie. Paralelne sa s\u00fastredia na tvorbu volebn\u00e9ho programu strany.<\/p>\n\n\n\n<p>Predsedom strany Demokrati je Eduard Heger. Podpredsedn\u00ed\u010dkami strany s\u00fa Andrea Cocherov\u00e1 a Adrea Letanovsk\u00e1, posty podpredsedov zast\u00e1vaj\u00fa aj Miroslav Koll\u00e1r a Jaroslav Na\u010f. \u010clenmi predsedn\u00edctva strany s\u00fa \u010falej Vladim\u00edr Bil\u010d\u00edk, J\u00e1n Budaj, Kristi\u00e1n \u010cekovsk\u00fd, Karel Hirman, Rastislav K\u00e1\u010der, Pavel Nechala, Franti\u0161ek O\u013eha a Peter Markovi\u010d, ktor\u00fd je z\u00e1rove\u0148 gener\u00e1lnym sekret\u00e1rom strany.<\/p>\n","protected":false},"excerpt":{"rendered":"<p>Vo \u0161tvrtok 16. marca 2023 boli stanovy strany Demokrati zaregistrovan\u00e9 do Registra politick\u00fdch str\u00e1n a politick\u00fdch hnut\u00ed na Ministerstve vn\u00fatra SR. Platn\u00e9 s\u00fa t\u00fdm aj zmeny t\u00fdkaj\u00face sa n\u00e1zvu strany \u010di jej predsedu. \u201eNov\u00e9 stanovy sme schv\u00e1lili na republikovom sneme v utorok 7. marca 2023. Te\u0161\u00edm sa, \u017ee dnes nadobudli \u00fa\u010dinnos\u0165. V stanov\u00e1ch m\u00e1me jasne [&hellip;]<\/p>\n","protected":false},"author":1,"featured_media":410,"comment_status":"closed","ping_status":"closed","sticky":false,"template":"","format":"standard","meta":{"_acf_changed":false,"ngg_post_thumbnail":0,"footnotes":""},"categories":[4],"tags":[],"class_list":["post-284","post","type-post","status-publish","format-standard","has-post-thumbnail","hentry","category-tlacove-spravy"],"acf":[],"yoast_head":"<!-- This site is optimized with the Yoast SEO plugin v27.2 - https:\/\/yoast.com\/product\/yoast-seo-wordpress\/ -->\n<title>Demokrati boli zap\u00edsan\u00ed do registra politick\u00fdch str\u00e1n - Smedemokrati.sk<\/title>\n<meta name=\"robots\" content=\"index, follow, max-snippet:-1, max-image-preview:large, max-video-preview:-1\" \/>\n<link rel=\"canonical\" href=\"https:\/\/www.smedemokrati.sk\/en\/demokrati-boli-zapisani-do-registra-politickych-stran\/\" \/>\n<meta property=\"og:locale\" content=\"en_US\" \/>\n<meta property=\"og:locale:alternate\" content=\"cs_CZ\" \/>\n<meta property=\"og:locale:alternate\" content=\"hu_HU\" \/>\n<meta property=\"og:locale:alternate\" content=\"sk_SK\" \/>\n<meta property=\"og:locale:alternate\" content=\"sv_SE\" \/>\n<meta property=\"og:type\" content=\"article\" \/>\n<meta property=\"og:title\" content=\"Demokrati boli zap\u00edsan\u00ed do registra politick\u00fdch str\u00e1n - Smedemokrati.sk\" \/>\n<meta property=\"og:description\" content=\"Vo \u0161tvrtok 16. marca 2023 boli stanovy strany Demokrati zaregistrovan\u00e9 do Registra politick\u00fdch str\u00e1n a politick\u00fdch hnut\u00ed na Ministerstve vn\u00fatra SR. Platn\u00e9 s\u00fa t\u00fdm aj zmeny t\u00fdkaj\u00face sa n\u00e1zvu strany \u010di jej predsedu. \u201eNov\u00e9 stanovy sme schv\u00e1lili na republikovom sneme v utorok 7. marca 2023. Te\u0161\u00edm sa, \u017ee dnes nadobudli \u00fa\u010dinnos\u0165. V stanov\u00e1ch m\u00e1me jasne [&hellip;]\" \/>\n<meta property=\"og:url\" content=\"https:\/\/www.smedemokrati.sk\/en\/demokrati-boli-zapisani-do-registra-politickych-stran\/\" \/>\n<meta property=\"og:site_name\" content=\"Smedemokrati.sk\" \/>\n<meta property=\"article:publisher\" content=\"https:\/\/www.facebook.com\/smedemokrati2023\" \/>\n<meta property=\"article:published_time\" content=\"2023-04-06T11:47:57+00:00\" \/>\n<meta property=\"article:modified_time\" content=\"2023-04-12T10:23:53+00:00\" \/>\n<meta property=\"og:image\" content=\"https:\/\/www.smedemokrati.sk\/wp-content\/uploads\/2023\/04\/ff.004.jpeg\" \/>\n\t<meta property=\"og:image:width\" content=\"640\" \/>\n\t<meta property=\"og:image:height\" content=\"480\" \/>\n\t<meta property=\"og:image:type\" content=\"image\/jpeg\" \/>\n<meta name=\"author\" content=\"admin\" \/>\n<meta name=\"twitter:card\" content=\"summary_large_image\" \/>\n<meta name=\"twitter:label1\" content=\"Written by\" \/>\n\t<meta name=\"twitter:data1\" content=\"admin\" \/>\n\t<meta name=\"twitter:label2\" content=\"Est. reading time\" \/>\n\t<meta name=\"twitter:data2\" content=\"2 minutes\" \/>\n<script type=\"application\/ld+json\" class=\"yoast-schema-graph\">{\"@context\":\"https:\/\/schema.org\",\"@graph\":[{\"@type\":\"Article\",\"@id\":\"https:\/\/www.smedemokrati.sk\/demokrati-boli-zapisani-do-registra-politickych-stran\/#article\",\"isPartOf\":{\"@id\":\"https:\/\/www.smedemokrati.sk\/demokrati-boli-zapisani-do-registra-politickych-stran\/\"},\"author\":{\"name\":\"admin\",\"@id\":\"https:\/\/www.smedemokrati.sk\/#\/schema\/person\/dee9d51e8f3108fd58bc46fcc124934d\"},\"headline\":\"Demokrati boli zap\u00edsan\u00ed do registra politick\u00fdch str\u00e1n\",\"datePublished\":\"2023-04-06T11:47:57+00:00\",\"dateModified\":\"2023-04-12T10:23:53+00:00\",\"mainEntityOfPage\":{\"@id\":\"https:\/\/www.smedemokrati.sk\/demokrati-boli-zapisani-do-registra-politickych-stran\/\"},\"wordCount\":372,\"publisher\":{\"@id\":\"https:\/\/www.smedemokrati.sk\/#organization\"},\"image\":{\"@id\":\"https:\/\/www.smedemokrati.sk\/demokrati-boli-zapisani-do-registra-politickych-stran\/#primaryimage\"},\"thumbnailUrl\":\"https:\/\/www.smedemokrati.sk\/wp-content\/uploads\/2023\/04\/ff.004.jpeg\",\"articleSection\":[\"Tla\u010dov\u00e9 spr\u00e1vy\"],\"inLanguage\":\"en-US\"},{\"@type\":\"WebPage\",\"@id\":\"https:\/\/www.smedemokrati.sk\/demokrati-boli-zapisani-do-registra-politickych-stran\/\",\"url\":\"https:\/\/www.smedemokrati.sk\/demokrati-boli-zapisani-do-registra-politickych-stran\/\",\"name\":\"Demokrati boli zap\u00edsan\u00ed do registra politick\u00fdch str\u00e1n - Smedemokrati.sk\",\"isPartOf\":{\"@id\":\"https:\/\/www.smedemokrati.sk\/#website\"},\"primaryImageOfPage\":{\"@id\":\"https:\/\/www.smedemokrati.sk\/demokrati-boli-zapisani-do-registra-politickych-stran\/#primaryimage\"},\"image\":{\"@id\":\"https:\/\/www.smedemokrati.sk\/demokrati-boli-zapisani-do-registra-politickych-stran\/#primaryimage\"},\"thumbnailUrl\":\"https:\/\/www.smedemokrati.sk\/wp-content\/uploads\/2023\/04\/ff.004.jpeg\",\"datePublished\":\"2023-04-06T11:47:57+00:00\",\"dateModified\":\"2023-04-12T10:23:53+00:00\",\"breadcrumb\":{\"@id\":\"https:\/\/www.smedemokrati.sk\/demokrati-boli-zapisani-do-registra-politickych-stran\/#breadcrumb\"},\"inLanguage\":\"en-US\",\"potentialAction\":[{\"@type\":\"ReadAction\",\"target\":[\"https:\/\/www.smedemokrati.sk\/demokrati-boli-zapisani-do-registra-politickych-stran\/\"]}]},{\"@type\":\"ImageObject\",\"inLanguage\":\"en-US\",\"@id\":\"https:\/\/www.smedemokrati.sk\/demokrati-boli-zapisani-do-registra-politickych-stran\/#primaryimage\",\"url\":\"https:\/\/www.smedemokrati.sk\/wp-content\/uploads\/2023\/04\/ff.004.jpeg\",\"contentUrl\":\"https:\/\/www.smedemokrati.sk\/wp-content\/uploads\/2023\/04\/ff.004.jpeg\",\"width\":640,\"height\":480},{\"@type\":\"BreadcrumbList\",\"@id\":\"https:\/\/www.smedemokrati.sk\/demokrati-boli-zapisani-do-registra-politickych-stran\/#breadcrumb\",\"itemListElement\":[{\"@type\":\"ListItem\",\"position\":1,\"name\":\"Domovsk\u00e1 str\u00e1nka\",\"item\":\"https:\/\/www.smedemokrati.sk\/\"},{\"@type\":\"ListItem\",\"position\":2,\"name\":\"Demokrati boli zap\u00edsan\u00ed do registra politick\u00fdch str\u00e1n\"}]},{\"@type\":\"WebSite\",\"@id\":\"https:\/\/www.smedemokrati.sk\/#website\",\"url\":\"https:\/\/www.smedemokrati.sk\/\",\"name\":\"Smedemokrati.sk\",\"description\":\"Demokracia a slu\u0161nos\u0165 zv\u00ed\u0165az\u00ed\",\"publisher\":{\"@id\":\"https:\/\/www.smedemokrati.sk\/#organization\"},\"potentialAction\":[{\"@type\":\"SearchAction\",\"target\":{\"@type\":\"EntryPoint\",\"urlTemplate\":\"https:\/\/www.smedemokrati.sk\/?s={search_term_string}\"},\"query-input\":{\"@type\":\"PropertyValueSpecification\",\"valueRequired\":true,\"valueName\":\"search_term_string\"}}],\"inLanguage\":\"en-US\"},{\"@type\":\"Organization\",\"@id\":\"https:\/\/www.smedemokrati.sk\/#organization\",\"name\":\"Smedemokrati.sk\",\"url\":\"https:\/\/www.smedemokrati.sk\/\",\"logo\":{\"@type\":\"ImageObject\",\"inLanguage\":\"en-US\",\"@id\":\"https:\/\/www.smedemokrati.sk\/#\/schema\/logo\/image\/\",\"url\":\"https:\/\/www.smedemokrati.sk\/wp-content\/uploads\/2023\/04\/ff.002.jpeg\",\"contentUrl\":\"https:\/\/www.smedemokrati.sk\/wp-content\/uploads\/2023\/04\/ff.002.jpeg\",\"width\":640,\"height\":480,\"caption\":\"Smedemokrati.sk\"},\"image\":{\"@id\":\"https:\/\/www.smedemokrati.sk\/#\/schema\/logo\/image\/\"},\"sameAs\":[\"https:\/\/www.facebook.com\/smedemokrati2023\"]},{\"@type\":\"Person\",\"@id\":\"https:\/\/www.smedemokrati.sk\/#\/schema\/person\/dee9d51e8f3108fd58bc46fcc124934d\",\"name\":\"admin\",\"image\":{\"@type\":\"ImageObject\",\"inLanguage\":\"en-US\",\"@id\":\"https:\/\/secure.gravatar.com\/avatar\/d6862d2a795ca0130d2a9b58ff4226e06bc79aa7240e35cbed810a10d01485d3?s=96&d=mm&r=g\",\"url\":\"https:\/\/secure.gravatar.com\/avatar\/d6862d2a795ca0130d2a9b58ff4226e06bc79aa7240e35cbed810a10d01485d3?s=96&d=mm&r=g\",\"contentUrl\":\"https:\/\/secure.gravatar.com\/avatar\/d6862d2a795ca0130d2a9b58ff4226e06bc79aa7240e35cbed810a10d01485d3?s=96&d=mm&r=g\",\"caption\":\"admin\"},\"sameAs\":[\"https:\/\/www.smedemokrati.sk\"],\"url\":\"https:\/\/www.smedemokrati.sk\/en\/author\/admin\/\"}]}<\/script>\n<!-- \/ Yoast SEO plugin. -->","yoast_head_json":{"title":"Demokrati boli zap\u00edsan\u00ed do registra politick\u00fdch str\u00e1n - Smedemokrati.sk","robots":{"index":"index","follow":"follow","max-snippet":"max-snippet:-1","max-image-preview":"max-image-preview:large","max-video-preview":"max-video-preview:-1"},"canonical":"https:\/\/www.smedemokrati.sk\/en\/demokrati-boli-zapisani-do-registra-politickych-stran\/","og_locale":"en_US","og_type":"article","og_title":"Demokrati boli zap\u00edsan\u00ed do registra politick\u00fdch str\u00e1n - Smedemokrati.sk","og_description":"Vo \u0161tvrtok 16. marca 2023 boli stanovy strany Demokrati zaregistrovan\u00e9 do Registra politick\u00fdch str\u00e1n a politick\u00fdch hnut\u00ed na Ministerstve vn\u00fatra SR. Platn\u00e9 s\u00fa t\u00fdm aj zmeny t\u00fdkaj\u00face sa n\u00e1zvu strany \u010di jej predsedu. \u201eNov\u00e9 stanovy sme schv\u00e1lili na republikovom sneme v utorok 7. marca 2023. Te\u0161\u00edm sa, \u017ee dnes nadobudli \u00fa\u010dinnos\u0165. V stanov\u00e1ch m\u00e1me jasne [&hellip;]","og_url":"https:\/\/www.smedemokrati.sk\/en\/demokrati-boli-zapisani-do-registra-politickych-stran\/","og_site_name":"Smedemokrati.sk","article_publisher":"https:\/\/www.facebook.com\/smedemokrati2023","article_published_time":"2023-04-06T11:47:57+00:00","article_modified_time":"2023-04-12T10:23:53+00:00","og_image":[{"width":640,"height":480,"url":"https:\/\/www.smedemokrati.sk\/wp-content\/uploads\/2023\/04\/ff.004.jpeg","type":"image\/jpeg"}],"author":"admin","twitter_card":"summary_large_image","twitter_misc":{"Written by":"admin","Est. reading time":"2 minutes"},"schema":{"@context":"https:\/\/schema.org","@graph":[{"@type":"Article","@id":"https:\/\/www.smedemokrati.sk\/demokrati-boli-zapisani-do-registra-politickych-stran\/#article","isPartOf":{"@id":"https:\/\/www.smedemokrati.sk\/demokrati-boli-zapisani-do-registra-politickych-stran\/"},"author":{"name":"admin","@id":"https:\/\/www.smedemokrati.sk\/#\/schema\/person\/dee9d51e8f3108fd58bc46fcc124934d"},"headline":"Demokrati boli zap\u00edsan\u00ed do registra politick\u00fdch str\u00e1n","datePublished":"2023-04-06T11:47:57+00:00","dateModified":"2023-04-12T10:23:53+00:00","mainEntityOfPage":{"@id":"https:\/\/www.smedemokrati.sk\/demokrati-boli-zapisani-do-registra-politickych-stran\/"},"wordCount":372,"publisher":{"@id":"https:\/\/www.smedemokrati.sk\/#organization"},"image":{"@id":"https:\/\/www.smedemokrati.sk\/demokrati-boli-zapisani-do-registra-politickych-stran\/#primaryimage"},"thumbnailUrl":"https:\/\/www.smedemokrati.sk\/wp-content\/uploads\/2023\/04\/ff.004.jpeg","articleSection":["Tla\u010dov\u00e9 spr\u00e1vy"],"inLanguage":"en-US"},{"@type":"WebPage","@id":"https:\/\/www.smedemokrati.sk\/demokrati-boli-zapisani-do-registra-politickych-stran\/","url":"https:\/\/www.smedemokrati.sk\/demokrati-boli-zapisani-do-registra-politickych-stran\/","name":"Demokrati boli zap\u00edsan\u00ed do registra politick\u00fdch str\u00e1n - Smedemokrati.sk","isPartOf":{"@id":"https:\/\/www.smedemokrati.sk\/#website"},"primaryImageOfPage":{"@id":"https:\/\/www.smedemokrati.sk\/demokrati-boli-zapisani-do-registra-politickych-stran\/#primaryimage"},"image":{"@id":"https:\/\/www.smedemokrati.sk\/demokrati-boli-zapisani-do-registra-politickych-stran\/#primaryimage"},"thumbnailUrl":"https:\/\/www.smedemokrati.sk\/wp-content\/uploads\/2023\/04\/ff.004.jpeg","datePublished":"2023-04-06T11:47:57+00:00","dateModified":"2023-04-12T10:23:53+00:00","breadcrumb":{"@id":"https:\/\/www.smedemokrati.sk\/demokrati-boli-zapisani-do-registra-politickych-stran\/#breadcrumb"},"inLanguage":"en-US","potentialAction":[{"@type":"ReadAction","target":["https:\/\/www.smedemokrati.sk\/demokrati-boli-zapisani-do-registra-politickych-stran\/"]}]},{"@type":"ImageObject","inLanguage":"en-US","@id":"https:\/\/www.smedemokrati.sk\/demokrati-boli-zapisani-do-registra-politickych-stran\/#primaryimage","url":"https:\/\/www.smedemokrati.sk\/wp-content\/uploads\/2023\/04\/ff.004.jpeg","contentUrl":"https:\/\/www.smedemokrati.sk\/wp-content\/uploads\/2023\/04\/ff.004.jpeg","width":640,"height":480},{"@type":"BreadcrumbList","@id":"https:\/\/www.smedemokrati.sk\/demokrati-boli-zapisani-do-registra-politickych-stran\/#breadcrumb","itemListElement":[{"@type":"ListItem","position":1,"name":"Domovsk\u00e1 str\u00e1nka","item":"https:\/\/www.smedemokrati.sk\/"},{"@type":"ListItem","position":2,"name":"Demokrati boli zap\u00edsan\u00ed do registra politick\u00fdch str\u00e1n"}]},{"@type":"WebSite","@id":"https:\/\/www.smedemokrati.sk\/#website","url":"https:\/\/www.smedemokrati.sk\/","name":"Smedemokrati.sk","description":"Demokracia a slu\u0161nos\u0165 zv\u00ed\u0165az\u00ed","publisher":{"@id":"https:\/\/www.smedemokrati.sk\/#organization"},"potentialAction":[{"@type":"SearchAction","target":{"@type":"EntryPoint","urlTemplate":"https:\/\/www.smedemokrati.sk\/?s={search_term_string}"},"query-input":{"@type":"PropertyValueSpecification","valueRequired":true,"valueName":"search_term_string"}}],"inLanguage":"en-US"},{"@type":"Organization","@id":"https:\/\/www.smedemokrati.sk\/#organization","name":"Smedemokrati.sk","url":"https:\/\/www.smedemokrati.sk\/","logo":{"@type":"ImageObject","inLanguage":"en-US","@id":"https:\/\/www.smedemokrati.sk\/#\/schema\/logo\/image\/","url":"https:\/\/www.smedemokrati.sk\/wp-content\/uploads\/2023\/04\/ff.002.jpeg","contentUrl":"https:\/\/www.smedemokrati.sk\/wp-content\/uploads\/2023\/04\/ff.002.jpeg","width":640,"height":480,"caption":"Smedemokrati.sk"},"image":{"@id":"https:\/\/www.smedemokrati.sk\/#\/schema\/logo\/image\/"},"sameAs":["https:\/\/www.facebook.com\/smedemokrati2023"]},{"@type":"Person","@id":"https:\/\/www.smedemokrati.sk\/#\/schema\/person\/dee9d51e8f3108fd58bc46fcc124934d","name":"admin","image":{"@type":"ImageObject","inLanguage":"en-US","@id":"https:\/\/secure.gravatar.com\/avatar\/d6862d2a795ca0130d2a9b58ff4226e06bc79aa7240e35cbed810a10d01485d3?s=96&d=mm&r=g","url":"https:\/\/secure.gravatar.com\/avatar\/d6862d2a795ca0130d2a9b58ff4226e06bc79aa7240e35cbed810a10d01485d3?s=96&d=mm&r=g","contentUrl":"https:\/\/secure.gravatar.com\/avatar\/d6862d2a795ca0130d2a9b58ff4226e06bc79aa7240e35cbed810a10d01485d3?s=96&d=mm&r=g","caption":"admin"},"sameAs":["https:\/\/www.smedemokrati.sk"],"url":"https:\/\/www.smedemokrati.sk\/en\/author\/admin\/"}]}},"_links":{"self":[{"href":"https:\/\/www.smedemokrati.sk\/en\/wp-json\/wp\/v2\/posts\/284","targetHints":{"allow":["GET"]}}],"collection":[{"href":"https:\/\/www.smedemokrati.sk\/en\/wp-json\/wp\/v2\/posts"}],"about":[{"href":"https:\/\/www.smedemokrati.sk\/en\/wp-json\/wp\/v2\/types\/post"}],"author":[{"embeddable":true,"href":"https:\/\/www.smedemokrati.sk\/en\/wp-json\/wp\/v2\/users\/1"}],"replies":[{"embeddable":true,"href":"https:\/\/www.smedemokrati.sk\/en\/wp-json\/wp\/v2\/comments?post=284"}],"version-history":[{"count":0,"href":"https:\/\/www.smedemokrati.sk\/en\/wp-json\/wp\/v2\/posts\/284\/revisions"}],"wp:featuredmedia":[{"embeddable":true,"href":"https:\/\/www.smedemokrati.sk\/en\/wp-json\/wp\/v2\/media\/410"}],"wp:attachment":[{"href":"https:\/\/www.smedemokrati.sk\/en\/wp-json\/wp\/v2\/media?parent=284"}],"wp:term":[{"taxonomy":"category","embeddable":true,"href":"https:\/\/www.smedemokrati.sk\/en\/wp-json\/wp\/v2\/categories?post=284"},{"taxonomy":"post_tag","embeddable":true,"href":"https:\/\/www.smedemokrati.sk\/en\/wp-json\/wp\/v2\/tags?post=284"}],"curies":[{"name":"wp","href":"https:\/\/api.w.org\/{rel}","templated":true}]}}