{"id":2727,"date":"2024-02-19T16:59:57","date_gmt":"2024-02-19T14:59:57","guid":{"rendered":"https:\/\/www.smedemokrati.sk\/?p=2727"},"modified":"2024-03-01T12:08:57","modified_gmt":"2024-03-01T10:08:57","slug":"kroky-policie-nedavaju-zmysel-mozu-totiz-umoznit-volny-pohyb-hladaneho-expolicajt","status":"publish","type":"post","link":"https:\/\/www.smedemokrati.sk\/en\/kroky-policie-nedavaju-zmysel-mozu-totiz-umoznit-volny-pohyb-hladaneho-expolicajt\/","title":{"rendered":"Kroky pol\u00edcie ned\u00e1vaj\u00fa zmysel, m\u00f4\u017eu toti\u017e umo\u017eni\u0165 vo\u013en\u00fd pohyb h\u013eadan\u00e9ho expolicajt"},"content":{"rendered":"<div id=\"fb-root\"><\/div>\n\n<p><strong>Pod\u013ea Juraja \u0160eligu je rozhodnutie stiahnu\u0165 fotografiu expolicajta Mari\u00e1na Ku\u010derku z policajnej datab\u00e1zy h\u013eadan\u00fdch os\u00f4b nelogick\u00fdm krokom, ktor\u00e9 doteraz nebolo riadne vysvetlen\u00e9. Expert hnutia Demokrati na spravodlivos\u0165 upozor\u0148uje, \u017ee slovensk\u00e1 datab\u00e1za je prepojen\u00e1 s medzin\u00e1rodnou organiz\u00e1ciou Interpol. Ak sa tam Ku\u010derkova fotografia u\u017e nenach\u00e1dza mohlo by to znamena\u0165, \u017ee sa h\u013eadan\u00e1 osoba sa m\u00f4\u017ee vo\u013ene pohybova\u0165 po Eur\u00f3pe.<\/strong><\/p>\n\n\n\n<p>Pol\u00edcia nijako nevysvet\u013euje pre\u010do stiahla fotografiu h\u013eadan\u00e9ho z datab\u00e1zy, odvol\u00e1va sa iba na nekonkr\u00e9tne operat\u00edvno p\u00e1tracie techniky:&nbsp;<em>\u201eAk\u00e1 to je technika, stiahnu\u0165 fotografiu niekoho koho h\u013ead\u00e1te a kto je pr\u00e1voplatne ods\u00faden\u00fd? Nem\u00e1 to by\u0165 tak, \u017ee ak je niekto h\u013eadan\u00fd, jeho fotografia m\u00e1 by\u0165 v\u0161ade aby v pr\u00edpade, \u017ee ho niekto uvid\u00ed kontaktoval pol\u00edciu?,\u201d<\/em>&nbsp;hovor\u00ed \u0160eliga&nbsp;a p\u00fdta sa, \u010di je Ku\u010derkov identikit e\u0161te v datab\u00e1zach Interpolu, preto\u017ee slovensk\u00e1 datab\u00e1za je prepojen\u00e1 pr\u00e1ve s datab\u00e1zami Interpolu. Komentuje, \u017ee ak bol Ku\u010derka vymazan\u00fd z datab\u00e1zy Interpolu bez rozhodnutia Najvy\u0161\u0161ieho s\u00fadu, ktor\u00fd vydal medzin\u00e1rodn\u00fd zatyka\u010d, ide o trestn\u00fd \u010din, za ktor\u00fd musia by\u0165 vyvoden\u00e9 d\u00f4sledky.&nbsp;Vyz\u00fdva preto zodpovedn\u00e9 org\u00e1ny na riadne vysvetlenie postupu, inak sa m\u00f4\u017ee verejnos\u0165 domnieva\u0165, \u017ee sa h\u013eadan\u00e1 osoba m\u00f4\u017ee slobodne pohybova\u0165 po Eur\u00f3pe a m\u00f4\u017ee ma\u0165 podozrenie, \u017ee na\u0161a pol\u00edcia jej pom\u00e1ha.<\/p>\n\n\n\n<p>Expolicajt Mari\u00e1n Ku\u010derka je pr\u00e1voplatne ods\u00faden\u00fd, Najvy\u0161\u0161\u00ed s\u00fad na neho vydal zatyka\u010d za korupciu, odsedie\u0165 si m\u00e1 vy\u0161e 10 rokov.<\/p>\n\n\n\n<iframe src=\"https:\/\/www.facebook.com\/plugins\/video.php?href=https%3A%2F%2Fwww.facebook.com%2FJurajSeligaPravnik%2Fvideos%2F927029332002824%2F&#038;width=600&#038;show_text=false&#038;height=1067&#038;appId\" width=\"600\" height=\"1067\" style=\"border:none;overflow:hidden\" scrolling=\"no\" frameborder=\"0\" allowfullscreen=\"true\" allow=\"autoplay; clipboard-write; encrypted-media; picture-in-picture; web-share\" allowFullScreen=\"true\"><\/iframe>\n","protected":false},"excerpt":{"rendered":"<p>Pod\u013ea Juraja \u0160eligu je rozhodnutie stiahnu\u0165 fotografiu expolicajta Mari\u00e1na Ku\u010derku z policajnej datab\u00e1zy h\u013eadan\u00fdch os\u00f4b nelogick\u00fdm krokom, ktor\u00e9 doteraz nebolo riadne vysvetlen\u00e9. Expert hnutia Demokrati na spravodlivos\u0165 upozor\u0148uje, \u017ee slovensk\u00e1 datab\u00e1za je prepojen\u00e1 s medzin\u00e1rodnou organiz\u00e1ciou Interpol. Ak sa tam Ku\u010derkova fotografia u\u017e nenach\u00e1dza mohlo by to znamena\u0165, \u017ee sa h\u013eadan\u00e1 osoba sa m\u00f4\u017ee vo\u013ene [&hellip;]<\/p>\n","protected":false},"author":7,"featured_media":2733,"comment_status":"closed","ping_status":"closed","sticky":false,"template":"","format":"standard","meta":{"_acf_changed":false,"ngg_post_thumbnail":0,"footnotes":""},"categories":[4],"tags":[],"class_list":["post-2727","post","type-post","status-publish","format-standard","has-post-thumbnail","hentry","category-tlacove-spravy"],"acf":[],"yoast_head":"<!-- This site is optimized with the Yoast SEO plugin v27.2 - https:\/\/yoast.com\/product\/yoast-seo-wordpress\/ -->\n<title>Kroky pol\u00edcie ned\u00e1vaj\u00fa zmysel, m\u00f4\u017eu toti\u017e umo\u017eni\u0165 vo\u013en\u00fd pohyb h\u013eadan\u00e9ho expolicajt - Smedemokrati.sk<\/title>\n<meta name=\"robots\" content=\"index, follow, max-snippet:-1, max-image-preview:large, max-video-preview:-1\" \/>\n<link rel=\"canonical\" href=\"https:\/\/www.smedemokrati.sk\/en\/kroky-policie-nedavaju-zmysel-mozu-totiz-umoznit-volny-pohyb-hladaneho-expolicajt\/\" \/>\n<meta property=\"og:locale\" content=\"en_US\" \/>\n<meta property=\"og:locale:alternate\" content=\"cs_CZ\" \/>\n<meta property=\"og:locale:alternate\" content=\"hu_HU\" \/>\n<meta property=\"og:locale:alternate\" content=\"sk_SK\" \/>\n<meta property=\"og:locale:alternate\" content=\"sv_SE\" \/>\n<meta property=\"og:type\" content=\"article\" \/>\n<meta property=\"og:title\" content=\"Kroky pol\u00edcie ned\u00e1vaj\u00fa zmysel, m\u00f4\u017eu toti\u017e umo\u017eni\u0165 vo\u013en\u00fd pohyb h\u013eadan\u00e9ho expolicajt - Smedemokrati.sk\" \/>\n<meta property=\"og:description\" content=\"Pod\u013ea Juraja \u0160eligu je rozhodnutie stiahnu\u0165 fotografiu expolicajta Mari\u00e1na Ku\u010derku z policajnej datab\u00e1zy h\u013eadan\u00fdch os\u00f4b nelogick\u00fdm krokom, ktor\u00e9 doteraz nebolo riadne vysvetlen\u00e9. Expert hnutia Demokrati na spravodlivos\u0165 upozor\u0148uje, \u017ee slovensk\u00e1 datab\u00e1za je prepojen\u00e1 s medzin\u00e1rodnou organiz\u00e1ciou Interpol. Ak sa tam Ku\u010derkova fotografia u\u017e nenach\u00e1dza mohlo by to znamena\u0165, \u017ee sa h\u013eadan\u00e1 osoba sa m\u00f4\u017ee vo\u013ene [&hellip;]\" \/>\n<meta property=\"og:url\" content=\"https:\/\/www.smedemokrati.sk\/en\/kroky-policie-nedavaju-zmysel-mozu-totiz-umoznit-volny-pohyb-hladaneho-expolicajt\/\" \/>\n<meta property=\"og:site_name\" content=\"Smedemokrati.sk\" \/>\n<meta property=\"article:publisher\" content=\"https:\/\/www.facebook.com\/smedemokrati2023\" \/>\n<meta property=\"article:published_time\" content=\"2024-02-19T14:59:57+00:00\" \/>\n<meta property=\"article:modified_time\" content=\"2024-03-01T10:08:57+00:00\" \/>\n<meta property=\"og:image\" content=\"https:\/\/www.smedemokrati.sk\/wp-content\/uploads\/2024\/02\/jerevan-e1708508890256.jpg\" \/>\n\t<meta property=\"og:image:width\" content=\"603\" \/>\n\t<meta property=\"og:image:height\" content=\"741\" \/>\n\t<meta property=\"og:image:type\" content=\"image\/jpeg\" \/>\n<meta name=\"author\" content=\"Tom\u00e1\u0161 Koppl\" \/>\n<meta name=\"twitter:card\" content=\"summary_large_image\" \/>\n<meta name=\"twitter:label1\" content=\"Written by\" \/>\n\t<meta name=\"twitter:data1\" content=\"Tom\u00e1\u0161 Koppl\" \/>\n\t<meta name=\"twitter:label2\" content=\"Est. reading time\" \/>\n\t<meta name=\"twitter:data2\" content=\"2 minutes\" \/>\n<script type=\"application\/ld+json\" class=\"yoast-schema-graph\">{\"@context\":\"https:\/\/schema.org\",\"@graph\":[{\"@type\":\"Article\",\"@id\":\"https:\/\/www.smedemokrati.sk\/kroky-policie-nedavaju-zmysel-mozu-totiz-umoznit-volny-pohyb-hladaneho-expolicajt\/#article\",\"isPartOf\":{\"@id\":\"https:\/\/www.smedemokrati.sk\/kroky-policie-nedavaju-zmysel-mozu-totiz-umoznit-volny-pohyb-hladaneho-expolicajt\/\"},\"author\":{\"name\":\"Tom\u00e1\u0161 Koppl\",\"@id\":\"https:\/\/www.smedemokrati.sk\/#\/schema\/person\/c60720f4b9955b3c1ed222ebd1fbbc7c\"},\"headline\":\"Kroky pol\u00edcie ned\u00e1vaj\u00fa zmysel, m\u00f4\u017eu toti\u017e umo\u017eni\u0165 vo\u013en\u00fd pohyb h\u013eadan\u00e9ho expolicajt\",\"datePublished\":\"2024-02-19T14:59:57+00:00\",\"dateModified\":\"2024-03-01T10:08:57+00:00\",\"mainEntityOfPage\":{\"@id\":\"https:\/\/www.smedemokrati.sk\/kroky-policie-nedavaju-zmysel-mozu-totiz-umoznit-volny-pohyb-hladaneho-expolicajt\/\"},\"wordCount\":299,\"publisher\":{\"@id\":\"https:\/\/www.smedemokrati.sk\/#organization\"},\"image\":{\"@id\":\"https:\/\/www.smedemokrati.sk\/kroky-policie-nedavaju-zmysel-mozu-totiz-umoznit-volny-pohyb-hladaneho-expolicajt\/#primaryimage\"},\"thumbnailUrl\":\"https:\/\/www.smedemokrati.sk\/wp-content\/uploads\/2024\/02\/jerevan-e1708508890256.jpg\",\"articleSection\":[\"Tla\u010dov\u00e9 spr\u00e1vy\"],\"inLanguage\":\"en-US\"},{\"@type\":\"WebPage\",\"@id\":\"https:\/\/www.smedemokrati.sk\/kroky-policie-nedavaju-zmysel-mozu-totiz-umoznit-volny-pohyb-hladaneho-expolicajt\/\",\"url\":\"https:\/\/www.smedemokrati.sk\/kroky-policie-nedavaju-zmysel-mozu-totiz-umoznit-volny-pohyb-hladaneho-expolicajt\/\",\"name\":\"Kroky pol\u00edcie ned\u00e1vaj\u00fa zmysel, m\u00f4\u017eu toti\u017e umo\u017eni\u0165 vo\u013en\u00fd pohyb h\u013eadan\u00e9ho expolicajt - Smedemokrati.sk\",\"isPartOf\":{\"@id\":\"https:\/\/www.smedemokrati.sk\/#website\"},\"primaryImageOfPage\":{\"@id\":\"https:\/\/www.smedemokrati.sk\/kroky-policie-nedavaju-zmysel-mozu-totiz-umoznit-volny-pohyb-hladaneho-expolicajt\/#primaryimage\"},\"image\":{\"@id\":\"https:\/\/www.smedemokrati.sk\/kroky-policie-nedavaju-zmysel-mozu-totiz-umoznit-volny-pohyb-hladaneho-expolicajt\/#primaryimage\"},\"thumbnailUrl\":\"https:\/\/www.smedemokrati.sk\/wp-content\/uploads\/2024\/02\/jerevan-e1708508890256.jpg\",\"datePublished\":\"2024-02-19T14:59:57+00:00\",\"dateModified\":\"2024-03-01T10:08:57+00:00\",\"breadcrumb\":{\"@id\":\"https:\/\/www.smedemokrati.sk\/kroky-policie-nedavaju-zmysel-mozu-totiz-umoznit-volny-pohyb-hladaneho-expolicajt\/#breadcrumb\"},\"inLanguage\":\"en-US\",\"potentialAction\":[{\"@type\":\"ReadAction\",\"target\":[\"https:\/\/www.smedemokrati.sk\/kroky-policie-nedavaju-zmysel-mozu-totiz-umoznit-volny-pohyb-hladaneho-expolicajt\/\"]}]},{\"@type\":\"ImageObject\",\"inLanguage\":\"en-US\",\"@id\":\"https:\/\/www.smedemokrati.sk\/kroky-policie-nedavaju-zmysel-mozu-totiz-umoznit-volny-pohyb-hladaneho-expolicajt\/#primaryimage\",\"url\":\"https:\/\/www.smedemokrati.sk\/wp-content\/uploads\/2024\/02\/jerevan-e1708508890256.jpg\",\"contentUrl\":\"https:\/\/www.smedemokrati.sk\/wp-content\/uploads\/2024\/02\/jerevan-e1708508890256.jpg\",\"width\":603,\"height\":741},{\"@type\":\"BreadcrumbList\",\"@id\":\"https:\/\/www.smedemokrati.sk\/kroky-policie-nedavaju-zmysel-mozu-totiz-umoznit-volny-pohyb-hladaneho-expolicajt\/#breadcrumb\",\"itemListElement\":[{\"@type\":\"ListItem\",\"position\":1,\"name\":\"Domovsk\u00e1 str\u00e1nka\",\"item\":\"https:\/\/www.smedemokrati.sk\/\"},{\"@type\":\"ListItem\",\"position\":2,\"name\":\"Kroky pol\u00edcie ned\u00e1vaj\u00fa zmysel, m\u00f4\u017eu toti\u017e umo\u017eni\u0165 vo\u013en\u00fd pohyb h\u013eadan\u00e9ho expolicajt\"}]},{\"@type\":\"WebSite\",\"@id\":\"https:\/\/www.smedemokrati.sk\/#website\",\"url\":\"https:\/\/www.smedemokrati.sk\/\",\"name\":\"Smedemokrati.sk\",\"description\":\"Demokracia a slu\u0161nos\u0165 zv\u00ed\u0165az\u00ed\",\"publisher\":{\"@id\":\"https:\/\/www.smedemokrati.sk\/#organization\"},\"potentialAction\":[{\"@type\":\"SearchAction\",\"target\":{\"@type\":\"EntryPoint\",\"urlTemplate\":\"https:\/\/www.smedemokrati.sk\/?s={search_term_string}\"},\"query-input\":{\"@type\":\"PropertyValueSpecification\",\"valueRequired\":true,\"valueName\":\"search_term_string\"}}],\"inLanguage\":\"en-US\"},{\"@type\":\"Organization\",\"@id\":\"https:\/\/www.smedemokrati.sk\/#organization\",\"name\":\"Smedemokrati.sk\",\"url\":\"https:\/\/www.smedemokrati.sk\/\",\"logo\":{\"@type\":\"ImageObject\",\"inLanguage\":\"en-US\",\"@id\":\"https:\/\/www.smedemokrati.sk\/#\/schema\/logo\/image\/\",\"url\":\"https:\/\/www.smedemokrati.sk\/wp-content\/uploads\/2023\/04\/ff.002.jpeg\",\"contentUrl\":\"https:\/\/www.smedemokrati.sk\/wp-content\/uploads\/2023\/04\/ff.002.jpeg\",\"width\":640,\"height\":480,\"caption\":\"Smedemokrati.sk\"},\"image\":{\"@id\":\"https:\/\/www.smedemokrati.sk\/#\/schema\/logo\/image\/\"},\"sameAs\":[\"https:\/\/www.facebook.com\/smedemokrati2023\"]},{\"@type\":\"Person\",\"@id\":\"https:\/\/www.smedemokrati.sk\/#\/schema\/person\/c60720f4b9955b3c1ed222ebd1fbbc7c\",\"name\":\"Tom\u00e1\u0161 Koppl\",\"image\":{\"@type\":\"ImageObject\",\"inLanguage\":\"en-US\",\"@id\":\"https:\/\/secure.gravatar.com\/avatar\/8dfa38373c5e39821baf74c8e867a6f12e12c6dab6559aa999d10703b0b1c4ce?s=96&d=mm&r=g\",\"url\":\"https:\/\/secure.gravatar.com\/avatar\/8dfa38373c5e39821baf74c8e867a6f12e12c6dab6559aa999d10703b0b1c4ce?s=96&d=mm&r=g\",\"contentUrl\":\"https:\/\/secure.gravatar.com\/avatar\/8dfa38373c5e39821baf74c8e867a6f12e12c6dab6559aa999d10703b0b1c4ce?s=96&d=mm&r=g\",\"caption\":\"Tom\u00e1\u0161 Koppl\"},\"url\":\"https:\/\/www.smedemokrati.sk\/en\/author\/tomaskoppl\/\"}]}<\/script>\n<!-- \/ Yoast SEO plugin. -->","yoast_head_json":{"title":"Kroky pol\u00edcie ned\u00e1vaj\u00fa zmysel, m\u00f4\u017eu toti\u017e umo\u017eni\u0165 vo\u013en\u00fd pohyb h\u013eadan\u00e9ho expolicajt - Smedemokrati.sk","robots":{"index":"index","follow":"follow","max-snippet":"max-snippet:-1","max-image-preview":"max-image-preview:large","max-video-preview":"max-video-preview:-1"},"canonical":"https:\/\/www.smedemokrati.sk\/en\/kroky-policie-nedavaju-zmysel-mozu-totiz-umoznit-volny-pohyb-hladaneho-expolicajt\/","og_locale":"en_US","og_type":"article","og_title":"Kroky pol\u00edcie ned\u00e1vaj\u00fa zmysel, m\u00f4\u017eu toti\u017e umo\u017eni\u0165 vo\u013en\u00fd pohyb h\u013eadan\u00e9ho expolicajt - Smedemokrati.sk","og_description":"Pod\u013ea Juraja \u0160eligu je rozhodnutie stiahnu\u0165 fotografiu expolicajta Mari\u00e1na Ku\u010derku z policajnej datab\u00e1zy h\u013eadan\u00fdch os\u00f4b nelogick\u00fdm krokom, ktor\u00e9 doteraz nebolo riadne vysvetlen\u00e9. Expert hnutia Demokrati na spravodlivos\u0165 upozor\u0148uje, \u017ee slovensk\u00e1 datab\u00e1za je prepojen\u00e1 s medzin\u00e1rodnou organiz\u00e1ciou Interpol. Ak sa tam Ku\u010derkova fotografia u\u017e nenach\u00e1dza mohlo by to znamena\u0165, \u017ee sa h\u013eadan\u00e1 osoba sa m\u00f4\u017ee vo\u013ene [&hellip;]","og_url":"https:\/\/www.smedemokrati.sk\/en\/kroky-policie-nedavaju-zmysel-mozu-totiz-umoznit-volny-pohyb-hladaneho-expolicajt\/","og_site_name":"Smedemokrati.sk","article_publisher":"https:\/\/www.facebook.com\/smedemokrati2023","article_published_time":"2024-02-19T14:59:57+00:00","article_modified_time":"2024-03-01T10:08:57+00:00","og_image":[{"width":603,"height":741,"url":"https:\/\/www.smedemokrati.sk\/wp-content\/uploads\/2024\/02\/jerevan-e1708508890256.jpg","type":"image\/jpeg"}],"author":"Tom\u00e1\u0161 Koppl","twitter_card":"summary_large_image","twitter_misc":{"Written by":"Tom\u00e1\u0161 Koppl","Est. reading time":"2 minutes"},"schema":{"@context":"https:\/\/schema.org","@graph":[{"@type":"Article","@id":"https:\/\/www.smedemokrati.sk\/kroky-policie-nedavaju-zmysel-mozu-totiz-umoznit-volny-pohyb-hladaneho-expolicajt\/#article","isPartOf":{"@id":"https:\/\/www.smedemokrati.sk\/kroky-policie-nedavaju-zmysel-mozu-totiz-umoznit-volny-pohyb-hladaneho-expolicajt\/"},"author":{"name":"Tom\u00e1\u0161 Koppl","@id":"https:\/\/www.smedemokrati.sk\/#\/schema\/person\/c60720f4b9955b3c1ed222ebd1fbbc7c"},"headline":"Kroky pol\u00edcie ned\u00e1vaj\u00fa zmysel, m\u00f4\u017eu toti\u017e umo\u017eni\u0165 vo\u013en\u00fd pohyb h\u013eadan\u00e9ho expolicajt","datePublished":"2024-02-19T14:59:57+00:00","dateModified":"2024-03-01T10:08:57+00:00","mainEntityOfPage":{"@id":"https:\/\/www.smedemokrati.sk\/kroky-policie-nedavaju-zmysel-mozu-totiz-umoznit-volny-pohyb-hladaneho-expolicajt\/"},"wordCount":299,"publisher":{"@id":"https:\/\/www.smedemokrati.sk\/#organization"},"image":{"@id":"https:\/\/www.smedemokrati.sk\/kroky-policie-nedavaju-zmysel-mozu-totiz-umoznit-volny-pohyb-hladaneho-expolicajt\/#primaryimage"},"thumbnailUrl":"https:\/\/www.smedemokrati.sk\/wp-content\/uploads\/2024\/02\/jerevan-e1708508890256.jpg","articleSection":["Tla\u010dov\u00e9 spr\u00e1vy"],"inLanguage":"en-US"},{"@type":"WebPage","@id":"https:\/\/www.smedemokrati.sk\/kroky-policie-nedavaju-zmysel-mozu-totiz-umoznit-volny-pohyb-hladaneho-expolicajt\/","url":"https:\/\/www.smedemokrati.sk\/kroky-policie-nedavaju-zmysel-mozu-totiz-umoznit-volny-pohyb-hladaneho-expolicajt\/","name":"Kroky pol\u00edcie ned\u00e1vaj\u00fa zmysel, m\u00f4\u017eu toti\u017e umo\u017eni\u0165 vo\u013en\u00fd pohyb h\u013eadan\u00e9ho expolicajt - Smedemokrati.sk","isPartOf":{"@id":"https:\/\/www.smedemokrati.sk\/#website"},"primaryImageOfPage":{"@id":"https:\/\/www.smedemokrati.sk\/kroky-policie-nedavaju-zmysel-mozu-totiz-umoznit-volny-pohyb-hladaneho-expolicajt\/#primaryimage"},"image":{"@id":"https:\/\/www.smedemokrati.sk\/kroky-policie-nedavaju-zmysel-mozu-totiz-umoznit-volny-pohyb-hladaneho-expolicajt\/#primaryimage"},"thumbnailUrl":"https:\/\/www.smedemokrati.sk\/wp-content\/uploads\/2024\/02\/jerevan-e1708508890256.jpg","datePublished":"2024-02-19T14:59:57+00:00","dateModified":"2024-03-01T10:08:57+00:00","breadcrumb":{"@id":"https:\/\/www.smedemokrati.sk\/kroky-policie-nedavaju-zmysel-mozu-totiz-umoznit-volny-pohyb-hladaneho-expolicajt\/#breadcrumb"},"inLanguage":"en-US","potentialAction":[{"@type":"ReadAction","target":["https:\/\/www.smedemokrati.sk\/kroky-policie-nedavaju-zmysel-mozu-totiz-umoznit-volny-pohyb-hladaneho-expolicajt\/"]}]},{"@type":"ImageObject","inLanguage":"en-US","@id":"https:\/\/www.smedemokrati.sk\/kroky-policie-nedavaju-zmysel-mozu-totiz-umoznit-volny-pohyb-hladaneho-expolicajt\/#primaryimage","url":"https:\/\/www.smedemokrati.sk\/wp-content\/uploads\/2024\/02\/jerevan-e1708508890256.jpg","contentUrl":"https:\/\/www.smedemokrati.sk\/wp-content\/uploads\/2024\/02\/jerevan-e1708508890256.jpg","width":603,"height":741},{"@type":"BreadcrumbList","@id":"https:\/\/www.smedemokrati.sk\/kroky-policie-nedavaju-zmysel-mozu-totiz-umoznit-volny-pohyb-hladaneho-expolicajt\/#breadcrumb","itemListElement":[{"@type":"ListItem","position":1,"name":"Domovsk\u00e1 str\u00e1nka","item":"https:\/\/www.smedemokrati.sk\/"},{"@type":"ListItem","position":2,"name":"Kroky pol\u00edcie ned\u00e1vaj\u00fa zmysel, m\u00f4\u017eu toti\u017e umo\u017eni\u0165 vo\u013en\u00fd pohyb h\u013eadan\u00e9ho expolicajt"}]},{"@type":"WebSite","@id":"https:\/\/www.smedemokrati.sk\/#website","url":"https:\/\/www.smedemokrati.sk\/","name":"Smedemokrati.sk","description":"Demokracia a slu\u0161nos\u0165 zv\u00ed\u0165az\u00ed","publisher":{"@id":"https:\/\/www.smedemokrati.sk\/#organization"},"potentialAction":[{"@type":"SearchAction","target":{"@type":"EntryPoint","urlTemplate":"https:\/\/www.smedemokrati.sk\/?s={search_term_string}"},"query-input":{"@type":"PropertyValueSpecification","valueRequired":true,"valueName":"search_term_string"}}],"inLanguage":"en-US"},{"@type":"Organization","@id":"https:\/\/www.smedemokrati.sk\/#organization","name":"Smedemokrati.sk","url":"https:\/\/www.smedemokrati.sk\/","logo":{"@type":"ImageObject","inLanguage":"en-US","@id":"https:\/\/www.smedemokrati.sk\/#\/schema\/logo\/image\/","url":"https:\/\/www.smedemokrati.sk\/wp-content\/uploads\/2023\/04\/ff.002.jpeg","contentUrl":"https:\/\/www.smedemokrati.sk\/wp-content\/uploads\/2023\/04\/ff.002.jpeg","width":640,"height":480,"caption":"Smedemokrati.sk"},"image":{"@id":"https:\/\/www.smedemokrati.sk\/#\/schema\/logo\/image\/"},"sameAs":["https:\/\/www.facebook.com\/smedemokrati2023"]},{"@type":"Person","@id":"https:\/\/www.smedemokrati.sk\/#\/schema\/person\/c60720f4b9955b3c1ed222ebd1fbbc7c","name":"Tom\u00e1\u0161 Koppl","image":{"@type":"ImageObject","inLanguage":"en-US","@id":"https:\/\/secure.gravatar.com\/avatar\/8dfa38373c5e39821baf74c8e867a6f12e12c6dab6559aa999d10703b0b1c4ce?s=96&d=mm&r=g","url":"https:\/\/secure.gravatar.com\/avatar\/8dfa38373c5e39821baf74c8e867a6f12e12c6dab6559aa999d10703b0b1c4ce?s=96&d=mm&r=g","contentUrl":"https:\/\/secure.gravatar.com\/avatar\/8dfa38373c5e39821baf74c8e867a6f12e12c6dab6559aa999d10703b0b1c4ce?s=96&d=mm&r=g","caption":"Tom\u00e1\u0161 Koppl"},"url":"https:\/\/www.smedemokrati.sk\/en\/author\/tomaskoppl\/"}]}},"_links":{"self":[{"href":"https:\/\/www.smedemokrati.sk\/en\/wp-json\/wp\/v2\/posts\/2727","targetHints":{"allow":["GET"]}}],"collection":[{"href":"https:\/\/www.smedemokrati.sk\/en\/wp-json\/wp\/v2\/posts"}],"about":[{"href":"https:\/\/www.smedemokrati.sk\/en\/wp-json\/wp\/v2\/types\/post"}],"author":[{"embeddable":true,"href":"https:\/\/www.smedemokrati.sk\/en\/wp-json\/wp\/v2\/users\/7"}],"replies":[{"embeddable":true,"href":"https:\/\/www.smedemokrati.sk\/en\/wp-json\/wp\/v2\/comments?post=2727"}],"version-history":[{"count":3,"href":"https:\/\/www.smedemokrati.sk\/en\/wp-json\/wp\/v2\/posts\/2727\/revisions"}],"predecessor-version":[{"id":2735,"href":"https:\/\/www.smedemokrati.sk\/en\/wp-json\/wp\/v2\/posts\/2727\/revisions\/2735"}],"wp:featuredmedia":[{"embeddable":true,"href":"https:\/\/www.smedemokrati.sk\/en\/wp-json\/wp\/v2\/media\/2733"}],"wp:attachment":[{"href":"https:\/\/www.smedemokrati.sk\/en\/wp-json\/wp\/v2\/media?parent=2727"}],"wp:term":[{"taxonomy":"category","embeddable":true,"href":"https:\/\/www.smedemokrati.sk\/en\/wp-json\/wp\/v2\/categories?post=2727"},{"taxonomy":"post_tag","embeddable":true,"href":"https:\/\/www.smedemokrati.sk\/en\/wp-json\/wp\/v2\/tags?post=2727"}],"curies":[{"name":"wp","href":"https:\/\/api.w.org\/{rel}","templated":true}]}}