{"id":2699,"date":"2024-02-14T16:38:15","date_gmt":"2024-02-14T14:38:15","guid":{"rendered":"https:\/\/www.smedemokrati.sk\/?p=2699"},"modified":"2024-02-16T12:53:03","modified_gmt":"2024-02-16T10:53:03","slug":"fico-nasiel-svojho-lexu","status":"publish","type":"post","link":"https:\/\/www.smedemokrati.sk\/en\/fico-nasiel-svojho-lexu\/","title":{"rendered":"Fico na\u0161iel svojho Lexu"},"content":{"rendered":"<div id=\"fb-root\"><\/div>\n\n<p><strong>Pod\u013ea Demokratov by bol Pavol Ga\u0161par na poz\u00edcii riadite\u013ea SIS priamym ohrozen\u00edm bezpe\u010dnosti Slovenska a Slovensk\u00e1 informa\u010dn\u00e1 slu\u017eba by sa stala \u00faplne izolovan\u00e1.<\/strong><\/p>\n\n\n\n<p><strong>Jaroslav Na\u010f<\/strong>, \u0161\u00e9f Demokratov pripom\u00edna, \u017ee jednotliv\u00e9, aj zahrani\u010dn\u00e9 spravodajsk\u00e9 slu\u017eby si potrebuj\u00fa vz\u00e1jomne vymie\u0148a\u0165 d\u00f4vern\u00e9 inform\u00e1cie a\u00a0v\u00fdmena t\u00fdchto inform\u00e1ci\u00ed prebieha na z\u00e1klade vz\u00e1jomnej d\u00f4very. Av\u0161ak plat\u00ed, \u017ee pre ned\u00f4veryhodn\u00e9 vedenie, ktor\u00e9 by reprezentoval aj Pavol Ga\u0161par hroz\u00ed, \u017ee Slovensko nebude dost\u00e1va\u0165 \u017eivotne d\u00f4le\u017eit\u00e9 inform\u00e1cie:\u00a0\u00a0<em>\u201eAko b\u00fdval\u00fd minister viem z prvej ruky poveda\u0165, \u017ee toto rozhodnutie n\u00e1s odstrihne od tak\u00fdch inform\u00e1ci\u00ed, ktor\u00e9 m\u00f4\u017eu ma\u0165 za n\u00e1sledok priame ohrozenie na\u0161ej bezpe\u010dnosti. Viete, s\u00fa to aj na\u0161i spojenci a partneri, ktor\u00ed n\u00e1s upozor\u0148uj\u00fa napr\u00edklad na terorizmus, nebezpe\u010dn\u00e9 prechody h\u013eadan\u00fdch os\u00f4b cez na\u0161e \u00fazemie a podobne. P\u00fdtam sa, ak\u00fd d\u00f4vod bud\u00fa ma\u0165 spravodajsk\u00e9 slu\u017eby s nami spolupracova\u0165 ak vedia, \u017ee v\u0161etky d\u00f4le\u017eit\u00e9 inform\u00e1cie m\u00f4\u017eu skon\u010di\u0165 v\u00a0ruk\u00e1ch \u013eud\u00ed, ktor\u00ed s\u00fa podozriv\u00ed zo z\u00e1va\u017enej trestnej \u010dinnosti. U\u017e dnes m\u00e1m sign\u00e1ly od na\u0161ich partnerov, \u017ee t\u00e1to nomin\u00e1cia by len preh\u013abila izol\u00e1ciu Slovenska a\u00a0tak by \u0161kodila z\u00e1ujmom ob\u010danov na\u0161ej krajiny,\u201c<\/em>\u00a0uzatv\u00e1ra Jaroslav Na\u010f.<\/p>\n\n\n\n<p><em>\u201eSlovensk\u00e1 informa\u010dn\u00e1 slu\u017eba mus\u00ed plni\u0165 svoje z\u00e1konn\u00e9 povinnos\u0165 a\u00a0pom\u00e1ha\u0165 chr\u00e1ni\u0165 \u00fastavn\u00e9 zriadenie Slovenska. Okrem in\u00e9ho z\u00edskava aj inform\u00e1cie o\u00a0organizovanej trestnej \u010dinnosti, tieto inform\u00e1cie mus\u00ed spracova\u0165 a\u00a0post\u00fapi\u0165 \u010falej. Povedzte mi, ak\u00fa m\u00e1me garanciu, \u017ee Pavol Ga\u0161par post\u00fapi tak\u00e9to inform\u00e1cie, ak by sa t\u00fdkali jeho otca Tibora Ga\u0161para, ktor\u00fd je dnes ob\u017ealovan\u00fd a\u00a0podozriv\u00fd zo z\u00e1va\u017enej trestnej \u010dinnosti? Rovnako ako m\u00e1me veri\u0165, \u017ee Pavol Ga\u0161par, ktor\u00fd sa vyjadroval, \u017ee by \u201eodstr\u00e1nil\u201c \u0161peci\u00e1lneho prokur\u00e1tora bude vies\u0165 SIS tak, aby bola profesion\u00e1lna a\u00a0nesl\u00fa\u017eila na politick\u00fa objedn\u00e1vku? Ak\u00fa m\u00e1me z\u00e1ruku, \u017ee Pavol Ga\u0161par by nezneu\u017e\u00edval slu\u017ebu na diskredit\u00e1ciu oponentov, ktor\u00ed kritizuj\u00fa jeho otca alebo stranu Smer alebo politiku tejto strany. O\u00a0t\u00fdchto pochybnostiach sved\u010dia aj verejn\u00e9 vyjadrenia p\u00e1na Ga\u0161para mlad\u0161ieho. Nehovoriac o\u00a0tom, \u017ee SIS kontroluje osobitn\u00fd parlamentn\u00fd v\u00fdbor, \u010dlenom tohto v\u00fdboru je pr\u00e1ve otec p\u00e1na Pavla Ga\u0161para &#8211; Tibor. Ako m\u00e1 otec kontrolova\u0165 syna? Kde je nez\u00e1visl\u00e1 kontrola? Nie je! Pr\u00e1ve toto s\u00fa argumenty, ktor\u00e9 by mala pani prezidentka zv\u00e1\u017ei\u0165 a\u00a0odmietnu\u0165 vymenova\u0165 Pavla Ga\u0161para do funkcie riadite\u013ea Slovenskej informa\u010dnej slu\u017eby,\u201c<\/em>\u00a0povedal\u00a0<strong>Juraj \u0160eliga<\/strong>, podpredseda strany.<\/p>\n\n\n\n<p>Expremi\u00e9r\u00a0<strong>Eduard Heger<\/strong>\u00a0dodal, \u017ee pova\u017euje nomin\u00e1ciu za dostato\u010dne neod\u00f4vodnen\u00fa, na ktor\u00fa nem\u00e1 Pavol Ga\u0161par osobnostn\u00e9 ani profesijne predpoklady.\u00a0<em>\u201eJe povinnos\u0165ou premi\u00e9ra zabezpe\u010di\u0165\u00a0tak\u00fa nomin\u00e1ciu, ktor\u00e1 je nespochybnite\u013en\u00e1 a\u00a0poskytuje v\u0161etky z\u00e1ruky na to, aby Slovensk\u00e1 informa\u010dn\u00e1 slu\u017eba fungovala riadne.\u201c<\/em><\/p>\n\n\n\n<figure class=\"wp-block-embed is-type-video is-provider-youtube wp-block-embed-youtube wp-embed-aspect-16-9 wp-has-aspect-ratio\"><div class=\"wp-block-embed__wrapper\">\n<iframe title=\"\ud83d\udd34Live: Fico na\u0161iel svojho Lexu\" width=\"500\" height=\"281\" src=\"https:\/\/www.youtube.com\/embed\/IKbOCGmRiy8?feature=oembed\" frameborder=\"0\" allow=\"accelerometer; autoplay; clipboard-write; encrypted-media; gyroscope; picture-in-picture; web-share\" referrerpolicy=\"strict-origin-when-cross-origin\" allowfullscreen><\/iframe>\n<\/div><\/figure>\n","protected":false},"excerpt":{"rendered":"<p>Pod\u013ea Demokratov by bol Pavol Ga\u0161par na poz\u00edcii riadite\u013ea SIS priamym ohrozen\u00edm bezpe\u010dnosti Slovenska a Slovensk\u00e1 informa\u010dn\u00e1 slu\u017eba by sa stala \u00faplne izolovan\u00e1. Jaroslav Na\u010f, \u0161\u00e9f Demokratov pripom\u00edna, \u017ee jednotliv\u00e9, aj zahrani\u010dn\u00e9 spravodajsk\u00e9 slu\u017eby si potrebuj\u00fa vz\u00e1jomne vymie\u0148a\u0165 d\u00f4vern\u00e9 inform\u00e1cie a\u00a0v\u00fdmena t\u00fdchto inform\u00e1ci\u00ed prebieha na z\u00e1klade vz\u00e1jomnej d\u00f4very. Av\u0161ak plat\u00ed, \u017ee pre ned\u00f4veryhodn\u00e9 vedenie, ktor\u00e9 [&hellip;]<\/p>\n","protected":false},"author":7,"featured_media":2700,"comment_status":"closed","ping_status":"closed","sticky":false,"template":"","format":"standard","meta":{"_acf_changed":false,"ngg_post_thumbnail":0,"footnotes":""},"categories":[4],"tags":[],"class_list":["post-2699","post","type-post","status-publish","format-standard","has-post-thumbnail","hentry","category-tlacove-spravy"],"acf":[],"yoast_head":"<!-- This site is optimized with the Yoast SEO plugin v27.2 - https:\/\/yoast.com\/product\/yoast-seo-wordpress\/ -->\n<title>Fico na\u0161iel svojho Lexu - Smedemokrati.sk<\/title>\n<meta name=\"robots\" content=\"index, follow, max-snippet:-1, max-image-preview:large, max-video-preview:-1\" \/>\n<link rel=\"canonical\" href=\"https:\/\/www.smedemokrati.sk\/en\/fico-nasiel-svojho-lexu\/\" \/>\n<meta property=\"og:locale\" content=\"en_US\" \/>\n<meta property=\"og:locale:alternate\" content=\"cs_CZ\" \/>\n<meta property=\"og:locale:alternate\" content=\"hu_HU\" \/>\n<meta property=\"og:locale:alternate\" content=\"sk_SK\" \/>\n<meta property=\"og:locale:alternate\" content=\"sv_SE\" \/>\n<meta property=\"og:type\" content=\"article\" \/>\n<meta property=\"og:title\" content=\"Fico na\u0161iel svojho Lexu - Smedemokrati.sk\" \/>\n<meta property=\"og:description\" content=\"Pod\u013ea Demokratov by bol Pavol Ga\u0161par na poz\u00edcii riadite\u013ea SIS priamym ohrozen\u00edm bezpe\u010dnosti Slovenska a Slovensk\u00e1 informa\u010dn\u00e1 slu\u017eba by sa stala \u00faplne izolovan\u00e1. Jaroslav Na\u010f, \u0161\u00e9f Demokratov pripom\u00edna, \u017ee jednotliv\u00e9, aj zahrani\u010dn\u00e9 spravodajsk\u00e9 slu\u017eby si potrebuj\u00fa vz\u00e1jomne vymie\u0148a\u0165 d\u00f4vern\u00e9 inform\u00e1cie a\u00a0v\u00fdmena t\u00fdchto inform\u00e1ci\u00ed prebieha na z\u00e1klade vz\u00e1jomnej d\u00f4very. Av\u0161ak plat\u00ed, \u017ee pre ned\u00f4veryhodn\u00e9 vedenie, ktor\u00e9 [&hellip;]\" \/>\n<meta property=\"og:url\" content=\"https:\/\/www.smedemokrati.sk\/en\/fico-nasiel-svojho-lexu\/\" \/>\n<meta property=\"og:site_name\" content=\"Smedemokrati.sk\" \/>\n<meta property=\"article:publisher\" content=\"https:\/\/www.facebook.com\/smedemokrati2023\" \/>\n<meta property=\"article:published_time\" content=\"2024-02-14T14:38:15+00:00\" \/>\n<meta property=\"article:modified_time\" content=\"2024-02-16T10:53:03+00:00\" \/>\n<meta property=\"og:image\" content=\"https:\/\/www.smedemokrati.sk\/wp-content\/uploads\/2024\/02\/sss.jpg\" \/>\n\t<meta property=\"og:image:width\" content=\"1909\" \/>\n\t<meta property=\"og:image:height\" content=\"1175\" \/>\n\t<meta property=\"og:image:type\" content=\"image\/jpeg\" \/>\n<meta name=\"author\" content=\"Tom\u00e1\u0161 Koppl\" \/>\n<meta name=\"twitter:card\" content=\"summary_large_image\" \/>\n<meta name=\"twitter:label1\" content=\"Written by\" \/>\n\t<meta name=\"twitter:data1\" content=\"Tom\u00e1\u0161 Koppl\" \/>\n\t<meta name=\"twitter:label2\" content=\"Est. reading time\" \/>\n\t<meta name=\"twitter:data2\" content=\"3 minutes\" \/>\n<script type=\"application\/ld+json\" class=\"yoast-schema-graph\">{\"@context\":\"https:\/\/schema.org\",\"@graph\":[{\"@type\":\"Article\",\"@id\":\"https:\/\/www.smedemokrati.sk\/fico-nasiel-svojho-lexu\/#article\",\"isPartOf\":{\"@id\":\"https:\/\/www.smedemokrati.sk\/fico-nasiel-svojho-lexu\/\"},\"author\":{\"name\":\"Tom\u00e1\u0161 Koppl\",\"@id\":\"https:\/\/www.smedemokrati.sk\/#\/schema\/person\/c60720f4b9955b3c1ed222ebd1fbbc7c\"},\"headline\":\"Fico na\u0161iel svojho Lexu\",\"datePublished\":\"2024-02-14T14:38:15+00:00\",\"dateModified\":\"2024-02-16T10:53:03+00:00\",\"mainEntityOfPage\":{\"@id\":\"https:\/\/www.smedemokrati.sk\/fico-nasiel-svojho-lexu\/\"},\"wordCount\":536,\"publisher\":{\"@id\":\"https:\/\/www.smedemokrati.sk\/#organization\"},\"image\":{\"@id\":\"https:\/\/www.smedemokrati.sk\/fico-nasiel-svojho-lexu\/#primaryimage\"},\"thumbnailUrl\":\"https:\/\/www.smedemokrati.sk\/wp-content\/uploads\/2024\/02\/sss.jpg\",\"articleSection\":[\"Tla\u010dov\u00e9 spr\u00e1vy\"],\"inLanguage\":\"en-US\"},{\"@type\":\"WebPage\",\"@id\":\"https:\/\/www.smedemokrati.sk\/fico-nasiel-svojho-lexu\/\",\"url\":\"https:\/\/www.smedemokrati.sk\/fico-nasiel-svojho-lexu\/\",\"name\":\"Fico na\u0161iel svojho Lexu - Smedemokrati.sk\",\"isPartOf\":{\"@id\":\"https:\/\/www.smedemokrati.sk\/#website\"},\"primaryImageOfPage\":{\"@id\":\"https:\/\/www.smedemokrati.sk\/fico-nasiel-svojho-lexu\/#primaryimage\"},\"image\":{\"@id\":\"https:\/\/www.smedemokrati.sk\/fico-nasiel-svojho-lexu\/#primaryimage\"},\"thumbnailUrl\":\"https:\/\/www.smedemokrati.sk\/wp-content\/uploads\/2024\/02\/sss.jpg\",\"datePublished\":\"2024-02-14T14:38:15+00:00\",\"dateModified\":\"2024-02-16T10:53:03+00:00\",\"breadcrumb\":{\"@id\":\"https:\/\/www.smedemokrati.sk\/fico-nasiel-svojho-lexu\/#breadcrumb\"},\"inLanguage\":\"en-US\",\"potentialAction\":[{\"@type\":\"ReadAction\",\"target\":[\"https:\/\/www.smedemokrati.sk\/fico-nasiel-svojho-lexu\/\"]}]},{\"@type\":\"ImageObject\",\"inLanguage\":\"en-US\",\"@id\":\"https:\/\/www.smedemokrati.sk\/fico-nasiel-svojho-lexu\/#primaryimage\",\"url\":\"https:\/\/www.smedemokrati.sk\/wp-content\/uploads\/2024\/02\/sss.jpg\",\"contentUrl\":\"https:\/\/www.smedemokrati.sk\/wp-content\/uploads\/2024\/02\/sss.jpg\",\"width\":1909,\"height\":1175},{\"@type\":\"BreadcrumbList\",\"@id\":\"https:\/\/www.smedemokrati.sk\/fico-nasiel-svojho-lexu\/#breadcrumb\",\"itemListElement\":[{\"@type\":\"ListItem\",\"position\":1,\"name\":\"Domovsk\u00e1 str\u00e1nka\",\"item\":\"https:\/\/www.smedemokrati.sk\/\"},{\"@type\":\"ListItem\",\"position\":2,\"name\":\"Fico na\u0161iel svojho Lexu\"}]},{\"@type\":\"WebSite\",\"@id\":\"https:\/\/www.smedemokrati.sk\/#website\",\"url\":\"https:\/\/www.smedemokrati.sk\/\",\"name\":\"Smedemokrati.sk\",\"description\":\"Demokracia a slu\u0161nos\u0165 zv\u00ed\u0165az\u00ed\",\"publisher\":{\"@id\":\"https:\/\/www.smedemokrati.sk\/#organization\"},\"potentialAction\":[{\"@type\":\"SearchAction\",\"target\":{\"@type\":\"EntryPoint\",\"urlTemplate\":\"https:\/\/www.smedemokrati.sk\/?s={search_term_string}\"},\"query-input\":{\"@type\":\"PropertyValueSpecification\",\"valueRequired\":true,\"valueName\":\"search_term_string\"}}],\"inLanguage\":\"en-US\"},{\"@type\":\"Organization\",\"@id\":\"https:\/\/www.smedemokrati.sk\/#organization\",\"name\":\"Smedemokrati.sk\",\"url\":\"https:\/\/www.smedemokrati.sk\/\",\"logo\":{\"@type\":\"ImageObject\",\"inLanguage\":\"en-US\",\"@id\":\"https:\/\/www.smedemokrati.sk\/#\/schema\/logo\/image\/\",\"url\":\"https:\/\/www.smedemokrati.sk\/wp-content\/uploads\/2023\/04\/ff.002.jpeg\",\"contentUrl\":\"https:\/\/www.smedemokrati.sk\/wp-content\/uploads\/2023\/04\/ff.002.jpeg\",\"width\":640,\"height\":480,\"caption\":\"Smedemokrati.sk\"},\"image\":{\"@id\":\"https:\/\/www.smedemokrati.sk\/#\/schema\/logo\/image\/\"},\"sameAs\":[\"https:\/\/www.facebook.com\/smedemokrati2023\"]},{\"@type\":\"Person\",\"@id\":\"https:\/\/www.smedemokrati.sk\/#\/schema\/person\/c60720f4b9955b3c1ed222ebd1fbbc7c\",\"name\":\"Tom\u00e1\u0161 Koppl\",\"image\":{\"@type\":\"ImageObject\",\"inLanguage\":\"en-US\",\"@id\":\"https:\/\/secure.gravatar.com\/avatar\/8dfa38373c5e39821baf74c8e867a6f12e12c6dab6559aa999d10703b0b1c4ce?s=96&d=mm&r=g\",\"url\":\"https:\/\/secure.gravatar.com\/avatar\/8dfa38373c5e39821baf74c8e867a6f12e12c6dab6559aa999d10703b0b1c4ce?s=96&d=mm&r=g\",\"contentUrl\":\"https:\/\/secure.gravatar.com\/avatar\/8dfa38373c5e39821baf74c8e867a6f12e12c6dab6559aa999d10703b0b1c4ce?s=96&d=mm&r=g\",\"caption\":\"Tom\u00e1\u0161 Koppl\"},\"url\":\"https:\/\/www.smedemokrati.sk\/en\/author\/tomaskoppl\/\"}]}<\/script>\n<!-- \/ Yoast SEO plugin. -->","yoast_head_json":{"title":"Fico na\u0161iel svojho Lexu - Smedemokrati.sk","robots":{"index":"index","follow":"follow","max-snippet":"max-snippet:-1","max-image-preview":"max-image-preview:large","max-video-preview":"max-video-preview:-1"},"canonical":"https:\/\/www.smedemokrati.sk\/en\/fico-nasiel-svojho-lexu\/","og_locale":"en_US","og_type":"article","og_title":"Fico na\u0161iel svojho Lexu - Smedemokrati.sk","og_description":"Pod\u013ea Demokratov by bol Pavol Ga\u0161par na poz\u00edcii riadite\u013ea SIS priamym ohrozen\u00edm bezpe\u010dnosti Slovenska a Slovensk\u00e1 informa\u010dn\u00e1 slu\u017eba by sa stala \u00faplne izolovan\u00e1. Jaroslav Na\u010f, \u0161\u00e9f Demokratov pripom\u00edna, \u017ee jednotliv\u00e9, aj zahrani\u010dn\u00e9 spravodajsk\u00e9 slu\u017eby si potrebuj\u00fa vz\u00e1jomne vymie\u0148a\u0165 d\u00f4vern\u00e9 inform\u00e1cie a\u00a0v\u00fdmena t\u00fdchto inform\u00e1ci\u00ed prebieha na z\u00e1klade vz\u00e1jomnej d\u00f4very. Av\u0161ak plat\u00ed, \u017ee pre ned\u00f4veryhodn\u00e9 vedenie, ktor\u00e9 [&hellip;]","og_url":"https:\/\/www.smedemokrati.sk\/en\/fico-nasiel-svojho-lexu\/","og_site_name":"Smedemokrati.sk","article_publisher":"https:\/\/www.facebook.com\/smedemokrati2023","article_published_time":"2024-02-14T14:38:15+00:00","article_modified_time":"2024-02-16T10:53:03+00:00","og_image":[{"width":1909,"height":1175,"url":"https:\/\/www.smedemokrati.sk\/wp-content\/uploads\/2024\/02\/sss.jpg","type":"image\/jpeg"}],"author":"Tom\u00e1\u0161 Koppl","twitter_card":"summary_large_image","twitter_misc":{"Written by":"Tom\u00e1\u0161 Koppl","Est. reading time":"3 minutes"},"schema":{"@context":"https:\/\/schema.org","@graph":[{"@type":"Article","@id":"https:\/\/www.smedemokrati.sk\/fico-nasiel-svojho-lexu\/#article","isPartOf":{"@id":"https:\/\/www.smedemokrati.sk\/fico-nasiel-svojho-lexu\/"},"author":{"name":"Tom\u00e1\u0161 Koppl","@id":"https:\/\/www.smedemokrati.sk\/#\/schema\/person\/c60720f4b9955b3c1ed222ebd1fbbc7c"},"headline":"Fico na\u0161iel svojho Lexu","datePublished":"2024-02-14T14:38:15+00:00","dateModified":"2024-02-16T10:53:03+00:00","mainEntityOfPage":{"@id":"https:\/\/www.smedemokrati.sk\/fico-nasiel-svojho-lexu\/"},"wordCount":536,"publisher":{"@id":"https:\/\/www.smedemokrati.sk\/#organization"},"image":{"@id":"https:\/\/www.smedemokrati.sk\/fico-nasiel-svojho-lexu\/#primaryimage"},"thumbnailUrl":"https:\/\/www.smedemokrati.sk\/wp-content\/uploads\/2024\/02\/sss.jpg","articleSection":["Tla\u010dov\u00e9 spr\u00e1vy"],"inLanguage":"en-US"},{"@type":"WebPage","@id":"https:\/\/www.smedemokrati.sk\/fico-nasiel-svojho-lexu\/","url":"https:\/\/www.smedemokrati.sk\/fico-nasiel-svojho-lexu\/","name":"Fico na\u0161iel svojho Lexu - Smedemokrati.sk","isPartOf":{"@id":"https:\/\/www.smedemokrati.sk\/#website"},"primaryImageOfPage":{"@id":"https:\/\/www.smedemokrati.sk\/fico-nasiel-svojho-lexu\/#primaryimage"},"image":{"@id":"https:\/\/www.smedemokrati.sk\/fico-nasiel-svojho-lexu\/#primaryimage"},"thumbnailUrl":"https:\/\/www.smedemokrati.sk\/wp-content\/uploads\/2024\/02\/sss.jpg","datePublished":"2024-02-14T14:38:15+00:00","dateModified":"2024-02-16T10:53:03+00:00","breadcrumb":{"@id":"https:\/\/www.smedemokrati.sk\/fico-nasiel-svojho-lexu\/#breadcrumb"},"inLanguage":"en-US","potentialAction":[{"@type":"ReadAction","target":["https:\/\/www.smedemokrati.sk\/fico-nasiel-svojho-lexu\/"]}]},{"@type":"ImageObject","inLanguage":"en-US","@id":"https:\/\/www.smedemokrati.sk\/fico-nasiel-svojho-lexu\/#primaryimage","url":"https:\/\/www.smedemokrati.sk\/wp-content\/uploads\/2024\/02\/sss.jpg","contentUrl":"https:\/\/www.smedemokrati.sk\/wp-content\/uploads\/2024\/02\/sss.jpg","width":1909,"height":1175},{"@type":"BreadcrumbList","@id":"https:\/\/www.smedemokrati.sk\/fico-nasiel-svojho-lexu\/#breadcrumb","itemListElement":[{"@type":"ListItem","position":1,"name":"Domovsk\u00e1 str\u00e1nka","item":"https:\/\/www.smedemokrati.sk\/"},{"@type":"ListItem","position":2,"name":"Fico na\u0161iel svojho Lexu"}]},{"@type":"WebSite","@id":"https:\/\/www.smedemokrati.sk\/#website","url":"https:\/\/www.smedemokrati.sk\/","name":"Smedemokrati.sk","description":"Demokracia a slu\u0161nos\u0165 zv\u00ed\u0165az\u00ed","publisher":{"@id":"https:\/\/www.smedemokrati.sk\/#organization"},"potentialAction":[{"@type":"SearchAction","target":{"@type":"EntryPoint","urlTemplate":"https:\/\/www.smedemokrati.sk\/?s={search_term_string}"},"query-input":{"@type":"PropertyValueSpecification","valueRequired":true,"valueName":"search_term_string"}}],"inLanguage":"en-US"},{"@type":"Organization","@id":"https:\/\/www.smedemokrati.sk\/#organization","name":"Smedemokrati.sk","url":"https:\/\/www.smedemokrati.sk\/","logo":{"@type":"ImageObject","inLanguage":"en-US","@id":"https:\/\/www.smedemokrati.sk\/#\/schema\/logo\/image\/","url":"https:\/\/www.smedemokrati.sk\/wp-content\/uploads\/2023\/04\/ff.002.jpeg","contentUrl":"https:\/\/www.smedemokrati.sk\/wp-content\/uploads\/2023\/04\/ff.002.jpeg","width":640,"height":480,"caption":"Smedemokrati.sk"},"image":{"@id":"https:\/\/www.smedemokrati.sk\/#\/schema\/logo\/image\/"},"sameAs":["https:\/\/www.facebook.com\/smedemokrati2023"]},{"@type":"Person","@id":"https:\/\/www.smedemokrati.sk\/#\/schema\/person\/c60720f4b9955b3c1ed222ebd1fbbc7c","name":"Tom\u00e1\u0161 Koppl","image":{"@type":"ImageObject","inLanguage":"en-US","@id":"https:\/\/secure.gravatar.com\/avatar\/8dfa38373c5e39821baf74c8e867a6f12e12c6dab6559aa999d10703b0b1c4ce?s=96&d=mm&r=g","url":"https:\/\/secure.gravatar.com\/avatar\/8dfa38373c5e39821baf74c8e867a6f12e12c6dab6559aa999d10703b0b1c4ce?s=96&d=mm&r=g","contentUrl":"https:\/\/secure.gravatar.com\/avatar\/8dfa38373c5e39821baf74c8e867a6f12e12c6dab6559aa999d10703b0b1c4ce?s=96&d=mm&r=g","caption":"Tom\u00e1\u0161 Koppl"},"url":"https:\/\/www.smedemokrati.sk\/en\/author\/tomaskoppl\/"}]}},"_links":{"self":[{"href":"https:\/\/www.smedemokrati.sk\/en\/wp-json\/wp\/v2\/posts\/2699","targetHints":{"allow":["GET"]}}],"collection":[{"href":"https:\/\/www.smedemokrati.sk\/en\/wp-json\/wp\/v2\/posts"}],"about":[{"href":"https:\/\/www.smedemokrati.sk\/en\/wp-json\/wp\/v2\/types\/post"}],"author":[{"embeddable":true,"href":"https:\/\/www.smedemokrati.sk\/en\/wp-json\/wp\/v2\/users\/7"}],"replies":[{"embeddable":true,"href":"https:\/\/www.smedemokrati.sk\/en\/wp-json\/wp\/v2\/comments?post=2699"}],"version-history":[{"count":1,"href":"https:\/\/www.smedemokrati.sk\/en\/wp-json\/wp\/v2\/posts\/2699\/revisions"}],"predecessor-version":[{"id":2701,"href":"https:\/\/www.smedemokrati.sk\/en\/wp-json\/wp\/v2\/posts\/2699\/revisions\/2701"}],"wp:featuredmedia":[{"embeddable":true,"href":"https:\/\/www.smedemokrati.sk\/en\/wp-json\/wp\/v2\/media\/2700"}],"wp:attachment":[{"href":"https:\/\/www.smedemokrati.sk\/en\/wp-json\/wp\/v2\/media?parent=2699"}],"wp:term":[{"taxonomy":"category","embeddable":true,"href":"https:\/\/www.smedemokrati.sk\/en\/wp-json\/wp\/v2\/categories?post=2699"},{"taxonomy":"post_tag","embeddable":true,"href":"https:\/\/www.smedemokrati.sk\/en\/wp-json\/wp\/v2\/tags?post=2699"}],"curies":[{"name":"wp","href":"https:\/\/api.w.org\/{rel}","templated":true}]}}