{"id":2602,"date":"2024-02-03T15:55:06","date_gmt":"2024-02-03T13:55:06","guid":{"rendered":"https:\/\/www.smedemokrati.sk\/?p=2602"},"modified":"2024-02-06T14:23:41","modified_gmt":"2024-02-06T12:23:41","slug":"strana-sanca-schvalila-zlucenie-s-demokratmi","status":"publish","type":"post","link":"https:\/\/www.smedemokrati.sk\/en\/strana-sanca-schvalila-zlucenie-s-demokratmi\/","title":{"rendered":"Strana \u0160anca schv\u00e1lila zl\u00fa\u010denie s Demokratmi"},"content":{"rendered":"<div id=\"fb-root\"><\/div>\n\n<p><strong>Na kongrese strany \u0160anca v\u00a0Banskej Bystrici schv\u00e1lili deleg\u00e1ti jednohlasne zl\u00fa\u010denie so stranou Demokrati. To mus\u00ed by\u0165 e\u0161te form\u00e1lne ods\u00fahlasen\u00e9 Demokratmi, stane sa tak na najbli\u017e\u0161om sneme strany.<\/strong><\/p>\n\n\n\n<p>Strany spolupracuj\u00fa u\u017e od ostatn\u00fdch parlamentn\u00fdch volieb, pri\u010dom pr\u00e1ve \u0160anca&nbsp;bola jednou z&nbsp;piatich str\u00e1n, ktor\u00e9 kandidovali spolo\u010dne na kandid\u00e1tke Demokratov.&nbsp;<em>\u201eNa\u0161a doteraj\u0161ia spolupr\u00e1ca bola intenz\u00edvna, odborn\u00e1 a te\u0161\u00ed ma, \u017ee si rozumieme aj \u013eudsky. Chceme pokra\u010dova\u0165 v spolo\u010dn\u00fdch aktivit\u00e1ch, zdie\u013eame rovnak\u00e9 hodnoty a na\u0161e strany stoja na toto\u017en\u00fdch demokratick\u00fdch princ\u00edpoch. Je preto prirodzen\u00e9, \u017ee po spolo\u010dn\u00fdch rokovaniach navrhujeme zl\u00fa\u010denie, nem\u00e1 zmysel trie\u0161ti\u0165 demokratick\u00e9 sily,\u201c<\/em>&nbsp;povedal predseda strany \u0160anca Franti\u0161ek O\u013eha, prim\u00e1tor mesta Pre\u0161ov.<\/p>\n\n\n\n<p>Pod\u013ea predsedu Demokratov Jaroslava Na\u010fa najbli\u017e\u0161\u00ed Snem Demokratov rozhodne o&nbsp;zl\u00fa\u010den\u00ed so stranou \u0160anca, stane sa tak najnesk\u00f4r do konca roka 2024:&nbsp;<em>\u201eSlovensko potrebuje jednotu a spolo\u010dn\u00fd postup proti vl\u00e1dnemu valcu, ktor\u00fd ohrozuje spravodlivos\u0165 a rozklad\u00e1 piliere pr\u00e1vneho \u0161t\u00e1tu. Sme pripraven\u00ed na\u010falej pon\u00faka\u0165 odborn\u00fa, proeur\u00f3psku politiku a ver\u00edm, \u017ee to bude aj so skvel\u00fdmi \u013eu\u010fmi zo strany \u0160anca. Aj t\u00fdmto krokom chceme prenikn\u00fa\u0165 e\u0161te viac do regi\u00f3nov a roz\u0161irova\u0165 na\u0161e rady,\u201d p<\/em>ovedal Jaroslav Na\u010f a vyjadril tak presved\u010denie, \u017ee zl\u00fa\u010denie bude podporen\u00e9.&nbsp;<\/p>\n\n\n\n<p>Aktu\u00e1lne m\u00e1 strana \u0160anca pribli\u017ene 100 \u010dlenov a \u010fal\u0161ie desiatky sympatizantov. Strana Franti\u0161ka O\u013ehu form\u00e1lne zanikne po tom, \u010do Demokrati na svojom sneme schv\u00e1lia zl\u00fa\u010denie. Nasledova\u0165 bude 90 d\u0148ov\u00e9 prechodn\u00e9 obdobie, kedy bud\u00fa ma\u0165 \u010dlenovia strany \u0160anca mo\u017enos\u0165 rozhodn\u00fa\u0165 sa, \u010di vst\u00fapia k Demokratom. Predsedn\u00edctva str\u00e1n \u0160anca a\u00a0Demokrati schv\u00e1lili z\u00e1mer zl\u00fa\u010denia u\u017e na svojich janu\u00e1rov\u00fdch rokovaniach.<\/p>\n\n\n\n<figure class=\"wp-block-image size-large\"><img decoding=\"async\" width=\"1024\" height=\"768\" src=\"https:\/\/www.smedemokrati.sk\/wp-content\/uploads\/2024\/02\/image1-2-1-1024x768.jpeg\" alt=\"\" class=\"wp-image-2603\" srcset=\"https:\/\/www.smedemokrati.sk\/wp-content\/uploads\/2024\/02\/image1-2-1-1024x768.jpeg 1024w, https:\/\/www.smedemokrati.sk\/wp-content\/uploads\/2024\/02\/image1-2-1-300x225.jpeg 300w, https:\/\/www.smedemokrati.sk\/wp-content\/uploads\/2024\/02\/image1-2-1-768x576.jpeg 768w, https:\/\/www.smedemokrati.sk\/wp-content\/uploads\/2024\/02\/image1-2-1-1536x1152.jpeg 1536w, https:\/\/www.smedemokrati.sk\/wp-content\/uploads\/2024\/02\/image1-2-1.jpeg 1920w\" sizes=\"(max-width: 1024px) 100vw, 1024px\" \/><\/figure>\n\n\n\n<figure class=\"wp-block-image size-large\"><img decoding=\"async\" width=\"1024\" height=\"768\" src=\"https:\/\/www.smedemokrati.sk\/wp-content\/uploads\/2024\/02\/image3-1024x768.jpeg\" alt=\"\" class=\"wp-image-2604\" srcset=\"https:\/\/www.smedemokrati.sk\/wp-content\/uploads\/2024\/02\/image3-1024x768.jpeg 1024w, https:\/\/www.smedemokrati.sk\/wp-content\/uploads\/2024\/02\/image3-300x225.jpeg 300w, https:\/\/www.smedemokrati.sk\/wp-content\/uploads\/2024\/02\/image3-768x576.jpeg 768w, https:\/\/www.smedemokrati.sk\/wp-content\/uploads\/2024\/02\/image3-1536x1152.jpeg 1536w, https:\/\/www.smedemokrati.sk\/wp-content\/uploads\/2024\/02\/image3.jpeg 1920w\" sizes=\"(max-width: 1024px) 100vw, 1024px\" \/><\/figure>\n\n\n\n<figure class=\"wp-block-image size-large\"><img decoding=\"async\" width=\"1024\" height=\"768\" src=\"https:\/\/www.smedemokrati.sk\/wp-content\/uploads\/2024\/02\/image2-1024x768.jpeg\" alt=\"\" class=\"wp-image-2605\" srcset=\"https:\/\/www.smedemokrati.sk\/wp-content\/uploads\/2024\/02\/image2-1024x768.jpeg 1024w, https:\/\/www.smedemokrati.sk\/wp-content\/uploads\/2024\/02\/image2-300x225.jpeg 300w, https:\/\/www.smedemokrati.sk\/wp-content\/uploads\/2024\/02\/image2-768x576.jpeg 768w, https:\/\/www.smedemokrati.sk\/wp-content\/uploads\/2024\/02\/image2-1536x1152.jpeg 1536w, https:\/\/www.smedemokrati.sk\/wp-content\/uploads\/2024\/02\/image2.jpeg 1920w\" sizes=\"(max-width: 1024px) 100vw, 1024px\" \/><\/figure>\n\n\n\n<figure class=\"wp-block-image size-large\"><img decoding=\"async\" width=\"1024\" height=\"768\" src=\"https:\/\/www.smedemokrati.sk\/wp-content\/uploads\/2024\/02\/image1-2-1024x768.jpeg\" alt=\"\" class=\"wp-image-2606\" srcset=\"https:\/\/www.smedemokrati.sk\/wp-content\/uploads\/2024\/02\/image1-2-1024x768.jpeg 1024w, https:\/\/www.smedemokrati.sk\/wp-content\/uploads\/2024\/02\/image1-2-300x225.jpeg 300w, https:\/\/www.smedemokrati.sk\/wp-content\/uploads\/2024\/02\/image1-2-768x576.jpeg 768w, https:\/\/www.smedemokrati.sk\/wp-content\/uploads\/2024\/02\/image1-2-1536x1152.jpeg 1536w, https:\/\/www.smedemokrati.sk\/wp-content\/uploads\/2024\/02\/image1-2.jpeg 1920w\" sizes=\"(max-width: 1024px) 100vw, 1024px\" \/><\/figure>\n\n\n\n<figure class=\"wp-block-video\"><video height=\"2160\" style=\"aspect-ratio: 3840 \/ 2160;\" width=\"3840\" controls src=\"https:\/\/www.smedemokrati.sk\/wp-content\/uploads\/2024\/02\/IMG_0965.mov\"><\/video><\/figure>\n\n\n\n<figure class=\"wp-block-video\"><video height=\"2160\" style=\"aspect-ratio: 3840 \/ 2160;\" width=\"3840\" controls src=\"https:\/\/www.smedemokrati.sk\/wp-content\/uploads\/2024\/02\/IMG_0967.mov\"><\/video><\/figure>\n","protected":false},"excerpt":{"rendered":"<p>Na kongrese strany \u0160anca v\u00a0Banskej Bystrici schv\u00e1lili deleg\u00e1ti jednohlasne zl\u00fa\u010denie so stranou Demokrati. To mus\u00ed by\u0165 e\u0161te form\u00e1lne ods\u00fahlasen\u00e9 Demokratmi, stane sa tak na najbli\u017e\u0161om sneme strany. Strany spolupracuj\u00fa u\u017e od ostatn\u00fdch parlamentn\u00fdch volieb, pri\u010dom pr\u00e1ve \u0160anca&nbsp;bola jednou z&nbsp;piatich str\u00e1n, ktor\u00e9 kandidovali spolo\u010dne na kandid\u00e1tke Demokratov.&nbsp;\u201eNa\u0161a doteraj\u0161ia spolupr\u00e1ca bola intenz\u00edvna, odborn\u00e1 a te\u0161\u00ed ma, \u017ee [&hellip;]<\/p>\n","protected":false},"author":7,"featured_media":2609,"comment_status":"closed","ping_status":"closed","sticky":false,"template":"","format":"standard","meta":{"_acf_changed":false,"ngg_post_thumbnail":0,"footnotes":""},"categories":[4],"tags":[],"class_list":["post-2602","post","type-post","status-publish","format-standard","has-post-thumbnail","hentry","category-tlacove-spravy"],"acf":[],"yoast_head":"<!-- This site is optimized with the Yoast SEO plugin v27.2 - https:\/\/yoast.com\/product\/yoast-seo-wordpress\/ -->\n<title>Strana \u0160anca schv\u00e1lila zl\u00fa\u010denie s Demokratmi - Smedemokrati.sk<\/title>\n<meta name=\"robots\" content=\"index, follow, max-snippet:-1, max-image-preview:large, max-video-preview:-1\" \/>\n<link rel=\"canonical\" href=\"https:\/\/www.smedemokrati.sk\/en\/strana-sanca-schvalila-zlucenie-s-demokratmi\/\" \/>\n<meta property=\"og:locale\" content=\"en_US\" \/>\n<meta property=\"og:locale:alternate\" content=\"cs_CZ\" \/>\n<meta property=\"og:locale:alternate\" content=\"hu_HU\" \/>\n<meta property=\"og:locale:alternate\" content=\"sk_SK\" \/>\n<meta property=\"og:locale:alternate\" content=\"sv_SE\" \/>\n<meta property=\"og:type\" content=\"article\" \/>\n<meta property=\"og:title\" content=\"Strana \u0160anca schv\u00e1lila zl\u00fa\u010denie s Demokratmi - Smedemokrati.sk\" \/>\n<meta property=\"og:description\" content=\"Na kongrese strany \u0160anca v\u00a0Banskej Bystrici schv\u00e1lili deleg\u00e1ti jednohlasne zl\u00fa\u010denie so stranou Demokrati. To mus\u00ed by\u0165 e\u0161te form\u00e1lne ods\u00fahlasen\u00e9 Demokratmi, stane sa tak na najbli\u017e\u0161om sneme strany. Strany spolupracuj\u00fa u\u017e od ostatn\u00fdch parlamentn\u00fdch volieb, pri\u010dom pr\u00e1ve \u0160anca&nbsp;bola jednou z&nbsp;piatich str\u00e1n, ktor\u00e9 kandidovali spolo\u010dne na kandid\u00e1tke Demokratov.&nbsp;\u201eNa\u0161a doteraj\u0161ia spolupr\u00e1ca bola intenz\u00edvna, odborn\u00e1 a te\u0161\u00ed ma, \u017ee [&hellip;]\" \/>\n<meta property=\"og:url\" content=\"https:\/\/www.smedemokrati.sk\/en\/strana-sanca-schvalila-zlucenie-s-demokratmi\/\" \/>\n<meta property=\"og:site_name\" content=\"Smedemokrati.sk\" \/>\n<meta property=\"article:publisher\" content=\"https:\/\/www.facebook.com\/smedemokrati2023\" \/>\n<meta property=\"article:published_time\" content=\"2024-02-03T13:55:06+00:00\" \/>\n<meta property=\"article:modified_time\" content=\"2024-02-06T12:23:41+00:00\" \/>\n<meta property=\"og:image\" content=\"https:\/\/www.smedemokrati.sk\/wp-content\/uploads\/2024\/02\/image0-1.jpeg\" \/>\n\t<meta property=\"og:image:width\" content=\"1920\" \/>\n\t<meta property=\"og:image:height\" content=\"1440\" \/>\n\t<meta property=\"og:image:type\" content=\"image\/jpeg\" \/>\n<meta name=\"author\" content=\"Tom\u00e1\u0161 Koppl\" \/>\n<meta name=\"twitter:card\" content=\"summary_large_image\" \/>\n<meta name=\"twitter:label1\" content=\"Written by\" \/>\n\t<meta name=\"twitter:data1\" content=\"Tom\u00e1\u0161 Koppl\" \/>\n\t<meta name=\"twitter:label2\" content=\"Est. reading time\" \/>\n\t<meta name=\"twitter:data2\" content=\"3 minutes\" \/>\n<script type=\"application\/ld+json\" class=\"yoast-schema-graph\">{\"@context\":\"https:\/\/schema.org\",\"@graph\":[{\"@type\":\"Article\",\"@id\":\"https:\/\/www.smedemokrati.sk\/strana-sanca-schvalila-zlucenie-s-demokratmi\/#article\",\"isPartOf\":{\"@id\":\"https:\/\/www.smedemokrati.sk\/strana-sanca-schvalila-zlucenie-s-demokratmi\/\"},\"author\":{\"name\":\"Tom\u00e1\u0161 Koppl\",\"@id\":\"https:\/\/www.smedemokrati.sk\/#\/schema\/person\/c60720f4b9955b3c1ed222ebd1fbbc7c\"},\"headline\":\"Strana \u0160anca schv\u00e1lila zl\u00fa\u010denie s Demokratmi\",\"datePublished\":\"2024-02-03T13:55:06+00:00\",\"dateModified\":\"2024-02-06T12:23:41+00:00\",\"mainEntityOfPage\":{\"@id\":\"https:\/\/www.smedemokrati.sk\/strana-sanca-schvalila-zlucenie-s-demokratmi\/\"},\"wordCount\":328,\"publisher\":{\"@id\":\"https:\/\/www.smedemokrati.sk\/#organization\"},\"image\":{\"@id\":\"https:\/\/www.smedemokrati.sk\/strana-sanca-schvalila-zlucenie-s-demokratmi\/#primaryimage\"},\"thumbnailUrl\":\"https:\/\/www.smedemokrati.sk\/wp-content\/uploads\/2024\/02\/image0-1.jpeg\",\"articleSection\":[\"Tla\u010dov\u00e9 spr\u00e1vy\"],\"inLanguage\":\"en-US\"},{\"@type\":\"WebPage\",\"@id\":\"https:\/\/www.smedemokrati.sk\/strana-sanca-schvalila-zlucenie-s-demokratmi\/\",\"url\":\"https:\/\/www.smedemokrati.sk\/strana-sanca-schvalila-zlucenie-s-demokratmi\/\",\"name\":\"Strana \u0160anca schv\u00e1lila zl\u00fa\u010denie s Demokratmi - Smedemokrati.sk\",\"isPartOf\":{\"@id\":\"https:\/\/www.smedemokrati.sk\/#website\"},\"primaryImageOfPage\":{\"@id\":\"https:\/\/www.smedemokrati.sk\/strana-sanca-schvalila-zlucenie-s-demokratmi\/#primaryimage\"},\"image\":{\"@id\":\"https:\/\/www.smedemokrati.sk\/strana-sanca-schvalila-zlucenie-s-demokratmi\/#primaryimage\"},\"thumbnailUrl\":\"https:\/\/www.smedemokrati.sk\/wp-content\/uploads\/2024\/02\/image0-1.jpeg\",\"datePublished\":\"2024-02-03T13:55:06+00:00\",\"dateModified\":\"2024-02-06T12:23:41+00:00\",\"breadcrumb\":{\"@id\":\"https:\/\/www.smedemokrati.sk\/strana-sanca-schvalila-zlucenie-s-demokratmi\/#breadcrumb\"},\"inLanguage\":\"en-US\",\"potentialAction\":[{\"@type\":\"ReadAction\",\"target\":[\"https:\/\/www.smedemokrati.sk\/strana-sanca-schvalila-zlucenie-s-demokratmi\/\"]}]},{\"@type\":\"ImageObject\",\"inLanguage\":\"en-US\",\"@id\":\"https:\/\/www.smedemokrati.sk\/strana-sanca-schvalila-zlucenie-s-demokratmi\/#primaryimage\",\"url\":\"https:\/\/www.smedemokrati.sk\/wp-content\/uploads\/2024\/02\/image0-1.jpeg\",\"contentUrl\":\"https:\/\/www.smedemokrati.sk\/wp-content\/uploads\/2024\/02\/image0-1.jpeg\",\"width\":1920,\"height\":1440},{\"@type\":\"BreadcrumbList\",\"@id\":\"https:\/\/www.smedemokrati.sk\/strana-sanca-schvalila-zlucenie-s-demokratmi\/#breadcrumb\",\"itemListElement\":[{\"@type\":\"ListItem\",\"position\":1,\"name\":\"Domovsk\u00e1 str\u00e1nka\",\"item\":\"https:\/\/www.smedemokrati.sk\/\"},{\"@type\":\"ListItem\",\"position\":2,\"name\":\"Strana \u0160anca schv\u00e1lila zl\u00fa\u010denie s Demokratmi\"}]},{\"@type\":\"WebSite\",\"@id\":\"https:\/\/www.smedemokrati.sk\/#website\",\"url\":\"https:\/\/www.smedemokrati.sk\/\",\"name\":\"Smedemokrati.sk\",\"description\":\"Demokracia a slu\u0161nos\u0165 zv\u00ed\u0165az\u00ed\",\"publisher\":{\"@id\":\"https:\/\/www.smedemokrati.sk\/#organization\"},\"potentialAction\":[{\"@type\":\"SearchAction\",\"target\":{\"@type\":\"EntryPoint\",\"urlTemplate\":\"https:\/\/www.smedemokrati.sk\/?s={search_term_string}\"},\"query-input\":{\"@type\":\"PropertyValueSpecification\",\"valueRequired\":true,\"valueName\":\"search_term_string\"}}],\"inLanguage\":\"en-US\"},{\"@type\":\"Organization\",\"@id\":\"https:\/\/www.smedemokrati.sk\/#organization\",\"name\":\"Smedemokrati.sk\",\"url\":\"https:\/\/www.smedemokrati.sk\/\",\"logo\":{\"@type\":\"ImageObject\",\"inLanguage\":\"en-US\",\"@id\":\"https:\/\/www.smedemokrati.sk\/#\/schema\/logo\/image\/\",\"url\":\"https:\/\/www.smedemokrati.sk\/wp-content\/uploads\/2023\/04\/ff.002.jpeg\",\"contentUrl\":\"https:\/\/www.smedemokrati.sk\/wp-content\/uploads\/2023\/04\/ff.002.jpeg\",\"width\":640,\"height\":480,\"caption\":\"Smedemokrati.sk\"},\"image\":{\"@id\":\"https:\/\/www.smedemokrati.sk\/#\/schema\/logo\/image\/\"},\"sameAs\":[\"https:\/\/www.facebook.com\/smedemokrati2023\"]},{\"@type\":\"Person\",\"@id\":\"https:\/\/www.smedemokrati.sk\/#\/schema\/person\/c60720f4b9955b3c1ed222ebd1fbbc7c\",\"name\":\"Tom\u00e1\u0161 Koppl\",\"image\":{\"@type\":\"ImageObject\",\"inLanguage\":\"en-US\",\"@id\":\"https:\/\/secure.gravatar.com\/avatar\/8dfa38373c5e39821baf74c8e867a6f12e12c6dab6559aa999d10703b0b1c4ce?s=96&d=mm&r=g\",\"url\":\"https:\/\/secure.gravatar.com\/avatar\/8dfa38373c5e39821baf74c8e867a6f12e12c6dab6559aa999d10703b0b1c4ce?s=96&d=mm&r=g\",\"contentUrl\":\"https:\/\/secure.gravatar.com\/avatar\/8dfa38373c5e39821baf74c8e867a6f12e12c6dab6559aa999d10703b0b1c4ce?s=96&d=mm&r=g\",\"caption\":\"Tom\u00e1\u0161 Koppl\"},\"url\":\"https:\/\/www.smedemokrati.sk\/en\/author\/tomaskoppl\/\"}]}<\/script>\n<!-- \/ Yoast SEO plugin. -->","yoast_head_json":{"title":"Strana \u0160anca schv\u00e1lila zl\u00fa\u010denie s Demokratmi - Smedemokrati.sk","robots":{"index":"index","follow":"follow","max-snippet":"max-snippet:-1","max-image-preview":"max-image-preview:large","max-video-preview":"max-video-preview:-1"},"canonical":"https:\/\/www.smedemokrati.sk\/en\/strana-sanca-schvalila-zlucenie-s-demokratmi\/","og_locale":"en_US","og_type":"article","og_title":"Strana \u0160anca schv\u00e1lila zl\u00fa\u010denie s Demokratmi - Smedemokrati.sk","og_description":"Na kongrese strany \u0160anca v\u00a0Banskej Bystrici schv\u00e1lili deleg\u00e1ti jednohlasne zl\u00fa\u010denie so stranou Demokrati. To mus\u00ed by\u0165 e\u0161te form\u00e1lne ods\u00fahlasen\u00e9 Demokratmi, stane sa tak na najbli\u017e\u0161om sneme strany. Strany spolupracuj\u00fa u\u017e od ostatn\u00fdch parlamentn\u00fdch volieb, pri\u010dom pr\u00e1ve \u0160anca&nbsp;bola jednou z&nbsp;piatich str\u00e1n, ktor\u00e9 kandidovali spolo\u010dne na kandid\u00e1tke Demokratov.&nbsp;\u201eNa\u0161a doteraj\u0161ia spolupr\u00e1ca bola intenz\u00edvna, odborn\u00e1 a te\u0161\u00ed ma, \u017ee [&hellip;]","og_url":"https:\/\/www.smedemokrati.sk\/en\/strana-sanca-schvalila-zlucenie-s-demokratmi\/","og_site_name":"Smedemokrati.sk","article_publisher":"https:\/\/www.facebook.com\/smedemokrati2023","article_published_time":"2024-02-03T13:55:06+00:00","article_modified_time":"2024-02-06T12:23:41+00:00","og_image":[{"width":1920,"height":1440,"url":"https:\/\/www.smedemokrati.sk\/wp-content\/uploads\/2024\/02\/image0-1.jpeg","type":"image\/jpeg"}],"author":"Tom\u00e1\u0161 Koppl","twitter_card":"summary_large_image","twitter_misc":{"Written by":"Tom\u00e1\u0161 Koppl","Est. reading time":"3 minutes"},"schema":{"@context":"https:\/\/schema.org","@graph":[{"@type":"Article","@id":"https:\/\/www.smedemokrati.sk\/strana-sanca-schvalila-zlucenie-s-demokratmi\/#article","isPartOf":{"@id":"https:\/\/www.smedemokrati.sk\/strana-sanca-schvalila-zlucenie-s-demokratmi\/"},"author":{"name":"Tom\u00e1\u0161 Koppl","@id":"https:\/\/www.smedemokrati.sk\/#\/schema\/person\/c60720f4b9955b3c1ed222ebd1fbbc7c"},"headline":"Strana \u0160anca schv\u00e1lila zl\u00fa\u010denie s Demokratmi","datePublished":"2024-02-03T13:55:06+00:00","dateModified":"2024-02-06T12:23:41+00:00","mainEntityOfPage":{"@id":"https:\/\/www.smedemokrati.sk\/strana-sanca-schvalila-zlucenie-s-demokratmi\/"},"wordCount":328,"publisher":{"@id":"https:\/\/www.smedemokrati.sk\/#organization"},"image":{"@id":"https:\/\/www.smedemokrati.sk\/strana-sanca-schvalila-zlucenie-s-demokratmi\/#primaryimage"},"thumbnailUrl":"https:\/\/www.smedemokrati.sk\/wp-content\/uploads\/2024\/02\/image0-1.jpeg","articleSection":["Tla\u010dov\u00e9 spr\u00e1vy"],"inLanguage":"en-US"},{"@type":"WebPage","@id":"https:\/\/www.smedemokrati.sk\/strana-sanca-schvalila-zlucenie-s-demokratmi\/","url":"https:\/\/www.smedemokrati.sk\/strana-sanca-schvalila-zlucenie-s-demokratmi\/","name":"Strana \u0160anca schv\u00e1lila zl\u00fa\u010denie s Demokratmi - Smedemokrati.sk","isPartOf":{"@id":"https:\/\/www.smedemokrati.sk\/#website"},"primaryImageOfPage":{"@id":"https:\/\/www.smedemokrati.sk\/strana-sanca-schvalila-zlucenie-s-demokratmi\/#primaryimage"},"image":{"@id":"https:\/\/www.smedemokrati.sk\/strana-sanca-schvalila-zlucenie-s-demokratmi\/#primaryimage"},"thumbnailUrl":"https:\/\/www.smedemokrati.sk\/wp-content\/uploads\/2024\/02\/image0-1.jpeg","datePublished":"2024-02-03T13:55:06+00:00","dateModified":"2024-02-06T12:23:41+00:00","breadcrumb":{"@id":"https:\/\/www.smedemokrati.sk\/strana-sanca-schvalila-zlucenie-s-demokratmi\/#breadcrumb"},"inLanguage":"en-US","potentialAction":[{"@type":"ReadAction","target":["https:\/\/www.smedemokrati.sk\/strana-sanca-schvalila-zlucenie-s-demokratmi\/"]}]},{"@type":"ImageObject","inLanguage":"en-US","@id":"https:\/\/www.smedemokrati.sk\/strana-sanca-schvalila-zlucenie-s-demokratmi\/#primaryimage","url":"https:\/\/www.smedemokrati.sk\/wp-content\/uploads\/2024\/02\/image0-1.jpeg","contentUrl":"https:\/\/www.smedemokrati.sk\/wp-content\/uploads\/2024\/02\/image0-1.jpeg","width":1920,"height":1440},{"@type":"BreadcrumbList","@id":"https:\/\/www.smedemokrati.sk\/strana-sanca-schvalila-zlucenie-s-demokratmi\/#breadcrumb","itemListElement":[{"@type":"ListItem","position":1,"name":"Domovsk\u00e1 str\u00e1nka","item":"https:\/\/www.smedemokrati.sk\/"},{"@type":"ListItem","position":2,"name":"Strana \u0160anca schv\u00e1lila zl\u00fa\u010denie s Demokratmi"}]},{"@type":"WebSite","@id":"https:\/\/www.smedemokrati.sk\/#website","url":"https:\/\/www.smedemokrati.sk\/","name":"Smedemokrati.sk","description":"Demokracia a slu\u0161nos\u0165 zv\u00ed\u0165az\u00ed","publisher":{"@id":"https:\/\/www.smedemokrati.sk\/#organization"},"potentialAction":[{"@type":"SearchAction","target":{"@type":"EntryPoint","urlTemplate":"https:\/\/www.smedemokrati.sk\/?s={search_term_string}"},"query-input":{"@type":"PropertyValueSpecification","valueRequired":true,"valueName":"search_term_string"}}],"inLanguage":"en-US"},{"@type":"Organization","@id":"https:\/\/www.smedemokrati.sk\/#organization","name":"Smedemokrati.sk","url":"https:\/\/www.smedemokrati.sk\/","logo":{"@type":"ImageObject","inLanguage":"en-US","@id":"https:\/\/www.smedemokrati.sk\/#\/schema\/logo\/image\/","url":"https:\/\/www.smedemokrati.sk\/wp-content\/uploads\/2023\/04\/ff.002.jpeg","contentUrl":"https:\/\/www.smedemokrati.sk\/wp-content\/uploads\/2023\/04\/ff.002.jpeg","width":640,"height":480,"caption":"Smedemokrati.sk"},"image":{"@id":"https:\/\/www.smedemokrati.sk\/#\/schema\/logo\/image\/"},"sameAs":["https:\/\/www.facebook.com\/smedemokrati2023"]},{"@type":"Person","@id":"https:\/\/www.smedemokrati.sk\/#\/schema\/person\/c60720f4b9955b3c1ed222ebd1fbbc7c","name":"Tom\u00e1\u0161 Koppl","image":{"@type":"ImageObject","inLanguage":"en-US","@id":"https:\/\/secure.gravatar.com\/avatar\/8dfa38373c5e39821baf74c8e867a6f12e12c6dab6559aa999d10703b0b1c4ce?s=96&d=mm&r=g","url":"https:\/\/secure.gravatar.com\/avatar\/8dfa38373c5e39821baf74c8e867a6f12e12c6dab6559aa999d10703b0b1c4ce?s=96&d=mm&r=g","contentUrl":"https:\/\/secure.gravatar.com\/avatar\/8dfa38373c5e39821baf74c8e867a6f12e12c6dab6559aa999d10703b0b1c4ce?s=96&d=mm&r=g","caption":"Tom\u00e1\u0161 Koppl"},"url":"https:\/\/www.smedemokrati.sk\/en\/author\/tomaskoppl\/"}]}},"_links":{"self":[{"href":"https:\/\/www.smedemokrati.sk\/en\/wp-json\/wp\/v2\/posts\/2602","targetHints":{"allow":["GET"]}}],"collection":[{"href":"https:\/\/www.smedemokrati.sk\/en\/wp-json\/wp\/v2\/posts"}],"about":[{"href":"https:\/\/www.smedemokrati.sk\/en\/wp-json\/wp\/v2\/types\/post"}],"author":[{"embeddable":true,"href":"https:\/\/www.smedemokrati.sk\/en\/wp-json\/wp\/v2\/users\/7"}],"replies":[{"embeddable":true,"href":"https:\/\/www.smedemokrati.sk\/en\/wp-json\/wp\/v2\/comments?post=2602"}],"version-history":[{"count":1,"href":"https:\/\/www.smedemokrati.sk\/en\/wp-json\/wp\/v2\/posts\/2602\/revisions"}],"predecessor-version":[{"id":2610,"href":"https:\/\/www.smedemokrati.sk\/en\/wp-json\/wp\/v2\/posts\/2602\/revisions\/2610"}],"wp:featuredmedia":[{"embeddable":true,"href":"https:\/\/www.smedemokrati.sk\/en\/wp-json\/wp\/v2\/media\/2609"}],"wp:attachment":[{"href":"https:\/\/www.smedemokrati.sk\/en\/wp-json\/wp\/v2\/media?parent=2602"}],"wp:term":[{"taxonomy":"category","embeddable":true,"href":"https:\/\/www.smedemokrati.sk\/en\/wp-json\/wp\/v2\/categories?post=2602"},{"taxonomy":"post_tag","embeddable":true,"href":"https:\/\/www.smedemokrati.sk\/en\/wp-json\/wp\/v2\/tags?post=2602"}],"curies":[{"name":"wp","href":"https:\/\/api.w.org\/{rel}","templated":true}]}}