{"id":2509,"date":"2024-01-16T11:09:24","date_gmt":"2024-01-16T09:09:24","guid":{"rendered":"https:\/\/www.smedemokrati.sk\/?p=2509"},"modified":"2024-01-17T17:45:02","modified_gmt":"2024-01-17T15:45:02","slug":"strana-ma-jasno-v-podpore-kandidata-na-prezidenta","status":"publish","type":"post","link":"https:\/\/www.smedemokrati.sk\/en\/strana-ma-jasno-v-podpore-kandidata-na-prezidenta\/","title":{"rendered":"Strana m\u00e1 jasno v podpore kandid\u00e1ta na prezidenta"},"content":{"rendered":"<div id=\"fb-root\"><\/div>\n\n<p><strong>Predsedn\u00edctvo strany Demokrati jednohlasne vyjadrilo podporu kandid\u00e1tovi na prezidenta Ivanovi Kor\u010dokovi. Strana sa tak rozhodla bezprostredne po rokovan\u00ed predsedn\u00edctva, na ktorom Kor\u010dok podrobne predstavil svoju v\u00edziu a ciele v dom\u00e1cej a tie\u017e zahrani\u010dnej politike v pr\u00edpade \u00faspe\u0161nej kandidat\u00fary na prezidenta.<\/strong><\/p>\n\n\n\n<p><em>\u201eJe pre n\u00e1s k\u013e\u00fa\u010dov\u00e9, \u017ee s Ivanom Kor\u010dokom m\u00e1me rovnak\u00fa optiku na princ\u00edpy spravodlivosti, ochrany pr\u00e1vneho \u0161t\u00e1tu, demokracie, bezpe\u010dnosti a obrany, ktor\u00e9 s\u00fa aktu\u00e1lne v na\u0161om \u0161t\u00e1te kv\u00f4li vl\u00e1de Roberta Fica v\u00e1\u017ene ohrozen\u00e9. Pod\u013ea n\u00e1s sp\u013a\u0148a pr\u00e1ve Ivan Kor\u010dok z\u00e1sadn\u00e9 predpoklady, ktor\u00fdmi by ako prezident d\u00f4stojne a so spr\u00e1vne nastaven\u00fdm hodnotov\u00fdm rebr\u00ed\u010dkom reprezentoval z\u00e1ujmy ob\u010danov. Pre Slovensko je z n\u00e1\u0161ho poh\u013eadu tie\u017e k\u013e\u00fa\u010dov\u00e1 jasnos\u0165 a \u010ditate\u013enos\u0165 prezidenta aj v zahrani\u010dnej politike, a to v\u0161etko vid\u00edme v osobe sk\u00fasen\u00e9ho a medzin\u00e1rodne uzn\u00e1van\u00e9ho diplomata Ivana Kor\u010doka<\/em><strong>,\u201c<\/strong>\u00a0povedal predseda Demokratov Jaroslav Na\u010f.<\/p>\n\n\n\n<p>Na\u010f z\u00e1rove\u0148 dodal, \u017ee je d\u00f4le\u017eit\u00e9 vn\u00edma\u0165 z\u00e1ujemcu o Prezidentsk\u00fd pal\u00e1c Petra Pellegriniho ako jednozna\u010dn\u00e9ho kandid\u00e1ta Roberta Fica, ktor\u00fd bude kona\u0165 v\u00fdlu\u010dne na z\u00e1klade pokynov s\u00fa\u010dasn\u00e9ho premi\u00e9ra. Aj preto strana Demokrati nab\u00e1da opozi\u010dn\u00e9 politick\u00e9 spektrum, aby sa zjednotilo v podpore jedn\u00e9ho siln\u00e9ho kandid\u00e1ta Ivana Kor\u010doka.<\/p>\n\n\n\n<p><em>\u201eV prezidentsk\u00fdch vo\u013eb\u00e1ch chce Fico uzavrie\u0165 kruh a absol\u00fatne ovl\u00e1dnu\u0165 v\u0161etky relevantn\u00e9 in\u0161tit\u00facie tak, aby sebe a svojim kump\u00e1nom zaru\u010dil pokojn\u00fd bezstarostn\u00fd sp\u00e1nok. Nesmieme to dovoli\u0165. Ak vyhr\u00e1 Pellegrini, napln\u00ed sa najhor\u0161\u00ed scen\u00e1r &#8211; \u00fanosu Slovenskej republiky,\u201d\u00a0<\/em>uzavrel Na\u010f.<\/p>\n\n\n\n<figure class=\"wp-block-image size-large\"><img decoding=\"async\" width=\"768\" height=\"1024\" src=\"https:\/\/www.smedemokrati.sk\/wp-content\/uploads\/2024\/01\/image00001-768x1024.jpeg\" alt=\"\" class=\"wp-image-2510\" srcset=\"https:\/\/www.smedemokrati.sk\/wp-content\/uploads\/2024\/01\/image00001-768x1024.jpeg 768w, https:\/\/www.smedemokrati.sk\/wp-content\/uploads\/2024\/01\/image00001-225x300.jpeg 225w, https:\/\/www.smedemokrati.sk\/wp-content\/uploads\/2024\/01\/image00001-1152x1536.jpeg 1152w, https:\/\/www.smedemokrati.sk\/wp-content\/uploads\/2024\/01\/image00001-1536x2048.jpeg 1536w, https:\/\/www.smedemokrati.sk\/wp-content\/uploads\/2024\/01\/image00001-scaled.jpeg 1920w\" sizes=\"(max-width: 768px) 100vw, 768px\" \/><\/figure>\n","protected":false},"excerpt":{"rendered":"<p>Predsedn\u00edctvo strany Demokrati jednohlasne vyjadrilo podporu kandid\u00e1tovi na prezidenta Ivanovi Kor\u010dokovi. Strana sa tak rozhodla bezprostredne po rokovan\u00ed predsedn\u00edctva, na ktorom Kor\u010dok podrobne predstavil svoju v\u00edziu a ciele v dom\u00e1cej a tie\u017e zahrani\u010dnej politike v pr\u00edpade \u00faspe\u0161nej kandidat\u00fary na prezidenta. \u201eJe pre n\u00e1s k\u013e\u00fa\u010dov\u00e9, \u017ee s Ivanom Kor\u010dokom m\u00e1me rovnak\u00fa optiku na princ\u00edpy spravodlivosti, ochrany [&hellip;]<\/p>\n","protected":false},"author":7,"featured_media":2511,"comment_status":"closed","ping_status":"closed","sticky":false,"template":"","format":"standard","meta":{"_acf_changed":false,"ngg_post_thumbnail":0,"footnotes":""},"categories":[4],"tags":[],"class_list":["post-2509","post","type-post","status-publish","format-standard","has-post-thumbnail","hentry","category-tlacove-spravy"],"acf":[],"yoast_head":"<!-- This site is optimized with the Yoast SEO plugin v27.2 - https:\/\/yoast.com\/product\/yoast-seo-wordpress\/ -->\n<title>Strana m\u00e1 jasno v podpore kandid\u00e1ta na prezidenta - Smedemokrati.sk<\/title>\n<meta name=\"robots\" content=\"index, follow, max-snippet:-1, max-image-preview:large, max-video-preview:-1\" \/>\n<link rel=\"canonical\" href=\"https:\/\/www.smedemokrati.sk\/en\/strana-ma-jasno-v-podpore-kandidata-na-prezidenta\/\" \/>\n<meta property=\"og:locale\" content=\"en_US\" \/>\n<meta property=\"og:locale:alternate\" content=\"cs_CZ\" \/>\n<meta property=\"og:locale:alternate\" content=\"hu_HU\" \/>\n<meta property=\"og:locale:alternate\" content=\"sk_SK\" \/>\n<meta property=\"og:locale:alternate\" content=\"sv_SE\" \/>\n<meta property=\"og:type\" content=\"article\" \/>\n<meta property=\"og:title\" content=\"Strana m\u00e1 jasno v podpore kandid\u00e1ta na prezidenta - Smedemokrati.sk\" \/>\n<meta property=\"og:description\" content=\"Predsedn\u00edctvo strany Demokrati jednohlasne vyjadrilo podporu kandid\u00e1tovi na prezidenta Ivanovi Kor\u010dokovi. Strana sa tak rozhodla bezprostredne po rokovan\u00ed predsedn\u00edctva, na ktorom Kor\u010dok podrobne predstavil svoju v\u00edziu a ciele v dom\u00e1cej a tie\u017e zahrani\u010dnej politike v pr\u00edpade \u00faspe\u0161nej kandidat\u00fary na prezidenta. \u201eJe pre n\u00e1s k\u013e\u00fa\u010dov\u00e9, \u017ee s Ivanom Kor\u010dokom m\u00e1me rovnak\u00fa optiku na princ\u00edpy spravodlivosti, ochrany [&hellip;]\" \/>\n<meta property=\"og:url\" content=\"https:\/\/www.smedemokrati.sk\/en\/strana-ma-jasno-v-podpore-kandidata-na-prezidenta\/\" \/>\n<meta property=\"og:site_name\" content=\"Smedemokrati.sk\" \/>\n<meta property=\"article:publisher\" content=\"https:\/\/www.facebook.com\/smedemokrati2023\" \/>\n<meta property=\"article:published_time\" content=\"2024-01-16T09:09:24+00:00\" \/>\n<meta property=\"article:modified_time\" content=\"2024-01-17T15:45:02+00:00\" \/>\n<meta property=\"og:image\" content=\"https:\/\/www.smedemokrati.sk\/wp-content\/uploads\/2024\/01\/image00003.jpeg\" \/>\n\t<meta property=\"og:image:width\" content=\"2000\" \/>\n\t<meta property=\"og:image:height\" content=\"1591\" \/>\n\t<meta property=\"og:image:type\" content=\"image\/jpeg\" \/>\n<meta name=\"author\" content=\"Tom\u00e1\u0161 Koppl\" \/>\n<meta name=\"twitter:card\" content=\"summary_large_image\" \/>\n<meta name=\"twitter:label1\" content=\"Written by\" \/>\n\t<meta name=\"twitter:data1\" content=\"Tom\u00e1\u0161 Koppl\" \/>\n\t<meta name=\"twitter:label2\" content=\"Est. reading time\" \/>\n\t<meta name=\"twitter:data2\" content=\"2 minutes\" \/>\n<script type=\"application\/ld+json\" class=\"yoast-schema-graph\">{\"@context\":\"https:\/\/schema.org\",\"@graph\":[{\"@type\":\"Article\",\"@id\":\"https:\/\/www.smedemokrati.sk\/strana-ma-jasno-v-podpore-kandidata-na-prezidenta\/#article\",\"isPartOf\":{\"@id\":\"https:\/\/www.smedemokrati.sk\/strana-ma-jasno-v-podpore-kandidata-na-prezidenta\/\"},\"author\":{\"name\":\"Tom\u00e1\u0161 Koppl\",\"@id\":\"https:\/\/www.smedemokrati.sk\/#\/schema\/person\/c60720f4b9955b3c1ed222ebd1fbbc7c\"},\"headline\":\"Strana m\u00e1 jasno v podpore kandid\u00e1ta na prezidenta\",\"datePublished\":\"2024-01-16T09:09:24+00:00\",\"dateModified\":\"2024-01-17T15:45:02+00:00\",\"mainEntityOfPage\":{\"@id\":\"https:\/\/www.smedemokrati.sk\/strana-ma-jasno-v-podpore-kandidata-na-prezidenta\/\"},\"wordCount\":307,\"publisher\":{\"@id\":\"https:\/\/www.smedemokrati.sk\/#organization\"},\"image\":{\"@id\":\"https:\/\/www.smedemokrati.sk\/strana-ma-jasno-v-podpore-kandidata-na-prezidenta\/#primaryimage\"},\"thumbnailUrl\":\"https:\/\/www.smedemokrati.sk\/wp-content\/uploads\/2024\/01\/image00003.jpeg\",\"articleSection\":[\"Tla\u010dov\u00e9 spr\u00e1vy\"],\"inLanguage\":\"en-US\"},{\"@type\":\"WebPage\",\"@id\":\"https:\/\/www.smedemokrati.sk\/strana-ma-jasno-v-podpore-kandidata-na-prezidenta\/\",\"url\":\"https:\/\/www.smedemokrati.sk\/strana-ma-jasno-v-podpore-kandidata-na-prezidenta\/\",\"name\":\"Strana m\u00e1 jasno v podpore kandid\u00e1ta na prezidenta - Smedemokrati.sk\",\"isPartOf\":{\"@id\":\"https:\/\/www.smedemokrati.sk\/#website\"},\"primaryImageOfPage\":{\"@id\":\"https:\/\/www.smedemokrati.sk\/strana-ma-jasno-v-podpore-kandidata-na-prezidenta\/#primaryimage\"},\"image\":{\"@id\":\"https:\/\/www.smedemokrati.sk\/strana-ma-jasno-v-podpore-kandidata-na-prezidenta\/#primaryimage\"},\"thumbnailUrl\":\"https:\/\/www.smedemokrati.sk\/wp-content\/uploads\/2024\/01\/image00003.jpeg\",\"datePublished\":\"2024-01-16T09:09:24+00:00\",\"dateModified\":\"2024-01-17T15:45:02+00:00\",\"breadcrumb\":{\"@id\":\"https:\/\/www.smedemokrati.sk\/strana-ma-jasno-v-podpore-kandidata-na-prezidenta\/#breadcrumb\"},\"inLanguage\":\"en-US\",\"potentialAction\":[{\"@type\":\"ReadAction\",\"target\":[\"https:\/\/www.smedemokrati.sk\/strana-ma-jasno-v-podpore-kandidata-na-prezidenta\/\"]}]},{\"@type\":\"ImageObject\",\"inLanguage\":\"en-US\",\"@id\":\"https:\/\/www.smedemokrati.sk\/strana-ma-jasno-v-podpore-kandidata-na-prezidenta\/#primaryimage\",\"url\":\"https:\/\/www.smedemokrati.sk\/wp-content\/uploads\/2024\/01\/image00003.jpeg\",\"contentUrl\":\"https:\/\/www.smedemokrati.sk\/wp-content\/uploads\/2024\/01\/image00003.jpeg\",\"width\":2000,\"height\":1591},{\"@type\":\"BreadcrumbList\",\"@id\":\"https:\/\/www.smedemokrati.sk\/strana-ma-jasno-v-podpore-kandidata-na-prezidenta\/#breadcrumb\",\"itemListElement\":[{\"@type\":\"ListItem\",\"position\":1,\"name\":\"Domovsk\u00e1 str\u00e1nka\",\"item\":\"https:\/\/www.smedemokrati.sk\/\"},{\"@type\":\"ListItem\",\"position\":2,\"name\":\"Strana m\u00e1 jasno v podpore kandid\u00e1ta na prezidenta\"}]},{\"@type\":\"WebSite\",\"@id\":\"https:\/\/www.smedemokrati.sk\/#website\",\"url\":\"https:\/\/www.smedemokrati.sk\/\",\"name\":\"Smedemokrati.sk\",\"description\":\"Demokracia a slu\u0161nos\u0165 zv\u00ed\u0165az\u00ed\",\"publisher\":{\"@id\":\"https:\/\/www.smedemokrati.sk\/#organization\"},\"potentialAction\":[{\"@type\":\"SearchAction\",\"target\":{\"@type\":\"EntryPoint\",\"urlTemplate\":\"https:\/\/www.smedemokrati.sk\/?s={search_term_string}\"},\"query-input\":{\"@type\":\"PropertyValueSpecification\",\"valueRequired\":true,\"valueName\":\"search_term_string\"}}],\"inLanguage\":\"en-US\"},{\"@type\":\"Organization\",\"@id\":\"https:\/\/www.smedemokrati.sk\/#organization\",\"name\":\"Smedemokrati.sk\",\"url\":\"https:\/\/www.smedemokrati.sk\/\",\"logo\":{\"@type\":\"ImageObject\",\"inLanguage\":\"en-US\",\"@id\":\"https:\/\/www.smedemokrati.sk\/#\/schema\/logo\/image\/\",\"url\":\"https:\/\/www.smedemokrati.sk\/wp-content\/uploads\/2023\/04\/ff.002.jpeg\",\"contentUrl\":\"https:\/\/www.smedemokrati.sk\/wp-content\/uploads\/2023\/04\/ff.002.jpeg\",\"width\":640,\"height\":480,\"caption\":\"Smedemokrati.sk\"},\"image\":{\"@id\":\"https:\/\/www.smedemokrati.sk\/#\/schema\/logo\/image\/\"},\"sameAs\":[\"https:\/\/www.facebook.com\/smedemokrati2023\"]},{\"@type\":\"Person\",\"@id\":\"https:\/\/www.smedemokrati.sk\/#\/schema\/person\/c60720f4b9955b3c1ed222ebd1fbbc7c\",\"name\":\"Tom\u00e1\u0161 Koppl\",\"image\":{\"@type\":\"ImageObject\",\"inLanguage\":\"en-US\",\"@id\":\"https:\/\/secure.gravatar.com\/avatar\/8dfa38373c5e39821baf74c8e867a6f12e12c6dab6559aa999d10703b0b1c4ce?s=96&d=mm&r=g\",\"url\":\"https:\/\/secure.gravatar.com\/avatar\/8dfa38373c5e39821baf74c8e867a6f12e12c6dab6559aa999d10703b0b1c4ce?s=96&d=mm&r=g\",\"contentUrl\":\"https:\/\/secure.gravatar.com\/avatar\/8dfa38373c5e39821baf74c8e867a6f12e12c6dab6559aa999d10703b0b1c4ce?s=96&d=mm&r=g\",\"caption\":\"Tom\u00e1\u0161 Koppl\"},\"url\":\"https:\/\/www.smedemokrati.sk\/en\/author\/tomaskoppl\/\"}]}<\/script>\n<!-- \/ Yoast SEO plugin. -->","yoast_head_json":{"title":"Strana m\u00e1 jasno v podpore kandid\u00e1ta na prezidenta - Smedemokrati.sk","robots":{"index":"index","follow":"follow","max-snippet":"max-snippet:-1","max-image-preview":"max-image-preview:large","max-video-preview":"max-video-preview:-1"},"canonical":"https:\/\/www.smedemokrati.sk\/en\/strana-ma-jasno-v-podpore-kandidata-na-prezidenta\/","og_locale":"en_US","og_type":"article","og_title":"Strana m\u00e1 jasno v podpore kandid\u00e1ta na prezidenta - Smedemokrati.sk","og_description":"Predsedn\u00edctvo strany Demokrati jednohlasne vyjadrilo podporu kandid\u00e1tovi na prezidenta Ivanovi Kor\u010dokovi. Strana sa tak rozhodla bezprostredne po rokovan\u00ed predsedn\u00edctva, na ktorom Kor\u010dok podrobne predstavil svoju v\u00edziu a ciele v dom\u00e1cej a tie\u017e zahrani\u010dnej politike v pr\u00edpade \u00faspe\u0161nej kandidat\u00fary na prezidenta. \u201eJe pre n\u00e1s k\u013e\u00fa\u010dov\u00e9, \u017ee s Ivanom Kor\u010dokom m\u00e1me rovnak\u00fa optiku na princ\u00edpy spravodlivosti, ochrany [&hellip;]","og_url":"https:\/\/www.smedemokrati.sk\/en\/strana-ma-jasno-v-podpore-kandidata-na-prezidenta\/","og_site_name":"Smedemokrati.sk","article_publisher":"https:\/\/www.facebook.com\/smedemokrati2023","article_published_time":"2024-01-16T09:09:24+00:00","article_modified_time":"2024-01-17T15:45:02+00:00","og_image":[{"width":2000,"height":1591,"url":"https:\/\/www.smedemokrati.sk\/wp-content\/uploads\/2024\/01\/image00003.jpeg","type":"image\/jpeg"}],"author":"Tom\u00e1\u0161 Koppl","twitter_card":"summary_large_image","twitter_misc":{"Written by":"Tom\u00e1\u0161 Koppl","Est. reading time":"2 minutes"},"schema":{"@context":"https:\/\/schema.org","@graph":[{"@type":"Article","@id":"https:\/\/www.smedemokrati.sk\/strana-ma-jasno-v-podpore-kandidata-na-prezidenta\/#article","isPartOf":{"@id":"https:\/\/www.smedemokrati.sk\/strana-ma-jasno-v-podpore-kandidata-na-prezidenta\/"},"author":{"name":"Tom\u00e1\u0161 Koppl","@id":"https:\/\/www.smedemokrati.sk\/#\/schema\/person\/c60720f4b9955b3c1ed222ebd1fbbc7c"},"headline":"Strana m\u00e1 jasno v podpore kandid\u00e1ta na prezidenta","datePublished":"2024-01-16T09:09:24+00:00","dateModified":"2024-01-17T15:45:02+00:00","mainEntityOfPage":{"@id":"https:\/\/www.smedemokrati.sk\/strana-ma-jasno-v-podpore-kandidata-na-prezidenta\/"},"wordCount":307,"publisher":{"@id":"https:\/\/www.smedemokrati.sk\/#organization"},"image":{"@id":"https:\/\/www.smedemokrati.sk\/strana-ma-jasno-v-podpore-kandidata-na-prezidenta\/#primaryimage"},"thumbnailUrl":"https:\/\/www.smedemokrati.sk\/wp-content\/uploads\/2024\/01\/image00003.jpeg","articleSection":["Tla\u010dov\u00e9 spr\u00e1vy"],"inLanguage":"en-US"},{"@type":"WebPage","@id":"https:\/\/www.smedemokrati.sk\/strana-ma-jasno-v-podpore-kandidata-na-prezidenta\/","url":"https:\/\/www.smedemokrati.sk\/strana-ma-jasno-v-podpore-kandidata-na-prezidenta\/","name":"Strana m\u00e1 jasno v podpore kandid\u00e1ta na prezidenta - Smedemokrati.sk","isPartOf":{"@id":"https:\/\/www.smedemokrati.sk\/#website"},"primaryImageOfPage":{"@id":"https:\/\/www.smedemokrati.sk\/strana-ma-jasno-v-podpore-kandidata-na-prezidenta\/#primaryimage"},"image":{"@id":"https:\/\/www.smedemokrati.sk\/strana-ma-jasno-v-podpore-kandidata-na-prezidenta\/#primaryimage"},"thumbnailUrl":"https:\/\/www.smedemokrati.sk\/wp-content\/uploads\/2024\/01\/image00003.jpeg","datePublished":"2024-01-16T09:09:24+00:00","dateModified":"2024-01-17T15:45:02+00:00","breadcrumb":{"@id":"https:\/\/www.smedemokrati.sk\/strana-ma-jasno-v-podpore-kandidata-na-prezidenta\/#breadcrumb"},"inLanguage":"en-US","potentialAction":[{"@type":"ReadAction","target":["https:\/\/www.smedemokrati.sk\/strana-ma-jasno-v-podpore-kandidata-na-prezidenta\/"]}]},{"@type":"ImageObject","inLanguage":"en-US","@id":"https:\/\/www.smedemokrati.sk\/strana-ma-jasno-v-podpore-kandidata-na-prezidenta\/#primaryimage","url":"https:\/\/www.smedemokrati.sk\/wp-content\/uploads\/2024\/01\/image00003.jpeg","contentUrl":"https:\/\/www.smedemokrati.sk\/wp-content\/uploads\/2024\/01\/image00003.jpeg","width":2000,"height":1591},{"@type":"BreadcrumbList","@id":"https:\/\/www.smedemokrati.sk\/strana-ma-jasno-v-podpore-kandidata-na-prezidenta\/#breadcrumb","itemListElement":[{"@type":"ListItem","position":1,"name":"Domovsk\u00e1 str\u00e1nka","item":"https:\/\/www.smedemokrati.sk\/"},{"@type":"ListItem","position":2,"name":"Strana m\u00e1 jasno v podpore kandid\u00e1ta na prezidenta"}]},{"@type":"WebSite","@id":"https:\/\/www.smedemokrati.sk\/#website","url":"https:\/\/www.smedemokrati.sk\/","name":"Smedemokrati.sk","description":"Demokracia a slu\u0161nos\u0165 zv\u00ed\u0165az\u00ed","publisher":{"@id":"https:\/\/www.smedemokrati.sk\/#organization"},"potentialAction":[{"@type":"SearchAction","target":{"@type":"EntryPoint","urlTemplate":"https:\/\/www.smedemokrati.sk\/?s={search_term_string}"},"query-input":{"@type":"PropertyValueSpecification","valueRequired":true,"valueName":"search_term_string"}}],"inLanguage":"en-US"},{"@type":"Organization","@id":"https:\/\/www.smedemokrati.sk\/#organization","name":"Smedemokrati.sk","url":"https:\/\/www.smedemokrati.sk\/","logo":{"@type":"ImageObject","inLanguage":"en-US","@id":"https:\/\/www.smedemokrati.sk\/#\/schema\/logo\/image\/","url":"https:\/\/www.smedemokrati.sk\/wp-content\/uploads\/2023\/04\/ff.002.jpeg","contentUrl":"https:\/\/www.smedemokrati.sk\/wp-content\/uploads\/2023\/04\/ff.002.jpeg","width":640,"height":480,"caption":"Smedemokrati.sk"},"image":{"@id":"https:\/\/www.smedemokrati.sk\/#\/schema\/logo\/image\/"},"sameAs":["https:\/\/www.facebook.com\/smedemokrati2023"]},{"@type":"Person","@id":"https:\/\/www.smedemokrati.sk\/#\/schema\/person\/c60720f4b9955b3c1ed222ebd1fbbc7c","name":"Tom\u00e1\u0161 Koppl","image":{"@type":"ImageObject","inLanguage":"en-US","@id":"https:\/\/secure.gravatar.com\/avatar\/8dfa38373c5e39821baf74c8e867a6f12e12c6dab6559aa999d10703b0b1c4ce?s=96&d=mm&r=g","url":"https:\/\/secure.gravatar.com\/avatar\/8dfa38373c5e39821baf74c8e867a6f12e12c6dab6559aa999d10703b0b1c4ce?s=96&d=mm&r=g","contentUrl":"https:\/\/secure.gravatar.com\/avatar\/8dfa38373c5e39821baf74c8e867a6f12e12c6dab6559aa999d10703b0b1c4ce?s=96&d=mm&r=g","caption":"Tom\u00e1\u0161 Koppl"},"url":"https:\/\/www.smedemokrati.sk\/en\/author\/tomaskoppl\/"}]}},"_links":{"self":[{"href":"https:\/\/www.smedemokrati.sk\/en\/wp-json\/wp\/v2\/posts\/2509","targetHints":{"allow":["GET"]}}],"collection":[{"href":"https:\/\/www.smedemokrati.sk\/en\/wp-json\/wp\/v2\/posts"}],"about":[{"href":"https:\/\/www.smedemokrati.sk\/en\/wp-json\/wp\/v2\/types\/post"}],"author":[{"embeddable":true,"href":"https:\/\/www.smedemokrati.sk\/en\/wp-json\/wp\/v2\/users\/7"}],"replies":[{"embeddable":true,"href":"https:\/\/www.smedemokrati.sk\/en\/wp-json\/wp\/v2\/comments?post=2509"}],"version-history":[{"count":1,"href":"https:\/\/www.smedemokrati.sk\/en\/wp-json\/wp\/v2\/posts\/2509\/revisions"}],"predecessor-version":[{"id":2512,"href":"https:\/\/www.smedemokrati.sk\/en\/wp-json\/wp\/v2\/posts\/2509\/revisions\/2512"}],"wp:featuredmedia":[{"embeddable":true,"href":"https:\/\/www.smedemokrati.sk\/en\/wp-json\/wp\/v2\/media\/2511"}],"wp:attachment":[{"href":"https:\/\/www.smedemokrati.sk\/en\/wp-json\/wp\/v2\/media?parent=2509"}],"wp:term":[{"taxonomy":"category","embeddable":true,"href":"https:\/\/www.smedemokrati.sk\/en\/wp-json\/wp\/v2\/categories?post=2509"},{"taxonomy":"post_tag","embeddable":true,"href":"https:\/\/www.smedemokrati.sk\/en\/wp-json\/wp\/v2\/tags?post=2509"}],"curies":[{"name":"wp","href":"https:\/\/api.w.org\/{rel}","templated":true}]}}