{"id":2473,"date":"2024-01-08T14:02:59","date_gmt":"2024-01-08T12:02:59","guid":{"rendered":"https:\/\/www.smedemokrati.sk\/?p=2473"},"modified":"2024-01-09T14:59:15","modified_gmt":"2024-01-09T12:59:15","slug":"byt-prezidentom-a-zaroven-predsedom-strany-je-nepripustne","status":"publish","type":"post","link":"https:\/\/www.smedemokrati.sk\/en\/byt-prezidentom-a-zaroven-predsedom-strany-je-nepripustne\/","title":{"rendered":"By\u0165 prezidentom a z\u00e1rove\u0148 predsedom strany je nepr\u00edpustn\u00e9"},"content":{"rendered":"<div id=\"fb-root\"><\/div>\n\n<p>Peter Pellegrini chce spolu s koal\u00edciou ovl\u00e1dnu\u0165 v\u0161etky \u00fastavn\u00e9 funkcie a do pomyselnej zbierky ch\u00fdba u\u017e len Prezidentsk\u00fd pal\u00e1c. Demokrati upozor\u0148uj\u00fa na z\u00e1va\u017en\u00e9 inform\u00e1cie o tom, \u017ee zrejme kandid\u00e1t na prezidenta z Hlasu P. Pellegrini by po zvolen\u00ed do najvy\u0161\u0161ej \u0161t\u00e1tnej funkcie na\u010falej mohol zosta\u0165 predsedom strany. Pod\u013ea Demokratov ide o nebezpe\u010dn\u00fd precedens, ktor\u00fd je v rozpore so \u00fastavn\u00fdmi zvyklos\u0165ami, dobrou mor\u00e1lkou a \u00fastavnou povinnos\u0165ou prezidenta reprezentova\u0165 v\u0161etk\u00fdch ob\u010danov rovnako.&nbsp;<\/p>\n\n\n\n<p>Inform\u00e1cie komentuje podpredseda Demokratov Eduard Heger:\u00a0<em>\u201eChc\u00fa poru\u0161i\u0165 pravidlo, ktor\u00e9 na Slovensku roky garantuje, \u017ee prezident nie je za\u0165a\u017een\u00fd \u017eiadnou stran\u00edckou funkciou. Dnes v\u0161ak po\u010d\u00favame priamo z Hlasu, \u017ee Pellegrini m\u00e1 po zvolen\u00ed za hlavu \u0161t\u00e1tu osta\u0165 z\u00e1rove\u0148 aj predsedom strany. Koho z\u00e1ujmy bude prezident konkr\u00e9tnej strany presadzova\u0165? Preto sa p\u00fdtam Petra Pellegriniho chce by\u0165 aj prezidentom a z\u00e1rove\u0148 predsedom strany?\u201d<\/em>\u00a0Povedal Heger a dodal, \u017ee ide o legit\u00edmnu ot\u00e1zku, \u010di by sa Pellegrini vzdal stran\u00edckej kni\u017eky v pr\u00edpade, \u017ee ho n\u00e1rod zvol\u00ed za prezidenta, na ktor\u00fa mus\u00ed verejne odpoveda\u0165.\u00a0<\/p>\n\n\n\n<figure class=\"wp-block-video\"><video height=\"1806\" style=\"aspect-ratio: 1080 \/ 1806;\" width=\"1080\" controls src=\"https:\/\/www.smedemokrati.sk\/wp-content\/uploads\/2024\/01\/20696BBD-3624-438D-ADE9-3048D6764D84.mov\"><\/video><\/figure>\n","protected":false},"excerpt":{"rendered":"<p>Peter Pellegrini chce spolu s koal\u00edciou ovl\u00e1dnu\u0165 v\u0161etky \u00fastavn\u00e9 funkcie a do pomyselnej zbierky ch\u00fdba u\u017e len Prezidentsk\u00fd pal\u00e1c. Demokrati upozor\u0148uj\u00fa na z\u00e1va\u017en\u00e9 inform\u00e1cie o tom, \u017ee zrejme kandid\u00e1t na prezidenta z Hlasu P. Pellegrini by po zvolen\u00ed do najvy\u0161\u0161ej \u0161t\u00e1tnej funkcie na\u010falej mohol zosta\u0165 predsedom strany. Pod\u013ea Demokratov ide o nebezpe\u010dn\u00fd precedens, ktor\u00fd je [&hellip;]<\/p>\n","protected":false},"author":7,"featured_media":249,"comment_status":"closed","ping_status":"closed","sticky":false,"template":"","format":"standard","meta":{"_acf_changed":false,"ngg_post_thumbnail":0,"footnotes":""},"categories":[4],"tags":[],"class_list":["post-2473","post","type-post","status-publish","format-standard","has-post-thumbnail","hentry","category-tlacove-spravy"],"acf":[],"yoast_head":"<!-- This site is optimized with the Yoast SEO plugin v27.2 - https:\/\/yoast.com\/product\/yoast-seo-wordpress\/ -->\n<title>By\u0165 prezidentom a z\u00e1rove\u0148 predsedom strany je nepr\u00edpustn\u00e9 - Smedemokrati.sk<\/title>\n<meta name=\"robots\" content=\"index, follow, max-snippet:-1, max-image-preview:large, max-video-preview:-1\" \/>\n<link rel=\"canonical\" href=\"https:\/\/www.smedemokrati.sk\/en\/byt-prezidentom-a-zaroven-predsedom-strany-je-nepripustne\/\" \/>\n<meta property=\"og:locale\" content=\"en_US\" \/>\n<meta property=\"og:locale:alternate\" content=\"cs_CZ\" \/>\n<meta property=\"og:locale:alternate\" content=\"hu_HU\" \/>\n<meta property=\"og:locale:alternate\" content=\"sk_SK\" \/>\n<meta property=\"og:locale:alternate\" content=\"sv_SE\" \/>\n<meta property=\"og:type\" content=\"article\" \/>\n<meta property=\"og:title\" content=\"By\u0165 prezidentom a z\u00e1rove\u0148 predsedom strany je nepr\u00edpustn\u00e9 - Smedemokrati.sk\" \/>\n<meta property=\"og:description\" content=\"Peter Pellegrini chce spolu s koal\u00edciou ovl\u00e1dnu\u0165 v\u0161etky \u00fastavn\u00e9 funkcie a do pomyselnej zbierky ch\u00fdba u\u017e len Prezidentsk\u00fd pal\u00e1c. Demokrati upozor\u0148uj\u00fa na z\u00e1va\u017en\u00e9 inform\u00e1cie o tom, \u017ee zrejme kandid\u00e1t na prezidenta z Hlasu P. Pellegrini by po zvolen\u00ed do najvy\u0161\u0161ej \u0161t\u00e1tnej funkcie na\u010falej mohol zosta\u0165 predsedom strany. Pod\u013ea Demokratov ide o nebezpe\u010dn\u00fd precedens, ktor\u00fd je [&hellip;]\" \/>\n<meta property=\"og:url\" content=\"https:\/\/www.smedemokrati.sk\/en\/byt-prezidentom-a-zaroven-predsedom-strany-je-nepripustne\/\" \/>\n<meta property=\"og:site_name\" content=\"Smedemokrati.sk\" \/>\n<meta property=\"article:publisher\" content=\"https:\/\/www.facebook.com\/smedemokrati2023\" \/>\n<meta property=\"article:published_time\" content=\"2024-01-08T12:02:59+00:00\" \/>\n<meta property=\"article:modified_time\" content=\"2024-01-09T12:59:15+00:00\" \/>\n<meta property=\"og:image\" content=\"https:\/\/www.smedemokrati.sk\/wp-content\/uploads\/2023\/04\/EH.jpg\" \/>\n\t<meta property=\"og:image:width\" content=\"1520\" \/>\n\t<meta property=\"og:image:height\" content=\"1080\" \/>\n\t<meta property=\"og:image:type\" content=\"image\/jpeg\" \/>\n<meta name=\"author\" content=\"Tom\u00e1\u0161 Koppl\" \/>\n<meta name=\"twitter:card\" content=\"summary_large_image\" \/>\n<meta name=\"twitter:label1\" content=\"Written by\" \/>\n\t<meta name=\"twitter:data1\" content=\"Tom\u00e1\u0161 Koppl\" \/>\n\t<meta name=\"twitter:label2\" content=\"Est. reading time\" \/>\n\t<meta name=\"twitter:data2\" content=\"1 minute\" \/>\n<script type=\"application\/ld+json\" class=\"yoast-schema-graph\">{\"@context\":\"https:\/\/schema.org\",\"@graph\":[{\"@type\":\"Article\",\"@id\":\"https:\/\/www.smedemokrati.sk\/byt-prezidentom-a-zaroven-predsedom-strany-je-nepripustne\/#article\",\"isPartOf\":{\"@id\":\"https:\/\/www.smedemokrati.sk\/byt-prezidentom-a-zaroven-predsedom-strany-je-nepripustne\/\"},\"author\":{\"name\":\"Tom\u00e1\u0161 Koppl\",\"@id\":\"https:\/\/www.smedemokrati.sk\/#\/schema\/person\/c60720f4b9955b3c1ed222ebd1fbbc7c\"},\"headline\":\"By\u0165 prezidentom a z\u00e1rove\u0148 predsedom strany je nepr\u00edpustn\u00e9\",\"datePublished\":\"2024-01-08T12:02:59+00:00\",\"dateModified\":\"2024-01-09T12:59:15+00:00\",\"mainEntityOfPage\":{\"@id\":\"https:\/\/www.smedemokrati.sk\/byt-prezidentom-a-zaroven-predsedom-strany-je-nepripustne\/\"},\"wordCount\":212,\"publisher\":{\"@id\":\"https:\/\/www.smedemokrati.sk\/#organization\"},\"image\":{\"@id\":\"https:\/\/www.smedemokrati.sk\/byt-prezidentom-a-zaroven-predsedom-strany-je-nepripustne\/#primaryimage\"},\"thumbnailUrl\":\"https:\/\/www.smedemokrati.sk\/wp-content\/uploads\/2023\/04\/EH.jpg\",\"articleSection\":[\"Tla\u010dov\u00e9 spr\u00e1vy\"],\"inLanguage\":\"en-US\"},{\"@type\":\"WebPage\",\"@id\":\"https:\/\/www.smedemokrati.sk\/byt-prezidentom-a-zaroven-predsedom-strany-je-nepripustne\/\",\"url\":\"https:\/\/www.smedemokrati.sk\/byt-prezidentom-a-zaroven-predsedom-strany-je-nepripustne\/\",\"name\":\"By\u0165 prezidentom a z\u00e1rove\u0148 predsedom strany je nepr\u00edpustn\u00e9 - Smedemokrati.sk\",\"isPartOf\":{\"@id\":\"https:\/\/www.smedemokrati.sk\/#website\"},\"primaryImageOfPage\":{\"@id\":\"https:\/\/www.smedemokrati.sk\/byt-prezidentom-a-zaroven-predsedom-strany-je-nepripustne\/#primaryimage\"},\"image\":{\"@id\":\"https:\/\/www.smedemokrati.sk\/byt-prezidentom-a-zaroven-predsedom-strany-je-nepripustne\/#primaryimage\"},\"thumbnailUrl\":\"https:\/\/www.smedemokrati.sk\/wp-content\/uploads\/2023\/04\/EH.jpg\",\"datePublished\":\"2024-01-08T12:02:59+00:00\",\"dateModified\":\"2024-01-09T12:59:15+00:00\",\"breadcrumb\":{\"@id\":\"https:\/\/www.smedemokrati.sk\/byt-prezidentom-a-zaroven-predsedom-strany-je-nepripustne\/#breadcrumb\"},\"inLanguage\":\"en-US\",\"potentialAction\":[{\"@type\":\"ReadAction\",\"target\":[\"https:\/\/www.smedemokrati.sk\/byt-prezidentom-a-zaroven-predsedom-strany-je-nepripustne\/\"]}]},{\"@type\":\"ImageObject\",\"inLanguage\":\"en-US\",\"@id\":\"https:\/\/www.smedemokrati.sk\/byt-prezidentom-a-zaroven-predsedom-strany-je-nepripustne\/#primaryimage\",\"url\":\"https:\/\/www.smedemokrati.sk\/wp-content\/uploads\/2023\/04\/EH.jpg\",\"contentUrl\":\"https:\/\/www.smedemokrati.sk\/wp-content\/uploads\/2023\/04\/EH.jpg\",\"width\":1520,\"height\":1080},{\"@type\":\"BreadcrumbList\",\"@id\":\"https:\/\/www.smedemokrati.sk\/byt-prezidentom-a-zaroven-predsedom-strany-je-nepripustne\/#breadcrumb\",\"itemListElement\":[{\"@type\":\"ListItem\",\"position\":1,\"name\":\"Domovsk\u00e1 str\u00e1nka\",\"item\":\"https:\/\/www.smedemokrati.sk\/\"},{\"@type\":\"ListItem\",\"position\":2,\"name\":\"By\u0165 prezidentom a z\u00e1rove\u0148 predsedom strany je nepr\u00edpustn\u00e9\"}]},{\"@type\":\"WebSite\",\"@id\":\"https:\/\/www.smedemokrati.sk\/#website\",\"url\":\"https:\/\/www.smedemokrati.sk\/\",\"name\":\"Smedemokrati.sk\",\"description\":\"Demokracia a slu\u0161nos\u0165 zv\u00ed\u0165az\u00ed\",\"publisher\":{\"@id\":\"https:\/\/www.smedemokrati.sk\/#organization\"},\"potentialAction\":[{\"@type\":\"SearchAction\",\"target\":{\"@type\":\"EntryPoint\",\"urlTemplate\":\"https:\/\/www.smedemokrati.sk\/?s={search_term_string}\"},\"query-input\":{\"@type\":\"PropertyValueSpecification\",\"valueRequired\":true,\"valueName\":\"search_term_string\"}}],\"inLanguage\":\"en-US\"},{\"@type\":\"Organization\",\"@id\":\"https:\/\/www.smedemokrati.sk\/#organization\",\"name\":\"Smedemokrati.sk\",\"url\":\"https:\/\/www.smedemokrati.sk\/\",\"logo\":{\"@type\":\"ImageObject\",\"inLanguage\":\"en-US\",\"@id\":\"https:\/\/www.smedemokrati.sk\/#\/schema\/logo\/image\/\",\"url\":\"https:\/\/www.smedemokrati.sk\/wp-content\/uploads\/2023\/04\/ff.002.jpeg\",\"contentUrl\":\"https:\/\/www.smedemokrati.sk\/wp-content\/uploads\/2023\/04\/ff.002.jpeg\",\"width\":640,\"height\":480,\"caption\":\"Smedemokrati.sk\"},\"image\":{\"@id\":\"https:\/\/www.smedemokrati.sk\/#\/schema\/logo\/image\/\"},\"sameAs\":[\"https:\/\/www.facebook.com\/smedemokrati2023\"]},{\"@type\":\"Person\",\"@id\":\"https:\/\/www.smedemokrati.sk\/#\/schema\/person\/c60720f4b9955b3c1ed222ebd1fbbc7c\",\"name\":\"Tom\u00e1\u0161 Koppl\",\"image\":{\"@type\":\"ImageObject\",\"inLanguage\":\"en-US\",\"@id\":\"https:\/\/secure.gravatar.com\/avatar\/8dfa38373c5e39821baf74c8e867a6f12e12c6dab6559aa999d10703b0b1c4ce?s=96&d=mm&r=g\",\"url\":\"https:\/\/secure.gravatar.com\/avatar\/8dfa38373c5e39821baf74c8e867a6f12e12c6dab6559aa999d10703b0b1c4ce?s=96&d=mm&r=g\",\"contentUrl\":\"https:\/\/secure.gravatar.com\/avatar\/8dfa38373c5e39821baf74c8e867a6f12e12c6dab6559aa999d10703b0b1c4ce?s=96&d=mm&r=g\",\"caption\":\"Tom\u00e1\u0161 Koppl\"},\"url\":\"https:\/\/www.smedemokrati.sk\/en\/author\/tomaskoppl\/\"}]}<\/script>\n<!-- \/ Yoast SEO plugin. -->","yoast_head_json":{"title":"By\u0165 prezidentom a z\u00e1rove\u0148 predsedom strany je nepr\u00edpustn\u00e9 - Smedemokrati.sk","robots":{"index":"index","follow":"follow","max-snippet":"max-snippet:-1","max-image-preview":"max-image-preview:large","max-video-preview":"max-video-preview:-1"},"canonical":"https:\/\/www.smedemokrati.sk\/en\/byt-prezidentom-a-zaroven-predsedom-strany-je-nepripustne\/","og_locale":"en_US","og_type":"article","og_title":"By\u0165 prezidentom a z\u00e1rove\u0148 predsedom strany je nepr\u00edpustn\u00e9 - Smedemokrati.sk","og_description":"Peter Pellegrini chce spolu s koal\u00edciou ovl\u00e1dnu\u0165 v\u0161etky \u00fastavn\u00e9 funkcie a do pomyselnej zbierky ch\u00fdba u\u017e len Prezidentsk\u00fd pal\u00e1c. Demokrati upozor\u0148uj\u00fa na z\u00e1va\u017en\u00e9 inform\u00e1cie o tom, \u017ee zrejme kandid\u00e1t na prezidenta z Hlasu P. Pellegrini by po zvolen\u00ed do najvy\u0161\u0161ej \u0161t\u00e1tnej funkcie na\u010falej mohol zosta\u0165 predsedom strany. Pod\u013ea Demokratov ide o nebezpe\u010dn\u00fd precedens, ktor\u00fd je [&hellip;]","og_url":"https:\/\/www.smedemokrati.sk\/en\/byt-prezidentom-a-zaroven-predsedom-strany-je-nepripustne\/","og_site_name":"Smedemokrati.sk","article_publisher":"https:\/\/www.facebook.com\/smedemokrati2023","article_published_time":"2024-01-08T12:02:59+00:00","article_modified_time":"2024-01-09T12:59:15+00:00","og_image":[{"width":1520,"height":1080,"url":"https:\/\/www.smedemokrati.sk\/wp-content\/uploads\/2023\/04\/EH.jpg","type":"image\/jpeg"}],"author":"Tom\u00e1\u0161 Koppl","twitter_card":"summary_large_image","twitter_misc":{"Written by":"Tom\u00e1\u0161 Koppl","Est. reading time":"1 minute"},"schema":{"@context":"https:\/\/schema.org","@graph":[{"@type":"Article","@id":"https:\/\/www.smedemokrati.sk\/byt-prezidentom-a-zaroven-predsedom-strany-je-nepripustne\/#article","isPartOf":{"@id":"https:\/\/www.smedemokrati.sk\/byt-prezidentom-a-zaroven-predsedom-strany-je-nepripustne\/"},"author":{"name":"Tom\u00e1\u0161 Koppl","@id":"https:\/\/www.smedemokrati.sk\/#\/schema\/person\/c60720f4b9955b3c1ed222ebd1fbbc7c"},"headline":"By\u0165 prezidentom a z\u00e1rove\u0148 predsedom strany je nepr\u00edpustn\u00e9","datePublished":"2024-01-08T12:02:59+00:00","dateModified":"2024-01-09T12:59:15+00:00","mainEntityOfPage":{"@id":"https:\/\/www.smedemokrati.sk\/byt-prezidentom-a-zaroven-predsedom-strany-je-nepripustne\/"},"wordCount":212,"publisher":{"@id":"https:\/\/www.smedemokrati.sk\/#organization"},"image":{"@id":"https:\/\/www.smedemokrati.sk\/byt-prezidentom-a-zaroven-predsedom-strany-je-nepripustne\/#primaryimage"},"thumbnailUrl":"https:\/\/www.smedemokrati.sk\/wp-content\/uploads\/2023\/04\/EH.jpg","articleSection":["Tla\u010dov\u00e9 spr\u00e1vy"],"inLanguage":"en-US"},{"@type":"WebPage","@id":"https:\/\/www.smedemokrati.sk\/byt-prezidentom-a-zaroven-predsedom-strany-je-nepripustne\/","url":"https:\/\/www.smedemokrati.sk\/byt-prezidentom-a-zaroven-predsedom-strany-je-nepripustne\/","name":"By\u0165 prezidentom a z\u00e1rove\u0148 predsedom strany je nepr\u00edpustn\u00e9 - Smedemokrati.sk","isPartOf":{"@id":"https:\/\/www.smedemokrati.sk\/#website"},"primaryImageOfPage":{"@id":"https:\/\/www.smedemokrati.sk\/byt-prezidentom-a-zaroven-predsedom-strany-je-nepripustne\/#primaryimage"},"image":{"@id":"https:\/\/www.smedemokrati.sk\/byt-prezidentom-a-zaroven-predsedom-strany-je-nepripustne\/#primaryimage"},"thumbnailUrl":"https:\/\/www.smedemokrati.sk\/wp-content\/uploads\/2023\/04\/EH.jpg","datePublished":"2024-01-08T12:02:59+00:00","dateModified":"2024-01-09T12:59:15+00:00","breadcrumb":{"@id":"https:\/\/www.smedemokrati.sk\/byt-prezidentom-a-zaroven-predsedom-strany-je-nepripustne\/#breadcrumb"},"inLanguage":"en-US","potentialAction":[{"@type":"ReadAction","target":["https:\/\/www.smedemokrati.sk\/byt-prezidentom-a-zaroven-predsedom-strany-je-nepripustne\/"]}]},{"@type":"ImageObject","inLanguage":"en-US","@id":"https:\/\/www.smedemokrati.sk\/byt-prezidentom-a-zaroven-predsedom-strany-je-nepripustne\/#primaryimage","url":"https:\/\/www.smedemokrati.sk\/wp-content\/uploads\/2023\/04\/EH.jpg","contentUrl":"https:\/\/www.smedemokrati.sk\/wp-content\/uploads\/2023\/04\/EH.jpg","width":1520,"height":1080},{"@type":"BreadcrumbList","@id":"https:\/\/www.smedemokrati.sk\/byt-prezidentom-a-zaroven-predsedom-strany-je-nepripustne\/#breadcrumb","itemListElement":[{"@type":"ListItem","position":1,"name":"Domovsk\u00e1 str\u00e1nka","item":"https:\/\/www.smedemokrati.sk\/"},{"@type":"ListItem","position":2,"name":"By\u0165 prezidentom a z\u00e1rove\u0148 predsedom strany je nepr\u00edpustn\u00e9"}]},{"@type":"WebSite","@id":"https:\/\/www.smedemokrati.sk\/#website","url":"https:\/\/www.smedemokrati.sk\/","name":"Smedemokrati.sk","description":"Demokracia a slu\u0161nos\u0165 zv\u00ed\u0165az\u00ed","publisher":{"@id":"https:\/\/www.smedemokrati.sk\/#organization"},"potentialAction":[{"@type":"SearchAction","target":{"@type":"EntryPoint","urlTemplate":"https:\/\/www.smedemokrati.sk\/?s={search_term_string}"},"query-input":{"@type":"PropertyValueSpecification","valueRequired":true,"valueName":"search_term_string"}}],"inLanguage":"en-US"},{"@type":"Organization","@id":"https:\/\/www.smedemokrati.sk\/#organization","name":"Smedemokrati.sk","url":"https:\/\/www.smedemokrati.sk\/","logo":{"@type":"ImageObject","inLanguage":"en-US","@id":"https:\/\/www.smedemokrati.sk\/#\/schema\/logo\/image\/","url":"https:\/\/www.smedemokrati.sk\/wp-content\/uploads\/2023\/04\/ff.002.jpeg","contentUrl":"https:\/\/www.smedemokrati.sk\/wp-content\/uploads\/2023\/04\/ff.002.jpeg","width":640,"height":480,"caption":"Smedemokrati.sk"},"image":{"@id":"https:\/\/www.smedemokrati.sk\/#\/schema\/logo\/image\/"},"sameAs":["https:\/\/www.facebook.com\/smedemokrati2023"]},{"@type":"Person","@id":"https:\/\/www.smedemokrati.sk\/#\/schema\/person\/c60720f4b9955b3c1ed222ebd1fbbc7c","name":"Tom\u00e1\u0161 Koppl","image":{"@type":"ImageObject","inLanguage":"en-US","@id":"https:\/\/secure.gravatar.com\/avatar\/8dfa38373c5e39821baf74c8e867a6f12e12c6dab6559aa999d10703b0b1c4ce?s=96&d=mm&r=g","url":"https:\/\/secure.gravatar.com\/avatar\/8dfa38373c5e39821baf74c8e867a6f12e12c6dab6559aa999d10703b0b1c4ce?s=96&d=mm&r=g","contentUrl":"https:\/\/secure.gravatar.com\/avatar\/8dfa38373c5e39821baf74c8e867a6f12e12c6dab6559aa999d10703b0b1c4ce?s=96&d=mm&r=g","caption":"Tom\u00e1\u0161 Koppl"},"url":"https:\/\/www.smedemokrati.sk\/en\/author\/tomaskoppl\/"}]}},"_links":{"self":[{"href":"https:\/\/www.smedemokrati.sk\/en\/wp-json\/wp\/v2\/posts\/2473","targetHints":{"allow":["GET"]}}],"collection":[{"href":"https:\/\/www.smedemokrati.sk\/en\/wp-json\/wp\/v2\/posts"}],"about":[{"href":"https:\/\/www.smedemokrati.sk\/en\/wp-json\/wp\/v2\/types\/post"}],"author":[{"embeddable":true,"href":"https:\/\/www.smedemokrati.sk\/en\/wp-json\/wp\/v2\/users\/7"}],"replies":[{"embeddable":true,"href":"https:\/\/www.smedemokrati.sk\/en\/wp-json\/wp\/v2\/comments?post=2473"}],"version-history":[{"count":1,"href":"https:\/\/www.smedemokrati.sk\/en\/wp-json\/wp\/v2\/posts\/2473\/revisions"}],"predecessor-version":[{"id":2475,"href":"https:\/\/www.smedemokrati.sk\/en\/wp-json\/wp\/v2\/posts\/2473\/revisions\/2475"}],"wp:featuredmedia":[{"embeddable":true,"href":"https:\/\/www.smedemokrati.sk\/en\/wp-json\/wp\/v2\/media\/249"}],"wp:attachment":[{"href":"https:\/\/www.smedemokrati.sk\/en\/wp-json\/wp\/v2\/media?parent=2473"}],"wp:term":[{"taxonomy":"category","embeddable":true,"href":"https:\/\/www.smedemokrati.sk\/en\/wp-json\/wp\/v2\/categories?post=2473"},{"taxonomy":"post_tag","embeddable":true,"href":"https:\/\/www.smedemokrati.sk\/en\/wp-json\/wp\/v2\/tags?post=2473"}],"curies":[{"name":"wp","href":"https:\/\/api.w.org\/{rel}","templated":true}]}}