{"id":2448,"date":"2023-12-19T17:31:14","date_gmt":"2023-12-19T15:31:14","guid":{"rendered":"https:\/\/www.smedemokrati.sk\/?p=2448"},"modified":"2023-12-19T17:31:15","modified_gmt":"2023-12-19T15:31:15","slug":"likvidacia-rtvs-a-povodnej-domacej-tvorby-sa-zacala","status":"publish","type":"post","link":"https:\/\/www.smedemokrati.sk\/en\/likvidacia-rtvs-a-povodnej-domacej-tvorby-sa-zacala\/","title":{"rendered":"Likvid\u00e1cia RTVS a p\u00f4vodnej dom\u00e1cej tvorby sa za\u010dala"},"content":{"rendered":"<div id=\"fb-root\"><\/div>\n\n<p><em><strong>Koali\u010dn\u00ed poslanci\u00a0pod veden\u00edm Petra Pellegriniho, Roberta Fica a Andreja Danka schv\u00e1lili tzv. konsolida\u010dn\u00fd bal\u00edk.\u00a0\u201eOkrem okr\u00e1dania ob\u010danov cez nov\u00e9 dane a odvody t\u00fdm za\u010dali s likvid\u00e1ciou RTVS a p\u00f4vodnej dom\u00e1cej tvorby,\u201c upozor\u0148uje b\u00fdval\u00fd predseda V\u00fdboru NR SR pre kult\u00faru a m\u00e9di\u00e1 Kristi\u00e1n \u010cekovsk\u00fd.<\/strong><\/em><\/p>\n\n\n\n<p>Rozhlas a telev\u00edzia Slovenska dostane po novom&nbsp;zo \u0161t\u00e1tneho rozpo\u010dtu pr\u00edspevok vo v\u00fd\u0161ke iba 0,12 percenta HDP, namiesto p\u00f4vodn\u00fdch 0,17% HDP, ktor\u00e9 ods\u00fahlasil predch\u00e1dzaj\u00faci parlament.&nbsp;RTVS tak bude v bud\u00facom roku hospod\u00e1ri\u0165 s rozpo\u010dtom pribli\u017ene 130 mili\u00f3nov eur, namiesto p\u00f4vodn\u00fdch 180 mili\u00f3nov eur.<\/p>\n\n\n\n<p>Pod\u013ea \u010cekovsk\u00e9ho ide o z\u00e1sadn\u00e9 ohrozenie nez\u00e1vislosti verejnopr\u00e1vnych m\u00e9di\u00ed, ich likvid\u00e1ciu, zastavenie dom\u00e1cej tvorby a prep\u00fa\u0161\u0165anie desiatok, mo\u017eno stoviek zamestnancov.<em> \u201ePredstavitelia SNS na jednej strane hovoria o zve\u013ea\u010fovan\u00ed n\u00e1rodnej identity a kult\u00fary, na druhej strane je to pr\u00e1ve Andrej Danko, ktor\u00fd u\u017e v druhej koal\u00edcii presadzuje oklie\u0161\u0165ovanie rozpo\u010dtu RTVS. Pritom e\u0161te pred p\u00e1r t\u00fd\u017ed\u0148ami verejne hovoril v rel\u00e1cii O 5 min\u00fat 12, \u017ee RTVS treba finan\u010dne pom\u00f4c\u0165, aby sa v in\u0161tit\u00facii mohli opravova\u0165 priestory a zvy\u0161ova\u0165 platy. Teraz rob\u00ed presn\u00fd opak.\u201d<\/em><\/p>\n\n\n\n<p>V\u00fdnimkou nie je ani strana Hlas-SD na \u010dele s Petrom Pellegrinim a ich b\u00fdvalou ministerkou kult\u00fary \u013dubicou La\u0161\u0161\u00e1kovou. T\u00e1 e\u0161te\u00a0tento rok navrhovala rozpo\u010det RTVS nav\u00fd\u0161i\u0165 oproti p\u00f4vodn\u00fdm pl\u00e1nom predch\u00e1dzaj\u00facej vl\u00e1dy s od\u00f4vodnen\u00edm, aby RTVS mohla zve\u013ea\u010fova\u0165 kult\u00farnu pam\u00e4\u0165 n\u00e1rodn\u00e1 a posil\u0148ova\u0165 region\u00e1lne \u0161t\u00fadi\u00e1, spravodajstvo i publicistiku. <em>\u201e\u017dia\u013e, aj pani La\u0161\u0161\u00e1kov\u00e1 aj Peter Pellegrini sa pridali do radu t\u00fdch, ktor\u00ed RTVS potopia,\u201d\u00a0<\/em>uzavrel \u010cekovsk\u00fd.<\/p>\n","protected":false},"excerpt":{"rendered":"<p>Koali\u010dn\u00ed poslanci\u00a0pod veden\u00edm Petra Pellegriniho, Roberta Fica a Andreja Danka schv\u00e1lili tzv. konsolida\u010dn\u00fd bal\u00edk.\u00a0\u201eOkrem okr\u00e1dania ob\u010danov cez nov\u00e9 dane a odvody t\u00fdm za\u010dali s likvid\u00e1ciou RTVS a p\u00f4vodnej dom\u00e1cej tvorby,\u201c upozor\u0148uje b\u00fdval\u00fd predseda V\u00fdboru NR SR pre kult\u00faru a m\u00e9di\u00e1 Kristi\u00e1n \u010cekovsk\u00fd. Rozhlas a telev\u00edzia Slovenska dostane po novom&nbsp;zo \u0161t\u00e1tneho rozpo\u010dtu pr\u00edspevok vo v\u00fd\u0161ke iba [&hellip;]<\/p>\n","protected":false},"author":7,"featured_media":383,"comment_status":"closed","ping_status":"closed","sticky":false,"template":"","format":"standard","meta":{"_acf_changed":false,"ngg_post_thumbnail":0,"footnotes":""},"categories":[4],"tags":[],"class_list":["post-2448","post","type-post","status-publish","format-standard","has-post-thumbnail","hentry","category-tlacove-spravy"],"acf":[],"yoast_head":"<!-- This site is optimized with the Yoast SEO plugin v27.2 - https:\/\/yoast.com\/product\/yoast-seo-wordpress\/ -->\n<title>Likvid\u00e1cia RTVS a p\u00f4vodnej dom\u00e1cej tvorby sa za\u010dala - Smedemokrati.sk<\/title>\n<meta name=\"robots\" content=\"index, follow, max-snippet:-1, max-image-preview:large, max-video-preview:-1\" \/>\n<link rel=\"canonical\" href=\"https:\/\/www.smedemokrati.sk\/en\/likvidacia-rtvs-a-povodnej-domacej-tvorby-sa-zacala\/\" \/>\n<meta property=\"og:locale\" content=\"en_US\" \/>\n<meta property=\"og:locale:alternate\" content=\"cs_CZ\" \/>\n<meta property=\"og:locale:alternate\" content=\"hu_HU\" \/>\n<meta property=\"og:locale:alternate\" content=\"sk_SK\" \/>\n<meta property=\"og:locale:alternate\" content=\"sv_SE\" \/>\n<meta property=\"og:type\" content=\"article\" \/>\n<meta property=\"og:title\" content=\"Likvid\u00e1cia RTVS a p\u00f4vodnej dom\u00e1cej tvorby sa za\u010dala - Smedemokrati.sk\" \/>\n<meta property=\"og:description\" content=\"Koali\u010dn\u00ed poslanci\u00a0pod veden\u00edm Petra Pellegriniho, Roberta Fica a Andreja Danka schv\u00e1lili tzv. konsolida\u010dn\u00fd bal\u00edk.\u00a0\u201eOkrem okr\u00e1dania ob\u010danov cez nov\u00e9 dane a odvody t\u00fdm za\u010dali s likvid\u00e1ciou RTVS a p\u00f4vodnej dom\u00e1cej tvorby,\u201c upozor\u0148uje b\u00fdval\u00fd predseda V\u00fdboru NR SR pre kult\u00faru a m\u00e9di\u00e1 Kristi\u00e1n \u010cekovsk\u00fd. Rozhlas a telev\u00edzia Slovenska dostane po novom&nbsp;zo \u0161t\u00e1tneho rozpo\u010dtu pr\u00edspevok vo v\u00fd\u0161ke iba [&hellip;]\" \/>\n<meta property=\"og:url\" content=\"https:\/\/www.smedemokrati.sk\/en\/likvidacia-rtvs-a-povodnej-domacej-tvorby-sa-zacala\/\" \/>\n<meta property=\"og:site_name\" content=\"Smedemokrati.sk\" \/>\n<meta property=\"article:publisher\" content=\"https:\/\/www.facebook.com\/smedemokrati2023\" \/>\n<meta property=\"article:published_time\" content=\"2023-12-19T15:31:14+00:00\" \/>\n<meta property=\"article:modified_time\" content=\"2023-12-19T15:31:15+00:00\" \/>\n<meta property=\"og:image\" content=\"https:\/\/www.smedemokrati.sk\/wp-content\/uploads\/2023\/04\/KC.jpg\" \/>\n\t<meta property=\"og:image:width\" content=\"1520\" \/>\n\t<meta property=\"og:image:height\" content=\"1080\" \/>\n\t<meta property=\"og:image:type\" content=\"image\/jpeg\" \/>\n<meta name=\"author\" content=\"Tom\u00e1\u0161 Koppl\" \/>\n<meta name=\"twitter:card\" content=\"summary_large_image\" \/>\n<meta name=\"twitter:label1\" content=\"Written by\" \/>\n\t<meta name=\"twitter:data1\" content=\"Tom\u00e1\u0161 Koppl\" \/>\n\t<meta name=\"twitter:label2\" content=\"Est. reading time\" \/>\n\t<meta name=\"twitter:data2\" content=\"2 minutes\" \/>\n<script type=\"application\/ld+json\" class=\"yoast-schema-graph\">{\"@context\":\"https:\/\/schema.org\",\"@graph\":[{\"@type\":\"Article\",\"@id\":\"https:\/\/www.smedemokrati.sk\/likvidacia-rtvs-a-povodnej-domacej-tvorby-sa-zacala\/#article\",\"isPartOf\":{\"@id\":\"https:\/\/www.smedemokrati.sk\/likvidacia-rtvs-a-povodnej-domacej-tvorby-sa-zacala\/\"},\"author\":{\"name\":\"Tom\u00e1\u0161 Koppl\",\"@id\":\"https:\/\/www.smedemokrati.sk\/#\/schema\/person\/c60720f4b9955b3c1ed222ebd1fbbc7c\"},\"headline\":\"Likvid\u00e1cia RTVS a p\u00f4vodnej dom\u00e1cej tvorby sa za\u010dala\",\"datePublished\":\"2023-12-19T15:31:14+00:00\",\"dateModified\":\"2023-12-19T15:31:15+00:00\",\"mainEntityOfPage\":{\"@id\":\"https:\/\/www.smedemokrati.sk\/likvidacia-rtvs-a-povodnej-domacej-tvorby-sa-zacala\/\"},\"wordCount\":329,\"publisher\":{\"@id\":\"https:\/\/www.smedemokrati.sk\/#organization\"},\"image\":{\"@id\":\"https:\/\/www.smedemokrati.sk\/likvidacia-rtvs-a-povodnej-domacej-tvorby-sa-zacala\/#primaryimage\"},\"thumbnailUrl\":\"https:\/\/www.smedemokrati.sk\/wp-content\/uploads\/2023\/04\/KC.jpg\",\"articleSection\":[\"Tla\u010dov\u00e9 spr\u00e1vy\"],\"inLanguage\":\"en-US\"},{\"@type\":\"WebPage\",\"@id\":\"https:\/\/www.smedemokrati.sk\/likvidacia-rtvs-a-povodnej-domacej-tvorby-sa-zacala\/\",\"url\":\"https:\/\/www.smedemokrati.sk\/likvidacia-rtvs-a-povodnej-domacej-tvorby-sa-zacala\/\",\"name\":\"Likvid\u00e1cia RTVS a p\u00f4vodnej dom\u00e1cej tvorby sa za\u010dala - Smedemokrati.sk\",\"isPartOf\":{\"@id\":\"https:\/\/www.smedemokrati.sk\/#website\"},\"primaryImageOfPage\":{\"@id\":\"https:\/\/www.smedemokrati.sk\/likvidacia-rtvs-a-povodnej-domacej-tvorby-sa-zacala\/#primaryimage\"},\"image\":{\"@id\":\"https:\/\/www.smedemokrati.sk\/likvidacia-rtvs-a-povodnej-domacej-tvorby-sa-zacala\/#primaryimage\"},\"thumbnailUrl\":\"https:\/\/www.smedemokrati.sk\/wp-content\/uploads\/2023\/04\/KC.jpg\",\"datePublished\":\"2023-12-19T15:31:14+00:00\",\"dateModified\":\"2023-12-19T15:31:15+00:00\",\"breadcrumb\":{\"@id\":\"https:\/\/www.smedemokrati.sk\/likvidacia-rtvs-a-povodnej-domacej-tvorby-sa-zacala\/#breadcrumb\"},\"inLanguage\":\"en-US\",\"potentialAction\":[{\"@type\":\"ReadAction\",\"target\":[\"https:\/\/www.smedemokrati.sk\/likvidacia-rtvs-a-povodnej-domacej-tvorby-sa-zacala\/\"]}]},{\"@type\":\"ImageObject\",\"inLanguage\":\"en-US\",\"@id\":\"https:\/\/www.smedemokrati.sk\/likvidacia-rtvs-a-povodnej-domacej-tvorby-sa-zacala\/#primaryimage\",\"url\":\"https:\/\/www.smedemokrati.sk\/wp-content\/uploads\/2023\/04\/KC.jpg\",\"contentUrl\":\"https:\/\/www.smedemokrati.sk\/wp-content\/uploads\/2023\/04\/KC.jpg\",\"width\":1520,\"height\":1080},{\"@type\":\"BreadcrumbList\",\"@id\":\"https:\/\/www.smedemokrati.sk\/likvidacia-rtvs-a-povodnej-domacej-tvorby-sa-zacala\/#breadcrumb\",\"itemListElement\":[{\"@type\":\"ListItem\",\"position\":1,\"name\":\"Domovsk\u00e1 str\u00e1nka\",\"item\":\"https:\/\/www.smedemokrati.sk\/\"},{\"@type\":\"ListItem\",\"position\":2,\"name\":\"Likvid\u00e1cia RTVS a p\u00f4vodnej dom\u00e1cej tvorby sa za\u010dala\"}]},{\"@type\":\"WebSite\",\"@id\":\"https:\/\/www.smedemokrati.sk\/#website\",\"url\":\"https:\/\/www.smedemokrati.sk\/\",\"name\":\"Smedemokrati.sk\",\"description\":\"Demokracia a slu\u0161nos\u0165 zv\u00ed\u0165az\u00ed\",\"publisher\":{\"@id\":\"https:\/\/www.smedemokrati.sk\/#organization\"},\"potentialAction\":[{\"@type\":\"SearchAction\",\"target\":{\"@type\":\"EntryPoint\",\"urlTemplate\":\"https:\/\/www.smedemokrati.sk\/?s={search_term_string}\"},\"query-input\":{\"@type\":\"PropertyValueSpecification\",\"valueRequired\":true,\"valueName\":\"search_term_string\"}}],\"inLanguage\":\"en-US\"},{\"@type\":\"Organization\",\"@id\":\"https:\/\/www.smedemokrati.sk\/#organization\",\"name\":\"Smedemokrati.sk\",\"url\":\"https:\/\/www.smedemokrati.sk\/\",\"logo\":{\"@type\":\"ImageObject\",\"inLanguage\":\"en-US\",\"@id\":\"https:\/\/www.smedemokrati.sk\/#\/schema\/logo\/image\/\",\"url\":\"https:\/\/www.smedemokrati.sk\/wp-content\/uploads\/2023\/04\/ff.002.jpeg\",\"contentUrl\":\"https:\/\/www.smedemokrati.sk\/wp-content\/uploads\/2023\/04\/ff.002.jpeg\",\"width\":640,\"height\":480,\"caption\":\"Smedemokrati.sk\"},\"image\":{\"@id\":\"https:\/\/www.smedemokrati.sk\/#\/schema\/logo\/image\/\"},\"sameAs\":[\"https:\/\/www.facebook.com\/smedemokrati2023\"]},{\"@type\":\"Person\",\"@id\":\"https:\/\/www.smedemokrati.sk\/#\/schema\/person\/c60720f4b9955b3c1ed222ebd1fbbc7c\",\"name\":\"Tom\u00e1\u0161 Koppl\",\"image\":{\"@type\":\"ImageObject\",\"inLanguage\":\"en-US\",\"@id\":\"https:\/\/secure.gravatar.com\/avatar\/8dfa38373c5e39821baf74c8e867a6f12e12c6dab6559aa999d10703b0b1c4ce?s=96&d=mm&r=g\",\"url\":\"https:\/\/secure.gravatar.com\/avatar\/8dfa38373c5e39821baf74c8e867a6f12e12c6dab6559aa999d10703b0b1c4ce?s=96&d=mm&r=g\",\"contentUrl\":\"https:\/\/secure.gravatar.com\/avatar\/8dfa38373c5e39821baf74c8e867a6f12e12c6dab6559aa999d10703b0b1c4ce?s=96&d=mm&r=g\",\"caption\":\"Tom\u00e1\u0161 Koppl\"},\"url\":\"https:\/\/www.smedemokrati.sk\/en\/author\/tomaskoppl\/\"}]}<\/script>\n<!-- \/ Yoast SEO plugin. -->","yoast_head_json":{"title":"Likvid\u00e1cia RTVS a p\u00f4vodnej dom\u00e1cej tvorby sa za\u010dala - Smedemokrati.sk","robots":{"index":"index","follow":"follow","max-snippet":"max-snippet:-1","max-image-preview":"max-image-preview:large","max-video-preview":"max-video-preview:-1"},"canonical":"https:\/\/www.smedemokrati.sk\/en\/likvidacia-rtvs-a-povodnej-domacej-tvorby-sa-zacala\/","og_locale":"en_US","og_type":"article","og_title":"Likvid\u00e1cia RTVS a p\u00f4vodnej dom\u00e1cej tvorby sa za\u010dala - Smedemokrati.sk","og_description":"Koali\u010dn\u00ed poslanci\u00a0pod veden\u00edm Petra Pellegriniho, Roberta Fica a Andreja Danka schv\u00e1lili tzv. konsolida\u010dn\u00fd bal\u00edk.\u00a0\u201eOkrem okr\u00e1dania ob\u010danov cez nov\u00e9 dane a odvody t\u00fdm za\u010dali s likvid\u00e1ciou RTVS a p\u00f4vodnej dom\u00e1cej tvorby,\u201c upozor\u0148uje b\u00fdval\u00fd predseda V\u00fdboru NR SR pre kult\u00faru a m\u00e9di\u00e1 Kristi\u00e1n \u010cekovsk\u00fd. Rozhlas a telev\u00edzia Slovenska dostane po novom&nbsp;zo \u0161t\u00e1tneho rozpo\u010dtu pr\u00edspevok vo v\u00fd\u0161ke iba [&hellip;]","og_url":"https:\/\/www.smedemokrati.sk\/en\/likvidacia-rtvs-a-povodnej-domacej-tvorby-sa-zacala\/","og_site_name":"Smedemokrati.sk","article_publisher":"https:\/\/www.facebook.com\/smedemokrati2023","article_published_time":"2023-12-19T15:31:14+00:00","article_modified_time":"2023-12-19T15:31:15+00:00","og_image":[{"width":1520,"height":1080,"url":"https:\/\/www.smedemokrati.sk\/wp-content\/uploads\/2023\/04\/KC.jpg","type":"image\/jpeg"}],"author":"Tom\u00e1\u0161 Koppl","twitter_card":"summary_large_image","twitter_misc":{"Written by":"Tom\u00e1\u0161 Koppl","Est. reading time":"2 minutes"},"schema":{"@context":"https:\/\/schema.org","@graph":[{"@type":"Article","@id":"https:\/\/www.smedemokrati.sk\/likvidacia-rtvs-a-povodnej-domacej-tvorby-sa-zacala\/#article","isPartOf":{"@id":"https:\/\/www.smedemokrati.sk\/likvidacia-rtvs-a-povodnej-domacej-tvorby-sa-zacala\/"},"author":{"name":"Tom\u00e1\u0161 Koppl","@id":"https:\/\/www.smedemokrati.sk\/#\/schema\/person\/c60720f4b9955b3c1ed222ebd1fbbc7c"},"headline":"Likvid\u00e1cia RTVS a p\u00f4vodnej dom\u00e1cej tvorby sa za\u010dala","datePublished":"2023-12-19T15:31:14+00:00","dateModified":"2023-12-19T15:31:15+00:00","mainEntityOfPage":{"@id":"https:\/\/www.smedemokrati.sk\/likvidacia-rtvs-a-povodnej-domacej-tvorby-sa-zacala\/"},"wordCount":329,"publisher":{"@id":"https:\/\/www.smedemokrati.sk\/#organization"},"image":{"@id":"https:\/\/www.smedemokrati.sk\/likvidacia-rtvs-a-povodnej-domacej-tvorby-sa-zacala\/#primaryimage"},"thumbnailUrl":"https:\/\/www.smedemokrati.sk\/wp-content\/uploads\/2023\/04\/KC.jpg","articleSection":["Tla\u010dov\u00e9 spr\u00e1vy"],"inLanguage":"en-US"},{"@type":"WebPage","@id":"https:\/\/www.smedemokrati.sk\/likvidacia-rtvs-a-povodnej-domacej-tvorby-sa-zacala\/","url":"https:\/\/www.smedemokrati.sk\/likvidacia-rtvs-a-povodnej-domacej-tvorby-sa-zacala\/","name":"Likvid\u00e1cia RTVS a p\u00f4vodnej dom\u00e1cej tvorby sa za\u010dala - Smedemokrati.sk","isPartOf":{"@id":"https:\/\/www.smedemokrati.sk\/#website"},"primaryImageOfPage":{"@id":"https:\/\/www.smedemokrati.sk\/likvidacia-rtvs-a-povodnej-domacej-tvorby-sa-zacala\/#primaryimage"},"image":{"@id":"https:\/\/www.smedemokrati.sk\/likvidacia-rtvs-a-povodnej-domacej-tvorby-sa-zacala\/#primaryimage"},"thumbnailUrl":"https:\/\/www.smedemokrati.sk\/wp-content\/uploads\/2023\/04\/KC.jpg","datePublished":"2023-12-19T15:31:14+00:00","dateModified":"2023-12-19T15:31:15+00:00","breadcrumb":{"@id":"https:\/\/www.smedemokrati.sk\/likvidacia-rtvs-a-povodnej-domacej-tvorby-sa-zacala\/#breadcrumb"},"inLanguage":"en-US","potentialAction":[{"@type":"ReadAction","target":["https:\/\/www.smedemokrati.sk\/likvidacia-rtvs-a-povodnej-domacej-tvorby-sa-zacala\/"]}]},{"@type":"ImageObject","inLanguage":"en-US","@id":"https:\/\/www.smedemokrati.sk\/likvidacia-rtvs-a-povodnej-domacej-tvorby-sa-zacala\/#primaryimage","url":"https:\/\/www.smedemokrati.sk\/wp-content\/uploads\/2023\/04\/KC.jpg","contentUrl":"https:\/\/www.smedemokrati.sk\/wp-content\/uploads\/2023\/04\/KC.jpg","width":1520,"height":1080},{"@type":"BreadcrumbList","@id":"https:\/\/www.smedemokrati.sk\/likvidacia-rtvs-a-povodnej-domacej-tvorby-sa-zacala\/#breadcrumb","itemListElement":[{"@type":"ListItem","position":1,"name":"Domovsk\u00e1 str\u00e1nka","item":"https:\/\/www.smedemokrati.sk\/"},{"@type":"ListItem","position":2,"name":"Likvid\u00e1cia RTVS a p\u00f4vodnej dom\u00e1cej tvorby sa za\u010dala"}]},{"@type":"WebSite","@id":"https:\/\/www.smedemokrati.sk\/#website","url":"https:\/\/www.smedemokrati.sk\/","name":"Smedemokrati.sk","description":"Demokracia a slu\u0161nos\u0165 zv\u00ed\u0165az\u00ed","publisher":{"@id":"https:\/\/www.smedemokrati.sk\/#organization"},"potentialAction":[{"@type":"SearchAction","target":{"@type":"EntryPoint","urlTemplate":"https:\/\/www.smedemokrati.sk\/?s={search_term_string}"},"query-input":{"@type":"PropertyValueSpecification","valueRequired":true,"valueName":"search_term_string"}}],"inLanguage":"en-US"},{"@type":"Organization","@id":"https:\/\/www.smedemokrati.sk\/#organization","name":"Smedemokrati.sk","url":"https:\/\/www.smedemokrati.sk\/","logo":{"@type":"ImageObject","inLanguage":"en-US","@id":"https:\/\/www.smedemokrati.sk\/#\/schema\/logo\/image\/","url":"https:\/\/www.smedemokrati.sk\/wp-content\/uploads\/2023\/04\/ff.002.jpeg","contentUrl":"https:\/\/www.smedemokrati.sk\/wp-content\/uploads\/2023\/04\/ff.002.jpeg","width":640,"height":480,"caption":"Smedemokrati.sk"},"image":{"@id":"https:\/\/www.smedemokrati.sk\/#\/schema\/logo\/image\/"},"sameAs":["https:\/\/www.facebook.com\/smedemokrati2023"]},{"@type":"Person","@id":"https:\/\/www.smedemokrati.sk\/#\/schema\/person\/c60720f4b9955b3c1ed222ebd1fbbc7c","name":"Tom\u00e1\u0161 Koppl","image":{"@type":"ImageObject","inLanguage":"en-US","@id":"https:\/\/secure.gravatar.com\/avatar\/8dfa38373c5e39821baf74c8e867a6f12e12c6dab6559aa999d10703b0b1c4ce?s=96&d=mm&r=g","url":"https:\/\/secure.gravatar.com\/avatar\/8dfa38373c5e39821baf74c8e867a6f12e12c6dab6559aa999d10703b0b1c4ce?s=96&d=mm&r=g","contentUrl":"https:\/\/secure.gravatar.com\/avatar\/8dfa38373c5e39821baf74c8e867a6f12e12c6dab6559aa999d10703b0b1c4ce?s=96&d=mm&r=g","caption":"Tom\u00e1\u0161 Koppl"},"url":"https:\/\/www.smedemokrati.sk\/en\/author\/tomaskoppl\/"}]}},"_links":{"self":[{"href":"https:\/\/www.smedemokrati.sk\/en\/wp-json\/wp\/v2\/posts\/2448","targetHints":{"allow":["GET"]}}],"collection":[{"href":"https:\/\/www.smedemokrati.sk\/en\/wp-json\/wp\/v2\/posts"}],"about":[{"href":"https:\/\/www.smedemokrati.sk\/en\/wp-json\/wp\/v2\/types\/post"}],"author":[{"embeddable":true,"href":"https:\/\/www.smedemokrati.sk\/en\/wp-json\/wp\/v2\/users\/7"}],"replies":[{"embeddable":true,"href":"https:\/\/www.smedemokrati.sk\/en\/wp-json\/wp\/v2\/comments?post=2448"}],"version-history":[{"count":1,"href":"https:\/\/www.smedemokrati.sk\/en\/wp-json\/wp\/v2\/posts\/2448\/revisions"}],"predecessor-version":[{"id":2449,"href":"https:\/\/www.smedemokrati.sk\/en\/wp-json\/wp\/v2\/posts\/2448\/revisions\/2449"}],"wp:featuredmedia":[{"embeddable":true,"href":"https:\/\/www.smedemokrati.sk\/en\/wp-json\/wp\/v2\/media\/383"}],"wp:attachment":[{"href":"https:\/\/www.smedemokrati.sk\/en\/wp-json\/wp\/v2\/media?parent=2448"}],"wp:term":[{"taxonomy":"category","embeddable":true,"href":"https:\/\/www.smedemokrati.sk\/en\/wp-json\/wp\/v2\/categories?post=2448"},{"taxonomy":"post_tag","embeddable":true,"href":"https:\/\/www.smedemokrati.sk\/en\/wp-json\/wp\/v2\/tags?post=2448"}],"curies":[{"name":"wp","href":"https:\/\/api.w.org\/{rel}","templated":true}]}}