{"id":2442,"date":"2023-12-19T13:58:22","date_gmt":"2023-12-19T11:58:22","guid":{"rendered":"https:\/\/www.smedemokrati.sk\/?p=2442"},"modified":"2023-12-19T14:00:24","modified_gmt":"2023-12-19T12:00:24","slug":"personalne-nominacie-na-rezorte-zivotneho-prostredia-su-stranickou-korupciou","status":"publish","type":"post","link":"https:\/\/www.smedemokrati.sk\/en\/personalne-nominacie-na-rezorte-zivotneho-prostredia-su-stranickou-korupciou\/","title":{"rendered":"Person\u00e1lne nomin\u00e1cie na rezorte \u017eivotn\u00e9ho prostredia s\u00fa stran\u00edckou korupciou"},"content":{"rendered":"<div id=\"fb-root\"><\/div>\n\n<p><em>Demokrati s obavami sleduj\u00fa person\u00e1lne zmeny na rezorte \u017eivotn\u00e9ho prostredia a upozor\u0148uj\u00fa, \u017ee neodborn\u00e9 nomin\u00e1cie m\u00f4\u017eu ma\u0165 negat\u00edvny dopad na chod cel\u00e9ho ministerstva a \u017eivotn\u00e9ho prostredia na Slovensku.&nbsp;<\/em><em>Minister \u017eivotn\u00e9ho prostredia a podpredseda vl\u00e1dy SR Tom\u00e1\u0161 Taraba za cel\u00e9 svoje doteraj\u0161ie p\u00f4sobenie person\u00e1lne vymenil u\u017e 9 \u013eud\u00ed, ktor\u00ed st\u00e1li na \u010dele d\u00f4le\u017eit\u00fdch podriaden\u00fdch in\u0161tit\u00faci\u00ed. Z toho 8 s\u00fa \u010disto stran\u00edcke nomin\u00e1cie. Strana Demokrati preto pod\u00e1va podnet na pre\u0161etrenie.&nbsp;<\/em><\/p>\n\n\n\n<p>T\u00e9me sa podrobne venuje \u010dlen predsedn\u00edctva Michal Ki\u010da, ktor\u00fd z\u00e1rove\u0148 upozor\u0148uje na \u010fal\u0161ie v\u00fdberov\u00e9 konania \u201cza zatvoren\u00fdmi dverami\u201d. Rozsah, ak\u00fdm minister Taraba prist\u00fapil k person\u00e1lnym zmen\u00e1m, ozna\u010duje Ki\u010da za person\u00e1lny masaker: \u201c<em>Je prirodzen\u00e9, \u017ee s novou vl\u00e1dou prich\u00e1dzaj\u00fa aj viacer\u00e9 nov\u00e9 person\u00e1lne nomin\u00e1cie. Tu sme v\u0161ak za hranicou akejko\u013evek \u00fanosnosti, preto\u017ee v\u00e4\u010d\u0161ina \u013eud\u00ed, ktor\u00ed s\u00fa dosadzovan\u00ed na vysok\u00e9 odborn\u00e9 miesta, nesp\u013a\u0148aj\u00fa ani jeden jedin\u00fd kvalifika\u010dn\u00fd predpoklad. Rozumiem, \u017ee sa Slovensk\u00e1 n\u00e1rodn\u00e1 strana chce odv\u010fa\u010di\u0165 stran\u00edkom dobr\u00fdm miestom v \u0161t\u00e1tnej spr\u00e1ve, len st\u00e1le neviem, ako to pom\u00f4\u017ee \u017eivotn\u00e9mu prostrediu.\u201d<\/em>&nbsp;Zd\u00f4raz\u0148uje Ki\u010da a dod\u00e1va, \u017ee aj dnes za zatvoren\u00fdmi dverami prebieha v\u00fdberov\u00e9 konanie na dve riadite\u013esk\u00e9 poz\u00edcie &#8211; Tatransk\u00e9ho n\u00e1rodn\u00e9ho parku a N\u00e1rodn\u00e9ho parku Ve\u013ek\u00e1 Fatra. Verejnos\u0165 tak nem\u00e1 mo\u017enos\u0165 konfrontova\u0165 kandid\u00e1tov s ich kontroverzn\u00fdmi postojmi \u010di pl\u00e1nmi na rozsiahly predaj majetku v n\u00e1rodn\u00fdch parkoch.&nbsp;<\/p>\n\n\n\n<p>Ki\u010da predpoklad\u00e1, \u017ee aj tieto poz\u00edcie bud\u00fa obsaden\u00e9 \u013eu\u010fmi loj\u00e1lnymi strane a dod\u00e1va, \u017ee doteraz boli v\u00fdberov\u00e9 konania na tieto poz\u00edcie otvoren\u00e9, transparentn\u00e9 a verejnos\u0165 bola o nich dostato\u010dne informovan\u00e1. \u201c<em>Tom\u00e1\u0161 Taraba si nesmie z rezortu a jeho podriaden\u00fdch organiz\u00e1cii robi\u0165 s\u00fakromn\u00fa s.r.o. SNS a \u017divot. Pova\u017eujem za nepr\u00edpustn\u00e9, aby v \u010dase, ke\u010f sa Slovensko mus\u00ed pripravi\u0165 na klimatick\u00e9 zmeny a ich dopad, sedeli na odborn\u00fdch stoli\u010dk\u00e1ch stran\u00edci, ktor\u00ed nemaj\u00fa s ochranou \u017eivotn\u00e9ho prostredia ni\u010d spolo\u010dn\u00e9.<\/em>\u201d&nbsp;<\/p>\n\n\n\n<p>Ki\u010da hovor\u00ed, \u017ee neodbornos\u0165 na tak z\u00e1sadn\u00fdch poz\u00edci\u00e1ch ohrozuje chod cel\u00e9ho rezortu, \u010do m\u00f4\u017ee ma\u0165 v kone\u010dnom d\u00f4sledku negat\u00edvny dopad na \u017eivotn\u00e9 prostredie. \u010clen predsedn\u00edctva preto situ\u00e1ciu rie\u0161i konkr\u00e9tnymi krokmi:&nbsp;<em>\u201cRozhodli sme sa poda\u0165 podnet na pre\u0161etrenie u\u017e realizovan\u00fdch person\u00e1lnych zmien. Nielen vo\u010di ministrovi Tarabovi, ale aj jeho \u0161\u00e9fovi Slovensk\u00e9ho vodohospod\u00e1rskeho podniku, Petrovi Moldovi, kde je situ\u00e1cia najvypuklej\u0161ia. V\u00fdbor pre nezl\u00fa\u010dite\u013enos\u0165 funkci\u00ed m\u00e1 v\u0161etky predpoklady na to, aby presk\u00famal, \u010di je v t\u00fdchto zmen\u00e1ch stran\u00edcky alebo verejn\u00fd z\u00e1ujem. Tie\u017e ofici\u00e1lne po\u017eiadame NK\u00da, aby preveril kvalifik\u00e1ciu, odbornos\u0165, sp\u00f4sobilos\u0165, postup pri obsadzovan\u00ed jednotliv\u00fdch miest a \u010fal\u0161ie n\u00e1le\u017eitosti.\u201d<\/em>&nbsp;Povedal Ki\u010da a dodal, \u017ee doposia\u013e minister Taraba neod\u00f4vodnil, pre\u010do uzn\u00e1van\u00ed odborn\u00edci musia zo svojich poz\u00edcii od\u00eds\u0165.<\/p>\n\n\n\n<p>Minister Taraba alebo jeho stran\u00edcki nominanti u\u017e za svoje p\u00f4sobenie stihli odvola\u0165 riadite\u013eku Slovensk\u00e9ho bansk\u00e9ho m\u00fazea, riadite\u013eku Spr\u00e1vy povodia rieky Bodrog, riadite\u013ea Slovenskej agent\u00fary \u017eivotn\u00e9ho prostredia, riadite\u013eku V\u00fdskumn\u00e9ho \u00fastavu vodn\u00e9ho hospod\u00e1rstva, odvolal riadite\u013ea TANAPu aj N\u00e1rodn\u00e9ho parku Ve\u013ek\u00e1 Fatra, N\u00e1rodnej zoologickej z\u00e1hrady Bojnice \u010di riadite\u013ea \u0160t\u00e1tnej ochrany pr\u00edrody a mnoho \u010fal\u0161\u00edch. Osobitne \u0161okuj\u00faca je situ\u00e1cia v Slovenskom vodohospod\u00e1rskom podniku, \u0161. p., v ktorom p\u00f4sobia viacer\u00ed \u010dlenovia predsedn\u00edctva Tarabovej strany \u017dIVOT &#8211; n\u00e1rodn\u00e1 strana. Na v\u00fdznamn\u00e9 odborn\u00e9 poz\u00edcie tak dosadzuj\u00fa stran\u00edkov, bez ak\u00fdchko\u013evek odborn\u00fdch predpokladov.<\/p>\n\n\n\n<figure class=\"wp-block-image size-large\"><img decoding=\"async\" width=\"768\" height=\"1024\" src=\"https:\/\/www.smedemokrati.sk\/wp-content\/uploads\/2023\/12\/406352027_1577821523032479_8319681520070374493_n-768x1024.jpg\" alt=\"\" class=\"wp-image-2444\" srcset=\"https:\/\/www.smedemokrati.sk\/wp-content\/uploads\/2023\/12\/406352027_1577821523032479_8319681520070374493_n-768x1024.jpg 768w, https:\/\/www.smedemokrati.sk\/wp-content\/uploads\/2023\/12\/406352027_1577821523032479_8319681520070374493_n-225x300.jpg 225w, https:\/\/www.smedemokrati.sk\/wp-content\/uploads\/2023\/12\/406352027_1577821523032479_8319681520070374493_n-1152x1536.jpg 1152w, https:\/\/www.smedemokrati.sk\/wp-content\/uploads\/2023\/12\/406352027_1577821523032479_8319681520070374493_n.jpg 1536w\" sizes=\"(max-width: 768px) 100vw, 768px\" \/><\/figure>\n","protected":false},"excerpt":{"rendered":"<p>Demokrati s obavami sleduj\u00fa person\u00e1lne zmeny na rezorte \u017eivotn\u00e9ho prostredia a upozor\u0148uj\u00fa, \u017ee neodborn\u00e9 nomin\u00e1cie m\u00f4\u017eu ma\u0165 negat\u00edvny dopad na chod cel\u00e9ho ministerstva a \u017eivotn\u00e9ho prostredia na Slovensku.&nbsp;Minister \u017eivotn\u00e9ho prostredia a podpredseda vl\u00e1dy SR Tom\u00e1\u0161 Taraba za cel\u00e9 svoje doteraj\u0161ie p\u00f4sobenie person\u00e1lne vymenil u\u017e 9 \u013eud\u00ed, ktor\u00ed st\u00e1li na \u010dele d\u00f4le\u017eit\u00fdch podriaden\u00fdch in\u0161tit\u00faci\u00ed. Z toho [&hellip;]<\/p>\n","protected":false},"author":7,"featured_media":385,"comment_status":"closed","ping_status":"closed","sticky":false,"template":"","format":"standard","meta":{"_acf_changed":false,"ngg_post_thumbnail":0,"footnotes":""},"categories":[4],"tags":[],"class_list":["post-2442","post","type-post","status-publish","format-standard","has-post-thumbnail","hentry","category-tlacove-spravy"],"acf":[],"yoast_head":"<!-- This site is optimized with the Yoast SEO plugin v27.2 - https:\/\/yoast.com\/product\/yoast-seo-wordpress\/ -->\n<title>Person\u00e1lne nomin\u00e1cie na rezorte \u017eivotn\u00e9ho prostredia s\u00fa stran\u00edckou korupciou - Smedemokrati.sk<\/title>\n<meta name=\"robots\" content=\"index, follow, max-snippet:-1, max-image-preview:large, max-video-preview:-1\" \/>\n<link rel=\"canonical\" href=\"https:\/\/www.smedemokrati.sk\/en\/personalne-nominacie-na-rezorte-zivotneho-prostredia-su-stranickou-korupciou\/\" \/>\n<meta property=\"og:locale\" content=\"en_US\" \/>\n<meta property=\"og:locale:alternate\" content=\"cs_CZ\" \/>\n<meta property=\"og:locale:alternate\" content=\"hu_HU\" \/>\n<meta property=\"og:locale:alternate\" content=\"sk_SK\" \/>\n<meta property=\"og:locale:alternate\" content=\"sv_SE\" \/>\n<meta property=\"og:type\" content=\"article\" \/>\n<meta property=\"og:title\" content=\"Person\u00e1lne nomin\u00e1cie na rezorte \u017eivotn\u00e9ho prostredia s\u00fa stran\u00edckou korupciou - Smedemokrati.sk\" \/>\n<meta property=\"og:description\" content=\"Demokrati s obavami sleduj\u00fa person\u00e1lne zmeny na rezorte \u017eivotn\u00e9ho prostredia a upozor\u0148uj\u00fa, \u017ee neodborn\u00e9 nomin\u00e1cie m\u00f4\u017eu ma\u0165 negat\u00edvny dopad na chod cel\u00e9ho ministerstva a \u017eivotn\u00e9ho prostredia na Slovensku.&nbsp;Minister \u017eivotn\u00e9ho prostredia a podpredseda vl\u00e1dy SR Tom\u00e1\u0161 Taraba za cel\u00e9 svoje doteraj\u0161ie p\u00f4sobenie person\u00e1lne vymenil u\u017e 9 \u013eud\u00ed, ktor\u00ed st\u00e1li na \u010dele d\u00f4le\u017eit\u00fdch podriaden\u00fdch in\u0161tit\u00faci\u00ed. Z toho [&hellip;]\" \/>\n<meta property=\"og:url\" content=\"https:\/\/www.smedemokrati.sk\/en\/personalne-nominacie-na-rezorte-zivotneho-prostredia-su-stranickou-korupciou\/\" \/>\n<meta property=\"og:site_name\" content=\"Smedemokrati.sk\" \/>\n<meta property=\"article:publisher\" content=\"https:\/\/www.facebook.com\/smedemokrati2023\" \/>\n<meta property=\"article:published_time\" content=\"2023-12-19T11:58:22+00:00\" \/>\n<meta property=\"article:modified_time\" content=\"2023-12-19T12:00:24+00:00\" \/>\n<meta property=\"og:image\" content=\"https:\/\/www.smedemokrati.sk\/wp-content\/uploads\/2023\/04\/MKica.jpg\" \/>\n\t<meta property=\"og:image:width\" content=\"1520\" \/>\n\t<meta property=\"og:image:height\" content=\"1080\" \/>\n\t<meta property=\"og:image:type\" content=\"image\/jpeg\" \/>\n<meta name=\"author\" content=\"Tom\u00e1\u0161 Koppl\" \/>\n<meta name=\"twitter:card\" content=\"summary_large_image\" \/>\n<meta name=\"twitter:label1\" content=\"Written by\" \/>\n\t<meta name=\"twitter:data1\" content=\"Tom\u00e1\u0161 Koppl\" \/>\n\t<meta name=\"twitter:label2\" content=\"Est. reading time\" \/>\n\t<meta name=\"twitter:data2\" content=\"3 minutes\" \/>\n<script type=\"application\/ld+json\" class=\"yoast-schema-graph\">{\"@context\":\"https:\/\/schema.org\",\"@graph\":[{\"@type\":\"Article\",\"@id\":\"https:\/\/www.smedemokrati.sk\/personalne-nominacie-na-rezorte-zivotneho-prostredia-su-stranickou-korupciou\/#article\",\"isPartOf\":{\"@id\":\"https:\/\/www.smedemokrati.sk\/personalne-nominacie-na-rezorte-zivotneho-prostredia-su-stranickou-korupciou\/\"},\"author\":{\"name\":\"Tom\u00e1\u0161 Koppl\",\"@id\":\"https:\/\/www.smedemokrati.sk\/#\/schema\/person\/c60720f4b9955b3c1ed222ebd1fbbc7c\"},\"headline\":\"Person\u00e1lne nomin\u00e1cie na rezorte \u017eivotn\u00e9ho prostredia s\u00fa stran\u00edckou korupciou\",\"datePublished\":\"2023-12-19T11:58:22+00:00\",\"dateModified\":\"2023-12-19T12:00:24+00:00\",\"mainEntityOfPage\":{\"@id\":\"https:\/\/www.smedemokrati.sk\/personalne-nominacie-na-rezorte-zivotneho-prostredia-su-stranickou-korupciou\/\"},\"wordCount\":674,\"publisher\":{\"@id\":\"https:\/\/www.smedemokrati.sk\/#organization\"},\"image\":{\"@id\":\"https:\/\/www.smedemokrati.sk\/personalne-nominacie-na-rezorte-zivotneho-prostredia-su-stranickou-korupciou\/#primaryimage\"},\"thumbnailUrl\":\"https:\/\/www.smedemokrati.sk\/wp-content\/uploads\/2023\/04\/MKica.jpg\",\"articleSection\":[\"Tla\u010dov\u00e9 spr\u00e1vy\"],\"inLanguage\":\"en-US\"},{\"@type\":\"WebPage\",\"@id\":\"https:\/\/www.smedemokrati.sk\/personalne-nominacie-na-rezorte-zivotneho-prostredia-su-stranickou-korupciou\/\",\"url\":\"https:\/\/www.smedemokrati.sk\/personalne-nominacie-na-rezorte-zivotneho-prostredia-su-stranickou-korupciou\/\",\"name\":\"Person\u00e1lne nomin\u00e1cie na rezorte \u017eivotn\u00e9ho prostredia s\u00fa stran\u00edckou korupciou - Smedemokrati.sk\",\"isPartOf\":{\"@id\":\"https:\/\/www.smedemokrati.sk\/#website\"},\"primaryImageOfPage\":{\"@id\":\"https:\/\/www.smedemokrati.sk\/personalne-nominacie-na-rezorte-zivotneho-prostredia-su-stranickou-korupciou\/#primaryimage\"},\"image\":{\"@id\":\"https:\/\/www.smedemokrati.sk\/personalne-nominacie-na-rezorte-zivotneho-prostredia-su-stranickou-korupciou\/#primaryimage\"},\"thumbnailUrl\":\"https:\/\/www.smedemokrati.sk\/wp-content\/uploads\/2023\/04\/MKica.jpg\",\"datePublished\":\"2023-12-19T11:58:22+00:00\",\"dateModified\":\"2023-12-19T12:00:24+00:00\",\"breadcrumb\":{\"@id\":\"https:\/\/www.smedemokrati.sk\/personalne-nominacie-na-rezorte-zivotneho-prostredia-su-stranickou-korupciou\/#breadcrumb\"},\"inLanguage\":\"en-US\",\"potentialAction\":[{\"@type\":\"ReadAction\",\"target\":[\"https:\/\/www.smedemokrati.sk\/personalne-nominacie-na-rezorte-zivotneho-prostredia-su-stranickou-korupciou\/\"]}]},{\"@type\":\"ImageObject\",\"inLanguage\":\"en-US\",\"@id\":\"https:\/\/www.smedemokrati.sk\/personalne-nominacie-na-rezorte-zivotneho-prostredia-su-stranickou-korupciou\/#primaryimage\",\"url\":\"https:\/\/www.smedemokrati.sk\/wp-content\/uploads\/2023\/04\/MKica.jpg\",\"contentUrl\":\"https:\/\/www.smedemokrati.sk\/wp-content\/uploads\/2023\/04\/MKica.jpg\",\"width\":1520,\"height\":1080},{\"@type\":\"BreadcrumbList\",\"@id\":\"https:\/\/www.smedemokrati.sk\/personalne-nominacie-na-rezorte-zivotneho-prostredia-su-stranickou-korupciou\/#breadcrumb\",\"itemListElement\":[{\"@type\":\"ListItem\",\"position\":1,\"name\":\"Domovsk\u00e1 str\u00e1nka\",\"item\":\"https:\/\/www.smedemokrati.sk\/\"},{\"@type\":\"ListItem\",\"position\":2,\"name\":\"Person\u00e1lne nomin\u00e1cie na rezorte \u017eivotn\u00e9ho prostredia s\u00fa stran\u00edckou korupciou\"}]},{\"@type\":\"WebSite\",\"@id\":\"https:\/\/www.smedemokrati.sk\/#website\",\"url\":\"https:\/\/www.smedemokrati.sk\/\",\"name\":\"Smedemokrati.sk\",\"description\":\"Demokracia a slu\u0161nos\u0165 zv\u00ed\u0165az\u00ed\",\"publisher\":{\"@id\":\"https:\/\/www.smedemokrati.sk\/#organization\"},\"potentialAction\":[{\"@type\":\"SearchAction\",\"target\":{\"@type\":\"EntryPoint\",\"urlTemplate\":\"https:\/\/www.smedemokrati.sk\/?s={search_term_string}\"},\"query-input\":{\"@type\":\"PropertyValueSpecification\",\"valueRequired\":true,\"valueName\":\"search_term_string\"}}],\"inLanguage\":\"en-US\"},{\"@type\":\"Organization\",\"@id\":\"https:\/\/www.smedemokrati.sk\/#organization\",\"name\":\"Smedemokrati.sk\",\"url\":\"https:\/\/www.smedemokrati.sk\/\",\"logo\":{\"@type\":\"ImageObject\",\"inLanguage\":\"en-US\",\"@id\":\"https:\/\/www.smedemokrati.sk\/#\/schema\/logo\/image\/\",\"url\":\"https:\/\/www.smedemokrati.sk\/wp-content\/uploads\/2023\/04\/ff.002.jpeg\",\"contentUrl\":\"https:\/\/www.smedemokrati.sk\/wp-content\/uploads\/2023\/04\/ff.002.jpeg\",\"width\":640,\"height\":480,\"caption\":\"Smedemokrati.sk\"},\"image\":{\"@id\":\"https:\/\/www.smedemokrati.sk\/#\/schema\/logo\/image\/\"},\"sameAs\":[\"https:\/\/www.facebook.com\/smedemokrati2023\"]},{\"@type\":\"Person\",\"@id\":\"https:\/\/www.smedemokrati.sk\/#\/schema\/person\/c60720f4b9955b3c1ed222ebd1fbbc7c\",\"name\":\"Tom\u00e1\u0161 Koppl\",\"image\":{\"@type\":\"ImageObject\",\"inLanguage\":\"en-US\",\"@id\":\"https:\/\/secure.gravatar.com\/avatar\/8dfa38373c5e39821baf74c8e867a6f12e12c6dab6559aa999d10703b0b1c4ce?s=96&d=mm&r=g\",\"url\":\"https:\/\/secure.gravatar.com\/avatar\/8dfa38373c5e39821baf74c8e867a6f12e12c6dab6559aa999d10703b0b1c4ce?s=96&d=mm&r=g\",\"contentUrl\":\"https:\/\/secure.gravatar.com\/avatar\/8dfa38373c5e39821baf74c8e867a6f12e12c6dab6559aa999d10703b0b1c4ce?s=96&d=mm&r=g\",\"caption\":\"Tom\u00e1\u0161 Koppl\"},\"url\":\"https:\/\/www.smedemokrati.sk\/en\/author\/tomaskoppl\/\"}]}<\/script>\n<!-- \/ Yoast SEO plugin. -->","yoast_head_json":{"title":"Person\u00e1lne nomin\u00e1cie na rezorte \u017eivotn\u00e9ho prostredia s\u00fa stran\u00edckou korupciou - Smedemokrati.sk","robots":{"index":"index","follow":"follow","max-snippet":"max-snippet:-1","max-image-preview":"max-image-preview:large","max-video-preview":"max-video-preview:-1"},"canonical":"https:\/\/www.smedemokrati.sk\/en\/personalne-nominacie-na-rezorte-zivotneho-prostredia-su-stranickou-korupciou\/","og_locale":"en_US","og_type":"article","og_title":"Person\u00e1lne nomin\u00e1cie na rezorte \u017eivotn\u00e9ho prostredia s\u00fa stran\u00edckou korupciou - Smedemokrati.sk","og_description":"Demokrati s obavami sleduj\u00fa person\u00e1lne zmeny na rezorte \u017eivotn\u00e9ho prostredia a upozor\u0148uj\u00fa, \u017ee neodborn\u00e9 nomin\u00e1cie m\u00f4\u017eu ma\u0165 negat\u00edvny dopad na chod cel\u00e9ho ministerstva a \u017eivotn\u00e9ho prostredia na Slovensku.&nbsp;Minister \u017eivotn\u00e9ho prostredia a podpredseda vl\u00e1dy SR Tom\u00e1\u0161 Taraba za cel\u00e9 svoje doteraj\u0161ie p\u00f4sobenie person\u00e1lne vymenil u\u017e 9 \u013eud\u00ed, ktor\u00ed st\u00e1li na \u010dele d\u00f4le\u017eit\u00fdch podriaden\u00fdch in\u0161tit\u00faci\u00ed. Z toho [&hellip;]","og_url":"https:\/\/www.smedemokrati.sk\/en\/personalne-nominacie-na-rezorte-zivotneho-prostredia-su-stranickou-korupciou\/","og_site_name":"Smedemokrati.sk","article_publisher":"https:\/\/www.facebook.com\/smedemokrati2023","article_published_time":"2023-12-19T11:58:22+00:00","article_modified_time":"2023-12-19T12:00:24+00:00","og_image":[{"width":1520,"height":1080,"url":"https:\/\/www.smedemokrati.sk\/wp-content\/uploads\/2023\/04\/MKica.jpg","type":"image\/jpeg"}],"author":"Tom\u00e1\u0161 Koppl","twitter_card":"summary_large_image","twitter_misc":{"Written by":"Tom\u00e1\u0161 Koppl","Est. reading time":"3 minutes"},"schema":{"@context":"https:\/\/schema.org","@graph":[{"@type":"Article","@id":"https:\/\/www.smedemokrati.sk\/personalne-nominacie-na-rezorte-zivotneho-prostredia-su-stranickou-korupciou\/#article","isPartOf":{"@id":"https:\/\/www.smedemokrati.sk\/personalne-nominacie-na-rezorte-zivotneho-prostredia-su-stranickou-korupciou\/"},"author":{"name":"Tom\u00e1\u0161 Koppl","@id":"https:\/\/www.smedemokrati.sk\/#\/schema\/person\/c60720f4b9955b3c1ed222ebd1fbbc7c"},"headline":"Person\u00e1lne nomin\u00e1cie na rezorte \u017eivotn\u00e9ho prostredia s\u00fa stran\u00edckou korupciou","datePublished":"2023-12-19T11:58:22+00:00","dateModified":"2023-12-19T12:00:24+00:00","mainEntityOfPage":{"@id":"https:\/\/www.smedemokrati.sk\/personalne-nominacie-na-rezorte-zivotneho-prostredia-su-stranickou-korupciou\/"},"wordCount":674,"publisher":{"@id":"https:\/\/www.smedemokrati.sk\/#organization"},"image":{"@id":"https:\/\/www.smedemokrati.sk\/personalne-nominacie-na-rezorte-zivotneho-prostredia-su-stranickou-korupciou\/#primaryimage"},"thumbnailUrl":"https:\/\/www.smedemokrati.sk\/wp-content\/uploads\/2023\/04\/MKica.jpg","articleSection":["Tla\u010dov\u00e9 spr\u00e1vy"],"inLanguage":"en-US"},{"@type":"WebPage","@id":"https:\/\/www.smedemokrati.sk\/personalne-nominacie-na-rezorte-zivotneho-prostredia-su-stranickou-korupciou\/","url":"https:\/\/www.smedemokrati.sk\/personalne-nominacie-na-rezorte-zivotneho-prostredia-su-stranickou-korupciou\/","name":"Person\u00e1lne nomin\u00e1cie na rezorte \u017eivotn\u00e9ho prostredia s\u00fa stran\u00edckou korupciou - Smedemokrati.sk","isPartOf":{"@id":"https:\/\/www.smedemokrati.sk\/#website"},"primaryImageOfPage":{"@id":"https:\/\/www.smedemokrati.sk\/personalne-nominacie-na-rezorte-zivotneho-prostredia-su-stranickou-korupciou\/#primaryimage"},"image":{"@id":"https:\/\/www.smedemokrati.sk\/personalne-nominacie-na-rezorte-zivotneho-prostredia-su-stranickou-korupciou\/#primaryimage"},"thumbnailUrl":"https:\/\/www.smedemokrati.sk\/wp-content\/uploads\/2023\/04\/MKica.jpg","datePublished":"2023-12-19T11:58:22+00:00","dateModified":"2023-12-19T12:00:24+00:00","breadcrumb":{"@id":"https:\/\/www.smedemokrati.sk\/personalne-nominacie-na-rezorte-zivotneho-prostredia-su-stranickou-korupciou\/#breadcrumb"},"inLanguage":"en-US","potentialAction":[{"@type":"ReadAction","target":["https:\/\/www.smedemokrati.sk\/personalne-nominacie-na-rezorte-zivotneho-prostredia-su-stranickou-korupciou\/"]}]},{"@type":"ImageObject","inLanguage":"en-US","@id":"https:\/\/www.smedemokrati.sk\/personalne-nominacie-na-rezorte-zivotneho-prostredia-su-stranickou-korupciou\/#primaryimage","url":"https:\/\/www.smedemokrati.sk\/wp-content\/uploads\/2023\/04\/MKica.jpg","contentUrl":"https:\/\/www.smedemokrati.sk\/wp-content\/uploads\/2023\/04\/MKica.jpg","width":1520,"height":1080},{"@type":"BreadcrumbList","@id":"https:\/\/www.smedemokrati.sk\/personalne-nominacie-na-rezorte-zivotneho-prostredia-su-stranickou-korupciou\/#breadcrumb","itemListElement":[{"@type":"ListItem","position":1,"name":"Domovsk\u00e1 str\u00e1nka","item":"https:\/\/www.smedemokrati.sk\/"},{"@type":"ListItem","position":2,"name":"Person\u00e1lne nomin\u00e1cie na rezorte \u017eivotn\u00e9ho prostredia s\u00fa stran\u00edckou korupciou"}]},{"@type":"WebSite","@id":"https:\/\/www.smedemokrati.sk\/#website","url":"https:\/\/www.smedemokrati.sk\/","name":"Smedemokrati.sk","description":"Demokracia a slu\u0161nos\u0165 zv\u00ed\u0165az\u00ed","publisher":{"@id":"https:\/\/www.smedemokrati.sk\/#organization"},"potentialAction":[{"@type":"SearchAction","target":{"@type":"EntryPoint","urlTemplate":"https:\/\/www.smedemokrati.sk\/?s={search_term_string}"},"query-input":{"@type":"PropertyValueSpecification","valueRequired":true,"valueName":"search_term_string"}}],"inLanguage":"en-US"},{"@type":"Organization","@id":"https:\/\/www.smedemokrati.sk\/#organization","name":"Smedemokrati.sk","url":"https:\/\/www.smedemokrati.sk\/","logo":{"@type":"ImageObject","inLanguage":"en-US","@id":"https:\/\/www.smedemokrati.sk\/#\/schema\/logo\/image\/","url":"https:\/\/www.smedemokrati.sk\/wp-content\/uploads\/2023\/04\/ff.002.jpeg","contentUrl":"https:\/\/www.smedemokrati.sk\/wp-content\/uploads\/2023\/04\/ff.002.jpeg","width":640,"height":480,"caption":"Smedemokrati.sk"},"image":{"@id":"https:\/\/www.smedemokrati.sk\/#\/schema\/logo\/image\/"},"sameAs":["https:\/\/www.facebook.com\/smedemokrati2023"]},{"@type":"Person","@id":"https:\/\/www.smedemokrati.sk\/#\/schema\/person\/c60720f4b9955b3c1ed222ebd1fbbc7c","name":"Tom\u00e1\u0161 Koppl","image":{"@type":"ImageObject","inLanguage":"en-US","@id":"https:\/\/secure.gravatar.com\/avatar\/8dfa38373c5e39821baf74c8e867a6f12e12c6dab6559aa999d10703b0b1c4ce?s=96&d=mm&r=g","url":"https:\/\/secure.gravatar.com\/avatar\/8dfa38373c5e39821baf74c8e867a6f12e12c6dab6559aa999d10703b0b1c4ce?s=96&d=mm&r=g","contentUrl":"https:\/\/secure.gravatar.com\/avatar\/8dfa38373c5e39821baf74c8e867a6f12e12c6dab6559aa999d10703b0b1c4ce?s=96&d=mm&r=g","caption":"Tom\u00e1\u0161 Koppl"},"url":"https:\/\/www.smedemokrati.sk\/en\/author\/tomaskoppl\/"}]}},"_links":{"self":[{"href":"https:\/\/www.smedemokrati.sk\/en\/wp-json\/wp\/v2\/posts\/2442","targetHints":{"allow":["GET"]}}],"collection":[{"href":"https:\/\/www.smedemokrati.sk\/en\/wp-json\/wp\/v2\/posts"}],"about":[{"href":"https:\/\/www.smedemokrati.sk\/en\/wp-json\/wp\/v2\/types\/post"}],"author":[{"embeddable":true,"href":"https:\/\/www.smedemokrati.sk\/en\/wp-json\/wp\/v2\/users\/7"}],"replies":[{"embeddable":true,"href":"https:\/\/www.smedemokrati.sk\/en\/wp-json\/wp\/v2\/comments?post=2442"}],"version-history":[{"count":2,"href":"https:\/\/www.smedemokrati.sk\/en\/wp-json\/wp\/v2\/posts\/2442\/revisions"}],"predecessor-version":[{"id":2445,"href":"https:\/\/www.smedemokrati.sk\/en\/wp-json\/wp\/v2\/posts\/2442\/revisions\/2445"}],"wp:featuredmedia":[{"embeddable":true,"href":"https:\/\/www.smedemokrati.sk\/en\/wp-json\/wp\/v2\/media\/385"}],"wp:attachment":[{"href":"https:\/\/www.smedemokrati.sk\/en\/wp-json\/wp\/v2\/media?parent=2442"}],"wp:term":[{"taxonomy":"category","embeddable":true,"href":"https:\/\/www.smedemokrati.sk\/en\/wp-json\/wp\/v2\/categories?post=2442"},{"taxonomy":"post_tag","embeddable":true,"href":"https:\/\/www.smedemokrati.sk\/en\/wp-json\/wp\/v2\/tags?post=2442"}],"curies":[{"name":"wp","href":"https:\/\/api.w.org\/{rel}","templated":true}]}}