{"id":244,"date":"2023-04-04T12:48:51","date_gmt":"2023-04-04T12:48:51","guid":{"rendered":"https:\/\/www.smedemokrati.sk\/?p=244"},"modified":"2023-04-12T10:21:43","modified_gmt":"2023-04-12T10:21:43","slug":"usilie-j-nada-prinieslo-na-slovensko-viac-prace-a-rozvoj-technologii","status":"publish","type":"post","link":"https:\/\/www.smedemokrati.sk\/en\/usilie-j-nada-prinieslo-na-slovensko-viac-prace-a-rozvoj-technologii\/","title":{"rendered":"\u00dasilie J. Na\u010fa prinieslo na Slovensko viac pr\u00e1ce a rozvoj technol\u00f3gi\u00ed"},"content":{"rendered":"<div id=\"fb-root\"><\/div>\n\n<p>Medzi hlavn\u00e9 priority strany Demokrati patr\u00ed podpora tvorby pracovn\u00fdch miest s vysokou pridanou hodnotou, inov\u00e1cie a moderniz\u00e1cia hospod\u00e1rstva. Pr\u00edkladom s\u00fa kroky ministra obrany J. Na\u010fa, ktor\u00fd z\u00e1sadne posilnil princ\u00edp podie\u013eania sa slovensk\u00fdch firiem pri moderniza\u010dn\u00fdch projektoch obrany Slovenska. Obrann\u00fd priemysel tak na Slovensku za\u017e\u00edva doslova mal\u00fa revol\u00faciu.<\/p>\n\n\n\n<p><strong>\u201eProgramom Demokratov je reformova\u0165 a modernizova\u0165 Slovensko. Len za moju oblas\u0165 m\u00f4\u017eem kon\u0161tatova\u0165, \u017ee v obrannom priemysle sme presadili skokov\u00fd n\u00e1rast sofistikovanej v\u00fdroby s nov\u00fdmi pracovn\u00fdmi miestami. K\u00fdm prioritami vl\u00e1d Fica a Pellegriniho bolo k\u0155menie zbroj\u00e1rskych oligarchov cez pochybn\u00e9 k\u0161efty v Rusku &#8211; na \u00fakor pe\u0148az\u00ed pre vojakov, ktor\u00ed si tak \u010dasto kupovali v\u00fdstroj po armyshopoch, my pos\u00favame obranu Slovenska na \u00faplne nov\u00fa \u00farove\u0148. <\/strong>V spolupr\u00e1ci so z\u00e1padn\u00fdmi partnermi \u0161tartujeme rozsiahly dom\u00e1ci v\u00fdrobn\u00fd program, ktor\u00fd so sebou prin\u00e1\u0161a inov\u00e1cie, kvalitn\u00e9 vzdel\u00e1vacie programy, a najm\u00e4 nov\u00fa a dobre platen\u00fa pr\u00e1cu aj do menej rozvinut\u00fdch regi\u00f3nov. V\u010faka za to patr\u00ed v\u0161etk\u00fdm mojim kolegom, ako aj mana\u017e\u00e9rom \u0161t\u00e1tnych podnikov, ktor\u00ed odv\u00e1dzaj\u00fa vynikaj\u00facu pr\u00e1cu,\u201c povedal minister obrany SR Jaroslav Na\u010f (Demokrati).<\/p>\n\n\n\n<p>\u0160t\u00e1tna akciov\u00e1 spolo\u010dnos\u0165 DMD Group len v tomto roku pl\u00e1nuje prija\u0165 stovky nov\u00fdch zamestnancov. V\u00fdznamn\u00fdm impulzom pre rozvoj holdingu bola objedn\u00e1vka ministerstva obrany na p\u00e1sov\u00e9 vozidl\u00e1 CV90 a kolesov\u00e9 vozidl\u00e1 8&#215;8, pri\u010dom rezort kl\u00e1dol v tendroch siln\u00fd d\u00f4raz pr\u00e1ve na \u00fa\u010das\u0165 slovensk\u00fdch spolo\u010dnost\u00ed. Tr\u017eby DMD Group sa za posledn\u00e9 tri roky zdvojn\u00e1sobili na minuloro\u010dn\u00fdch viac ako 131 mili\u00f3nov eur. Podnik tie\u017e opravuje a kupuje nov\u00e9 haly po celom Slovensku. V skvelej kond\u00edcii s\u00fa aj Leteck\u00e9 opravovne Tren\u010d\u00edn, ktor\u00fdm sa vlani medziro\u010dne zv\u00fd\u0161il podiel mimorezortn\u00fdch z\u00e1kaziek o 31 %. Podniku sa dar\u00ed z\u00edskava\u0165 kontrakty aj v zahrani\u010d\u00ed a bud\u00fa sa podie\u013ea\u0165 nielen na kon\u0161trukcii 3D radarov, ale aj \u00fadr\u017ebe \u010dast\u00ed lietadiel F-16 a zav\u00e1dzan\u00ed logistick\u00e9ho informa\u010dn\u00e9ho syst\u00e9mu.<\/p>\n","protected":false},"excerpt":{"rendered":"<p>Medzi hlavn\u00e9 priority strany Demokrati patr\u00ed podpora tvorby pracovn\u00fdch miest s vysokou pridanou hodnotou, inov\u00e1cie a moderniz\u00e1cia hospod\u00e1rstva. Pr\u00edkladom s\u00fa kroky ministra obrany J. Na\u010fa, ktor\u00fd z\u00e1sadne posilnil princ\u00edp podie\u013eania sa slovensk\u00fdch firiem pri moderniza\u010dn\u00fdch projektoch obrany Slovenska. Obrann\u00fd priemysel tak na Slovensku za\u017e\u00edva doslova mal\u00fa revol\u00faciu. \u201eProgramom Demokratov je reformova\u0165 a modernizova\u0165 Slovensko. Len [&hellip;]<\/p>\n","protected":false},"author":1,"featured_media":413,"comment_status":"closed","ping_status":"closed","sticky":false,"template":"","format":"standard","meta":{"_acf_changed":false,"ngg_post_thumbnail":0,"footnotes":""},"categories":[4],"tags":[],"class_list":["post-244","post","type-post","status-publish","format-standard","has-post-thumbnail","hentry","category-tlacove-spravy"],"acf":[],"yoast_head":"<!-- This site is optimized with the Yoast SEO plugin v27.2 - https:\/\/yoast.com\/product\/yoast-seo-wordpress\/ -->\n<title>\u00dasilie J. Na\u010fa prinieslo na Slovensko viac pr\u00e1ce a rozvoj technol\u00f3gi\u00ed - Smedemokrati.sk<\/title>\n<meta name=\"robots\" content=\"index, follow, max-snippet:-1, max-image-preview:large, max-video-preview:-1\" \/>\n<link rel=\"canonical\" href=\"https:\/\/www.smedemokrati.sk\/en\/usilie-j-nada-prinieslo-na-slovensko-viac-prace-a-rozvoj-technologii\/\" \/>\n<meta property=\"og:locale\" content=\"en_US\" \/>\n<meta property=\"og:locale:alternate\" content=\"cs_CZ\" \/>\n<meta property=\"og:locale:alternate\" content=\"hu_HU\" \/>\n<meta property=\"og:locale:alternate\" content=\"sk_SK\" \/>\n<meta property=\"og:locale:alternate\" content=\"sv_SE\" \/>\n<meta property=\"og:type\" content=\"article\" \/>\n<meta property=\"og:title\" content=\"\u00dasilie J. Na\u010fa prinieslo na Slovensko viac pr\u00e1ce a rozvoj technol\u00f3gi\u00ed - Smedemokrati.sk\" \/>\n<meta property=\"og:description\" content=\"Medzi hlavn\u00e9 priority strany Demokrati patr\u00ed podpora tvorby pracovn\u00fdch miest s vysokou pridanou hodnotou, inov\u00e1cie a moderniz\u00e1cia hospod\u00e1rstva. Pr\u00edkladom s\u00fa kroky ministra obrany J. Na\u010fa, ktor\u00fd z\u00e1sadne posilnil princ\u00edp podie\u013eania sa slovensk\u00fdch firiem pri moderniza\u010dn\u00fdch projektoch obrany Slovenska. Obrann\u00fd priemysel tak na Slovensku za\u017e\u00edva doslova mal\u00fa revol\u00faciu. \u201eProgramom Demokratov je reformova\u0165 a modernizova\u0165 Slovensko. Len [&hellip;]\" \/>\n<meta property=\"og:url\" content=\"https:\/\/www.smedemokrati.sk\/en\/usilie-j-nada-prinieslo-na-slovensko-viac-prace-a-rozvoj-technologii\/\" \/>\n<meta property=\"og:site_name\" content=\"Smedemokrati.sk\" \/>\n<meta property=\"article:publisher\" content=\"https:\/\/www.facebook.com\/smedemokrati2023\" \/>\n<meta property=\"article:published_time\" content=\"2023-04-04T12:48:51+00:00\" \/>\n<meta property=\"article:modified_time\" content=\"2023-04-12T10:21:43+00:00\" \/>\n<meta property=\"og:image\" content=\"https:\/\/www.smedemokrati.sk\/wp-content\/uploads\/2023\/04\/JN_1-3.jpg\" \/>\n\t<meta property=\"og:image:width\" content=\"2048\" \/>\n\t<meta property=\"og:image:height\" content=\"1365\" \/>\n\t<meta property=\"og:image:type\" content=\"image\/jpeg\" \/>\n<meta name=\"author\" content=\"admin\" \/>\n<meta name=\"twitter:card\" content=\"summary_large_image\" \/>\n<meta name=\"twitter:label1\" content=\"Written by\" \/>\n\t<meta name=\"twitter:data1\" content=\"admin\" \/>\n\t<meta name=\"twitter:label2\" content=\"Est. reading time\" \/>\n\t<meta name=\"twitter:data2\" content=\"2 minutes\" \/>\n<script type=\"application\/ld+json\" class=\"yoast-schema-graph\">{\"@context\":\"https:\/\/schema.org\",\"@graph\":[{\"@type\":\"Article\",\"@id\":\"https:\/\/www.smedemokrati.sk\/usilie-j-nada-prinieslo-na-slovensko-viac-prace-a-rozvoj-technologii\/#article\",\"isPartOf\":{\"@id\":\"https:\/\/www.smedemokrati.sk\/usilie-j-nada-prinieslo-na-slovensko-viac-prace-a-rozvoj-technologii\/\"},\"author\":{\"name\":\"admin\",\"@id\":\"https:\/\/www.smedemokrati.sk\/#\/schema\/person\/dee9d51e8f3108fd58bc46fcc124934d\"},\"headline\":\"\u00dasilie J. Na\u010fa prinieslo na Slovensko viac pr\u00e1ce a rozvoj technol\u00f3gi\u00ed\",\"datePublished\":\"2023-04-04T12:48:51+00:00\",\"dateModified\":\"2023-04-12T10:21:43+00:00\",\"mainEntityOfPage\":{\"@id\":\"https:\/\/www.smedemokrati.sk\/usilie-j-nada-prinieslo-na-slovensko-viac-prace-a-rozvoj-technologii\/\"},\"wordCount\":373,\"publisher\":{\"@id\":\"https:\/\/www.smedemokrati.sk\/#organization\"},\"image\":{\"@id\":\"https:\/\/www.smedemokrati.sk\/usilie-j-nada-prinieslo-na-slovensko-viac-prace-a-rozvoj-technologii\/#primaryimage\"},\"thumbnailUrl\":\"https:\/\/www.smedemokrati.sk\/wp-content\/uploads\/2023\/04\/JN_1-3.jpg\",\"articleSection\":[\"Tla\u010dov\u00e9 spr\u00e1vy\"],\"inLanguage\":\"en-US\"},{\"@type\":\"WebPage\",\"@id\":\"https:\/\/www.smedemokrati.sk\/usilie-j-nada-prinieslo-na-slovensko-viac-prace-a-rozvoj-technologii\/\",\"url\":\"https:\/\/www.smedemokrati.sk\/usilie-j-nada-prinieslo-na-slovensko-viac-prace-a-rozvoj-technologii\/\",\"name\":\"\u00dasilie J. Na\u010fa prinieslo na Slovensko viac pr\u00e1ce a rozvoj technol\u00f3gi\u00ed - Smedemokrati.sk\",\"isPartOf\":{\"@id\":\"https:\/\/www.smedemokrati.sk\/#website\"},\"primaryImageOfPage\":{\"@id\":\"https:\/\/www.smedemokrati.sk\/usilie-j-nada-prinieslo-na-slovensko-viac-prace-a-rozvoj-technologii\/#primaryimage\"},\"image\":{\"@id\":\"https:\/\/www.smedemokrati.sk\/usilie-j-nada-prinieslo-na-slovensko-viac-prace-a-rozvoj-technologii\/#primaryimage\"},\"thumbnailUrl\":\"https:\/\/www.smedemokrati.sk\/wp-content\/uploads\/2023\/04\/JN_1-3.jpg\",\"datePublished\":\"2023-04-04T12:48:51+00:00\",\"dateModified\":\"2023-04-12T10:21:43+00:00\",\"breadcrumb\":{\"@id\":\"https:\/\/www.smedemokrati.sk\/usilie-j-nada-prinieslo-na-slovensko-viac-prace-a-rozvoj-technologii\/#breadcrumb\"},\"inLanguage\":\"en-US\",\"potentialAction\":[{\"@type\":\"ReadAction\",\"target\":[\"https:\/\/www.smedemokrati.sk\/usilie-j-nada-prinieslo-na-slovensko-viac-prace-a-rozvoj-technologii\/\"]}]},{\"@type\":\"ImageObject\",\"inLanguage\":\"en-US\",\"@id\":\"https:\/\/www.smedemokrati.sk\/usilie-j-nada-prinieslo-na-slovensko-viac-prace-a-rozvoj-technologii\/#primaryimage\",\"url\":\"https:\/\/www.smedemokrati.sk\/wp-content\/uploads\/2023\/04\/JN_1-3.jpg\",\"contentUrl\":\"https:\/\/www.smedemokrati.sk\/wp-content\/uploads\/2023\/04\/JN_1-3.jpg\",\"width\":2048,\"height\":1365},{\"@type\":\"BreadcrumbList\",\"@id\":\"https:\/\/www.smedemokrati.sk\/usilie-j-nada-prinieslo-na-slovensko-viac-prace-a-rozvoj-technologii\/#breadcrumb\",\"itemListElement\":[{\"@type\":\"ListItem\",\"position\":1,\"name\":\"Domovsk\u00e1 str\u00e1nka\",\"item\":\"https:\/\/www.smedemokrati.sk\/\"},{\"@type\":\"ListItem\",\"position\":2,\"name\":\"\u00dasilie J. Na\u010fa prinieslo na Slovensko viac pr\u00e1ce a rozvoj technol\u00f3gi\u00ed\"}]},{\"@type\":\"WebSite\",\"@id\":\"https:\/\/www.smedemokrati.sk\/#website\",\"url\":\"https:\/\/www.smedemokrati.sk\/\",\"name\":\"Smedemokrati.sk\",\"description\":\"Demokracia a slu\u0161nos\u0165 zv\u00ed\u0165az\u00ed\",\"publisher\":{\"@id\":\"https:\/\/www.smedemokrati.sk\/#organization\"},\"potentialAction\":[{\"@type\":\"SearchAction\",\"target\":{\"@type\":\"EntryPoint\",\"urlTemplate\":\"https:\/\/www.smedemokrati.sk\/?s={search_term_string}\"},\"query-input\":{\"@type\":\"PropertyValueSpecification\",\"valueRequired\":true,\"valueName\":\"search_term_string\"}}],\"inLanguage\":\"en-US\"},{\"@type\":\"Organization\",\"@id\":\"https:\/\/www.smedemokrati.sk\/#organization\",\"name\":\"Smedemokrati.sk\",\"url\":\"https:\/\/www.smedemokrati.sk\/\",\"logo\":{\"@type\":\"ImageObject\",\"inLanguage\":\"en-US\",\"@id\":\"https:\/\/www.smedemokrati.sk\/#\/schema\/logo\/image\/\",\"url\":\"https:\/\/www.smedemokrati.sk\/wp-content\/uploads\/2023\/04\/ff.002.jpeg\",\"contentUrl\":\"https:\/\/www.smedemokrati.sk\/wp-content\/uploads\/2023\/04\/ff.002.jpeg\",\"width\":640,\"height\":480,\"caption\":\"Smedemokrati.sk\"},\"image\":{\"@id\":\"https:\/\/www.smedemokrati.sk\/#\/schema\/logo\/image\/\"},\"sameAs\":[\"https:\/\/www.facebook.com\/smedemokrati2023\"]},{\"@type\":\"Person\",\"@id\":\"https:\/\/www.smedemokrati.sk\/#\/schema\/person\/dee9d51e8f3108fd58bc46fcc124934d\",\"name\":\"admin\",\"image\":{\"@type\":\"ImageObject\",\"inLanguage\":\"en-US\",\"@id\":\"https:\/\/secure.gravatar.com\/avatar\/d6862d2a795ca0130d2a9b58ff4226e06bc79aa7240e35cbed810a10d01485d3?s=96&d=mm&r=g\",\"url\":\"https:\/\/secure.gravatar.com\/avatar\/d6862d2a795ca0130d2a9b58ff4226e06bc79aa7240e35cbed810a10d01485d3?s=96&d=mm&r=g\",\"contentUrl\":\"https:\/\/secure.gravatar.com\/avatar\/d6862d2a795ca0130d2a9b58ff4226e06bc79aa7240e35cbed810a10d01485d3?s=96&d=mm&r=g\",\"caption\":\"admin\"},\"sameAs\":[\"https:\/\/www.smedemokrati.sk\"],\"url\":\"https:\/\/www.smedemokrati.sk\/en\/author\/admin\/\"}]}<\/script>\n<!-- \/ Yoast SEO plugin. -->","yoast_head_json":{"title":"\u00dasilie J. Na\u010fa prinieslo na Slovensko viac pr\u00e1ce a rozvoj technol\u00f3gi\u00ed - Smedemokrati.sk","robots":{"index":"index","follow":"follow","max-snippet":"max-snippet:-1","max-image-preview":"max-image-preview:large","max-video-preview":"max-video-preview:-1"},"canonical":"https:\/\/www.smedemokrati.sk\/en\/usilie-j-nada-prinieslo-na-slovensko-viac-prace-a-rozvoj-technologii\/","og_locale":"en_US","og_type":"article","og_title":"\u00dasilie J. Na\u010fa prinieslo na Slovensko viac pr\u00e1ce a rozvoj technol\u00f3gi\u00ed - Smedemokrati.sk","og_description":"Medzi hlavn\u00e9 priority strany Demokrati patr\u00ed podpora tvorby pracovn\u00fdch miest s vysokou pridanou hodnotou, inov\u00e1cie a moderniz\u00e1cia hospod\u00e1rstva. Pr\u00edkladom s\u00fa kroky ministra obrany J. Na\u010fa, ktor\u00fd z\u00e1sadne posilnil princ\u00edp podie\u013eania sa slovensk\u00fdch firiem pri moderniza\u010dn\u00fdch projektoch obrany Slovenska. Obrann\u00fd priemysel tak na Slovensku za\u017e\u00edva doslova mal\u00fa revol\u00faciu. \u201eProgramom Demokratov je reformova\u0165 a modernizova\u0165 Slovensko. Len [&hellip;]","og_url":"https:\/\/www.smedemokrati.sk\/en\/usilie-j-nada-prinieslo-na-slovensko-viac-prace-a-rozvoj-technologii\/","og_site_name":"Smedemokrati.sk","article_publisher":"https:\/\/www.facebook.com\/smedemokrati2023","article_published_time":"2023-04-04T12:48:51+00:00","article_modified_time":"2023-04-12T10:21:43+00:00","og_image":[{"width":2048,"height":1365,"url":"https:\/\/www.smedemokrati.sk\/wp-content\/uploads\/2023\/04\/JN_1-3.jpg","type":"image\/jpeg"}],"author":"admin","twitter_card":"summary_large_image","twitter_misc":{"Written by":"admin","Est. reading time":"2 minutes"},"schema":{"@context":"https:\/\/schema.org","@graph":[{"@type":"Article","@id":"https:\/\/www.smedemokrati.sk\/usilie-j-nada-prinieslo-na-slovensko-viac-prace-a-rozvoj-technologii\/#article","isPartOf":{"@id":"https:\/\/www.smedemokrati.sk\/usilie-j-nada-prinieslo-na-slovensko-viac-prace-a-rozvoj-technologii\/"},"author":{"name":"admin","@id":"https:\/\/www.smedemokrati.sk\/#\/schema\/person\/dee9d51e8f3108fd58bc46fcc124934d"},"headline":"\u00dasilie J. Na\u010fa prinieslo na Slovensko viac pr\u00e1ce a rozvoj technol\u00f3gi\u00ed","datePublished":"2023-04-04T12:48:51+00:00","dateModified":"2023-04-12T10:21:43+00:00","mainEntityOfPage":{"@id":"https:\/\/www.smedemokrati.sk\/usilie-j-nada-prinieslo-na-slovensko-viac-prace-a-rozvoj-technologii\/"},"wordCount":373,"publisher":{"@id":"https:\/\/www.smedemokrati.sk\/#organization"},"image":{"@id":"https:\/\/www.smedemokrati.sk\/usilie-j-nada-prinieslo-na-slovensko-viac-prace-a-rozvoj-technologii\/#primaryimage"},"thumbnailUrl":"https:\/\/www.smedemokrati.sk\/wp-content\/uploads\/2023\/04\/JN_1-3.jpg","articleSection":["Tla\u010dov\u00e9 spr\u00e1vy"],"inLanguage":"en-US"},{"@type":"WebPage","@id":"https:\/\/www.smedemokrati.sk\/usilie-j-nada-prinieslo-na-slovensko-viac-prace-a-rozvoj-technologii\/","url":"https:\/\/www.smedemokrati.sk\/usilie-j-nada-prinieslo-na-slovensko-viac-prace-a-rozvoj-technologii\/","name":"\u00dasilie J. Na\u010fa prinieslo na Slovensko viac pr\u00e1ce a rozvoj technol\u00f3gi\u00ed - Smedemokrati.sk","isPartOf":{"@id":"https:\/\/www.smedemokrati.sk\/#website"},"primaryImageOfPage":{"@id":"https:\/\/www.smedemokrati.sk\/usilie-j-nada-prinieslo-na-slovensko-viac-prace-a-rozvoj-technologii\/#primaryimage"},"image":{"@id":"https:\/\/www.smedemokrati.sk\/usilie-j-nada-prinieslo-na-slovensko-viac-prace-a-rozvoj-technologii\/#primaryimage"},"thumbnailUrl":"https:\/\/www.smedemokrati.sk\/wp-content\/uploads\/2023\/04\/JN_1-3.jpg","datePublished":"2023-04-04T12:48:51+00:00","dateModified":"2023-04-12T10:21:43+00:00","breadcrumb":{"@id":"https:\/\/www.smedemokrati.sk\/usilie-j-nada-prinieslo-na-slovensko-viac-prace-a-rozvoj-technologii\/#breadcrumb"},"inLanguage":"en-US","potentialAction":[{"@type":"ReadAction","target":["https:\/\/www.smedemokrati.sk\/usilie-j-nada-prinieslo-na-slovensko-viac-prace-a-rozvoj-technologii\/"]}]},{"@type":"ImageObject","inLanguage":"en-US","@id":"https:\/\/www.smedemokrati.sk\/usilie-j-nada-prinieslo-na-slovensko-viac-prace-a-rozvoj-technologii\/#primaryimage","url":"https:\/\/www.smedemokrati.sk\/wp-content\/uploads\/2023\/04\/JN_1-3.jpg","contentUrl":"https:\/\/www.smedemokrati.sk\/wp-content\/uploads\/2023\/04\/JN_1-3.jpg","width":2048,"height":1365},{"@type":"BreadcrumbList","@id":"https:\/\/www.smedemokrati.sk\/usilie-j-nada-prinieslo-na-slovensko-viac-prace-a-rozvoj-technologii\/#breadcrumb","itemListElement":[{"@type":"ListItem","position":1,"name":"Domovsk\u00e1 str\u00e1nka","item":"https:\/\/www.smedemokrati.sk\/"},{"@type":"ListItem","position":2,"name":"\u00dasilie J. Na\u010fa prinieslo na Slovensko viac pr\u00e1ce a rozvoj technol\u00f3gi\u00ed"}]},{"@type":"WebSite","@id":"https:\/\/www.smedemokrati.sk\/#website","url":"https:\/\/www.smedemokrati.sk\/","name":"Smedemokrati.sk","description":"Demokracia a slu\u0161nos\u0165 zv\u00ed\u0165az\u00ed","publisher":{"@id":"https:\/\/www.smedemokrati.sk\/#organization"},"potentialAction":[{"@type":"SearchAction","target":{"@type":"EntryPoint","urlTemplate":"https:\/\/www.smedemokrati.sk\/?s={search_term_string}"},"query-input":{"@type":"PropertyValueSpecification","valueRequired":true,"valueName":"search_term_string"}}],"inLanguage":"en-US"},{"@type":"Organization","@id":"https:\/\/www.smedemokrati.sk\/#organization","name":"Smedemokrati.sk","url":"https:\/\/www.smedemokrati.sk\/","logo":{"@type":"ImageObject","inLanguage":"en-US","@id":"https:\/\/www.smedemokrati.sk\/#\/schema\/logo\/image\/","url":"https:\/\/www.smedemokrati.sk\/wp-content\/uploads\/2023\/04\/ff.002.jpeg","contentUrl":"https:\/\/www.smedemokrati.sk\/wp-content\/uploads\/2023\/04\/ff.002.jpeg","width":640,"height":480,"caption":"Smedemokrati.sk"},"image":{"@id":"https:\/\/www.smedemokrati.sk\/#\/schema\/logo\/image\/"},"sameAs":["https:\/\/www.facebook.com\/smedemokrati2023"]},{"@type":"Person","@id":"https:\/\/www.smedemokrati.sk\/#\/schema\/person\/dee9d51e8f3108fd58bc46fcc124934d","name":"admin","image":{"@type":"ImageObject","inLanguage":"en-US","@id":"https:\/\/secure.gravatar.com\/avatar\/d6862d2a795ca0130d2a9b58ff4226e06bc79aa7240e35cbed810a10d01485d3?s=96&d=mm&r=g","url":"https:\/\/secure.gravatar.com\/avatar\/d6862d2a795ca0130d2a9b58ff4226e06bc79aa7240e35cbed810a10d01485d3?s=96&d=mm&r=g","contentUrl":"https:\/\/secure.gravatar.com\/avatar\/d6862d2a795ca0130d2a9b58ff4226e06bc79aa7240e35cbed810a10d01485d3?s=96&d=mm&r=g","caption":"admin"},"sameAs":["https:\/\/www.smedemokrati.sk"],"url":"https:\/\/www.smedemokrati.sk\/en\/author\/admin\/"}]}},"_links":{"self":[{"href":"https:\/\/www.smedemokrati.sk\/en\/wp-json\/wp\/v2\/posts\/244","targetHints":{"allow":["GET"]}}],"collection":[{"href":"https:\/\/www.smedemokrati.sk\/en\/wp-json\/wp\/v2\/posts"}],"about":[{"href":"https:\/\/www.smedemokrati.sk\/en\/wp-json\/wp\/v2\/types\/post"}],"author":[{"embeddable":true,"href":"https:\/\/www.smedemokrati.sk\/en\/wp-json\/wp\/v2\/users\/1"}],"replies":[{"embeddable":true,"href":"https:\/\/www.smedemokrati.sk\/en\/wp-json\/wp\/v2\/comments?post=244"}],"version-history":[{"count":0,"href":"https:\/\/www.smedemokrati.sk\/en\/wp-json\/wp\/v2\/posts\/244\/revisions"}],"wp:featuredmedia":[{"embeddable":true,"href":"https:\/\/www.smedemokrati.sk\/en\/wp-json\/wp\/v2\/media\/413"}],"wp:attachment":[{"href":"https:\/\/www.smedemokrati.sk\/en\/wp-json\/wp\/v2\/media?parent=244"}],"wp:term":[{"taxonomy":"category","embeddable":true,"href":"https:\/\/www.smedemokrati.sk\/en\/wp-json\/wp\/v2\/categories?post=244"},{"taxonomy":"post_tag","embeddable":true,"href":"https:\/\/www.smedemokrati.sk\/en\/wp-json\/wp\/v2\/tags?post=244"}],"curies":[{"name":"wp","href":"https:\/\/api.w.org\/{rel}","templated":true}]}}