{"id":2410,"date":"2023-12-07T15:47:30","date_gmt":"2023-12-07T13:47:30","guid":{"rendered":"https:\/\/www.smedemokrati.sk\/?p=2410"},"modified":"2023-12-07T15:47:31","modified_gmt":"2023-12-07T13:47:31","slug":"vlada-chce-privatizerom-prihrat-miliony-ocakavame-ze-zasiahnu-poslanci","status":"publish","type":"post","link":"https:\/\/www.smedemokrati.sk\/en\/vlada-chce-privatizerom-prihrat-miliony-ocakavame-ze-zasiahnu-poslanci\/","title":{"rendered":"Vl\u00e1da chce privatiz\u00e9rom prihra\u0165 mili\u00f3ny. O\u010dak\u00e1vame, \u017ee zasiahnu poslanci"},"content":{"rendered":"<div id=\"fb-root\"><\/div>\n\n<p><em><strong>Demokrati sa obracaj\u00fa na poslancov NR SR vo veci vl\u00e1dneho n\u00e1vrhu novely z\u00e1kona o niektor\u00fdch opatreniach na \u00faseku environment\u00e1lnej z\u00e1\u0165a\u017ee, ktorou sa pren\u00e1\u0161aj\u00fa n\u00e1klady na ich san\u00e1ciu v omnoho v\u00e4\u010d\u0161ej miere ako doteraz na \u0161t\u00e1t.\u00a0<\/strong><\/em><\/p>\n\n\n\n<p>Schv\u00e1lenie n\u00e1vrhu z\u00e1kona by znamenalo, \u017ee podnikate\u013eom, spravidla pr\u00e1vnym n\u00e1stupcom privatiz\u00e9rov b\u00fdval\u00fdch \u0161t\u00e1tnych podnikov, ktor\u00e9 predstavuj\u00fa najv\u00e4\u010d\u0161ie environment\u00e1lne z\u00e1\u0165a\u017ee, \u201eprihr\u00e1\u201c vl\u00e1da SR stovky mili\u00f3nov eur. Doteraz toti\u017e museli na san\u00e1ciu t\u00fdchto z\u00e1\u0165a\u017e\u00ed vynalo\u017ei\u0165 prostriedky pr\u00e1ve t\u00edto podnikatelia, alebo n\u00e1klady dodato\u010dne \u0161t\u00e1tu refundova\u0165. Predlo\u017een\u00fdm n\u00e1vrhom z\u00e1kona by sa zru\u0161il in\u0161tit\u00fat refund\u00e1cie a t\u00e1 by sa stala nevym\u00e1hate\u013enou.\u00a0<\/p>\n\n\n\n<p>Na t\u00e9mu upozor\u0148uje \u010dlen predsedn\u00edctva Demokratov, Michal Ki\u010da a hovor\u00ed, \u017ee po zmene z\u00e1kona by s\u00fakromn\u00fd sektor bral zisk a \u0161t\u00e1t\u00a0zn\u00e1\u0161al\u00a0n\u00e1klady:\u00a0<em>\u201eAko modelov\u00fd pr\u00edklad m\u00f4\u017ee sl\u00fa\u017ei\u0165 are\u00e1l b\u00fdval\u00e9ho Istrochemu. N\u00e1klady na san\u00e1ciu z\u00e1\u0165a\u017ee na jeho \u00fazem\u00ed s\u00fa pribli\u017ene 360 mil. eur. Vlastn\u00edk pozemkov san\u00e1ciu odmieta vykona\u0165. Ak by ju sk\u00f4r \u010di nesk\u00f4r vykonal \u0161t\u00e1t z verejn\u00fdch prostriedkov, pod\u013ea doteraj\u0161ieho mechanizmu by mu vznikol n\u00e1rok na n\u00e1hradu n\u00e1kladov, a to najviac v sume trhovej hodnoty pozemku. Pozemky Istrochemu s\u00fa z h\u013eadiska developingu v Bratislave mimoriadne lukrat\u00edvne. Ak n\u00e1vrh vl\u00e1dy odobria poslanci, bude \u0161t\u00e1t san\u00e1ciu financova\u0165 s\u00e1m a pr\u00e1vnemu n\u00e1stupcovi privatiz\u00e9ra zostan\u00fa lukrat\u00edvne pozemky, o\u010disten\u00e9 od enviroz\u00e1\u0165a\u017ee a teda zhodnoten\u00e9 na \u00fakor \u0161t\u00e1tu, ktor\u00e9 bude m\u00f4c\u0165 n\u00e1sledne pred\u00e1va\u0165 s obrovsk\u00fdm ziskom,\u201c<\/em>\u00a0ilustruje Ki\u010da a dod\u00e1va, \u017ee po zmene z\u00e1kona bude ochota developera financova\u0165 san\u00e1ciu z\u00e1\u0165a\u017ee nulov\u00e1.\u00a0<\/p>\n\n\n\n<p>Ki\u010da z\u00e1rove\u0148 pon\u00faka rie\u0161enie vo forme pozme\u0148uj\u00faceho n\u00e1vrhu, ktor\u00fd zachov\u00e1 mechanizmus refund\u00e1cie len pre pozemky, ktor\u00e9 boli predmetom privatiz\u00e1cie. Navrhuje zachova\u0165 mechanizmus n\u00e1hrady vynalo\u017een\u00fdch n\u00e1kladov na san\u00e1ciu zo strany vlastn\u00edka pozemku, av\u0161ak, oproti s\u00fa\u010dasn\u00e9mu stavu by sa jednalo len o tie pozemky, ktor\u00e9 boli predmetom tzv. privatiz\u00e1cie. T\u00fdm sa zachov\u00e1va podstata a \u00fa\u010del p\u00f4vodnej pr\u00e1vnej \u00fapravy, odstra\u0148uj\u00fa sa vyt\u00fdkan\u00e9 prvky \u00fastavnopr\u00e1vnej kol\u00edzie a mechanizmus sa zu\u017euje len na tie subjekty, u ktor\u00fdch \u00fahradu n\u00e1kladov mo\u017eno spravodlivo po\u017eadova\u0165.<\/p>\n","protected":false},"excerpt":{"rendered":"<p>Demokrati sa obracaj\u00fa na poslancov NR SR vo veci vl\u00e1dneho n\u00e1vrhu novely z\u00e1kona o niektor\u00fdch opatreniach na \u00faseku environment\u00e1lnej z\u00e1\u0165a\u017ee, ktorou sa pren\u00e1\u0161aj\u00fa n\u00e1klady na ich san\u00e1ciu v omnoho v\u00e4\u010d\u0161ej miere ako doteraz na \u0161t\u00e1t.\u00a0 Schv\u00e1lenie n\u00e1vrhu z\u00e1kona by znamenalo, \u017ee podnikate\u013eom, spravidla pr\u00e1vnym n\u00e1stupcom privatiz\u00e9rov b\u00fdval\u00fdch \u0161t\u00e1tnych podnikov, ktor\u00e9 predstavuj\u00fa najv\u00e4\u010d\u0161ie environment\u00e1lne z\u00e1\u0165a\u017ee, \u201eprihr\u00e1\u201c [&hellip;]<\/p>\n","protected":false},"author":7,"featured_media":385,"comment_status":"closed","ping_status":"closed","sticky":false,"template":"","format":"standard","meta":{"_acf_changed":false,"ngg_post_thumbnail":0,"footnotes":""},"categories":[4],"tags":[],"class_list":["post-2410","post","type-post","status-publish","format-standard","has-post-thumbnail","hentry","category-tlacove-spravy"],"acf":[],"yoast_head":"<!-- This site is optimized with the Yoast SEO plugin v27.2 - https:\/\/yoast.com\/product\/yoast-seo-wordpress\/ -->\n<title>Vl\u00e1da chce privatiz\u00e9rom prihra\u0165 mili\u00f3ny. O\u010dak\u00e1vame, \u017ee zasiahnu poslanci - Smedemokrati.sk<\/title>\n<meta name=\"robots\" content=\"index, follow, max-snippet:-1, max-image-preview:large, max-video-preview:-1\" \/>\n<link rel=\"canonical\" href=\"https:\/\/www.smedemokrati.sk\/en\/vlada-chce-privatizerom-prihrat-miliony-ocakavame-ze-zasiahnu-poslanci\/\" \/>\n<meta property=\"og:locale\" content=\"en_US\" \/>\n<meta property=\"og:locale:alternate\" content=\"cs_CZ\" \/>\n<meta property=\"og:locale:alternate\" content=\"hu_HU\" \/>\n<meta property=\"og:locale:alternate\" content=\"sk_SK\" \/>\n<meta property=\"og:locale:alternate\" content=\"sv_SE\" \/>\n<meta property=\"og:type\" content=\"article\" \/>\n<meta property=\"og:title\" content=\"Vl\u00e1da chce privatiz\u00e9rom prihra\u0165 mili\u00f3ny. O\u010dak\u00e1vame, \u017ee zasiahnu poslanci - Smedemokrati.sk\" \/>\n<meta property=\"og:description\" content=\"Demokrati sa obracaj\u00fa na poslancov NR SR vo veci vl\u00e1dneho n\u00e1vrhu novely z\u00e1kona o niektor\u00fdch opatreniach na \u00faseku environment\u00e1lnej z\u00e1\u0165a\u017ee, ktorou sa pren\u00e1\u0161aj\u00fa n\u00e1klady na ich san\u00e1ciu v omnoho v\u00e4\u010d\u0161ej miere ako doteraz na \u0161t\u00e1t.\u00a0 Schv\u00e1lenie n\u00e1vrhu z\u00e1kona by znamenalo, \u017ee podnikate\u013eom, spravidla pr\u00e1vnym n\u00e1stupcom privatiz\u00e9rov b\u00fdval\u00fdch \u0161t\u00e1tnych podnikov, ktor\u00e9 predstavuj\u00fa najv\u00e4\u010d\u0161ie environment\u00e1lne z\u00e1\u0165a\u017ee, \u201eprihr\u00e1\u201c [&hellip;]\" \/>\n<meta property=\"og:url\" content=\"https:\/\/www.smedemokrati.sk\/en\/vlada-chce-privatizerom-prihrat-miliony-ocakavame-ze-zasiahnu-poslanci\/\" \/>\n<meta property=\"og:site_name\" content=\"Smedemokrati.sk\" \/>\n<meta property=\"article:publisher\" content=\"https:\/\/www.facebook.com\/smedemokrati2023\" \/>\n<meta property=\"article:published_time\" content=\"2023-12-07T13:47:30+00:00\" \/>\n<meta property=\"article:modified_time\" content=\"2023-12-07T13:47:31+00:00\" \/>\n<meta property=\"og:image\" content=\"https:\/\/www.smedemokrati.sk\/wp-content\/uploads\/2023\/04\/MKica.jpg\" \/>\n\t<meta property=\"og:image:width\" content=\"1520\" \/>\n\t<meta property=\"og:image:height\" content=\"1080\" \/>\n\t<meta property=\"og:image:type\" content=\"image\/jpeg\" \/>\n<meta name=\"author\" content=\"Tom\u00e1\u0161 Koppl\" \/>\n<meta name=\"twitter:card\" content=\"summary_large_image\" \/>\n<meta name=\"twitter:label1\" content=\"Written by\" \/>\n\t<meta name=\"twitter:data1\" content=\"Tom\u00e1\u0161 Koppl\" \/>\n\t<meta name=\"twitter:label2\" content=\"Est. reading time\" \/>\n\t<meta name=\"twitter:data2\" content=\"2 minutes\" \/>\n<script type=\"application\/ld+json\" class=\"yoast-schema-graph\">{\"@context\":\"https:\/\/schema.org\",\"@graph\":[{\"@type\":\"Article\",\"@id\":\"https:\/\/www.smedemokrati.sk\/vlada-chce-privatizerom-prihrat-miliony-ocakavame-ze-zasiahnu-poslanci\/#article\",\"isPartOf\":{\"@id\":\"https:\/\/www.smedemokrati.sk\/vlada-chce-privatizerom-prihrat-miliony-ocakavame-ze-zasiahnu-poslanci\/\"},\"author\":{\"name\":\"Tom\u00e1\u0161 Koppl\",\"@id\":\"https:\/\/www.smedemokrati.sk\/#\/schema\/person\/c60720f4b9955b3c1ed222ebd1fbbc7c\"},\"headline\":\"Vl\u00e1da chce privatiz\u00e9rom prihra\u0165 mili\u00f3ny. O\u010dak\u00e1vame, \u017ee zasiahnu poslanci\",\"datePublished\":\"2023-12-07T13:47:30+00:00\",\"dateModified\":\"2023-12-07T13:47:31+00:00\",\"mainEntityOfPage\":{\"@id\":\"https:\/\/www.smedemokrati.sk\/vlada-chce-privatizerom-prihrat-miliony-ocakavame-ze-zasiahnu-poslanci\/\"},\"wordCount\":452,\"publisher\":{\"@id\":\"https:\/\/www.smedemokrati.sk\/#organization\"},\"image\":{\"@id\":\"https:\/\/www.smedemokrati.sk\/vlada-chce-privatizerom-prihrat-miliony-ocakavame-ze-zasiahnu-poslanci\/#primaryimage\"},\"thumbnailUrl\":\"https:\/\/www.smedemokrati.sk\/wp-content\/uploads\/2023\/04\/MKica.jpg\",\"articleSection\":[\"Tla\u010dov\u00e9 spr\u00e1vy\"],\"inLanguage\":\"en-US\"},{\"@type\":\"WebPage\",\"@id\":\"https:\/\/www.smedemokrati.sk\/vlada-chce-privatizerom-prihrat-miliony-ocakavame-ze-zasiahnu-poslanci\/\",\"url\":\"https:\/\/www.smedemokrati.sk\/vlada-chce-privatizerom-prihrat-miliony-ocakavame-ze-zasiahnu-poslanci\/\",\"name\":\"Vl\u00e1da chce privatiz\u00e9rom prihra\u0165 mili\u00f3ny. O\u010dak\u00e1vame, \u017ee zasiahnu poslanci - Smedemokrati.sk\",\"isPartOf\":{\"@id\":\"https:\/\/www.smedemokrati.sk\/#website\"},\"primaryImageOfPage\":{\"@id\":\"https:\/\/www.smedemokrati.sk\/vlada-chce-privatizerom-prihrat-miliony-ocakavame-ze-zasiahnu-poslanci\/#primaryimage\"},\"image\":{\"@id\":\"https:\/\/www.smedemokrati.sk\/vlada-chce-privatizerom-prihrat-miliony-ocakavame-ze-zasiahnu-poslanci\/#primaryimage\"},\"thumbnailUrl\":\"https:\/\/www.smedemokrati.sk\/wp-content\/uploads\/2023\/04\/MKica.jpg\",\"datePublished\":\"2023-12-07T13:47:30+00:00\",\"dateModified\":\"2023-12-07T13:47:31+00:00\",\"breadcrumb\":{\"@id\":\"https:\/\/www.smedemokrati.sk\/vlada-chce-privatizerom-prihrat-miliony-ocakavame-ze-zasiahnu-poslanci\/#breadcrumb\"},\"inLanguage\":\"en-US\",\"potentialAction\":[{\"@type\":\"ReadAction\",\"target\":[\"https:\/\/www.smedemokrati.sk\/vlada-chce-privatizerom-prihrat-miliony-ocakavame-ze-zasiahnu-poslanci\/\"]}]},{\"@type\":\"ImageObject\",\"inLanguage\":\"en-US\",\"@id\":\"https:\/\/www.smedemokrati.sk\/vlada-chce-privatizerom-prihrat-miliony-ocakavame-ze-zasiahnu-poslanci\/#primaryimage\",\"url\":\"https:\/\/www.smedemokrati.sk\/wp-content\/uploads\/2023\/04\/MKica.jpg\",\"contentUrl\":\"https:\/\/www.smedemokrati.sk\/wp-content\/uploads\/2023\/04\/MKica.jpg\",\"width\":1520,\"height\":1080},{\"@type\":\"BreadcrumbList\",\"@id\":\"https:\/\/www.smedemokrati.sk\/vlada-chce-privatizerom-prihrat-miliony-ocakavame-ze-zasiahnu-poslanci\/#breadcrumb\",\"itemListElement\":[{\"@type\":\"ListItem\",\"position\":1,\"name\":\"Domovsk\u00e1 str\u00e1nka\",\"item\":\"https:\/\/www.smedemokrati.sk\/\"},{\"@type\":\"ListItem\",\"position\":2,\"name\":\"Vl\u00e1da chce privatiz\u00e9rom prihra\u0165 mili\u00f3ny. O\u010dak\u00e1vame, \u017ee zasiahnu poslanci\"}]},{\"@type\":\"WebSite\",\"@id\":\"https:\/\/www.smedemokrati.sk\/#website\",\"url\":\"https:\/\/www.smedemokrati.sk\/\",\"name\":\"Smedemokrati.sk\",\"description\":\"Demokracia a slu\u0161nos\u0165 zv\u00ed\u0165az\u00ed\",\"publisher\":{\"@id\":\"https:\/\/www.smedemokrati.sk\/#organization\"},\"potentialAction\":[{\"@type\":\"SearchAction\",\"target\":{\"@type\":\"EntryPoint\",\"urlTemplate\":\"https:\/\/www.smedemokrati.sk\/?s={search_term_string}\"},\"query-input\":{\"@type\":\"PropertyValueSpecification\",\"valueRequired\":true,\"valueName\":\"search_term_string\"}}],\"inLanguage\":\"en-US\"},{\"@type\":\"Organization\",\"@id\":\"https:\/\/www.smedemokrati.sk\/#organization\",\"name\":\"Smedemokrati.sk\",\"url\":\"https:\/\/www.smedemokrati.sk\/\",\"logo\":{\"@type\":\"ImageObject\",\"inLanguage\":\"en-US\",\"@id\":\"https:\/\/www.smedemokrati.sk\/#\/schema\/logo\/image\/\",\"url\":\"https:\/\/www.smedemokrati.sk\/wp-content\/uploads\/2023\/04\/ff.002.jpeg\",\"contentUrl\":\"https:\/\/www.smedemokrati.sk\/wp-content\/uploads\/2023\/04\/ff.002.jpeg\",\"width\":640,\"height\":480,\"caption\":\"Smedemokrati.sk\"},\"image\":{\"@id\":\"https:\/\/www.smedemokrati.sk\/#\/schema\/logo\/image\/\"},\"sameAs\":[\"https:\/\/www.facebook.com\/smedemokrati2023\"]},{\"@type\":\"Person\",\"@id\":\"https:\/\/www.smedemokrati.sk\/#\/schema\/person\/c60720f4b9955b3c1ed222ebd1fbbc7c\",\"name\":\"Tom\u00e1\u0161 Koppl\",\"image\":{\"@type\":\"ImageObject\",\"inLanguage\":\"en-US\",\"@id\":\"https:\/\/secure.gravatar.com\/avatar\/8dfa38373c5e39821baf74c8e867a6f12e12c6dab6559aa999d10703b0b1c4ce?s=96&d=mm&r=g\",\"url\":\"https:\/\/secure.gravatar.com\/avatar\/8dfa38373c5e39821baf74c8e867a6f12e12c6dab6559aa999d10703b0b1c4ce?s=96&d=mm&r=g\",\"contentUrl\":\"https:\/\/secure.gravatar.com\/avatar\/8dfa38373c5e39821baf74c8e867a6f12e12c6dab6559aa999d10703b0b1c4ce?s=96&d=mm&r=g\",\"caption\":\"Tom\u00e1\u0161 Koppl\"},\"url\":\"https:\/\/www.smedemokrati.sk\/en\/author\/tomaskoppl\/\"}]}<\/script>\n<!-- \/ Yoast SEO plugin. -->","yoast_head_json":{"title":"Vl\u00e1da chce privatiz\u00e9rom prihra\u0165 mili\u00f3ny. O\u010dak\u00e1vame, \u017ee zasiahnu poslanci - Smedemokrati.sk","robots":{"index":"index","follow":"follow","max-snippet":"max-snippet:-1","max-image-preview":"max-image-preview:large","max-video-preview":"max-video-preview:-1"},"canonical":"https:\/\/www.smedemokrati.sk\/en\/vlada-chce-privatizerom-prihrat-miliony-ocakavame-ze-zasiahnu-poslanci\/","og_locale":"en_US","og_type":"article","og_title":"Vl\u00e1da chce privatiz\u00e9rom prihra\u0165 mili\u00f3ny. O\u010dak\u00e1vame, \u017ee zasiahnu poslanci - Smedemokrati.sk","og_description":"Demokrati sa obracaj\u00fa na poslancov NR SR vo veci vl\u00e1dneho n\u00e1vrhu novely z\u00e1kona o niektor\u00fdch opatreniach na \u00faseku environment\u00e1lnej z\u00e1\u0165a\u017ee, ktorou sa pren\u00e1\u0161aj\u00fa n\u00e1klady na ich san\u00e1ciu v omnoho v\u00e4\u010d\u0161ej miere ako doteraz na \u0161t\u00e1t.\u00a0 Schv\u00e1lenie n\u00e1vrhu z\u00e1kona by znamenalo, \u017ee podnikate\u013eom, spravidla pr\u00e1vnym n\u00e1stupcom privatiz\u00e9rov b\u00fdval\u00fdch \u0161t\u00e1tnych podnikov, ktor\u00e9 predstavuj\u00fa najv\u00e4\u010d\u0161ie environment\u00e1lne z\u00e1\u0165a\u017ee, \u201eprihr\u00e1\u201c [&hellip;]","og_url":"https:\/\/www.smedemokrati.sk\/en\/vlada-chce-privatizerom-prihrat-miliony-ocakavame-ze-zasiahnu-poslanci\/","og_site_name":"Smedemokrati.sk","article_publisher":"https:\/\/www.facebook.com\/smedemokrati2023","article_published_time":"2023-12-07T13:47:30+00:00","article_modified_time":"2023-12-07T13:47:31+00:00","og_image":[{"width":1520,"height":1080,"url":"https:\/\/www.smedemokrati.sk\/wp-content\/uploads\/2023\/04\/MKica.jpg","type":"image\/jpeg"}],"author":"Tom\u00e1\u0161 Koppl","twitter_card":"summary_large_image","twitter_misc":{"Written by":"Tom\u00e1\u0161 Koppl","Est. reading time":"2 minutes"},"schema":{"@context":"https:\/\/schema.org","@graph":[{"@type":"Article","@id":"https:\/\/www.smedemokrati.sk\/vlada-chce-privatizerom-prihrat-miliony-ocakavame-ze-zasiahnu-poslanci\/#article","isPartOf":{"@id":"https:\/\/www.smedemokrati.sk\/vlada-chce-privatizerom-prihrat-miliony-ocakavame-ze-zasiahnu-poslanci\/"},"author":{"name":"Tom\u00e1\u0161 Koppl","@id":"https:\/\/www.smedemokrati.sk\/#\/schema\/person\/c60720f4b9955b3c1ed222ebd1fbbc7c"},"headline":"Vl\u00e1da chce privatiz\u00e9rom prihra\u0165 mili\u00f3ny. O\u010dak\u00e1vame, \u017ee zasiahnu poslanci","datePublished":"2023-12-07T13:47:30+00:00","dateModified":"2023-12-07T13:47:31+00:00","mainEntityOfPage":{"@id":"https:\/\/www.smedemokrati.sk\/vlada-chce-privatizerom-prihrat-miliony-ocakavame-ze-zasiahnu-poslanci\/"},"wordCount":452,"publisher":{"@id":"https:\/\/www.smedemokrati.sk\/#organization"},"image":{"@id":"https:\/\/www.smedemokrati.sk\/vlada-chce-privatizerom-prihrat-miliony-ocakavame-ze-zasiahnu-poslanci\/#primaryimage"},"thumbnailUrl":"https:\/\/www.smedemokrati.sk\/wp-content\/uploads\/2023\/04\/MKica.jpg","articleSection":["Tla\u010dov\u00e9 spr\u00e1vy"],"inLanguage":"en-US"},{"@type":"WebPage","@id":"https:\/\/www.smedemokrati.sk\/vlada-chce-privatizerom-prihrat-miliony-ocakavame-ze-zasiahnu-poslanci\/","url":"https:\/\/www.smedemokrati.sk\/vlada-chce-privatizerom-prihrat-miliony-ocakavame-ze-zasiahnu-poslanci\/","name":"Vl\u00e1da chce privatiz\u00e9rom prihra\u0165 mili\u00f3ny. O\u010dak\u00e1vame, \u017ee zasiahnu poslanci - Smedemokrati.sk","isPartOf":{"@id":"https:\/\/www.smedemokrati.sk\/#website"},"primaryImageOfPage":{"@id":"https:\/\/www.smedemokrati.sk\/vlada-chce-privatizerom-prihrat-miliony-ocakavame-ze-zasiahnu-poslanci\/#primaryimage"},"image":{"@id":"https:\/\/www.smedemokrati.sk\/vlada-chce-privatizerom-prihrat-miliony-ocakavame-ze-zasiahnu-poslanci\/#primaryimage"},"thumbnailUrl":"https:\/\/www.smedemokrati.sk\/wp-content\/uploads\/2023\/04\/MKica.jpg","datePublished":"2023-12-07T13:47:30+00:00","dateModified":"2023-12-07T13:47:31+00:00","breadcrumb":{"@id":"https:\/\/www.smedemokrati.sk\/vlada-chce-privatizerom-prihrat-miliony-ocakavame-ze-zasiahnu-poslanci\/#breadcrumb"},"inLanguage":"en-US","potentialAction":[{"@type":"ReadAction","target":["https:\/\/www.smedemokrati.sk\/vlada-chce-privatizerom-prihrat-miliony-ocakavame-ze-zasiahnu-poslanci\/"]}]},{"@type":"ImageObject","inLanguage":"en-US","@id":"https:\/\/www.smedemokrati.sk\/vlada-chce-privatizerom-prihrat-miliony-ocakavame-ze-zasiahnu-poslanci\/#primaryimage","url":"https:\/\/www.smedemokrati.sk\/wp-content\/uploads\/2023\/04\/MKica.jpg","contentUrl":"https:\/\/www.smedemokrati.sk\/wp-content\/uploads\/2023\/04\/MKica.jpg","width":1520,"height":1080},{"@type":"BreadcrumbList","@id":"https:\/\/www.smedemokrati.sk\/vlada-chce-privatizerom-prihrat-miliony-ocakavame-ze-zasiahnu-poslanci\/#breadcrumb","itemListElement":[{"@type":"ListItem","position":1,"name":"Domovsk\u00e1 str\u00e1nka","item":"https:\/\/www.smedemokrati.sk\/"},{"@type":"ListItem","position":2,"name":"Vl\u00e1da chce privatiz\u00e9rom prihra\u0165 mili\u00f3ny. O\u010dak\u00e1vame, \u017ee zasiahnu poslanci"}]},{"@type":"WebSite","@id":"https:\/\/www.smedemokrati.sk\/#website","url":"https:\/\/www.smedemokrati.sk\/","name":"Smedemokrati.sk","description":"Demokracia a slu\u0161nos\u0165 zv\u00ed\u0165az\u00ed","publisher":{"@id":"https:\/\/www.smedemokrati.sk\/#organization"},"potentialAction":[{"@type":"SearchAction","target":{"@type":"EntryPoint","urlTemplate":"https:\/\/www.smedemokrati.sk\/?s={search_term_string}"},"query-input":{"@type":"PropertyValueSpecification","valueRequired":true,"valueName":"search_term_string"}}],"inLanguage":"en-US"},{"@type":"Organization","@id":"https:\/\/www.smedemokrati.sk\/#organization","name":"Smedemokrati.sk","url":"https:\/\/www.smedemokrati.sk\/","logo":{"@type":"ImageObject","inLanguage":"en-US","@id":"https:\/\/www.smedemokrati.sk\/#\/schema\/logo\/image\/","url":"https:\/\/www.smedemokrati.sk\/wp-content\/uploads\/2023\/04\/ff.002.jpeg","contentUrl":"https:\/\/www.smedemokrati.sk\/wp-content\/uploads\/2023\/04\/ff.002.jpeg","width":640,"height":480,"caption":"Smedemokrati.sk"},"image":{"@id":"https:\/\/www.smedemokrati.sk\/#\/schema\/logo\/image\/"},"sameAs":["https:\/\/www.facebook.com\/smedemokrati2023"]},{"@type":"Person","@id":"https:\/\/www.smedemokrati.sk\/#\/schema\/person\/c60720f4b9955b3c1ed222ebd1fbbc7c","name":"Tom\u00e1\u0161 Koppl","image":{"@type":"ImageObject","inLanguage":"en-US","@id":"https:\/\/secure.gravatar.com\/avatar\/8dfa38373c5e39821baf74c8e867a6f12e12c6dab6559aa999d10703b0b1c4ce?s=96&d=mm&r=g","url":"https:\/\/secure.gravatar.com\/avatar\/8dfa38373c5e39821baf74c8e867a6f12e12c6dab6559aa999d10703b0b1c4ce?s=96&d=mm&r=g","contentUrl":"https:\/\/secure.gravatar.com\/avatar\/8dfa38373c5e39821baf74c8e867a6f12e12c6dab6559aa999d10703b0b1c4ce?s=96&d=mm&r=g","caption":"Tom\u00e1\u0161 Koppl"},"url":"https:\/\/www.smedemokrati.sk\/en\/author\/tomaskoppl\/"}]}},"_links":{"self":[{"href":"https:\/\/www.smedemokrati.sk\/en\/wp-json\/wp\/v2\/posts\/2410","targetHints":{"allow":["GET"]}}],"collection":[{"href":"https:\/\/www.smedemokrati.sk\/en\/wp-json\/wp\/v2\/posts"}],"about":[{"href":"https:\/\/www.smedemokrati.sk\/en\/wp-json\/wp\/v2\/types\/post"}],"author":[{"embeddable":true,"href":"https:\/\/www.smedemokrati.sk\/en\/wp-json\/wp\/v2\/users\/7"}],"replies":[{"embeddable":true,"href":"https:\/\/www.smedemokrati.sk\/en\/wp-json\/wp\/v2\/comments?post=2410"}],"version-history":[{"count":1,"href":"https:\/\/www.smedemokrati.sk\/en\/wp-json\/wp\/v2\/posts\/2410\/revisions"}],"predecessor-version":[{"id":2411,"href":"https:\/\/www.smedemokrati.sk\/en\/wp-json\/wp\/v2\/posts\/2410\/revisions\/2411"}],"wp:featuredmedia":[{"embeddable":true,"href":"https:\/\/www.smedemokrati.sk\/en\/wp-json\/wp\/v2\/media\/385"}],"wp:attachment":[{"href":"https:\/\/www.smedemokrati.sk\/en\/wp-json\/wp\/v2\/media?parent=2410"}],"wp:term":[{"taxonomy":"category","embeddable":true,"href":"https:\/\/www.smedemokrati.sk\/en\/wp-json\/wp\/v2\/categories?post=2410"},{"taxonomy":"post_tag","embeddable":true,"href":"https:\/\/www.smedemokrati.sk\/en\/wp-json\/wp\/v2\/tags?post=2410"}],"curies":[{"name":"wp","href":"https:\/\/api.w.org\/{rel}","templated":true}]}}