{"id":2313,"date":"2023-11-15T10:29:00","date_gmt":"2023-11-15T08:29:00","guid":{"rendered":"https:\/\/www.smedemokrati.sk\/?p=2313"},"modified":"2023-11-15T10:29:00","modified_gmt":"2023-11-15T08:29:00","slug":"to-co-v-kampani-slubovali-po-volbach-rychlo-zabudli","status":"publish","type":"post","link":"https:\/\/www.smedemokrati.sk\/en\/to-co-v-kampani-slubovali-po-volbach-rychlo-zabudli\/","title":{"rendered":"To, \u010do v kampani s\u013eubovali, po vo\u013eb\u00e1ch r\u00fdchlo zabudli"},"content":{"rendered":"<div id=\"fb-root\"><\/div>\n\n<p><strong>Strana Demokrati pova\u017euje Programov\u00e9 vyhl\u00e1senie vl\u00e1dy Roberta Fica za pr\u00edli\u0161 nekonkr\u00e9tne a \u0165a\u017eko merate\u013en\u00e9. Okrem toho strana vy\u010d\u00edta vl\u00e1dnym predstavite\u013eom, \u017ee materi\u00e1l je pln\u00fd v\u0161eobj\u00edmaj\u00facich s\u013eubov, ktor\u00fdmi chce vl\u00e1da zalepi\u0165 o\u010di verejnosti od vlastn\u00fdch klamstiev a zlyhan\u00ed.<\/strong><\/p>\n\n\n\n<p>Predseda Demokratov\u00a0<strong>Eduard<\/strong>\u00a0<strong>Heger<\/strong>\u00a0hovor\u00ed: <em>\u201eProgramov\u00e9 vyhl\u00e1senie Roberta Fica obsahuje v\u0161ehochu\u0165 \u2013 \u0161kandin\u00e1vske v\u00fddavky, anglosask\u00e9 dane a balk\u00e1nsku korupciu.\u201c<\/em>\u00a0B\u00fdval\u00fd premi\u00e9r ozna\u010dil materi\u00e1l za pln\u00fd s\u013eubov, ktor\u00fd je pr\u00edli\u0161 v\u0161eobecn\u00fd a nepopisuje realitu Slovenska. Komentoval tie\u017e, \u017ee drviv\u00e1 v\u00e4\u010d\u0161ina projektov a z\u00e1sadn\u00fdch reforiem, ktor\u00e9 za\u010dala pr\u00e1ve jeho vl\u00e1da, bude pokra\u010dova\u0165 aj za R. Fica.\u00a0Aj to mo\u017eno pova\u017eova\u0165 za d\u00f4kaz dobre nastaven\u00fdch procesov a krokov pre ob\u010danov Slovenska, ktor\u00e9 v\u0161ak boli nie tak d\u00e1vno s\u00fa\u010dasn\u00fdm predsedom vl\u00e1dy ostro kritizovan\u00e9.<\/p>\n\n\n\n<p>Exminister<strong>\u00a0Jaroslav<\/strong>\u00a0<strong>Na\u010f<\/strong>\u00a0hovor\u00ed, \u017ee vl\u00e1da pokra\u010duje a bude pokra\u010dova\u0165 v pomoci Ukrajine, \u010do je v pr\u00edkrom rozpore s predvolebn\u00fdmi s\u013eubmi Smeru.\u00a0<em>\u201eJednoducho nahradili pojem vojensk\u00e1 pomoc spojen\u00edm technick\u00e1 pomoc. Po\u010duli ste o tom, \u017ee by bol stopnut\u00fd napr\u00edklad projekt v\u00fdroby h\u00fafnic Zuzana 2? Tvrdenia, \u017ee vl\u00e1da neposiela vojensk\u00fd materi\u00e1l na Ukrajinu s\u00fa klamstvo. Ve\u010f na\u010falej posielame mun\u00edciu, ktor\u00fa vyr\u00e1ba \u0161t\u00e1tna zbrojovka.\u201c<\/em>\u00a0Podpredseda Demokratov tie\u017e upozornil, \u017ee v PVV nie s\u00fa ani len spomenut\u00e9 napr\u00edklad spojeneck\u00e9 vojsk\u00e1, ktor\u00e9 boli predt\u00fdm pod\u013ea Fica hrozbou \u010d\u00edsla jeden a ich pr\u00edtomnos\u0165ou stra\u0161il verejnos\u0165.<\/p>\n\n\n\n<p>Program vl\u00e1dy je pod\u013ea niekdaj\u0161ieho predsedu V\u00fdboru NR SR pre kult\u00faru a m\u00e9di\u00e1\u00a0<strong>Kristi\u00e1na<\/strong> <strong>\u010cekovsk\u00e9ho<\/strong>\u00a0predzves\u0165ou likvidovania nez\u00e1vislej kult\u00fary na Slovensku. Pod\u013ea \u010cekovsk\u00e9ho m\u00f4\u017eeme o\u010dak\u00e1va\u0165 z\u00e1sadn\u00fd z\u00e1sah do slobody tvorby, ale aj procesu rozde\u013eovania financi\u00ed. Upozornil tie\u017e, \u017ee po 13 rokoch fungovania, chc\u00fa op\u00e4\u0165 rozdeli\u0165 RTVS na Slovensk\u00fd rozhlas a Slovensk\u00fa telev\u00edziu. D\u00f4vody vo vl\u00e1dnom programe nielen\u017ee bli\u017e\u0161ie nevysvet\u013euje, ale tak\u00e9mu kroku doposia\u013e nepredch\u00e1dzala ani \u0161ir\u0161ia odborn\u00e1 diskusia:\u00a0<em>\u201eDomnievame sa, \u017ee jedin\u00fdm cie\u013eom tohto nepremyslen\u00e9ho kroku je snaha ob\u00eds\u0165 s\u00fa\u010dasn\u00e9 znenie z\u00e1kona o RTVS, vymeni\u0165 vedenie verejnopr\u00e1vneho m\u00e9di\u00e1 a do \u010dela oboch in\u0161tit\u00faci\u00ed dosadi\u0165 politrukov loj\u00e1lnych s\u00fa\u010dasnej vl\u00e1de.\u201c<\/em>\u00a0Uzavrel \u010cekovsk\u00fd.<\/p>\n\n\n\n<p>\u010clen predsedn\u00edctva\u00a0<strong>Juraj<\/strong>\u00a0<strong>\u0160eliga<\/strong>\u00a0ozna\u010duje PVV za program posty:\u00a0<em>\u201eZd\u00e1 sa, \u017ee vl\u00e1de sa nep\u00e1\u010di, \u017ee o sudcoch, prokur\u00e1toroch alebo not\u00e1roch rozhoduje nez\u00e1visl\u00fd a nestrann\u00fd s\u00fad. Okrem toho chc\u00fa zni\u017eova\u0165 tresty za korupciu, zv\u00fd\u0161i\u0165 mo\u017enos\u0165 vyk\u00fapi\u0165 sa z trestu a \u010fal\u0161ie \u00fa\u010delov\u00e9 opatrenia, ktor\u00e9 nepom\u00f4\u017eu Slovensku, nanajv\u00fd\u0161 skupine vyvolen\u00fdch.\u201c<\/em>\u00a0Povedal \u0160eliga\u00a0a dodal, \u017ee snaha ovl\u00e1dnu\u0165 spravodlivos\u0165 bude zrejme nie\u010do, na \u010do sa pri R. Ficovi budeme m\u00f4c\u0165 spo\u013eahn\u00fa\u0165.<\/p>\n","protected":false},"excerpt":{"rendered":"<p>Strana Demokrati pova\u017euje Programov\u00e9 vyhl\u00e1senie vl\u00e1dy Roberta Fica za pr\u00edli\u0161 nekonkr\u00e9tne a \u0165a\u017eko merate\u013en\u00e9. Okrem toho strana vy\u010d\u00edta vl\u00e1dnym predstavite\u013eom, \u017ee materi\u00e1l je pln\u00fd v\u0161eobj\u00edmaj\u00facich s\u013eubov, ktor\u00fdmi chce vl\u00e1da zalepi\u0165 o\u010di verejnosti od vlastn\u00fdch klamstiev a zlyhan\u00ed. Predseda Demokratov\u00a0Eduard\u00a0Heger\u00a0hovor\u00ed: \u201eProgramov\u00e9 vyhl\u00e1senie Roberta Fica obsahuje v\u0161ehochu\u0165 \u2013 \u0161kandin\u00e1vske v\u00fddavky, anglosask\u00e9 dane a balk\u00e1nsku korupciu.\u201c\u00a0B\u00fdval\u00fd premi\u00e9r ozna\u010dil [&hellip;]<\/p>\n","protected":false},"author":7,"featured_media":2034,"comment_status":"closed","ping_status":"closed","sticky":false,"template":"","format":"standard","meta":{"_acf_changed":false,"ngg_post_thumbnail":0,"footnotes":""},"categories":[4],"tags":[],"class_list":["post-2313","post","type-post","status-publish","format-standard","has-post-thumbnail","hentry","category-tlacove-spravy"],"acf":[],"yoast_head":"<!-- This site is optimized with the Yoast SEO plugin v27.2 - https:\/\/yoast.com\/product\/yoast-seo-wordpress\/ -->\n<title>To, \u010do v kampani s\u013eubovali, po vo\u013eb\u00e1ch r\u00fdchlo zabudli - Smedemokrati.sk<\/title>\n<meta name=\"robots\" content=\"index, follow, max-snippet:-1, max-image-preview:large, max-video-preview:-1\" \/>\n<link rel=\"canonical\" href=\"https:\/\/www.smedemokrati.sk\/en\/to-co-v-kampani-slubovali-po-volbach-rychlo-zabudli\/\" \/>\n<meta property=\"og:locale\" content=\"en_US\" \/>\n<meta property=\"og:locale:alternate\" content=\"cs_CZ\" \/>\n<meta property=\"og:locale:alternate\" content=\"hu_HU\" \/>\n<meta property=\"og:locale:alternate\" content=\"sk_SK\" \/>\n<meta property=\"og:locale:alternate\" content=\"sv_SE\" \/>\n<meta property=\"og:type\" content=\"article\" \/>\n<meta property=\"og:title\" content=\"To, \u010do v kampani s\u013eubovali, po vo\u013eb\u00e1ch r\u00fdchlo zabudli - Smedemokrati.sk\" \/>\n<meta property=\"og:description\" content=\"Strana Demokrati pova\u017euje Programov\u00e9 vyhl\u00e1senie vl\u00e1dy Roberta Fica za pr\u00edli\u0161 nekonkr\u00e9tne a \u0165a\u017eko merate\u013en\u00e9. Okrem toho strana vy\u010d\u00edta vl\u00e1dnym predstavite\u013eom, \u017ee materi\u00e1l je pln\u00fd v\u0161eobj\u00edmaj\u00facich s\u013eubov, ktor\u00fdmi chce vl\u00e1da zalepi\u0165 o\u010di verejnosti od vlastn\u00fdch klamstiev a zlyhan\u00ed. Predseda Demokratov\u00a0Eduard\u00a0Heger\u00a0hovor\u00ed: \u201eProgramov\u00e9 vyhl\u00e1senie Roberta Fica obsahuje v\u0161ehochu\u0165 \u2013 \u0161kandin\u00e1vske v\u00fddavky, anglosask\u00e9 dane a balk\u00e1nsku korupciu.\u201c\u00a0B\u00fdval\u00fd premi\u00e9r ozna\u010dil [&hellip;]\" \/>\n<meta property=\"og:url\" content=\"https:\/\/www.smedemokrati.sk\/en\/to-co-v-kampani-slubovali-po-volbach-rychlo-zabudli\/\" \/>\n<meta property=\"og:site_name\" content=\"Smedemokrati.sk\" \/>\n<meta property=\"article:publisher\" content=\"https:\/\/www.facebook.com\/smedemokrati2023\" \/>\n<meta property=\"article:published_time\" content=\"2023-11-15T08:29:00+00:00\" \/>\n<meta property=\"og:image\" content=\"https:\/\/www.smedemokrati.sk\/wp-content\/uploads\/2023\/09\/Screenshot-2023-09-22-at-13.43.35.jpg\" \/>\n\t<meta property=\"og:image:width\" content=\"1898\" \/>\n\t<meta property=\"og:image:height\" content=\"1061\" \/>\n\t<meta property=\"og:image:type\" content=\"image\/jpeg\" \/>\n<meta name=\"author\" content=\"Tom\u00e1\u0161 Koppl\" \/>\n<meta name=\"twitter:card\" content=\"summary_large_image\" \/>\n<meta name=\"twitter:label1\" content=\"Written by\" \/>\n\t<meta name=\"twitter:data1\" content=\"Tom\u00e1\u0161 Koppl\" \/>\n\t<meta name=\"twitter:label2\" content=\"Est. reading time\" \/>\n\t<meta name=\"twitter:data2\" content=\"3 minutes\" \/>\n<script type=\"application\/ld+json\" class=\"yoast-schema-graph\">{\"@context\":\"https:\/\/schema.org\",\"@graph\":[{\"@type\":\"Article\",\"@id\":\"https:\/\/www.smedemokrati.sk\/to-co-v-kampani-slubovali-po-volbach-rychlo-zabudli\/#article\",\"isPartOf\":{\"@id\":\"https:\/\/www.smedemokrati.sk\/to-co-v-kampani-slubovali-po-volbach-rychlo-zabudli\/\"},\"author\":{\"name\":\"Tom\u00e1\u0161 Koppl\",\"@id\":\"https:\/\/www.smedemokrati.sk\/#\/schema\/person\/c60720f4b9955b3c1ed222ebd1fbbc7c\"},\"headline\":\"To, \u010do v kampani s\u013eubovali, po vo\u013eb\u00e1ch r\u00fdchlo zabudli\",\"datePublished\":\"2023-11-15T08:29:00+00:00\",\"mainEntityOfPage\":{\"@id\":\"https:\/\/www.smedemokrati.sk\/to-co-v-kampani-slubovali-po-volbach-rychlo-zabudli\/\"},\"wordCount\":516,\"publisher\":{\"@id\":\"https:\/\/www.smedemokrati.sk\/#organization\"},\"image\":{\"@id\":\"https:\/\/www.smedemokrati.sk\/to-co-v-kampani-slubovali-po-volbach-rychlo-zabudli\/#primaryimage\"},\"thumbnailUrl\":\"https:\/\/www.smedemokrati.sk\/wp-content\/uploads\/2023\/09\/Screenshot-2023-09-22-at-13.43.35.jpg\",\"articleSection\":[\"Tla\u010dov\u00e9 spr\u00e1vy\"],\"inLanguage\":\"en-US\"},{\"@type\":\"WebPage\",\"@id\":\"https:\/\/www.smedemokrati.sk\/to-co-v-kampani-slubovali-po-volbach-rychlo-zabudli\/\",\"url\":\"https:\/\/www.smedemokrati.sk\/to-co-v-kampani-slubovali-po-volbach-rychlo-zabudli\/\",\"name\":\"To, \u010do v kampani s\u013eubovali, po vo\u013eb\u00e1ch r\u00fdchlo zabudli - Smedemokrati.sk\",\"isPartOf\":{\"@id\":\"https:\/\/www.smedemokrati.sk\/#website\"},\"primaryImageOfPage\":{\"@id\":\"https:\/\/www.smedemokrati.sk\/to-co-v-kampani-slubovali-po-volbach-rychlo-zabudli\/#primaryimage\"},\"image\":{\"@id\":\"https:\/\/www.smedemokrati.sk\/to-co-v-kampani-slubovali-po-volbach-rychlo-zabudli\/#primaryimage\"},\"thumbnailUrl\":\"https:\/\/www.smedemokrati.sk\/wp-content\/uploads\/2023\/09\/Screenshot-2023-09-22-at-13.43.35.jpg\",\"datePublished\":\"2023-11-15T08:29:00+00:00\",\"breadcrumb\":{\"@id\":\"https:\/\/www.smedemokrati.sk\/to-co-v-kampani-slubovali-po-volbach-rychlo-zabudli\/#breadcrumb\"},\"inLanguage\":\"en-US\",\"potentialAction\":[{\"@type\":\"ReadAction\",\"target\":[\"https:\/\/www.smedemokrati.sk\/to-co-v-kampani-slubovali-po-volbach-rychlo-zabudli\/\"]}]},{\"@type\":\"ImageObject\",\"inLanguage\":\"en-US\",\"@id\":\"https:\/\/www.smedemokrati.sk\/to-co-v-kampani-slubovali-po-volbach-rychlo-zabudli\/#primaryimage\",\"url\":\"https:\/\/www.smedemokrati.sk\/wp-content\/uploads\/2023\/09\/Screenshot-2023-09-22-at-13.43.35.jpg\",\"contentUrl\":\"https:\/\/www.smedemokrati.sk\/wp-content\/uploads\/2023\/09\/Screenshot-2023-09-22-at-13.43.35.jpg\",\"width\":1898,\"height\":1061},{\"@type\":\"BreadcrumbList\",\"@id\":\"https:\/\/www.smedemokrati.sk\/to-co-v-kampani-slubovali-po-volbach-rychlo-zabudli\/#breadcrumb\",\"itemListElement\":[{\"@type\":\"ListItem\",\"position\":1,\"name\":\"Domovsk\u00e1 str\u00e1nka\",\"item\":\"https:\/\/www.smedemokrati.sk\/\"},{\"@type\":\"ListItem\",\"position\":2,\"name\":\"To, \u010do v kampani s\u013eubovali, po vo\u013eb\u00e1ch r\u00fdchlo zabudli\"}]},{\"@type\":\"WebSite\",\"@id\":\"https:\/\/www.smedemokrati.sk\/#website\",\"url\":\"https:\/\/www.smedemokrati.sk\/\",\"name\":\"Smedemokrati.sk\",\"description\":\"Demokracia a slu\u0161nos\u0165 zv\u00ed\u0165az\u00ed\",\"publisher\":{\"@id\":\"https:\/\/www.smedemokrati.sk\/#organization\"},\"potentialAction\":[{\"@type\":\"SearchAction\",\"target\":{\"@type\":\"EntryPoint\",\"urlTemplate\":\"https:\/\/www.smedemokrati.sk\/?s={search_term_string}\"},\"query-input\":{\"@type\":\"PropertyValueSpecification\",\"valueRequired\":true,\"valueName\":\"search_term_string\"}}],\"inLanguage\":\"en-US\"},{\"@type\":\"Organization\",\"@id\":\"https:\/\/www.smedemokrati.sk\/#organization\",\"name\":\"Smedemokrati.sk\",\"url\":\"https:\/\/www.smedemokrati.sk\/\",\"logo\":{\"@type\":\"ImageObject\",\"inLanguage\":\"en-US\",\"@id\":\"https:\/\/www.smedemokrati.sk\/#\/schema\/logo\/image\/\",\"url\":\"https:\/\/www.smedemokrati.sk\/wp-content\/uploads\/2023\/04\/ff.002.jpeg\",\"contentUrl\":\"https:\/\/www.smedemokrati.sk\/wp-content\/uploads\/2023\/04\/ff.002.jpeg\",\"width\":640,\"height\":480,\"caption\":\"Smedemokrati.sk\"},\"image\":{\"@id\":\"https:\/\/www.smedemokrati.sk\/#\/schema\/logo\/image\/\"},\"sameAs\":[\"https:\/\/www.facebook.com\/smedemokrati2023\"]},{\"@type\":\"Person\",\"@id\":\"https:\/\/www.smedemokrati.sk\/#\/schema\/person\/c60720f4b9955b3c1ed222ebd1fbbc7c\",\"name\":\"Tom\u00e1\u0161 Koppl\",\"image\":{\"@type\":\"ImageObject\",\"inLanguage\":\"en-US\",\"@id\":\"https:\/\/secure.gravatar.com\/avatar\/8dfa38373c5e39821baf74c8e867a6f12e12c6dab6559aa999d10703b0b1c4ce?s=96&d=mm&r=g\",\"url\":\"https:\/\/secure.gravatar.com\/avatar\/8dfa38373c5e39821baf74c8e867a6f12e12c6dab6559aa999d10703b0b1c4ce?s=96&d=mm&r=g\",\"contentUrl\":\"https:\/\/secure.gravatar.com\/avatar\/8dfa38373c5e39821baf74c8e867a6f12e12c6dab6559aa999d10703b0b1c4ce?s=96&d=mm&r=g\",\"caption\":\"Tom\u00e1\u0161 Koppl\"},\"url\":\"https:\/\/www.smedemokrati.sk\/en\/author\/tomaskoppl\/\"}]}<\/script>\n<!-- \/ Yoast SEO plugin. -->","yoast_head_json":{"title":"To, \u010do v kampani s\u013eubovali, po vo\u013eb\u00e1ch r\u00fdchlo zabudli - Smedemokrati.sk","robots":{"index":"index","follow":"follow","max-snippet":"max-snippet:-1","max-image-preview":"max-image-preview:large","max-video-preview":"max-video-preview:-1"},"canonical":"https:\/\/www.smedemokrati.sk\/en\/to-co-v-kampani-slubovali-po-volbach-rychlo-zabudli\/","og_locale":"en_US","og_type":"article","og_title":"To, \u010do v kampani s\u013eubovali, po vo\u013eb\u00e1ch r\u00fdchlo zabudli - Smedemokrati.sk","og_description":"Strana Demokrati pova\u017euje Programov\u00e9 vyhl\u00e1senie vl\u00e1dy Roberta Fica za pr\u00edli\u0161 nekonkr\u00e9tne a \u0165a\u017eko merate\u013en\u00e9. Okrem toho strana vy\u010d\u00edta vl\u00e1dnym predstavite\u013eom, \u017ee materi\u00e1l je pln\u00fd v\u0161eobj\u00edmaj\u00facich s\u013eubov, ktor\u00fdmi chce vl\u00e1da zalepi\u0165 o\u010di verejnosti od vlastn\u00fdch klamstiev a zlyhan\u00ed. Predseda Demokratov\u00a0Eduard\u00a0Heger\u00a0hovor\u00ed: \u201eProgramov\u00e9 vyhl\u00e1senie Roberta Fica obsahuje v\u0161ehochu\u0165 \u2013 \u0161kandin\u00e1vske v\u00fddavky, anglosask\u00e9 dane a balk\u00e1nsku korupciu.\u201c\u00a0B\u00fdval\u00fd premi\u00e9r ozna\u010dil [&hellip;]","og_url":"https:\/\/www.smedemokrati.sk\/en\/to-co-v-kampani-slubovali-po-volbach-rychlo-zabudli\/","og_site_name":"Smedemokrati.sk","article_publisher":"https:\/\/www.facebook.com\/smedemokrati2023","article_published_time":"2023-11-15T08:29:00+00:00","og_image":[{"width":1898,"height":1061,"url":"https:\/\/www.smedemokrati.sk\/wp-content\/uploads\/2023\/09\/Screenshot-2023-09-22-at-13.43.35.jpg","type":"image\/jpeg"}],"author":"Tom\u00e1\u0161 Koppl","twitter_card":"summary_large_image","twitter_misc":{"Written by":"Tom\u00e1\u0161 Koppl","Est. reading time":"3 minutes"},"schema":{"@context":"https:\/\/schema.org","@graph":[{"@type":"Article","@id":"https:\/\/www.smedemokrati.sk\/to-co-v-kampani-slubovali-po-volbach-rychlo-zabudli\/#article","isPartOf":{"@id":"https:\/\/www.smedemokrati.sk\/to-co-v-kampani-slubovali-po-volbach-rychlo-zabudli\/"},"author":{"name":"Tom\u00e1\u0161 Koppl","@id":"https:\/\/www.smedemokrati.sk\/#\/schema\/person\/c60720f4b9955b3c1ed222ebd1fbbc7c"},"headline":"To, \u010do v kampani s\u013eubovali, po vo\u013eb\u00e1ch r\u00fdchlo zabudli","datePublished":"2023-11-15T08:29:00+00:00","mainEntityOfPage":{"@id":"https:\/\/www.smedemokrati.sk\/to-co-v-kampani-slubovali-po-volbach-rychlo-zabudli\/"},"wordCount":516,"publisher":{"@id":"https:\/\/www.smedemokrati.sk\/#organization"},"image":{"@id":"https:\/\/www.smedemokrati.sk\/to-co-v-kampani-slubovali-po-volbach-rychlo-zabudli\/#primaryimage"},"thumbnailUrl":"https:\/\/www.smedemokrati.sk\/wp-content\/uploads\/2023\/09\/Screenshot-2023-09-22-at-13.43.35.jpg","articleSection":["Tla\u010dov\u00e9 spr\u00e1vy"],"inLanguage":"en-US"},{"@type":"WebPage","@id":"https:\/\/www.smedemokrati.sk\/to-co-v-kampani-slubovali-po-volbach-rychlo-zabudli\/","url":"https:\/\/www.smedemokrati.sk\/to-co-v-kampani-slubovali-po-volbach-rychlo-zabudli\/","name":"To, \u010do v kampani s\u013eubovali, po vo\u013eb\u00e1ch r\u00fdchlo zabudli - Smedemokrati.sk","isPartOf":{"@id":"https:\/\/www.smedemokrati.sk\/#website"},"primaryImageOfPage":{"@id":"https:\/\/www.smedemokrati.sk\/to-co-v-kampani-slubovali-po-volbach-rychlo-zabudli\/#primaryimage"},"image":{"@id":"https:\/\/www.smedemokrati.sk\/to-co-v-kampani-slubovali-po-volbach-rychlo-zabudli\/#primaryimage"},"thumbnailUrl":"https:\/\/www.smedemokrati.sk\/wp-content\/uploads\/2023\/09\/Screenshot-2023-09-22-at-13.43.35.jpg","datePublished":"2023-11-15T08:29:00+00:00","breadcrumb":{"@id":"https:\/\/www.smedemokrati.sk\/to-co-v-kampani-slubovali-po-volbach-rychlo-zabudli\/#breadcrumb"},"inLanguage":"en-US","potentialAction":[{"@type":"ReadAction","target":["https:\/\/www.smedemokrati.sk\/to-co-v-kampani-slubovali-po-volbach-rychlo-zabudli\/"]}]},{"@type":"ImageObject","inLanguage":"en-US","@id":"https:\/\/www.smedemokrati.sk\/to-co-v-kampani-slubovali-po-volbach-rychlo-zabudli\/#primaryimage","url":"https:\/\/www.smedemokrati.sk\/wp-content\/uploads\/2023\/09\/Screenshot-2023-09-22-at-13.43.35.jpg","contentUrl":"https:\/\/www.smedemokrati.sk\/wp-content\/uploads\/2023\/09\/Screenshot-2023-09-22-at-13.43.35.jpg","width":1898,"height":1061},{"@type":"BreadcrumbList","@id":"https:\/\/www.smedemokrati.sk\/to-co-v-kampani-slubovali-po-volbach-rychlo-zabudli\/#breadcrumb","itemListElement":[{"@type":"ListItem","position":1,"name":"Domovsk\u00e1 str\u00e1nka","item":"https:\/\/www.smedemokrati.sk\/"},{"@type":"ListItem","position":2,"name":"To, \u010do v kampani s\u013eubovali, po vo\u013eb\u00e1ch r\u00fdchlo zabudli"}]},{"@type":"WebSite","@id":"https:\/\/www.smedemokrati.sk\/#website","url":"https:\/\/www.smedemokrati.sk\/","name":"Smedemokrati.sk","description":"Demokracia a slu\u0161nos\u0165 zv\u00ed\u0165az\u00ed","publisher":{"@id":"https:\/\/www.smedemokrati.sk\/#organization"},"potentialAction":[{"@type":"SearchAction","target":{"@type":"EntryPoint","urlTemplate":"https:\/\/www.smedemokrati.sk\/?s={search_term_string}"},"query-input":{"@type":"PropertyValueSpecification","valueRequired":true,"valueName":"search_term_string"}}],"inLanguage":"en-US"},{"@type":"Organization","@id":"https:\/\/www.smedemokrati.sk\/#organization","name":"Smedemokrati.sk","url":"https:\/\/www.smedemokrati.sk\/","logo":{"@type":"ImageObject","inLanguage":"en-US","@id":"https:\/\/www.smedemokrati.sk\/#\/schema\/logo\/image\/","url":"https:\/\/www.smedemokrati.sk\/wp-content\/uploads\/2023\/04\/ff.002.jpeg","contentUrl":"https:\/\/www.smedemokrati.sk\/wp-content\/uploads\/2023\/04\/ff.002.jpeg","width":640,"height":480,"caption":"Smedemokrati.sk"},"image":{"@id":"https:\/\/www.smedemokrati.sk\/#\/schema\/logo\/image\/"},"sameAs":["https:\/\/www.facebook.com\/smedemokrati2023"]},{"@type":"Person","@id":"https:\/\/www.smedemokrati.sk\/#\/schema\/person\/c60720f4b9955b3c1ed222ebd1fbbc7c","name":"Tom\u00e1\u0161 Koppl","image":{"@type":"ImageObject","inLanguage":"en-US","@id":"https:\/\/secure.gravatar.com\/avatar\/8dfa38373c5e39821baf74c8e867a6f12e12c6dab6559aa999d10703b0b1c4ce?s=96&d=mm&r=g","url":"https:\/\/secure.gravatar.com\/avatar\/8dfa38373c5e39821baf74c8e867a6f12e12c6dab6559aa999d10703b0b1c4ce?s=96&d=mm&r=g","contentUrl":"https:\/\/secure.gravatar.com\/avatar\/8dfa38373c5e39821baf74c8e867a6f12e12c6dab6559aa999d10703b0b1c4ce?s=96&d=mm&r=g","caption":"Tom\u00e1\u0161 Koppl"},"url":"https:\/\/www.smedemokrati.sk\/en\/author\/tomaskoppl\/"}]}},"_links":{"self":[{"href":"https:\/\/www.smedemokrati.sk\/en\/wp-json\/wp\/v2\/posts\/2313","targetHints":{"allow":["GET"]}}],"collection":[{"href":"https:\/\/www.smedemokrati.sk\/en\/wp-json\/wp\/v2\/posts"}],"about":[{"href":"https:\/\/www.smedemokrati.sk\/en\/wp-json\/wp\/v2\/types\/post"}],"author":[{"embeddable":true,"href":"https:\/\/www.smedemokrati.sk\/en\/wp-json\/wp\/v2\/users\/7"}],"replies":[{"embeddable":true,"href":"https:\/\/www.smedemokrati.sk\/en\/wp-json\/wp\/v2\/comments?post=2313"}],"version-history":[{"count":1,"href":"https:\/\/www.smedemokrati.sk\/en\/wp-json\/wp\/v2\/posts\/2313\/revisions"}],"predecessor-version":[{"id":2314,"href":"https:\/\/www.smedemokrati.sk\/en\/wp-json\/wp\/v2\/posts\/2313\/revisions\/2314"}],"wp:featuredmedia":[{"embeddable":true,"href":"https:\/\/www.smedemokrati.sk\/en\/wp-json\/wp\/v2\/media\/2034"}],"wp:attachment":[{"href":"https:\/\/www.smedemokrati.sk\/en\/wp-json\/wp\/v2\/media?parent=2313"}],"wp:term":[{"taxonomy":"category","embeddable":true,"href":"https:\/\/www.smedemokrati.sk\/en\/wp-json\/wp\/v2\/categories?post=2313"},{"taxonomy":"post_tag","embeddable":true,"href":"https:\/\/www.smedemokrati.sk\/en\/wp-json\/wp\/v2\/tags?post=2313"}],"curies":[{"name":"wp","href":"https:\/\/api.w.org\/{rel}","templated":true}]}}