{"id":2262,"date":"2023-11-08T20:06:10","date_gmt":"2023-11-08T18:06:10","guid":{"rendered":"https:\/\/www.smedemokrati.sk\/?p=2262"},"modified":"2023-11-14T16:27:42","modified_gmt":"2023-11-14T14:27:42","slug":"vlada-socialnych-netvorov-vyhlasila-vojnu-proti-vlastnym-obcanom","status":"publish","type":"post","link":"https:\/\/www.smedemokrati.sk\/en\/vlada-socialnych-netvorov-vyhlasila-vojnu-proti-vlastnym-obcanom\/","title":{"rendered":"Vl\u00e1da soci\u00e1lnych netvorov vyhl\u00e1sila vojnu proti vlastn\u00fdm ob\u010danom"},"content":{"rendered":"<div id=\"fb-root\"><\/div>\n\n<p><em><strong>Strana Demokrati reaguje na likvida\u010dn\u00fd n\u00e1vrh z dielne ministerstva pr\u00e1ce a soci\u00e1lnych vec\u00ed, ktor\u00fdm chce presmerova\u0165 dobrovo\u013en\u00fd pr\u00edspevok z dan\u00ed na \u00farovni 2%. Ten je moment\u00e1lne mo\u017en\u00e9 darova\u0165 mimovl\u00e1dnym organiz\u00e1ci\u00e1m a v drvivej v\u00e4\u010d\u0161ine je pr\u00e1ve t\u00fdmito financiami zabezpe\u010den\u00fd chod organiz\u00e1ci\u00ed v oblasti kult\u00fary, \u0161portu \u010di soci\u00e1lnej tematiky. Po novom sa bude m\u00f4c\u0165 ob\u010dan rozhodn\u00fa\u0165, \u010di 2 % z dan\u00ed daruje svojim rodi\u010dom alebo t\u00fdmto v\u00fdznamn\u00fdm organiz\u00e1ci\u00e1m, \u010do ozna\u010duj\u00fa Demokrati za citov\u00e9 vydieranie.<\/strong><\/em><\/p>\n\n\n\n<p>Predseda strany\u00a0<strong>Eduard<\/strong>\u00a0<strong>Heger<\/strong>\u00a0upozor\u0148uje, \u017ee ide o nesyst\u00e9mov\u00e9 rie\u0161enie, ktor\u00e9 m\u00f4\u017ee v kone\u010dnom d\u00f4sledku \u013eu\u010fom viac u\u0161kodi\u0165 ako pom\u00f4c\u0165 a upozornil, \u017ee ministerTom\u00e1\u0161 so svojou suitou pred vo\u013ebami pr\u00edzvukoval, \u017ee nebud\u00fa zni\u017eova\u0165 soci\u00e1lny \u0161tandard, \u010do je priamo v rozpore s pripravovan\u00fdm n\u00e1vrhom: \u201eStrana, ktor\u00e1 hovor\u00ed, \u017ee je stranou regi\u00f3nov, chce zdecimova\u0165 organiz\u00e1cie, ktor\u00e9 odv\u00e1dzaj\u00fa fantastick\u00fa pr\u00e1cu po celom Slovensku. \u017diaden premi\u00e9r si v hist\u00f3rii tejto krajiny nedovolil \u00eds\u0165 proti vlastn\u00fdm ob\u010danom tak, ako to rob\u00ed R. Fico. \u017dia\u013e, ob\u00e1vam sa, \u017ee toto je len za\u010diatok a v mnoh\u00fdch sektoroch a oblastiach verejn\u00e9ho \u017eivota m\u00f4\u017eeme o\u010dak\u00e1va\u0165 z\u00e1sadn\u00e9 zmeny, ktor\u00e9 negat\u00edvne ovplyvnia n\u00e1s v\u0161etk\u00fdch.\u201c<\/p>\n\n\n\n<p>\u010clenka strany\u00a0<strong>Monika<\/strong>\u00a0<strong>Podhor\u00e1ny<\/strong>\u00a0<strong>Masarikov\u00e1<\/strong>\u00a0hovor\u00ed, \u017ee krok vl\u00e1dy mo\u017eno pova\u017eova\u0165 za rozklad \u010fal\u0161ieho piliera demokracie, teda ob\u010dianskeho sektora: \u201eDnes je pre mimovl\u00e1dne organiz\u00e1cie hlavn\u00fdm zdrojom pr\u00edjmu pr\u00e1ve pr\u00edspevok z 2% dan\u00ed. Ak prist\u00fapime na hru Roberta Fica mnoh\u00e9 organiz\u00e1cie to zlikviduje a pripom\u00ednam, \u017ee ve\u013ea z nich svojou \u010dinnos\u0165ou supluje \u010dastokr\u00e1t pr\u00e1ve \u0161t\u00e1t. Hovor\u00edme o 60 tis\u00edc mimovl\u00e1dnych organiz\u00e1ci\u00ed, z ktor\u00fdch okolo 17 tis\u00edc \u017eiadalo minul\u00fd rok o podporu vo forme 2 %,\u201d povedala Podhor\u00e1ny Masarikov\u00e1 a dodala, \u017ee je nemyslite\u013en\u00e9, aby \u0161t\u00e1t chcel obra\u0165 organiz\u00e1cie aj o to m\u00e1lo, \u010do na svoju u\u0161\u013eachtil\u00fa \u010dinnos\u0165 maj\u00fa.\u00a0<\/p>\n\n\n\n<p><strong>Kristi\u00e1n<\/strong>\u00a0<strong>\u010cekovsk\u00fd<\/strong>\u00a0upozornil, \u017ee tieto zmeny priamo ohrozuj\u00fa aj \u010dinnos\u0165 hudobn\u00fdch, tane\u010dn\u00fdch a folkl\u00f3rnych skup\u00edn: \u201eJe to pribli\u017ene 50 zdru\u017een\u00ed na obnovu hradov \u010di viac ako 20 centier nez\u00e1vislej kult\u00fary a \u010fal\u0161ie, na ktor\u00e9 \u0161t\u00e1t d\u00e1vno zanevrel. Vyz\u00fdvam ministra Tom\u00e1\u0161a, aby i\u0161iel do regi\u00f3nov a do o\u010d\u00ed povedal t\u00fdmto \u013eu\u010fom, ktor\u00ed robia verejnoprospe\u0161n\u00fa \u010dinnos\u0165, \u017ee s\u00fa v prvom rade zahrani\u010dn\u00ed agenti, ako ich zvykne vl\u00e1da ozna\u010dova\u0165 a po \u010fal\u0161ie, \u017ee ich id\u00fa zlikvidova\u0165,\u201d komentoval \u010cekovsk\u00fd a z\u00e1rove\u0148 vyzval ministra Tom\u00e1\u0161a, aby sa svojou nevhodnou komunik\u00e1ciou prestal vysmieva\u0165 poctiv\u00fdm \u013eu\u010fom a stiahol tento nebezpe\u010dn\u00fd n\u00e1vrh.\u00a0<\/p>\n\n\n\n<p>\u010clen strany\u00a0<strong>Richard<\/strong>\u00a0<strong>Nemec<\/strong>\u00a0povedal, \u017ee pr\u00edstup tejto vl\u00e1dy nie je prekvapen\u00edm, preto\u017ee u\u017e v minulosti R. Fico oso\u010doval mimovl\u00e1dne organiz\u00e1cie: \u201eChcete mi poveda\u0165, \u017ee 15 tis\u00edc tr\u00e9nerov s\u00fa zahrani\u010dn\u00ed agenti? \u017de 3 tis\u00edc in\u0161truktorov, ktor\u00ed sa staraj\u00fa o na\u0161e deti s\u00fa zahrani\u010dn\u00ed agenti? Vyz\u00fdvam n\u00e1rodn\u00e9 \u0161portov\u00e9 zv\u00e4zy a organiz\u00e1cie aby sa postavili za kluby, ktor\u00e9 funguj\u00fa z t\u00fdchto pr\u00edspevkov a jasne povedali, \u017ee ide o nebezpe\u010dn\u00fd n\u00e1vrh, ktor\u00e9ho v\u00fdsledkom m\u00f4\u017ee by\u0165 zatvorenie niektor\u00fdch \u0161portov\u00fdch klubov.\u201c<\/p>\n\n\n\n<p>Podpredseda Demokratov\u00a0<strong>Jaroslav<\/strong>\u00a0<strong>Na\u010f<\/strong>\u00a0uzavrel, \u017ee s\u00fa na mieste iniciat\u00edvy, ktor\u00fdmi bud\u00fa mimovl\u00e1dne organiz\u00e1cie apelova\u0165 na zru\u0161enie nezmyseln\u00e9ho n\u00e1vrhu: \u201eToto je vl\u00e1da diletantov a klam\u00e1rov. To, \u010do navrhuje minister Tom\u00e1\u0161 je vyhl\u00e1senie vojny proti vlastn\u00fdm ob\u010danom a vlastnej republike. Chcu tak zru\u0161i\u0165 mnoh\u00e9 slu\u017eby, zv\u00fd\u0161i\u0165 nezamestnanos\u0165 a obera\u0165 stovky det\u00ed o mo\u017enos\u0165 nav\u0161tevova\u0165 kr\u00fa\u017eky, a to v\u0161etko v\u010faka tomuto mon\u0161tru\u00f3znemu n\u00e1vrhu. Vyz\u00fdvam v\u0161etky organiz\u00e1cie aby neostali ticho a na adrese \u00faradu vl\u00e1dy \u017eiadali odpove\u010f premi\u00e9ra Fica, ako to m\u00f4\u017ee de\u0165om, chor\u00fdm, soci\u00e1lne slab\u00fdm, ale aj t\u00fdran\u00fdm \u017een\u00e1m urobi\u0165.\u201c<\/p>\n","protected":false},"excerpt":{"rendered":"<p>Strana Demokrati reaguje na likvida\u010dn\u00fd n\u00e1vrh z dielne ministerstva pr\u00e1ce a soci\u00e1lnych vec\u00ed, ktor\u00fdm chce presmerova\u0165 dobrovo\u013en\u00fd pr\u00edspevok z dan\u00ed na \u00farovni 2%. Ten je moment\u00e1lne mo\u017en\u00e9 darova\u0165 mimovl\u00e1dnym organiz\u00e1ci\u00e1m a v drvivej v\u00e4\u010d\u0161ine je pr\u00e1ve t\u00fdmito financiami zabezpe\u010den\u00fd chod organiz\u00e1ci\u00ed v oblasti kult\u00fary, \u0161portu \u010di soci\u00e1lnej tematiky. Po novom sa bude m\u00f4c\u0165 ob\u010dan rozhodn\u00fa\u0165, [&hellip;]<\/p>\n","protected":false},"author":7,"featured_media":2265,"comment_status":"closed","ping_status":"closed","sticky":false,"template":"","format":"standard","meta":{"_acf_changed":false,"ngg_post_thumbnail":0,"footnotes":""},"categories":[4],"tags":[],"class_list":["post-2262","post","type-post","status-publish","format-standard","has-post-thumbnail","hentry","category-tlacove-spravy"],"acf":[],"yoast_head":"<!-- This site is optimized with the Yoast SEO plugin v27.2 - https:\/\/yoast.com\/product\/yoast-seo-wordpress\/ -->\n<title>Vl\u00e1da soci\u00e1lnych netvorov vyhl\u00e1sila vojnu proti vlastn\u00fdm ob\u010danom - Smedemokrati.sk<\/title>\n<meta name=\"robots\" content=\"index, follow, max-snippet:-1, max-image-preview:large, max-video-preview:-1\" \/>\n<link rel=\"canonical\" href=\"https:\/\/www.smedemokrati.sk\/en\/vlada-socialnych-netvorov-vyhlasila-vojnu-proti-vlastnym-obcanom\/\" \/>\n<meta property=\"og:locale\" content=\"en_US\" \/>\n<meta property=\"og:locale:alternate\" content=\"cs_CZ\" \/>\n<meta property=\"og:locale:alternate\" content=\"hu_HU\" \/>\n<meta property=\"og:locale:alternate\" content=\"sk_SK\" \/>\n<meta property=\"og:locale:alternate\" content=\"sv_SE\" \/>\n<meta property=\"og:type\" content=\"article\" \/>\n<meta property=\"og:title\" content=\"Vl\u00e1da soci\u00e1lnych netvorov vyhl\u00e1sila vojnu proti vlastn\u00fdm ob\u010danom - Smedemokrati.sk\" \/>\n<meta property=\"og:description\" content=\"Strana Demokrati reaguje na likvida\u010dn\u00fd n\u00e1vrh z dielne ministerstva pr\u00e1ce a soci\u00e1lnych vec\u00ed, ktor\u00fdm chce presmerova\u0165 dobrovo\u013en\u00fd pr\u00edspevok z dan\u00ed na \u00farovni 2%. Ten je moment\u00e1lne mo\u017en\u00e9 darova\u0165 mimovl\u00e1dnym organiz\u00e1ci\u00e1m a v drvivej v\u00e4\u010d\u0161ine je pr\u00e1ve t\u00fdmito financiami zabezpe\u010den\u00fd chod organiz\u00e1ci\u00ed v oblasti kult\u00fary, \u0161portu \u010di soci\u00e1lnej tematiky. Po novom sa bude m\u00f4c\u0165 ob\u010dan rozhodn\u00fa\u0165, [&hellip;]\" \/>\n<meta property=\"og:url\" content=\"https:\/\/www.smedemokrati.sk\/en\/vlada-socialnych-netvorov-vyhlasila-vojnu-proti-vlastnym-obcanom\/\" \/>\n<meta property=\"og:site_name\" content=\"Smedemokrati.sk\" \/>\n<meta property=\"article:publisher\" content=\"https:\/\/www.facebook.com\/smedemokrati2023\" \/>\n<meta property=\"article:published_time\" content=\"2023-11-08T18:06:10+00:00\" \/>\n<meta property=\"article:modified_time\" content=\"2023-11-14T14:27:42+00:00\" \/>\n<meta property=\"og:image\" content=\"https:\/\/www.smedemokrati.sk\/wp-content\/uploads\/2023\/11\/abc-1.jpg\" \/>\n\t<meta property=\"og:image:width\" content=\"2108\" \/>\n\t<meta property=\"og:image:height\" content=\"1307\" \/>\n\t<meta property=\"og:image:type\" content=\"image\/jpeg\" \/>\n<meta name=\"author\" content=\"Tom\u00e1\u0161 Koppl\" \/>\n<meta name=\"twitter:card\" content=\"summary_large_image\" \/>\n<meta name=\"twitter:label1\" content=\"Written by\" \/>\n\t<meta name=\"twitter:data1\" content=\"Tom\u00e1\u0161 Koppl\" \/>\n<script type=\"application\/ld+json\" class=\"yoast-schema-graph\">{\"@context\":\"https:\/\/schema.org\",\"@graph\":[{\"@type\":\"Article\",\"@id\":\"https:\/\/www.smedemokrati.sk\/vlada-socialnych-netvorov-vyhlasila-vojnu-proti-vlastnym-obcanom\/#article\",\"isPartOf\":{\"@id\":\"https:\/\/www.smedemokrati.sk\/vlada-socialnych-netvorov-vyhlasila-vojnu-proti-vlastnym-obcanom\/\"},\"author\":{\"name\":\"Tom\u00e1\u0161 Koppl\",\"@id\":\"https:\/\/www.smedemokrati.sk\/#\/schema\/person\/c60720f4b9955b3c1ed222ebd1fbbc7c\"},\"headline\":\"Vl\u00e1da soci\u00e1lnych netvorov vyhl\u00e1sila vojnu proti vlastn\u00fdm ob\u010danom\",\"datePublished\":\"2023-11-08T18:06:10+00:00\",\"dateModified\":\"2023-11-14T14:27:42+00:00\",\"mainEntityOfPage\":{\"@id\":\"https:\/\/www.smedemokrati.sk\/vlada-socialnych-netvorov-vyhlasila-vojnu-proti-vlastnym-obcanom\/\"},\"wordCount\":721,\"publisher\":{\"@id\":\"https:\/\/www.smedemokrati.sk\/#organization\"},\"image\":{\"@id\":\"https:\/\/www.smedemokrati.sk\/vlada-socialnych-netvorov-vyhlasila-vojnu-proti-vlastnym-obcanom\/#primaryimage\"},\"thumbnailUrl\":\"https:\/\/www.smedemokrati.sk\/wp-content\/uploads\/2023\/11\/abc-1.jpg\",\"articleSection\":[\"Tla\u010dov\u00e9 spr\u00e1vy\"],\"inLanguage\":\"en-US\"},{\"@type\":\"WebPage\",\"@id\":\"https:\/\/www.smedemokrati.sk\/vlada-socialnych-netvorov-vyhlasila-vojnu-proti-vlastnym-obcanom\/\",\"url\":\"https:\/\/www.smedemokrati.sk\/vlada-socialnych-netvorov-vyhlasila-vojnu-proti-vlastnym-obcanom\/\",\"name\":\"Vl\u00e1da soci\u00e1lnych netvorov vyhl\u00e1sila vojnu proti vlastn\u00fdm ob\u010danom - Smedemokrati.sk\",\"isPartOf\":{\"@id\":\"https:\/\/www.smedemokrati.sk\/#website\"},\"primaryImageOfPage\":{\"@id\":\"https:\/\/www.smedemokrati.sk\/vlada-socialnych-netvorov-vyhlasila-vojnu-proti-vlastnym-obcanom\/#primaryimage\"},\"image\":{\"@id\":\"https:\/\/www.smedemokrati.sk\/vlada-socialnych-netvorov-vyhlasila-vojnu-proti-vlastnym-obcanom\/#primaryimage\"},\"thumbnailUrl\":\"https:\/\/www.smedemokrati.sk\/wp-content\/uploads\/2023\/11\/abc-1.jpg\",\"datePublished\":\"2023-11-08T18:06:10+00:00\",\"dateModified\":\"2023-11-14T14:27:42+00:00\",\"breadcrumb\":{\"@id\":\"https:\/\/www.smedemokrati.sk\/vlada-socialnych-netvorov-vyhlasila-vojnu-proti-vlastnym-obcanom\/#breadcrumb\"},\"inLanguage\":\"en-US\",\"potentialAction\":[{\"@type\":\"ReadAction\",\"target\":[\"https:\/\/www.smedemokrati.sk\/vlada-socialnych-netvorov-vyhlasila-vojnu-proti-vlastnym-obcanom\/\"]}]},{\"@type\":\"ImageObject\",\"inLanguage\":\"en-US\",\"@id\":\"https:\/\/www.smedemokrati.sk\/vlada-socialnych-netvorov-vyhlasila-vojnu-proti-vlastnym-obcanom\/#primaryimage\",\"url\":\"https:\/\/www.smedemokrati.sk\/wp-content\/uploads\/2023\/11\/abc-1.jpg\",\"contentUrl\":\"https:\/\/www.smedemokrati.sk\/wp-content\/uploads\/2023\/11\/abc-1.jpg\",\"width\":2108,\"height\":1307},{\"@type\":\"BreadcrumbList\",\"@id\":\"https:\/\/www.smedemokrati.sk\/vlada-socialnych-netvorov-vyhlasila-vojnu-proti-vlastnym-obcanom\/#breadcrumb\",\"itemListElement\":[{\"@type\":\"ListItem\",\"position\":1,\"name\":\"Domovsk\u00e1 str\u00e1nka\",\"item\":\"https:\/\/www.smedemokrati.sk\/\"},{\"@type\":\"ListItem\",\"position\":2,\"name\":\"Vl\u00e1da soci\u00e1lnych netvorov vyhl\u00e1sila vojnu proti vlastn\u00fdm ob\u010danom\"}]},{\"@type\":\"WebSite\",\"@id\":\"https:\/\/www.smedemokrati.sk\/#website\",\"url\":\"https:\/\/www.smedemokrati.sk\/\",\"name\":\"Smedemokrati.sk\",\"description\":\"Demokracia a slu\u0161nos\u0165 zv\u00ed\u0165az\u00ed\",\"publisher\":{\"@id\":\"https:\/\/www.smedemokrati.sk\/#organization\"},\"potentialAction\":[{\"@type\":\"SearchAction\",\"target\":{\"@type\":\"EntryPoint\",\"urlTemplate\":\"https:\/\/www.smedemokrati.sk\/?s={search_term_string}\"},\"query-input\":{\"@type\":\"PropertyValueSpecification\",\"valueRequired\":true,\"valueName\":\"search_term_string\"}}],\"inLanguage\":\"en-US\"},{\"@type\":\"Organization\",\"@id\":\"https:\/\/www.smedemokrati.sk\/#organization\",\"name\":\"Smedemokrati.sk\",\"url\":\"https:\/\/www.smedemokrati.sk\/\",\"logo\":{\"@type\":\"ImageObject\",\"inLanguage\":\"en-US\",\"@id\":\"https:\/\/www.smedemokrati.sk\/#\/schema\/logo\/image\/\",\"url\":\"https:\/\/www.smedemokrati.sk\/wp-content\/uploads\/2023\/04\/ff.002.jpeg\",\"contentUrl\":\"https:\/\/www.smedemokrati.sk\/wp-content\/uploads\/2023\/04\/ff.002.jpeg\",\"width\":640,\"height\":480,\"caption\":\"Smedemokrati.sk\"},\"image\":{\"@id\":\"https:\/\/www.smedemokrati.sk\/#\/schema\/logo\/image\/\"},\"sameAs\":[\"https:\/\/www.facebook.com\/smedemokrati2023\"]},{\"@type\":\"Person\",\"@id\":\"https:\/\/www.smedemokrati.sk\/#\/schema\/person\/c60720f4b9955b3c1ed222ebd1fbbc7c\",\"name\":\"Tom\u00e1\u0161 Koppl\",\"image\":{\"@type\":\"ImageObject\",\"inLanguage\":\"en-US\",\"@id\":\"https:\/\/secure.gravatar.com\/avatar\/8dfa38373c5e39821baf74c8e867a6f12e12c6dab6559aa999d10703b0b1c4ce?s=96&d=mm&r=g\",\"url\":\"https:\/\/secure.gravatar.com\/avatar\/8dfa38373c5e39821baf74c8e867a6f12e12c6dab6559aa999d10703b0b1c4ce?s=96&d=mm&r=g\",\"contentUrl\":\"https:\/\/secure.gravatar.com\/avatar\/8dfa38373c5e39821baf74c8e867a6f12e12c6dab6559aa999d10703b0b1c4ce?s=96&d=mm&r=g\",\"caption\":\"Tom\u00e1\u0161 Koppl\"},\"url\":\"https:\/\/www.smedemokrati.sk\/en\/author\/tomaskoppl\/\"}]}<\/script>\n<!-- \/ Yoast SEO plugin. -->","yoast_head_json":{"title":"Vl\u00e1da soci\u00e1lnych netvorov vyhl\u00e1sila vojnu proti vlastn\u00fdm ob\u010danom - Smedemokrati.sk","robots":{"index":"index","follow":"follow","max-snippet":"max-snippet:-1","max-image-preview":"max-image-preview:large","max-video-preview":"max-video-preview:-1"},"canonical":"https:\/\/www.smedemokrati.sk\/en\/vlada-socialnych-netvorov-vyhlasila-vojnu-proti-vlastnym-obcanom\/","og_locale":"en_US","og_type":"article","og_title":"Vl\u00e1da soci\u00e1lnych netvorov vyhl\u00e1sila vojnu proti vlastn\u00fdm ob\u010danom - Smedemokrati.sk","og_description":"Strana Demokrati reaguje na likvida\u010dn\u00fd n\u00e1vrh z dielne ministerstva pr\u00e1ce a soci\u00e1lnych vec\u00ed, ktor\u00fdm chce presmerova\u0165 dobrovo\u013en\u00fd pr\u00edspevok z dan\u00ed na \u00farovni 2%. Ten je moment\u00e1lne mo\u017en\u00e9 darova\u0165 mimovl\u00e1dnym organiz\u00e1ci\u00e1m a v drvivej v\u00e4\u010d\u0161ine je pr\u00e1ve t\u00fdmito financiami zabezpe\u010den\u00fd chod organiz\u00e1ci\u00ed v oblasti kult\u00fary, \u0161portu \u010di soci\u00e1lnej tematiky. Po novom sa bude m\u00f4c\u0165 ob\u010dan rozhodn\u00fa\u0165, [&hellip;]","og_url":"https:\/\/www.smedemokrati.sk\/en\/vlada-socialnych-netvorov-vyhlasila-vojnu-proti-vlastnym-obcanom\/","og_site_name":"Smedemokrati.sk","article_publisher":"https:\/\/www.facebook.com\/smedemokrati2023","article_published_time":"2023-11-08T18:06:10+00:00","article_modified_time":"2023-11-14T14:27:42+00:00","og_image":[{"width":2108,"height":1307,"url":"https:\/\/www.smedemokrati.sk\/wp-content\/uploads\/2023\/11\/abc-1.jpg","type":"image\/jpeg"}],"author":"Tom\u00e1\u0161 Koppl","twitter_card":"summary_large_image","twitter_misc":{"Written by":"Tom\u00e1\u0161 Koppl"},"schema":{"@context":"https:\/\/schema.org","@graph":[{"@type":"Article","@id":"https:\/\/www.smedemokrati.sk\/vlada-socialnych-netvorov-vyhlasila-vojnu-proti-vlastnym-obcanom\/#article","isPartOf":{"@id":"https:\/\/www.smedemokrati.sk\/vlada-socialnych-netvorov-vyhlasila-vojnu-proti-vlastnym-obcanom\/"},"author":{"name":"Tom\u00e1\u0161 Koppl","@id":"https:\/\/www.smedemokrati.sk\/#\/schema\/person\/c60720f4b9955b3c1ed222ebd1fbbc7c"},"headline":"Vl\u00e1da soci\u00e1lnych netvorov vyhl\u00e1sila vojnu proti vlastn\u00fdm ob\u010danom","datePublished":"2023-11-08T18:06:10+00:00","dateModified":"2023-11-14T14:27:42+00:00","mainEntityOfPage":{"@id":"https:\/\/www.smedemokrati.sk\/vlada-socialnych-netvorov-vyhlasila-vojnu-proti-vlastnym-obcanom\/"},"wordCount":721,"publisher":{"@id":"https:\/\/www.smedemokrati.sk\/#organization"},"image":{"@id":"https:\/\/www.smedemokrati.sk\/vlada-socialnych-netvorov-vyhlasila-vojnu-proti-vlastnym-obcanom\/#primaryimage"},"thumbnailUrl":"https:\/\/www.smedemokrati.sk\/wp-content\/uploads\/2023\/11\/abc-1.jpg","articleSection":["Tla\u010dov\u00e9 spr\u00e1vy"],"inLanguage":"en-US"},{"@type":"WebPage","@id":"https:\/\/www.smedemokrati.sk\/vlada-socialnych-netvorov-vyhlasila-vojnu-proti-vlastnym-obcanom\/","url":"https:\/\/www.smedemokrati.sk\/vlada-socialnych-netvorov-vyhlasila-vojnu-proti-vlastnym-obcanom\/","name":"Vl\u00e1da soci\u00e1lnych netvorov vyhl\u00e1sila vojnu proti vlastn\u00fdm ob\u010danom - Smedemokrati.sk","isPartOf":{"@id":"https:\/\/www.smedemokrati.sk\/#website"},"primaryImageOfPage":{"@id":"https:\/\/www.smedemokrati.sk\/vlada-socialnych-netvorov-vyhlasila-vojnu-proti-vlastnym-obcanom\/#primaryimage"},"image":{"@id":"https:\/\/www.smedemokrati.sk\/vlada-socialnych-netvorov-vyhlasila-vojnu-proti-vlastnym-obcanom\/#primaryimage"},"thumbnailUrl":"https:\/\/www.smedemokrati.sk\/wp-content\/uploads\/2023\/11\/abc-1.jpg","datePublished":"2023-11-08T18:06:10+00:00","dateModified":"2023-11-14T14:27:42+00:00","breadcrumb":{"@id":"https:\/\/www.smedemokrati.sk\/vlada-socialnych-netvorov-vyhlasila-vojnu-proti-vlastnym-obcanom\/#breadcrumb"},"inLanguage":"en-US","potentialAction":[{"@type":"ReadAction","target":["https:\/\/www.smedemokrati.sk\/vlada-socialnych-netvorov-vyhlasila-vojnu-proti-vlastnym-obcanom\/"]}]},{"@type":"ImageObject","inLanguage":"en-US","@id":"https:\/\/www.smedemokrati.sk\/vlada-socialnych-netvorov-vyhlasila-vojnu-proti-vlastnym-obcanom\/#primaryimage","url":"https:\/\/www.smedemokrati.sk\/wp-content\/uploads\/2023\/11\/abc-1.jpg","contentUrl":"https:\/\/www.smedemokrati.sk\/wp-content\/uploads\/2023\/11\/abc-1.jpg","width":2108,"height":1307},{"@type":"BreadcrumbList","@id":"https:\/\/www.smedemokrati.sk\/vlada-socialnych-netvorov-vyhlasila-vojnu-proti-vlastnym-obcanom\/#breadcrumb","itemListElement":[{"@type":"ListItem","position":1,"name":"Domovsk\u00e1 str\u00e1nka","item":"https:\/\/www.smedemokrati.sk\/"},{"@type":"ListItem","position":2,"name":"Vl\u00e1da soci\u00e1lnych netvorov vyhl\u00e1sila vojnu proti vlastn\u00fdm ob\u010danom"}]},{"@type":"WebSite","@id":"https:\/\/www.smedemokrati.sk\/#website","url":"https:\/\/www.smedemokrati.sk\/","name":"Smedemokrati.sk","description":"Demokracia a slu\u0161nos\u0165 zv\u00ed\u0165az\u00ed","publisher":{"@id":"https:\/\/www.smedemokrati.sk\/#organization"},"potentialAction":[{"@type":"SearchAction","target":{"@type":"EntryPoint","urlTemplate":"https:\/\/www.smedemokrati.sk\/?s={search_term_string}"},"query-input":{"@type":"PropertyValueSpecification","valueRequired":true,"valueName":"search_term_string"}}],"inLanguage":"en-US"},{"@type":"Organization","@id":"https:\/\/www.smedemokrati.sk\/#organization","name":"Smedemokrati.sk","url":"https:\/\/www.smedemokrati.sk\/","logo":{"@type":"ImageObject","inLanguage":"en-US","@id":"https:\/\/www.smedemokrati.sk\/#\/schema\/logo\/image\/","url":"https:\/\/www.smedemokrati.sk\/wp-content\/uploads\/2023\/04\/ff.002.jpeg","contentUrl":"https:\/\/www.smedemokrati.sk\/wp-content\/uploads\/2023\/04\/ff.002.jpeg","width":640,"height":480,"caption":"Smedemokrati.sk"},"image":{"@id":"https:\/\/www.smedemokrati.sk\/#\/schema\/logo\/image\/"},"sameAs":["https:\/\/www.facebook.com\/smedemokrati2023"]},{"@type":"Person","@id":"https:\/\/www.smedemokrati.sk\/#\/schema\/person\/c60720f4b9955b3c1ed222ebd1fbbc7c","name":"Tom\u00e1\u0161 Koppl","image":{"@type":"ImageObject","inLanguage":"en-US","@id":"https:\/\/secure.gravatar.com\/avatar\/8dfa38373c5e39821baf74c8e867a6f12e12c6dab6559aa999d10703b0b1c4ce?s=96&d=mm&r=g","url":"https:\/\/secure.gravatar.com\/avatar\/8dfa38373c5e39821baf74c8e867a6f12e12c6dab6559aa999d10703b0b1c4ce?s=96&d=mm&r=g","contentUrl":"https:\/\/secure.gravatar.com\/avatar\/8dfa38373c5e39821baf74c8e867a6f12e12c6dab6559aa999d10703b0b1c4ce?s=96&d=mm&r=g","caption":"Tom\u00e1\u0161 Koppl"},"url":"https:\/\/www.smedemokrati.sk\/en\/author\/tomaskoppl\/"}]}},"_links":{"self":[{"href":"https:\/\/www.smedemokrati.sk\/en\/wp-json\/wp\/v2\/posts\/2262","targetHints":{"allow":["GET"]}}],"collection":[{"href":"https:\/\/www.smedemokrati.sk\/en\/wp-json\/wp\/v2\/posts"}],"about":[{"href":"https:\/\/www.smedemokrati.sk\/en\/wp-json\/wp\/v2\/types\/post"}],"author":[{"embeddable":true,"href":"https:\/\/www.smedemokrati.sk\/en\/wp-json\/wp\/v2\/users\/7"}],"replies":[{"embeddable":true,"href":"https:\/\/www.smedemokrati.sk\/en\/wp-json\/wp\/v2\/comments?post=2262"}],"version-history":[{"count":1,"href":"https:\/\/www.smedemokrati.sk\/en\/wp-json\/wp\/v2\/posts\/2262\/revisions"}],"predecessor-version":[{"id":2264,"href":"https:\/\/www.smedemokrati.sk\/en\/wp-json\/wp\/v2\/posts\/2262\/revisions\/2264"}],"wp:featuredmedia":[{"embeddable":true,"href":"https:\/\/www.smedemokrati.sk\/en\/wp-json\/wp\/v2\/media\/2265"}],"wp:attachment":[{"href":"https:\/\/www.smedemokrati.sk\/en\/wp-json\/wp\/v2\/media?parent=2262"}],"wp:term":[{"taxonomy":"category","embeddable":true,"href":"https:\/\/www.smedemokrati.sk\/en\/wp-json\/wp\/v2\/categories?post=2262"},{"taxonomy":"post_tag","embeddable":true,"href":"https:\/\/www.smedemokrati.sk\/en\/wp-json\/wp\/v2\/tags?post=2262"}],"curies":[{"name":"wp","href":"https:\/\/api.w.org\/{rel}","templated":true}]}}