{"id":1951,"date":"2023-09-12T11:11:12","date_gmt":"2023-09-12T09:11:12","guid":{"rendered":"https:\/\/www.smedemokrati.sk\/?p=1951"},"modified":"2023-11-07T17:46:46","modified_gmt":"2023-11-07T15:46:46","slug":"plan-pomoci-ludom-volebny-program-strany-demokrati","status":"publish","type":"post","link":"https:\/\/www.smedemokrati.sk\/en\/plan-pomoci-ludom-volebny-program-strany-demokrati\/","title":{"rendered":"Pl\u00e1n pomoci \u013eu\u010fom &#8211; volebn\u00fd program strany Demokrati"},"content":{"rendered":"<div id=\"fb-root\"><\/div>\n\n<p>Strana Demokrati predstavila volebn\u00fd program. Predseda strany Eduard Heger uviedol, \u017ee vo volebnom programe Demokratov s\u00fa nepopulistick\u00e9 rie\u0161enia. \u201e<strong>Nen\u00e1jdete tam jedno populistick\u00e9 opatrenie. Naopak s\u00fa to opatrenia, ktor\u00e9 Slovensko pos\u00favaj\u00fa dopredu a robia z n\u00e1s modern\u00fa a demokratick\u00fa krajinu. Krajinu, kde v\u0161etci chceme \u017ei\u0165. Dovol\u00edm poveda\u0165, \u017ee toto je program, ktor\u00fd je mo\u017en\u00e9 realizova\u0165 okam\u017eite, nerozde\u013euje ale sp\u00e1ja. Nevykop\u00e1va z\u00e1kopy ale stavia mosty.\u201c<\/strong><\/p>\n\n\n\n<p>\u201eTento program vych\u00e1dza z re\u00e1lnej sk\u00fasenosti zo \u017eivota a z vl\u00e1dnutia. Je odpove\u010fou na to, \u010do Slovensko ak\u00fatne potrebuje. Z\u00e1rove\u0148 chcem poveda\u0165, \u017ee \u013eudia, ktor\u00ed s\u00fa v strane Demokrati s\u00fa pokorn\u00ed, ale odhodlan\u00ed. My nenad\u00e1vame \u013eudom do pliag, nes\u013eubujeme stovky eur a pri v\u0161etkej \u00facte, nie sme pova\u013ea\u010di vl\u00e1d.\u201c pokra\u010duje Heger.<\/p>\n\n\n\n<p>\u201eMy Demokrati vieme, \u017ee Slovensko je na kri\u017eovatke, \u017ee si m\u00f4\u017eeme vybra\u0165 &#8211; mafi\u00e1nov, zlodejov, alebo rozumn\u00fdch a pracovit\u00fdch \u013eud\u00ed. \u013dud\u00ed, ktor\u00ed s\u00fa odhodlan\u00ed bojova\u0165 za Slovensko. Sme Demokrati, odhodlan\u00ed postavi\u0165 sa hrozb\u00e1m, ktor\u00e9 sa na Slovensko valia. N\u00e1\u0161 program je odpove\u010fou na tieto hrozby.&nbsp;<strong>Chceme bezpe\u010dn\u00e9 Slovensko, spravodliv\u00e9 Slovensko, zdrav\u00e9 Slovensko, anga\u017eovan\u00e9 Slovensko, vzdelan\u00e9 Slovensko, soci\u00e1lne Slovensko, prosperuj\u00face Slovensko. Sme odhodlan\u00ed bojova\u0165 za V\u00e1s, za Slovensko. To je sedem pilierov n\u00e1\u0161ho programu,\u201c<\/strong> povedal Eduard Heger.<\/p>\n\n\n\n<p>\u201ePosledn\u00e9 mesiace sa stret\u00e1vame s obyvate\u013emi cel\u00e9ho Slovenska. A vid\u00edme ich obavy. Obavy, \u017ee rodi\u010dia svoje deti uvidia iba raz do roka, lebo ich deti rad\u0161ej od\u00eddu \u017ei\u0165 do zahrani\u010dia. Po\u010d\u00favame obavy, \u017ee pre zl\u00fd stav slovensk\u00e9ho zdravotn\u00edctva sa mnoh\u00ed nedostan\u00fa na vy\u0161etrenie a zomr\u00fa pred\u010dasne. Obavy, \u017ee pol\u00edcia bude sl\u00fa\u017ei\u0165 zlo\u010dinu a nie spravodlivosti, \u017ee v\u0161etky vy\u0161etrovania bud\u00fa zastaven\u00e9, \u010di obavy, \u017ee na\u0161e hranice prekro\u010dia rusk\u00e9 vojsk\u00e1 s chu\u0165ou ukrajova\u0165 na\u0161e \u00fazemie. N\u00e1m Demokratom to v\u0161ak nie je jedno. Sme odhodlan\u00ed bojova\u0165 za Slovensko.&nbsp;<strong>Sme garanciou, \u017ee po vo\u013eb\u00e1ch nemus\u00ed vznikn\u00fa\u0165 vl\u00e1da Smeru, Hlasu a fa\u0161istov, ale naopak vl\u00e1da, ktor\u00e1 prin\u00e1\u0161a rie\u0161enia pre \u013eud\u00ed,\u201c<\/strong> povedala volebn\u00e1 l\u00edderka strany Demokrati Andrea Letanovsk\u00e1.<\/p>\n\n\n\n<p>Podpredseda Demokratov Jaroslav Na\u010f upozornil, \u017ee najd\u00f4le\u017eitej\u0161\u00edm programov\u00fdm opatren\u00edm strany Demokrati mus\u00ed by\u0165 boj za zachovanie zahrani\u010dno-politick\u00e9ho smerovania Slovenska.&nbsp;<strong>\u201eNa\u0161e \u010dlenstvo v E\u00da a NATO je pre ob\u010danov Slovenska z\u00e1kladn\u00fdm \u017eivotn\u00fdm z\u00e1ujmom. Bez garancie bezpe\u010dnosti a slobody, ktor\u00e9 n\u00e1m zaru\u010duje \u010dlenstvo v t\u00fdchto spolo\u010denstv\u00e1ch, sa nemus\u00edme rozpr\u00e1va\u0165 o rie\u0161eniach v zdravotn\u00edctve, \u0161kolstve, ani soci\u00e1lnom syst\u00e9me. Ak sa do vl\u00e1dy dostane Fico s extr\u00e9mistami, nebud\u00fa v\u00e1ha\u0165 a zatiahnu n\u00e1s na v\u00fdchod, do Putinovho n\u00e1ru\u010dia,\u201c<\/strong>&nbsp;vyhl\u00e1sil Na\u010f. \u201eDarmo niekto ukazuje pekn\u00e9 rie\u0161enia, tzv. \u010dere\u0161ni\u010dky na torte, teraz ide o to, kam budeme patri\u0165, toto mus\u00ed by\u0165 na\u0161a priorita, poveda\u0165, kam chceme aby na\u0161a krajina patrila.\u201c povedal Jaroslav Na\u010f.&nbsp;<\/p>\n\n\n\n<p><strong>15 hlavn\u00fdch prior\u00edt programu strany Demokrati:<\/strong><\/p>\n\n\n\n<p><strong>Zdravotn\u00edctvo:<\/strong><\/p>\n\n\n\n<p>&#8211; Postav\u00edme 200 nov\u00fdch ambulanci\u00ed<\/p>\n\n\n\n<p>&#8211; Skr\u00e1time \u010dakanie na lek\u00e1rske vy\u0161etrenie a lie\u010dbu<\/p>\n\n\n\n<p>&#8211; Zefekt\u00edvnime nemocnice a na\u0161tartujeme program n\u00e1vratu lek\u00e1rov<\/p>\n\n\n\n<p><strong>Bezpe\u010dnos\u0165 a zahrani\u010dn\u00e1 politika:<\/strong><\/p>\n\n\n\n<p>&#8211; V zahrani\u010dnej politike neuhneme ani o milimeter v s\u00falade s \u010dlenstvom v E\u00da a NATO<\/p>\n\n\n\n<p>&#8211; Zachov\u00e1me min. 2% HDP na obranu, zmodernizujeme na\u0161u obranu a zv\u00fd\u0161ime po\u010det vojakov<\/p>\n\n\n\n<p>&#8211; Nedopust\u00edme \u017eiadne zneu\u017e\u00edvanie spravodajsk\u00fdch slu\u017eieb<\/p>\n\n\n\n<p><strong>Spravodlivos\u0165:<\/strong><\/p>\n\n\n\n<p>&#8211; Ochr\u00e1nime \u0160TS a \u00da\u0160P a zakotv\u00edme ich v \u00fastave<\/p>\n\n\n\n<p>&#8211; Zru\u0161\u00edme paragraf 363 a zreformujeme prokurat\u00faru<\/p>\n\n\n\n<p>&#8211; Presad\u00edme novelu Trestn\u00e9ho z\u00e1kona a Trestn\u00e9ho poriadku<\/p>\n\n\n\n<p><strong>Soci\u00e1lna oblas\u0165:<\/strong><\/p>\n\n\n\n<p>&#8211; Zariadime spravodliv\u00fd 140 eurov\u00fd bonus na die\u0165a&nbsp;<\/p>\n\n\n\n<p>&#8211; Nastav\u00edme \u0161vaj\u010diarsku valoriz\u00e1ciu d\u00f4chodkov<\/p>\n\n\n\n<p>&#8211; Zn\u00ed\u017eime odvody pre \u017eivnostn\u00edkov<\/p>\n\n\n\n<p><strong>Pomoc znev\u00fdhodnen\u00fdm:<\/strong><\/p>\n\n\n\n<p>&#8211; Zlep\u0161\u00edme pr\u00edstup k terapi\u00e1m, rehabilit\u00e1ci\u00e1m a pom\u00f4ckam&nbsp;<\/p>\n\n\n\n<p>&#8211; Zastav\u00edme kr\u00e1tenie pr\u00edspevku na opatrovanie<\/p>\n\n\n\n<p>&#8211; Zv\u00fd\u0161ime platy opatrovate\u013ek\u00e1m a \u010fal\u0161\u00edm zamestnancom v soci\u00e1lnych slu\u017eb\u00e1ch<\/p>\n\n\n\n<p><strong>Cel\u00fd volebn\u00fd program strany si m\u00f4\u017eete pre\u010d\u00edta\u0165 na:<\/strong>&nbsp;<a href=\"https:\/\/www.smedemokrati.sk\/wp-content\/themes\/demokrati_theme\/assets\/Program_demokratov.pdf\">https:\/\/www.smedemokrati.sk\/wp-content\/themes\/demokrati_theme\/assets\/Program_demokratov.pdf<\/a><\/p>\n","protected":false},"excerpt":{"rendered":"<p>Strana Demokrati predstavila volebn\u00fd program. Predseda strany Eduard Heger uviedol, \u017ee vo volebnom programe Demokratov s\u00fa nepopulistick\u00e9 rie\u0161enia. \u201eNen\u00e1jdete tam jedno populistick\u00e9 opatrenie. Naopak s\u00fa to opatrenia, ktor\u00e9 Slovensko pos\u00favaj\u00fa dopredu a robia z n\u00e1s modern\u00fa a demokratick\u00fa krajinu. Krajinu, kde v\u0161etci chceme \u017ei\u0165. Dovol\u00edm poveda\u0165, \u017ee toto je program, ktor\u00fd je mo\u017en\u00e9 realizova\u0165 okam\u017eite, [&hellip;]<\/p>\n","protected":false},"author":7,"featured_media":1952,"comment_status":"closed","ping_status":"closed","sticky":false,"template":"","format":"standard","meta":{"_acf_changed":false,"ngg_post_thumbnail":0,"footnotes":""},"categories":[4],"tags":[],"class_list":["post-1951","post","type-post","status-publish","format-standard","has-post-thumbnail","hentry","category-tlacove-spravy"],"acf":[],"yoast_head":"<!-- This site is optimized with the Yoast SEO plugin v27.2 - https:\/\/yoast.com\/product\/yoast-seo-wordpress\/ -->\n<title>Pl\u00e1n pomoci \u013eu\u010fom - volebn\u00fd program strany Demokrati - Smedemokrati.sk<\/title>\n<meta name=\"robots\" content=\"index, follow, max-snippet:-1, max-image-preview:large, max-video-preview:-1\" \/>\n<link rel=\"canonical\" href=\"https:\/\/www.smedemokrati.sk\/en\/plan-pomoci-ludom-volebny-program-strany-demokrati\/\" \/>\n<meta property=\"og:locale\" content=\"en_US\" \/>\n<meta property=\"og:locale:alternate\" content=\"cs_CZ\" \/>\n<meta property=\"og:locale:alternate\" content=\"hu_HU\" \/>\n<meta property=\"og:locale:alternate\" content=\"sk_SK\" \/>\n<meta property=\"og:locale:alternate\" content=\"sv_SE\" \/>\n<meta property=\"og:type\" content=\"article\" \/>\n<meta property=\"og:title\" content=\"Pl\u00e1n pomoci \u013eu\u010fom - volebn\u00fd program strany Demokrati - Smedemokrati.sk\" \/>\n<meta property=\"og:description\" content=\"Strana Demokrati predstavila volebn\u00fd program. Predseda strany Eduard Heger uviedol, \u017ee vo volebnom programe Demokratov s\u00fa nepopulistick\u00e9 rie\u0161enia. \u201eNen\u00e1jdete tam jedno populistick\u00e9 opatrenie. Naopak s\u00fa to opatrenia, ktor\u00e9 Slovensko pos\u00favaj\u00fa dopredu a robia z n\u00e1s modern\u00fa a demokratick\u00fa krajinu. Krajinu, kde v\u0161etci chceme \u017ei\u0165. Dovol\u00edm poveda\u0165, \u017ee toto je program, ktor\u00fd je mo\u017en\u00e9 realizova\u0165 okam\u017eite, [&hellip;]\" \/>\n<meta property=\"og:url\" content=\"https:\/\/www.smedemokrati.sk\/en\/plan-pomoci-ludom-volebny-program-strany-demokrati\/\" \/>\n<meta property=\"og:site_name\" content=\"Smedemokrati.sk\" \/>\n<meta property=\"article:publisher\" content=\"https:\/\/www.facebook.com\/smedemokrati2023\" \/>\n<meta property=\"article:published_time\" content=\"2023-09-12T09:11:12+00:00\" \/>\n<meta property=\"article:modified_time\" content=\"2023-11-07T15:46:46+00:00\" \/>\n<meta property=\"og:image\" content=\"https:\/\/www.smedemokrati.sk\/wp-content\/uploads\/2023\/09\/plan.jpg\" \/>\n\t<meta property=\"og:image:width\" content=\"1200\" \/>\n\t<meta property=\"og:image:height\" content=\"697\" \/>\n\t<meta property=\"og:image:type\" content=\"image\/jpeg\" \/>\n<meta name=\"author\" content=\"Tom\u00e1\u0161 Koppl\" \/>\n<meta name=\"twitter:card\" content=\"summary_large_image\" \/>\n<meta name=\"twitter:label1\" content=\"Written by\" \/>\n\t<meta name=\"twitter:data1\" content=\"Tom\u00e1\u0161 Koppl\" \/>\n\t<meta name=\"twitter:label2\" content=\"Est. reading time\" \/>\n\t<meta name=\"twitter:data2\" content=\"3 minutes\" \/>\n<script type=\"application\/ld+json\" class=\"yoast-schema-graph\">{\"@context\":\"https:\/\/schema.org\",\"@graph\":[{\"@type\":\"Article\",\"@id\":\"https:\/\/www.smedemokrati.sk\/plan-pomoci-ludom-volebny-program-strany-demokrati\/#article\",\"isPartOf\":{\"@id\":\"https:\/\/www.smedemokrati.sk\/plan-pomoci-ludom-volebny-program-strany-demokrati\/\"},\"author\":{\"name\":\"Tom\u00e1\u0161 Koppl\",\"@id\":\"https:\/\/www.smedemokrati.sk\/#\/schema\/person\/c60720f4b9955b3c1ed222ebd1fbbc7c\"},\"headline\":\"Pl\u00e1n pomoci \u013eu\u010fom &#8211; volebn\u00fd program strany Demokrati\",\"datePublished\":\"2023-09-12T09:11:12+00:00\",\"dateModified\":\"2023-11-07T15:46:46+00:00\",\"mainEntityOfPage\":{\"@id\":\"https:\/\/www.smedemokrati.sk\/plan-pomoci-ludom-volebny-program-strany-demokrati\/\"},\"wordCount\":751,\"publisher\":{\"@id\":\"https:\/\/www.smedemokrati.sk\/#organization\"},\"image\":{\"@id\":\"https:\/\/www.smedemokrati.sk\/plan-pomoci-ludom-volebny-program-strany-demokrati\/#primaryimage\"},\"thumbnailUrl\":\"https:\/\/www.smedemokrati.sk\/wp-content\/uploads\/2023\/09\/plan.jpg\",\"articleSection\":[\"Tla\u010dov\u00e9 spr\u00e1vy\"],\"inLanguage\":\"en-US\"},{\"@type\":\"WebPage\",\"@id\":\"https:\/\/www.smedemokrati.sk\/plan-pomoci-ludom-volebny-program-strany-demokrati\/\",\"url\":\"https:\/\/www.smedemokrati.sk\/plan-pomoci-ludom-volebny-program-strany-demokrati\/\",\"name\":\"Pl\u00e1n pomoci \u013eu\u010fom - volebn\u00fd program strany Demokrati - Smedemokrati.sk\",\"isPartOf\":{\"@id\":\"https:\/\/www.smedemokrati.sk\/#website\"},\"primaryImageOfPage\":{\"@id\":\"https:\/\/www.smedemokrati.sk\/plan-pomoci-ludom-volebny-program-strany-demokrati\/#primaryimage\"},\"image\":{\"@id\":\"https:\/\/www.smedemokrati.sk\/plan-pomoci-ludom-volebny-program-strany-demokrati\/#primaryimage\"},\"thumbnailUrl\":\"https:\/\/www.smedemokrati.sk\/wp-content\/uploads\/2023\/09\/plan.jpg\",\"datePublished\":\"2023-09-12T09:11:12+00:00\",\"dateModified\":\"2023-11-07T15:46:46+00:00\",\"breadcrumb\":{\"@id\":\"https:\/\/www.smedemokrati.sk\/plan-pomoci-ludom-volebny-program-strany-demokrati\/#breadcrumb\"},\"inLanguage\":\"en-US\",\"potentialAction\":[{\"@type\":\"ReadAction\",\"target\":[\"https:\/\/www.smedemokrati.sk\/plan-pomoci-ludom-volebny-program-strany-demokrati\/\"]}]},{\"@type\":\"ImageObject\",\"inLanguage\":\"en-US\",\"@id\":\"https:\/\/www.smedemokrati.sk\/plan-pomoci-ludom-volebny-program-strany-demokrati\/#primaryimage\",\"url\":\"https:\/\/www.smedemokrati.sk\/wp-content\/uploads\/2023\/09\/plan.jpg\",\"contentUrl\":\"https:\/\/www.smedemokrati.sk\/wp-content\/uploads\/2023\/09\/plan.jpg\",\"width\":1200,\"height\":697},{\"@type\":\"BreadcrumbList\",\"@id\":\"https:\/\/www.smedemokrati.sk\/plan-pomoci-ludom-volebny-program-strany-demokrati\/#breadcrumb\",\"itemListElement\":[{\"@type\":\"ListItem\",\"position\":1,\"name\":\"Domovsk\u00e1 str\u00e1nka\",\"item\":\"https:\/\/www.smedemokrati.sk\/\"},{\"@type\":\"ListItem\",\"position\":2,\"name\":\"Pl\u00e1n pomoci \u013eu\u010fom &#8211; volebn\u00fd program strany Demokrati\"}]},{\"@type\":\"WebSite\",\"@id\":\"https:\/\/www.smedemokrati.sk\/#website\",\"url\":\"https:\/\/www.smedemokrati.sk\/\",\"name\":\"Smedemokrati.sk\",\"description\":\"Demokracia a slu\u0161nos\u0165 zv\u00ed\u0165az\u00ed\",\"publisher\":{\"@id\":\"https:\/\/www.smedemokrati.sk\/#organization\"},\"potentialAction\":[{\"@type\":\"SearchAction\",\"target\":{\"@type\":\"EntryPoint\",\"urlTemplate\":\"https:\/\/www.smedemokrati.sk\/?s={search_term_string}\"},\"query-input\":{\"@type\":\"PropertyValueSpecification\",\"valueRequired\":true,\"valueName\":\"search_term_string\"}}],\"inLanguage\":\"en-US\"},{\"@type\":\"Organization\",\"@id\":\"https:\/\/www.smedemokrati.sk\/#organization\",\"name\":\"Smedemokrati.sk\",\"url\":\"https:\/\/www.smedemokrati.sk\/\",\"logo\":{\"@type\":\"ImageObject\",\"inLanguage\":\"en-US\",\"@id\":\"https:\/\/www.smedemokrati.sk\/#\/schema\/logo\/image\/\",\"url\":\"https:\/\/www.smedemokrati.sk\/wp-content\/uploads\/2023\/04\/ff.002.jpeg\",\"contentUrl\":\"https:\/\/www.smedemokrati.sk\/wp-content\/uploads\/2023\/04\/ff.002.jpeg\",\"width\":640,\"height\":480,\"caption\":\"Smedemokrati.sk\"},\"image\":{\"@id\":\"https:\/\/www.smedemokrati.sk\/#\/schema\/logo\/image\/\"},\"sameAs\":[\"https:\/\/www.facebook.com\/smedemokrati2023\"]},{\"@type\":\"Person\",\"@id\":\"https:\/\/www.smedemokrati.sk\/#\/schema\/person\/c60720f4b9955b3c1ed222ebd1fbbc7c\",\"name\":\"Tom\u00e1\u0161 Koppl\",\"image\":{\"@type\":\"ImageObject\",\"inLanguage\":\"en-US\",\"@id\":\"https:\/\/secure.gravatar.com\/avatar\/8dfa38373c5e39821baf74c8e867a6f12e12c6dab6559aa999d10703b0b1c4ce?s=96&d=mm&r=g\",\"url\":\"https:\/\/secure.gravatar.com\/avatar\/8dfa38373c5e39821baf74c8e867a6f12e12c6dab6559aa999d10703b0b1c4ce?s=96&d=mm&r=g\",\"contentUrl\":\"https:\/\/secure.gravatar.com\/avatar\/8dfa38373c5e39821baf74c8e867a6f12e12c6dab6559aa999d10703b0b1c4ce?s=96&d=mm&r=g\",\"caption\":\"Tom\u00e1\u0161 Koppl\"},\"url\":\"https:\/\/www.smedemokrati.sk\/en\/author\/tomaskoppl\/\"}]}<\/script>\n<!-- \/ Yoast SEO plugin. -->","yoast_head_json":{"title":"Pl\u00e1n pomoci \u013eu\u010fom - volebn\u00fd program strany Demokrati - Smedemokrati.sk","robots":{"index":"index","follow":"follow","max-snippet":"max-snippet:-1","max-image-preview":"max-image-preview:large","max-video-preview":"max-video-preview:-1"},"canonical":"https:\/\/www.smedemokrati.sk\/en\/plan-pomoci-ludom-volebny-program-strany-demokrati\/","og_locale":"en_US","og_type":"article","og_title":"Pl\u00e1n pomoci \u013eu\u010fom - volebn\u00fd program strany Demokrati - Smedemokrati.sk","og_description":"Strana Demokrati predstavila volebn\u00fd program. Predseda strany Eduard Heger uviedol, \u017ee vo volebnom programe Demokratov s\u00fa nepopulistick\u00e9 rie\u0161enia. \u201eNen\u00e1jdete tam jedno populistick\u00e9 opatrenie. Naopak s\u00fa to opatrenia, ktor\u00e9 Slovensko pos\u00favaj\u00fa dopredu a robia z n\u00e1s modern\u00fa a demokratick\u00fa krajinu. Krajinu, kde v\u0161etci chceme \u017ei\u0165. Dovol\u00edm poveda\u0165, \u017ee toto je program, ktor\u00fd je mo\u017en\u00e9 realizova\u0165 okam\u017eite, [&hellip;]","og_url":"https:\/\/www.smedemokrati.sk\/en\/plan-pomoci-ludom-volebny-program-strany-demokrati\/","og_site_name":"Smedemokrati.sk","article_publisher":"https:\/\/www.facebook.com\/smedemokrati2023","article_published_time":"2023-09-12T09:11:12+00:00","article_modified_time":"2023-11-07T15:46:46+00:00","og_image":[{"width":1200,"height":697,"url":"https:\/\/www.smedemokrati.sk\/wp-content\/uploads\/2023\/09\/plan.jpg","type":"image\/jpeg"}],"author":"Tom\u00e1\u0161 Koppl","twitter_card":"summary_large_image","twitter_misc":{"Written by":"Tom\u00e1\u0161 Koppl","Est. reading time":"3 minutes"},"schema":{"@context":"https:\/\/schema.org","@graph":[{"@type":"Article","@id":"https:\/\/www.smedemokrati.sk\/plan-pomoci-ludom-volebny-program-strany-demokrati\/#article","isPartOf":{"@id":"https:\/\/www.smedemokrati.sk\/plan-pomoci-ludom-volebny-program-strany-demokrati\/"},"author":{"name":"Tom\u00e1\u0161 Koppl","@id":"https:\/\/www.smedemokrati.sk\/#\/schema\/person\/c60720f4b9955b3c1ed222ebd1fbbc7c"},"headline":"Pl\u00e1n pomoci \u013eu\u010fom &#8211; volebn\u00fd program strany Demokrati","datePublished":"2023-09-12T09:11:12+00:00","dateModified":"2023-11-07T15:46:46+00:00","mainEntityOfPage":{"@id":"https:\/\/www.smedemokrati.sk\/plan-pomoci-ludom-volebny-program-strany-demokrati\/"},"wordCount":751,"publisher":{"@id":"https:\/\/www.smedemokrati.sk\/#organization"},"image":{"@id":"https:\/\/www.smedemokrati.sk\/plan-pomoci-ludom-volebny-program-strany-demokrati\/#primaryimage"},"thumbnailUrl":"https:\/\/www.smedemokrati.sk\/wp-content\/uploads\/2023\/09\/plan.jpg","articleSection":["Tla\u010dov\u00e9 spr\u00e1vy"],"inLanguage":"en-US"},{"@type":"WebPage","@id":"https:\/\/www.smedemokrati.sk\/plan-pomoci-ludom-volebny-program-strany-demokrati\/","url":"https:\/\/www.smedemokrati.sk\/plan-pomoci-ludom-volebny-program-strany-demokrati\/","name":"Pl\u00e1n pomoci \u013eu\u010fom - volebn\u00fd program strany Demokrati - Smedemokrati.sk","isPartOf":{"@id":"https:\/\/www.smedemokrati.sk\/#website"},"primaryImageOfPage":{"@id":"https:\/\/www.smedemokrati.sk\/plan-pomoci-ludom-volebny-program-strany-demokrati\/#primaryimage"},"image":{"@id":"https:\/\/www.smedemokrati.sk\/plan-pomoci-ludom-volebny-program-strany-demokrati\/#primaryimage"},"thumbnailUrl":"https:\/\/www.smedemokrati.sk\/wp-content\/uploads\/2023\/09\/plan.jpg","datePublished":"2023-09-12T09:11:12+00:00","dateModified":"2023-11-07T15:46:46+00:00","breadcrumb":{"@id":"https:\/\/www.smedemokrati.sk\/plan-pomoci-ludom-volebny-program-strany-demokrati\/#breadcrumb"},"inLanguage":"en-US","potentialAction":[{"@type":"ReadAction","target":["https:\/\/www.smedemokrati.sk\/plan-pomoci-ludom-volebny-program-strany-demokrati\/"]}]},{"@type":"ImageObject","inLanguage":"en-US","@id":"https:\/\/www.smedemokrati.sk\/plan-pomoci-ludom-volebny-program-strany-demokrati\/#primaryimage","url":"https:\/\/www.smedemokrati.sk\/wp-content\/uploads\/2023\/09\/plan.jpg","contentUrl":"https:\/\/www.smedemokrati.sk\/wp-content\/uploads\/2023\/09\/plan.jpg","width":1200,"height":697},{"@type":"BreadcrumbList","@id":"https:\/\/www.smedemokrati.sk\/plan-pomoci-ludom-volebny-program-strany-demokrati\/#breadcrumb","itemListElement":[{"@type":"ListItem","position":1,"name":"Domovsk\u00e1 str\u00e1nka","item":"https:\/\/www.smedemokrati.sk\/"},{"@type":"ListItem","position":2,"name":"Pl\u00e1n pomoci \u013eu\u010fom &#8211; volebn\u00fd program strany Demokrati"}]},{"@type":"WebSite","@id":"https:\/\/www.smedemokrati.sk\/#website","url":"https:\/\/www.smedemokrati.sk\/","name":"Smedemokrati.sk","description":"Demokracia a slu\u0161nos\u0165 zv\u00ed\u0165az\u00ed","publisher":{"@id":"https:\/\/www.smedemokrati.sk\/#organization"},"potentialAction":[{"@type":"SearchAction","target":{"@type":"EntryPoint","urlTemplate":"https:\/\/www.smedemokrati.sk\/?s={search_term_string}"},"query-input":{"@type":"PropertyValueSpecification","valueRequired":true,"valueName":"search_term_string"}}],"inLanguage":"en-US"},{"@type":"Organization","@id":"https:\/\/www.smedemokrati.sk\/#organization","name":"Smedemokrati.sk","url":"https:\/\/www.smedemokrati.sk\/","logo":{"@type":"ImageObject","inLanguage":"en-US","@id":"https:\/\/www.smedemokrati.sk\/#\/schema\/logo\/image\/","url":"https:\/\/www.smedemokrati.sk\/wp-content\/uploads\/2023\/04\/ff.002.jpeg","contentUrl":"https:\/\/www.smedemokrati.sk\/wp-content\/uploads\/2023\/04\/ff.002.jpeg","width":640,"height":480,"caption":"Smedemokrati.sk"},"image":{"@id":"https:\/\/www.smedemokrati.sk\/#\/schema\/logo\/image\/"},"sameAs":["https:\/\/www.facebook.com\/smedemokrati2023"]},{"@type":"Person","@id":"https:\/\/www.smedemokrati.sk\/#\/schema\/person\/c60720f4b9955b3c1ed222ebd1fbbc7c","name":"Tom\u00e1\u0161 Koppl","image":{"@type":"ImageObject","inLanguage":"en-US","@id":"https:\/\/secure.gravatar.com\/avatar\/8dfa38373c5e39821baf74c8e867a6f12e12c6dab6559aa999d10703b0b1c4ce?s=96&d=mm&r=g","url":"https:\/\/secure.gravatar.com\/avatar\/8dfa38373c5e39821baf74c8e867a6f12e12c6dab6559aa999d10703b0b1c4ce?s=96&d=mm&r=g","contentUrl":"https:\/\/secure.gravatar.com\/avatar\/8dfa38373c5e39821baf74c8e867a6f12e12c6dab6559aa999d10703b0b1c4ce?s=96&d=mm&r=g","caption":"Tom\u00e1\u0161 Koppl"},"url":"https:\/\/www.smedemokrati.sk\/en\/author\/tomaskoppl\/"}]}},"_links":{"self":[{"href":"https:\/\/www.smedemokrati.sk\/en\/wp-json\/wp\/v2\/posts\/1951","targetHints":{"allow":["GET"]}}],"collection":[{"href":"https:\/\/www.smedemokrati.sk\/en\/wp-json\/wp\/v2\/posts"}],"about":[{"href":"https:\/\/www.smedemokrati.sk\/en\/wp-json\/wp\/v2\/types\/post"}],"author":[{"embeddable":true,"href":"https:\/\/www.smedemokrati.sk\/en\/wp-json\/wp\/v2\/users\/7"}],"replies":[{"embeddable":true,"href":"https:\/\/www.smedemokrati.sk\/en\/wp-json\/wp\/v2\/comments?post=1951"}],"version-history":[{"count":2,"href":"https:\/\/www.smedemokrati.sk\/en\/wp-json\/wp\/v2\/posts\/1951\/revisions"}],"predecessor-version":[{"id":2247,"href":"https:\/\/www.smedemokrati.sk\/en\/wp-json\/wp\/v2\/posts\/1951\/revisions\/2247"}],"wp:featuredmedia":[{"embeddable":true,"href":"https:\/\/www.smedemokrati.sk\/en\/wp-json\/wp\/v2\/media\/1952"}],"wp:attachment":[{"href":"https:\/\/www.smedemokrati.sk\/en\/wp-json\/wp\/v2\/media?parent=1951"}],"wp:term":[{"taxonomy":"category","embeddable":true,"href":"https:\/\/www.smedemokrati.sk\/en\/wp-json\/wp\/v2\/categories?post=1951"},{"taxonomy":"post_tag","embeddable":true,"href":"https:\/\/www.smedemokrati.sk\/en\/wp-json\/wp\/v2\/tags?post=1951"}],"curies":[{"name":"wp","href":"https:\/\/api.w.org\/{rel}","templated":true}]}}