{"id":1838,"date":"2023-08-29T13:28:18","date_gmt":"2023-08-29T11:28:18","guid":{"rendered":"https:\/\/www.smedemokrati.sk\/?p=1838"},"modified":"2023-08-30T16:26:10","modified_gmt":"2023-08-30T14:26:10","slug":"nenechajme-si-ukradnut-snp-nenechajme-si-ukradnut-slovensko","status":"publish","type":"post","link":"https:\/\/www.smedemokrati.sk\/en\/nenechajme-si-ukradnut-snp-nenechajme-si-ukradnut-slovensko\/","title":{"rendered":"Nenechajme si ukradn\u00fa\u0165 SNP. Nenechajme si ukradn\u00fa\u0165 Slovensko"},"content":{"rendered":"<div id=\"fb-root\"><\/div>\n\n<p>Dnes si pripom\u00edname jednu z najd\u00f4le\u017eitej\u0161\u00edch udalost\u00ed v na\u0161ej hist\u00f3rii \u2013 za\u010diatok Slovensk\u00e9ho n\u00e1rodn\u00e9ho povstania. Pred 79 rokmi sa v tento de\u0148 tis\u00edce Slov\u00e1kov zdvihli v odv\u00e1\u017enom akte vzdoru proti nacisticko &#8211; fa\u0161istickej okup\u00e1cii, bojuj\u00fac za hodnoty slobody, demokracie a spravodlivosti.<\/p>\n\n\n\n<p>\u201eV\u00fdro\u010die SNP je pre m\u0148a spomienkou na vzdor Slov\u00e1kov a Sloveniek proti zdanlivo nevyhnutn\u00e9mu zlu. T\u00e1to pripomienka odvahy a odhodlania bojova\u0165 za bud\u00facnos\u0165 krajiny je aj dnes viac, ne\u017e aktu\u00e1lna. Hist\u00f3ria n\u00e1m d\u00e1va n\u00e1vod ako sa nevzda\u0165, ako bojova\u0165 za slobodu. Preto aj dnes mus\u00edme zosta\u0165 odhodlan\u00ed a nedopusti\u0165, aby n\u00e1m na\u0161e slobodn\u00e9 Slovensko a princ\u00edpy SNP ukradli extr\u00e9mistick\u00e9 sily,\u201c hovor\u00ed Andrea Letanovsk\u00e1.<\/p>\n\n\n\n<p>\u201eSlovensk\u00e9 n\u00e1rodn\u00e9 povstanie je o \u013eu\u010foch, ktor\u00ed sa nev\u00e1hali postavi\u0165 zlu a hoc mali minim\u00e1lne vyhliadky na v\u00ed\u0165azstvo, vytrvali a\u017e do konca. Preto\u017ee tak\u00fd je slu\u0161n\u00fd a spravodliv\u00fd boj. Bojova\u0165 \u010destne a do konca. Za slobodu a demokraciu. Pam\u00e4tajme nielen na t\u00fdch, ktor\u00ed bojovali proti hr\u00f4zam druhej svetovej vojny. Pam\u00e4tajme aj na t\u00fdch, ktor\u00ed sa stali obe\u0165ami t\u00fdch hr\u00f4z a zaplatili za to \u017eivotom. Pam\u00e4tajme na t\u00fdch, ktor\u00ed ke\u010f zlo dopadalo na nevinn\u00fdch, nestr\u00e1nili zrak bokom a postavili sa mu,\u201c kon\u0161tatuje Eduard Heger.<\/p>\n\n\n\n<p>\u201e77500-kr\u00e1t \u010fakujeme. Tak\u00fdto bol po\u010det povstaleck\u00fdch vojakov, ktor\u00ed v rozhoduj\u00facom z\u00e1pase o na\u0161u slobodu, integritu a n\u00e1rodn\u00fa d\u00f4stojnos\u0165 pon\u00fakli v\u0161etko na obranu svojej vlasti. Svoj \u017eivot, zdravie, majetok, svoje bezstarostn\u00e9 dospievanie, ale aj svoje posledn\u00e9 sily, ktor\u00e9 boli v sebe schopn\u00ed zozbiera\u0165. Vy\u0161e 30 kraj\u00edn n\u00e1m pred 79 rokmi pri\u0161lo na pomoc. A bez ich person\u00e1lnych pos\u00edl, vr\u00e1tane vojenskej techniky by sa dejiny na\u0161ej krajiny p\u00edsali inak,\u201c pripom\u00edna Jaroslav Na\u010f.<\/p>\n\n\n\n<p>\u201ePros\u00edm, bu\u010fme na\u010falej hodn\u00ed odkazu SNP, v\u0161etk\u00fdch padl\u00fdch a trpiacich, v\u010faka ktor\u00fdm dnes d\u00fdchame slobodn\u00fd vzduch. Bu\u010fme podobne, ako na\u0161i pradedovia, spolo\u010dn\u00fdmi budovate\u013emi siln\u00e9ho demokratick\u00e9ho \u0161t\u00e1tu, dobre a hrdo funguj\u00faceho v bezpe\u010dnostn\u00fdch a eur\u00f3pskych \u0161trukt\u00farach. A v neposlednom rade, bu\u010fme k sebe dnes lep\u0161\u00ed, ako sme boli v\u010dera,\u201c dop\u013a\u0148a Na\u010f.<\/p>\n\n\n\n<p>\u201eJe na\u0161ou mor\u00e1lnou a ob\u010dianskou povinnos\u0165ou cti\u0165 pamiatku t\u00fdch, ktor\u00ed svoje \u017eivoty polo\u017eili alebo ohrozili za lep\u0161iu bud\u00facnos\u0165 n\u00e1\u0161ho n\u00e1roda. Nech n\u00e1m ich pr\u00edklad pripom\u00edna, ak\u00e1 drah\u00e1 je cena slobody a ak\u00fa zodpovednos\u0165 m\u00e1me ako ob\u010dania za ochranu a udr\u017eiavanie hodn\u00f4t, za ktor\u00e9 bojovali. Vzdor je potrebn\u00fd aj dnes, preto\u017ee hroz\u00ed, \u017ee fa\u0161istick\u00e9 n\u00e1zory sa po septembrov\u00fdch vo\u013eb\u00e1ch m\u00f4\u017eu dosta\u0165 k moci,\u201c hovor\u00ed na z\u00e1ver Juraj \u0160eliga.<\/p>\n\n\n\n<p class=\"has-text-align-right\"><em>Zdroj foto: arch\u00edv m\u00fazea SNP<\/em><\/p>\n","protected":false},"excerpt":{"rendered":"<p>Dnes si pripom\u00edname jednu z najd\u00f4le\u017eitej\u0161\u00edch udalost\u00ed v na\u0161ej hist\u00f3rii \u2013 za\u010diatok Slovensk\u00e9ho n\u00e1rodn\u00e9ho povstania. Pred 79 rokmi sa v tento de\u0148 tis\u00edce Slov\u00e1kov zdvihli v odv\u00e1\u017enom akte vzdoru proti nacisticko &#8211; fa\u0161istickej okup\u00e1cii, bojuj\u00fac za hodnoty slobody, demokracie a spravodlivosti. \u201eV\u00fdro\u010die SNP je pre m\u0148a spomienkou na vzdor Slov\u00e1kov a Sloveniek proti zdanlivo nevyhnutn\u00e9mu [&hellip;]<\/p>\n","protected":false},"author":7,"featured_media":1839,"comment_status":"closed","ping_status":"closed","sticky":false,"template":"","format":"standard","meta":{"_acf_changed":false,"ngg_post_thumbnail":0,"footnotes":""},"categories":[4],"tags":[],"class_list":["post-1838","post","type-post","status-publish","format-standard","has-post-thumbnail","hentry","category-tlacove-spravy"],"acf":[],"yoast_head":"<!-- This site is optimized with the Yoast SEO plugin v27.2 - https:\/\/yoast.com\/product\/yoast-seo-wordpress\/ -->\n<title>Nenechajme si ukradn\u00fa\u0165 SNP. Nenechajme si ukradn\u00fa\u0165 Slovensko - Smedemokrati.sk<\/title>\n<meta name=\"robots\" content=\"index, follow, max-snippet:-1, max-image-preview:large, max-video-preview:-1\" \/>\n<link rel=\"canonical\" href=\"https:\/\/www.smedemokrati.sk\/en\/nenechajme-si-ukradnut-snp-nenechajme-si-ukradnut-slovensko\/\" \/>\n<meta property=\"og:locale\" content=\"en_US\" \/>\n<meta property=\"og:locale:alternate\" content=\"cs_CZ\" \/>\n<meta property=\"og:locale:alternate\" content=\"hu_HU\" \/>\n<meta property=\"og:locale:alternate\" content=\"sk_SK\" \/>\n<meta property=\"og:locale:alternate\" content=\"sv_SE\" \/>\n<meta property=\"og:type\" content=\"article\" \/>\n<meta property=\"og:title\" content=\"Nenechajme si ukradn\u00fa\u0165 SNP. Nenechajme si ukradn\u00fa\u0165 Slovensko - Smedemokrati.sk\" \/>\n<meta property=\"og:description\" content=\"Dnes si pripom\u00edname jednu z najd\u00f4le\u017eitej\u0161\u00edch udalost\u00ed v na\u0161ej hist\u00f3rii \u2013 za\u010diatok Slovensk\u00e9ho n\u00e1rodn\u00e9ho povstania. Pred 79 rokmi sa v tento de\u0148 tis\u00edce Slov\u00e1kov zdvihli v odv\u00e1\u017enom akte vzdoru proti nacisticko &#8211; fa\u0161istickej okup\u00e1cii, bojuj\u00fac za hodnoty slobody, demokracie a spravodlivosti. \u201eV\u00fdro\u010die SNP je pre m\u0148a spomienkou na vzdor Slov\u00e1kov a Sloveniek proti zdanlivo nevyhnutn\u00e9mu [&hellip;]\" \/>\n<meta property=\"og:url\" content=\"https:\/\/www.smedemokrati.sk\/en\/nenechajme-si-ukradnut-snp-nenechajme-si-ukradnut-slovensko\/\" \/>\n<meta property=\"og:site_name\" content=\"Smedemokrati.sk\" \/>\n<meta property=\"article:publisher\" content=\"https:\/\/www.facebook.com\/smedemokrati2023\" \/>\n<meta property=\"article:published_time\" content=\"2023-08-29T11:28:18+00:00\" \/>\n<meta property=\"article:modified_time\" content=\"2023-08-30T14:26:10+00:00\" \/>\n<meta property=\"og:image\" content=\"https:\/\/www.smedemokrati.sk\/wp-content\/uploads\/2023\/08\/4468531_1200x.jpg\" \/>\n\t<meta property=\"og:image:width\" content=\"1200\" \/>\n\t<meta property=\"og:image:height\" content=\"810\" \/>\n\t<meta property=\"og:image:type\" content=\"image\/jpeg\" \/>\n<meta name=\"author\" content=\"Tom\u00e1\u0161 Koppl\" \/>\n<meta name=\"twitter:card\" content=\"summary_large_image\" \/>\n<meta name=\"twitter:label1\" content=\"Written by\" \/>\n\t<meta name=\"twitter:data1\" content=\"Tom\u00e1\u0161 Koppl\" \/>\n\t<meta name=\"twitter:label2\" content=\"Est. reading time\" \/>\n\t<meta name=\"twitter:data2\" content=\"3 minutes\" \/>\n<script type=\"application\/ld+json\" class=\"yoast-schema-graph\">{\"@context\":\"https:\/\/schema.org\",\"@graph\":[{\"@type\":\"Article\",\"@id\":\"https:\/\/www.smedemokrati.sk\/nenechajme-si-ukradnut-snp-nenechajme-si-ukradnut-slovensko\/#article\",\"isPartOf\":{\"@id\":\"https:\/\/www.smedemokrati.sk\/nenechajme-si-ukradnut-snp-nenechajme-si-ukradnut-slovensko\/\"},\"author\":{\"name\":\"Tom\u00e1\u0161 Koppl\",\"@id\":\"https:\/\/www.smedemokrati.sk\/#\/schema\/person\/c60720f4b9955b3c1ed222ebd1fbbc7c\"},\"headline\":\"Nenechajme si ukradn\u00fa\u0165 SNP. Nenechajme si ukradn\u00fa\u0165 Slovensko\",\"datePublished\":\"2023-08-29T11:28:18+00:00\",\"dateModified\":\"2023-08-30T14:26:10+00:00\",\"mainEntityOfPage\":{\"@id\":\"https:\/\/www.smedemokrati.sk\/nenechajme-si-ukradnut-snp-nenechajme-si-ukradnut-slovensko\/\"},\"wordCount\":509,\"publisher\":{\"@id\":\"https:\/\/www.smedemokrati.sk\/#organization\"},\"image\":{\"@id\":\"https:\/\/www.smedemokrati.sk\/nenechajme-si-ukradnut-snp-nenechajme-si-ukradnut-slovensko\/#primaryimage\"},\"thumbnailUrl\":\"https:\/\/www.smedemokrati.sk\/wp-content\/uploads\/2023\/08\/4468531_1200x.jpg\",\"articleSection\":[\"Tla\u010dov\u00e9 spr\u00e1vy\"],\"inLanguage\":\"en-US\"},{\"@type\":\"WebPage\",\"@id\":\"https:\/\/www.smedemokrati.sk\/nenechajme-si-ukradnut-snp-nenechajme-si-ukradnut-slovensko\/\",\"url\":\"https:\/\/www.smedemokrati.sk\/nenechajme-si-ukradnut-snp-nenechajme-si-ukradnut-slovensko\/\",\"name\":\"Nenechajme si ukradn\u00fa\u0165 SNP. Nenechajme si ukradn\u00fa\u0165 Slovensko - Smedemokrati.sk\",\"isPartOf\":{\"@id\":\"https:\/\/www.smedemokrati.sk\/#website\"},\"primaryImageOfPage\":{\"@id\":\"https:\/\/www.smedemokrati.sk\/nenechajme-si-ukradnut-snp-nenechajme-si-ukradnut-slovensko\/#primaryimage\"},\"image\":{\"@id\":\"https:\/\/www.smedemokrati.sk\/nenechajme-si-ukradnut-snp-nenechajme-si-ukradnut-slovensko\/#primaryimage\"},\"thumbnailUrl\":\"https:\/\/www.smedemokrati.sk\/wp-content\/uploads\/2023\/08\/4468531_1200x.jpg\",\"datePublished\":\"2023-08-29T11:28:18+00:00\",\"dateModified\":\"2023-08-30T14:26:10+00:00\",\"breadcrumb\":{\"@id\":\"https:\/\/www.smedemokrati.sk\/nenechajme-si-ukradnut-snp-nenechajme-si-ukradnut-slovensko\/#breadcrumb\"},\"inLanguage\":\"en-US\",\"potentialAction\":[{\"@type\":\"ReadAction\",\"target\":[\"https:\/\/www.smedemokrati.sk\/nenechajme-si-ukradnut-snp-nenechajme-si-ukradnut-slovensko\/\"]}]},{\"@type\":\"ImageObject\",\"inLanguage\":\"en-US\",\"@id\":\"https:\/\/www.smedemokrati.sk\/nenechajme-si-ukradnut-snp-nenechajme-si-ukradnut-slovensko\/#primaryimage\",\"url\":\"https:\/\/www.smedemokrati.sk\/wp-content\/uploads\/2023\/08\/4468531_1200x.jpg\",\"contentUrl\":\"https:\/\/www.smedemokrati.sk\/wp-content\/uploads\/2023\/08\/4468531_1200x.jpg\",\"width\":1200,\"height\":810},{\"@type\":\"BreadcrumbList\",\"@id\":\"https:\/\/www.smedemokrati.sk\/nenechajme-si-ukradnut-snp-nenechajme-si-ukradnut-slovensko\/#breadcrumb\",\"itemListElement\":[{\"@type\":\"ListItem\",\"position\":1,\"name\":\"Domovsk\u00e1 str\u00e1nka\",\"item\":\"https:\/\/www.smedemokrati.sk\/\"},{\"@type\":\"ListItem\",\"position\":2,\"name\":\"Nenechajme si ukradn\u00fa\u0165 SNP. Nenechajme si ukradn\u00fa\u0165 Slovensko\"}]},{\"@type\":\"WebSite\",\"@id\":\"https:\/\/www.smedemokrati.sk\/#website\",\"url\":\"https:\/\/www.smedemokrati.sk\/\",\"name\":\"Smedemokrati.sk\",\"description\":\"Demokracia a slu\u0161nos\u0165 zv\u00ed\u0165az\u00ed\",\"publisher\":{\"@id\":\"https:\/\/www.smedemokrati.sk\/#organization\"},\"potentialAction\":[{\"@type\":\"SearchAction\",\"target\":{\"@type\":\"EntryPoint\",\"urlTemplate\":\"https:\/\/www.smedemokrati.sk\/?s={search_term_string}\"},\"query-input\":{\"@type\":\"PropertyValueSpecification\",\"valueRequired\":true,\"valueName\":\"search_term_string\"}}],\"inLanguage\":\"en-US\"},{\"@type\":\"Organization\",\"@id\":\"https:\/\/www.smedemokrati.sk\/#organization\",\"name\":\"Smedemokrati.sk\",\"url\":\"https:\/\/www.smedemokrati.sk\/\",\"logo\":{\"@type\":\"ImageObject\",\"inLanguage\":\"en-US\",\"@id\":\"https:\/\/www.smedemokrati.sk\/#\/schema\/logo\/image\/\",\"url\":\"https:\/\/www.smedemokrati.sk\/wp-content\/uploads\/2023\/04\/ff.002.jpeg\",\"contentUrl\":\"https:\/\/www.smedemokrati.sk\/wp-content\/uploads\/2023\/04\/ff.002.jpeg\",\"width\":640,\"height\":480,\"caption\":\"Smedemokrati.sk\"},\"image\":{\"@id\":\"https:\/\/www.smedemokrati.sk\/#\/schema\/logo\/image\/\"},\"sameAs\":[\"https:\/\/www.facebook.com\/smedemokrati2023\"]},{\"@type\":\"Person\",\"@id\":\"https:\/\/www.smedemokrati.sk\/#\/schema\/person\/c60720f4b9955b3c1ed222ebd1fbbc7c\",\"name\":\"Tom\u00e1\u0161 Koppl\",\"image\":{\"@type\":\"ImageObject\",\"inLanguage\":\"en-US\",\"@id\":\"https:\/\/secure.gravatar.com\/avatar\/8dfa38373c5e39821baf74c8e867a6f12e12c6dab6559aa999d10703b0b1c4ce?s=96&d=mm&r=g\",\"url\":\"https:\/\/secure.gravatar.com\/avatar\/8dfa38373c5e39821baf74c8e867a6f12e12c6dab6559aa999d10703b0b1c4ce?s=96&d=mm&r=g\",\"contentUrl\":\"https:\/\/secure.gravatar.com\/avatar\/8dfa38373c5e39821baf74c8e867a6f12e12c6dab6559aa999d10703b0b1c4ce?s=96&d=mm&r=g\",\"caption\":\"Tom\u00e1\u0161 Koppl\"},\"url\":\"https:\/\/www.smedemokrati.sk\/en\/author\/tomaskoppl\/\"}]}<\/script>\n<!-- \/ Yoast SEO plugin. -->","yoast_head_json":{"title":"Nenechajme si ukradn\u00fa\u0165 SNP. Nenechajme si ukradn\u00fa\u0165 Slovensko - Smedemokrati.sk","robots":{"index":"index","follow":"follow","max-snippet":"max-snippet:-1","max-image-preview":"max-image-preview:large","max-video-preview":"max-video-preview:-1"},"canonical":"https:\/\/www.smedemokrati.sk\/en\/nenechajme-si-ukradnut-snp-nenechajme-si-ukradnut-slovensko\/","og_locale":"en_US","og_type":"article","og_title":"Nenechajme si ukradn\u00fa\u0165 SNP. Nenechajme si ukradn\u00fa\u0165 Slovensko - Smedemokrati.sk","og_description":"Dnes si pripom\u00edname jednu z najd\u00f4le\u017eitej\u0161\u00edch udalost\u00ed v na\u0161ej hist\u00f3rii \u2013 za\u010diatok Slovensk\u00e9ho n\u00e1rodn\u00e9ho povstania. Pred 79 rokmi sa v tento de\u0148 tis\u00edce Slov\u00e1kov zdvihli v odv\u00e1\u017enom akte vzdoru proti nacisticko &#8211; fa\u0161istickej okup\u00e1cii, bojuj\u00fac za hodnoty slobody, demokracie a spravodlivosti. \u201eV\u00fdro\u010die SNP je pre m\u0148a spomienkou na vzdor Slov\u00e1kov a Sloveniek proti zdanlivo nevyhnutn\u00e9mu [&hellip;]","og_url":"https:\/\/www.smedemokrati.sk\/en\/nenechajme-si-ukradnut-snp-nenechajme-si-ukradnut-slovensko\/","og_site_name":"Smedemokrati.sk","article_publisher":"https:\/\/www.facebook.com\/smedemokrati2023","article_published_time":"2023-08-29T11:28:18+00:00","article_modified_time":"2023-08-30T14:26:10+00:00","og_image":[{"width":1200,"height":810,"url":"https:\/\/www.smedemokrati.sk\/wp-content\/uploads\/2023\/08\/4468531_1200x.jpg","type":"image\/jpeg"}],"author":"Tom\u00e1\u0161 Koppl","twitter_card":"summary_large_image","twitter_misc":{"Written by":"Tom\u00e1\u0161 Koppl","Est. reading time":"3 minutes"},"schema":{"@context":"https:\/\/schema.org","@graph":[{"@type":"Article","@id":"https:\/\/www.smedemokrati.sk\/nenechajme-si-ukradnut-snp-nenechajme-si-ukradnut-slovensko\/#article","isPartOf":{"@id":"https:\/\/www.smedemokrati.sk\/nenechajme-si-ukradnut-snp-nenechajme-si-ukradnut-slovensko\/"},"author":{"name":"Tom\u00e1\u0161 Koppl","@id":"https:\/\/www.smedemokrati.sk\/#\/schema\/person\/c60720f4b9955b3c1ed222ebd1fbbc7c"},"headline":"Nenechajme si ukradn\u00fa\u0165 SNP. Nenechajme si ukradn\u00fa\u0165 Slovensko","datePublished":"2023-08-29T11:28:18+00:00","dateModified":"2023-08-30T14:26:10+00:00","mainEntityOfPage":{"@id":"https:\/\/www.smedemokrati.sk\/nenechajme-si-ukradnut-snp-nenechajme-si-ukradnut-slovensko\/"},"wordCount":509,"publisher":{"@id":"https:\/\/www.smedemokrati.sk\/#organization"},"image":{"@id":"https:\/\/www.smedemokrati.sk\/nenechajme-si-ukradnut-snp-nenechajme-si-ukradnut-slovensko\/#primaryimage"},"thumbnailUrl":"https:\/\/www.smedemokrati.sk\/wp-content\/uploads\/2023\/08\/4468531_1200x.jpg","articleSection":["Tla\u010dov\u00e9 spr\u00e1vy"],"inLanguage":"en-US"},{"@type":"WebPage","@id":"https:\/\/www.smedemokrati.sk\/nenechajme-si-ukradnut-snp-nenechajme-si-ukradnut-slovensko\/","url":"https:\/\/www.smedemokrati.sk\/nenechajme-si-ukradnut-snp-nenechajme-si-ukradnut-slovensko\/","name":"Nenechajme si ukradn\u00fa\u0165 SNP. Nenechajme si ukradn\u00fa\u0165 Slovensko - Smedemokrati.sk","isPartOf":{"@id":"https:\/\/www.smedemokrati.sk\/#website"},"primaryImageOfPage":{"@id":"https:\/\/www.smedemokrati.sk\/nenechajme-si-ukradnut-snp-nenechajme-si-ukradnut-slovensko\/#primaryimage"},"image":{"@id":"https:\/\/www.smedemokrati.sk\/nenechajme-si-ukradnut-snp-nenechajme-si-ukradnut-slovensko\/#primaryimage"},"thumbnailUrl":"https:\/\/www.smedemokrati.sk\/wp-content\/uploads\/2023\/08\/4468531_1200x.jpg","datePublished":"2023-08-29T11:28:18+00:00","dateModified":"2023-08-30T14:26:10+00:00","breadcrumb":{"@id":"https:\/\/www.smedemokrati.sk\/nenechajme-si-ukradnut-snp-nenechajme-si-ukradnut-slovensko\/#breadcrumb"},"inLanguage":"en-US","potentialAction":[{"@type":"ReadAction","target":["https:\/\/www.smedemokrati.sk\/nenechajme-si-ukradnut-snp-nenechajme-si-ukradnut-slovensko\/"]}]},{"@type":"ImageObject","inLanguage":"en-US","@id":"https:\/\/www.smedemokrati.sk\/nenechajme-si-ukradnut-snp-nenechajme-si-ukradnut-slovensko\/#primaryimage","url":"https:\/\/www.smedemokrati.sk\/wp-content\/uploads\/2023\/08\/4468531_1200x.jpg","contentUrl":"https:\/\/www.smedemokrati.sk\/wp-content\/uploads\/2023\/08\/4468531_1200x.jpg","width":1200,"height":810},{"@type":"BreadcrumbList","@id":"https:\/\/www.smedemokrati.sk\/nenechajme-si-ukradnut-snp-nenechajme-si-ukradnut-slovensko\/#breadcrumb","itemListElement":[{"@type":"ListItem","position":1,"name":"Domovsk\u00e1 str\u00e1nka","item":"https:\/\/www.smedemokrati.sk\/"},{"@type":"ListItem","position":2,"name":"Nenechajme si ukradn\u00fa\u0165 SNP. Nenechajme si ukradn\u00fa\u0165 Slovensko"}]},{"@type":"WebSite","@id":"https:\/\/www.smedemokrati.sk\/#website","url":"https:\/\/www.smedemokrati.sk\/","name":"Smedemokrati.sk","description":"Demokracia a slu\u0161nos\u0165 zv\u00ed\u0165az\u00ed","publisher":{"@id":"https:\/\/www.smedemokrati.sk\/#organization"},"potentialAction":[{"@type":"SearchAction","target":{"@type":"EntryPoint","urlTemplate":"https:\/\/www.smedemokrati.sk\/?s={search_term_string}"},"query-input":{"@type":"PropertyValueSpecification","valueRequired":true,"valueName":"search_term_string"}}],"inLanguage":"en-US"},{"@type":"Organization","@id":"https:\/\/www.smedemokrati.sk\/#organization","name":"Smedemokrati.sk","url":"https:\/\/www.smedemokrati.sk\/","logo":{"@type":"ImageObject","inLanguage":"en-US","@id":"https:\/\/www.smedemokrati.sk\/#\/schema\/logo\/image\/","url":"https:\/\/www.smedemokrati.sk\/wp-content\/uploads\/2023\/04\/ff.002.jpeg","contentUrl":"https:\/\/www.smedemokrati.sk\/wp-content\/uploads\/2023\/04\/ff.002.jpeg","width":640,"height":480,"caption":"Smedemokrati.sk"},"image":{"@id":"https:\/\/www.smedemokrati.sk\/#\/schema\/logo\/image\/"},"sameAs":["https:\/\/www.facebook.com\/smedemokrati2023"]},{"@type":"Person","@id":"https:\/\/www.smedemokrati.sk\/#\/schema\/person\/c60720f4b9955b3c1ed222ebd1fbbc7c","name":"Tom\u00e1\u0161 Koppl","image":{"@type":"ImageObject","inLanguage":"en-US","@id":"https:\/\/secure.gravatar.com\/avatar\/8dfa38373c5e39821baf74c8e867a6f12e12c6dab6559aa999d10703b0b1c4ce?s=96&d=mm&r=g","url":"https:\/\/secure.gravatar.com\/avatar\/8dfa38373c5e39821baf74c8e867a6f12e12c6dab6559aa999d10703b0b1c4ce?s=96&d=mm&r=g","contentUrl":"https:\/\/secure.gravatar.com\/avatar\/8dfa38373c5e39821baf74c8e867a6f12e12c6dab6559aa999d10703b0b1c4ce?s=96&d=mm&r=g","caption":"Tom\u00e1\u0161 Koppl"},"url":"https:\/\/www.smedemokrati.sk\/en\/author\/tomaskoppl\/"}]}},"_links":{"self":[{"href":"https:\/\/www.smedemokrati.sk\/en\/wp-json\/wp\/v2\/posts\/1838","targetHints":{"allow":["GET"]}}],"collection":[{"href":"https:\/\/www.smedemokrati.sk\/en\/wp-json\/wp\/v2\/posts"}],"about":[{"href":"https:\/\/www.smedemokrati.sk\/en\/wp-json\/wp\/v2\/types\/post"}],"author":[{"embeddable":true,"href":"https:\/\/www.smedemokrati.sk\/en\/wp-json\/wp\/v2\/users\/7"}],"replies":[{"embeddable":true,"href":"https:\/\/www.smedemokrati.sk\/en\/wp-json\/wp\/v2\/comments?post=1838"}],"version-history":[{"count":2,"href":"https:\/\/www.smedemokrati.sk\/en\/wp-json\/wp\/v2\/posts\/1838\/revisions"}],"predecessor-version":[{"id":1842,"href":"https:\/\/www.smedemokrati.sk\/en\/wp-json\/wp\/v2\/posts\/1838\/revisions\/1842"}],"wp:featuredmedia":[{"embeddable":true,"href":"https:\/\/www.smedemokrati.sk\/en\/wp-json\/wp\/v2\/media\/1839"}],"wp:attachment":[{"href":"https:\/\/www.smedemokrati.sk\/en\/wp-json\/wp\/v2\/media?parent=1838"}],"wp:term":[{"taxonomy":"category","embeddable":true,"href":"https:\/\/www.smedemokrati.sk\/en\/wp-json\/wp\/v2\/categories?post=1838"},{"taxonomy":"post_tag","embeddable":true,"href":"https:\/\/www.smedemokrati.sk\/en\/wp-json\/wp\/v2\/tags?post=1838"}],"curies":[{"name":"wp","href":"https:\/\/api.w.org\/{rel}","templated":true}]}}