{"id":1833,"date":"2023-08-28T18:02:04","date_gmt":"2023-08-28T16:02:04","guid":{"rendered":"https:\/\/www.smedemokrati.sk\/?p=1833"},"modified":"2023-08-28T18:02:06","modified_gmt":"2023-08-28T16:02:06","slug":"zverejnite-list-vyzva-prezidentke-a-premierovi-aby-odtajnili-list-sis","status":"publish","type":"post","link":"https:\/\/www.smedemokrati.sk\/en\/zverejnite-list-vyzva-prezidentke-a-premierovi-aby-odtajnili-list-sis\/","title":{"rendered":"Zverejnite list. V\u00fdzva prezidentke a premi\u00e9rovi, aby odtajnili list SIS"},"content":{"rendered":"<div id=\"fb-root\"><\/div>\n\n<p>Prezidentka a premi\u00e9r by mali urobi\u0165 v\u0161etky pr\u00e1vne kroky vo vz\u0165ahu k vedenie SIS a odtajni\u0165 list, ktor\u00fd tajn\u00e1 slu\u017eba poslala org\u00e1nom Bosny a Hercegoviny v pr\u00edpade udelenia azylu expolicajtovi Ka\u013eavsk\u00e9mu. Vyhl\u00e1sil to \u010dlen predsedn\u00edctva Demokratov a poslanec NR SR Juraj \u0160eliga. Pod\u013ea neho tento list obsahoval zav\u00e1dzaj\u00face inform\u00e1cie, ktor\u00e9 na konci mohli prispie\u0165 k tomu, \u017ee Ka\u013eavsk\u00e9mu bol udelen\u00fd azyl.<\/p>\n\n\n\n<p>\u201e<strong>Slovensk\u00e1 verejnos\u0165 si zasl\u00fa\u017ei pozna\u0165 pravdu, \u010di SIS zaviedla \u00farady v Bosne a Hercegovine a preto p\u00e1novi Ka\u013eavsk\u00e9mu bol udelen\u00fd azyl a nebol vydan\u00fd na Slovensko, kde je ods\u00faden\u00fd za trestn\u00fa \u010dinnos\u0165<\/strong>. Napr\u00edklad vyn\u00e1\u0161anie utajovan\u00fdch inform\u00e1ci\u00ed a \u010fal\u0161ie veci. Pod\u013ea m\u00f4jho n\u00e1zoru, boli v tomto liste neboli pravdiv\u00e9 inform\u00e1cie. Tie mohli zavies\u0165 org\u00e1ny v Bosne a Hercegovine, aby udelili azyl p\u00e1novi Ka\u013eavsk\u00e9mu. V liste vykreslili p\u00e1na Ka\u013eavsk\u00e9ho v inom svetle, ako re\u00e1lne je a podsunuli tam inform\u00e1cie, ktor\u00e9 nezodpovedaj\u00fa realite,\u201d povedal Juraj \u0160eliga s t\u00fdm, \u017ee obsah listu videl na mimoriadnom zasadnut\u00ed v\u00fdboru na kontrolu SIS.<\/p>\n\n\n\n<p>\u201e<strong>Pod\u013ea mojich inform\u00e1ci\u00ed mal tento list podp\u00edsa\u0165 n\u00e1mestn\u00edk SIS p\u00e1n Rul\u00ed\u0161ek<\/strong>, ktor\u00fd je dnes poveren\u00fd veden\u00edm tajnej slu\u017eby. Ak sa potvrd\u00ed, \u017ee tento list odi\u0161iel s vedom\u00edm p\u00e1na Rul\u00ed\u0161ka, pre\u010do ho prezidentka a premi\u00e9r ponechali vies\u0165 tajn\u00fa \u0161lu\u017ebu,\u201d doplnil \u0160eliga.<\/p>\n\n\n\n<p>\u201e<strong>Ak by bol tento list zverejnen\u00fd, rozbil by cel\u00fa Ficovu rozpr\u00e1vku o \u0161t\u00e1tnom prevrate a o \u00fa\u010delovom st\u00edhan\u00ed opoz\u00edcie, naopak jasne by sme videli, \u017ee spravodlivos\u0165 m\u00e1 vo\u013en\u00e9 ruky a vy\u0161etrovatelia pracuj\u00fa nez\u00e1visle. Preto vyz\u00fdvame prezidentku \u010caputov\u00fa a predsedu vl\u00e1dy \u00d3dora, aby si tento list vyp\u00fdtali a po\u017eiadali o jeho odtajnenie. Je to vo verejnom z\u00e1ujme a tento krok by definit\u00edvne ukon\u010dil ak\u00e9ko\u013evek pochybnosti a nez\u00e1vislosti vy\u0161etrovan\u00ed a ka\u017ed\u00e9mu by bolo jasn\u00e9, \u017ee Fico dennodenne klame,<\/strong>\u201d kon\u0161tatoval \u0160eliga.<\/p>\n\n\n\n<p>Podpredseda Demokratov a poslanec NR SR Jaroslav Na\u010f sa p\u00fdta, na z\u00e1klade \u010doho SIS poslala tento list do Bosny a Hercegoviny. \u201eAk to bolo na do\u017eiadanie partnerskej slu\u017eby z Bosny, p\u00fdtam sa \u010di podobn\u00e9 do\u017eiadanie dostalo aj MZV diplomatickou cestou. Ak v\u0161ak SIS proakt\u00edvne pon\u00fakla svoje stanovisko k tejto veci a zaviedla partnersk\u00fa stranu, je to ve\u013emi z\u00e1va\u017en\u00e9 konanie s dopadom aj na status p. Ka\u013eavsk\u00e9ho v Bosne a Hercegovine.\u00a0<strong>Za\u010d\u00edna to vyzera\u0165 tak, \u017ee naozaj tu doch\u00e1dza k deform\u00e1cii trestn\u00e9ho konania, no nie tak, ako hovor\u00ed Fico, \u017ee proti nemu a jeho \u013eu\u010fom, ale v ich prospech,<\/strong>\u201d povedal Na\u010f. Ten \u010falej povedal, \u017ee o zru\u0161en\u00ed utajenia tohto listu m\u00f4\u017ee dnes po\u017eiada\u0165 aj samotn\u00fd n\u00e1mestn\u00edk SIS.\u00a0<\/p>\n\n\n\n<p>\u0160eliga na z\u00e1ver pripomenul, \u017ee obvinenie Ka\u013eavsk\u00e9ho v minulosti zru\u0161il gener\u00e1lny prokur\u00e1tor Maro\u0161 \u017dilinka na z\u00e1klade paragrafu 363. Rovnako bolo nez\u00e1konne cez paragraf 363 zastaven\u00e9 vy\u0161etrovanie podozren\u00ed z manipul\u00e1cii vy\u0161etrovan\u00ed na policajnej in\u0161pekcii a to bez toho, aby bolo vznesen\u00e9 obvinenia. Mali sa t\u00fdka\u0165 aj skutkov, ktor\u00e9 sa dnes vy\u0161etruj\u00fa.<\/p>\n","protected":false},"excerpt":{"rendered":"<p>Prezidentka a premi\u00e9r by mali urobi\u0165 v\u0161etky pr\u00e1vne kroky vo vz\u0165ahu k vedenie SIS a odtajni\u0165 list, ktor\u00fd tajn\u00e1 slu\u017eba poslala org\u00e1nom Bosny a Hercegoviny v pr\u00edpade udelenia azylu expolicajtovi Ka\u013eavsk\u00e9mu. Vyhl\u00e1sil to \u010dlen predsedn\u00edctva Demokratov a poslanec NR SR Juraj \u0160eliga. Pod\u013ea neho tento list obsahoval zav\u00e1dzaj\u00face inform\u00e1cie, ktor\u00e9 na konci mohli prispie\u0165 k [&hellip;]<\/p>\n","protected":false},"author":7,"featured_media":713,"comment_status":"closed","ping_status":"closed","sticky":false,"template":"","format":"standard","meta":{"_acf_changed":false,"ngg_post_thumbnail":0,"footnotes":""},"categories":[4],"tags":[],"class_list":["post-1833","post","type-post","status-publish","format-standard","has-post-thumbnail","hentry","category-tlacove-spravy"],"acf":[],"yoast_head":"<!-- This site is optimized with the Yoast SEO plugin v27.2 - https:\/\/yoast.com\/product\/yoast-seo-wordpress\/ -->\n<title>Zverejnite list. V\u00fdzva prezidentke a premi\u00e9rovi, aby odtajnili list SIS - Smedemokrati.sk<\/title>\n<meta name=\"robots\" content=\"index, follow, max-snippet:-1, max-image-preview:large, max-video-preview:-1\" \/>\n<link rel=\"canonical\" href=\"https:\/\/www.smedemokrati.sk\/en\/zverejnite-list-vyzva-prezidentke-a-premierovi-aby-odtajnili-list-sis\/\" \/>\n<meta property=\"og:locale\" content=\"en_US\" \/>\n<meta property=\"og:locale:alternate\" content=\"cs_CZ\" \/>\n<meta property=\"og:locale:alternate\" content=\"hu_HU\" \/>\n<meta property=\"og:locale:alternate\" content=\"sk_SK\" \/>\n<meta property=\"og:locale:alternate\" content=\"sv_SE\" \/>\n<meta property=\"og:type\" content=\"article\" \/>\n<meta property=\"og:title\" content=\"Zverejnite list. V\u00fdzva prezidentke a premi\u00e9rovi, aby odtajnili list SIS - Smedemokrati.sk\" \/>\n<meta property=\"og:description\" content=\"Prezidentka a premi\u00e9r by mali urobi\u0165 v\u0161etky pr\u00e1vne kroky vo vz\u0165ahu k vedenie SIS a odtajni\u0165 list, ktor\u00fd tajn\u00e1 slu\u017eba poslala org\u00e1nom Bosny a Hercegoviny v pr\u00edpade udelenia azylu expolicajtovi Ka\u013eavsk\u00e9mu. Vyhl\u00e1sil to \u010dlen predsedn\u00edctva Demokratov a poslanec NR SR Juraj \u0160eliga. Pod\u013ea neho tento list obsahoval zav\u00e1dzaj\u00face inform\u00e1cie, ktor\u00e9 na konci mohli prispie\u0165 k [&hellip;]\" \/>\n<meta property=\"og:url\" content=\"https:\/\/www.smedemokrati.sk\/en\/zverejnite-list-vyzva-prezidentke-a-premierovi-aby-odtajnili-list-sis\/\" \/>\n<meta property=\"og:site_name\" content=\"Smedemokrati.sk\" \/>\n<meta property=\"article:publisher\" content=\"https:\/\/www.facebook.com\/smedemokrati2023\" \/>\n<meta property=\"article:published_time\" content=\"2023-08-28T16:02:04+00:00\" \/>\n<meta property=\"article:modified_time\" content=\"2023-08-28T16:02:06+00:00\" \/>\n<meta property=\"og:image\" content=\"https:\/\/www.smedemokrati.sk\/wp-content\/uploads\/2023\/04\/TBEN3423-copy.jpg\" \/>\n\t<meta property=\"og:image:width\" content=\"1172\" \/>\n\t<meta property=\"og:image:height\" content=\"781\" \/>\n\t<meta property=\"og:image:type\" content=\"image\/jpeg\" \/>\n<meta name=\"author\" content=\"Tom\u00e1\u0161 Koppl\" \/>\n<meta name=\"twitter:card\" content=\"summary_large_image\" \/>\n<meta name=\"twitter:label1\" content=\"Written by\" \/>\n\t<meta name=\"twitter:data1\" content=\"Tom\u00e1\u0161 Koppl\" \/>\n\t<meta name=\"twitter:label2\" content=\"Est. reading time\" \/>\n\t<meta name=\"twitter:data2\" content=\"3 minutes\" \/>\n<script type=\"application\/ld+json\" class=\"yoast-schema-graph\">{\"@context\":\"https:\/\/schema.org\",\"@graph\":[{\"@type\":\"Article\",\"@id\":\"https:\/\/www.smedemokrati.sk\/zverejnite-list-vyzva-prezidentke-a-premierovi-aby-odtajnili-list-sis\/#article\",\"isPartOf\":{\"@id\":\"https:\/\/www.smedemokrati.sk\/zverejnite-list-vyzva-prezidentke-a-premierovi-aby-odtajnili-list-sis\/\"},\"author\":{\"name\":\"Tom\u00e1\u0161 Koppl\",\"@id\":\"https:\/\/www.smedemokrati.sk\/#\/schema\/person\/c60720f4b9955b3c1ed222ebd1fbbc7c\"},\"headline\":\"Zverejnite list. V\u00fdzva prezidentke a premi\u00e9rovi, aby odtajnili list SIS\",\"datePublished\":\"2023-08-28T16:02:04+00:00\",\"dateModified\":\"2023-08-28T16:02:06+00:00\",\"mainEntityOfPage\":{\"@id\":\"https:\/\/www.smedemokrati.sk\/zverejnite-list-vyzva-prezidentke-a-premierovi-aby-odtajnili-list-sis\/\"},\"wordCount\":568,\"publisher\":{\"@id\":\"https:\/\/www.smedemokrati.sk\/#organization\"},\"image\":{\"@id\":\"https:\/\/www.smedemokrati.sk\/zverejnite-list-vyzva-prezidentke-a-premierovi-aby-odtajnili-list-sis\/#primaryimage\"},\"thumbnailUrl\":\"https:\/\/www.smedemokrati.sk\/wp-content\/uploads\/2023\/04\/TBEN3423-copy.jpg\",\"articleSection\":[\"Tla\u010dov\u00e9 spr\u00e1vy\"],\"inLanguage\":\"en-US\"},{\"@type\":\"WebPage\",\"@id\":\"https:\/\/www.smedemokrati.sk\/zverejnite-list-vyzva-prezidentke-a-premierovi-aby-odtajnili-list-sis\/\",\"url\":\"https:\/\/www.smedemokrati.sk\/zverejnite-list-vyzva-prezidentke-a-premierovi-aby-odtajnili-list-sis\/\",\"name\":\"Zverejnite list. V\u00fdzva prezidentke a premi\u00e9rovi, aby odtajnili list SIS - Smedemokrati.sk\",\"isPartOf\":{\"@id\":\"https:\/\/www.smedemokrati.sk\/#website\"},\"primaryImageOfPage\":{\"@id\":\"https:\/\/www.smedemokrati.sk\/zverejnite-list-vyzva-prezidentke-a-premierovi-aby-odtajnili-list-sis\/#primaryimage\"},\"image\":{\"@id\":\"https:\/\/www.smedemokrati.sk\/zverejnite-list-vyzva-prezidentke-a-premierovi-aby-odtajnili-list-sis\/#primaryimage\"},\"thumbnailUrl\":\"https:\/\/www.smedemokrati.sk\/wp-content\/uploads\/2023\/04\/TBEN3423-copy.jpg\",\"datePublished\":\"2023-08-28T16:02:04+00:00\",\"dateModified\":\"2023-08-28T16:02:06+00:00\",\"breadcrumb\":{\"@id\":\"https:\/\/www.smedemokrati.sk\/zverejnite-list-vyzva-prezidentke-a-premierovi-aby-odtajnili-list-sis\/#breadcrumb\"},\"inLanguage\":\"en-US\",\"potentialAction\":[{\"@type\":\"ReadAction\",\"target\":[\"https:\/\/www.smedemokrati.sk\/zverejnite-list-vyzva-prezidentke-a-premierovi-aby-odtajnili-list-sis\/\"]}]},{\"@type\":\"ImageObject\",\"inLanguage\":\"en-US\",\"@id\":\"https:\/\/www.smedemokrati.sk\/zverejnite-list-vyzva-prezidentke-a-premierovi-aby-odtajnili-list-sis\/#primaryimage\",\"url\":\"https:\/\/www.smedemokrati.sk\/wp-content\/uploads\/2023\/04\/TBEN3423-copy.jpg\",\"contentUrl\":\"https:\/\/www.smedemokrati.sk\/wp-content\/uploads\/2023\/04\/TBEN3423-copy.jpg\",\"width\":1172,\"height\":781},{\"@type\":\"BreadcrumbList\",\"@id\":\"https:\/\/www.smedemokrati.sk\/zverejnite-list-vyzva-prezidentke-a-premierovi-aby-odtajnili-list-sis\/#breadcrumb\",\"itemListElement\":[{\"@type\":\"ListItem\",\"position\":1,\"name\":\"Domovsk\u00e1 str\u00e1nka\",\"item\":\"https:\/\/www.smedemokrati.sk\/\"},{\"@type\":\"ListItem\",\"position\":2,\"name\":\"Zverejnite list. V\u00fdzva prezidentke a premi\u00e9rovi, aby odtajnili list SIS\"}]},{\"@type\":\"WebSite\",\"@id\":\"https:\/\/www.smedemokrati.sk\/#website\",\"url\":\"https:\/\/www.smedemokrati.sk\/\",\"name\":\"Smedemokrati.sk\",\"description\":\"Demokracia a slu\u0161nos\u0165 zv\u00ed\u0165az\u00ed\",\"publisher\":{\"@id\":\"https:\/\/www.smedemokrati.sk\/#organization\"},\"potentialAction\":[{\"@type\":\"SearchAction\",\"target\":{\"@type\":\"EntryPoint\",\"urlTemplate\":\"https:\/\/www.smedemokrati.sk\/?s={search_term_string}\"},\"query-input\":{\"@type\":\"PropertyValueSpecification\",\"valueRequired\":true,\"valueName\":\"search_term_string\"}}],\"inLanguage\":\"en-US\"},{\"@type\":\"Organization\",\"@id\":\"https:\/\/www.smedemokrati.sk\/#organization\",\"name\":\"Smedemokrati.sk\",\"url\":\"https:\/\/www.smedemokrati.sk\/\",\"logo\":{\"@type\":\"ImageObject\",\"inLanguage\":\"en-US\",\"@id\":\"https:\/\/www.smedemokrati.sk\/#\/schema\/logo\/image\/\",\"url\":\"https:\/\/www.smedemokrati.sk\/wp-content\/uploads\/2023\/04\/ff.002.jpeg\",\"contentUrl\":\"https:\/\/www.smedemokrati.sk\/wp-content\/uploads\/2023\/04\/ff.002.jpeg\",\"width\":640,\"height\":480,\"caption\":\"Smedemokrati.sk\"},\"image\":{\"@id\":\"https:\/\/www.smedemokrati.sk\/#\/schema\/logo\/image\/\"},\"sameAs\":[\"https:\/\/www.facebook.com\/smedemokrati2023\"]},{\"@type\":\"Person\",\"@id\":\"https:\/\/www.smedemokrati.sk\/#\/schema\/person\/c60720f4b9955b3c1ed222ebd1fbbc7c\",\"name\":\"Tom\u00e1\u0161 Koppl\",\"image\":{\"@type\":\"ImageObject\",\"inLanguage\":\"en-US\",\"@id\":\"https:\/\/secure.gravatar.com\/avatar\/8dfa38373c5e39821baf74c8e867a6f12e12c6dab6559aa999d10703b0b1c4ce?s=96&d=mm&r=g\",\"url\":\"https:\/\/secure.gravatar.com\/avatar\/8dfa38373c5e39821baf74c8e867a6f12e12c6dab6559aa999d10703b0b1c4ce?s=96&d=mm&r=g\",\"contentUrl\":\"https:\/\/secure.gravatar.com\/avatar\/8dfa38373c5e39821baf74c8e867a6f12e12c6dab6559aa999d10703b0b1c4ce?s=96&d=mm&r=g\",\"caption\":\"Tom\u00e1\u0161 Koppl\"},\"url\":\"https:\/\/www.smedemokrati.sk\/en\/author\/tomaskoppl\/\"}]}<\/script>\n<!-- \/ Yoast SEO plugin. -->","yoast_head_json":{"title":"Zverejnite list. V\u00fdzva prezidentke a premi\u00e9rovi, aby odtajnili list SIS - Smedemokrati.sk","robots":{"index":"index","follow":"follow","max-snippet":"max-snippet:-1","max-image-preview":"max-image-preview:large","max-video-preview":"max-video-preview:-1"},"canonical":"https:\/\/www.smedemokrati.sk\/en\/zverejnite-list-vyzva-prezidentke-a-premierovi-aby-odtajnili-list-sis\/","og_locale":"en_US","og_type":"article","og_title":"Zverejnite list. V\u00fdzva prezidentke a premi\u00e9rovi, aby odtajnili list SIS - Smedemokrati.sk","og_description":"Prezidentka a premi\u00e9r by mali urobi\u0165 v\u0161etky pr\u00e1vne kroky vo vz\u0165ahu k vedenie SIS a odtajni\u0165 list, ktor\u00fd tajn\u00e1 slu\u017eba poslala org\u00e1nom Bosny a Hercegoviny v pr\u00edpade udelenia azylu expolicajtovi Ka\u013eavsk\u00e9mu. Vyhl\u00e1sil to \u010dlen predsedn\u00edctva Demokratov a poslanec NR SR Juraj \u0160eliga. Pod\u013ea neho tento list obsahoval zav\u00e1dzaj\u00face inform\u00e1cie, ktor\u00e9 na konci mohli prispie\u0165 k [&hellip;]","og_url":"https:\/\/www.smedemokrati.sk\/en\/zverejnite-list-vyzva-prezidentke-a-premierovi-aby-odtajnili-list-sis\/","og_site_name":"Smedemokrati.sk","article_publisher":"https:\/\/www.facebook.com\/smedemokrati2023","article_published_time":"2023-08-28T16:02:04+00:00","article_modified_time":"2023-08-28T16:02:06+00:00","og_image":[{"width":1172,"height":781,"url":"https:\/\/www.smedemokrati.sk\/wp-content\/uploads\/2023\/04\/TBEN3423-copy.jpg","type":"image\/jpeg"}],"author":"Tom\u00e1\u0161 Koppl","twitter_card":"summary_large_image","twitter_misc":{"Written by":"Tom\u00e1\u0161 Koppl","Est. reading time":"3 minutes"},"schema":{"@context":"https:\/\/schema.org","@graph":[{"@type":"Article","@id":"https:\/\/www.smedemokrati.sk\/zverejnite-list-vyzva-prezidentke-a-premierovi-aby-odtajnili-list-sis\/#article","isPartOf":{"@id":"https:\/\/www.smedemokrati.sk\/zverejnite-list-vyzva-prezidentke-a-premierovi-aby-odtajnili-list-sis\/"},"author":{"name":"Tom\u00e1\u0161 Koppl","@id":"https:\/\/www.smedemokrati.sk\/#\/schema\/person\/c60720f4b9955b3c1ed222ebd1fbbc7c"},"headline":"Zverejnite list. V\u00fdzva prezidentke a premi\u00e9rovi, aby odtajnili list SIS","datePublished":"2023-08-28T16:02:04+00:00","dateModified":"2023-08-28T16:02:06+00:00","mainEntityOfPage":{"@id":"https:\/\/www.smedemokrati.sk\/zverejnite-list-vyzva-prezidentke-a-premierovi-aby-odtajnili-list-sis\/"},"wordCount":568,"publisher":{"@id":"https:\/\/www.smedemokrati.sk\/#organization"},"image":{"@id":"https:\/\/www.smedemokrati.sk\/zverejnite-list-vyzva-prezidentke-a-premierovi-aby-odtajnili-list-sis\/#primaryimage"},"thumbnailUrl":"https:\/\/www.smedemokrati.sk\/wp-content\/uploads\/2023\/04\/TBEN3423-copy.jpg","articleSection":["Tla\u010dov\u00e9 spr\u00e1vy"],"inLanguage":"en-US"},{"@type":"WebPage","@id":"https:\/\/www.smedemokrati.sk\/zverejnite-list-vyzva-prezidentke-a-premierovi-aby-odtajnili-list-sis\/","url":"https:\/\/www.smedemokrati.sk\/zverejnite-list-vyzva-prezidentke-a-premierovi-aby-odtajnili-list-sis\/","name":"Zverejnite list. V\u00fdzva prezidentke a premi\u00e9rovi, aby odtajnili list SIS - Smedemokrati.sk","isPartOf":{"@id":"https:\/\/www.smedemokrati.sk\/#website"},"primaryImageOfPage":{"@id":"https:\/\/www.smedemokrati.sk\/zverejnite-list-vyzva-prezidentke-a-premierovi-aby-odtajnili-list-sis\/#primaryimage"},"image":{"@id":"https:\/\/www.smedemokrati.sk\/zverejnite-list-vyzva-prezidentke-a-premierovi-aby-odtajnili-list-sis\/#primaryimage"},"thumbnailUrl":"https:\/\/www.smedemokrati.sk\/wp-content\/uploads\/2023\/04\/TBEN3423-copy.jpg","datePublished":"2023-08-28T16:02:04+00:00","dateModified":"2023-08-28T16:02:06+00:00","breadcrumb":{"@id":"https:\/\/www.smedemokrati.sk\/zverejnite-list-vyzva-prezidentke-a-premierovi-aby-odtajnili-list-sis\/#breadcrumb"},"inLanguage":"en-US","potentialAction":[{"@type":"ReadAction","target":["https:\/\/www.smedemokrati.sk\/zverejnite-list-vyzva-prezidentke-a-premierovi-aby-odtajnili-list-sis\/"]}]},{"@type":"ImageObject","inLanguage":"en-US","@id":"https:\/\/www.smedemokrati.sk\/zverejnite-list-vyzva-prezidentke-a-premierovi-aby-odtajnili-list-sis\/#primaryimage","url":"https:\/\/www.smedemokrati.sk\/wp-content\/uploads\/2023\/04\/TBEN3423-copy.jpg","contentUrl":"https:\/\/www.smedemokrati.sk\/wp-content\/uploads\/2023\/04\/TBEN3423-copy.jpg","width":1172,"height":781},{"@type":"BreadcrumbList","@id":"https:\/\/www.smedemokrati.sk\/zverejnite-list-vyzva-prezidentke-a-premierovi-aby-odtajnili-list-sis\/#breadcrumb","itemListElement":[{"@type":"ListItem","position":1,"name":"Domovsk\u00e1 str\u00e1nka","item":"https:\/\/www.smedemokrati.sk\/"},{"@type":"ListItem","position":2,"name":"Zverejnite list. V\u00fdzva prezidentke a premi\u00e9rovi, aby odtajnili list SIS"}]},{"@type":"WebSite","@id":"https:\/\/www.smedemokrati.sk\/#website","url":"https:\/\/www.smedemokrati.sk\/","name":"Smedemokrati.sk","description":"Demokracia a slu\u0161nos\u0165 zv\u00ed\u0165az\u00ed","publisher":{"@id":"https:\/\/www.smedemokrati.sk\/#organization"},"potentialAction":[{"@type":"SearchAction","target":{"@type":"EntryPoint","urlTemplate":"https:\/\/www.smedemokrati.sk\/?s={search_term_string}"},"query-input":{"@type":"PropertyValueSpecification","valueRequired":true,"valueName":"search_term_string"}}],"inLanguage":"en-US"},{"@type":"Organization","@id":"https:\/\/www.smedemokrati.sk\/#organization","name":"Smedemokrati.sk","url":"https:\/\/www.smedemokrati.sk\/","logo":{"@type":"ImageObject","inLanguage":"en-US","@id":"https:\/\/www.smedemokrati.sk\/#\/schema\/logo\/image\/","url":"https:\/\/www.smedemokrati.sk\/wp-content\/uploads\/2023\/04\/ff.002.jpeg","contentUrl":"https:\/\/www.smedemokrati.sk\/wp-content\/uploads\/2023\/04\/ff.002.jpeg","width":640,"height":480,"caption":"Smedemokrati.sk"},"image":{"@id":"https:\/\/www.smedemokrati.sk\/#\/schema\/logo\/image\/"},"sameAs":["https:\/\/www.facebook.com\/smedemokrati2023"]},{"@type":"Person","@id":"https:\/\/www.smedemokrati.sk\/#\/schema\/person\/c60720f4b9955b3c1ed222ebd1fbbc7c","name":"Tom\u00e1\u0161 Koppl","image":{"@type":"ImageObject","inLanguage":"en-US","@id":"https:\/\/secure.gravatar.com\/avatar\/8dfa38373c5e39821baf74c8e867a6f12e12c6dab6559aa999d10703b0b1c4ce?s=96&d=mm&r=g","url":"https:\/\/secure.gravatar.com\/avatar\/8dfa38373c5e39821baf74c8e867a6f12e12c6dab6559aa999d10703b0b1c4ce?s=96&d=mm&r=g","contentUrl":"https:\/\/secure.gravatar.com\/avatar\/8dfa38373c5e39821baf74c8e867a6f12e12c6dab6559aa999d10703b0b1c4ce?s=96&d=mm&r=g","caption":"Tom\u00e1\u0161 Koppl"},"url":"https:\/\/www.smedemokrati.sk\/en\/author\/tomaskoppl\/"}]}},"_links":{"self":[{"href":"https:\/\/www.smedemokrati.sk\/en\/wp-json\/wp\/v2\/posts\/1833","targetHints":{"allow":["GET"]}}],"collection":[{"href":"https:\/\/www.smedemokrati.sk\/en\/wp-json\/wp\/v2\/posts"}],"about":[{"href":"https:\/\/www.smedemokrati.sk\/en\/wp-json\/wp\/v2\/types\/post"}],"author":[{"embeddable":true,"href":"https:\/\/www.smedemokrati.sk\/en\/wp-json\/wp\/v2\/users\/7"}],"replies":[{"embeddable":true,"href":"https:\/\/www.smedemokrati.sk\/en\/wp-json\/wp\/v2\/comments?post=1833"}],"version-history":[{"count":1,"href":"https:\/\/www.smedemokrati.sk\/en\/wp-json\/wp\/v2\/posts\/1833\/revisions"}],"predecessor-version":[{"id":1834,"href":"https:\/\/www.smedemokrati.sk\/en\/wp-json\/wp\/v2\/posts\/1833\/revisions\/1834"}],"wp:featuredmedia":[{"embeddable":true,"href":"https:\/\/www.smedemokrati.sk\/en\/wp-json\/wp\/v2\/media\/713"}],"wp:attachment":[{"href":"https:\/\/www.smedemokrati.sk\/en\/wp-json\/wp\/v2\/media?parent=1833"}],"wp:term":[{"taxonomy":"category","embeddable":true,"href":"https:\/\/www.smedemokrati.sk\/en\/wp-json\/wp\/v2\/categories?post=1833"},{"taxonomy":"post_tag","embeddable":true,"href":"https:\/\/www.smedemokrati.sk\/en\/wp-json\/wp\/v2\/tags?post=1833"}],"curies":[{"name":"wp","href":"https:\/\/api.w.org\/{rel}","templated":true}]}}