{"id":1741,"date":"2023-08-17T18:36:04","date_gmt":"2023-08-17T16:36:04","guid":{"rendered":"https:\/\/www.smedemokrati.sk\/?p=1741"},"modified":"2023-08-17T18:36:05","modified_gmt":"2023-08-17T16:36:05","slug":"fico-chce-ukradnut-nase-buduce-dochodky-nedovolime-mu-to","status":"publish","type":"post","link":"https:\/\/www.smedemokrati.sk\/en\/fico-chce-ukradnut-nase-buduce-dochodky-nedovolime-mu-to\/","title":{"rendered":"Fico chce ukradn\u00fa\u0165 na\u0161e bud\u00face d\u00f4chodky. Nedovol\u00edme mu to"},"content":{"rendered":"<div id=\"fb-root\"><\/div>\n\n<p>Robert Fico pou\u017e\u00edva druh\u00fd pilier ako pokladni\u010dku na financovanie svojich populistick\u00fdch n\u00e1vrhov, ktor\u00fdmi si \u201ckupuje\u201d voli\u010dov. Vyhl\u00e1sil expert strany Demokrati na soci\u00e1lnu a da\u0148ov\u00fa politiku Jozef Mih\u00e1l. Pod\u013ea neho Fico \u010dast\u00fdmi zmenami pravidiel vy\u0165ahoval z 2. piliera peniaze na financovanie svojich soci\u00e1lnych bal\u00edkov, kv\u00f4li \u010domu sporitelia pri\u0161li o v\u00fdznamn\u00fa \u010das\u0165 d\u00f4chodkov. Mih\u00e1l upozor\u0148uje, \u017ee ak sa Fico dostane k moci, op\u00e4\u0165 sa pok\u00fasi siahnu\u0165 \u013eu\u010fom na \u00faspory. Demokrati na tla\u010dovej besede \u010falej predstavili svoje n\u00e1vrhy na zmeny v d\u00f4chodkovom syst\u00e9me tak, aby d\u00f4chodky boli vy\u0161\u0161ie, spravodlivej\u0161ie a aby syst\u00e9m bol stabiln\u00fd. Volebn\u00e1 l\u00edderka Demokratov Andrea Letanovsk\u00e1 povedala, \u017ee strana pon\u00faka voli\u010dom siln\u00fd, odborn\u00fd t\u00edm, ktor\u00fd je odhodlan\u00ed bojova\u0165 aj za to, aby Fico nemohol po septembri siahnu\u0165 na bud\u00face d\u00f4chodky.<\/p>\n\n\n\n<p><strong>\u201cRobert Fico na financovanie svojich soci\u00e1lnych polit\u00edk pravidelne vyu\u017e\u00edva \u00faspory 1,8 mil. \u013eud\u00ed, ktor\u00ed s\u00fa v druhom d\u00f4chodkovom pilieri. Druh\u00fd pilier otvoril a vyh\u00e1\u0148al z neho \u013eud\u00ed u\u017e 4-kr\u00e1t.&nbsp;<\/strong>Pr\u00edkladom negat\u00edvneho z\u00e1sahu do druh\u00e9ho piliera bol rok 2009, kedy Robert Fico zaviedol garancie do v\u0161etk\u00fdch d\u00f4chodkov\u00fdch fondov. Spr\u00e1vcovsk\u00e9 spolo\u010dnosti boli prin\u00faten\u00e9 investova\u0165 ve\u013emi konzervat\u00edvne, \u010do znamenalo rap\u00eddne zn\u00ed\u017eenie v\u00fdnosov.&nbsp;<strong>V roku 2012 Robert Fico zn\u00ed\u017eil pr\u00edspevky sporite\u013eov do druh\u00e9ho piliera na menej ne\u017e polovicu, \u010do v praxi znamen\u00e1, \u017ee ak m\u00e1te dnes v druhom pilieri povedzme 15 000 eur, mohli ste tam ma\u0165 30.000 eur, ale nem\u00e1te, po\u010fakujte sa Ficovi,\u201d<\/strong>&nbsp;uviedol Jozef Mih\u00e1l s t\u00fdm, \u017ee pri poslednom otvoren\u00ed druh\u00e9ho pilieria z\u00edskal Fico od sporite\u013eov 578 mil. eur.<\/p>\n\n\n\n<p>Demokrati navrhuj\u00fa presadi\u0165 \u00dastavn\u00fd z\u00e1kon o primeranom hmotnom zabezpe\u010den\u00ed v starobe, ktor\u00fd bude zabezpe\u010dova\u0165 stabilitu financovania a udr\u017eate\u013enos\u0165 d\u00f4chodkov\u00e9ho syst\u00e9mu. \u010ealej bude tento z\u00e1kon obsahova\u0165 garanciu nezdanite\u013enosti d\u00f4chodkov, primeran\u00fa v\u00fd\u0161ku pr\u00edspevkov za poistencov \u0161t\u00e1tu a dot\u00e1ci\u00ed od \u0161t\u00e1tu v prvom pilieri, ur\u010dovanie veku odchodu do d\u00f4chodku na z\u00e1klade strednej doby do\u017eitia, ale aj vylep\u0161en\u00fd syst\u00e9m valoriz\u00e1cie.<strong>\u201cZavedieme tzv. \u0161vaj\u010diarsky model valoriz\u00e1cie d\u00f4chodkov. D\u00f4chodky sa tak bud\u00fa valorizova\u0165 2-kr\u00e1t ro\u010dne na z\u00e1klade priemeru rastu infl\u00e1cie a priemernej mzdy. V\u017edy v\u0161ak minim\u00e1lne o rast infl\u00e1cie. Tento syst\u00e9m zabezpe\u010d\u00ed vy\u0161\u0161\u00ed a spravodlivej\u0161\u00ed rast d\u00f4chodkov a bude pravidelne zvy\u0161ova\u0165 \u017eivotn\u00fa \u00farove\u0148 seniorom,\u201d<\/strong>&nbsp;vyhl\u00e1sil Jozef Mih\u00e1l.<\/p>\n\n\n\n<p>Mih\u00e1l pripomenul, \u017ee samozvan\u00ed soci\u00e1lni demokrati sa radi chv\u00e1lia pomocou d\u00f4chodcom, no za 12 rokov vo vl\u00e1de im d\u00f4chodky zvy\u0161ovali len mizerne. \u201cV poslednej dobe pozorujem, ako sa Erik Tom\u00e1\u0161 chv\u00e1li na soci\u00e1lnych sie\u0165ach, \u017ee v\u010faka nemu sa tento rok mimoriadne valorizuj\u00fa d\u00f4chodky. Okrem toho, \u017ee sa chv\u00e1li cudz\u00edm per\u00edm, mal by sa sk\u00f4r hanbi\u0165.&nbsp;<strong>Vezmime si pr\u00edklad pani Milady, ktor\u00e1 i\u0161la do d\u00f4chodku v roku 2012 a dostala d\u00f4chodok 450 eur. Od roku 2012 do roku 2020, ke\u010f bol pri kormidle SMER a Erik Tom\u00e1\u0161, pani Milade zv\u00fd\u0161ili d\u00f4chodok celkovo len o 71 eur na 521 eur. Ak by od roku 2012 platil nami navrhovan\u00fd syst\u00e9m valoriz\u00e1cie, pani Milada by v roku 2020 poberala d\u00f4chodok vo v\u00fd\u0161ke 634 eur,\u201d<\/strong>&nbsp;vysvetlil Jozef Mih\u00e1l.Volebn\u00e1 l\u00edderka strany Andrea Letanovsk\u00e1 hovor\u00ed, \u017ee Demokrati s\u00fa odhodlan\u00ed bojova\u0165 proti n\u00e1vratu kradnutia a konfliktov do na\u0161ej krajiny. \u201cHovor\u00edme, \u017ee demokratick\u00e9 strany maj\u00fa predstavi\u0165 re\u00e1lnu a odborn\u00fa alternat\u00edvu pre demokratick\u00fdch voli\u010dov, preto\u017ee inak sa vr\u00e1ti SMER a HLAS a t\u00ed zni\u010dia na\u0161u krajinu. \u013dudia e\u0161te nezabudli ako SMER vydrancoval zdravotn\u00edctvo. Ja si ve\u013emi dobre pam\u00e4t\u00e1m predra\u017een\u00e9 CT a 30-40% prov\u00edzie. Vytunelovan\u00e9 zdravotn\u00edctvo uviazlo na 10 rokov. Dnes v\u00e1m Jozef Mih\u00e1l zas uk\u00e1zal, ako Robert Fico pl\u00e1nuje zni\u010di\u0165 na\u0161e \u00faspory v 2. pilieri. My sme odhodlan\u00ed bojova\u0165, aby sa to nestalo.&nbsp;<strong>M\u00e1me odborn\u00fd a sk\u00fasen\u00fd t\u00edm a ako ste dnes mohli po\u010du\u0165, pon\u00fakame ve\u013emi konkr\u00e9tne rie\u0161enia na zlep\u0161enie \u017eivota ob\u010danom. Po 30 septembri mus\u00ed pr\u00eds\u0165 vl\u00e1da, kde nebud\u00fa ani zlodeji, ani h\u00e1dky &#8211; ale odborn\u00edci s rie\u0161eniami, ako Jozef Mih\u00e1l,\u201d<\/strong>&nbsp;povedala na z\u00e1ver Letanovsk\u00e1.<\/p>\n","protected":false},"excerpt":{"rendered":"<p>Robert Fico pou\u017e\u00edva druh\u00fd pilier ako pokladni\u010dku na financovanie svojich populistick\u00fdch n\u00e1vrhov, ktor\u00fdmi si \u201ckupuje\u201d voli\u010dov. Vyhl\u00e1sil expert strany Demokrati na soci\u00e1lnu a da\u0148ov\u00fa politiku Jozef Mih\u00e1l. Pod\u013ea neho Fico \u010dast\u00fdmi zmenami pravidiel vy\u0165ahoval z 2. piliera peniaze na financovanie svojich soci\u00e1lnych bal\u00edkov, kv\u00f4li \u010domu sporitelia pri\u0161li o v\u00fdznamn\u00fa \u010das\u0165 d\u00f4chodkov. Mih\u00e1l upozor\u0148uje, \u017ee ak [&hellip;]<\/p>\n","protected":false},"author":7,"featured_media":1742,"comment_status":"closed","ping_status":"closed","sticky":false,"template":"","format":"standard","meta":{"_acf_changed":false,"ngg_post_thumbnail":0,"footnotes":""},"categories":[4],"tags":[],"class_list":["post-1741","post","type-post","status-publish","format-standard","has-post-thumbnail","hentry","category-tlacove-spravy"],"acf":[],"yoast_head":"<!-- This site is optimized with the Yoast SEO plugin v27.2 - https:\/\/yoast.com\/product\/yoast-seo-wordpress\/ -->\n<title>Fico chce ukradn\u00fa\u0165 na\u0161e bud\u00face d\u00f4chodky. Nedovol\u00edme mu to - Smedemokrati.sk<\/title>\n<meta name=\"robots\" content=\"index, follow, max-snippet:-1, max-image-preview:large, max-video-preview:-1\" \/>\n<link rel=\"canonical\" href=\"https:\/\/www.smedemokrati.sk\/en\/fico-chce-ukradnut-nase-buduce-dochodky-nedovolime-mu-to\/\" \/>\n<meta property=\"og:locale\" content=\"en_US\" \/>\n<meta property=\"og:locale:alternate\" content=\"cs_CZ\" \/>\n<meta property=\"og:locale:alternate\" content=\"hu_HU\" \/>\n<meta property=\"og:locale:alternate\" content=\"sk_SK\" \/>\n<meta property=\"og:locale:alternate\" content=\"sv_SE\" \/>\n<meta property=\"og:type\" content=\"article\" \/>\n<meta property=\"og:title\" content=\"Fico chce ukradn\u00fa\u0165 na\u0161e bud\u00face d\u00f4chodky. Nedovol\u00edme mu to - Smedemokrati.sk\" \/>\n<meta property=\"og:description\" content=\"Robert Fico pou\u017e\u00edva druh\u00fd pilier ako pokladni\u010dku na financovanie svojich populistick\u00fdch n\u00e1vrhov, ktor\u00fdmi si \u201ckupuje\u201d voli\u010dov. Vyhl\u00e1sil expert strany Demokrati na soci\u00e1lnu a da\u0148ov\u00fa politiku Jozef Mih\u00e1l. Pod\u013ea neho Fico \u010dast\u00fdmi zmenami pravidiel vy\u0165ahoval z 2. piliera peniaze na financovanie svojich soci\u00e1lnych bal\u00edkov, kv\u00f4li \u010domu sporitelia pri\u0161li o v\u00fdznamn\u00fa \u010das\u0165 d\u00f4chodkov. Mih\u00e1l upozor\u0148uje, \u017ee ak [&hellip;]\" \/>\n<meta property=\"og:url\" content=\"https:\/\/www.smedemokrati.sk\/en\/fico-chce-ukradnut-nase-buduce-dochodky-nedovolime-mu-to\/\" \/>\n<meta property=\"og:site_name\" content=\"Smedemokrati.sk\" \/>\n<meta property=\"article:publisher\" content=\"https:\/\/www.facebook.com\/smedemokrati2023\" \/>\n<meta property=\"article:published_time\" content=\"2023-08-17T16:36:04+00:00\" \/>\n<meta property=\"article:modified_time\" content=\"2023-08-17T16:36:05+00:00\" \/>\n<meta property=\"og:image\" content=\"https:\/\/www.smedemokrati.sk\/wp-content\/uploads\/2023\/08\/mihal.jpg\" \/>\n\t<meta property=\"og:image:width\" content=\"1348\" \/>\n\t<meta property=\"og:image:height\" content=\"840\" \/>\n\t<meta property=\"og:image:type\" content=\"image\/jpeg\" \/>\n<meta name=\"author\" content=\"Tom\u00e1\u0161 Koppl\" \/>\n<meta name=\"twitter:card\" content=\"summary_large_image\" \/>\n<meta name=\"twitter:label1\" content=\"Written by\" \/>\n\t<meta name=\"twitter:data1\" content=\"Tom\u00e1\u0161 Koppl\" \/>\n\t<meta name=\"twitter:label2\" content=\"Est. reading time\" \/>\n\t<meta name=\"twitter:data2\" content=\"4 minutes\" \/>\n<script type=\"application\/ld+json\" class=\"yoast-schema-graph\">{\"@context\":\"https:\/\/schema.org\",\"@graph\":[{\"@type\":\"Article\",\"@id\":\"https:\/\/www.smedemokrati.sk\/fico-chce-ukradnut-nase-buduce-dochodky-nedovolime-mu-to\/#article\",\"isPartOf\":{\"@id\":\"https:\/\/www.smedemokrati.sk\/fico-chce-ukradnut-nase-buduce-dochodky-nedovolime-mu-to\/\"},\"author\":{\"name\":\"Tom\u00e1\u0161 Koppl\",\"@id\":\"https:\/\/www.smedemokrati.sk\/#\/schema\/person\/c60720f4b9955b3c1ed222ebd1fbbc7c\"},\"headline\":\"Fico chce ukradn\u00fa\u0165 na\u0161e bud\u00face d\u00f4chodky. Nedovol\u00edme mu to\",\"datePublished\":\"2023-08-17T16:36:04+00:00\",\"dateModified\":\"2023-08-17T16:36:05+00:00\",\"mainEntityOfPage\":{\"@id\":\"https:\/\/www.smedemokrati.sk\/fico-chce-ukradnut-nase-buduce-dochodky-nedovolime-mu-to\/\"},\"wordCount\":777,\"publisher\":{\"@id\":\"https:\/\/www.smedemokrati.sk\/#organization\"},\"image\":{\"@id\":\"https:\/\/www.smedemokrati.sk\/fico-chce-ukradnut-nase-buduce-dochodky-nedovolime-mu-to\/#primaryimage\"},\"thumbnailUrl\":\"https:\/\/www.smedemokrati.sk\/wp-content\/uploads\/2023\/08\/mihal.jpg\",\"articleSection\":[\"Tla\u010dov\u00e9 spr\u00e1vy\"],\"inLanguage\":\"en-US\"},{\"@type\":\"WebPage\",\"@id\":\"https:\/\/www.smedemokrati.sk\/fico-chce-ukradnut-nase-buduce-dochodky-nedovolime-mu-to\/\",\"url\":\"https:\/\/www.smedemokrati.sk\/fico-chce-ukradnut-nase-buduce-dochodky-nedovolime-mu-to\/\",\"name\":\"Fico chce ukradn\u00fa\u0165 na\u0161e bud\u00face d\u00f4chodky. Nedovol\u00edme mu to - Smedemokrati.sk\",\"isPartOf\":{\"@id\":\"https:\/\/www.smedemokrati.sk\/#website\"},\"primaryImageOfPage\":{\"@id\":\"https:\/\/www.smedemokrati.sk\/fico-chce-ukradnut-nase-buduce-dochodky-nedovolime-mu-to\/#primaryimage\"},\"image\":{\"@id\":\"https:\/\/www.smedemokrati.sk\/fico-chce-ukradnut-nase-buduce-dochodky-nedovolime-mu-to\/#primaryimage\"},\"thumbnailUrl\":\"https:\/\/www.smedemokrati.sk\/wp-content\/uploads\/2023\/08\/mihal.jpg\",\"datePublished\":\"2023-08-17T16:36:04+00:00\",\"dateModified\":\"2023-08-17T16:36:05+00:00\",\"breadcrumb\":{\"@id\":\"https:\/\/www.smedemokrati.sk\/fico-chce-ukradnut-nase-buduce-dochodky-nedovolime-mu-to\/#breadcrumb\"},\"inLanguage\":\"en-US\",\"potentialAction\":[{\"@type\":\"ReadAction\",\"target\":[\"https:\/\/www.smedemokrati.sk\/fico-chce-ukradnut-nase-buduce-dochodky-nedovolime-mu-to\/\"]}]},{\"@type\":\"ImageObject\",\"inLanguage\":\"en-US\",\"@id\":\"https:\/\/www.smedemokrati.sk\/fico-chce-ukradnut-nase-buduce-dochodky-nedovolime-mu-to\/#primaryimage\",\"url\":\"https:\/\/www.smedemokrati.sk\/wp-content\/uploads\/2023\/08\/mihal.jpg\",\"contentUrl\":\"https:\/\/www.smedemokrati.sk\/wp-content\/uploads\/2023\/08\/mihal.jpg\",\"width\":1348,\"height\":840},{\"@type\":\"BreadcrumbList\",\"@id\":\"https:\/\/www.smedemokrati.sk\/fico-chce-ukradnut-nase-buduce-dochodky-nedovolime-mu-to\/#breadcrumb\",\"itemListElement\":[{\"@type\":\"ListItem\",\"position\":1,\"name\":\"Domovsk\u00e1 str\u00e1nka\",\"item\":\"https:\/\/www.smedemokrati.sk\/\"},{\"@type\":\"ListItem\",\"position\":2,\"name\":\"Fico chce ukradn\u00fa\u0165 na\u0161e bud\u00face d\u00f4chodky. Nedovol\u00edme mu to\"}]},{\"@type\":\"WebSite\",\"@id\":\"https:\/\/www.smedemokrati.sk\/#website\",\"url\":\"https:\/\/www.smedemokrati.sk\/\",\"name\":\"Smedemokrati.sk\",\"description\":\"Demokracia a slu\u0161nos\u0165 zv\u00ed\u0165az\u00ed\",\"publisher\":{\"@id\":\"https:\/\/www.smedemokrati.sk\/#organization\"},\"potentialAction\":[{\"@type\":\"SearchAction\",\"target\":{\"@type\":\"EntryPoint\",\"urlTemplate\":\"https:\/\/www.smedemokrati.sk\/?s={search_term_string}\"},\"query-input\":{\"@type\":\"PropertyValueSpecification\",\"valueRequired\":true,\"valueName\":\"search_term_string\"}}],\"inLanguage\":\"en-US\"},{\"@type\":\"Organization\",\"@id\":\"https:\/\/www.smedemokrati.sk\/#organization\",\"name\":\"Smedemokrati.sk\",\"url\":\"https:\/\/www.smedemokrati.sk\/\",\"logo\":{\"@type\":\"ImageObject\",\"inLanguage\":\"en-US\",\"@id\":\"https:\/\/www.smedemokrati.sk\/#\/schema\/logo\/image\/\",\"url\":\"https:\/\/www.smedemokrati.sk\/wp-content\/uploads\/2023\/04\/ff.002.jpeg\",\"contentUrl\":\"https:\/\/www.smedemokrati.sk\/wp-content\/uploads\/2023\/04\/ff.002.jpeg\",\"width\":640,\"height\":480,\"caption\":\"Smedemokrati.sk\"},\"image\":{\"@id\":\"https:\/\/www.smedemokrati.sk\/#\/schema\/logo\/image\/\"},\"sameAs\":[\"https:\/\/www.facebook.com\/smedemokrati2023\"]},{\"@type\":\"Person\",\"@id\":\"https:\/\/www.smedemokrati.sk\/#\/schema\/person\/c60720f4b9955b3c1ed222ebd1fbbc7c\",\"name\":\"Tom\u00e1\u0161 Koppl\",\"image\":{\"@type\":\"ImageObject\",\"inLanguage\":\"en-US\",\"@id\":\"https:\/\/secure.gravatar.com\/avatar\/8dfa38373c5e39821baf74c8e867a6f12e12c6dab6559aa999d10703b0b1c4ce?s=96&d=mm&r=g\",\"url\":\"https:\/\/secure.gravatar.com\/avatar\/8dfa38373c5e39821baf74c8e867a6f12e12c6dab6559aa999d10703b0b1c4ce?s=96&d=mm&r=g\",\"contentUrl\":\"https:\/\/secure.gravatar.com\/avatar\/8dfa38373c5e39821baf74c8e867a6f12e12c6dab6559aa999d10703b0b1c4ce?s=96&d=mm&r=g\",\"caption\":\"Tom\u00e1\u0161 Koppl\"},\"url\":\"https:\/\/www.smedemokrati.sk\/en\/author\/tomaskoppl\/\"}]}<\/script>\n<!-- \/ Yoast SEO plugin. -->","yoast_head_json":{"title":"Fico chce ukradn\u00fa\u0165 na\u0161e bud\u00face d\u00f4chodky. Nedovol\u00edme mu to - Smedemokrati.sk","robots":{"index":"index","follow":"follow","max-snippet":"max-snippet:-1","max-image-preview":"max-image-preview:large","max-video-preview":"max-video-preview:-1"},"canonical":"https:\/\/www.smedemokrati.sk\/en\/fico-chce-ukradnut-nase-buduce-dochodky-nedovolime-mu-to\/","og_locale":"en_US","og_type":"article","og_title":"Fico chce ukradn\u00fa\u0165 na\u0161e bud\u00face d\u00f4chodky. Nedovol\u00edme mu to - Smedemokrati.sk","og_description":"Robert Fico pou\u017e\u00edva druh\u00fd pilier ako pokladni\u010dku na financovanie svojich populistick\u00fdch n\u00e1vrhov, ktor\u00fdmi si \u201ckupuje\u201d voli\u010dov. Vyhl\u00e1sil expert strany Demokrati na soci\u00e1lnu a da\u0148ov\u00fa politiku Jozef Mih\u00e1l. Pod\u013ea neho Fico \u010dast\u00fdmi zmenami pravidiel vy\u0165ahoval z 2. piliera peniaze na financovanie svojich soci\u00e1lnych bal\u00edkov, kv\u00f4li \u010domu sporitelia pri\u0161li o v\u00fdznamn\u00fa \u010das\u0165 d\u00f4chodkov. Mih\u00e1l upozor\u0148uje, \u017ee ak [&hellip;]","og_url":"https:\/\/www.smedemokrati.sk\/en\/fico-chce-ukradnut-nase-buduce-dochodky-nedovolime-mu-to\/","og_site_name":"Smedemokrati.sk","article_publisher":"https:\/\/www.facebook.com\/smedemokrati2023","article_published_time":"2023-08-17T16:36:04+00:00","article_modified_time":"2023-08-17T16:36:05+00:00","og_image":[{"width":1348,"height":840,"url":"https:\/\/www.smedemokrati.sk\/wp-content\/uploads\/2023\/08\/mihal.jpg","type":"image\/jpeg"}],"author":"Tom\u00e1\u0161 Koppl","twitter_card":"summary_large_image","twitter_misc":{"Written by":"Tom\u00e1\u0161 Koppl","Est. reading time":"4 minutes"},"schema":{"@context":"https:\/\/schema.org","@graph":[{"@type":"Article","@id":"https:\/\/www.smedemokrati.sk\/fico-chce-ukradnut-nase-buduce-dochodky-nedovolime-mu-to\/#article","isPartOf":{"@id":"https:\/\/www.smedemokrati.sk\/fico-chce-ukradnut-nase-buduce-dochodky-nedovolime-mu-to\/"},"author":{"name":"Tom\u00e1\u0161 Koppl","@id":"https:\/\/www.smedemokrati.sk\/#\/schema\/person\/c60720f4b9955b3c1ed222ebd1fbbc7c"},"headline":"Fico chce ukradn\u00fa\u0165 na\u0161e bud\u00face d\u00f4chodky. Nedovol\u00edme mu to","datePublished":"2023-08-17T16:36:04+00:00","dateModified":"2023-08-17T16:36:05+00:00","mainEntityOfPage":{"@id":"https:\/\/www.smedemokrati.sk\/fico-chce-ukradnut-nase-buduce-dochodky-nedovolime-mu-to\/"},"wordCount":777,"publisher":{"@id":"https:\/\/www.smedemokrati.sk\/#organization"},"image":{"@id":"https:\/\/www.smedemokrati.sk\/fico-chce-ukradnut-nase-buduce-dochodky-nedovolime-mu-to\/#primaryimage"},"thumbnailUrl":"https:\/\/www.smedemokrati.sk\/wp-content\/uploads\/2023\/08\/mihal.jpg","articleSection":["Tla\u010dov\u00e9 spr\u00e1vy"],"inLanguage":"en-US"},{"@type":"WebPage","@id":"https:\/\/www.smedemokrati.sk\/fico-chce-ukradnut-nase-buduce-dochodky-nedovolime-mu-to\/","url":"https:\/\/www.smedemokrati.sk\/fico-chce-ukradnut-nase-buduce-dochodky-nedovolime-mu-to\/","name":"Fico chce ukradn\u00fa\u0165 na\u0161e bud\u00face d\u00f4chodky. Nedovol\u00edme mu to - Smedemokrati.sk","isPartOf":{"@id":"https:\/\/www.smedemokrati.sk\/#website"},"primaryImageOfPage":{"@id":"https:\/\/www.smedemokrati.sk\/fico-chce-ukradnut-nase-buduce-dochodky-nedovolime-mu-to\/#primaryimage"},"image":{"@id":"https:\/\/www.smedemokrati.sk\/fico-chce-ukradnut-nase-buduce-dochodky-nedovolime-mu-to\/#primaryimage"},"thumbnailUrl":"https:\/\/www.smedemokrati.sk\/wp-content\/uploads\/2023\/08\/mihal.jpg","datePublished":"2023-08-17T16:36:04+00:00","dateModified":"2023-08-17T16:36:05+00:00","breadcrumb":{"@id":"https:\/\/www.smedemokrati.sk\/fico-chce-ukradnut-nase-buduce-dochodky-nedovolime-mu-to\/#breadcrumb"},"inLanguage":"en-US","potentialAction":[{"@type":"ReadAction","target":["https:\/\/www.smedemokrati.sk\/fico-chce-ukradnut-nase-buduce-dochodky-nedovolime-mu-to\/"]}]},{"@type":"ImageObject","inLanguage":"en-US","@id":"https:\/\/www.smedemokrati.sk\/fico-chce-ukradnut-nase-buduce-dochodky-nedovolime-mu-to\/#primaryimage","url":"https:\/\/www.smedemokrati.sk\/wp-content\/uploads\/2023\/08\/mihal.jpg","contentUrl":"https:\/\/www.smedemokrati.sk\/wp-content\/uploads\/2023\/08\/mihal.jpg","width":1348,"height":840},{"@type":"BreadcrumbList","@id":"https:\/\/www.smedemokrati.sk\/fico-chce-ukradnut-nase-buduce-dochodky-nedovolime-mu-to\/#breadcrumb","itemListElement":[{"@type":"ListItem","position":1,"name":"Domovsk\u00e1 str\u00e1nka","item":"https:\/\/www.smedemokrati.sk\/"},{"@type":"ListItem","position":2,"name":"Fico chce ukradn\u00fa\u0165 na\u0161e bud\u00face d\u00f4chodky. Nedovol\u00edme mu to"}]},{"@type":"WebSite","@id":"https:\/\/www.smedemokrati.sk\/#website","url":"https:\/\/www.smedemokrati.sk\/","name":"Smedemokrati.sk","description":"Demokracia a slu\u0161nos\u0165 zv\u00ed\u0165az\u00ed","publisher":{"@id":"https:\/\/www.smedemokrati.sk\/#organization"},"potentialAction":[{"@type":"SearchAction","target":{"@type":"EntryPoint","urlTemplate":"https:\/\/www.smedemokrati.sk\/?s={search_term_string}"},"query-input":{"@type":"PropertyValueSpecification","valueRequired":true,"valueName":"search_term_string"}}],"inLanguage":"en-US"},{"@type":"Organization","@id":"https:\/\/www.smedemokrati.sk\/#organization","name":"Smedemokrati.sk","url":"https:\/\/www.smedemokrati.sk\/","logo":{"@type":"ImageObject","inLanguage":"en-US","@id":"https:\/\/www.smedemokrati.sk\/#\/schema\/logo\/image\/","url":"https:\/\/www.smedemokrati.sk\/wp-content\/uploads\/2023\/04\/ff.002.jpeg","contentUrl":"https:\/\/www.smedemokrati.sk\/wp-content\/uploads\/2023\/04\/ff.002.jpeg","width":640,"height":480,"caption":"Smedemokrati.sk"},"image":{"@id":"https:\/\/www.smedemokrati.sk\/#\/schema\/logo\/image\/"},"sameAs":["https:\/\/www.facebook.com\/smedemokrati2023"]},{"@type":"Person","@id":"https:\/\/www.smedemokrati.sk\/#\/schema\/person\/c60720f4b9955b3c1ed222ebd1fbbc7c","name":"Tom\u00e1\u0161 Koppl","image":{"@type":"ImageObject","inLanguage":"en-US","@id":"https:\/\/secure.gravatar.com\/avatar\/8dfa38373c5e39821baf74c8e867a6f12e12c6dab6559aa999d10703b0b1c4ce?s=96&d=mm&r=g","url":"https:\/\/secure.gravatar.com\/avatar\/8dfa38373c5e39821baf74c8e867a6f12e12c6dab6559aa999d10703b0b1c4ce?s=96&d=mm&r=g","contentUrl":"https:\/\/secure.gravatar.com\/avatar\/8dfa38373c5e39821baf74c8e867a6f12e12c6dab6559aa999d10703b0b1c4ce?s=96&d=mm&r=g","caption":"Tom\u00e1\u0161 Koppl"},"url":"https:\/\/www.smedemokrati.sk\/en\/author\/tomaskoppl\/"}]}},"_links":{"self":[{"href":"https:\/\/www.smedemokrati.sk\/en\/wp-json\/wp\/v2\/posts\/1741","targetHints":{"allow":["GET"]}}],"collection":[{"href":"https:\/\/www.smedemokrati.sk\/en\/wp-json\/wp\/v2\/posts"}],"about":[{"href":"https:\/\/www.smedemokrati.sk\/en\/wp-json\/wp\/v2\/types\/post"}],"author":[{"embeddable":true,"href":"https:\/\/www.smedemokrati.sk\/en\/wp-json\/wp\/v2\/users\/7"}],"replies":[{"embeddable":true,"href":"https:\/\/www.smedemokrati.sk\/en\/wp-json\/wp\/v2\/comments?post=1741"}],"version-history":[{"count":1,"href":"https:\/\/www.smedemokrati.sk\/en\/wp-json\/wp\/v2\/posts\/1741\/revisions"}],"predecessor-version":[{"id":1743,"href":"https:\/\/www.smedemokrati.sk\/en\/wp-json\/wp\/v2\/posts\/1741\/revisions\/1743"}],"wp:featuredmedia":[{"embeddable":true,"href":"https:\/\/www.smedemokrati.sk\/en\/wp-json\/wp\/v2\/media\/1742"}],"wp:attachment":[{"href":"https:\/\/www.smedemokrati.sk\/en\/wp-json\/wp\/v2\/media?parent=1741"}],"wp:term":[{"taxonomy":"category","embeddable":true,"href":"https:\/\/www.smedemokrati.sk\/en\/wp-json\/wp\/v2\/categories?post=1741"},{"taxonomy":"post_tag","embeddable":true,"href":"https:\/\/www.smedemokrati.sk\/en\/wp-json\/wp\/v2\/tags?post=1741"}],"curies":[{"name":"wp","href":"https:\/\/api.w.org\/{rel}","templated":true}]}}