{"id":1639,"date":"2023-08-04T11:30:55","date_gmt":"2023-08-04T09:30:55","guid":{"rendered":"https:\/\/www.smedemokrati.sk\/?p=1639"},"modified":"2023-08-04T11:30:56","modified_gmt":"2023-08-04T09:30:56","slug":"200-je-viac-ako-500-nove-ambulancie-v-regionoch-potrebujeme-rychlo","status":"publish","type":"post","link":"https:\/\/www.smedemokrati.sk\/en\/200-je-viac-ako-500-nove-ambulancie-v-regionoch-potrebujeme-rychlo\/","title":{"rendered":"200 je viac ako 500 &#8211; nov\u00e9 ambulancie v regi\u00f3noch potrebujeme r\u00fdchlo"},"content":{"rendered":"<div id=\"fb-root\"><\/div>\n\n<p>Volebn\u00e1 l\u00edderka strany Demokrati Andrea Letanovsk\u00e1 po n\u00e1v\u0161teve Bardejovskej nemocnice informovala, \u017ee situ\u00e1cia s pediatrami je aj v tomto regi\u00f3ne ak\u00fatna.\u00a0<br><strong>\u201eNa to, aby sme tento probl\u00e9m vyrie\u0161ili, potrebujeme situ\u00e1ciu najprv zastabilizova\u0165. Pediatri u\u017e na jese\u0148 avizuj\u00fa, \u017ee vypovedaj\u00fa slu\u017eby a mo\u017eno a\u017e tretina det\u00ed pr\u00edde o svojho lek\u00e1ra. Je to ak\u00fatne, ke\u010f\u017ee sa bl\u00ed\u017ei aj chr\u00edpkov\u00e9 obdobie,\u201c<\/strong> upozornila Letanovsk\u00e1.<br>Letanovsk\u00e1 avizovala, \u017ee po komunik\u00e1ci\u00ed s ministrom zdravotn\u00edctva ver\u00ed, \u017ee minister n\u00e1jde spolo\u010dn\u00fa re\u010d so zainteresovan\u00fdmi stranami. <strong>\u201eMy v strane Demokrati sme n\u00e1sledne pripraven\u00ed doda\u0165 15 poslaneck\u00fdch podpisov a zvola\u0165 mimoriadnu sch\u00f4dzu NR SR,\u201c<\/strong> zopakovala Letanovsk\u00e1.<br>Pod\u013ea Letanovskej by sa politick\u00e9 strany mali menej s\u00fastredi\u0165 na seba a podpori\u0165 rie\u0161enie tejto v\u00e1\u017enej situ\u00e1cie. <strong>\u201eSme v Bardejove, kde sa predned\u00e1vnom prem\u00e1vali star\u00e9 fiatky, ktor\u00e9 s\u013eubuj\u00fa odmenu 500 eur, ktor\u00e1 ale nebude. V\u0161imli ste si, ako to vyrie\u0161ilo probl\u00e9m Slovensk\u00e9ho zdravotn\u00edctva? Ja nie. Je to zbyto\u010dn\u00e9,\u201c<\/strong> zhodnotila Letanovsk\u00e1.<br>Ako dlhodob\u00e9 rie\u0161enie vid\u00ed Letanovsk\u00e1 podporu budovania ambulanci\u00ed v regi\u00f3noch, kde najviac ch\u00fdbaj\u00fa. <strong>\u201ePriorita strany Demokrati je vytvorenie 200 nov\u00fdch ambulanci\u00ed lek\u00e1rov prv\u00e9ho kontaktu a \u0161pecialistov. \u010ealej zavedieme rezidentsk\u00e9 programy pre lek\u00e1rov v nedostatkov\u00fdch odboroch, najm\u00e4 na ambulanci\u00e1ch, aby neodch\u00e1dzali do zahrani\u010dia a mali dobr\u00e9 podmienky na pr\u00e1cu na Slovensku,\u201c<\/strong> povedala Letanovsk\u00e1.<br><strong>\u201eToto v\u0161etko m\u00f4\u017eeme presadi\u0165, len ke\u010f bud\u00fa Demokrati vo vl\u00e1de, iba tak m\u00f4\u017ee vznikn\u00fa\u0165 pokojn\u00e1 vl\u00e1da, ktor\u00e1 pracuje pre \u013eud\u00ed a nezaober\u00e1 sa h\u00e1dkami a nerozober\u00e1 si krajinu po k\u00faskoch. Bez Demokratov tak\u00e1to vl\u00e1da nevznikne,\u201c<\/strong> uzavrela Letanovsk\u00e1.<\/p>\n","protected":false},"excerpt":{"rendered":"<p>Volebn\u00e1 l\u00edderka strany Demokrati Andrea Letanovsk\u00e1 po n\u00e1v\u0161teve Bardejovskej nemocnice informovala, \u017ee situ\u00e1cia s pediatrami je aj v tomto regi\u00f3ne ak\u00fatna.\u00a0\u201eNa to, aby sme tento probl\u00e9m vyrie\u0161ili, potrebujeme situ\u00e1ciu najprv zastabilizova\u0165. Pediatri u\u017e na jese\u0148 avizuj\u00fa, \u017ee vypovedaj\u00fa slu\u017eby a mo\u017eno a\u017e tretina det\u00ed pr\u00edde o svojho lek\u00e1ra. Je to ak\u00fatne, ke\u010f\u017ee sa bl\u00ed\u017ei aj [&hellip;]<\/p>\n","protected":false},"author":7,"featured_media":1169,"comment_status":"closed","ping_status":"closed","sticky":false,"template":"","format":"standard","meta":{"_acf_changed":false,"ngg_post_thumbnail":0,"footnotes":""},"categories":[4],"tags":[],"class_list":["post-1639","post","type-post","status-publish","format-standard","has-post-thumbnail","hentry","category-tlacove-spravy"],"acf":[],"yoast_head":"<!-- This site is optimized with the Yoast SEO plugin v27.2 - https:\/\/yoast.com\/product\/yoast-seo-wordpress\/ -->\n<title>200 je viac ako 500 - nov\u00e9 ambulancie v regi\u00f3noch potrebujeme r\u00fdchlo - Smedemokrati.sk<\/title>\n<meta name=\"robots\" content=\"index, follow, max-snippet:-1, max-image-preview:large, max-video-preview:-1\" \/>\n<link rel=\"canonical\" href=\"https:\/\/www.smedemokrati.sk\/en\/200-je-viac-ako-500-nove-ambulancie-v-regionoch-potrebujeme-rychlo\/\" \/>\n<meta property=\"og:locale\" content=\"en_US\" \/>\n<meta property=\"og:locale:alternate\" content=\"cs_CZ\" \/>\n<meta property=\"og:locale:alternate\" content=\"hu_HU\" \/>\n<meta property=\"og:locale:alternate\" content=\"sk_SK\" \/>\n<meta property=\"og:locale:alternate\" content=\"sv_SE\" \/>\n<meta property=\"og:type\" content=\"article\" \/>\n<meta property=\"og:title\" content=\"200 je viac ako 500 - nov\u00e9 ambulancie v regi\u00f3noch potrebujeme r\u00fdchlo - Smedemokrati.sk\" \/>\n<meta property=\"og:description\" content=\"Volebn\u00e1 l\u00edderka strany Demokrati Andrea Letanovsk\u00e1 po n\u00e1v\u0161teve Bardejovskej nemocnice informovala, \u017ee situ\u00e1cia s pediatrami je aj v tomto regi\u00f3ne ak\u00fatna.\u00a0\u201eNa to, aby sme tento probl\u00e9m vyrie\u0161ili, potrebujeme situ\u00e1ciu najprv zastabilizova\u0165. Pediatri u\u017e na jese\u0148 avizuj\u00fa, \u017ee vypovedaj\u00fa slu\u017eby a mo\u017eno a\u017e tretina det\u00ed pr\u00edde o svojho lek\u00e1ra. Je to ak\u00fatne, ke\u010f\u017ee sa bl\u00ed\u017ei aj [&hellip;]\" \/>\n<meta property=\"og:url\" content=\"https:\/\/www.smedemokrati.sk\/en\/200-je-viac-ako-500-nove-ambulancie-v-regionoch-potrebujeme-rychlo\/\" \/>\n<meta property=\"og:site_name\" content=\"Smedemokrati.sk\" \/>\n<meta property=\"article:publisher\" content=\"https:\/\/www.facebook.com\/smedemokrati2023\" \/>\n<meta property=\"article:published_time\" content=\"2023-08-04T09:30:55+00:00\" \/>\n<meta property=\"article:modified_time\" content=\"2023-08-04T09:30:56+00:00\" \/>\n<meta property=\"og:image\" content=\"https:\/\/www.smedemokrati.sk\/wp-content\/uploads\/2023\/06\/abdrea.jpg\" \/>\n\t<meta property=\"og:image:width\" content=\"1800\" \/>\n\t<meta property=\"og:image:height\" content=\"1009\" \/>\n\t<meta property=\"og:image:type\" content=\"image\/jpeg\" \/>\n<meta name=\"author\" content=\"Tom\u00e1\u0161 Koppl\" \/>\n<meta name=\"twitter:card\" content=\"summary_large_image\" \/>\n<meta name=\"twitter:label1\" content=\"Written by\" \/>\n\t<meta name=\"twitter:data1\" content=\"Tom\u00e1\u0161 Koppl\" \/>\n\t<meta name=\"twitter:label2\" content=\"Est. reading time\" \/>\n\t<meta name=\"twitter:data2\" content=\"2 minutes\" \/>\n<script type=\"application\/ld+json\" class=\"yoast-schema-graph\">{\"@context\":\"https:\/\/schema.org\",\"@graph\":[{\"@type\":\"Article\",\"@id\":\"https:\/\/www.smedemokrati.sk\/200-je-viac-ako-500-nove-ambulancie-v-regionoch-potrebujeme-rychlo\/#article\",\"isPartOf\":{\"@id\":\"https:\/\/www.smedemokrati.sk\/200-je-viac-ako-500-nove-ambulancie-v-regionoch-potrebujeme-rychlo\/\"},\"author\":{\"name\":\"Tom\u00e1\u0161 Koppl\",\"@id\":\"https:\/\/www.smedemokrati.sk\/#\/schema\/person\/c60720f4b9955b3c1ed222ebd1fbbc7c\"},\"headline\":\"200 je viac ako 500 &#8211; nov\u00e9 ambulancie v regi\u00f3noch potrebujeme r\u00fdchlo\",\"datePublished\":\"2023-08-04T09:30:55+00:00\",\"dateModified\":\"2023-08-04T09:30:56+00:00\",\"mainEntityOfPage\":{\"@id\":\"https:\/\/www.smedemokrati.sk\/200-je-viac-ako-500-nove-ambulancie-v-regionoch-potrebujeme-rychlo\/\"},\"wordCount\":304,\"publisher\":{\"@id\":\"https:\/\/www.smedemokrati.sk\/#organization\"},\"image\":{\"@id\":\"https:\/\/www.smedemokrati.sk\/200-je-viac-ako-500-nove-ambulancie-v-regionoch-potrebujeme-rychlo\/#primaryimage\"},\"thumbnailUrl\":\"https:\/\/www.smedemokrati.sk\/wp-content\/uploads\/2023\/06\/abdrea.jpg\",\"articleSection\":[\"Tla\u010dov\u00e9 spr\u00e1vy\"],\"inLanguage\":\"en-US\"},{\"@type\":\"WebPage\",\"@id\":\"https:\/\/www.smedemokrati.sk\/200-je-viac-ako-500-nove-ambulancie-v-regionoch-potrebujeme-rychlo\/\",\"url\":\"https:\/\/www.smedemokrati.sk\/200-je-viac-ako-500-nove-ambulancie-v-regionoch-potrebujeme-rychlo\/\",\"name\":\"200 je viac ako 500 - nov\u00e9 ambulancie v regi\u00f3noch potrebujeme r\u00fdchlo - Smedemokrati.sk\",\"isPartOf\":{\"@id\":\"https:\/\/www.smedemokrati.sk\/#website\"},\"primaryImageOfPage\":{\"@id\":\"https:\/\/www.smedemokrati.sk\/200-je-viac-ako-500-nove-ambulancie-v-regionoch-potrebujeme-rychlo\/#primaryimage\"},\"image\":{\"@id\":\"https:\/\/www.smedemokrati.sk\/200-je-viac-ako-500-nove-ambulancie-v-regionoch-potrebujeme-rychlo\/#primaryimage\"},\"thumbnailUrl\":\"https:\/\/www.smedemokrati.sk\/wp-content\/uploads\/2023\/06\/abdrea.jpg\",\"datePublished\":\"2023-08-04T09:30:55+00:00\",\"dateModified\":\"2023-08-04T09:30:56+00:00\",\"breadcrumb\":{\"@id\":\"https:\/\/www.smedemokrati.sk\/200-je-viac-ako-500-nove-ambulancie-v-regionoch-potrebujeme-rychlo\/#breadcrumb\"},\"inLanguage\":\"en-US\",\"potentialAction\":[{\"@type\":\"ReadAction\",\"target\":[\"https:\/\/www.smedemokrati.sk\/200-je-viac-ako-500-nove-ambulancie-v-regionoch-potrebujeme-rychlo\/\"]}]},{\"@type\":\"ImageObject\",\"inLanguage\":\"en-US\",\"@id\":\"https:\/\/www.smedemokrati.sk\/200-je-viac-ako-500-nove-ambulancie-v-regionoch-potrebujeme-rychlo\/#primaryimage\",\"url\":\"https:\/\/www.smedemokrati.sk\/wp-content\/uploads\/2023\/06\/abdrea.jpg\",\"contentUrl\":\"https:\/\/www.smedemokrati.sk\/wp-content\/uploads\/2023\/06\/abdrea.jpg\",\"width\":1800,\"height\":1009},{\"@type\":\"BreadcrumbList\",\"@id\":\"https:\/\/www.smedemokrati.sk\/200-je-viac-ako-500-nove-ambulancie-v-regionoch-potrebujeme-rychlo\/#breadcrumb\",\"itemListElement\":[{\"@type\":\"ListItem\",\"position\":1,\"name\":\"Domovsk\u00e1 str\u00e1nka\",\"item\":\"https:\/\/www.smedemokrati.sk\/\"},{\"@type\":\"ListItem\",\"position\":2,\"name\":\"200 je viac ako 500 &#8211; nov\u00e9 ambulancie v regi\u00f3noch potrebujeme r\u00fdchlo\"}]},{\"@type\":\"WebSite\",\"@id\":\"https:\/\/www.smedemokrati.sk\/#website\",\"url\":\"https:\/\/www.smedemokrati.sk\/\",\"name\":\"Smedemokrati.sk\",\"description\":\"Demokracia a slu\u0161nos\u0165 zv\u00ed\u0165az\u00ed\",\"publisher\":{\"@id\":\"https:\/\/www.smedemokrati.sk\/#organization\"},\"potentialAction\":[{\"@type\":\"SearchAction\",\"target\":{\"@type\":\"EntryPoint\",\"urlTemplate\":\"https:\/\/www.smedemokrati.sk\/?s={search_term_string}\"},\"query-input\":{\"@type\":\"PropertyValueSpecification\",\"valueRequired\":true,\"valueName\":\"search_term_string\"}}],\"inLanguage\":\"en-US\"},{\"@type\":\"Organization\",\"@id\":\"https:\/\/www.smedemokrati.sk\/#organization\",\"name\":\"Smedemokrati.sk\",\"url\":\"https:\/\/www.smedemokrati.sk\/\",\"logo\":{\"@type\":\"ImageObject\",\"inLanguage\":\"en-US\",\"@id\":\"https:\/\/www.smedemokrati.sk\/#\/schema\/logo\/image\/\",\"url\":\"https:\/\/www.smedemokrati.sk\/wp-content\/uploads\/2023\/04\/ff.002.jpeg\",\"contentUrl\":\"https:\/\/www.smedemokrati.sk\/wp-content\/uploads\/2023\/04\/ff.002.jpeg\",\"width\":640,\"height\":480,\"caption\":\"Smedemokrati.sk\"},\"image\":{\"@id\":\"https:\/\/www.smedemokrati.sk\/#\/schema\/logo\/image\/\"},\"sameAs\":[\"https:\/\/www.facebook.com\/smedemokrati2023\"]},{\"@type\":\"Person\",\"@id\":\"https:\/\/www.smedemokrati.sk\/#\/schema\/person\/c60720f4b9955b3c1ed222ebd1fbbc7c\",\"name\":\"Tom\u00e1\u0161 Koppl\",\"image\":{\"@type\":\"ImageObject\",\"inLanguage\":\"en-US\",\"@id\":\"https:\/\/secure.gravatar.com\/avatar\/8dfa38373c5e39821baf74c8e867a6f12e12c6dab6559aa999d10703b0b1c4ce?s=96&d=mm&r=g\",\"url\":\"https:\/\/secure.gravatar.com\/avatar\/8dfa38373c5e39821baf74c8e867a6f12e12c6dab6559aa999d10703b0b1c4ce?s=96&d=mm&r=g\",\"contentUrl\":\"https:\/\/secure.gravatar.com\/avatar\/8dfa38373c5e39821baf74c8e867a6f12e12c6dab6559aa999d10703b0b1c4ce?s=96&d=mm&r=g\",\"caption\":\"Tom\u00e1\u0161 Koppl\"},\"url\":\"https:\/\/www.smedemokrati.sk\/en\/author\/tomaskoppl\/\"}]}<\/script>\n<!-- \/ Yoast SEO plugin. -->","yoast_head_json":{"title":"200 je viac ako 500 - nov\u00e9 ambulancie v regi\u00f3noch potrebujeme r\u00fdchlo - Smedemokrati.sk","robots":{"index":"index","follow":"follow","max-snippet":"max-snippet:-1","max-image-preview":"max-image-preview:large","max-video-preview":"max-video-preview:-1"},"canonical":"https:\/\/www.smedemokrati.sk\/en\/200-je-viac-ako-500-nove-ambulancie-v-regionoch-potrebujeme-rychlo\/","og_locale":"en_US","og_type":"article","og_title":"200 je viac ako 500 - nov\u00e9 ambulancie v regi\u00f3noch potrebujeme r\u00fdchlo - Smedemokrati.sk","og_description":"Volebn\u00e1 l\u00edderka strany Demokrati Andrea Letanovsk\u00e1 po n\u00e1v\u0161teve Bardejovskej nemocnice informovala, \u017ee situ\u00e1cia s pediatrami je aj v tomto regi\u00f3ne ak\u00fatna.\u00a0\u201eNa to, aby sme tento probl\u00e9m vyrie\u0161ili, potrebujeme situ\u00e1ciu najprv zastabilizova\u0165. Pediatri u\u017e na jese\u0148 avizuj\u00fa, \u017ee vypovedaj\u00fa slu\u017eby a mo\u017eno a\u017e tretina det\u00ed pr\u00edde o svojho lek\u00e1ra. Je to ak\u00fatne, ke\u010f\u017ee sa bl\u00ed\u017ei aj [&hellip;]","og_url":"https:\/\/www.smedemokrati.sk\/en\/200-je-viac-ako-500-nove-ambulancie-v-regionoch-potrebujeme-rychlo\/","og_site_name":"Smedemokrati.sk","article_publisher":"https:\/\/www.facebook.com\/smedemokrati2023","article_published_time":"2023-08-04T09:30:55+00:00","article_modified_time":"2023-08-04T09:30:56+00:00","og_image":[{"width":1800,"height":1009,"url":"https:\/\/www.smedemokrati.sk\/wp-content\/uploads\/2023\/06\/abdrea.jpg","type":"image\/jpeg"}],"author":"Tom\u00e1\u0161 Koppl","twitter_card":"summary_large_image","twitter_misc":{"Written by":"Tom\u00e1\u0161 Koppl","Est. reading time":"2 minutes"},"schema":{"@context":"https:\/\/schema.org","@graph":[{"@type":"Article","@id":"https:\/\/www.smedemokrati.sk\/200-je-viac-ako-500-nove-ambulancie-v-regionoch-potrebujeme-rychlo\/#article","isPartOf":{"@id":"https:\/\/www.smedemokrati.sk\/200-je-viac-ako-500-nove-ambulancie-v-regionoch-potrebujeme-rychlo\/"},"author":{"name":"Tom\u00e1\u0161 Koppl","@id":"https:\/\/www.smedemokrati.sk\/#\/schema\/person\/c60720f4b9955b3c1ed222ebd1fbbc7c"},"headline":"200 je viac ako 500 &#8211; nov\u00e9 ambulancie v regi\u00f3noch potrebujeme r\u00fdchlo","datePublished":"2023-08-04T09:30:55+00:00","dateModified":"2023-08-04T09:30:56+00:00","mainEntityOfPage":{"@id":"https:\/\/www.smedemokrati.sk\/200-je-viac-ako-500-nove-ambulancie-v-regionoch-potrebujeme-rychlo\/"},"wordCount":304,"publisher":{"@id":"https:\/\/www.smedemokrati.sk\/#organization"},"image":{"@id":"https:\/\/www.smedemokrati.sk\/200-je-viac-ako-500-nove-ambulancie-v-regionoch-potrebujeme-rychlo\/#primaryimage"},"thumbnailUrl":"https:\/\/www.smedemokrati.sk\/wp-content\/uploads\/2023\/06\/abdrea.jpg","articleSection":["Tla\u010dov\u00e9 spr\u00e1vy"],"inLanguage":"en-US"},{"@type":"WebPage","@id":"https:\/\/www.smedemokrati.sk\/200-je-viac-ako-500-nove-ambulancie-v-regionoch-potrebujeme-rychlo\/","url":"https:\/\/www.smedemokrati.sk\/200-je-viac-ako-500-nove-ambulancie-v-regionoch-potrebujeme-rychlo\/","name":"200 je viac ako 500 - nov\u00e9 ambulancie v regi\u00f3noch potrebujeme r\u00fdchlo - Smedemokrati.sk","isPartOf":{"@id":"https:\/\/www.smedemokrati.sk\/#website"},"primaryImageOfPage":{"@id":"https:\/\/www.smedemokrati.sk\/200-je-viac-ako-500-nove-ambulancie-v-regionoch-potrebujeme-rychlo\/#primaryimage"},"image":{"@id":"https:\/\/www.smedemokrati.sk\/200-je-viac-ako-500-nove-ambulancie-v-regionoch-potrebujeme-rychlo\/#primaryimage"},"thumbnailUrl":"https:\/\/www.smedemokrati.sk\/wp-content\/uploads\/2023\/06\/abdrea.jpg","datePublished":"2023-08-04T09:30:55+00:00","dateModified":"2023-08-04T09:30:56+00:00","breadcrumb":{"@id":"https:\/\/www.smedemokrati.sk\/200-je-viac-ako-500-nove-ambulancie-v-regionoch-potrebujeme-rychlo\/#breadcrumb"},"inLanguage":"en-US","potentialAction":[{"@type":"ReadAction","target":["https:\/\/www.smedemokrati.sk\/200-je-viac-ako-500-nove-ambulancie-v-regionoch-potrebujeme-rychlo\/"]}]},{"@type":"ImageObject","inLanguage":"en-US","@id":"https:\/\/www.smedemokrati.sk\/200-je-viac-ako-500-nove-ambulancie-v-regionoch-potrebujeme-rychlo\/#primaryimage","url":"https:\/\/www.smedemokrati.sk\/wp-content\/uploads\/2023\/06\/abdrea.jpg","contentUrl":"https:\/\/www.smedemokrati.sk\/wp-content\/uploads\/2023\/06\/abdrea.jpg","width":1800,"height":1009},{"@type":"BreadcrumbList","@id":"https:\/\/www.smedemokrati.sk\/200-je-viac-ako-500-nove-ambulancie-v-regionoch-potrebujeme-rychlo\/#breadcrumb","itemListElement":[{"@type":"ListItem","position":1,"name":"Domovsk\u00e1 str\u00e1nka","item":"https:\/\/www.smedemokrati.sk\/"},{"@type":"ListItem","position":2,"name":"200 je viac ako 500 &#8211; nov\u00e9 ambulancie v regi\u00f3noch potrebujeme r\u00fdchlo"}]},{"@type":"WebSite","@id":"https:\/\/www.smedemokrati.sk\/#website","url":"https:\/\/www.smedemokrati.sk\/","name":"Smedemokrati.sk","description":"Demokracia a slu\u0161nos\u0165 zv\u00ed\u0165az\u00ed","publisher":{"@id":"https:\/\/www.smedemokrati.sk\/#organization"},"potentialAction":[{"@type":"SearchAction","target":{"@type":"EntryPoint","urlTemplate":"https:\/\/www.smedemokrati.sk\/?s={search_term_string}"},"query-input":{"@type":"PropertyValueSpecification","valueRequired":true,"valueName":"search_term_string"}}],"inLanguage":"en-US"},{"@type":"Organization","@id":"https:\/\/www.smedemokrati.sk\/#organization","name":"Smedemokrati.sk","url":"https:\/\/www.smedemokrati.sk\/","logo":{"@type":"ImageObject","inLanguage":"en-US","@id":"https:\/\/www.smedemokrati.sk\/#\/schema\/logo\/image\/","url":"https:\/\/www.smedemokrati.sk\/wp-content\/uploads\/2023\/04\/ff.002.jpeg","contentUrl":"https:\/\/www.smedemokrati.sk\/wp-content\/uploads\/2023\/04\/ff.002.jpeg","width":640,"height":480,"caption":"Smedemokrati.sk"},"image":{"@id":"https:\/\/www.smedemokrati.sk\/#\/schema\/logo\/image\/"},"sameAs":["https:\/\/www.facebook.com\/smedemokrati2023"]},{"@type":"Person","@id":"https:\/\/www.smedemokrati.sk\/#\/schema\/person\/c60720f4b9955b3c1ed222ebd1fbbc7c","name":"Tom\u00e1\u0161 Koppl","image":{"@type":"ImageObject","inLanguage":"en-US","@id":"https:\/\/secure.gravatar.com\/avatar\/8dfa38373c5e39821baf74c8e867a6f12e12c6dab6559aa999d10703b0b1c4ce?s=96&d=mm&r=g","url":"https:\/\/secure.gravatar.com\/avatar\/8dfa38373c5e39821baf74c8e867a6f12e12c6dab6559aa999d10703b0b1c4ce?s=96&d=mm&r=g","contentUrl":"https:\/\/secure.gravatar.com\/avatar\/8dfa38373c5e39821baf74c8e867a6f12e12c6dab6559aa999d10703b0b1c4ce?s=96&d=mm&r=g","caption":"Tom\u00e1\u0161 Koppl"},"url":"https:\/\/www.smedemokrati.sk\/en\/author\/tomaskoppl\/"}]}},"_links":{"self":[{"href":"https:\/\/www.smedemokrati.sk\/en\/wp-json\/wp\/v2\/posts\/1639","targetHints":{"allow":["GET"]}}],"collection":[{"href":"https:\/\/www.smedemokrati.sk\/en\/wp-json\/wp\/v2\/posts"}],"about":[{"href":"https:\/\/www.smedemokrati.sk\/en\/wp-json\/wp\/v2\/types\/post"}],"author":[{"embeddable":true,"href":"https:\/\/www.smedemokrati.sk\/en\/wp-json\/wp\/v2\/users\/7"}],"replies":[{"embeddable":true,"href":"https:\/\/www.smedemokrati.sk\/en\/wp-json\/wp\/v2\/comments?post=1639"}],"version-history":[{"count":1,"href":"https:\/\/www.smedemokrati.sk\/en\/wp-json\/wp\/v2\/posts\/1639\/revisions"}],"predecessor-version":[{"id":1640,"href":"https:\/\/www.smedemokrati.sk\/en\/wp-json\/wp\/v2\/posts\/1639\/revisions\/1640"}],"wp:featuredmedia":[{"embeddable":true,"href":"https:\/\/www.smedemokrati.sk\/en\/wp-json\/wp\/v2\/media\/1169"}],"wp:attachment":[{"href":"https:\/\/www.smedemokrati.sk\/en\/wp-json\/wp\/v2\/media?parent=1639"}],"wp:term":[{"taxonomy":"category","embeddable":true,"href":"https:\/\/www.smedemokrati.sk\/en\/wp-json\/wp\/v2\/categories?post=1639"},{"taxonomy":"post_tag","embeddable":true,"href":"https:\/\/www.smedemokrati.sk\/en\/wp-json\/wp\/v2\/tags?post=1639"}],"curies":[{"name":"wp","href":"https:\/\/api.w.org\/{rel}","templated":true}]}}