{"id":1527,"date":"2023-07-18T18:42:59","date_gmt":"2023-07-18T16:42:59","guid":{"rendered":"https:\/\/www.smedemokrati.sk\/?p=1527"},"modified":"2023-07-18T18:43:26","modified_gmt":"2023-07-18T16:43:26","slug":"peniaze-pre-samospravy-v-rozpocte-su-treba-ich-urychlene-vyplatit","status":"publish","type":"post","link":"https:\/\/www.smedemokrati.sk\/en\/peniaze-pre-samospravy-v-rozpocte-su-treba-ich-urychlene-vyplatit\/","title":{"rendered":"Peniaze pre samospr\u00e1vy v rozpo\u010dte s\u00fa, treba ich ur\u00fdchlene vyplati\u0165"},"content":{"rendered":"<div id=\"fb-root\"><\/div>\n\n<p>Pod\u013ea expremi\u00e9ra a predsedu strany Demokrati Eduarda Hegera v schv\u00e1lenom rozpo\u010dte s\u00fa vy\u010dlenen\u00e9 peniaze na pomoc pre samospr\u00e1vy a nie je d\u00f4vod \u010daka\u0165 s ich vyplaten\u00edm. Mimoriadnu sch\u00f4dzu, ktor\u00fa iniciovali poslanci Smeru pova\u017euj\u00fa Demokrati za falo\u0161n\u00fa hru a kampa\u0148ov\u00e9 divadlo Roberta Fica.&nbsp;<\/p>\n\n\n\n<p>V decembri 2022 bol schv\u00e1len\u00fd \u0161t\u00e1tny rozpo\u010det, v ktorom vl\u00e1da Eduarda Hegera vy\u010dlenila 200 mil. eur na kompenz\u00e1cie vysok\u00fdch cien energi\u00ed pre samospr\u00e1vy.\u00a0<strong>\u201eTieto peniaze v rozpo\u010dte s\u00fa a \u00faradn\u00edcka vl\u00e1da by ich mala \u010do najsk\u00f4r vyplati\u0165 samospr\u00e1vam,\u201d<\/strong>\u00a0povedal Heger a z\u00e1rove\u0148 pripomenul, \u017ee jeho vl\u00e1da zastropovala ceny energi\u00ed a z\u00e1rove\u0148 zn\u00ed\u017eila distribu\u010dn\u00e9 poplatky.\u00a0<\/p>\n\n\n\n<p>Pod\u013ea Hegera uznesenie, ktor\u00e9 chce Smer schva\u013eova\u0165 v skuto\u010dnosti ni\u010d nerie\u0161i a nie je pre vl\u00e1du ani z\u00e1v\u00e4zn\u00e9.\u00a0<strong>\u201eMimoriadna sch\u00f4dza je falo\u0161n\u00e1 hra Roberta Fica. Nejde o ni\u010d in\u00e9 len o vytv\u00e1ranie chaosu, bez skuto\u010dn\u00e9ho z\u00e1ujmu pom\u00f4c\u0165 samospr\u00e1vam.\u201d<\/strong><\/p>\n\n\n\n<p><strong>\u201eNa posledn\u00fdch dvoch sch\u00f4dzach parlamentu sme poslancov nieko\u013ekokr\u00e1t varovali, nech neschva\u013euj\u00fa r\u00f4zne nekryt\u00e9 at\u00f3movky, preto\u017ee tie peniaze bud\u00fa niekde ch\u00fdba\u0165. A \u010do sa stalo? Schv\u00e1lili viac ako 500 mil. nekryt\u00fdch v\u00fddavkov len na tento rok. Preto chcem aj z tohto miesta vyzva\u0165 populistov &#8211; ke\u010f boli schopn\u00ed hlasova\u0165 za nov\u00e9 v\u00fddavky, aby na ne na\u0161li aj krytie. Dobre vedeli, \u017ee tak\u00e1to situ\u00e1cia nastane. Strana Demokrati ich varovala a ako jedin\u00e1 sa zachovala rozpo\u010dtovo zodpovedne,\u201d<\/strong>\u00a0povedal Heger.<\/p>\n\n\n\n<p><strong>\u201ePopulisti v politike sa spr\u00e1vaj\u00fa tak, \u017ee pozv\u00fa v\u0161etk\u00fdch v re\u0161taur\u00e1cii na obed a potom od\u00eddu so slovami &#8216;\u00d3dor zapla\u0165 to&#8217;. Takto sa \u0161t\u00e1t riadi\u0165 ned\u00e1,\u201d<\/strong>\u00a0povedal podpredseda Demokratov Miroslav Koll\u00e1r.\u00a0<strong>\u201eSmer\u00e1cka sch\u00f4dza probl\u00e9m nerie\u0161i. So samospr\u00e1vami sa m\u00e1 spolupracova\u0165 a nie robi\u0165 divadlo v parlamente. V piatok v pr\u00e1ci budeme, ale nebudeme pracova\u0165 na smer\u00e1ckej kampani,\u201d<\/strong>\u00a0doplnil.<\/p>\n\n\n\n<p>Miroslav Koll\u00e1r si mysl\u00ed, \u017ee vl\u00e1da \u013d. \u00d3dora nakoniec peniaze pre samospr\u00e1vy vyplat\u00ed a tak zabezpe\u010d\u00ed ich finan\u010dn\u00fa stabilitu na tento rok.<strong>\u201ePo\u010fme sa rozpr\u00e1va\u0165 o tom, \u010do bude bud\u00faci rok a ak\u00e9 syst\u00e9mov\u00e9 zmeny chceme prija\u0165 v najbli\u017e\u0161\u00edch rokoch. Potrebujeme dotiahnu\u0165 odpustenie kovidov\u00fdch p\u00f4\u017ei\u010diek a \u00faplne dofinancovanie prenesen\u00e9ho v\u00fdkonu \u0161t\u00e1tnej spr\u00e1vy, aby samospr\u00e1vy nemuseli suplova\u0165 \u0161t\u00e1t zo svojich rozpo\u010dtov a mohli financova\u0165 be\u017en\u00e9 slu\u017eby pre ob\u010danov.\u201d<\/strong>\u00a0<\/p>\n\n\n\n<p>S\u00fa\u010dasn\u00e1 situ\u00e1cia samospr\u00e1v nie je pod\u013ea M. Koll\u00e1ra dlhodobo udr\u017eate\u013en\u00e1.\u00a0<strong>\u201eS\u00fa nutn\u00e9 syst\u00e9mov\u00e9 zmeny. S\u00fa\u010das\u0165ou n\u00e1\u0161ho programu bude zv\u00fd\u0161enie rozsahu kompetenci\u00ed samospr\u00e1v a nov\u00e1 region\u00e1lna politika. Samozrejme s adekv\u00e1tnym syst\u00e9mom financovania. Nemysl\u00edme si, \u017ee region\u00e1lny rozvoj sa m\u00e1 robi\u0165 z Bratislavy, my ver\u00edme \u013eu\u010fom v regi\u00f3noch. Decentraliz\u00e1cia je cesta k prosperite krajiny,\u201d<\/strong>\u00a0povedal M. Koll\u00e1r.<\/p>\n\n\n\n<p>Strana Demokrati sa pod\u013ea \u010dlena jej predsedn\u00edctva J. \u0160eligu bude v\u017edy spr\u00e1va\u0165 zodpovedne.\u00a0<strong>\u201eApelujem na ob\u010danov, aby ve\u013emi pozorne sledovali, \u010do im politici pred vo\u013ebami s\u013eubuj\u00fa. Ak v\u00e1m niekto s\u013eubuje 500 eur za vo\u013eby, klame v\u00e1s. Ak v\u00e1m niekto s\u013eubuje, \u017ee d\u00e1 500 euro ka\u017edej dom\u00e1cnosti, klame v\u00e1s. Ak v\u00e1m niekto s\u013eubuje, \u017ee v\u00e1m len tak zadotuje \u00farok za hypot\u00e9ku, klame v\u00e1s. \u0160t\u00e1t hospod\u00e1ri s ur\u010dit\u00fdm rozpo\u010dtom a ke\u010f v\u00e1m niekto s\u013eubuje, \u017ee v\u00e1m d\u00e1 aj modr\u00e9 z neba, c\u00edtim povinnos\u0165 poveda\u0165, \u017ee klame,\u201d<\/strong>\u00a0povedal \u0160eliga.<\/p>\n\n\n\n<figure class=\"wp-block-image size-large\"><img decoding=\"async\" width=\"1024\" height=\"465\" src=\"https:\/\/www.smedemokrati.sk\/wp-content\/uploads\/2023\/07\/ddd-1-1024x465.jpg\" alt=\"\" class=\"wp-image-1530\" srcset=\"https:\/\/www.smedemokrati.sk\/wp-content\/uploads\/2023\/07\/ddd-1-1024x465.jpg 1024w, https:\/\/www.smedemokrati.sk\/wp-content\/uploads\/2023\/07\/ddd-1-300x136.jpg 300w, https:\/\/www.smedemokrati.sk\/wp-content\/uploads\/2023\/07\/ddd-1-768x349.jpg 768w, https:\/\/www.smedemokrati.sk\/wp-content\/uploads\/2023\/07\/ddd-1-1536x697.jpg 1536w, https:\/\/www.smedemokrati.sk\/wp-content\/uploads\/2023\/07\/ddd-1.jpg 1635w\" sizes=\"(max-width: 1024px) 100vw, 1024px\" \/><\/figure>\n","protected":false},"excerpt":{"rendered":"<p>Pod\u013ea expremi\u00e9ra a predsedu strany Demokrati Eduarda Hegera v schv\u00e1lenom rozpo\u010dte s\u00fa vy\u010dlenen\u00e9 peniaze na pomoc pre samospr\u00e1vy a nie je d\u00f4vod \u010daka\u0165 s ich vyplaten\u00edm. Mimoriadnu sch\u00f4dzu, ktor\u00fa iniciovali poslanci Smeru pova\u017euj\u00fa Demokrati za falo\u0161n\u00fa hru a kampa\u0148ov\u00e9 divadlo Roberta Fica.&nbsp; V decembri 2022 bol schv\u00e1len\u00fd \u0161t\u00e1tny rozpo\u010det, v ktorom vl\u00e1da Eduarda Hegera vy\u010dlenila [&hellip;]<\/p>\n","protected":false},"author":7,"featured_media":1528,"comment_status":"closed","ping_status":"closed","sticky":false,"template":"","format":"standard","meta":{"_acf_changed":false,"ngg_post_thumbnail":0,"footnotes":""},"categories":[4],"tags":[],"class_list":["post-1527","post","type-post","status-publish","format-standard","has-post-thumbnail","hentry","category-tlacove-spravy"],"acf":[],"yoast_head":"<!-- This site is optimized with the Yoast SEO plugin v27.2 - https:\/\/yoast.com\/product\/yoast-seo-wordpress\/ -->\n<title>Peniaze pre samospr\u00e1vy v rozpo\u010dte s\u00fa, treba ich ur\u00fdchlene vyplati\u0165 - Smedemokrati.sk<\/title>\n<meta name=\"robots\" content=\"index, follow, max-snippet:-1, max-image-preview:large, max-video-preview:-1\" \/>\n<link rel=\"canonical\" href=\"https:\/\/www.smedemokrati.sk\/en\/peniaze-pre-samospravy-v-rozpocte-su-treba-ich-urychlene-vyplatit\/\" \/>\n<meta property=\"og:locale\" content=\"en_US\" \/>\n<meta property=\"og:locale:alternate\" content=\"cs_CZ\" \/>\n<meta property=\"og:locale:alternate\" content=\"hu_HU\" \/>\n<meta property=\"og:locale:alternate\" content=\"sk_SK\" \/>\n<meta property=\"og:locale:alternate\" content=\"sv_SE\" \/>\n<meta property=\"og:type\" content=\"article\" \/>\n<meta property=\"og:title\" content=\"Peniaze pre samospr\u00e1vy v rozpo\u010dte s\u00fa, treba ich ur\u00fdchlene vyplati\u0165 - Smedemokrati.sk\" \/>\n<meta property=\"og:description\" content=\"Pod\u013ea expremi\u00e9ra a predsedu strany Demokrati Eduarda Hegera v schv\u00e1lenom rozpo\u010dte s\u00fa vy\u010dlenen\u00e9 peniaze na pomoc pre samospr\u00e1vy a nie je d\u00f4vod \u010daka\u0165 s ich vyplaten\u00edm. Mimoriadnu sch\u00f4dzu, ktor\u00fa iniciovali poslanci Smeru pova\u017euj\u00fa Demokrati za falo\u0161n\u00fa hru a kampa\u0148ov\u00e9 divadlo Roberta Fica.&nbsp; V decembri 2022 bol schv\u00e1len\u00fd \u0161t\u00e1tny rozpo\u010det, v ktorom vl\u00e1da Eduarda Hegera vy\u010dlenila [&hellip;]\" \/>\n<meta property=\"og:url\" content=\"https:\/\/www.smedemokrati.sk\/en\/peniaze-pre-samospravy-v-rozpocte-su-treba-ich-urychlene-vyplatit\/\" \/>\n<meta property=\"og:site_name\" content=\"Smedemokrati.sk\" \/>\n<meta property=\"article:publisher\" content=\"https:\/\/www.facebook.com\/smedemokrati2023\" \/>\n<meta property=\"article:published_time\" content=\"2023-07-18T16:42:59+00:00\" \/>\n<meta property=\"article:modified_time\" content=\"2023-07-18T16:43:26+00:00\" \/>\n<meta property=\"og:image\" content=\"https:\/\/www.smedemokrati.sk\/wp-content\/uploads\/2023\/07\/ddd.jpg\" \/>\n\t<meta property=\"og:image:width\" content=\"1635\" \/>\n\t<meta property=\"og:image:height\" content=\"742\" \/>\n\t<meta property=\"og:image:type\" content=\"image\/jpeg\" \/>\n<meta name=\"author\" content=\"Tom\u00e1\u0161 Koppl\" \/>\n<meta name=\"twitter:card\" content=\"summary_large_image\" \/>\n<meta name=\"twitter:label1\" content=\"Written by\" \/>\n\t<meta name=\"twitter:data1\" content=\"Tom\u00e1\u0161 Koppl\" \/>\n\t<meta name=\"twitter:label2\" content=\"Est. reading time\" \/>\n\t<meta name=\"twitter:data2\" content=\"3 minutes\" \/>\n<script type=\"application\/ld+json\" class=\"yoast-schema-graph\">{\"@context\":\"https:\/\/schema.org\",\"@graph\":[{\"@type\":\"Article\",\"@id\":\"https:\/\/www.smedemokrati.sk\/peniaze-pre-samospravy-v-rozpocte-su-treba-ich-urychlene-vyplatit\/#article\",\"isPartOf\":{\"@id\":\"https:\/\/www.smedemokrati.sk\/peniaze-pre-samospravy-v-rozpocte-su-treba-ich-urychlene-vyplatit\/\"},\"author\":{\"name\":\"Tom\u00e1\u0161 Koppl\",\"@id\":\"https:\/\/www.smedemokrati.sk\/#\/schema\/person\/c60720f4b9955b3c1ed222ebd1fbbc7c\"},\"headline\":\"Peniaze pre samospr\u00e1vy v rozpo\u010dte s\u00fa, treba ich ur\u00fdchlene vyplati\u0165\",\"datePublished\":\"2023-07-18T16:42:59+00:00\",\"dateModified\":\"2023-07-18T16:43:26+00:00\",\"mainEntityOfPage\":{\"@id\":\"https:\/\/www.smedemokrati.sk\/peniaze-pre-samospravy-v-rozpocte-su-treba-ich-urychlene-vyplatit\/\"},\"wordCount\":637,\"publisher\":{\"@id\":\"https:\/\/www.smedemokrati.sk\/#organization\"},\"image\":{\"@id\":\"https:\/\/www.smedemokrati.sk\/peniaze-pre-samospravy-v-rozpocte-su-treba-ich-urychlene-vyplatit\/#primaryimage\"},\"thumbnailUrl\":\"https:\/\/www.smedemokrati.sk\/wp-content\/uploads\/2023\/07\/ddd.jpg\",\"articleSection\":[\"Tla\u010dov\u00e9 spr\u00e1vy\"],\"inLanguage\":\"en-US\"},{\"@type\":\"WebPage\",\"@id\":\"https:\/\/www.smedemokrati.sk\/peniaze-pre-samospravy-v-rozpocte-su-treba-ich-urychlene-vyplatit\/\",\"url\":\"https:\/\/www.smedemokrati.sk\/peniaze-pre-samospravy-v-rozpocte-su-treba-ich-urychlene-vyplatit\/\",\"name\":\"Peniaze pre samospr\u00e1vy v rozpo\u010dte s\u00fa, treba ich ur\u00fdchlene vyplati\u0165 - Smedemokrati.sk\",\"isPartOf\":{\"@id\":\"https:\/\/www.smedemokrati.sk\/#website\"},\"primaryImageOfPage\":{\"@id\":\"https:\/\/www.smedemokrati.sk\/peniaze-pre-samospravy-v-rozpocte-su-treba-ich-urychlene-vyplatit\/#primaryimage\"},\"image\":{\"@id\":\"https:\/\/www.smedemokrati.sk\/peniaze-pre-samospravy-v-rozpocte-su-treba-ich-urychlene-vyplatit\/#primaryimage\"},\"thumbnailUrl\":\"https:\/\/www.smedemokrati.sk\/wp-content\/uploads\/2023\/07\/ddd.jpg\",\"datePublished\":\"2023-07-18T16:42:59+00:00\",\"dateModified\":\"2023-07-18T16:43:26+00:00\",\"breadcrumb\":{\"@id\":\"https:\/\/www.smedemokrati.sk\/peniaze-pre-samospravy-v-rozpocte-su-treba-ich-urychlene-vyplatit\/#breadcrumb\"},\"inLanguage\":\"en-US\",\"potentialAction\":[{\"@type\":\"ReadAction\",\"target\":[\"https:\/\/www.smedemokrati.sk\/peniaze-pre-samospravy-v-rozpocte-su-treba-ich-urychlene-vyplatit\/\"]}]},{\"@type\":\"ImageObject\",\"inLanguage\":\"en-US\",\"@id\":\"https:\/\/www.smedemokrati.sk\/peniaze-pre-samospravy-v-rozpocte-su-treba-ich-urychlene-vyplatit\/#primaryimage\",\"url\":\"https:\/\/www.smedemokrati.sk\/wp-content\/uploads\/2023\/07\/ddd.jpg\",\"contentUrl\":\"https:\/\/www.smedemokrati.sk\/wp-content\/uploads\/2023\/07\/ddd.jpg\",\"width\":1635,\"height\":742},{\"@type\":\"BreadcrumbList\",\"@id\":\"https:\/\/www.smedemokrati.sk\/peniaze-pre-samospravy-v-rozpocte-su-treba-ich-urychlene-vyplatit\/#breadcrumb\",\"itemListElement\":[{\"@type\":\"ListItem\",\"position\":1,\"name\":\"Domovsk\u00e1 str\u00e1nka\",\"item\":\"https:\/\/www.smedemokrati.sk\/\"},{\"@type\":\"ListItem\",\"position\":2,\"name\":\"Peniaze pre samospr\u00e1vy v rozpo\u010dte s\u00fa, treba ich ur\u00fdchlene vyplati\u0165\"}]},{\"@type\":\"WebSite\",\"@id\":\"https:\/\/www.smedemokrati.sk\/#website\",\"url\":\"https:\/\/www.smedemokrati.sk\/\",\"name\":\"Smedemokrati.sk\",\"description\":\"Demokracia a slu\u0161nos\u0165 zv\u00ed\u0165az\u00ed\",\"publisher\":{\"@id\":\"https:\/\/www.smedemokrati.sk\/#organization\"},\"potentialAction\":[{\"@type\":\"SearchAction\",\"target\":{\"@type\":\"EntryPoint\",\"urlTemplate\":\"https:\/\/www.smedemokrati.sk\/?s={search_term_string}\"},\"query-input\":{\"@type\":\"PropertyValueSpecification\",\"valueRequired\":true,\"valueName\":\"search_term_string\"}}],\"inLanguage\":\"en-US\"},{\"@type\":\"Organization\",\"@id\":\"https:\/\/www.smedemokrati.sk\/#organization\",\"name\":\"Smedemokrati.sk\",\"url\":\"https:\/\/www.smedemokrati.sk\/\",\"logo\":{\"@type\":\"ImageObject\",\"inLanguage\":\"en-US\",\"@id\":\"https:\/\/www.smedemokrati.sk\/#\/schema\/logo\/image\/\",\"url\":\"https:\/\/www.smedemokrati.sk\/wp-content\/uploads\/2023\/04\/ff.002.jpeg\",\"contentUrl\":\"https:\/\/www.smedemokrati.sk\/wp-content\/uploads\/2023\/04\/ff.002.jpeg\",\"width\":640,\"height\":480,\"caption\":\"Smedemokrati.sk\"},\"image\":{\"@id\":\"https:\/\/www.smedemokrati.sk\/#\/schema\/logo\/image\/\"},\"sameAs\":[\"https:\/\/www.facebook.com\/smedemokrati2023\"]},{\"@type\":\"Person\",\"@id\":\"https:\/\/www.smedemokrati.sk\/#\/schema\/person\/c60720f4b9955b3c1ed222ebd1fbbc7c\",\"name\":\"Tom\u00e1\u0161 Koppl\",\"image\":{\"@type\":\"ImageObject\",\"inLanguage\":\"en-US\",\"@id\":\"https:\/\/secure.gravatar.com\/avatar\/8dfa38373c5e39821baf74c8e867a6f12e12c6dab6559aa999d10703b0b1c4ce?s=96&d=mm&r=g\",\"url\":\"https:\/\/secure.gravatar.com\/avatar\/8dfa38373c5e39821baf74c8e867a6f12e12c6dab6559aa999d10703b0b1c4ce?s=96&d=mm&r=g\",\"contentUrl\":\"https:\/\/secure.gravatar.com\/avatar\/8dfa38373c5e39821baf74c8e867a6f12e12c6dab6559aa999d10703b0b1c4ce?s=96&d=mm&r=g\",\"caption\":\"Tom\u00e1\u0161 Koppl\"},\"url\":\"https:\/\/www.smedemokrati.sk\/en\/author\/tomaskoppl\/\"}]}<\/script>\n<!-- \/ Yoast SEO plugin. -->","yoast_head_json":{"title":"Peniaze pre samospr\u00e1vy v rozpo\u010dte s\u00fa, treba ich ur\u00fdchlene vyplati\u0165 - Smedemokrati.sk","robots":{"index":"index","follow":"follow","max-snippet":"max-snippet:-1","max-image-preview":"max-image-preview:large","max-video-preview":"max-video-preview:-1"},"canonical":"https:\/\/www.smedemokrati.sk\/en\/peniaze-pre-samospravy-v-rozpocte-su-treba-ich-urychlene-vyplatit\/","og_locale":"en_US","og_type":"article","og_title":"Peniaze pre samospr\u00e1vy v rozpo\u010dte s\u00fa, treba ich ur\u00fdchlene vyplati\u0165 - Smedemokrati.sk","og_description":"Pod\u013ea expremi\u00e9ra a predsedu strany Demokrati Eduarda Hegera v schv\u00e1lenom rozpo\u010dte s\u00fa vy\u010dlenen\u00e9 peniaze na pomoc pre samospr\u00e1vy a nie je d\u00f4vod \u010daka\u0165 s ich vyplaten\u00edm. Mimoriadnu sch\u00f4dzu, ktor\u00fa iniciovali poslanci Smeru pova\u017euj\u00fa Demokrati za falo\u0161n\u00fa hru a kampa\u0148ov\u00e9 divadlo Roberta Fica.&nbsp; V decembri 2022 bol schv\u00e1len\u00fd \u0161t\u00e1tny rozpo\u010det, v ktorom vl\u00e1da Eduarda Hegera vy\u010dlenila [&hellip;]","og_url":"https:\/\/www.smedemokrati.sk\/en\/peniaze-pre-samospravy-v-rozpocte-su-treba-ich-urychlene-vyplatit\/","og_site_name":"Smedemokrati.sk","article_publisher":"https:\/\/www.facebook.com\/smedemokrati2023","article_published_time":"2023-07-18T16:42:59+00:00","article_modified_time":"2023-07-18T16:43:26+00:00","og_image":[{"width":1635,"height":742,"url":"https:\/\/www.smedemokrati.sk\/wp-content\/uploads\/2023\/07\/ddd.jpg","type":"image\/jpeg"}],"author":"Tom\u00e1\u0161 Koppl","twitter_card":"summary_large_image","twitter_misc":{"Written by":"Tom\u00e1\u0161 Koppl","Est. reading time":"3 minutes"},"schema":{"@context":"https:\/\/schema.org","@graph":[{"@type":"Article","@id":"https:\/\/www.smedemokrati.sk\/peniaze-pre-samospravy-v-rozpocte-su-treba-ich-urychlene-vyplatit\/#article","isPartOf":{"@id":"https:\/\/www.smedemokrati.sk\/peniaze-pre-samospravy-v-rozpocte-su-treba-ich-urychlene-vyplatit\/"},"author":{"name":"Tom\u00e1\u0161 Koppl","@id":"https:\/\/www.smedemokrati.sk\/#\/schema\/person\/c60720f4b9955b3c1ed222ebd1fbbc7c"},"headline":"Peniaze pre samospr\u00e1vy v rozpo\u010dte s\u00fa, treba ich ur\u00fdchlene vyplati\u0165","datePublished":"2023-07-18T16:42:59+00:00","dateModified":"2023-07-18T16:43:26+00:00","mainEntityOfPage":{"@id":"https:\/\/www.smedemokrati.sk\/peniaze-pre-samospravy-v-rozpocte-su-treba-ich-urychlene-vyplatit\/"},"wordCount":637,"publisher":{"@id":"https:\/\/www.smedemokrati.sk\/#organization"},"image":{"@id":"https:\/\/www.smedemokrati.sk\/peniaze-pre-samospravy-v-rozpocte-su-treba-ich-urychlene-vyplatit\/#primaryimage"},"thumbnailUrl":"https:\/\/www.smedemokrati.sk\/wp-content\/uploads\/2023\/07\/ddd.jpg","articleSection":["Tla\u010dov\u00e9 spr\u00e1vy"],"inLanguage":"en-US"},{"@type":"WebPage","@id":"https:\/\/www.smedemokrati.sk\/peniaze-pre-samospravy-v-rozpocte-su-treba-ich-urychlene-vyplatit\/","url":"https:\/\/www.smedemokrati.sk\/peniaze-pre-samospravy-v-rozpocte-su-treba-ich-urychlene-vyplatit\/","name":"Peniaze pre samospr\u00e1vy v rozpo\u010dte s\u00fa, treba ich ur\u00fdchlene vyplati\u0165 - Smedemokrati.sk","isPartOf":{"@id":"https:\/\/www.smedemokrati.sk\/#website"},"primaryImageOfPage":{"@id":"https:\/\/www.smedemokrati.sk\/peniaze-pre-samospravy-v-rozpocte-su-treba-ich-urychlene-vyplatit\/#primaryimage"},"image":{"@id":"https:\/\/www.smedemokrati.sk\/peniaze-pre-samospravy-v-rozpocte-su-treba-ich-urychlene-vyplatit\/#primaryimage"},"thumbnailUrl":"https:\/\/www.smedemokrati.sk\/wp-content\/uploads\/2023\/07\/ddd.jpg","datePublished":"2023-07-18T16:42:59+00:00","dateModified":"2023-07-18T16:43:26+00:00","breadcrumb":{"@id":"https:\/\/www.smedemokrati.sk\/peniaze-pre-samospravy-v-rozpocte-su-treba-ich-urychlene-vyplatit\/#breadcrumb"},"inLanguage":"en-US","potentialAction":[{"@type":"ReadAction","target":["https:\/\/www.smedemokrati.sk\/peniaze-pre-samospravy-v-rozpocte-su-treba-ich-urychlene-vyplatit\/"]}]},{"@type":"ImageObject","inLanguage":"en-US","@id":"https:\/\/www.smedemokrati.sk\/peniaze-pre-samospravy-v-rozpocte-su-treba-ich-urychlene-vyplatit\/#primaryimage","url":"https:\/\/www.smedemokrati.sk\/wp-content\/uploads\/2023\/07\/ddd.jpg","contentUrl":"https:\/\/www.smedemokrati.sk\/wp-content\/uploads\/2023\/07\/ddd.jpg","width":1635,"height":742},{"@type":"BreadcrumbList","@id":"https:\/\/www.smedemokrati.sk\/peniaze-pre-samospravy-v-rozpocte-su-treba-ich-urychlene-vyplatit\/#breadcrumb","itemListElement":[{"@type":"ListItem","position":1,"name":"Domovsk\u00e1 str\u00e1nka","item":"https:\/\/www.smedemokrati.sk\/"},{"@type":"ListItem","position":2,"name":"Peniaze pre samospr\u00e1vy v rozpo\u010dte s\u00fa, treba ich ur\u00fdchlene vyplati\u0165"}]},{"@type":"WebSite","@id":"https:\/\/www.smedemokrati.sk\/#website","url":"https:\/\/www.smedemokrati.sk\/","name":"Smedemokrati.sk","description":"Demokracia a slu\u0161nos\u0165 zv\u00ed\u0165az\u00ed","publisher":{"@id":"https:\/\/www.smedemokrati.sk\/#organization"},"potentialAction":[{"@type":"SearchAction","target":{"@type":"EntryPoint","urlTemplate":"https:\/\/www.smedemokrati.sk\/?s={search_term_string}"},"query-input":{"@type":"PropertyValueSpecification","valueRequired":true,"valueName":"search_term_string"}}],"inLanguage":"en-US"},{"@type":"Organization","@id":"https:\/\/www.smedemokrati.sk\/#organization","name":"Smedemokrati.sk","url":"https:\/\/www.smedemokrati.sk\/","logo":{"@type":"ImageObject","inLanguage":"en-US","@id":"https:\/\/www.smedemokrati.sk\/#\/schema\/logo\/image\/","url":"https:\/\/www.smedemokrati.sk\/wp-content\/uploads\/2023\/04\/ff.002.jpeg","contentUrl":"https:\/\/www.smedemokrati.sk\/wp-content\/uploads\/2023\/04\/ff.002.jpeg","width":640,"height":480,"caption":"Smedemokrati.sk"},"image":{"@id":"https:\/\/www.smedemokrati.sk\/#\/schema\/logo\/image\/"},"sameAs":["https:\/\/www.facebook.com\/smedemokrati2023"]},{"@type":"Person","@id":"https:\/\/www.smedemokrati.sk\/#\/schema\/person\/c60720f4b9955b3c1ed222ebd1fbbc7c","name":"Tom\u00e1\u0161 Koppl","image":{"@type":"ImageObject","inLanguage":"en-US","@id":"https:\/\/secure.gravatar.com\/avatar\/8dfa38373c5e39821baf74c8e867a6f12e12c6dab6559aa999d10703b0b1c4ce?s=96&d=mm&r=g","url":"https:\/\/secure.gravatar.com\/avatar\/8dfa38373c5e39821baf74c8e867a6f12e12c6dab6559aa999d10703b0b1c4ce?s=96&d=mm&r=g","contentUrl":"https:\/\/secure.gravatar.com\/avatar\/8dfa38373c5e39821baf74c8e867a6f12e12c6dab6559aa999d10703b0b1c4ce?s=96&d=mm&r=g","caption":"Tom\u00e1\u0161 Koppl"},"url":"https:\/\/www.smedemokrati.sk\/en\/author\/tomaskoppl\/"}]}},"_links":{"self":[{"href":"https:\/\/www.smedemokrati.sk\/en\/wp-json\/wp\/v2\/posts\/1527","targetHints":{"allow":["GET"]}}],"collection":[{"href":"https:\/\/www.smedemokrati.sk\/en\/wp-json\/wp\/v2\/posts"}],"about":[{"href":"https:\/\/www.smedemokrati.sk\/en\/wp-json\/wp\/v2\/types\/post"}],"author":[{"embeddable":true,"href":"https:\/\/www.smedemokrati.sk\/en\/wp-json\/wp\/v2\/users\/7"}],"replies":[{"embeddable":true,"href":"https:\/\/www.smedemokrati.sk\/en\/wp-json\/wp\/v2\/comments?post=1527"}],"version-history":[{"count":2,"href":"https:\/\/www.smedemokrati.sk\/en\/wp-json\/wp\/v2\/posts\/1527\/revisions"}],"predecessor-version":[{"id":1531,"href":"https:\/\/www.smedemokrati.sk\/en\/wp-json\/wp\/v2\/posts\/1527\/revisions\/1531"}],"wp:featuredmedia":[{"embeddable":true,"href":"https:\/\/www.smedemokrati.sk\/en\/wp-json\/wp\/v2\/media\/1528"}],"wp:attachment":[{"href":"https:\/\/www.smedemokrati.sk\/en\/wp-json\/wp\/v2\/media?parent=1527"}],"wp:term":[{"taxonomy":"category","embeddable":true,"href":"https:\/\/www.smedemokrati.sk\/en\/wp-json\/wp\/v2\/categories?post=1527"},{"taxonomy":"post_tag","embeddable":true,"href":"https:\/\/www.smedemokrati.sk\/en\/wp-json\/wp\/v2\/tags?post=1527"}],"curies":[{"name":"wp","href":"https:\/\/api.w.org\/{rel}","templated":true}]}}