{"id":1482,"date":"2023-07-13T17:00:50","date_gmt":"2023-07-13T15:00:50","guid":{"rendered":"https:\/\/www.smedemokrati.sk\/?p=1482"},"modified":"2023-07-13T17:00:51","modified_gmt":"2023-07-13T15:00:51","slug":"vitame-ze-vlada-l-odora-pokracuje-v-projekte-ktory-zacal-este-j-nad","status":"publish","type":"post","link":"https:\/\/www.smedemokrati.sk\/en\/vitame-ze-vlada-l-odora-pokracuje-v-projekte-ktory-zacal-este-j-nad\/","title":{"rendered":"V\u00edtame, \u017ee vl\u00e1da \u013d. \u00d3dora pokra\u010duje v projekte, ktor\u00fd za\u010dal e\u0161te J. Na\u010f"},"content":{"rendered":"<div id=\"fb-root\"><\/div>\n\n<p><strong>V\u00edtame, \u017ee vl\u00e1da \u013d. \u00d3dora pokra\u010duje v projekte, ktor\u00fd za\u010dal e\u0161te J. Na\u010f a ktor\u00fd je na rozdiel od minulosti bez mili\u00f3novej vaty<\/strong>.<\/p>\n\n\n\n<p>Vl\u00e1da schv\u00e1lila materi\u00e1l o dare 200 mil. dol\u00e1rov od Spojen\u00fdch \u0161t\u00e1tov americk\u00fdch, o ktorom informoval podpredseda Demokratov a exminister obrany Jaroslav Na\u010f u\u017e koncom minul\u00e9ho roka.&nbsp;<strong>\u201eOzbrojen\u00e9 sily SR dostan\u00fa zadarmo 160 ks viac\u00fa\u010delov\u00fdch vozidiel 4&#215;4 JLTV Oshkosh, spolu s protidronov\u00fdm syst\u00e9mom a ru\u010dn\u00fdmi zbra\u0148ami. Jedno vozidlo bude st\u00e1\u0165 okolo 1 mil. Eur a profitova\u0165 z neho bud\u00fa aj slovensk\u00e9 firmy formou servisu.\u201d<\/strong>&nbsp;Na\u010f to pova\u017euje za prejav korektn\u00fdch vz\u0165ahov s USA a \u010fal\u0161\u00edmi spojencami a tie\u017e za ist\u00fa formu kompenz\u00e1cie pomoci Ukrajine.<\/p>\n\n\n\n<p>Z\u00e1rove\u0148 sa J. Na\u010f v\u00fdrazne ohradil vo\u010di zav\u00e1dzaj\u00facim tvrdeniam opozi\u010dn\u00fdch str\u00e1n, ktor\u00e9 nie s\u00fa ani odborne, fakticky a ani mor\u00e1lne spr\u00e1vne. Ako pr\u00edklad uv\u00e1dza, \u017ee o n\u00e1kup vozidiel 4&#215;4 sa pok\u00fa\u0161ala u\u017e aj vl\u00e1da P. Pellegriniho, no ne\u00faspe\u0161ne. \u201e<strong>Pripom\u00ednam, \u017ee to bola pr\u00e1ve vl\u00e1da P. Pellegriniho, ktor\u00e1 chcela nak\u00fapi\u0165 404 ks za pribli\u017ene 800 mil. eur, \u010do je o vy\u0161e 1 mil, eur viac na vozidle, ako sme vyrokovali na ministerstve e\u0161te za m\u00f4jho p\u00f4sobenia. Navy\u0161e, vozidl\u00e1 JLTV Oshkosh bud\u00fa so sofistikovanej\u0161\u00edm vybaven\u00edm, ako pl\u00e1noval kabinet predsedu Hlasu a v\u010faka dobr\u00fdm vz\u0165ahom bud\u00fa st\u00e1\u0165 Slov\u00e1kov v kone\u010dnom d\u00f4sledku presne nula eur. P\u00fdtam sa, kde mala skon\u010di\u0165 t\u00e1to st\u00e1mili\u00f3nov\u00e1 vata, ktor\u00fa chystali Pellegrini s Dankom?\u201d<\/strong>&nbsp;doplnil Jaroslav Na\u010f.<\/p>\n\n\n\n<p>Tie\u017e pripomenul, \u017ee Pellegriniho \u201cs\u00fa\u0165a\u017e\u201d zastavil \u00darad pre verejn\u00e9 obstar\u00e1vanie, preto\u017ee proces pova\u017eoval za netransparentn\u00fd s preferovan\u00edm konkr\u00e9tnej spolo\u010dnosti. Na\u010f tie\u017e kritizuje vyjadrenia Hlasu, ktor\u00e1 negat\u00edvne prezentuje fakt, \u017ee Slovensko bude musie\u0165 zaplati\u0165 z n\u00e1kupu DPH. Predseda Demokratov sa na z\u00e1klade t\u00fdchto vyjadren\u00ed domnieva, \u017ee strane Hlas ch\u00fdbaj\u00fa odborn\u00edci na problematiku, preto\u017ee da\u0148 z takejto akviz\u00edcie skon\u010d\u00ed v slovenskom \u0161t\u00e1tnom rozpo\u010dte a financie sa m\u00f4\u017eu pou\u017ei\u0165 v prospech ob\u010danov SR. Aj za st\u00edha\u010dky F16, ktor\u00e9 objednal Pellegrini sa mus\u00ed plati\u0165 DPH, ktor\u00e1 tie\u017e kon\u010d\u00ed v \u0161t\u00e1tnom rozpo\u010dte SR.<\/p>\n\n\n\n<p>Pod\u013ea Na\u010fa pr\u00edchod \u013eahk\u00fdch obrnen\u00fdch vozidiel 4&#215;4 JLTV Oshkosh podpor\u00ed dom\u00e1ci obrann\u00fd priemysel, minim\u00e1lne na servise v r\u00e1mci \u017eivotn\u00e9ho cyklu vozidiel sa toti\u017e bud\u00fa podie\u013ea\u0165 slovensk\u00e9 spolo\u010dnosti.<\/p>\n","protected":false},"excerpt":{"rendered":"<p>V\u00edtame, \u017ee vl\u00e1da \u013d. \u00d3dora pokra\u010duje v projekte, ktor\u00fd za\u010dal e\u0161te J. Na\u010f a ktor\u00fd je na rozdiel od minulosti bez mili\u00f3novej vaty. Vl\u00e1da schv\u00e1lila materi\u00e1l o dare 200 mil. dol\u00e1rov od Spojen\u00fdch \u0161t\u00e1tov americk\u00fdch, o ktorom informoval podpredseda Demokratov a exminister obrany Jaroslav Na\u010f u\u017e koncom minul\u00e9ho roka.&nbsp;\u201eOzbrojen\u00e9 sily SR dostan\u00fa zadarmo 160 ks [&hellip;]<\/p>\n","protected":false},"author":7,"featured_media":413,"comment_status":"closed","ping_status":"closed","sticky":false,"template":"","format":"standard","meta":{"_acf_changed":false,"ngg_post_thumbnail":0,"footnotes":""},"categories":[4],"tags":[],"class_list":["post-1482","post","type-post","status-publish","format-standard","has-post-thumbnail","hentry","category-tlacove-spravy"],"acf":[],"yoast_head":"<!-- This site is optimized with the Yoast SEO plugin v27.2 - https:\/\/yoast.com\/product\/yoast-seo-wordpress\/ -->\n<title>V\u00edtame, \u017ee vl\u00e1da \u013d. \u00d3dora pokra\u010duje v projekte, ktor\u00fd za\u010dal e\u0161te J. Na\u010f - Smedemokrati.sk<\/title>\n<meta name=\"robots\" content=\"index, follow, max-snippet:-1, max-image-preview:large, max-video-preview:-1\" \/>\n<link rel=\"canonical\" href=\"https:\/\/www.smedemokrati.sk\/en\/vitame-ze-vlada-l-odora-pokracuje-v-projekte-ktory-zacal-este-j-nad\/\" \/>\n<meta property=\"og:locale\" content=\"en_US\" \/>\n<meta property=\"og:locale:alternate\" content=\"cs_CZ\" \/>\n<meta property=\"og:locale:alternate\" content=\"hu_HU\" \/>\n<meta property=\"og:locale:alternate\" content=\"sk_SK\" \/>\n<meta property=\"og:locale:alternate\" content=\"sv_SE\" \/>\n<meta property=\"og:type\" content=\"article\" \/>\n<meta property=\"og:title\" content=\"V\u00edtame, \u017ee vl\u00e1da \u013d. \u00d3dora pokra\u010duje v projekte, ktor\u00fd za\u010dal e\u0161te J. Na\u010f - Smedemokrati.sk\" \/>\n<meta property=\"og:description\" content=\"V\u00edtame, \u017ee vl\u00e1da \u013d. \u00d3dora pokra\u010duje v projekte, ktor\u00fd za\u010dal e\u0161te J. Na\u010f a ktor\u00fd je na rozdiel od minulosti bez mili\u00f3novej vaty. Vl\u00e1da schv\u00e1lila materi\u00e1l o dare 200 mil. dol\u00e1rov od Spojen\u00fdch \u0161t\u00e1tov americk\u00fdch, o ktorom informoval podpredseda Demokratov a exminister obrany Jaroslav Na\u010f u\u017e koncom minul\u00e9ho roka.&nbsp;\u201eOzbrojen\u00e9 sily SR dostan\u00fa zadarmo 160 ks [&hellip;]\" \/>\n<meta property=\"og:url\" content=\"https:\/\/www.smedemokrati.sk\/en\/vitame-ze-vlada-l-odora-pokracuje-v-projekte-ktory-zacal-este-j-nad\/\" \/>\n<meta property=\"og:site_name\" content=\"Smedemokrati.sk\" \/>\n<meta property=\"article:publisher\" content=\"https:\/\/www.facebook.com\/smedemokrati2023\" \/>\n<meta property=\"article:published_time\" content=\"2023-07-13T15:00:50+00:00\" \/>\n<meta property=\"article:modified_time\" content=\"2023-07-13T15:00:51+00:00\" \/>\n<meta property=\"og:image\" content=\"https:\/\/www.smedemokrati.sk\/wp-content\/uploads\/2023\/04\/JN_1-3.jpg\" \/>\n\t<meta property=\"og:image:width\" content=\"2048\" \/>\n\t<meta property=\"og:image:height\" content=\"1365\" \/>\n\t<meta property=\"og:image:type\" content=\"image\/jpeg\" \/>\n<meta name=\"author\" content=\"Tom\u00e1\u0161 Koppl\" \/>\n<meta name=\"twitter:card\" content=\"summary_large_image\" \/>\n<meta name=\"twitter:label1\" content=\"Written by\" \/>\n\t<meta name=\"twitter:data1\" content=\"Tom\u00e1\u0161 Koppl\" \/>\n\t<meta name=\"twitter:label2\" content=\"Est. reading time\" \/>\n\t<meta name=\"twitter:data2\" content=\"2 minutes\" \/>\n<script type=\"application\/ld+json\" class=\"yoast-schema-graph\">{\"@context\":\"https:\/\/schema.org\",\"@graph\":[{\"@type\":\"Article\",\"@id\":\"https:\/\/www.smedemokrati.sk\/vitame-ze-vlada-l-odora-pokracuje-v-projekte-ktory-zacal-este-j-nad\/#article\",\"isPartOf\":{\"@id\":\"https:\/\/www.smedemokrati.sk\/vitame-ze-vlada-l-odora-pokracuje-v-projekte-ktory-zacal-este-j-nad\/\"},\"author\":{\"name\":\"Tom\u00e1\u0161 Koppl\",\"@id\":\"https:\/\/www.smedemokrati.sk\/#\/schema\/person\/c60720f4b9955b3c1ed222ebd1fbbc7c\"},\"headline\":\"V\u00edtame, \u017ee vl\u00e1da \u013d. \u00d3dora pokra\u010duje v projekte, ktor\u00fd za\u010dal e\u0161te J. Na\u010f\",\"datePublished\":\"2023-07-13T15:00:50+00:00\",\"dateModified\":\"2023-07-13T15:00:51+00:00\",\"mainEntityOfPage\":{\"@id\":\"https:\/\/www.smedemokrati.sk\/vitame-ze-vlada-l-odora-pokracuje-v-projekte-ktory-zacal-este-j-nad\/\"},\"wordCount\":453,\"publisher\":{\"@id\":\"https:\/\/www.smedemokrati.sk\/#organization\"},\"image\":{\"@id\":\"https:\/\/www.smedemokrati.sk\/vitame-ze-vlada-l-odora-pokracuje-v-projekte-ktory-zacal-este-j-nad\/#primaryimage\"},\"thumbnailUrl\":\"https:\/\/www.smedemokrati.sk\/wp-content\/uploads\/2023\/04\/JN_1-3.jpg\",\"articleSection\":[\"Tla\u010dov\u00e9 spr\u00e1vy\"],\"inLanguage\":\"en-US\"},{\"@type\":\"WebPage\",\"@id\":\"https:\/\/www.smedemokrati.sk\/vitame-ze-vlada-l-odora-pokracuje-v-projekte-ktory-zacal-este-j-nad\/\",\"url\":\"https:\/\/www.smedemokrati.sk\/vitame-ze-vlada-l-odora-pokracuje-v-projekte-ktory-zacal-este-j-nad\/\",\"name\":\"V\u00edtame, \u017ee vl\u00e1da \u013d. \u00d3dora pokra\u010duje v projekte, ktor\u00fd za\u010dal e\u0161te J. Na\u010f - Smedemokrati.sk\",\"isPartOf\":{\"@id\":\"https:\/\/www.smedemokrati.sk\/#website\"},\"primaryImageOfPage\":{\"@id\":\"https:\/\/www.smedemokrati.sk\/vitame-ze-vlada-l-odora-pokracuje-v-projekte-ktory-zacal-este-j-nad\/#primaryimage\"},\"image\":{\"@id\":\"https:\/\/www.smedemokrati.sk\/vitame-ze-vlada-l-odora-pokracuje-v-projekte-ktory-zacal-este-j-nad\/#primaryimage\"},\"thumbnailUrl\":\"https:\/\/www.smedemokrati.sk\/wp-content\/uploads\/2023\/04\/JN_1-3.jpg\",\"datePublished\":\"2023-07-13T15:00:50+00:00\",\"dateModified\":\"2023-07-13T15:00:51+00:00\",\"breadcrumb\":{\"@id\":\"https:\/\/www.smedemokrati.sk\/vitame-ze-vlada-l-odora-pokracuje-v-projekte-ktory-zacal-este-j-nad\/#breadcrumb\"},\"inLanguage\":\"en-US\",\"potentialAction\":[{\"@type\":\"ReadAction\",\"target\":[\"https:\/\/www.smedemokrati.sk\/vitame-ze-vlada-l-odora-pokracuje-v-projekte-ktory-zacal-este-j-nad\/\"]}]},{\"@type\":\"ImageObject\",\"inLanguage\":\"en-US\",\"@id\":\"https:\/\/www.smedemokrati.sk\/vitame-ze-vlada-l-odora-pokracuje-v-projekte-ktory-zacal-este-j-nad\/#primaryimage\",\"url\":\"https:\/\/www.smedemokrati.sk\/wp-content\/uploads\/2023\/04\/JN_1-3.jpg\",\"contentUrl\":\"https:\/\/www.smedemokrati.sk\/wp-content\/uploads\/2023\/04\/JN_1-3.jpg\",\"width\":2048,\"height\":1365},{\"@type\":\"BreadcrumbList\",\"@id\":\"https:\/\/www.smedemokrati.sk\/vitame-ze-vlada-l-odora-pokracuje-v-projekte-ktory-zacal-este-j-nad\/#breadcrumb\",\"itemListElement\":[{\"@type\":\"ListItem\",\"position\":1,\"name\":\"Domovsk\u00e1 str\u00e1nka\",\"item\":\"https:\/\/www.smedemokrati.sk\/\"},{\"@type\":\"ListItem\",\"position\":2,\"name\":\"V\u00edtame, \u017ee vl\u00e1da \u013d. \u00d3dora pokra\u010duje v projekte, ktor\u00fd za\u010dal e\u0161te J. Na\u010f\"}]},{\"@type\":\"WebSite\",\"@id\":\"https:\/\/www.smedemokrati.sk\/#website\",\"url\":\"https:\/\/www.smedemokrati.sk\/\",\"name\":\"Smedemokrati.sk\",\"description\":\"Demokracia a slu\u0161nos\u0165 zv\u00ed\u0165az\u00ed\",\"publisher\":{\"@id\":\"https:\/\/www.smedemokrati.sk\/#organization\"},\"potentialAction\":[{\"@type\":\"SearchAction\",\"target\":{\"@type\":\"EntryPoint\",\"urlTemplate\":\"https:\/\/www.smedemokrati.sk\/?s={search_term_string}\"},\"query-input\":{\"@type\":\"PropertyValueSpecification\",\"valueRequired\":true,\"valueName\":\"search_term_string\"}}],\"inLanguage\":\"en-US\"},{\"@type\":\"Organization\",\"@id\":\"https:\/\/www.smedemokrati.sk\/#organization\",\"name\":\"Smedemokrati.sk\",\"url\":\"https:\/\/www.smedemokrati.sk\/\",\"logo\":{\"@type\":\"ImageObject\",\"inLanguage\":\"en-US\",\"@id\":\"https:\/\/www.smedemokrati.sk\/#\/schema\/logo\/image\/\",\"url\":\"https:\/\/www.smedemokrati.sk\/wp-content\/uploads\/2023\/04\/ff.002.jpeg\",\"contentUrl\":\"https:\/\/www.smedemokrati.sk\/wp-content\/uploads\/2023\/04\/ff.002.jpeg\",\"width\":640,\"height\":480,\"caption\":\"Smedemokrati.sk\"},\"image\":{\"@id\":\"https:\/\/www.smedemokrati.sk\/#\/schema\/logo\/image\/\"},\"sameAs\":[\"https:\/\/www.facebook.com\/smedemokrati2023\"]},{\"@type\":\"Person\",\"@id\":\"https:\/\/www.smedemokrati.sk\/#\/schema\/person\/c60720f4b9955b3c1ed222ebd1fbbc7c\",\"name\":\"Tom\u00e1\u0161 Koppl\",\"image\":{\"@type\":\"ImageObject\",\"inLanguage\":\"en-US\",\"@id\":\"https:\/\/secure.gravatar.com\/avatar\/8dfa38373c5e39821baf74c8e867a6f12e12c6dab6559aa999d10703b0b1c4ce?s=96&d=mm&r=g\",\"url\":\"https:\/\/secure.gravatar.com\/avatar\/8dfa38373c5e39821baf74c8e867a6f12e12c6dab6559aa999d10703b0b1c4ce?s=96&d=mm&r=g\",\"contentUrl\":\"https:\/\/secure.gravatar.com\/avatar\/8dfa38373c5e39821baf74c8e867a6f12e12c6dab6559aa999d10703b0b1c4ce?s=96&d=mm&r=g\",\"caption\":\"Tom\u00e1\u0161 Koppl\"},\"url\":\"https:\/\/www.smedemokrati.sk\/en\/author\/tomaskoppl\/\"}]}<\/script>\n<!-- \/ Yoast SEO plugin. -->","yoast_head_json":{"title":"V\u00edtame, \u017ee vl\u00e1da \u013d. \u00d3dora pokra\u010duje v projekte, ktor\u00fd za\u010dal e\u0161te J. Na\u010f - Smedemokrati.sk","robots":{"index":"index","follow":"follow","max-snippet":"max-snippet:-1","max-image-preview":"max-image-preview:large","max-video-preview":"max-video-preview:-1"},"canonical":"https:\/\/www.smedemokrati.sk\/en\/vitame-ze-vlada-l-odora-pokracuje-v-projekte-ktory-zacal-este-j-nad\/","og_locale":"en_US","og_type":"article","og_title":"V\u00edtame, \u017ee vl\u00e1da \u013d. \u00d3dora pokra\u010duje v projekte, ktor\u00fd za\u010dal e\u0161te J. Na\u010f - Smedemokrati.sk","og_description":"V\u00edtame, \u017ee vl\u00e1da \u013d. \u00d3dora pokra\u010duje v projekte, ktor\u00fd za\u010dal e\u0161te J. Na\u010f a ktor\u00fd je na rozdiel od minulosti bez mili\u00f3novej vaty. Vl\u00e1da schv\u00e1lila materi\u00e1l o dare 200 mil. dol\u00e1rov od Spojen\u00fdch \u0161t\u00e1tov americk\u00fdch, o ktorom informoval podpredseda Demokratov a exminister obrany Jaroslav Na\u010f u\u017e koncom minul\u00e9ho roka.&nbsp;\u201eOzbrojen\u00e9 sily SR dostan\u00fa zadarmo 160 ks [&hellip;]","og_url":"https:\/\/www.smedemokrati.sk\/en\/vitame-ze-vlada-l-odora-pokracuje-v-projekte-ktory-zacal-este-j-nad\/","og_site_name":"Smedemokrati.sk","article_publisher":"https:\/\/www.facebook.com\/smedemokrati2023","article_published_time":"2023-07-13T15:00:50+00:00","article_modified_time":"2023-07-13T15:00:51+00:00","og_image":[{"width":2048,"height":1365,"url":"https:\/\/www.smedemokrati.sk\/wp-content\/uploads\/2023\/04\/JN_1-3.jpg","type":"image\/jpeg"}],"author":"Tom\u00e1\u0161 Koppl","twitter_card":"summary_large_image","twitter_misc":{"Written by":"Tom\u00e1\u0161 Koppl","Est. reading time":"2 minutes"},"schema":{"@context":"https:\/\/schema.org","@graph":[{"@type":"Article","@id":"https:\/\/www.smedemokrati.sk\/vitame-ze-vlada-l-odora-pokracuje-v-projekte-ktory-zacal-este-j-nad\/#article","isPartOf":{"@id":"https:\/\/www.smedemokrati.sk\/vitame-ze-vlada-l-odora-pokracuje-v-projekte-ktory-zacal-este-j-nad\/"},"author":{"name":"Tom\u00e1\u0161 Koppl","@id":"https:\/\/www.smedemokrati.sk\/#\/schema\/person\/c60720f4b9955b3c1ed222ebd1fbbc7c"},"headline":"V\u00edtame, \u017ee vl\u00e1da \u013d. \u00d3dora pokra\u010duje v projekte, ktor\u00fd za\u010dal e\u0161te J. Na\u010f","datePublished":"2023-07-13T15:00:50+00:00","dateModified":"2023-07-13T15:00:51+00:00","mainEntityOfPage":{"@id":"https:\/\/www.smedemokrati.sk\/vitame-ze-vlada-l-odora-pokracuje-v-projekte-ktory-zacal-este-j-nad\/"},"wordCount":453,"publisher":{"@id":"https:\/\/www.smedemokrati.sk\/#organization"},"image":{"@id":"https:\/\/www.smedemokrati.sk\/vitame-ze-vlada-l-odora-pokracuje-v-projekte-ktory-zacal-este-j-nad\/#primaryimage"},"thumbnailUrl":"https:\/\/www.smedemokrati.sk\/wp-content\/uploads\/2023\/04\/JN_1-3.jpg","articleSection":["Tla\u010dov\u00e9 spr\u00e1vy"],"inLanguage":"en-US"},{"@type":"WebPage","@id":"https:\/\/www.smedemokrati.sk\/vitame-ze-vlada-l-odora-pokracuje-v-projekte-ktory-zacal-este-j-nad\/","url":"https:\/\/www.smedemokrati.sk\/vitame-ze-vlada-l-odora-pokracuje-v-projekte-ktory-zacal-este-j-nad\/","name":"V\u00edtame, \u017ee vl\u00e1da \u013d. \u00d3dora pokra\u010duje v projekte, ktor\u00fd za\u010dal e\u0161te J. Na\u010f - Smedemokrati.sk","isPartOf":{"@id":"https:\/\/www.smedemokrati.sk\/#website"},"primaryImageOfPage":{"@id":"https:\/\/www.smedemokrati.sk\/vitame-ze-vlada-l-odora-pokracuje-v-projekte-ktory-zacal-este-j-nad\/#primaryimage"},"image":{"@id":"https:\/\/www.smedemokrati.sk\/vitame-ze-vlada-l-odora-pokracuje-v-projekte-ktory-zacal-este-j-nad\/#primaryimage"},"thumbnailUrl":"https:\/\/www.smedemokrati.sk\/wp-content\/uploads\/2023\/04\/JN_1-3.jpg","datePublished":"2023-07-13T15:00:50+00:00","dateModified":"2023-07-13T15:00:51+00:00","breadcrumb":{"@id":"https:\/\/www.smedemokrati.sk\/vitame-ze-vlada-l-odora-pokracuje-v-projekte-ktory-zacal-este-j-nad\/#breadcrumb"},"inLanguage":"en-US","potentialAction":[{"@type":"ReadAction","target":["https:\/\/www.smedemokrati.sk\/vitame-ze-vlada-l-odora-pokracuje-v-projekte-ktory-zacal-este-j-nad\/"]}]},{"@type":"ImageObject","inLanguage":"en-US","@id":"https:\/\/www.smedemokrati.sk\/vitame-ze-vlada-l-odora-pokracuje-v-projekte-ktory-zacal-este-j-nad\/#primaryimage","url":"https:\/\/www.smedemokrati.sk\/wp-content\/uploads\/2023\/04\/JN_1-3.jpg","contentUrl":"https:\/\/www.smedemokrati.sk\/wp-content\/uploads\/2023\/04\/JN_1-3.jpg","width":2048,"height":1365},{"@type":"BreadcrumbList","@id":"https:\/\/www.smedemokrati.sk\/vitame-ze-vlada-l-odora-pokracuje-v-projekte-ktory-zacal-este-j-nad\/#breadcrumb","itemListElement":[{"@type":"ListItem","position":1,"name":"Domovsk\u00e1 str\u00e1nka","item":"https:\/\/www.smedemokrati.sk\/"},{"@type":"ListItem","position":2,"name":"V\u00edtame, \u017ee vl\u00e1da \u013d. \u00d3dora pokra\u010duje v projekte, ktor\u00fd za\u010dal e\u0161te J. Na\u010f"}]},{"@type":"WebSite","@id":"https:\/\/www.smedemokrati.sk\/#website","url":"https:\/\/www.smedemokrati.sk\/","name":"Smedemokrati.sk","description":"Demokracia a slu\u0161nos\u0165 zv\u00ed\u0165az\u00ed","publisher":{"@id":"https:\/\/www.smedemokrati.sk\/#organization"},"potentialAction":[{"@type":"SearchAction","target":{"@type":"EntryPoint","urlTemplate":"https:\/\/www.smedemokrati.sk\/?s={search_term_string}"},"query-input":{"@type":"PropertyValueSpecification","valueRequired":true,"valueName":"search_term_string"}}],"inLanguage":"en-US"},{"@type":"Organization","@id":"https:\/\/www.smedemokrati.sk\/#organization","name":"Smedemokrati.sk","url":"https:\/\/www.smedemokrati.sk\/","logo":{"@type":"ImageObject","inLanguage":"en-US","@id":"https:\/\/www.smedemokrati.sk\/#\/schema\/logo\/image\/","url":"https:\/\/www.smedemokrati.sk\/wp-content\/uploads\/2023\/04\/ff.002.jpeg","contentUrl":"https:\/\/www.smedemokrati.sk\/wp-content\/uploads\/2023\/04\/ff.002.jpeg","width":640,"height":480,"caption":"Smedemokrati.sk"},"image":{"@id":"https:\/\/www.smedemokrati.sk\/#\/schema\/logo\/image\/"},"sameAs":["https:\/\/www.facebook.com\/smedemokrati2023"]},{"@type":"Person","@id":"https:\/\/www.smedemokrati.sk\/#\/schema\/person\/c60720f4b9955b3c1ed222ebd1fbbc7c","name":"Tom\u00e1\u0161 Koppl","image":{"@type":"ImageObject","inLanguage":"en-US","@id":"https:\/\/secure.gravatar.com\/avatar\/8dfa38373c5e39821baf74c8e867a6f12e12c6dab6559aa999d10703b0b1c4ce?s=96&d=mm&r=g","url":"https:\/\/secure.gravatar.com\/avatar\/8dfa38373c5e39821baf74c8e867a6f12e12c6dab6559aa999d10703b0b1c4ce?s=96&d=mm&r=g","contentUrl":"https:\/\/secure.gravatar.com\/avatar\/8dfa38373c5e39821baf74c8e867a6f12e12c6dab6559aa999d10703b0b1c4ce?s=96&d=mm&r=g","caption":"Tom\u00e1\u0161 Koppl"},"url":"https:\/\/www.smedemokrati.sk\/en\/author\/tomaskoppl\/"}]}},"_links":{"self":[{"href":"https:\/\/www.smedemokrati.sk\/en\/wp-json\/wp\/v2\/posts\/1482","targetHints":{"allow":["GET"]}}],"collection":[{"href":"https:\/\/www.smedemokrati.sk\/en\/wp-json\/wp\/v2\/posts"}],"about":[{"href":"https:\/\/www.smedemokrati.sk\/en\/wp-json\/wp\/v2\/types\/post"}],"author":[{"embeddable":true,"href":"https:\/\/www.smedemokrati.sk\/en\/wp-json\/wp\/v2\/users\/7"}],"replies":[{"embeddable":true,"href":"https:\/\/www.smedemokrati.sk\/en\/wp-json\/wp\/v2\/comments?post=1482"}],"version-history":[{"count":1,"href":"https:\/\/www.smedemokrati.sk\/en\/wp-json\/wp\/v2\/posts\/1482\/revisions"}],"predecessor-version":[{"id":1483,"href":"https:\/\/www.smedemokrati.sk\/en\/wp-json\/wp\/v2\/posts\/1482\/revisions\/1483"}],"wp:featuredmedia":[{"embeddable":true,"href":"https:\/\/www.smedemokrati.sk\/en\/wp-json\/wp\/v2\/media\/413"}],"wp:attachment":[{"href":"https:\/\/www.smedemokrati.sk\/en\/wp-json\/wp\/v2\/media?parent=1482"}],"wp:term":[{"taxonomy":"category","embeddable":true,"href":"https:\/\/www.smedemokrati.sk\/en\/wp-json\/wp\/v2\/categories?post=1482"},{"taxonomy":"post_tag","embeddable":true,"href":"https:\/\/www.smedemokrati.sk\/en\/wp-json\/wp\/v2\/tags?post=1482"}],"curies":[{"name":"wp","href":"https:\/\/api.w.org\/{rel}","templated":true}]}}