{"id":1440,"date":"2023-07-07T17:30:33","date_gmt":"2023-07-07T15:30:33","guid":{"rendered":"https:\/\/www.smedemokrati.sk\/?p=1440"},"modified":"2023-07-07T17:30:34","modified_gmt":"2023-07-07T15:30:34","slug":"prezident-v-zelenskyj-sa-stretol-s-e-hegerom-a-j-nadom","status":"publish","type":"post","link":"https:\/\/www.smedemokrati.sk\/en\/prezident-v-zelenskyj-sa-stretol-s-e-hegerom-a-j-nadom\/","title":{"rendered":"Prezident V. Zelenskyj sa stretol s E. Hegerom a J. Na\u010fom"},"content":{"rendered":"<div id=\"fb-root\"><\/div>\n\n<p><strong>Bratislava | 7. 7. 2023 |<\/strong> Predseda Demokratov Eduard Heger a podpredseda strany Jaroslav Na\u010f na neform\u00e1lnom stretnut\u00ed diskutovali s prezidentom Ukrajiny Volodymyrom Zelenskym.<\/p>\n\n\n\n<p>Prezident Zelensky na stretnut\u00ed po\u010fakoval za k\u013e\u00fa\u010dov\u00e9 rozhodnutia vl\u00e1dy E. Hegera v prospech Ukrajiny a jej ob\u010danom. D\u00f4razne ocenil ako humanit\u00e1rnu, tak aj vojensk\u00fa pomoc Slovenska Ukrajine, \u010di u\u017e ide o st\u00edha\u010dky Mig-29, odm\u00ednovacie komplety Bo\u017eena, h\u00fafnice Zuzana 2 alebo syst\u00e9m protivzdu\u0161nej obrany S-300, ktor\u00e9 aj v tejto chv\u00edli chr\u00e1nia \u017eivoty nevinn\u00fdch civilistov.<\/p>\n\n\n\n<p><strong>\u201eN\u00e1v\u0161teva Volodymyra Zelensk\u00e9ho v Bratislave je jasn\u00fdm sign\u00e1lom, \u017ee Ukrajina si v\u00e1\u017ei slovensk\u00fa pomoc a strategick\u00e9 partnerstvo na\u0161ich kraj\u00edn. Slovensko sa zaradilo medzi \u0161t\u00e1ty, ktor\u00e9 sa postavili na stranu dobra, pr\u00e1va a spravodlivosti. Za mojej vl\u00e1dy malo Slovensko po dlh\u00fdch rokoch jasn\u00e9 zahrani\u010dnopolitick\u00e9 smerovanie bez jedin\u00e9ho zav\u00e1hania. Na\u0161i alian\u010dn\u00ed partneri n\u00e1s vn\u00edmaj\u00fa ako spo\u013eahliv\u00e9ho a hrd\u00e9ho spojenca, ktor\u00fd v rozhoduj\u00facej chv\u00edli stoj\u00ed za svoj\u00edm slovom, nem\u00f4\u017eeme dopusti\u0165, aby sa to zmenilo,\u201c<\/strong>\u00a0uviedol b\u00fdval\u00fd premi\u00e9r Eduard Heger a z\u00e1rove\u0148 sa dotkol aj t\u00e9my \u010dlenstva Ukrajiny v NATO.<\/p>\n\n\n\n<p><strong>\u201eSlobodn\u00e1 Ukrajina v E\u00da a NATO? Je to strategick\u00fdm a bezpe\u010dnostn\u00fdm z\u00e1ujmom v\u0161etk\u00fdch ob\u010danov Slovenska. Ide v\u0161ak o rozhodnutie, pred ktor\u00fdm mus\u00ed by\u0165 splnen\u00fdch viacero podmienok. Ver\u00edm, \u017ee to v bl\u00edzkej dobe Ukrajina bude vedie\u0165 splni\u0165. Plat\u00ed, \u017ee prosperita Ukrajiny znamen\u00e1 aj na\u0161u prosperitu,\u201c<\/strong>\u00a0dodal predseda Demokratov.<\/p>\n\n\n\n<p>Jaroslav Na\u010f ozna\u010duje stretnutie s ukrajinsk\u00fdm prezidentom ako znak v\u010faky za v\u00fdznamn\u00fa pomoc Ukrajine.\u00a0<strong>\u201eStretnutie mimo ofici\u00e1lneho programu prezidenta nie je be\u017enou praxou. Osobn\u00e9 stretnutie Volodymyra Zelensk\u00e9ho s Eduardom Hegerom a so mnou je jasn\u00fdm gestom v\u010faky a uznania. V \u0165a\u017ek\u00fdch \u010dasoch sme st\u00e1li pri na\u0161om dobrom susedovi a priate\u013eovi, \u010do prezident patri\u010dne ocenil. Z\u00e1rove\u0148 pr\u00edzvukoval, \u017ee na\u0161u snahu pom\u00f4c\u0165 ur\u010dite ocen\u00ed aj dom\u00e1ce publikum, preto\u017ee zastavenie konfliktu na Ukrajine je \u017eivotne d\u00f4le\u017eit\u00fdm krokom aj pre Slovensko,\u201c<\/strong>\u00a0povedal Na\u010f.<\/p>\n\n\n\n<figure class=\"wp-block-image size-large\"><img decoding=\"async\" width=\"1024\" height=\"768\" src=\"https:\/\/www.smedemokrati.sk\/wp-content\/uploads\/2023\/07\/IMG_7904-1024x768.jpg\" alt=\"\" class=\"wp-image-1441\" srcset=\"https:\/\/www.smedemokrati.sk\/wp-content\/uploads\/2023\/07\/IMG_7904-1024x768.jpg 1024w, https:\/\/www.smedemokrati.sk\/wp-content\/uploads\/2023\/07\/IMG_7904-300x225.jpg 300w, https:\/\/www.smedemokrati.sk\/wp-content\/uploads\/2023\/07\/IMG_7904-768x576.jpg 768w, https:\/\/www.smedemokrati.sk\/wp-content\/uploads\/2023\/07\/IMG_7904-1536x1152.jpg 1536w, https:\/\/www.smedemokrati.sk\/wp-content\/uploads\/2023\/07\/IMG_7904.jpg 1600w\" sizes=\"(max-width: 1024px) 100vw, 1024px\" \/><\/figure>\n","protected":false},"excerpt":{"rendered":"<p>Bratislava | 7. 7. 2023 | Predseda Demokratov Eduard Heger a podpredseda strany Jaroslav Na\u010f na neform\u00e1lnom stretnut\u00ed diskutovali s prezidentom Ukrajiny Volodymyrom Zelenskym. Prezident Zelensky na stretnut\u00ed po\u010fakoval za k\u013e\u00fa\u010dov\u00e9 rozhodnutia vl\u00e1dy E. Hegera v prospech Ukrajiny a jej ob\u010danom. D\u00f4razne ocenil ako humanit\u00e1rnu, tak aj vojensk\u00fa pomoc Slovenska Ukrajine, \u010di u\u017e ide o [&hellip;]<\/p>\n","protected":false},"author":7,"featured_media":1442,"comment_status":"closed","ping_status":"closed","sticky":false,"template":"","format":"standard","meta":{"_acf_changed":false,"ngg_post_thumbnail":0,"footnotes":""},"categories":[4],"tags":[],"class_list":["post-1440","post","type-post","status-publish","format-standard","has-post-thumbnail","hentry","category-tlacove-spravy"],"acf":[],"yoast_head":"<!-- This site is optimized with the Yoast SEO plugin v27.2 - https:\/\/yoast.com\/product\/yoast-seo-wordpress\/ -->\n<title>Prezident V. Zelenskyj sa stretol s E. Hegerom a J. Na\u010fom - Smedemokrati.sk<\/title>\n<meta name=\"robots\" content=\"index, follow, max-snippet:-1, max-image-preview:large, max-video-preview:-1\" \/>\n<link rel=\"canonical\" href=\"https:\/\/www.smedemokrati.sk\/en\/prezident-v-zelenskyj-sa-stretol-s-e-hegerom-a-j-nadom\/\" \/>\n<meta property=\"og:locale\" content=\"en_US\" \/>\n<meta property=\"og:locale:alternate\" content=\"cs_CZ\" \/>\n<meta property=\"og:locale:alternate\" content=\"hu_HU\" \/>\n<meta property=\"og:locale:alternate\" content=\"sk_SK\" \/>\n<meta property=\"og:locale:alternate\" content=\"sv_SE\" \/>\n<meta property=\"og:type\" content=\"article\" \/>\n<meta property=\"og:title\" content=\"Prezident V. Zelenskyj sa stretol s E. Hegerom a J. Na\u010fom - Smedemokrati.sk\" \/>\n<meta property=\"og:description\" content=\"Bratislava | 7. 7. 2023 | Predseda Demokratov Eduard Heger a podpredseda strany Jaroslav Na\u010f na neform\u00e1lnom stretnut\u00ed diskutovali s prezidentom Ukrajiny Volodymyrom Zelenskym. Prezident Zelensky na stretnut\u00ed po\u010fakoval za k\u013e\u00fa\u010dov\u00e9 rozhodnutia vl\u00e1dy E. Hegera v prospech Ukrajiny a jej ob\u010danom. D\u00f4razne ocenil ako humanit\u00e1rnu, tak aj vojensk\u00fa pomoc Slovenska Ukrajine, \u010di u\u017e ide o [&hellip;]\" \/>\n<meta property=\"og:url\" content=\"https:\/\/www.smedemokrati.sk\/en\/prezident-v-zelenskyj-sa-stretol-s-e-hegerom-a-j-nadom\/\" \/>\n<meta property=\"og:site_name\" content=\"Smedemokrati.sk\" \/>\n<meta property=\"article:publisher\" content=\"https:\/\/www.facebook.com\/smedemokrati2023\" \/>\n<meta property=\"article:published_time\" content=\"2023-07-07T15:30:33+00:00\" \/>\n<meta property=\"article:modified_time\" content=\"2023-07-07T15:30:34+00:00\" \/>\n<meta property=\"og:image\" content=\"https:\/\/www.smedemokrati.sk\/wp-content\/uploads\/2023\/07\/IMG_7898.jpg\" \/>\n\t<meta property=\"og:image:width\" content=\"1600\" \/>\n\t<meta property=\"og:image:height\" content=\"1600\" \/>\n\t<meta property=\"og:image:type\" content=\"image\/jpeg\" \/>\n<meta name=\"author\" content=\"Tom\u00e1\u0161 Koppl\" \/>\n<meta name=\"twitter:card\" content=\"summary_large_image\" \/>\n<meta name=\"twitter:label1\" content=\"Written by\" \/>\n\t<meta name=\"twitter:data1\" content=\"Tom\u00e1\u0161 Koppl\" \/>\n\t<meta name=\"twitter:label2\" content=\"Est. reading time\" \/>\n\t<meta name=\"twitter:data2\" content=\"2 minutes\" \/>\n<script type=\"application\/ld+json\" class=\"yoast-schema-graph\">{\"@context\":\"https:\/\/schema.org\",\"@graph\":[{\"@type\":\"Article\",\"@id\":\"https:\/\/www.smedemokrati.sk\/prezident-v-zelenskyj-sa-stretol-s-e-hegerom-a-j-nadom\/#article\",\"isPartOf\":{\"@id\":\"https:\/\/www.smedemokrati.sk\/prezident-v-zelenskyj-sa-stretol-s-e-hegerom-a-j-nadom\/\"},\"author\":{\"name\":\"Tom\u00e1\u0161 Koppl\",\"@id\":\"https:\/\/www.smedemokrati.sk\/#\/schema\/person\/c60720f4b9955b3c1ed222ebd1fbbc7c\"},\"headline\":\"Prezident V. Zelenskyj sa stretol s E. Hegerom a J. Na\u010fom\",\"datePublished\":\"2023-07-07T15:30:33+00:00\",\"dateModified\":\"2023-07-07T15:30:34+00:00\",\"mainEntityOfPage\":{\"@id\":\"https:\/\/www.smedemokrati.sk\/prezident-v-zelenskyj-sa-stretol-s-e-hegerom-a-j-nadom\/\"},\"wordCount\":380,\"publisher\":{\"@id\":\"https:\/\/www.smedemokrati.sk\/#organization\"},\"image\":{\"@id\":\"https:\/\/www.smedemokrati.sk\/prezident-v-zelenskyj-sa-stretol-s-e-hegerom-a-j-nadom\/#primaryimage\"},\"thumbnailUrl\":\"https:\/\/www.smedemokrati.sk\/wp-content\/uploads\/2023\/07\/IMG_7898.jpg\",\"articleSection\":[\"Tla\u010dov\u00e9 spr\u00e1vy\"],\"inLanguage\":\"en-US\"},{\"@type\":\"WebPage\",\"@id\":\"https:\/\/www.smedemokrati.sk\/prezident-v-zelenskyj-sa-stretol-s-e-hegerom-a-j-nadom\/\",\"url\":\"https:\/\/www.smedemokrati.sk\/prezident-v-zelenskyj-sa-stretol-s-e-hegerom-a-j-nadom\/\",\"name\":\"Prezident V. Zelenskyj sa stretol s E. Hegerom a J. Na\u010fom - Smedemokrati.sk\",\"isPartOf\":{\"@id\":\"https:\/\/www.smedemokrati.sk\/#website\"},\"primaryImageOfPage\":{\"@id\":\"https:\/\/www.smedemokrati.sk\/prezident-v-zelenskyj-sa-stretol-s-e-hegerom-a-j-nadom\/#primaryimage\"},\"image\":{\"@id\":\"https:\/\/www.smedemokrati.sk\/prezident-v-zelenskyj-sa-stretol-s-e-hegerom-a-j-nadom\/#primaryimage\"},\"thumbnailUrl\":\"https:\/\/www.smedemokrati.sk\/wp-content\/uploads\/2023\/07\/IMG_7898.jpg\",\"datePublished\":\"2023-07-07T15:30:33+00:00\",\"dateModified\":\"2023-07-07T15:30:34+00:00\",\"breadcrumb\":{\"@id\":\"https:\/\/www.smedemokrati.sk\/prezident-v-zelenskyj-sa-stretol-s-e-hegerom-a-j-nadom\/#breadcrumb\"},\"inLanguage\":\"en-US\",\"potentialAction\":[{\"@type\":\"ReadAction\",\"target\":[\"https:\/\/www.smedemokrati.sk\/prezident-v-zelenskyj-sa-stretol-s-e-hegerom-a-j-nadom\/\"]}]},{\"@type\":\"ImageObject\",\"inLanguage\":\"en-US\",\"@id\":\"https:\/\/www.smedemokrati.sk\/prezident-v-zelenskyj-sa-stretol-s-e-hegerom-a-j-nadom\/#primaryimage\",\"url\":\"https:\/\/www.smedemokrati.sk\/wp-content\/uploads\/2023\/07\/IMG_7898.jpg\",\"contentUrl\":\"https:\/\/www.smedemokrati.sk\/wp-content\/uploads\/2023\/07\/IMG_7898.jpg\",\"width\":1600,\"height\":1600},{\"@type\":\"BreadcrumbList\",\"@id\":\"https:\/\/www.smedemokrati.sk\/prezident-v-zelenskyj-sa-stretol-s-e-hegerom-a-j-nadom\/#breadcrumb\",\"itemListElement\":[{\"@type\":\"ListItem\",\"position\":1,\"name\":\"Domovsk\u00e1 str\u00e1nka\",\"item\":\"https:\/\/www.smedemokrati.sk\/\"},{\"@type\":\"ListItem\",\"position\":2,\"name\":\"Prezident V. Zelenskyj sa stretol s E. Hegerom a J. Na\u010fom\"}]},{\"@type\":\"WebSite\",\"@id\":\"https:\/\/www.smedemokrati.sk\/#website\",\"url\":\"https:\/\/www.smedemokrati.sk\/\",\"name\":\"Smedemokrati.sk\",\"description\":\"Demokracia a slu\u0161nos\u0165 zv\u00ed\u0165az\u00ed\",\"publisher\":{\"@id\":\"https:\/\/www.smedemokrati.sk\/#organization\"},\"potentialAction\":[{\"@type\":\"SearchAction\",\"target\":{\"@type\":\"EntryPoint\",\"urlTemplate\":\"https:\/\/www.smedemokrati.sk\/?s={search_term_string}\"},\"query-input\":{\"@type\":\"PropertyValueSpecification\",\"valueRequired\":true,\"valueName\":\"search_term_string\"}}],\"inLanguage\":\"en-US\"},{\"@type\":\"Organization\",\"@id\":\"https:\/\/www.smedemokrati.sk\/#organization\",\"name\":\"Smedemokrati.sk\",\"url\":\"https:\/\/www.smedemokrati.sk\/\",\"logo\":{\"@type\":\"ImageObject\",\"inLanguage\":\"en-US\",\"@id\":\"https:\/\/www.smedemokrati.sk\/#\/schema\/logo\/image\/\",\"url\":\"https:\/\/www.smedemokrati.sk\/wp-content\/uploads\/2023\/04\/ff.002.jpeg\",\"contentUrl\":\"https:\/\/www.smedemokrati.sk\/wp-content\/uploads\/2023\/04\/ff.002.jpeg\",\"width\":640,\"height\":480,\"caption\":\"Smedemokrati.sk\"},\"image\":{\"@id\":\"https:\/\/www.smedemokrati.sk\/#\/schema\/logo\/image\/\"},\"sameAs\":[\"https:\/\/www.facebook.com\/smedemokrati2023\"]},{\"@type\":\"Person\",\"@id\":\"https:\/\/www.smedemokrati.sk\/#\/schema\/person\/c60720f4b9955b3c1ed222ebd1fbbc7c\",\"name\":\"Tom\u00e1\u0161 Koppl\",\"image\":{\"@type\":\"ImageObject\",\"inLanguage\":\"en-US\",\"@id\":\"https:\/\/secure.gravatar.com\/avatar\/8dfa38373c5e39821baf74c8e867a6f12e12c6dab6559aa999d10703b0b1c4ce?s=96&d=mm&r=g\",\"url\":\"https:\/\/secure.gravatar.com\/avatar\/8dfa38373c5e39821baf74c8e867a6f12e12c6dab6559aa999d10703b0b1c4ce?s=96&d=mm&r=g\",\"contentUrl\":\"https:\/\/secure.gravatar.com\/avatar\/8dfa38373c5e39821baf74c8e867a6f12e12c6dab6559aa999d10703b0b1c4ce?s=96&d=mm&r=g\",\"caption\":\"Tom\u00e1\u0161 Koppl\"},\"url\":\"https:\/\/www.smedemokrati.sk\/en\/author\/tomaskoppl\/\"}]}<\/script>\n<!-- \/ Yoast SEO plugin. -->","yoast_head_json":{"title":"Prezident V. Zelenskyj sa stretol s E. Hegerom a J. Na\u010fom - Smedemokrati.sk","robots":{"index":"index","follow":"follow","max-snippet":"max-snippet:-1","max-image-preview":"max-image-preview:large","max-video-preview":"max-video-preview:-1"},"canonical":"https:\/\/www.smedemokrati.sk\/en\/prezident-v-zelenskyj-sa-stretol-s-e-hegerom-a-j-nadom\/","og_locale":"en_US","og_type":"article","og_title":"Prezident V. Zelenskyj sa stretol s E. Hegerom a J. Na\u010fom - Smedemokrati.sk","og_description":"Bratislava | 7. 7. 2023 | Predseda Demokratov Eduard Heger a podpredseda strany Jaroslav Na\u010f na neform\u00e1lnom stretnut\u00ed diskutovali s prezidentom Ukrajiny Volodymyrom Zelenskym. Prezident Zelensky na stretnut\u00ed po\u010fakoval za k\u013e\u00fa\u010dov\u00e9 rozhodnutia vl\u00e1dy E. Hegera v prospech Ukrajiny a jej ob\u010danom. D\u00f4razne ocenil ako humanit\u00e1rnu, tak aj vojensk\u00fa pomoc Slovenska Ukrajine, \u010di u\u017e ide o [&hellip;]","og_url":"https:\/\/www.smedemokrati.sk\/en\/prezident-v-zelenskyj-sa-stretol-s-e-hegerom-a-j-nadom\/","og_site_name":"Smedemokrati.sk","article_publisher":"https:\/\/www.facebook.com\/smedemokrati2023","article_published_time":"2023-07-07T15:30:33+00:00","article_modified_time":"2023-07-07T15:30:34+00:00","og_image":[{"width":1600,"height":1600,"url":"https:\/\/www.smedemokrati.sk\/wp-content\/uploads\/2023\/07\/IMG_7898.jpg","type":"image\/jpeg"}],"author":"Tom\u00e1\u0161 Koppl","twitter_card":"summary_large_image","twitter_misc":{"Written by":"Tom\u00e1\u0161 Koppl","Est. reading time":"2 minutes"},"schema":{"@context":"https:\/\/schema.org","@graph":[{"@type":"Article","@id":"https:\/\/www.smedemokrati.sk\/prezident-v-zelenskyj-sa-stretol-s-e-hegerom-a-j-nadom\/#article","isPartOf":{"@id":"https:\/\/www.smedemokrati.sk\/prezident-v-zelenskyj-sa-stretol-s-e-hegerom-a-j-nadom\/"},"author":{"name":"Tom\u00e1\u0161 Koppl","@id":"https:\/\/www.smedemokrati.sk\/#\/schema\/person\/c60720f4b9955b3c1ed222ebd1fbbc7c"},"headline":"Prezident V. Zelenskyj sa stretol s E. Hegerom a J. Na\u010fom","datePublished":"2023-07-07T15:30:33+00:00","dateModified":"2023-07-07T15:30:34+00:00","mainEntityOfPage":{"@id":"https:\/\/www.smedemokrati.sk\/prezident-v-zelenskyj-sa-stretol-s-e-hegerom-a-j-nadom\/"},"wordCount":380,"publisher":{"@id":"https:\/\/www.smedemokrati.sk\/#organization"},"image":{"@id":"https:\/\/www.smedemokrati.sk\/prezident-v-zelenskyj-sa-stretol-s-e-hegerom-a-j-nadom\/#primaryimage"},"thumbnailUrl":"https:\/\/www.smedemokrati.sk\/wp-content\/uploads\/2023\/07\/IMG_7898.jpg","articleSection":["Tla\u010dov\u00e9 spr\u00e1vy"],"inLanguage":"en-US"},{"@type":"WebPage","@id":"https:\/\/www.smedemokrati.sk\/prezident-v-zelenskyj-sa-stretol-s-e-hegerom-a-j-nadom\/","url":"https:\/\/www.smedemokrati.sk\/prezident-v-zelenskyj-sa-stretol-s-e-hegerom-a-j-nadom\/","name":"Prezident V. Zelenskyj sa stretol s E. Hegerom a J. Na\u010fom - Smedemokrati.sk","isPartOf":{"@id":"https:\/\/www.smedemokrati.sk\/#website"},"primaryImageOfPage":{"@id":"https:\/\/www.smedemokrati.sk\/prezident-v-zelenskyj-sa-stretol-s-e-hegerom-a-j-nadom\/#primaryimage"},"image":{"@id":"https:\/\/www.smedemokrati.sk\/prezident-v-zelenskyj-sa-stretol-s-e-hegerom-a-j-nadom\/#primaryimage"},"thumbnailUrl":"https:\/\/www.smedemokrati.sk\/wp-content\/uploads\/2023\/07\/IMG_7898.jpg","datePublished":"2023-07-07T15:30:33+00:00","dateModified":"2023-07-07T15:30:34+00:00","breadcrumb":{"@id":"https:\/\/www.smedemokrati.sk\/prezident-v-zelenskyj-sa-stretol-s-e-hegerom-a-j-nadom\/#breadcrumb"},"inLanguage":"en-US","potentialAction":[{"@type":"ReadAction","target":["https:\/\/www.smedemokrati.sk\/prezident-v-zelenskyj-sa-stretol-s-e-hegerom-a-j-nadom\/"]}]},{"@type":"ImageObject","inLanguage":"en-US","@id":"https:\/\/www.smedemokrati.sk\/prezident-v-zelenskyj-sa-stretol-s-e-hegerom-a-j-nadom\/#primaryimage","url":"https:\/\/www.smedemokrati.sk\/wp-content\/uploads\/2023\/07\/IMG_7898.jpg","contentUrl":"https:\/\/www.smedemokrati.sk\/wp-content\/uploads\/2023\/07\/IMG_7898.jpg","width":1600,"height":1600},{"@type":"BreadcrumbList","@id":"https:\/\/www.smedemokrati.sk\/prezident-v-zelenskyj-sa-stretol-s-e-hegerom-a-j-nadom\/#breadcrumb","itemListElement":[{"@type":"ListItem","position":1,"name":"Domovsk\u00e1 str\u00e1nka","item":"https:\/\/www.smedemokrati.sk\/"},{"@type":"ListItem","position":2,"name":"Prezident V. Zelenskyj sa stretol s E. Hegerom a J. Na\u010fom"}]},{"@type":"WebSite","@id":"https:\/\/www.smedemokrati.sk\/#website","url":"https:\/\/www.smedemokrati.sk\/","name":"Smedemokrati.sk","description":"Demokracia a slu\u0161nos\u0165 zv\u00ed\u0165az\u00ed","publisher":{"@id":"https:\/\/www.smedemokrati.sk\/#organization"},"potentialAction":[{"@type":"SearchAction","target":{"@type":"EntryPoint","urlTemplate":"https:\/\/www.smedemokrati.sk\/?s={search_term_string}"},"query-input":{"@type":"PropertyValueSpecification","valueRequired":true,"valueName":"search_term_string"}}],"inLanguage":"en-US"},{"@type":"Organization","@id":"https:\/\/www.smedemokrati.sk\/#organization","name":"Smedemokrati.sk","url":"https:\/\/www.smedemokrati.sk\/","logo":{"@type":"ImageObject","inLanguage":"en-US","@id":"https:\/\/www.smedemokrati.sk\/#\/schema\/logo\/image\/","url":"https:\/\/www.smedemokrati.sk\/wp-content\/uploads\/2023\/04\/ff.002.jpeg","contentUrl":"https:\/\/www.smedemokrati.sk\/wp-content\/uploads\/2023\/04\/ff.002.jpeg","width":640,"height":480,"caption":"Smedemokrati.sk"},"image":{"@id":"https:\/\/www.smedemokrati.sk\/#\/schema\/logo\/image\/"},"sameAs":["https:\/\/www.facebook.com\/smedemokrati2023"]},{"@type":"Person","@id":"https:\/\/www.smedemokrati.sk\/#\/schema\/person\/c60720f4b9955b3c1ed222ebd1fbbc7c","name":"Tom\u00e1\u0161 Koppl","image":{"@type":"ImageObject","inLanguage":"en-US","@id":"https:\/\/secure.gravatar.com\/avatar\/8dfa38373c5e39821baf74c8e867a6f12e12c6dab6559aa999d10703b0b1c4ce?s=96&d=mm&r=g","url":"https:\/\/secure.gravatar.com\/avatar\/8dfa38373c5e39821baf74c8e867a6f12e12c6dab6559aa999d10703b0b1c4ce?s=96&d=mm&r=g","contentUrl":"https:\/\/secure.gravatar.com\/avatar\/8dfa38373c5e39821baf74c8e867a6f12e12c6dab6559aa999d10703b0b1c4ce?s=96&d=mm&r=g","caption":"Tom\u00e1\u0161 Koppl"},"url":"https:\/\/www.smedemokrati.sk\/en\/author\/tomaskoppl\/"}]}},"_links":{"self":[{"href":"https:\/\/www.smedemokrati.sk\/en\/wp-json\/wp\/v2\/posts\/1440","targetHints":{"allow":["GET"]}}],"collection":[{"href":"https:\/\/www.smedemokrati.sk\/en\/wp-json\/wp\/v2\/posts"}],"about":[{"href":"https:\/\/www.smedemokrati.sk\/en\/wp-json\/wp\/v2\/types\/post"}],"author":[{"embeddable":true,"href":"https:\/\/www.smedemokrati.sk\/en\/wp-json\/wp\/v2\/users\/7"}],"replies":[{"embeddable":true,"href":"https:\/\/www.smedemokrati.sk\/en\/wp-json\/wp\/v2\/comments?post=1440"}],"version-history":[{"count":1,"href":"https:\/\/www.smedemokrati.sk\/en\/wp-json\/wp\/v2\/posts\/1440\/revisions"}],"predecessor-version":[{"id":1443,"href":"https:\/\/www.smedemokrati.sk\/en\/wp-json\/wp\/v2\/posts\/1440\/revisions\/1443"}],"wp:featuredmedia":[{"embeddable":true,"href":"https:\/\/www.smedemokrati.sk\/en\/wp-json\/wp\/v2\/media\/1442"}],"wp:attachment":[{"href":"https:\/\/www.smedemokrati.sk\/en\/wp-json\/wp\/v2\/media?parent=1440"}],"wp:term":[{"taxonomy":"category","embeddable":true,"href":"https:\/\/www.smedemokrati.sk\/en\/wp-json\/wp\/v2\/categories?post=1440"},{"taxonomy":"post_tag","embeddable":true,"href":"https:\/\/www.smedemokrati.sk\/en\/wp-json\/wp\/v2\/tags?post=1440"}],"curies":[{"name":"wp","href":"https:\/\/api.w.org\/{rel}","templated":true}]}}