{"id":1433,"date":"2023-07-07T13:37:15","date_gmt":"2023-07-07T11:37:15","guid":{"rendered":"https:\/\/www.smedemokrati.sk\/?p=1433"},"modified":"2023-07-07T13:38:01","modified_gmt":"2023-07-07T11:38:01","slug":"reforma-prokuratury-je-nevyhnutna-zilinka-nemoze-stat-nad-sudmi","status":"publish","type":"post","link":"https:\/\/www.smedemokrati.sk\/en\/reforma-prokuratury-je-nevyhnutna-zilinka-nemoze-stat-nad-sudmi\/","title":{"rendered":"Reforma prokurat\u00fary je nevyhnutn\u00e1, \u017dilinka nem\u00f4\u017ee st\u00e1\u0165 nad s\u00fadmi"},"content":{"rendered":"<div id=\"fb-root\"><\/div>\n\n<p>Eur\u00f3pska komisia vo svojej spr\u00e1ve o pr\u00e1vnom \u0161t\u00e1te na Slovensku kon\u0161tatuje, \u017ee s\u00fa\u010dasn\u00e9 znenie a aplik\u00e1cia paragrafu 363 trestn\u00e9ho poriadku prizn\u00e1va gener\u00e1lnemu prokur\u00e1torovi \u017dilinkovi pr\u00edli\u0161 ve\u013ek\u00e9 pr\u00e1vomoci. \u010clen predsedn\u00edctva strany Demokrati Juraj \u0160eliga hovor\u00ed o potrebe ur\u00fdchlene presadi\u0165 reformu fungovania celej prokurat\u00fary na Slovensku.<\/p>\n\n\n\n<p><strong>\u201eMy v strane Demokrati hovor\u00edme ve\u013emi jasne, \u017ee po vo\u013eb\u00e1ch presad\u00edme reformu prokurat\u00fary tak aby \u017dilinka nest\u00e1l na s\u00fadmi. Zmen\u00edme trestn\u00fd poriadok tak, aby paragraf 363 nebol at\u00f3mov\u00fdm kufr\u00edkom t\u00fdch, ktor\u00ed maj\u00fa st\u00e1\u0165 pred spravodlivos\u0165ou,&#8221;<\/strong>\u00a0vyhl\u00e1sil \u0160eliga.<\/p>\n\n\n\n<p>Pod\u013ea \u0160eligu Robert Fico pri svojej reakcii na spr\u00e1vu o stave pr\u00e1vneho \u0161t\u00e1tu klamal.&nbsp;<strong>\u201eU\u017e klasicky plakal na tla\u010dovke a \u0161\u00edril klamstv\u00e1 o tom, ako je Eur\u00f3pska komisia vo\u010di nemu zaujat\u00e1 a v\u0161etci s\u00fa platen\u00ed Soro\u0161om,\u201c<\/strong>&nbsp;kon\u0161tatuje \u0160eliga.<\/p>\n\n\n\n<p><strong>\u201eKe\u010f ide o Fica alebo jeho nominantov, je proti nim cel\u00fd svet. Ke\u010f ide o niekoho in\u00e9ho, rozhoduje spravodliv\u00fd s\u00fad,\u201c<\/strong>&nbsp;hovor\u00ed Juraj \u0160eliga<\/p>\n\n\n\n<p><strong>\u201eFicovi ide len o to, aby gener\u00e1lny prokur\u00e1tor \u017dilinka bol pre neho at\u00f3mov\u00fd kufr\u00edk, alebo z\u00e1chrann\u00e9 koleso. Aby v\u017edy, ke\u010f je treba Maro\u0161 \u017dilinka vst\u00fapil do konania a cez paragraf 363 zastavil vy\u0161etrovanie, aby sa tie najz\u00e1va\u017enej\u0161ie kauzy nedostali na s\u00fad,\u201c<\/strong>&nbsp;uzavrel Juraj \u0160eliga.<\/p>\n\n\n\n<figure class=\"wp-block-video\"><video height=\"1048\" style=\"aspect-ratio: 1920 \/ 1048;\" width=\"1920\" controls src=\"https:\/\/www.smedemokrati.sk\/wp-content\/uploads\/2023\/07\/J.Seliga_363-Up-to-4K-1.mov\"><\/video><\/figure>\n","protected":false},"excerpt":{"rendered":"<p>Eur\u00f3pska komisia vo svojej spr\u00e1ve o pr\u00e1vnom \u0161t\u00e1te na Slovensku kon\u0161tatuje, \u017ee s\u00fa\u010dasn\u00e9 znenie a aplik\u00e1cia paragrafu 363 trestn\u00e9ho poriadku prizn\u00e1va gener\u00e1lnemu prokur\u00e1torovi \u017dilinkovi pr\u00edli\u0161 ve\u013ek\u00e9 pr\u00e1vomoci. \u010clen predsedn\u00edctva strany Demokrati Juraj \u0160eliga hovor\u00ed o potrebe ur\u00fdchlene presadi\u0165 reformu fungovania celej prokurat\u00fary na Slovensku. \u201eMy v strane Demokrati hovor\u00edme ve\u013emi jasne, \u017ee po vo\u013eb\u00e1ch presad\u00edme [&hellip;]<\/p>\n","protected":false},"author":7,"featured_media":1435,"comment_status":"closed","ping_status":"closed","sticky":false,"template":"","format":"standard","meta":{"_acf_changed":false,"ngg_post_thumbnail":0,"footnotes":""},"categories":[4],"tags":[],"class_list":["post-1433","post","type-post","status-publish","format-standard","has-post-thumbnail","hentry","category-tlacove-spravy"],"acf":[],"yoast_head":"<!-- This site is optimized with the Yoast SEO plugin v27.2 - https:\/\/yoast.com\/product\/yoast-seo-wordpress\/ -->\n<title>Reforma prokurat\u00fary je nevyhnutn\u00e1, \u017dilinka nem\u00f4\u017ee st\u00e1\u0165 nad s\u00fadmi - Smedemokrati.sk<\/title>\n<meta name=\"robots\" content=\"index, follow, max-snippet:-1, max-image-preview:large, max-video-preview:-1\" \/>\n<link rel=\"canonical\" href=\"https:\/\/www.smedemokrati.sk\/en\/reforma-prokuratury-je-nevyhnutna-zilinka-nemoze-stat-nad-sudmi\/\" \/>\n<meta property=\"og:locale\" content=\"en_US\" \/>\n<meta property=\"og:locale:alternate\" content=\"cs_CZ\" \/>\n<meta property=\"og:locale:alternate\" content=\"hu_HU\" \/>\n<meta property=\"og:locale:alternate\" content=\"sk_SK\" \/>\n<meta property=\"og:locale:alternate\" content=\"sv_SE\" \/>\n<meta property=\"og:type\" content=\"article\" \/>\n<meta property=\"og:title\" content=\"Reforma prokurat\u00fary je nevyhnutn\u00e1, \u017dilinka nem\u00f4\u017ee st\u00e1\u0165 nad s\u00fadmi - Smedemokrati.sk\" \/>\n<meta property=\"og:description\" content=\"Eur\u00f3pska komisia vo svojej spr\u00e1ve o pr\u00e1vnom \u0161t\u00e1te na Slovensku kon\u0161tatuje, \u017ee s\u00fa\u010dasn\u00e9 znenie a aplik\u00e1cia paragrafu 363 trestn\u00e9ho poriadku prizn\u00e1va gener\u00e1lnemu prokur\u00e1torovi \u017dilinkovi pr\u00edli\u0161 ve\u013ek\u00e9 pr\u00e1vomoci. \u010clen predsedn\u00edctva strany Demokrati Juraj \u0160eliga hovor\u00ed o potrebe ur\u00fdchlene presadi\u0165 reformu fungovania celej prokurat\u00fary na Slovensku. \u201eMy v strane Demokrati hovor\u00edme ve\u013emi jasne, \u017ee po vo\u013eb\u00e1ch presad\u00edme [&hellip;]\" \/>\n<meta property=\"og:url\" content=\"https:\/\/www.smedemokrati.sk\/en\/reforma-prokuratury-je-nevyhnutna-zilinka-nemoze-stat-nad-sudmi\/\" \/>\n<meta property=\"og:site_name\" content=\"Smedemokrati.sk\" \/>\n<meta property=\"article:publisher\" content=\"https:\/\/www.facebook.com\/smedemokrati2023\" \/>\n<meta property=\"article:published_time\" content=\"2023-07-07T11:37:15+00:00\" \/>\n<meta property=\"article:modified_time\" content=\"2023-07-07T11:38:01+00:00\" \/>\n<meta property=\"og:image\" content=\"https:\/\/www.smedemokrati.sk\/wp-content\/uploads\/2023\/07\/Juro-1.jpg\" \/>\n\t<meta property=\"og:image:width\" content=\"1800\" \/>\n\t<meta property=\"og:image:height\" content=\"978\" \/>\n\t<meta property=\"og:image:type\" content=\"image\/jpeg\" \/>\n<meta name=\"author\" content=\"Tom\u00e1\u0161 Koppl\" \/>\n<meta name=\"twitter:card\" content=\"summary_large_image\" \/>\n<meta name=\"twitter:label1\" content=\"Written by\" \/>\n\t<meta name=\"twitter:data1\" content=\"Tom\u00e1\u0161 Koppl\" \/>\n\t<meta name=\"twitter:label2\" content=\"Est. reading time\" \/>\n\t<meta name=\"twitter:data2\" content=\"2 minutes\" \/>\n<script type=\"application\/ld+json\" class=\"yoast-schema-graph\">{\"@context\":\"https:\/\/schema.org\",\"@graph\":[{\"@type\":\"Article\",\"@id\":\"https:\/\/www.smedemokrati.sk\/reforma-prokuratury-je-nevyhnutna-zilinka-nemoze-stat-nad-sudmi\/#article\",\"isPartOf\":{\"@id\":\"https:\/\/www.smedemokrati.sk\/reforma-prokuratury-je-nevyhnutna-zilinka-nemoze-stat-nad-sudmi\/\"},\"author\":{\"name\":\"Tom\u00e1\u0161 Koppl\",\"@id\":\"https:\/\/www.smedemokrati.sk\/#\/schema\/person\/c60720f4b9955b3c1ed222ebd1fbbc7c\"},\"headline\":\"Reforma prokurat\u00fary je nevyhnutn\u00e1, \u017dilinka nem\u00f4\u017ee st\u00e1\u0165 nad s\u00fadmi\",\"datePublished\":\"2023-07-07T11:37:15+00:00\",\"dateModified\":\"2023-07-07T11:38:01+00:00\",\"mainEntityOfPage\":{\"@id\":\"https:\/\/www.smedemokrati.sk\/reforma-prokuratury-je-nevyhnutna-zilinka-nemoze-stat-nad-sudmi\/\"},\"wordCount\":255,\"publisher\":{\"@id\":\"https:\/\/www.smedemokrati.sk\/#organization\"},\"image\":{\"@id\":\"https:\/\/www.smedemokrati.sk\/reforma-prokuratury-je-nevyhnutna-zilinka-nemoze-stat-nad-sudmi\/#primaryimage\"},\"thumbnailUrl\":\"https:\/\/www.smedemokrati.sk\/wp-content\/uploads\/2023\/07\/Juro-1.jpg\",\"articleSection\":[\"Tla\u010dov\u00e9 spr\u00e1vy\"],\"inLanguage\":\"en-US\"},{\"@type\":\"WebPage\",\"@id\":\"https:\/\/www.smedemokrati.sk\/reforma-prokuratury-je-nevyhnutna-zilinka-nemoze-stat-nad-sudmi\/\",\"url\":\"https:\/\/www.smedemokrati.sk\/reforma-prokuratury-je-nevyhnutna-zilinka-nemoze-stat-nad-sudmi\/\",\"name\":\"Reforma prokurat\u00fary je nevyhnutn\u00e1, \u017dilinka nem\u00f4\u017ee st\u00e1\u0165 nad s\u00fadmi - Smedemokrati.sk\",\"isPartOf\":{\"@id\":\"https:\/\/www.smedemokrati.sk\/#website\"},\"primaryImageOfPage\":{\"@id\":\"https:\/\/www.smedemokrati.sk\/reforma-prokuratury-je-nevyhnutna-zilinka-nemoze-stat-nad-sudmi\/#primaryimage\"},\"image\":{\"@id\":\"https:\/\/www.smedemokrati.sk\/reforma-prokuratury-je-nevyhnutna-zilinka-nemoze-stat-nad-sudmi\/#primaryimage\"},\"thumbnailUrl\":\"https:\/\/www.smedemokrati.sk\/wp-content\/uploads\/2023\/07\/Juro-1.jpg\",\"datePublished\":\"2023-07-07T11:37:15+00:00\",\"dateModified\":\"2023-07-07T11:38:01+00:00\",\"breadcrumb\":{\"@id\":\"https:\/\/www.smedemokrati.sk\/reforma-prokuratury-je-nevyhnutna-zilinka-nemoze-stat-nad-sudmi\/#breadcrumb\"},\"inLanguage\":\"en-US\",\"potentialAction\":[{\"@type\":\"ReadAction\",\"target\":[\"https:\/\/www.smedemokrati.sk\/reforma-prokuratury-je-nevyhnutna-zilinka-nemoze-stat-nad-sudmi\/\"]}]},{\"@type\":\"ImageObject\",\"inLanguage\":\"en-US\",\"@id\":\"https:\/\/www.smedemokrati.sk\/reforma-prokuratury-je-nevyhnutna-zilinka-nemoze-stat-nad-sudmi\/#primaryimage\",\"url\":\"https:\/\/www.smedemokrati.sk\/wp-content\/uploads\/2023\/07\/Juro-1.jpg\",\"contentUrl\":\"https:\/\/www.smedemokrati.sk\/wp-content\/uploads\/2023\/07\/Juro-1.jpg\",\"width\":1800,\"height\":978},{\"@type\":\"BreadcrumbList\",\"@id\":\"https:\/\/www.smedemokrati.sk\/reforma-prokuratury-je-nevyhnutna-zilinka-nemoze-stat-nad-sudmi\/#breadcrumb\",\"itemListElement\":[{\"@type\":\"ListItem\",\"position\":1,\"name\":\"Domovsk\u00e1 str\u00e1nka\",\"item\":\"https:\/\/www.smedemokrati.sk\/\"},{\"@type\":\"ListItem\",\"position\":2,\"name\":\"Reforma prokurat\u00fary je nevyhnutn\u00e1, \u017dilinka nem\u00f4\u017ee st\u00e1\u0165 nad s\u00fadmi\"}]},{\"@type\":\"WebSite\",\"@id\":\"https:\/\/www.smedemokrati.sk\/#website\",\"url\":\"https:\/\/www.smedemokrati.sk\/\",\"name\":\"Smedemokrati.sk\",\"description\":\"Demokracia a slu\u0161nos\u0165 zv\u00ed\u0165az\u00ed\",\"publisher\":{\"@id\":\"https:\/\/www.smedemokrati.sk\/#organization\"},\"potentialAction\":[{\"@type\":\"SearchAction\",\"target\":{\"@type\":\"EntryPoint\",\"urlTemplate\":\"https:\/\/www.smedemokrati.sk\/?s={search_term_string}\"},\"query-input\":{\"@type\":\"PropertyValueSpecification\",\"valueRequired\":true,\"valueName\":\"search_term_string\"}}],\"inLanguage\":\"en-US\"},{\"@type\":\"Organization\",\"@id\":\"https:\/\/www.smedemokrati.sk\/#organization\",\"name\":\"Smedemokrati.sk\",\"url\":\"https:\/\/www.smedemokrati.sk\/\",\"logo\":{\"@type\":\"ImageObject\",\"inLanguage\":\"en-US\",\"@id\":\"https:\/\/www.smedemokrati.sk\/#\/schema\/logo\/image\/\",\"url\":\"https:\/\/www.smedemokrati.sk\/wp-content\/uploads\/2023\/04\/ff.002.jpeg\",\"contentUrl\":\"https:\/\/www.smedemokrati.sk\/wp-content\/uploads\/2023\/04\/ff.002.jpeg\",\"width\":640,\"height\":480,\"caption\":\"Smedemokrati.sk\"},\"image\":{\"@id\":\"https:\/\/www.smedemokrati.sk\/#\/schema\/logo\/image\/\"},\"sameAs\":[\"https:\/\/www.facebook.com\/smedemokrati2023\"]},{\"@type\":\"Person\",\"@id\":\"https:\/\/www.smedemokrati.sk\/#\/schema\/person\/c60720f4b9955b3c1ed222ebd1fbbc7c\",\"name\":\"Tom\u00e1\u0161 Koppl\",\"image\":{\"@type\":\"ImageObject\",\"inLanguage\":\"en-US\",\"@id\":\"https:\/\/secure.gravatar.com\/avatar\/8dfa38373c5e39821baf74c8e867a6f12e12c6dab6559aa999d10703b0b1c4ce?s=96&d=mm&r=g\",\"url\":\"https:\/\/secure.gravatar.com\/avatar\/8dfa38373c5e39821baf74c8e867a6f12e12c6dab6559aa999d10703b0b1c4ce?s=96&d=mm&r=g\",\"contentUrl\":\"https:\/\/secure.gravatar.com\/avatar\/8dfa38373c5e39821baf74c8e867a6f12e12c6dab6559aa999d10703b0b1c4ce?s=96&d=mm&r=g\",\"caption\":\"Tom\u00e1\u0161 Koppl\"},\"url\":\"https:\/\/www.smedemokrati.sk\/en\/author\/tomaskoppl\/\"}]}<\/script>\n<!-- \/ Yoast SEO plugin. -->","yoast_head_json":{"title":"Reforma prokurat\u00fary je nevyhnutn\u00e1, \u017dilinka nem\u00f4\u017ee st\u00e1\u0165 nad s\u00fadmi - Smedemokrati.sk","robots":{"index":"index","follow":"follow","max-snippet":"max-snippet:-1","max-image-preview":"max-image-preview:large","max-video-preview":"max-video-preview:-1"},"canonical":"https:\/\/www.smedemokrati.sk\/en\/reforma-prokuratury-je-nevyhnutna-zilinka-nemoze-stat-nad-sudmi\/","og_locale":"en_US","og_type":"article","og_title":"Reforma prokurat\u00fary je nevyhnutn\u00e1, \u017dilinka nem\u00f4\u017ee st\u00e1\u0165 nad s\u00fadmi - Smedemokrati.sk","og_description":"Eur\u00f3pska komisia vo svojej spr\u00e1ve o pr\u00e1vnom \u0161t\u00e1te na Slovensku kon\u0161tatuje, \u017ee s\u00fa\u010dasn\u00e9 znenie a aplik\u00e1cia paragrafu 363 trestn\u00e9ho poriadku prizn\u00e1va gener\u00e1lnemu prokur\u00e1torovi \u017dilinkovi pr\u00edli\u0161 ve\u013ek\u00e9 pr\u00e1vomoci. \u010clen predsedn\u00edctva strany Demokrati Juraj \u0160eliga hovor\u00ed o potrebe ur\u00fdchlene presadi\u0165 reformu fungovania celej prokurat\u00fary na Slovensku. \u201eMy v strane Demokrati hovor\u00edme ve\u013emi jasne, \u017ee po vo\u013eb\u00e1ch presad\u00edme [&hellip;]","og_url":"https:\/\/www.smedemokrati.sk\/en\/reforma-prokuratury-je-nevyhnutna-zilinka-nemoze-stat-nad-sudmi\/","og_site_name":"Smedemokrati.sk","article_publisher":"https:\/\/www.facebook.com\/smedemokrati2023","article_published_time":"2023-07-07T11:37:15+00:00","article_modified_time":"2023-07-07T11:38:01+00:00","og_image":[{"width":1800,"height":978,"url":"https:\/\/www.smedemokrati.sk\/wp-content\/uploads\/2023\/07\/Juro-1.jpg","type":"image\/jpeg"}],"author":"Tom\u00e1\u0161 Koppl","twitter_card":"summary_large_image","twitter_misc":{"Written by":"Tom\u00e1\u0161 Koppl","Est. reading time":"2 minutes"},"schema":{"@context":"https:\/\/schema.org","@graph":[{"@type":"Article","@id":"https:\/\/www.smedemokrati.sk\/reforma-prokuratury-je-nevyhnutna-zilinka-nemoze-stat-nad-sudmi\/#article","isPartOf":{"@id":"https:\/\/www.smedemokrati.sk\/reforma-prokuratury-je-nevyhnutna-zilinka-nemoze-stat-nad-sudmi\/"},"author":{"name":"Tom\u00e1\u0161 Koppl","@id":"https:\/\/www.smedemokrati.sk\/#\/schema\/person\/c60720f4b9955b3c1ed222ebd1fbbc7c"},"headline":"Reforma prokurat\u00fary je nevyhnutn\u00e1, \u017dilinka nem\u00f4\u017ee st\u00e1\u0165 nad s\u00fadmi","datePublished":"2023-07-07T11:37:15+00:00","dateModified":"2023-07-07T11:38:01+00:00","mainEntityOfPage":{"@id":"https:\/\/www.smedemokrati.sk\/reforma-prokuratury-je-nevyhnutna-zilinka-nemoze-stat-nad-sudmi\/"},"wordCount":255,"publisher":{"@id":"https:\/\/www.smedemokrati.sk\/#organization"},"image":{"@id":"https:\/\/www.smedemokrati.sk\/reforma-prokuratury-je-nevyhnutna-zilinka-nemoze-stat-nad-sudmi\/#primaryimage"},"thumbnailUrl":"https:\/\/www.smedemokrati.sk\/wp-content\/uploads\/2023\/07\/Juro-1.jpg","articleSection":["Tla\u010dov\u00e9 spr\u00e1vy"],"inLanguage":"en-US"},{"@type":"WebPage","@id":"https:\/\/www.smedemokrati.sk\/reforma-prokuratury-je-nevyhnutna-zilinka-nemoze-stat-nad-sudmi\/","url":"https:\/\/www.smedemokrati.sk\/reforma-prokuratury-je-nevyhnutna-zilinka-nemoze-stat-nad-sudmi\/","name":"Reforma prokurat\u00fary je nevyhnutn\u00e1, \u017dilinka nem\u00f4\u017ee st\u00e1\u0165 nad s\u00fadmi - Smedemokrati.sk","isPartOf":{"@id":"https:\/\/www.smedemokrati.sk\/#website"},"primaryImageOfPage":{"@id":"https:\/\/www.smedemokrati.sk\/reforma-prokuratury-je-nevyhnutna-zilinka-nemoze-stat-nad-sudmi\/#primaryimage"},"image":{"@id":"https:\/\/www.smedemokrati.sk\/reforma-prokuratury-je-nevyhnutna-zilinka-nemoze-stat-nad-sudmi\/#primaryimage"},"thumbnailUrl":"https:\/\/www.smedemokrati.sk\/wp-content\/uploads\/2023\/07\/Juro-1.jpg","datePublished":"2023-07-07T11:37:15+00:00","dateModified":"2023-07-07T11:38:01+00:00","breadcrumb":{"@id":"https:\/\/www.smedemokrati.sk\/reforma-prokuratury-je-nevyhnutna-zilinka-nemoze-stat-nad-sudmi\/#breadcrumb"},"inLanguage":"en-US","potentialAction":[{"@type":"ReadAction","target":["https:\/\/www.smedemokrati.sk\/reforma-prokuratury-je-nevyhnutna-zilinka-nemoze-stat-nad-sudmi\/"]}]},{"@type":"ImageObject","inLanguage":"en-US","@id":"https:\/\/www.smedemokrati.sk\/reforma-prokuratury-je-nevyhnutna-zilinka-nemoze-stat-nad-sudmi\/#primaryimage","url":"https:\/\/www.smedemokrati.sk\/wp-content\/uploads\/2023\/07\/Juro-1.jpg","contentUrl":"https:\/\/www.smedemokrati.sk\/wp-content\/uploads\/2023\/07\/Juro-1.jpg","width":1800,"height":978},{"@type":"BreadcrumbList","@id":"https:\/\/www.smedemokrati.sk\/reforma-prokuratury-je-nevyhnutna-zilinka-nemoze-stat-nad-sudmi\/#breadcrumb","itemListElement":[{"@type":"ListItem","position":1,"name":"Domovsk\u00e1 str\u00e1nka","item":"https:\/\/www.smedemokrati.sk\/"},{"@type":"ListItem","position":2,"name":"Reforma prokurat\u00fary je nevyhnutn\u00e1, \u017dilinka nem\u00f4\u017ee st\u00e1\u0165 nad s\u00fadmi"}]},{"@type":"WebSite","@id":"https:\/\/www.smedemokrati.sk\/#website","url":"https:\/\/www.smedemokrati.sk\/","name":"Smedemokrati.sk","description":"Demokracia a slu\u0161nos\u0165 zv\u00ed\u0165az\u00ed","publisher":{"@id":"https:\/\/www.smedemokrati.sk\/#organization"},"potentialAction":[{"@type":"SearchAction","target":{"@type":"EntryPoint","urlTemplate":"https:\/\/www.smedemokrati.sk\/?s={search_term_string}"},"query-input":{"@type":"PropertyValueSpecification","valueRequired":true,"valueName":"search_term_string"}}],"inLanguage":"en-US"},{"@type":"Organization","@id":"https:\/\/www.smedemokrati.sk\/#organization","name":"Smedemokrati.sk","url":"https:\/\/www.smedemokrati.sk\/","logo":{"@type":"ImageObject","inLanguage":"en-US","@id":"https:\/\/www.smedemokrati.sk\/#\/schema\/logo\/image\/","url":"https:\/\/www.smedemokrati.sk\/wp-content\/uploads\/2023\/04\/ff.002.jpeg","contentUrl":"https:\/\/www.smedemokrati.sk\/wp-content\/uploads\/2023\/04\/ff.002.jpeg","width":640,"height":480,"caption":"Smedemokrati.sk"},"image":{"@id":"https:\/\/www.smedemokrati.sk\/#\/schema\/logo\/image\/"},"sameAs":["https:\/\/www.facebook.com\/smedemokrati2023"]},{"@type":"Person","@id":"https:\/\/www.smedemokrati.sk\/#\/schema\/person\/c60720f4b9955b3c1ed222ebd1fbbc7c","name":"Tom\u00e1\u0161 Koppl","image":{"@type":"ImageObject","inLanguage":"en-US","@id":"https:\/\/secure.gravatar.com\/avatar\/8dfa38373c5e39821baf74c8e867a6f12e12c6dab6559aa999d10703b0b1c4ce?s=96&d=mm&r=g","url":"https:\/\/secure.gravatar.com\/avatar\/8dfa38373c5e39821baf74c8e867a6f12e12c6dab6559aa999d10703b0b1c4ce?s=96&d=mm&r=g","contentUrl":"https:\/\/secure.gravatar.com\/avatar\/8dfa38373c5e39821baf74c8e867a6f12e12c6dab6559aa999d10703b0b1c4ce?s=96&d=mm&r=g","caption":"Tom\u00e1\u0161 Koppl"},"url":"https:\/\/www.smedemokrati.sk\/en\/author\/tomaskoppl\/"}]}},"_links":{"self":[{"href":"https:\/\/www.smedemokrati.sk\/en\/wp-json\/wp\/v2\/posts\/1433","targetHints":{"allow":["GET"]}}],"collection":[{"href":"https:\/\/www.smedemokrati.sk\/en\/wp-json\/wp\/v2\/posts"}],"about":[{"href":"https:\/\/www.smedemokrati.sk\/en\/wp-json\/wp\/v2\/types\/post"}],"author":[{"embeddable":true,"href":"https:\/\/www.smedemokrati.sk\/en\/wp-json\/wp\/v2\/users\/7"}],"replies":[{"embeddable":true,"href":"https:\/\/www.smedemokrati.sk\/en\/wp-json\/wp\/v2\/comments?post=1433"}],"version-history":[{"count":2,"href":"https:\/\/www.smedemokrati.sk\/en\/wp-json\/wp\/v2\/posts\/1433\/revisions"}],"predecessor-version":[{"id":1437,"href":"https:\/\/www.smedemokrati.sk\/en\/wp-json\/wp\/v2\/posts\/1433\/revisions\/1437"}],"wp:featuredmedia":[{"embeddable":true,"href":"https:\/\/www.smedemokrati.sk\/en\/wp-json\/wp\/v2\/media\/1435"}],"wp:attachment":[{"href":"https:\/\/www.smedemokrati.sk\/en\/wp-json\/wp\/v2\/media?parent=1433"}],"wp:term":[{"taxonomy":"category","embeddable":true,"href":"https:\/\/www.smedemokrati.sk\/en\/wp-json\/wp\/v2\/categories?post=1433"},{"taxonomy":"post_tag","embeddable":true,"href":"https:\/\/www.smedemokrati.sk\/en\/wp-json\/wp\/v2\/tags?post=1433"}],"curies":[{"name":"wp","href":"https:\/\/api.w.org\/{rel}","templated":true}]}}